{"id":11663,"date":"2025-12-03T21:24:10","date_gmt":"2025-12-04T03:24:10","guid":{"rendered":"https:\/\/esbozodeportivo.com\/?p=11663"},"modified":"2025-12-03T21:24:11","modified_gmt":"2025-12-04T03:24:11","slug":"sorteo-mundialista-sera-en-washington","status":"publish","type":"post","link":"https:\/\/esbozodeportivo.com\/index.php\/2025\/12\/03\/sorteo-mundialista-sera-en-washington\/","title":{"rendered":"Sorteo mundialista ser\u00e1 en Washington"},"content":{"rendered":"\n<p>(Foto: Agencias) <\/p>\n\n\n\n<p>El viernes por la tarde, el Centro Kennedy para las Artes Esc\u00e9nicas, conocido principalmente por su teatro, \u00f3pera y ballet, ser\u00e1 el inesperado centro del mundo deportivo cuando se anuncie all\u00ed la composici\u00f3n de los grupos del Mundial 2026. Para el domingo, en un r\u00e1pido vuelco, el lugar asumir\u00e1 su papel m\u00e1s tradicional como anfitri\u00f3n del programa anual de premios que honra a algunos de los principales artistas en Estados Unidos.<\/p>\n\n\n\n<p>El cambio cultural tiene una cosa en com\u00fan: el papel protag\u00f3nico del presidente Donald Trump.<\/p>\n\n\n\n<p>Trump fue fundamental al trabajar con el presidente de la FIFA, Gianni Infantino, para trasladar el sorteo al Kennedy despu\u00e9s de que se esperaba ampliamente que se realizara en Las Vegas. La FIFA podr\u00eda reconocer a\u00fan m\u00e1s a Trump en el evento con un premio de la paz reci\u00e9n creado. Infantino no ha confirmado que Trump ser\u00e1 el destinatario, pero los dos han forjado una relaci\u00f3n notablemente cercana y Trump ha hecho campa\u00f1a abiertamente por el Premio Nobel de la Paz. El mismo d\u00eda del mes pasado en que la FIFA dijo que emitir\u00eda el nuevo premio, Infantino describi\u00f3 a Trump como un \u201camigo cercano\u201d que tiene \u201cuna energ\u00eda incre\u00edble\u201d.<\/p>\n\n\n\n<p>Si la perspectiva de un premio de paz no es suficiente atenci\u00f3n, Trump asumir\u00e1 un papel desempe\u00f1ado en el pasado por la leyenda de la radiodifusi\u00f3n Walter Cronkite y otras luminarias al presentar la gala de honores, si los planes actuales se mantienen. Cuando Trump anunci\u00f3 a los homenajeados en el Centro Kennedy en agosto, se present\u00f3 a s\u00ed mismo como asumiendo a rega\u00f1adientes las funciones a petici\u00f3n de su jefe de gabinete.<\/p>\n\n\n\n<p>Los eventos de esta semana sirven como recordatorio de que para Trump \u2014un presidente de dos mandatos, autor de bestsellers y ex estrella de la televisi\u00f3n de realidad\u2014 su papel favorito es el de showman. Y la transformaci\u00f3n de Trump del Centro Kennedy de uno de los espacios relativamente apol\u00edticos de Washington en una especie de extensi\u00f3n de su Casa Blanca le brinda un escenario natural.<\/p>\n\n\n\n<p>El cambio en el Centro Kennedy comenz\u00f3 r\u00e1pidamente despu\u00e9s del regreso de Trump a Washington a finales de enero. En un mes, destituy\u00f3 a la direcci\u00f3n de la instituci\u00f3n, llen\u00f3 la junta de fideicomisarios con sus partidarios y anunci\u00f3 que hab\u00eda sido elegido presidente de la junta.<\/p>\n\n\n\n<p>Trump y sus asesores criticaron la programaci\u00f3n del Centro Kennedy como \u201cwoke\u201d y acusaron a la direcci\u00f3n anterior de mala gesti\u00f3n financiera y de descuidar el edificio. Algunas renovaciones han estado en marcha en las \u00faltimas semanas, incluyendo el uso de pintura blanca sobre columnas que anteriormente eran doradas.<\/p>\n\n\n\n<p>Deborah Rutter, quien fue despedida como presidenta del Centro Kennedy, dijo en un comunicado en mayo que las acusaciones de mala gesti\u00f3n financiera eran \u201cfalsas\u201d e insisti\u00f3 en que cuando se fue, \u201cel Centro Kennedy estaba financieramente s\u00f3lido\u201d.<\/p>\n\n\n\n<p>Pero las repercusiones han sido intensas con musicales prominentes como \u201cHamilton\u201d cancelando presentaciones. La actriz Issa Rae y la autora Louise Penny tambi\u00e9n cancelaron su presencia, mientras que consultores como el m\u00fasico Ben Folds y la cantante Ren\u00e9e Fleming renunciaron. Algunos artistas han expresado una sensaci\u00f3n de tristeza por los cambios.<\/p>\n\n\n\n<p>\u201cSiempre fue un placer ser invitado a actuar en el Centro Kennedy\u201d, dijo Jane Alexander, actriz y ex presidenta del National Endowment for the Arts, a The Associated Press.<\/p>\n\n\n\n<p>Por su parte, la nueva direcci\u00f3n ha dicho que se est\u00e1 enfocando en una programaci\u00f3n que atraiga a un p\u00fablico amplio y no pierda dinero. El presidente del Centro Kennedy, Richard Grenell, ha enfatizado una programaci\u00f3n de \u201csentido com\u00fan\u201d.<\/p>\n\n\n\n<p>Pero los dem\u00f3cratas en el Congreso investigan si la nueva gesti\u00f3n est\u00e1 costando dinero al recinto. El senador Sheldon Whitehouse, el principal dem\u00f3crata en el Comit\u00e9 de Medio Ambiente y Obras P\u00fablicas, public\u00f3 documentos el mes pasado que muestran que el centro firm\u00f3 un acuerdo que otorga a la FIFA el uso \u201cexclusivo\u201d de la instalaci\u00f3n del 24 de noviembre al 12 de diciembre sin costo, argumentando que el lugar estaba en riesgo de perder millones en ingresos potenciales debido al acuerdo.<\/p>\n\n\n\n<p>Roma Daravi, vicepresidenta de relaciones p\u00fablicas del Centro Kennedy, dijo a la AP que se estaba pagando 7,4 millones de d\u00f3lares para realizar el sorteo, incluyendo una donaci\u00f3n de 2,4 millones de la FIFA junto con oportunidades de patrocinio y gastos. En respuesta a Whitehouse, Grenell dijo que ha recaudado 117 millones este a\u00f1o.<\/p>\n\n\n\n<p><\/p>\n","protected":false},"excerpt":{"rendered":"<p>(Foto: Agencias) El viernes por la tarde, el Centro Kennedy para las Artes Esc\u00e9nicas, conocido<\/p>\n","protected":false},"author":4,"featured_media":11655,"comment_status":"closed","ping_status":"open","sticky":false,"template":"","format":"standard","meta":{"_jetpack_memberships_contains_paid_content":false,"footnotes":""},"categories":[71],"tags":[],"class_list":["post-11663","post","type-post","status-publish","format-standard","has-post-thumbnail","hentry","category-mundial-2026"],"yoast_head":"<!-- This site is optimized with the Yoast SEO plugin v25.7 - https:\/\/yoast.com\/wordpress\/plugins\/seo\/ -->\n<title>Sorteo mundialista ser\u00e1 en Washington - Esbozo Deportivo<\/title>\n<meta name=\"description\" content=\"El viernes por la tarde, el Centro Kennedy para las Artes Esc\u00e9nicas, conocido principalmente por su teatro, \u00f3pera y ballet, ser\u00e1 el inesperado centro del mundo deportivo cuando se anuncie all\u00ed la composici\u00f3n de los grupos del Mundial 2026. Para el domingo, en un r\u00e1pido vuelco, el lugar asumir\u00e1 su papel m\u00e1s tradicional como anfitri\u00f3n del programa anual de premios que honra a algunos de los principales artistas en Estados Unidos.\" \/>\n<meta name=\"robots\" content=\"index, follow, max-snippet:-1, max-image-preview:large, max-video-preview:-1\" \/>\n<link rel=\"canonical\" href=\"https:\/\/esbozodeportivo.com\/index.php\/2025\/12\/03\/sorteo-mundialista-sera-en-washington\/\" \/>\n<meta property=\"og:locale\" content=\"es_MX\" \/>\n<meta property=\"og:type\" content=\"article\" \/>\n<meta property=\"og:title\" content=\"Sorteo mundialista ser\u00e1 en Washington - Esbozo Deportivo\" \/>\n<meta property=\"og:description\" content=\"El viernes por la tarde, el Centro Kennedy para las Artes Esc\u00e9nicas, conocido principalmente por su teatro, \u00f3pera y ballet, ser\u00e1 el inesperado centro del mundo deportivo cuando se anuncie all\u00ed la composici\u00f3n de los grupos del Mundial 2026. Para el domingo, en un r\u00e1pido vuelco, el lugar asumir\u00e1 su papel m\u00e1s tradicional como anfitri\u00f3n del programa anual de premios que honra a algunos de los principales artistas en Estados Unidos.\" \/>\n<meta property=\"og:url\" content=\"https:\/\/esbozodeportivo.com\/index.php\/2025\/12\/03\/sorteo-mundialista-sera-en-washington\/\" \/>\n<meta property=\"og:site_name\" content=\"Esbozo Deportivo\" \/>\n<meta property=\"article:published_time\" content=\"2025-12-04T03:24:10+00:00\" \/>\n<meta property=\"article:modified_time\" content=\"2025-12-04T03:24:11+00:00\" \/>\n<meta property=\"og:image\" content=\"https:\/\/esbozodeportivo.com\/wp-content\/uploads\/2025\/12\/Banderas.jpg\" \/>\n\t<meta property=\"og:image:width\" content=\"1440\" \/>\n\t<meta property=\"og:image:height\" content=\"960\" \/>\n\t<meta property=\"og:image:type\" content=\"image\/jpeg\" \/>\n<meta name=\"author\" content=\"Redacci\u00f3n\" \/>\n<meta name=\"twitter:card\" content=\"summary_large_image\" \/>\n<meta name=\"twitter:label1\" content=\"Escrito por\" \/>\n\t<meta name=\"twitter:data1\" content=\"Redacci\u00f3n\" \/>\n\t<meta name=\"twitter:label2\" content=\"Tiempo de lectura\" \/>\n\t<meta name=\"twitter:data2\" content=\"4 minutos\" \/>\n<script type=\"application\/ld+json\" class=\"yoast-schema-graph\">{\"@context\":\"https:\/\/schema.org\",\"@graph\":[{\"@type\":\"Article\",\"@id\":\"https:\/\/esbozodeportivo.com\/index.php\/2025\/12\/03\/sorteo-mundialista-sera-en-washington\/#article\",\"isPartOf\":{\"@id\":\"https:\/\/esbozodeportivo.com\/index.php\/2025\/12\/03\/sorteo-mundialista-sera-en-washington\/\"},\"author\":{\"name\":\"Redacci\u00f3n\",\"@id\":\"https:\/\/esbozodeportivo.com\/#\/schema\/person\/0f6df9196dfe6740dd0bb31bae50d374\"},\"headline\":\"Sorteo mundialista ser\u00e1 en Washington\",\"datePublished\":\"2025-12-04T03:24:10+00:00\",\"dateModified\":\"2025-12-04T03:24:11+00:00\",\"mainEntityOfPage\":{\"@id\":\"https:\/\/esbozodeportivo.com\/index.php\/2025\/12\/03\/sorteo-mundialista-sera-en-washington\/\"},\"wordCount\":780,\"publisher\":{\"@id\":\"https:\/\/esbozodeportivo.com\/#organization\"},\"image\":{\"@id\":\"https:\/\/esbozodeportivo.com\/index.php\/2025\/12\/03\/sorteo-mundialista-sera-en-washington\/#primaryimage\"},\"thumbnailUrl\":\"https:\/\/esbozodeportivo.com\/wp-content\/uploads\/2025\/12\/Banderas.jpg\",\"articleSection\":[\"Mundial 2026\"],\"inLanguage\":\"es\"},{\"@type\":\"WebPage\",\"@id\":\"https:\/\/esbozodeportivo.com\/index.php\/2025\/12\/03\/sorteo-mundialista-sera-en-washington\/\",\"url\":\"https:\/\/esbozodeportivo.com\/index.php\/2025\/12\/03\/sorteo-mundialista-sera-en-washington\/\",\"name\":\"Sorteo mundialista ser\u00e1 en Washington - Esbozo Deportivo\",\"isPartOf\":{\"@id\":\"https:\/\/esbozodeportivo.com\/#website\"},\"primaryImageOfPage\":{\"@id\":\"https:\/\/esbozodeportivo.com\/index.php\/2025\/12\/03\/sorteo-mundialista-sera-en-washington\/#primaryimage\"},\"image\":{\"@id\":\"https:\/\/esbozodeportivo.com\/index.php\/2025\/12\/03\/sorteo-mundialista-sera-en-washington\/#primaryimage\"},\"thumbnailUrl\":\"https:\/\/esbozodeportivo.com\/wp-content\/uploads\/2025\/12\/Banderas.jpg\",\"datePublished\":\"2025-12-04T03:24:10+00:00\",\"dateModified\":\"2025-12-04T03:24:11+00:00\",\"description\":\"El viernes por la tarde, el Centro Kennedy para las Artes Esc\u00e9nicas, conocido principalmente por su teatro, \u00f3pera y ballet, ser\u00e1 el inesperado centro del mundo deportivo cuando se anuncie all\u00ed la composici\u00f3n de los grupos del Mundial 2026. Para el domingo, en un r\u00e1pido vuelco, el lugar asumir\u00e1 su papel m\u00e1s tradicional como anfitri\u00f3n del programa anual de premios que honra a algunos de los principales artistas en Estados Unidos.\",\"breadcrumb\":{\"@id\":\"https:\/\/esbozodeportivo.com\/index.php\/2025\/12\/03\/sorteo-mundialista-sera-en-washington\/#breadcrumb\"},\"inLanguage\":\"es\",\"potentialAction\":[{\"@type\":\"ReadAction\",\"target\":[\"https:\/\/esbozodeportivo.com\/index.php\/2025\/12\/03\/sorteo-mundialista-sera-en-washington\/\"]}]},{\"@type\":\"ImageObject\",\"inLanguage\":\"es\",\"@id\":\"https:\/\/esbozodeportivo.com\/index.php\/2025\/12\/03\/sorteo-mundialista-sera-en-washington\/#primaryimage\",\"url\":\"https:\/\/esbozodeportivo.com\/wp-content\/uploads\/2025\/12\/Banderas.jpg\",\"contentUrl\":\"https:\/\/esbozodeportivo.com\/wp-content\/uploads\/2025\/12\/Banderas.jpg\",\"width\":1440,\"height\":960},{\"@type\":\"BreadcrumbList\",\"@id\":\"https:\/\/esbozodeportivo.com\/index.php\/2025\/12\/03\/sorteo-mundialista-sera-en-washington\/#breadcrumb\",\"itemListElement\":[{\"@type\":\"ListItem\",\"position\":1,\"name\":\"Inicio\",\"item\":\"https:\/\/esbozodeportivo.com\/\"},{\"@type\":\"ListItem\",\"position\":2,\"name\":\"Sorteo mundialista ser\u00e1 en Washington\"}]},{\"@type\":\"WebSite\",\"@id\":\"https:\/\/esbozodeportivo.com\/#website\",\"url\":\"https:\/\/esbozodeportivo.com\/\",\"name\":\"Esbozo Deportivo\",\"description\":\"Lo m\u00e1s importante del Deporte\",\"publisher\":{\"@id\":\"https:\/\/esbozodeportivo.com\/#organization\"},\"potentialAction\":[{\"@type\":\"SearchAction\",\"target\":{\"@type\":\"EntryPoint\",\"urlTemplate\":\"https:\/\/esbozodeportivo.com\/?s={search_term_string}\"},\"query-input\":{\"@type\":\"PropertyValueSpecification\",\"valueRequired\":true,\"valueName\":\"search_term_string\"}}],\"inLanguage\":\"es\"},{\"@type\":\"Organization\",\"@id\":\"https:\/\/esbozodeportivo.com\/#organization\",\"name\":\"Esbozo Deportivo\",\"url\":\"https:\/\/esbozodeportivo.com\/\",\"logo\":{\"@type\":\"ImageObject\",\"inLanguage\":\"es\",\"@id\":\"https:\/\/esbozodeportivo.com\/#\/schema\/logo\/image\/\",\"url\":\"https:\/\/esbozodeportivo.com\/wp-content\/uploads\/2022\/08\/cropped-Logo-Esbozo-Web-2.png\",\"contentUrl\":\"https:\/\/esbozodeportivo.com\/wp-content\/uploads\/2022\/08\/cropped-Logo-Esbozo-Web-2.png\",\"width\":180,\"height\":50,\"caption\":\"Esbozo Deportivo\"},\"image\":{\"@id\":\"https:\/\/esbozodeportivo.com\/#\/schema\/logo\/image\/\"}},{\"@type\":\"Person\",\"@id\":\"https:\/\/esbozodeportivo.com\/#\/schema\/person\/0f6df9196dfe6740dd0bb31bae50d374\",\"name\":\"Redacci\u00f3n\",\"image\":{\"@type\":\"ImageObject\",\"inLanguage\":\"es\",\"@id\":\"https:\/\/esbozodeportivo.com\/#\/schema\/person\/image\/\",\"url\":\"https:\/\/secure.gravatar.com\/avatar\/f55268a89c3b418f2ef172ff52ab0d09b3e653c58de29539fe329fb93d78ebf3?s=96&d=mm&r=g\",\"contentUrl\":\"https:\/\/secure.gravatar.com\/avatar\/f55268a89c3b418f2ef172ff52ab0d09b3e653c58de29539fe329fb93d78ebf3?s=96&d=mm&r=g\",\"caption\":\"Redacci\u00f3n\"},\"url\":\"https:\/\/esbozodeportivo.com\/index.php\/author\/redaccion\/\"}]}<\/script>\n<!-- \/ Yoast SEO plugin. -->","yoast_head_json":{"title":"Sorteo mundialista ser\u00e1 en Washington - Esbozo Deportivo","description":"El viernes por la tarde, el Centro Kennedy para las Artes Esc\u00e9nicas, conocido principalmente por su teatro, \u00f3pera y ballet, ser\u00e1 el inesperado centro del mundo deportivo cuando se anuncie all\u00ed la composici\u00f3n de los grupos del Mundial 2026. Para el domingo, en un r\u00e1pido vuelco, el lugar asumir\u00e1 su papel m\u00e1s tradicional como anfitri\u00f3n del programa anual de premios que honra a algunos de los principales artistas en Estados Unidos.","robots":{"index":"index","follow":"follow","max-snippet":"max-snippet:-1","max-image-preview":"max-image-preview:large","max-video-preview":"max-video-preview:-1"},"canonical":"https:\/\/esbozodeportivo.com\/index.php\/2025\/12\/03\/sorteo-mundialista-sera-en-washington\/","og_locale":"es_MX","og_type":"article","og_title":"Sorteo mundialista ser\u00e1 en Washington - Esbozo Deportivo","og_description":"El viernes por la tarde, el Centro Kennedy para las Artes Esc\u00e9nicas, conocido principalmente por su teatro, \u00f3pera y ballet, ser\u00e1 el inesperado centro del mundo deportivo cuando se anuncie all\u00ed la composici\u00f3n de los grupos del Mundial 2026. Para el domingo, en un r\u00e1pido vuelco, el lugar asumir\u00e1 su papel m\u00e1s tradicional como anfitri\u00f3n del programa anual de premios que honra a algunos de los principales artistas en Estados Unidos.","og_url":"https:\/\/esbozodeportivo.com\/index.php\/2025\/12\/03\/sorteo-mundialista-sera-en-washington\/","og_site_name":"Esbozo Deportivo","article_published_time":"2025-12-04T03:24:10+00:00","article_modified_time":"2025-12-04T03:24:11+00:00","og_image":[{"width":1440,"height":960,"url":"https:\/\/esbozodeportivo.com\/wp-content\/uploads\/2025\/12\/Banderas.jpg","type":"image\/jpeg"}],"author":"Redacci\u00f3n","twitter_card":"summary_large_image","twitter_misc":{"Escrito por":"Redacci\u00f3n","Tiempo de lectura":"4 minutos"},"schema":{"@context":"https:\/\/schema.org","@graph":[{"@type":"Article","@id":"https:\/\/esbozodeportivo.com\/index.php\/2025\/12\/03\/sorteo-mundialista-sera-en-washington\/#article","isPartOf":{"@id":"https:\/\/esbozodeportivo.com\/index.php\/2025\/12\/03\/sorteo-mundialista-sera-en-washington\/"},"author":{"name":"Redacci\u00f3n","@id":"https:\/\/esbozodeportivo.com\/#\/schema\/person\/0f6df9196dfe6740dd0bb31bae50d374"},"headline":"Sorteo mundialista ser\u00e1 en Washington","datePublished":"2025-12-04T03:24:10+00:00","dateModified":"2025-12-04T03:24:11+00:00","mainEntityOfPage":{"@id":"https:\/\/esbozodeportivo.com\/index.php\/2025\/12\/03\/sorteo-mundialista-sera-en-washington\/"},"wordCount":780,"publisher":{"@id":"https:\/\/esbozodeportivo.com\/#organization"},"image":{"@id":"https:\/\/esbozodeportivo.com\/index.php\/2025\/12\/03\/sorteo-mundialista-sera-en-washington\/#primaryimage"},"thumbnailUrl":"https:\/\/esbozodeportivo.com\/wp-content\/uploads\/2025\/12\/Banderas.jpg","articleSection":["Mundial 2026"],"inLanguage":"es"},{"@type":"WebPage","@id":"https:\/\/esbozodeportivo.com\/index.php\/2025\/12\/03\/sorteo-mundialista-sera-en-washington\/","url":"https:\/\/esbozodeportivo.com\/index.php\/2025\/12\/03\/sorteo-mundialista-sera-en-washington\/","name":"Sorteo mundialista ser\u00e1 en Washington - Esbozo Deportivo","isPartOf":{"@id":"https:\/\/esbozodeportivo.com\/#website"},"primaryImageOfPage":{"@id":"https:\/\/esbozodeportivo.com\/index.php\/2025\/12\/03\/sorteo-mundialista-sera-en-washington\/#primaryimage"},"image":{"@id":"https:\/\/esbozodeportivo.com\/index.php\/2025\/12\/03\/sorteo-mundialista-sera-en-washington\/#primaryimage"},"thumbnailUrl":"https:\/\/esbozodeportivo.com\/wp-content\/uploads\/2025\/12\/Banderas.jpg","datePublished":"2025-12-04T03:24:10+00:00","dateModified":"2025-12-04T03:24:11+00:00","description":"El viernes por la tarde, el Centro Kennedy para las Artes Esc\u00e9nicas, conocido principalmente por su teatro, \u00f3pera y ballet, ser\u00e1 el inesperado centro del mundo deportivo cuando se anuncie all\u00ed la composici\u00f3n de los grupos del Mundial 2026. Para el domingo, en un r\u00e1pido vuelco, el lugar asumir\u00e1 su papel m\u00e1s tradicional como anfitri\u00f3n del programa anual de premios que honra a algunos de los principales artistas en Estados Unidos.","breadcrumb":{"@id":"https:\/\/esbozodeportivo.com\/index.php\/2025\/12\/03\/sorteo-mundialista-sera-en-washington\/#breadcrumb"},"inLanguage":"es","potentialAction":[{"@type":"ReadAction","target":["https:\/\/esbozodeportivo.com\/index.php\/2025\/12\/03\/sorteo-mundialista-sera-en-washington\/"]}]},{"@type":"ImageObject","inLanguage":"es","@id":"https:\/\/esbozodeportivo.com\/index.php\/2025\/12\/03\/sorteo-mundialista-sera-en-washington\/#primaryimage","url":"https:\/\/esbozodeportivo.com\/wp-content\/uploads\/2025\/12\/Banderas.jpg","contentUrl":"https:\/\/esbozodeportivo.com\/wp-content\/uploads\/2025\/12\/Banderas.jpg","width":1440,"height":960},{"@type":"BreadcrumbList","@id":"https:\/\/esbozodeportivo.com\/index.php\/2025\/12\/03\/sorteo-mundialista-sera-en-washington\/#breadcrumb","itemListElement":[{"@type":"ListItem","position":1,"name":"Inicio","item":"https:\/\/esbozodeportivo.com\/"},{"@type":"ListItem","position":2,"name":"Sorteo mundialista ser\u00e1 en Washington"}]},{"@type":"WebSite","@id":"https:\/\/esbozodeportivo.com\/#website","url":"https:\/\/esbozodeportivo.com\/","name":"Esbozo Deportivo","description":"Lo m\u00e1s importante del Deporte","publisher":{"@id":"https:\/\/esbozodeportivo.com\/#organization"},"potentialAction":[{"@type":"SearchAction","target":{"@type":"EntryPoint","urlTemplate":"https:\/\/esbozodeportivo.com\/?s={search_term_string}"},"query-input":{"@type":"PropertyValueSpecification","valueRequired":true,"valueName":"search_term_string"}}],"inLanguage":"es"},{"@type":"Organization","@id":"https:\/\/esbozodeportivo.com\/#organization","name":"Esbozo Deportivo","url":"https:\/\/esbozodeportivo.com\/","logo":{"@type":"ImageObject","inLanguage":"es","@id":"https:\/\/esbozodeportivo.com\/#\/schema\/logo\/image\/","url":"https:\/\/esbozodeportivo.com\/wp-content\/uploads\/2022\/08\/cropped-Logo-Esbozo-Web-2.png","contentUrl":"https:\/\/esbozodeportivo.com\/wp-content\/uploads\/2022\/08\/cropped-Logo-Esbozo-Web-2.png","width":180,"height":50,"caption":"Esbozo Deportivo"},"image":{"@id":"https:\/\/esbozodeportivo.com\/#\/schema\/logo\/image\/"}},{"@type":"Person","@id":"https:\/\/esbozodeportivo.com\/#\/schema\/person\/0f6df9196dfe6740dd0bb31bae50d374","name":"Redacci\u00f3n","image":{"@type":"ImageObject","inLanguage":"es","@id":"https:\/\/esbozodeportivo.com\/#\/schema\/person\/image\/","url":"https:\/\/secure.gravatar.com\/avatar\/f55268a89c3b418f2ef172ff52ab0d09b3e653c58de29539fe329fb93d78ebf3?s=96&d=mm&r=g","contentUrl":"https:\/\/secure.gravatar.com\/avatar\/f55268a89c3b418f2ef172ff52ab0d09b3e653c58de29539fe329fb93d78ebf3?s=96&d=mm&r=g","caption":"Redacci\u00f3n"},"url":"https:\/\/esbozodeportivo.com\/index.php\/author\/redaccion\/"}]}},"jetpack_featured_media_url":"https:\/\/esbozodeportivo.com\/wp-content\/uploads\/2025\/12\/Banderas.jpg","jetpack_sharing_enabled":true,"_links":{"self":[{"href":"https:\/\/esbozodeportivo.com\/index.php\/wp-json\/wp\/v2\/posts\/11663","targetHints":{"allow":["GET"]}}],"collection":[{"href":"https:\/\/esbozodeportivo.com\/index.php\/wp-json\/wp\/v2\/posts"}],"about":[{"href":"https:\/\/esbozodeportivo.com\/index.php\/wp-json\/wp\/v2\/types\/post"}],"author":[{"embeddable":true,"href":"https:\/\/esbozodeportivo.com\/index.php\/wp-json\/wp\/v2\/users\/4"}],"replies":[{"embeddable":true,"href":"https:\/\/esbozodeportivo.com\/index.php\/wp-json\/wp\/v2\/comments?post=11663"}],"version-history":[{"count":1,"href":"https:\/\/esbozodeportivo.com\/index.php\/wp-json\/wp\/v2\/posts\/11663\/revisions"}],"predecessor-version":[{"id":11664,"href":"https:\/\/esbozodeportivo.com\/index.php\/wp-json\/wp\/v2\/posts\/11663\/revisions\/11664"}],"wp:featuredmedia":[{"embeddable":true,"href":"https:\/\/esbozodeportivo.com\/index.php\/wp-json\/wp\/v2\/media\/11655"}],"wp:attachment":[{"href":"https:\/\/esbozodeportivo.com\/index.php\/wp-json\/wp\/v2\/media?parent=11663"}],"wp:term":[{"taxonomy":"category","embeddable":true,"href":"https:\/\/esbozodeportivo.com\/index.php\/wp-json\/wp\/v2\/categories?post=11663"},{"taxonomy":"post_tag","embeddable":true,"href":"https:\/\/esbozodeportivo.com\/index.php\/wp-json\/wp\/v2\/tags?post=11663"}],"curies":[{"name":"wp","href":"https:\/\/api.w.org\/{rel}","templated":true}]}}