{"id":11672,"date":"2025-12-04T22:30:35","date_gmt":"2025-12-05T04:30:35","guid":{"rendered":"https:\/\/esbozodeportivo.com\/?p=11672"},"modified":"2025-12-04T22:30:36","modified_gmt":"2025-12-05T04:30:36","slug":"rayados-aventaja-a-los-diablos-rojos","status":"publish","type":"post","link":"https:\/\/esbozodeportivo.com\/index.php\/2025\/12\/04\/rayados-aventaja-a-los-diablos-rojos\/","title":{"rendered":"Rayados aventaja a los Diablos Rojos"},"content":{"rendered":"\n<p>(Foto: Agencias) <\/p>\n\n\n\n<p>Germ\u00e1n Berterame mand\u00f3 a las redes un acrob\u00e1tico remate de cabeza, con el que Monterrey se impuso al Toluca.<\/p>\n\n\n\n<p>El argentino naturalizado mexicano salt\u00f3 hacia atr\u00e1s para conectar con la testa un centro al \u00e1rea de Jes\u00fas \u201cTecatito\u201d Corona y festejar la \u00fanica diana del encuentro a los 39 minutos.<\/p>\n\n\n\n<p>El arquero Luis C\u00e1rdenas evit\u00f3 la ca\u00edda del arco de los Rayados en la recta final, cuando el portugu\u00e9s Paulinho \u2014triple campe\u00f3n de goleo del futbol mexicano\u2014 envi\u00f3 un zurdazo que apenas desvi\u00f3 para que se estrellara en el palo.<\/p>\n\n\n\n<p>Momentos despu\u00e9s, Marcel Ruiz tambi\u00e9n mand\u00f3 un remate al poste, cuyo rebote le volvi\u00f3 a caer, pero su disparo fue tapado por C\u00e1rdenas cuando iba a gol. En el aire, mand\u00f3 el bal\u00f3n afuera del campo Ricardo Ch\u00e1vez sobre la l\u00ednea de gol.<\/p>\n\n\n\n<p>El campe\u00f3n y l\u00edder Toluca est\u00e1 obligado a ganar por cualquier marcador el s\u00e1bado en su casa en el duelo de vuelta para refrendar el boleto a la final. Para Monterrey un empate en el estadio Nemesio Diez le vale para disputar la serie por el t\u00edtulo desde el Apertura 2024.<\/p>\n\n\n\n<figure class=\"wp-block-image size-full is-resized\"><img loading=\"lazy\" decoding=\"async\" width=\"660\" height=\"496\" src=\"https:\/\/esbozodeportivo.com\/wp-content\/uploads\/2025\/12\/Rayados1.jpg\" alt=\"\" class=\"wp-image-11677\" style=\"width:700px;height:auto\" srcset=\"https:\/\/esbozodeportivo.com\/wp-content\/uploads\/2025\/12\/Rayados1.jpg 660w, https:\/\/esbozodeportivo.com\/wp-content\/uploads\/2025\/12\/Rayados1-300x225.jpg 300w\" sizes=\"auto, (max-width: 660px) 100vw, 660px\" \/><\/figure>\n\n\n\n<p>(Foto: Agencias) <\/p>\n\n\n\n<p><\/p>\n","protected":false},"excerpt":{"rendered":"<p>(Foto: Agencias) Germ\u00e1n Berterame mand\u00f3 a las redes un acrob\u00e1tico remate de cabeza, con el<\/p>\n","protected":false},"author":4,"featured_media":11676,"comment_status":"closed","ping_status":"open","sticky":false,"template":"","format":"standard","meta":{"_jetpack_memberships_contains_paid_content":false,"footnotes":""},"categories":[20],"tags":[],"class_list":["post-11672","post","type-post","status-publish","format-standard","has-post-thumbnail","hentry","category-liga"],"yoast_head":"<!-- This site is optimized with the Yoast SEO plugin v25.7 - https:\/\/yoast.com\/wordpress\/plugins\/seo\/ -->\n<title>Rayados aventaja a los Diablos Rojos - Esbozo Deportivo<\/title>\n<meta name=\"description\" content=\"El argentino naturalizado mexicano salt\u00f3 hacia atr\u00e1s para conectar con la testa un centro al \u00e1rea de Jes\u00fas \u201cTecatito\u201d Corona y festejar la \u00fanica diana del encuentro a los 39 minutos.\" \/>\n<meta name=\"robots\" content=\"index, follow, max-snippet:-1, max-image-preview:large, max-video-preview:-1\" \/>\n<link rel=\"canonical\" href=\"https:\/\/esbozodeportivo.com\/index.php\/2025\/12\/04\/rayados-aventaja-a-los-diablos-rojos\/\" \/>\n<meta property=\"og:locale\" content=\"es_MX\" \/>\n<meta property=\"og:type\" content=\"article\" \/>\n<meta property=\"og:title\" content=\"Rayados aventaja a los Diablos Rojos - Esbozo Deportivo\" \/>\n<meta property=\"og:description\" content=\"El argentino naturalizado mexicano salt\u00f3 hacia atr\u00e1s para conectar con la testa un centro al \u00e1rea de Jes\u00fas \u201cTecatito\u201d Corona y festejar la \u00fanica diana del encuentro a los 39 minutos.\" \/>\n<meta property=\"og:url\" content=\"https:\/\/esbozodeportivo.com\/index.php\/2025\/12\/04\/rayados-aventaja-a-los-diablos-rojos\/\" \/>\n<meta property=\"og:site_name\" content=\"Esbozo Deportivo\" \/>\n<meta property=\"article:published_time\" content=\"2025-12-05T04:30:35+00:00\" \/>\n<meta property=\"article:modified_time\" content=\"2025-12-05T04:30:36+00:00\" \/>\n<meta property=\"og:image\" content=\"https:\/\/esbozodeportivo.com\/wp-content\/uploads\/2025\/12\/Rayados.jpg\" \/>\n\t<meta property=\"og:image:width\" content=\"770\" \/>\n\t<meta property=\"og:image:height\" content=\"530\" \/>\n\t<meta property=\"og:image:type\" content=\"image\/jpeg\" \/>\n<meta name=\"author\" content=\"Redacci\u00f3n\" \/>\n<meta name=\"twitter:card\" content=\"summary_large_image\" \/>\n<meta name=\"twitter:label1\" content=\"Escrito por\" \/>\n\t<meta name=\"twitter:data1\" content=\"Redacci\u00f3n\" \/>\n\t<meta name=\"twitter:label2\" content=\"Tiempo de lectura\" \/>\n\t<meta name=\"twitter:data2\" content=\"2 minutos\" \/>\n<script type=\"application\/ld+json\" class=\"yoast-schema-graph\">{\"@context\":\"https:\/\/schema.org\",\"@graph\":[{\"@type\":\"Article\",\"@id\":\"https:\/\/esbozodeportivo.com\/index.php\/2025\/12\/04\/rayados-aventaja-a-los-diablos-rojos\/#article\",\"isPartOf\":{\"@id\":\"https:\/\/esbozodeportivo.com\/index.php\/2025\/12\/04\/rayados-aventaja-a-los-diablos-rojos\/\"},\"author\":{\"name\":\"Redacci\u00f3n\",\"@id\":\"https:\/\/esbozodeportivo.com\/#\/schema\/person\/0f6df9196dfe6740dd0bb31bae50d374\"},\"headline\":\"Rayados aventaja a los Diablos Rojos\",\"datePublished\":\"2025-12-05T04:30:35+00:00\",\"dateModified\":\"2025-12-05T04:30:36+00:00\",\"mainEntityOfPage\":{\"@id\":\"https:\/\/esbozodeportivo.com\/index.php\/2025\/12\/04\/rayados-aventaja-a-los-diablos-rojos\/\"},\"wordCount\":210,\"publisher\":{\"@id\":\"https:\/\/esbozodeportivo.com\/#organization\"},\"image\":{\"@id\":\"https:\/\/esbozodeportivo.com\/index.php\/2025\/12\/04\/rayados-aventaja-a-los-diablos-rojos\/#primaryimage\"},\"thumbnailUrl\":\"https:\/\/esbozodeportivo.com\/wp-content\/uploads\/2025\/12\/Rayados.jpg\",\"articleSection\":[\"Liga MX\"],\"inLanguage\":\"es\"},{\"@type\":\"WebPage\",\"@id\":\"https:\/\/esbozodeportivo.com\/index.php\/2025\/12\/04\/rayados-aventaja-a-los-diablos-rojos\/\",\"url\":\"https:\/\/esbozodeportivo.com\/index.php\/2025\/12\/04\/rayados-aventaja-a-los-diablos-rojos\/\",\"name\":\"Rayados aventaja a los Diablos Rojos - Esbozo Deportivo\",\"isPartOf\":{\"@id\":\"https:\/\/esbozodeportivo.com\/#website\"},\"primaryImageOfPage\":{\"@id\":\"https:\/\/esbozodeportivo.com\/index.php\/2025\/12\/04\/rayados-aventaja-a-los-diablos-rojos\/#primaryimage\"},\"image\":{\"@id\":\"https:\/\/esbozodeportivo.com\/index.php\/2025\/12\/04\/rayados-aventaja-a-los-diablos-rojos\/#primaryimage\"},\"thumbnailUrl\":\"https:\/\/esbozodeportivo.com\/wp-content\/uploads\/2025\/12\/Rayados.jpg\",\"datePublished\":\"2025-12-05T04:30:35+00:00\",\"dateModified\":\"2025-12-05T04:30:36+00:00\",\"description\":\"El argentino naturalizado mexicano salt\u00f3 hacia atr\u00e1s para conectar con la testa un centro al \u00e1rea de Jes\u00fas \u201cTecatito\u201d Corona y festejar la \u00fanica diana del encuentro a los 39 minutos.\",\"breadcrumb\":{\"@id\":\"https:\/\/esbozodeportivo.com\/index.php\/2025\/12\/04\/rayados-aventaja-a-los-diablos-rojos\/#breadcrumb\"},\"inLanguage\":\"es\",\"potentialAction\":[{\"@type\":\"ReadAction\",\"target\":[\"https:\/\/esbozodeportivo.com\/index.php\/2025\/12\/04\/rayados-aventaja-a-los-diablos-rojos\/\"]}]},{\"@type\":\"ImageObject\",\"inLanguage\":\"es\",\"@id\":\"https:\/\/esbozodeportivo.com\/index.php\/2025\/12\/04\/rayados-aventaja-a-los-diablos-rojos\/#primaryimage\",\"url\":\"https:\/\/esbozodeportivo.com\/wp-content\/uploads\/2025\/12\/Rayados.jpg\",\"contentUrl\":\"https:\/\/esbozodeportivo.com\/wp-content\/uploads\/2025\/12\/Rayados.jpg\",\"width\":770,\"height\":530},{\"@type\":\"BreadcrumbList\",\"@id\":\"https:\/\/esbozodeportivo.com\/index.php\/2025\/12\/04\/rayados-aventaja-a-los-diablos-rojos\/#breadcrumb\",\"itemListElement\":[{\"@type\":\"ListItem\",\"position\":1,\"name\":\"Inicio\",\"item\":\"https:\/\/esbozodeportivo.com\/\"},{\"@type\":\"ListItem\",\"position\":2,\"name\":\"Rayados aventaja a los Diablos Rojos\"}]},{\"@type\":\"WebSite\",\"@id\":\"https:\/\/esbozodeportivo.com\/#website\",\"url\":\"https:\/\/esbozodeportivo.com\/\",\"name\":\"Esbozo Deportivo\",\"description\":\"Lo m\u00e1s importante del Deporte\",\"publisher\":{\"@id\":\"https:\/\/esbozodeportivo.com\/#organization\"},\"potentialAction\":[{\"@type\":\"SearchAction\",\"target\":{\"@type\":\"EntryPoint\",\"urlTemplate\":\"https:\/\/esbozodeportivo.com\/?s={search_term_string}\"},\"query-input\":{\"@type\":\"PropertyValueSpecification\",\"valueRequired\":true,\"valueName\":\"search_term_string\"}}],\"inLanguage\":\"es\"},{\"@type\":\"Organization\",\"@id\":\"https:\/\/esbozodeportivo.com\/#organization\",\"name\":\"Esbozo Deportivo\",\"url\":\"https:\/\/esbozodeportivo.com\/\",\"logo\":{\"@type\":\"ImageObject\",\"inLanguage\":\"es\",\"@id\":\"https:\/\/esbozodeportivo.com\/#\/schema\/logo\/image\/\",\"url\":\"https:\/\/esbozodeportivo.com\/wp-content\/uploads\/2022\/08\/cropped-Logo-Esbozo-Web-2.png\",\"contentUrl\":\"https:\/\/esbozodeportivo.com\/wp-content\/uploads\/2022\/08\/cropped-Logo-Esbozo-Web-2.png\",\"width\":180,\"height\":50,\"caption\":\"Esbozo Deportivo\"},\"image\":{\"@id\":\"https:\/\/esbozodeportivo.com\/#\/schema\/logo\/image\/\"}},{\"@type\":\"Person\",\"@id\":\"https:\/\/esbozodeportivo.com\/#\/schema\/person\/0f6df9196dfe6740dd0bb31bae50d374\",\"name\":\"Redacci\u00f3n\",\"image\":{\"@type\":\"ImageObject\",\"inLanguage\":\"es\",\"@id\":\"https:\/\/esbozodeportivo.com\/#\/schema\/person\/image\/\",\"url\":\"https:\/\/secure.gravatar.com\/avatar\/f55268a89c3b418f2ef172ff52ab0d09b3e653c58de29539fe329fb93d78ebf3?s=96&d=mm&r=g\",\"contentUrl\":\"https:\/\/secure.gravatar.com\/avatar\/f55268a89c3b418f2ef172ff52ab0d09b3e653c58de29539fe329fb93d78ebf3?s=96&d=mm&r=g\",\"caption\":\"Redacci\u00f3n\"},\"url\":\"https:\/\/esbozodeportivo.com\/index.php\/author\/redaccion\/\"}]}<\/script>\n<!-- \/ Yoast SEO plugin. -->","yoast_head_json":{"title":"Rayados aventaja a los Diablos Rojos - Esbozo Deportivo","description":"El argentino naturalizado mexicano salt\u00f3 hacia atr\u00e1s para conectar con la testa un centro al \u00e1rea de Jes\u00fas \u201cTecatito\u201d Corona y festejar la \u00fanica diana del encuentro a los 39 minutos.","robots":{"index":"index","follow":"follow","max-snippet":"max-snippet:-1","max-image-preview":"max-image-preview:large","max-video-preview":"max-video-preview:-1"},"canonical":"https:\/\/esbozodeportivo.com\/index.php\/2025\/12\/04\/rayados-aventaja-a-los-diablos-rojos\/","og_locale":"es_MX","og_type":"article","og_title":"Rayados aventaja a los Diablos Rojos - Esbozo Deportivo","og_description":"El argentino naturalizado mexicano salt\u00f3 hacia atr\u00e1s para conectar con la testa un centro al \u00e1rea de Jes\u00fas \u201cTecatito\u201d Corona y festejar la \u00fanica diana del encuentro a los 39 minutos.","og_url":"https:\/\/esbozodeportivo.com\/index.php\/2025\/12\/04\/rayados-aventaja-a-los-diablos-rojos\/","og_site_name":"Esbozo Deportivo","article_published_time":"2025-12-05T04:30:35+00:00","article_modified_time":"2025-12-05T04:30:36+00:00","og_image":[{"width":770,"height":530,"url":"https:\/\/esbozodeportivo.com\/wp-content\/uploads\/2025\/12\/Rayados.jpg","type":"image\/jpeg"}],"author":"Redacci\u00f3n","twitter_card":"summary_large_image","twitter_misc":{"Escrito por":"Redacci\u00f3n","Tiempo de lectura":"2 minutos"},"schema":{"@context":"https:\/\/schema.org","@graph":[{"@type":"Article","@id":"https:\/\/esbozodeportivo.com\/index.php\/2025\/12\/04\/rayados-aventaja-a-los-diablos-rojos\/#article","isPartOf":{"@id":"https:\/\/esbozodeportivo.com\/index.php\/2025\/12\/04\/rayados-aventaja-a-los-diablos-rojos\/"},"author":{"name":"Redacci\u00f3n","@id":"https:\/\/esbozodeportivo.com\/#\/schema\/person\/0f6df9196dfe6740dd0bb31bae50d374"},"headline":"Rayados aventaja a los Diablos Rojos","datePublished":"2025-12-05T04:30:35+00:00","dateModified":"2025-12-05T04:30:36+00:00","mainEntityOfPage":{"@id":"https:\/\/esbozodeportivo.com\/index.php\/2025\/12\/04\/rayados-aventaja-a-los-diablos-rojos\/"},"wordCount":210,"publisher":{"@id":"https:\/\/esbozodeportivo.com\/#organization"},"image":{"@id":"https:\/\/esbozodeportivo.com\/index.php\/2025\/12\/04\/rayados-aventaja-a-los-diablos-rojos\/#primaryimage"},"thumbnailUrl":"https:\/\/esbozodeportivo.com\/wp-content\/uploads\/2025\/12\/Rayados.jpg","articleSection":["Liga MX"],"inLanguage":"es"},{"@type":"WebPage","@id":"https:\/\/esbozodeportivo.com\/index.php\/2025\/12\/04\/rayados-aventaja-a-los-diablos-rojos\/","url":"https:\/\/esbozodeportivo.com\/index.php\/2025\/12\/04\/rayados-aventaja-a-los-diablos-rojos\/","name":"Rayados aventaja a los Diablos Rojos - Esbozo Deportivo","isPartOf":{"@id":"https:\/\/esbozodeportivo.com\/#website"},"primaryImageOfPage":{"@id":"https:\/\/esbozodeportivo.com\/index.php\/2025\/12\/04\/rayados-aventaja-a-los-diablos-rojos\/#primaryimage"},"image":{"@id":"https:\/\/esbozodeportivo.com\/index.php\/2025\/12\/04\/rayados-aventaja-a-los-diablos-rojos\/#primaryimage"},"thumbnailUrl":"https:\/\/esbozodeportivo.com\/wp-content\/uploads\/2025\/12\/Rayados.jpg","datePublished":"2025-12-05T04:30:35+00:00","dateModified":"2025-12-05T04:30:36+00:00","description":"El argentino naturalizado mexicano salt\u00f3 hacia atr\u00e1s para conectar con la testa un centro al \u00e1rea de Jes\u00fas \u201cTecatito\u201d Corona y festejar la \u00fanica diana del encuentro a los 39 minutos.","breadcrumb":{"@id":"https:\/\/esbozodeportivo.com\/index.php\/2025\/12\/04\/rayados-aventaja-a-los-diablos-rojos\/#breadcrumb"},"inLanguage":"es","potentialAction":[{"@type":"ReadAction","target":["https:\/\/esbozodeportivo.com\/index.php\/2025\/12\/04\/rayados-aventaja-a-los-diablos-rojos\/"]}]},{"@type":"ImageObject","inLanguage":"es","@id":"https:\/\/esbozodeportivo.com\/index.php\/2025\/12\/04\/rayados-aventaja-a-los-diablos-rojos\/#primaryimage","url":"https:\/\/esbozodeportivo.com\/wp-content\/uploads\/2025\/12\/Rayados.jpg","contentUrl":"https:\/\/esbozodeportivo.com\/wp-content\/uploads\/2025\/12\/Rayados.jpg","width":770,"height":530},{"@type":"BreadcrumbList","@id":"https:\/\/esbozodeportivo.com\/index.php\/2025\/12\/04\/rayados-aventaja-a-los-diablos-rojos\/#breadcrumb","itemListElement":[{"@type":"ListItem","position":1,"name":"Inicio","item":"https:\/\/esbozodeportivo.com\/"},{"@type":"ListItem","position":2,"name":"Rayados aventaja a los Diablos Rojos"}]},{"@type":"WebSite","@id":"https:\/\/esbozodeportivo.com\/#website","url":"https:\/\/esbozodeportivo.com\/","name":"Esbozo Deportivo","description":"Lo m\u00e1s importante del Deporte","publisher":{"@id":"https:\/\/esbozodeportivo.com\/#organization"},"potentialAction":[{"@type":"SearchAction","target":{"@type":"EntryPoint","urlTemplate":"https:\/\/esbozodeportivo.com\/?s={search_term_string}"},"query-input":{"@type":"PropertyValueSpecification","valueRequired":true,"valueName":"search_term_string"}}],"inLanguage":"es"},{"@type":"Organization","@id":"https:\/\/esbozodeportivo.com\/#organization","name":"Esbozo Deportivo","url":"https:\/\/esbozodeportivo.com\/","logo":{"@type":"ImageObject","inLanguage":"es","@id":"https:\/\/esbozodeportivo.com\/#\/schema\/logo\/image\/","url":"https:\/\/esbozodeportivo.com\/wp-content\/uploads\/2022\/08\/cropped-Logo-Esbozo-Web-2.png","contentUrl":"https:\/\/esbozodeportivo.com\/wp-content\/uploads\/2022\/08\/cropped-Logo-Esbozo-Web-2.png","width":180,"height":50,"caption":"Esbozo Deportivo"},"image":{"@id":"https:\/\/esbozodeportivo.com\/#\/schema\/logo\/image\/"}},{"@type":"Person","@id":"https:\/\/esbozodeportivo.com\/#\/schema\/person\/0f6df9196dfe6740dd0bb31bae50d374","name":"Redacci\u00f3n","image":{"@type":"ImageObject","inLanguage":"es","@id":"https:\/\/esbozodeportivo.com\/#\/schema\/person\/image\/","url":"https:\/\/secure.gravatar.com\/avatar\/f55268a89c3b418f2ef172ff52ab0d09b3e653c58de29539fe329fb93d78ebf3?s=96&d=mm&r=g","contentUrl":"https:\/\/secure.gravatar.com\/avatar\/f55268a89c3b418f2ef172ff52ab0d09b3e653c58de29539fe329fb93d78ebf3?s=96&d=mm&r=g","caption":"Redacci\u00f3n"},"url":"https:\/\/esbozodeportivo.com\/index.php\/author\/redaccion\/"}]}},"jetpack_featured_media_url":"https:\/\/esbozodeportivo.com\/wp-content\/uploads\/2025\/12\/Rayados.jpg","jetpack_sharing_enabled":true,"_links":{"self":[{"href":"https:\/\/esbozodeportivo.com\/index.php\/wp-json\/wp\/v2\/posts\/11672","targetHints":{"allow":["GET"]}}],"collection":[{"href":"https:\/\/esbozodeportivo.com\/index.php\/wp-json\/wp\/v2\/posts"}],"about":[{"href":"https:\/\/esbozodeportivo.com\/index.php\/wp-json\/wp\/v2\/types\/post"}],"author":[{"embeddable":true,"href":"https:\/\/esbozodeportivo.com\/index.php\/wp-json\/wp\/v2\/users\/4"}],"replies":[{"embeddable":true,"href":"https:\/\/esbozodeportivo.com\/index.php\/wp-json\/wp\/v2\/comments?post=11672"}],"version-history":[{"count":1,"href":"https:\/\/esbozodeportivo.com\/index.php\/wp-json\/wp\/v2\/posts\/11672\/revisions"}],"predecessor-version":[{"id":11679,"href":"https:\/\/esbozodeportivo.com\/index.php\/wp-json\/wp\/v2\/posts\/11672\/revisions\/11679"}],"wp:featuredmedia":[{"embeddable":true,"href":"https:\/\/esbozodeportivo.com\/index.php\/wp-json\/wp\/v2\/media\/11676"}],"wp:attachment":[{"href":"https:\/\/esbozodeportivo.com\/index.php\/wp-json\/wp\/v2\/media?parent=11672"}],"wp:term":[{"taxonomy":"category","embeddable":true,"href":"https:\/\/esbozodeportivo.com\/index.php\/wp-json\/wp\/v2\/categories?post=11672"},{"taxonomy":"post_tag","embeddable":true,"href":"https:\/\/esbozodeportivo.com\/index.php\/wp-json\/wp\/v2\/tags?post=11672"}],"curies":[{"name":"wp","href":"https:\/\/api.w.org\/{rel}","templated":true}]}}