{"id":11683,"date":"2025-12-04T22:35:27","date_gmt":"2025-12-05T04:35:27","guid":{"rendered":"https:\/\/esbozodeportivo.com\/?p=11683"},"modified":"2025-12-04T22:35:28","modified_gmt":"2025-12-05T04:35:28","slug":"golovkin-al-salon-de-la-fama","status":"publish","type":"post","link":"https:\/\/esbozodeportivo.com\/index.php\/2025\/12\/04\/golovkin-al-salon-de-la-fama\/","title":{"rendered":"Golovkin, al Sal\u00f3n de la Fama"},"content":{"rendered":"\n<p>(Foto: Agencias) <\/p>\n\n\n\n<p>Gennadiy Golovkin, el fajador kazajo que igual\u00f3 el r\u00e9cord de 20 defensas consecutivas del t\u00edtulo de peso mediano, fue elegido el jueves para el Sal\u00f3n de la Fama del Boxeo Internacional.<\/p>\n\n\n\n<p>Los ex campeones Antonio Tarver y Nigel Benn son los otros nombres destacados en la clase que ser\u00e1 consagrada en el museo en Canastota, Nueva York. Tambi\u00e9n ingresar\u00e1 la boxeadora mexicana Jackie Nava.<\/p>\n\n\n\n<p>La ceremonia de exaltaci\u00f3n se realizar\u00e1 el 14 de junio de 2026.<\/p>\n\n\n\n<p>Golovkin fue elegido en su primer a\u00f1o en la boleta en la votaci\u00f3n por miembros de la Asociaci\u00f3n de Escritores de Boxeo de Am\u00e9rica y un panel de historiadores internacionales del boxeo.<\/p>\n\n\n\n<p>Tuvo una foja de 42 victorias, dos derrotas y un empate, con 37 nocauts. Despu\u00e9s de conquistar su primer cetro en 2010 en su 19na pelea, se mantuvo como campe\u00f3n en las 160 libras hasta que el mexicano Sa\u00fal \u201cCanelo\u201d \u00c1lvarez lo super\u00f3 en 2018 en su segundo enfrentamiento. Las 20 defensas consecutivas igualaron el r\u00e9cord de la divisi\u00f3n establecido por Bernard Hopkins, miembro del Sal\u00f3n de la Fama.<\/p>\n\n\n\n<p>\u201cEste es el mayor honor en el boxeo y la \u00faltima pieza del rompecabezas en mi carrera. Estoy orgulloso de tener un legado en el boxeo\u201d, dijo Golovkin tras ser informado de que ser\u00e1 exaltado al Sal\u00f3n.<\/p>\n\n\n\n<p>\u201cTriple G\u201d empat\u00f3 con \u00c1lvarez en su primer combatiente y perdi\u00f3 contra el \u00eddolo mexicano en un desaf\u00edo por el t\u00edtulo de peso supermediano en su \u00faltima pelea en 2022 despu\u00e9s de recuperar la corona de peso mediano.<\/p>\n\n\n\n<p>Medallista de plata en los Juegos Ol\u00edmpicos de 2004, Golovkin fue elegido el mes pasado como presidente de World Boxing, la organizaci\u00f3n que busca organizar los torneos ol\u00edmpicos en los Juegos de Los \u00c1ngeles 2028.<\/p>\n\n\n\n<p>Tarver (31-6-1, 22 nocauts) tuvo m\u00faltiples reinados de t\u00edtulo en el peso semipesado, uno de ellos despu\u00e9s de noquear a Roy Jones Jr. en el segundo asalto de su combate de 2004. Gan\u00f3 dos de sus tres enfrentamientos con Jones, quien durante mucho tiempo fue considerado el mejor boxeador libra por libra. Tarver, medallista de bronce de los semipesados en los Juegos Ol\u00edmpicos de 1996, tambi\u00e9n interpret\u00f3 al campe\u00f3n de peso pesado Mason Dixon en la pel\u00edcula \u201cRocky Balboa\u201d.<\/p>\n\n\n\n<p>Benn gan\u00f3 t\u00edtulos en peso mediano y supermediano, manteniendo el \u00faltimo cintur\u00f3n durante cuatro a\u00f1os, y tuvo un r\u00e9cord de 42-5-1 con 35 nocauts. Hijo del peleador brit\u00e1nico Conor Benn, recientemente venci\u00f3 a Chris Eubank Jr. despu\u00e9s de que sus padres pelearan dos veces en la d\u00e9cada de 1990, con el mayor Eubank obteniendo una victoria y un empate contra Nigel Benn.<\/p>\n\n\n\n<p>Jimmy Clabby, quien acumul\u00f3 un r\u00e9cord de 86-21-23 con 46 nocauts antes de retirarse en 1923, as\u00ed como Nava y Naoko Fujioka.<\/p>\n\n\n\n<p>Nava gan\u00f3 t\u00edtulos en peso gallo y supergallo en peleas consecutivas en 2005, el momento cumbre de una carrera con foja de 40-4-4 con 16 nocauts.<\/p>\n\n\n\n<p>Fujioka fue la primera campeona de cinco divisiones de Jap\u00f3n y tuvo un r\u00e9cord de 19-3-1 con siete nocauts.<\/p>\n\n\n\n<p>Tambi\u00e9n ser\u00e1n consagrados los entrenadores y cutmen Russ Anber y Jimmy Glenn, el \u00e1rbitro Frank Cappuccino y el doctor Edwin \u201cFlip\u201d Homansky, quien se convirti\u00f3 en el segundo m\u00e9dico en ser incluido. La primera es su esposa, la doctora Margaret Goodman.<\/p>\n\n\n\n<p>El periodista Kevin Iole y el difunto locutor Alex Wallau fueron incluidos en la categor\u00eda de Observador.<\/p>\n\n\n\n<p><\/p>\n","protected":false},"excerpt":{"rendered":"<p>(Foto: Agencias) Gennadiy Golovkin, el fajador kazajo que igual\u00f3 el r\u00e9cord de 20 defensas consecutivas<\/p>\n","protected":false},"author":4,"featured_media":11673,"comment_status":"closed","ping_status":"open","sticky":false,"template":"","format":"standard","meta":{"_jetpack_memberships_contains_paid_content":false,"footnotes":""},"categories":[15],"tags":[],"class_list":["post-11683","post","type-post","status-publish","format-standard","has-post-thumbnail","hentry","category-golpes"],"yoast_head":"<!-- This site is optimized with the Yoast SEO plugin v25.7 - https:\/\/yoast.com\/wordpress\/plugins\/seo\/ -->\n<title>Golovkin, al Sal\u00f3n de la Fama - Esbozo Deportivo<\/title>\n<meta name=\"description\" content=\"Los ex campeones Antonio Tarver y Nigel Benn son los otros nombres destacados en la clase que ser\u00e1 consagrada en el museo en Canastota, Nueva York. Tambi\u00e9n ingresar\u00e1 la boxeadora mexicana Jackie Nava.\" \/>\n<meta name=\"robots\" content=\"index, follow, max-snippet:-1, max-image-preview:large, max-video-preview:-1\" \/>\n<link rel=\"canonical\" href=\"https:\/\/esbozodeportivo.com\/index.php\/2025\/12\/04\/golovkin-al-salon-de-la-fama\/\" \/>\n<meta property=\"og:locale\" content=\"es_MX\" \/>\n<meta property=\"og:type\" content=\"article\" \/>\n<meta property=\"og:title\" content=\"Golovkin, al Sal\u00f3n de la Fama - Esbozo Deportivo\" \/>\n<meta property=\"og:description\" content=\"Los ex campeones Antonio Tarver y Nigel Benn son los otros nombres destacados en la clase que ser\u00e1 consagrada en el museo en Canastota, Nueva York. Tambi\u00e9n ingresar\u00e1 la boxeadora mexicana Jackie Nava.\" \/>\n<meta property=\"og:url\" content=\"https:\/\/esbozodeportivo.com\/index.php\/2025\/12\/04\/golovkin-al-salon-de-la-fama\/\" \/>\n<meta property=\"og:site_name\" content=\"Esbozo Deportivo\" \/>\n<meta property=\"article:published_time\" content=\"2025-12-05T04:35:27+00:00\" \/>\n<meta property=\"article:modified_time\" content=\"2025-12-05T04:35:28+00:00\" \/>\n<meta property=\"og:image\" content=\"https:\/\/esbozodeportivo.com\/wp-content\/uploads\/2025\/12\/Box.jpg\" \/>\n\t<meta property=\"og:image:width\" content=\"980\" \/>\n\t<meta property=\"og:image:height\" content=\"653\" \/>\n\t<meta property=\"og:image:type\" content=\"image\/jpeg\" \/>\n<meta name=\"author\" content=\"Redacci\u00f3n\" \/>\n<meta name=\"twitter:card\" content=\"summary_large_image\" \/>\n<meta name=\"twitter:label1\" content=\"Escrito por\" \/>\n\t<meta name=\"twitter:data1\" content=\"Redacci\u00f3n\" \/>\n\t<meta name=\"twitter:label2\" content=\"Tiempo de lectura\" \/>\n\t<meta name=\"twitter:data2\" content=\"3 minutos\" \/>\n<script type=\"application\/ld+json\" class=\"yoast-schema-graph\">{\"@context\":\"https:\/\/schema.org\",\"@graph\":[{\"@type\":\"Article\",\"@id\":\"https:\/\/esbozodeportivo.com\/index.php\/2025\/12\/04\/golovkin-al-salon-de-la-fama\/#article\",\"isPartOf\":{\"@id\":\"https:\/\/esbozodeportivo.com\/index.php\/2025\/12\/04\/golovkin-al-salon-de-la-fama\/\"},\"author\":{\"name\":\"Redacci\u00f3n\",\"@id\":\"https:\/\/esbozodeportivo.com\/#\/schema\/person\/0f6df9196dfe6740dd0bb31bae50d374\"},\"headline\":\"Golovkin, al Sal\u00f3n de la Fama\",\"datePublished\":\"2025-12-05T04:35:27+00:00\",\"dateModified\":\"2025-12-05T04:35:28+00:00\",\"mainEntityOfPage\":{\"@id\":\"https:\/\/esbozodeportivo.com\/index.php\/2025\/12\/04\/golovkin-al-salon-de-la-fama\/\"},\"wordCount\":590,\"publisher\":{\"@id\":\"https:\/\/esbozodeportivo.com\/#organization\"},\"image\":{\"@id\":\"https:\/\/esbozodeportivo.com\/index.php\/2025\/12\/04\/golovkin-al-salon-de-la-fama\/#primaryimage\"},\"thumbnailUrl\":\"https:\/\/esbozodeportivo.com\/wp-content\/uploads\/2025\/12\/Box.jpg\",\"articleSection\":[\"Box Internacional\"],\"inLanguage\":\"es\"},{\"@type\":\"WebPage\",\"@id\":\"https:\/\/esbozodeportivo.com\/index.php\/2025\/12\/04\/golovkin-al-salon-de-la-fama\/\",\"url\":\"https:\/\/esbozodeportivo.com\/index.php\/2025\/12\/04\/golovkin-al-salon-de-la-fama\/\",\"name\":\"Golovkin, al Sal\u00f3n de la Fama - Esbozo Deportivo\",\"isPartOf\":{\"@id\":\"https:\/\/esbozodeportivo.com\/#website\"},\"primaryImageOfPage\":{\"@id\":\"https:\/\/esbozodeportivo.com\/index.php\/2025\/12\/04\/golovkin-al-salon-de-la-fama\/#primaryimage\"},\"image\":{\"@id\":\"https:\/\/esbozodeportivo.com\/index.php\/2025\/12\/04\/golovkin-al-salon-de-la-fama\/#primaryimage\"},\"thumbnailUrl\":\"https:\/\/esbozodeportivo.com\/wp-content\/uploads\/2025\/12\/Box.jpg\",\"datePublished\":\"2025-12-05T04:35:27+00:00\",\"dateModified\":\"2025-12-05T04:35:28+00:00\",\"description\":\"Los ex campeones Antonio Tarver y Nigel Benn son los otros nombres destacados en la clase que ser\u00e1 consagrada en el museo en Canastota, Nueva York. Tambi\u00e9n ingresar\u00e1 la boxeadora mexicana Jackie Nava.\",\"breadcrumb\":{\"@id\":\"https:\/\/esbozodeportivo.com\/index.php\/2025\/12\/04\/golovkin-al-salon-de-la-fama\/#breadcrumb\"},\"inLanguage\":\"es\",\"potentialAction\":[{\"@type\":\"ReadAction\",\"target\":[\"https:\/\/esbozodeportivo.com\/index.php\/2025\/12\/04\/golovkin-al-salon-de-la-fama\/\"]}]},{\"@type\":\"ImageObject\",\"inLanguage\":\"es\",\"@id\":\"https:\/\/esbozodeportivo.com\/index.php\/2025\/12\/04\/golovkin-al-salon-de-la-fama\/#primaryimage\",\"url\":\"https:\/\/esbozodeportivo.com\/wp-content\/uploads\/2025\/12\/Box.jpg\",\"contentUrl\":\"https:\/\/esbozodeportivo.com\/wp-content\/uploads\/2025\/12\/Box.jpg\",\"width\":980,\"height\":653},{\"@type\":\"BreadcrumbList\",\"@id\":\"https:\/\/esbozodeportivo.com\/index.php\/2025\/12\/04\/golovkin-al-salon-de-la-fama\/#breadcrumb\",\"itemListElement\":[{\"@type\":\"ListItem\",\"position\":1,\"name\":\"Inicio\",\"item\":\"https:\/\/esbozodeportivo.com\/\"},{\"@type\":\"ListItem\",\"position\":2,\"name\":\"Golovkin, al Sal\u00f3n de la Fama\"}]},{\"@type\":\"WebSite\",\"@id\":\"https:\/\/esbozodeportivo.com\/#website\",\"url\":\"https:\/\/esbozodeportivo.com\/\",\"name\":\"Esbozo Deportivo\",\"description\":\"Lo m\u00e1s importante del Deporte\",\"publisher\":{\"@id\":\"https:\/\/esbozodeportivo.com\/#organization\"},\"potentialAction\":[{\"@type\":\"SearchAction\",\"target\":{\"@type\":\"EntryPoint\",\"urlTemplate\":\"https:\/\/esbozodeportivo.com\/?s={search_term_string}\"},\"query-input\":{\"@type\":\"PropertyValueSpecification\",\"valueRequired\":true,\"valueName\":\"search_term_string\"}}],\"inLanguage\":\"es\"},{\"@type\":\"Organization\",\"@id\":\"https:\/\/esbozodeportivo.com\/#organization\",\"name\":\"Esbozo Deportivo\",\"url\":\"https:\/\/esbozodeportivo.com\/\",\"logo\":{\"@type\":\"ImageObject\",\"inLanguage\":\"es\",\"@id\":\"https:\/\/esbozodeportivo.com\/#\/schema\/logo\/image\/\",\"url\":\"https:\/\/esbozodeportivo.com\/wp-content\/uploads\/2022\/08\/cropped-Logo-Esbozo-Web-2.png\",\"contentUrl\":\"https:\/\/esbozodeportivo.com\/wp-content\/uploads\/2022\/08\/cropped-Logo-Esbozo-Web-2.png\",\"width\":180,\"height\":50,\"caption\":\"Esbozo Deportivo\"},\"image\":{\"@id\":\"https:\/\/esbozodeportivo.com\/#\/schema\/logo\/image\/\"}},{\"@type\":\"Person\",\"@id\":\"https:\/\/esbozodeportivo.com\/#\/schema\/person\/0f6df9196dfe6740dd0bb31bae50d374\",\"name\":\"Redacci\u00f3n\",\"image\":{\"@type\":\"ImageObject\",\"inLanguage\":\"es\",\"@id\":\"https:\/\/esbozodeportivo.com\/#\/schema\/person\/image\/\",\"url\":\"https:\/\/secure.gravatar.com\/avatar\/f55268a89c3b418f2ef172ff52ab0d09b3e653c58de29539fe329fb93d78ebf3?s=96&d=mm&r=g\",\"contentUrl\":\"https:\/\/secure.gravatar.com\/avatar\/f55268a89c3b418f2ef172ff52ab0d09b3e653c58de29539fe329fb93d78ebf3?s=96&d=mm&r=g\",\"caption\":\"Redacci\u00f3n\"},\"url\":\"https:\/\/esbozodeportivo.com\/index.php\/author\/redaccion\/\"}]}<\/script>\n<!-- \/ Yoast SEO plugin. -->","yoast_head_json":{"title":"Golovkin, al Sal\u00f3n de la Fama - Esbozo Deportivo","description":"Los ex campeones Antonio Tarver y Nigel Benn son los otros nombres destacados en la clase que ser\u00e1 consagrada en el museo en Canastota, Nueva York. Tambi\u00e9n ingresar\u00e1 la boxeadora mexicana Jackie Nava.","robots":{"index":"index","follow":"follow","max-snippet":"max-snippet:-1","max-image-preview":"max-image-preview:large","max-video-preview":"max-video-preview:-1"},"canonical":"https:\/\/esbozodeportivo.com\/index.php\/2025\/12\/04\/golovkin-al-salon-de-la-fama\/","og_locale":"es_MX","og_type":"article","og_title":"Golovkin, al Sal\u00f3n de la Fama - Esbozo Deportivo","og_description":"Los ex campeones Antonio Tarver y Nigel Benn son los otros nombres destacados en la clase que ser\u00e1 consagrada en el museo en Canastota, Nueva York. Tambi\u00e9n ingresar\u00e1 la boxeadora mexicana Jackie Nava.","og_url":"https:\/\/esbozodeportivo.com\/index.php\/2025\/12\/04\/golovkin-al-salon-de-la-fama\/","og_site_name":"Esbozo Deportivo","article_published_time":"2025-12-05T04:35:27+00:00","article_modified_time":"2025-12-05T04:35:28+00:00","og_image":[{"width":980,"height":653,"url":"https:\/\/esbozodeportivo.com\/wp-content\/uploads\/2025\/12\/Box.jpg","type":"image\/jpeg"}],"author":"Redacci\u00f3n","twitter_card":"summary_large_image","twitter_misc":{"Escrito por":"Redacci\u00f3n","Tiempo de lectura":"3 minutos"},"schema":{"@context":"https:\/\/schema.org","@graph":[{"@type":"Article","@id":"https:\/\/esbozodeportivo.com\/index.php\/2025\/12\/04\/golovkin-al-salon-de-la-fama\/#article","isPartOf":{"@id":"https:\/\/esbozodeportivo.com\/index.php\/2025\/12\/04\/golovkin-al-salon-de-la-fama\/"},"author":{"name":"Redacci\u00f3n","@id":"https:\/\/esbozodeportivo.com\/#\/schema\/person\/0f6df9196dfe6740dd0bb31bae50d374"},"headline":"Golovkin, al Sal\u00f3n de la Fama","datePublished":"2025-12-05T04:35:27+00:00","dateModified":"2025-12-05T04:35:28+00:00","mainEntityOfPage":{"@id":"https:\/\/esbozodeportivo.com\/index.php\/2025\/12\/04\/golovkin-al-salon-de-la-fama\/"},"wordCount":590,"publisher":{"@id":"https:\/\/esbozodeportivo.com\/#organization"},"image":{"@id":"https:\/\/esbozodeportivo.com\/index.php\/2025\/12\/04\/golovkin-al-salon-de-la-fama\/#primaryimage"},"thumbnailUrl":"https:\/\/esbozodeportivo.com\/wp-content\/uploads\/2025\/12\/Box.jpg","articleSection":["Box Internacional"],"inLanguage":"es"},{"@type":"WebPage","@id":"https:\/\/esbozodeportivo.com\/index.php\/2025\/12\/04\/golovkin-al-salon-de-la-fama\/","url":"https:\/\/esbozodeportivo.com\/index.php\/2025\/12\/04\/golovkin-al-salon-de-la-fama\/","name":"Golovkin, al Sal\u00f3n de la Fama - Esbozo Deportivo","isPartOf":{"@id":"https:\/\/esbozodeportivo.com\/#website"},"primaryImageOfPage":{"@id":"https:\/\/esbozodeportivo.com\/index.php\/2025\/12\/04\/golovkin-al-salon-de-la-fama\/#primaryimage"},"image":{"@id":"https:\/\/esbozodeportivo.com\/index.php\/2025\/12\/04\/golovkin-al-salon-de-la-fama\/#primaryimage"},"thumbnailUrl":"https:\/\/esbozodeportivo.com\/wp-content\/uploads\/2025\/12\/Box.jpg","datePublished":"2025-12-05T04:35:27+00:00","dateModified":"2025-12-05T04:35:28+00:00","description":"Los ex campeones Antonio Tarver y Nigel Benn son los otros nombres destacados en la clase que ser\u00e1 consagrada en el museo en Canastota, Nueva York. Tambi\u00e9n ingresar\u00e1 la boxeadora mexicana Jackie Nava.","breadcrumb":{"@id":"https:\/\/esbozodeportivo.com\/index.php\/2025\/12\/04\/golovkin-al-salon-de-la-fama\/#breadcrumb"},"inLanguage":"es","potentialAction":[{"@type":"ReadAction","target":["https:\/\/esbozodeportivo.com\/index.php\/2025\/12\/04\/golovkin-al-salon-de-la-fama\/"]}]},{"@type":"ImageObject","inLanguage":"es","@id":"https:\/\/esbozodeportivo.com\/index.php\/2025\/12\/04\/golovkin-al-salon-de-la-fama\/#primaryimage","url":"https:\/\/esbozodeportivo.com\/wp-content\/uploads\/2025\/12\/Box.jpg","contentUrl":"https:\/\/esbozodeportivo.com\/wp-content\/uploads\/2025\/12\/Box.jpg","width":980,"height":653},{"@type":"BreadcrumbList","@id":"https:\/\/esbozodeportivo.com\/index.php\/2025\/12\/04\/golovkin-al-salon-de-la-fama\/#breadcrumb","itemListElement":[{"@type":"ListItem","position":1,"name":"Inicio","item":"https:\/\/esbozodeportivo.com\/"},{"@type":"ListItem","position":2,"name":"Golovkin, al Sal\u00f3n de la Fama"}]},{"@type":"WebSite","@id":"https:\/\/esbozodeportivo.com\/#website","url":"https:\/\/esbozodeportivo.com\/","name":"Esbozo Deportivo","description":"Lo m\u00e1s importante del Deporte","publisher":{"@id":"https:\/\/esbozodeportivo.com\/#organization"},"potentialAction":[{"@type":"SearchAction","target":{"@type":"EntryPoint","urlTemplate":"https:\/\/esbozodeportivo.com\/?s={search_term_string}"},"query-input":{"@type":"PropertyValueSpecification","valueRequired":true,"valueName":"search_term_string"}}],"inLanguage":"es"},{"@type":"Organization","@id":"https:\/\/esbozodeportivo.com\/#organization","name":"Esbozo Deportivo","url":"https:\/\/esbozodeportivo.com\/","logo":{"@type":"ImageObject","inLanguage":"es","@id":"https:\/\/esbozodeportivo.com\/#\/schema\/logo\/image\/","url":"https:\/\/esbozodeportivo.com\/wp-content\/uploads\/2022\/08\/cropped-Logo-Esbozo-Web-2.png","contentUrl":"https:\/\/esbozodeportivo.com\/wp-content\/uploads\/2022\/08\/cropped-Logo-Esbozo-Web-2.png","width":180,"height":50,"caption":"Esbozo Deportivo"},"image":{"@id":"https:\/\/esbozodeportivo.com\/#\/schema\/logo\/image\/"}},{"@type":"Person","@id":"https:\/\/esbozodeportivo.com\/#\/schema\/person\/0f6df9196dfe6740dd0bb31bae50d374","name":"Redacci\u00f3n","image":{"@type":"ImageObject","inLanguage":"es","@id":"https:\/\/esbozodeportivo.com\/#\/schema\/person\/image\/","url":"https:\/\/secure.gravatar.com\/avatar\/f55268a89c3b418f2ef172ff52ab0d09b3e653c58de29539fe329fb93d78ebf3?s=96&d=mm&r=g","contentUrl":"https:\/\/secure.gravatar.com\/avatar\/f55268a89c3b418f2ef172ff52ab0d09b3e653c58de29539fe329fb93d78ebf3?s=96&d=mm&r=g","caption":"Redacci\u00f3n"},"url":"https:\/\/esbozodeportivo.com\/index.php\/author\/redaccion\/"}]}},"jetpack_featured_media_url":"https:\/\/esbozodeportivo.com\/wp-content\/uploads\/2025\/12\/Box.jpg","jetpack_sharing_enabled":true,"_links":{"self":[{"href":"https:\/\/esbozodeportivo.com\/index.php\/wp-json\/wp\/v2\/posts\/11683","targetHints":{"allow":["GET"]}}],"collection":[{"href":"https:\/\/esbozodeportivo.com\/index.php\/wp-json\/wp\/v2\/posts"}],"about":[{"href":"https:\/\/esbozodeportivo.com\/index.php\/wp-json\/wp\/v2\/types\/post"}],"author":[{"embeddable":true,"href":"https:\/\/esbozodeportivo.com\/index.php\/wp-json\/wp\/v2\/users\/4"}],"replies":[{"embeddable":true,"href":"https:\/\/esbozodeportivo.com\/index.php\/wp-json\/wp\/v2\/comments?post=11683"}],"version-history":[{"count":1,"href":"https:\/\/esbozodeportivo.com\/index.php\/wp-json\/wp\/v2\/posts\/11683\/revisions"}],"predecessor-version":[{"id":11684,"href":"https:\/\/esbozodeportivo.com\/index.php\/wp-json\/wp\/v2\/posts\/11683\/revisions\/11684"}],"wp:featuredmedia":[{"embeddable":true,"href":"https:\/\/esbozodeportivo.com\/index.php\/wp-json\/wp\/v2\/media\/11673"}],"wp:attachment":[{"href":"https:\/\/esbozodeportivo.com\/index.php\/wp-json\/wp\/v2\/media?parent=11683"}],"wp:term":[{"taxonomy":"category","embeddable":true,"href":"https:\/\/esbozodeportivo.com\/index.php\/wp-json\/wp\/v2\/categories?post=11683"},{"taxonomy":"post_tag","embeddable":true,"href":"https:\/\/esbozodeportivo.com\/index.php\/wp-json\/wp\/v2\/tags?post=11683"}],"curies":[{"name":"wp","href":"https:\/\/api.w.org\/{rel}","templated":true}]}}