{"id":11685,"date":"2025-12-04T22:39:20","date_gmt":"2025-12-05T04:39:20","guid":{"rendered":"https:\/\/esbozodeportivo.com\/?p=11685"},"modified":"2025-12-04T22:39:21","modified_gmt":"2025-12-05T04:39:21","slug":"flama-olimpica-llega-a-roma","status":"publish","type":"post","link":"https:\/\/esbozodeportivo.com\/index.php\/2025\/12\/04\/flama-olimpica-llega-a-roma\/","title":{"rendered":"Flama ol\u00edmpica llega a Roma"},"content":{"rendered":"\n<p>(Foto: Agencias) <\/p>\n\n\n\n<p>La llama ol\u00edmpica para los Juegos de Invierno de Mil\u00e1n-Cortina aterriz\u00f3 el jueves en Roma tras ser entregada formalmente a los organizadores italianos en el estadio de m\u00e1rmol del centro de Atenas donde se celebraron las primeras competiciones ol\u00edmpicas modernas hace casi 130 a\u00f1os.<\/p>\n\n\n\n<p>El fuego fue transportado en una peque\u00f1a linterna a bordo de un vuelo de ITA Airways entre las capitales griega e italiana.<\/p>\n\n\n\n<p>La tenista Jasmine Paolini \u2014medallista ol\u00edmpica de oro\u2014 y el presidente del comit\u00e9 organizador local, Giovanni Malag\u00f2, llevaron la llama fuera del avi\u00f3n.<\/p>\n\n\n\n<p>\u201cMe siento honrada. Es una emoci\u00f3n incre\u00edble\u201d, expres\u00f3 Paolini en breves declaraciones antes de que la linterna fuera llevada al palacio presidencial.<\/p>\n\n\n\n<p>Desde Atenas, la llama viajar\u00e1 a Italia, donde comenzar\u00e1 un relevo de 63 d\u00edas y 12.000 kil\u00f3metros (unas 7.500 millas) que recorrer\u00e1 las 110 provincias del pa\u00eds antes de llegar al estadio de San Siro, en Mil\u00e1n, para la ceremonia inaugural el 6 de febrero.<\/p>\n\n\n\n<p>\u201cEstar aqu\u00ed, en este estadio hist\u00f3rico nos recuerda de manera inspiradora el honor que se nos ha concedido y el precioso tesoro que llevaremos a casa con nosotros\u201d, dijo el presidente del comit\u00e9 organizador de Mil\u00e1n-Cortina, Giovanni Malago, antes de recibir la llama.<\/p>\n\n\n\n<p>El pron\u00f3stico de fuertes tormentas en la capital griega hizo que no mucha gente se acercase al estadio y llev\u00f3 a los organizadores a acortar el acto. Pero la lluvia no apareci\u00f3 hasta el final, con unos d\u00e9biles rayos de sol filtr\u00e1ndose a trav\u00e9s de las pesadas nubes negras, y los pocos espectadores pudieron disfrutar de la actuaci\u00f3n de cantantes griegos e italianos y de un coro infantil en el estadio que alberg\u00f3 los primeros Juegos modernos en 1896.<\/p>\n\n\n\n<p>Despu\u00e9s de pasar la noche ardiendo en un pebetero en el exterior del Parten\u00f3n, del siglo V a.C., ubicado en la cima de la Acr\u00f3polis y que es el monumento m\u00e1s famoso de Grecia, la llama fue llevada al estadio panatenaico por la jugadora waterpolista griega Elena Xenaki, quien encendi\u00f3 otro pebetero en el estadio acompa\u00f1ada por su selecci\u00f3n.<\/p>\n\n\n\n<p>La llama se encendi\u00f3 el 26 de noviembre en la antigua Olimpia, el sitio de los antiguos juegos que inspiraron el movimiento ol\u00edmpico moderno, utilizando un espejo c\u00f3ncavo para concentrar los rayos del sol en una antorcha en una acto muy ceremonial.<\/p>\n\n\n\n<p>El relevo de la antorcha, que incluye 60 actos en ciudades, estar\u00e1 en N\u00e1poles para Navidad y en Bari para la v\u00edspera de A\u00f1o Nuevo. Llegar\u00e1 a Tur\u00edn, sede de los Juegos de 2006, el 11 de enero.<\/p>\n\n\n\n<p>La antorcha llegar\u00e1 a Verona el 18 de enero y pasar\u00e1 por Cortina d\u2019Ampezzo el 26 de enero, en el 70 aniversario de la ceremonia de apertura de los Juegos Ol\u00edmpicos de Invierno de 1956, realizados en el resort de los Dolomitas.<\/p>\n\n\n\n<p>Tambi\u00e9n se encender\u00e1 un pebetero en Cortina la noche de la ceremonia de apertura.<\/p>\n\n\n\n<p>Estos juegos se escenificar\u00e1n en el norte de Italia y la ceremonia se observar\u00e1 en cuatro ubicaciones diferentes, incluyendo Livigno (donde se competir\u00e1n el snowboard y el esqu\u00ed estilo libre) y Predazzo (salto de esqu\u00ed).<\/p>\n\n\n\n<p>Los deportes de patinaje se disputar\u00e1n en Mil\u00e1n; el esqu\u00ed alpino masculino y el esqu\u00ed de monta\u00f1a en Bormio; y el esqu\u00ed alpino femenino, los deportes de deslizamiento y el curling en Cortina.<\/p>\n\n\n\n<p>La idea de la llama ol\u00edmpica y el relevo de la antorcha fue el resultado de la cooperaci\u00f3n greco-alemana y comenz\u00f3 antes de los Juegos Ol\u00edmpicos de 1936 en la Alemania nazi. La tradici\u00f3n se ha mantenido desde entonces.<\/p>\n\n\n\n<p>El jueves, el presidente del Comit\u00e9 Ol\u00edmpico de Grecia, Isidoros Kouvelos, entreg\u00f3 la llama a Malago.<\/p>\n\n\n\n<p>\u201cNo podemos cambiar el mundo entero en 16 d\u00edas de competencia, pero durante 16 d\u00edas podemos demostrar c\u00f3mo podr\u00eda ser el mundo cuando el respeto es lo primero\u201d, se\u00f1al\u00f3 Kouvelos.<\/p>\n\n\n\n<p>Estos son los terceros Juegos de Invierno organizados por Italia, pero los preparativos han estado plagados de sobrecostos y retrasos en la construcci\u00f3n.<\/p>\n\n\n\n<p>Los Juegos incluyen 116 pruebas, el debut del esqu\u00ed de monta\u00f1a, el regreso de los jugadores de la NHL al hockey sobre hielo ol\u00edmpico y una mayor participaci\u00f3n femenina.<\/p>\n\n\n\n<p><\/p>\n","protected":false},"excerpt":{"rendered":"<p>(Foto: Agencias) La llama ol\u00edmpica para los Juegos de Invierno de Mil\u00e1n-Cortina aterriz\u00f3 el jueves<\/p>\n","protected":false},"author":4,"featured_media":11674,"comment_status":"closed","ping_status":"open","sticky":false,"template":"","format":"standard","meta":{"_jetpack_memberships_contains_paid_content":false,"footnotes":""},"categories":[117],"tags":[],"class_list":["post-11685","post","type-post","status-publish","format-standard","has-post-thumbnail","hentry","category-juegos-de-invierno"],"yoast_head":"<!-- This site is optimized with the Yoast SEO plugin v25.7 - https:\/\/yoast.com\/wordpress\/plugins\/seo\/ -->\n<title>Flama ol\u00edmpica llega a Roma - Esbozo Deportivo<\/title>\n<meta name=\"description\" content=\"La llama ol\u00edmpica para los Juegos de Invierno de Mil\u00e1n-Cortina aterriz\u00f3 el jueves en Roma tras ser entregada formalmente a los organizadores italianos en el estadio de m\u00e1rmol del centro de Atenas donde se celebraron las primeras competiciones ol\u00edmpicas modernas hace casi 130 a\u00f1os.\" \/>\n<meta name=\"robots\" content=\"index, follow, max-snippet:-1, max-image-preview:large, max-video-preview:-1\" \/>\n<link rel=\"canonical\" href=\"https:\/\/esbozodeportivo.com\/index.php\/2025\/12\/04\/flama-olimpica-llega-a-roma\/\" \/>\n<meta property=\"og:locale\" content=\"es_MX\" \/>\n<meta property=\"og:type\" content=\"article\" \/>\n<meta property=\"og:title\" content=\"Flama ol\u00edmpica llega a Roma - Esbozo Deportivo\" \/>\n<meta property=\"og:description\" content=\"La llama ol\u00edmpica para los Juegos de Invierno de Mil\u00e1n-Cortina aterriz\u00f3 el jueves en Roma tras ser entregada formalmente a los organizadores italianos en el estadio de m\u00e1rmol del centro de Atenas donde se celebraron las primeras competiciones ol\u00edmpicas modernas hace casi 130 a\u00f1os.\" \/>\n<meta property=\"og:url\" content=\"https:\/\/esbozodeportivo.com\/index.php\/2025\/12\/04\/flama-olimpica-llega-a-roma\/\" \/>\n<meta property=\"og:site_name\" content=\"Esbozo Deportivo\" \/>\n<meta property=\"article:published_time\" content=\"2025-12-05T04:39:20+00:00\" \/>\n<meta property=\"article:modified_time\" content=\"2025-12-05T04:39:21+00:00\" \/>\n<meta property=\"og:image\" content=\"https:\/\/esbozodeportivo.com\/wp-content\/uploads\/2025\/12\/Llama-Olimpica.jpg\" \/>\n\t<meta property=\"og:image:width\" content=\"770\" \/>\n\t<meta property=\"og:image:height\" content=\"530\" \/>\n\t<meta property=\"og:image:type\" content=\"image\/jpeg\" \/>\n<meta name=\"author\" content=\"Redacci\u00f3n\" \/>\n<meta name=\"twitter:card\" content=\"summary_large_image\" \/>\n<meta name=\"twitter:label1\" content=\"Escrito por\" \/>\n\t<meta name=\"twitter:data1\" content=\"Redacci\u00f3n\" \/>\n\t<meta name=\"twitter:label2\" content=\"Tiempo de lectura\" \/>\n\t<meta name=\"twitter:data2\" content=\"4 minutos\" \/>\n<script type=\"application\/ld+json\" class=\"yoast-schema-graph\">{\"@context\":\"https:\/\/schema.org\",\"@graph\":[{\"@type\":\"Article\",\"@id\":\"https:\/\/esbozodeportivo.com\/index.php\/2025\/12\/04\/flama-olimpica-llega-a-roma\/#article\",\"isPartOf\":{\"@id\":\"https:\/\/esbozodeportivo.com\/index.php\/2025\/12\/04\/flama-olimpica-llega-a-roma\/\"},\"author\":{\"name\":\"Redacci\u00f3n\",\"@id\":\"https:\/\/esbozodeportivo.com\/#\/schema\/person\/0f6df9196dfe6740dd0bb31bae50d374\"},\"headline\":\"Flama ol\u00edmpica llega a Roma\",\"datePublished\":\"2025-12-05T04:39:20+00:00\",\"dateModified\":\"2025-12-05T04:39:21+00:00\",\"mainEntityOfPage\":{\"@id\":\"https:\/\/esbozodeportivo.com\/index.php\/2025\/12\/04\/flama-olimpica-llega-a-roma\/\"},\"wordCount\":723,\"publisher\":{\"@id\":\"https:\/\/esbozodeportivo.com\/#organization\"},\"image\":{\"@id\":\"https:\/\/esbozodeportivo.com\/index.php\/2025\/12\/04\/flama-olimpica-llega-a-roma\/#primaryimage\"},\"thumbnailUrl\":\"https:\/\/esbozodeportivo.com\/wp-content\/uploads\/2025\/12\/Llama-Olimpica.jpg\",\"articleSection\":[\"Juegos de Invierno\"],\"inLanguage\":\"es\"},{\"@type\":\"WebPage\",\"@id\":\"https:\/\/esbozodeportivo.com\/index.php\/2025\/12\/04\/flama-olimpica-llega-a-roma\/\",\"url\":\"https:\/\/esbozodeportivo.com\/index.php\/2025\/12\/04\/flama-olimpica-llega-a-roma\/\",\"name\":\"Flama ol\u00edmpica llega a Roma - Esbozo Deportivo\",\"isPartOf\":{\"@id\":\"https:\/\/esbozodeportivo.com\/#website\"},\"primaryImageOfPage\":{\"@id\":\"https:\/\/esbozodeportivo.com\/index.php\/2025\/12\/04\/flama-olimpica-llega-a-roma\/#primaryimage\"},\"image\":{\"@id\":\"https:\/\/esbozodeportivo.com\/index.php\/2025\/12\/04\/flama-olimpica-llega-a-roma\/#primaryimage\"},\"thumbnailUrl\":\"https:\/\/esbozodeportivo.com\/wp-content\/uploads\/2025\/12\/Llama-Olimpica.jpg\",\"datePublished\":\"2025-12-05T04:39:20+00:00\",\"dateModified\":\"2025-12-05T04:39:21+00:00\",\"description\":\"La llama ol\u00edmpica para los Juegos de Invierno de Mil\u00e1n-Cortina aterriz\u00f3 el jueves en Roma tras ser entregada formalmente a los organizadores italianos en el estadio de m\u00e1rmol del centro de Atenas donde se celebraron las primeras competiciones ol\u00edmpicas modernas hace casi 130 a\u00f1os.\",\"breadcrumb\":{\"@id\":\"https:\/\/esbozodeportivo.com\/index.php\/2025\/12\/04\/flama-olimpica-llega-a-roma\/#breadcrumb\"},\"inLanguage\":\"es\",\"potentialAction\":[{\"@type\":\"ReadAction\",\"target\":[\"https:\/\/esbozodeportivo.com\/index.php\/2025\/12\/04\/flama-olimpica-llega-a-roma\/\"]}]},{\"@type\":\"ImageObject\",\"inLanguage\":\"es\",\"@id\":\"https:\/\/esbozodeportivo.com\/index.php\/2025\/12\/04\/flama-olimpica-llega-a-roma\/#primaryimage\",\"url\":\"https:\/\/esbozodeportivo.com\/wp-content\/uploads\/2025\/12\/Llama-Olimpica.jpg\",\"contentUrl\":\"https:\/\/esbozodeportivo.com\/wp-content\/uploads\/2025\/12\/Llama-Olimpica.jpg\",\"width\":770,\"height\":530},{\"@type\":\"BreadcrumbList\",\"@id\":\"https:\/\/esbozodeportivo.com\/index.php\/2025\/12\/04\/flama-olimpica-llega-a-roma\/#breadcrumb\",\"itemListElement\":[{\"@type\":\"ListItem\",\"position\":1,\"name\":\"Inicio\",\"item\":\"https:\/\/esbozodeportivo.com\/\"},{\"@type\":\"ListItem\",\"position\":2,\"name\":\"Flama ol\u00edmpica llega a Roma\"}]},{\"@type\":\"WebSite\",\"@id\":\"https:\/\/esbozodeportivo.com\/#website\",\"url\":\"https:\/\/esbozodeportivo.com\/\",\"name\":\"Esbozo Deportivo\",\"description\":\"Lo m\u00e1s importante del Deporte\",\"publisher\":{\"@id\":\"https:\/\/esbozodeportivo.com\/#organization\"},\"potentialAction\":[{\"@type\":\"SearchAction\",\"target\":{\"@type\":\"EntryPoint\",\"urlTemplate\":\"https:\/\/esbozodeportivo.com\/?s={search_term_string}\"},\"query-input\":{\"@type\":\"PropertyValueSpecification\",\"valueRequired\":true,\"valueName\":\"search_term_string\"}}],\"inLanguage\":\"es\"},{\"@type\":\"Organization\",\"@id\":\"https:\/\/esbozodeportivo.com\/#organization\",\"name\":\"Esbozo Deportivo\",\"url\":\"https:\/\/esbozodeportivo.com\/\",\"logo\":{\"@type\":\"ImageObject\",\"inLanguage\":\"es\",\"@id\":\"https:\/\/esbozodeportivo.com\/#\/schema\/logo\/image\/\",\"url\":\"https:\/\/esbozodeportivo.com\/wp-content\/uploads\/2022\/08\/cropped-Logo-Esbozo-Web-2.png\",\"contentUrl\":\"https:\/\/esbozodeportivo.com\/wp-content\/uploads\/2022\/08\/cropped-Logo-Esbozo-Web-2.png\",\"width\":180,\"height\":50,\"caption\":\"Esbozo Deportivo\"},\"image\":{\"@id\":\"https:\/\/esbozodeportivo.com\/#\/schema\/logo\/image\/\"}},{\"@type\":\"Person\",\"@id\":\"https:\/\/esbozodeportivo.com\/#\/schema\/person\/0f6df9196dfe6740dd0bb31bae50d374\",\"name\":\"Redacci\u00f3n\",\"image\":{\"@type\":\"ImageObject\",\"inLanguage\":\"es\",\"@id\":\"https:\/\/esbozodeportivo.com\/#\/schema\/person\/image\/\",\"url\":\"https:\/\/secure.gravatar.com\/avatar\/f55268a89c3b418f2ef172ff52ab0d09b3e653c58de29539fe329fb93d78ebf3?s=96&d=mm&r=g\",\"contentUrl\":\"https:\/\/secure.gravatar.com\/avatar\/f55268a89c3b418f2ef172ff52ab0d09b3e653c58de29539fe329fb93d78ebf3?s=96&d=mm&r=g\",\"caption\":\"Redacci\u00f3n\"},\"url\":\"https:\/\/esbozodeportivo.com\/index.php\/author\/redaccion\/\"}]}<\/script>\n<!-- \/ Yoast SEO plugin. -->","yoast_head_json":{"title":"Flama ol\u00edmpica llega a Roma - Esbozo Deportivo","description":"La llama ol\u00edmpica para los Juegos de Invierno de Mil\u00e1n-Cortina aterriz\u00f3 el jueves en Roma tras ser entregada formalmente a los organizadores italianos en el estadio de m\u00e1rmol del centro de Atenas donde se celebraron las primeras competiciones ol\u00edmpicas modernas hace casi 130 a\u00f1os.","robots":{"index":"index","follow":"follow","max-snippet":"max-snippet:-1","max-image-preview":"max-image-preview:large","max-video-preview":"max-video-preview:-1"},"canonical":"https:\/\/esbozodeportivo.com\/index.php\/2025\/12\/04\/flama-olimpica-llega-a-roma\/","og_locale":"es_MX","og_type":"article","og_title":"Flama ol\u00edmpica llega a Roma - Esbozo Deportivo","og_description":"La llama ol\u00edmpica para los Juegos de Invierno de Mil\u00e1n-Cortina aterriz\u00f3 el jueves en Roma tras ser entregada formalmente a los organizadores italianos en el estadio de m\u00e1rmol del centro de Atenas donde se celebraron las primeras competiciones ol\u00edmpicas modernas hace casi 130 a\u00f1os.","og_url":"https:\/\/esbozodeportivo.com\/index.php\/2025\/12\/04\/flama-olimpica-llega-a-roma\/","og_site_name":"Esbozo Deportivo","article_published_time":"2025-12-05T04:39:20+00:00","article_modified_time":"2025-12-05T04:39:21+00:00","og_image":[{"width":770,"height":530,"url":"https:\/\/esbozodeportivo.com\/wp-content\/uploads\/2025\/12\/Llama-Olimpica.jpg","type":"image\/jpeg"}],"author":"Redacci\u00f3n","twitter_card":"summary_large_image","twitter_misc":{"Escrito por":"Redacci\u00f3n","Tiempo de lectura":"4 minutos"},"schema":{"@context":"https:\/\/schema.org","@graph":[{"@type":"Article","@id":"https:\/\/esbozodeportivo.com\/index.php\/2025\/12\/04\/flama-olimpica-llega-a-roma\/#article","isPartOf":{"@id":"https:\/\/esbozodeportivo.com\/index.php\/2025\/12\/04\/flama-olimpica-llega-a-roma\/"},"author":{"name":"Redacci\u00f3n","@id":"https:\/\/esbozodeportivo.com\/#\/schema\/person\/0f6df9196dfe6740dd0bb31bae50d374"},"headline":"Flama ol\u00edmpica llega a Roma","datePublished":"2025-12-05T04:39:20+00:00","dateModified":"2025-12-05T04:39:21+00:00","mainEntityOfPage":{"@id":"https:\/\/esbozodeportivo.com\/index.php\/2025\/12\/04\/flama-olimpica-llega-a-roma\/"},"wordCount":723,"publisher":{"@id":"https:\/\/esbozodeportivo.com\/#organization"},"image":{"@id":"https:\/\/esbozodeportivo.com\/index.php\/2025\/12\/04\/flama-olimpica-llega-a-roma\/#primaryimage"},"thumbnailUrl":"https:\/\/esbozodeportivo.com\/wp-content\/uploads\/2025\/12\/Llama-Olimpica.jpg","articleSection":["Juegos de Invierno"],"inLanguage":"es"},{"@type":"WebPage","@id":"https:\/\/esbozodeportivo.com\/index.php\/2025\/12\/04\/flama-olimpica-llega-a-roma\/","url":"https:\/\/esbozodeportivo.com\/index.php\/2025\/12\/04\/flama-olimpica-llega-a-roma\/","name":"Flama ol\u00edmpica llega a Roma - Esbozo Deportivo","isPartOf":{"@id":"https:\/\/esbozodeportivo.com\/#website"},"primaryImageOfPage":{"@id":"https:\/\/esbozodeportivo.com\/index.php\/2025\/12\/04\/flama-olimpica-llega-a-roma\/#primaryimage"},"image":{"@id":"https:\/\/esbozodeportivo.com\/index.php\/2025\/12\/04\/flama-olimpica-llega-a-roma\/#primaryimage"},"thumbnailUrl":"https:\/\/esbozodeportivo.com\/wp-content\/uploads\/2025\/12\/Llama-Olimpica.jpg","datePublished":"2025-12-05T04:39:20+00:00","dateModified":"2025-12-05T04:39:21+00:00","description":"La llama ol\u00edmpica para los Juegos de Invierno de Mil\u00e1n-Cortina aterriz\u00f3 el jueves en Roma tras ser entregada formalmente a los organizadores italianos en el estadio de m\u00e1rmol del centro de Atenas donde se celebraron las primeras competiciones ol\u00edmpicas modernas hace casi 130 a\u00f1os.","breadcrumb":{"@id":"https:\/\/esbozodeportivo.com\/index.php\/2025\/12\/04\/flama-olimpica-llega-a-roma\/#breadcrumb"},"inLanguage":"es","potentialAction":[{"@type":"ReadAction","target":["https:\/\/esbozodeportivo.com\/index.php\/2025\/12\/04\/flama-olimpica-llega-a-roma\/"]}]},{"@type":"ImageObject","inLanguage":"es","@id":"https:\/\/esbozodeportivo.com\/index.php\/2025\/12\/04\/flama-olimpica-llega-a-roma\/#primaryimage","url":"https:\/\/esbozodeportivo.com\/wp-content\/uploads\/2025\/12\/Llama-Olimpica.jpg","contentUrl":"https:\/\/esbozodeportivo.com\/wp-content\/uploads\/2025\/12\/Llama-Olimpica.jpg","width":770,"height":530},{"@type":"BreadcrumbList","@id":"https:\/\/esbozodeportivo.com\/index.php\/2025\/12\/04\/flama-olimpica-llega-a-roma\/#breadcrumb","itemListElement":[{"@type":"ListItem","position":1,"name":"Inicio","item":"https:\/\/esbozodeportivo.com\/"},{"@type":"ListItem","position":2,"name":"Flama ol\u00edmpica llega a Roma"}]},{"@type":"WebSite","@id":"https:\/\/esbozodeportivo.com\/#website","url":"https:\/\/esbozodeportivo.com\/","name":"Esbozo Deportivo","description":"Lo m\u00e1s importante del Deporte","publisher":{"@id":"https:\/\/esbozodeportivo.com\/#organization"},"potentialAction":[{"@type":"SearchAction","target":{"@type":"EntryPoint","urlTemplate":"https:\/\/esbozodeportivo.com\/?s={search_term_string}"},"query-input":{"@type":"PropertyValueSpecification","valueRequired":true,"valueName":"search_term_string"}}],"inLanguage":"es"},{"@type":"Organization","@id":"https:\/\/esbozodeportivo.com\/#organization","name":"Esbozo Deportivo","url":"https:\/\/esbozodeportivo.com\/","logo":{"@type":"ImageObject","inLanguage":"es","@id":"https:\/\/esbozodeportivo.com\/#\/schema\/logo\/image\/","url":"https:\/\/esbozodeportivo.com\/wp-content\/uploads\/2022\/08\/cropped-Logo-Esbozo-Web-2.png","contentUrl":"https:\/\/esbozodeportivo.com\/wp-content\/uploads\/2022\/08\/cropped-Logo-Esbozo-Web-2.png","width":180,"height":50,"caption":"Esbozo Deportivo"},"image":{"@id":"https:\/\/esbozodeportivo.com\/#\/schema\/logo\/image\/"}},{"@type":"Person","@id":"https:\/\/esbozodeportivo.com\/#\/schema\/person\/0f6df9196dfe6740dd0bb31bae50d374","name":"Redacci\u00f3n","image":{"@type":"ImageObject","inLanguage":"es","@id":"https:\/\/esbozodeportivo.com\/#\/schema\/person\/image\/","url":"https:\/\/secure.gravatar.com\/avatar\/f55268a89c3b418f2ef172ff52ab0d09b3e653c58de29539fe329fb93d78ebf3?s=96&d=mm&r=g","contentUrl":"https:\/\/secure.gravatar.com\/avatar\/f55268a89c3b418f2ef172ff52ab0d09b3e653c58de29539fe329fb93d78ebf3?s=96&d=mm&r=g","caption":"Redacci\u00f3n"},"url":"https:\/\/esbozodeportivo.com\/index.php\/author\/redaccion\/"}]}},"jetpack_featured_media_url":"https:\/\/esbozodeportivo.com\/wp-content\/uploads\/2025\/12\/Llama-Olimpica.jpg","jetpack_sharing_enabled":true,"_links":{"self":[{"href":"https:\/\/esbozodeportivo.com\/index.php\/wp-json\/wp\/v2\/posts\/11685","targetHints":{"allow":["GET"]}}],"collection":[{"href":"https:\/\/esbozodeportivo.com\/index.php\/wp-json\/wp\/v2\/posts"}],"about":[{"href":"https:\/\/esbozodeportivo.com\/index.php\/wp-json\/wp\/v2\/types\/post"}],"author":[{"embeddable":true,"href":"https:\/\/esbozodeportivo.com\/index.php\/wp-json\/wp\/v2\/users\/4"}],"replies":[{"embeddable":true,"href":"https:\/\/esbozodeportivo.com\/index.php\/wp-json\/wp\/v2\/comments?post=11685"}],"version-history":[{"count":1,"href":"https:\/\/esbozodeportivo.com\/index.php\/wp-json\/wp\/v2\/posts\/11685\/revisions"}],"predecessor-version":[{"id":11686,"href":"https:\/\/esbozodeportivo.com\/index.php\/wp-json\/wp\/v2\/posts\/11685\/revisions\/11686"}],"wp:featuredmedia":[{"embeddable":true,"href":"https:\/\/esbozodeportivo.com\/index.php\/wp-json\/wp\/v2\/media\/11674"}],"wp:attachment":[{"href":"https:\/\/esbozodeportivo.com\/index.php\/wp-json\/wp\/v2\/media?parent=11685"}],"wp:term":[{"taxonomy":"category","embeddable":true,"href":"https:\/\/esbozodeportivo.com\/index.php\/wp-json\/wp\/v2\/categories?post=11685"},{"taxonomy":"post_tag","embeddable":true,"href":"https:\/\/esbozodeportivo.com\/index.php\/wp-json\/wp\/v2\/tags?post=11685"}],"curies":[{"name":"wp","href":"https:\/\/api.w.org\/{rel}","templated":true}]}}