{"id":11690,"date":"2025-12-05T14:16:26","date_gmt":"2025-12-05T20:16:26","guid":{"rendered":"https:\/\/esbozodeportivo.com\/?p=11690"},"modified":"2025-12-05T14:29:57","modified_gmt":"2025-12-05T20:29:57","slug":"caras-conocidas-en-el-camino-tricolor","status":"publish","type":"post","link":"https:\/\/esbozodeportivo.com\/index.php\/2025\/12\/05\/caras-conocidas-en-el-camino-tricolor\/","title":{"rendered":"Caras conocidas en el camino Tricolor"},"content":{"rendered":"\n<p>(Foto: Cortes\u00eda) <\/p>\n\n\n\n<p><strong>Por: Jos\u00e9 Francisco P\u00e9rez<\/strong><\/p>\n\n\n\n<p>A seis meses del arranque de la <strong>Copa del Mundo Norteamericano 2026<\/strong> se llev\u00f3 a cabo el sorteo mundialista en <strong>Washington<\/strong> capital de los <strong>Estados Unidos.<\/strong><\/p>\n\n\n\n<p>Con una emotiva ceremonia rodeada de m\u00fasica y luces muy al estilo de la uni\u00f3n americana, hoy pudimos conocer el acomodo de los 12 grupos para la fiesta mundialista.<\/p>\n\n\n\n<p>La suerte fue echada y la selecci\u00f3n nacional enfrentar\u00e1 a cara a conocidas durante la fase de grupos de la competencia.<\/p>\n\n\n\n<p>La duda por fin se disip\u00f3 y ser\u00e1 <strong>Sud\u00e1frica<\/strong> el conjunto que estar\u00e1 abriendo el tel\u00f3n el pr\u00f3ximo 11 de junio del siguiente a\u00f1o en el majestuoso <strong>Estadio Banorte, antes (Azteca<\/strong>).<\/p>\n\n\n\n<p>Ya para el 18 junio el rival ser\u00e1 la <strong>Rep\u00fablica de Corea<\/strong> en la perla tapat\u00eda.<\/p>\n\n\n\n<p>El tercer y definitivo partido de los dirigidos por <strong>Javier &#8220;Vasco&#8221; Aguirre<\/strong> se definir\u00e1 hasta dentro de cuatro meses esperando rival del repechaje en <strong>Europa<\/strong>,&nbsp; sus probables rivales son <strong>Irlanda, Dinamarca, Rep\u00fablica Checa o Macedonia del Norte.<\/strong><\/p>\n\n\n\n<p>El Tricolor iniciar\u00e1 el a\u00f1o con la fecha <strong>FIFA<\/strong> y con la reinauguraci\u00f3n del <strong>Estadio Banorte<\/strong> el 28 de marzo teniendo como selecci\u00f3n invitada a <strong>Portugal<\/strong> y su gran capit\u00e1n <strong>Cristiano Ronaldo.<\/strong><\/p>\n\n\n\n<p><\/p>\n","protected":false},"excerpt":{"rendered":"<p>(Foto: Cortes\u00eda) Por: Jos\u00e9 Francisco P\u00e9rez A seis meses del arranque de la Copa del<\/p>\n","protected":false},"author":4,"featured_media":11691,"comment_status":"closed","ping_status":"open","sticky":false,"template":"","format":"standard","meta":{"_jetpack_memberships_contains_paid_content":false,"footnotes":""},"categories":[71],"tags":[],"class_list":["post-11690","post","type-post","status-publish","format-standard","has-post-thumbnail","hentry","category-mundial-2026"],"yoast_head":"<!-- This site is optimized with the Yoast SEO plugin v25.7 - https:\/\/yoast.com\/wordpress\/plugins\/seo\/ -->\n<title>Caras conocidas en el camino Tricolor - Esbozo Deportivo<\/title>\n<meta name=\"description\" content=\"A seis meses del arranque de la Copa del Mundo Norteamericano 2026 se llev\u00f3 a cabo el sorteo mundialista en Washington capital de los Estados Unidos.\" \/>\n<meta name=\"robots\" content=\"index, follow, max-snippet:-1, max-image-preview:large, max-video-preview:-1\" \/>\n<link rel=\"canonical\" href=\"https:\/\/esbozodeportivo.com\/index.php\/2025\/12\/05\/caras-conocidas-en-el-camino-tricolor\/\" \/>\n<meta property=\"og:locale\" content=\"es_MX\" \/>\n<meta property=\"og:type\" content=\"article\" \/>\n<meta property=\"og:title\" content=\"Caras conocidas en el camino Tricolor - Esbozo Deportivo\" \/>\n<meta property=\"og:description\" content=\"A seis meses del arranque de la Copa del Mundo Norteamericano 2026 se llev\u00f3 a cabo el sorteo mundialista en Washington capital de los Estados Unidos.\" \/>\n<meta property=\"og:url\" content=\"https:\/\/esbozodeportivo.com\/index.php\/2025\/12\/05\/caras-conocidas-en-el-camino-tricolor\/\" \/>\n<meta property=\"og:site_name\" content=\"Esbozo Deportivo\" \/>\n<meta property=\"article:published_time\" content=\"2025-12-05T20:16:26+00:00\" \/>\n<meta property=\"article:modified_time\" content=\"2025-12-05T20:29:57+00:00\" \/>\n<meta property=\"og:image\" content=\"https:\/\/esbozodeportivo.com\/wp-content\/uploads\/2025\/12\/Aguirre.jpg\" \/>\n\t<meta property=\"og:image:width\" content=\"1080\" \/>\n\t<meta property=\"og:image:height\" content=\"937\" \/>\n\t<meta property=\"og:image:type\" content=\"image\/jpeg\" \/>\n<meta name=\"author\" content=\"Redacci\u00f3n\" \/>\n<meta name=\"twitter:card\" content=\"summary_large_image\" \/>\n<meta name=\"twitter:label1\" content=\"Escrito por\" \/>\n\t<meta name=\"twitter:data1\" content=\"Redacci\u00f3n\" \/>\n\t<meta name=\"twitter:label2\" content=\"Tiempo de lectura\" \/>\n\t<meta name=\"twitter:data2\" content=\"2 minutos\" \/>\n<script type=\"application\/ld+json\" class=\"yoast-schema-graph\">{\"@context\":\"https:\/\/schema.org\",\"@graph\":[{\"@type\":\"Article\",\"@id\":\"https:\/\/esbozodeportivo.com\/index.php\/2025\/12\/05\/caras-conocidas-en-el-camino-tricolor\/#article\",\"isPartOf\":{\"@id\":\"https:\/\/esbozodeportivo.com\/index.php\/2025\/12\/05\/caras-conocidas-en-el-camino-tricolor\/\"},\"author\":{\"name\":\"Redacci\u00f3n\",\"@id\":\"https:\/\/esbozodeportivo.com\/#\/schema\/person\/0f6df9196dfe6740dd0bb31bae50d374\"},\"headline\":\"Caras conocidas en el camino Tricolor\",\"datePublished\":\"2025-12-05T20:16:26+00:00\",\"dateModified\":\"2025-12-05T20:29:57+00:00\",\"mainEntityOfPage\":{\"@id\":\"https:\/\/esbozodeportivo.com\/index.php\/2025\/12\/05\/caras-conocidas-en-el-camino-tricolor\/\"},\"wordCount\":216,\"publisher\":{\"@id\":\"https:\/\/esbozodeportivo.com\/#organization\"},\"image\":{\"@id\":\"https:\/\/esbozodeportivo.com\/index.php\/2025\/12\/05\/caras-conocidas-en-el-camino-tricolor\/#primaryimage\"},\"thumbnailUrl\":\"https:\/\/esbozodeportivo.com\/wp-content\/uploads\/2025\/12\/Aguirre.jpg\",\"articleSection\":[\"Mundial 2026\"],\"inLanguage\":\"es\"},{\"@type\":\"WebPage\",\"@id\":\"https:\/\/esbozodeportivo.com\/index.php\/2025\/12\/05\/caras-conocidas-en-el-camino-tricolor\/\",\"url\":\"https:\/\/esbozodeportivo.com\/index.php\/2025\/12\/05\/caras-conocidas-en-el-camino-tricolor\/\",\"name\":\"Caras conocidas en el camino Tricolor - Esbozo Deportivo\",\"isPartOf\":{\"@id\":\"https:\/\/esbozodeportivo.com\/#website\"},\"primaryImageOfPage\":{\"@id\":\"https:\/\/esbozodeportivo.com\/index.php\/2025\/12\/05\/caras-conocidas-en-el-camino-tricolor\/#primaryimage\"},\"image\":{\"@id\":\"https:\/\/esbozodeportivo.com\/index.php\/2025\/12\/05\/caras-conocidas-en-el-camino-tricolor\/#primaryimage\"},\"thumbnailUrl\":\"https:\/\/esbozodeportivo.com\/wp-content\/uploads\/2025\/12\/Aguirre.jpg\",\"datePublished\":\"2025-12-05T20:16:26+00:00\",\"dateModified\":\"2025-12-05T20:29:57+00:00\",\"description\":\"A seis meses del arranque de la Copa del Mundo Norteamericano 2026 se llev\u00f3 a cabo el sorteo mundialista en Washington capital de los Estados Unidos.\",\"breadcrumb\":{\"@id\":\"https:\/\/esbozodeportivo.com\/index.php\/2025\/12\/05\/caras-conocidas-en-el-camino-tricolor\/#breadcrumb\"},\"inLanguage\":\"es\",\"potentialAction\":[{\"@type\":\"ReadAction\",\"target\":[\"https:\/\/esbozodeportivo.com\/index.php\/2025\/12\/05\/caras-conocidas-en-el-camino-tricolor\/\"]}]},{\"@type\":\"ImageObject\",\"inLanguage\":\"es\",\"@id\":\"https:\/\/esbozodeportivo.com\/index.php\/2025\/12\/05\/caras-conocidas-en-el-camino-tricolor\/#primaryimage\",\"url\":\"https:\/\/esbozodeportivo.com\/wp-content\/uploads\/2025\/12\/Aguirre.jpg\",\"contentUrl\":\"https:\/\/esbozodeportivo.com\/wp-content\/uploads\/2025\/12\/Aguirre.jpg\",\"width\":1080,\"height\":937},{\"@type\":\"BreadcrumbList\",\"@id\":\"https:\/\/esbozodeportivo.com\/index.php\/2025\/12\/05\/caras-conocidas-en-el-camino-tricolor\/#breadcrumb\",\"itemListElement\":[{\"@type\":\"ListItem\",\"position\":1,\"name\":\"Inicio\",\"item\":\"https:\/\/esbozodeportivo.com\/\"},{\"@type\":\"ListItem\",\"position\":2,\"name\":\"Caras conocidas en el camino Tricolor\"}]},{\"@type\":\"WebSite\",\"@id\":\"https:\/\/esbozodeportivo.com\/#website\",\"url\":\"https:\/\/esbozodeportivo.com\/\",\"name\":\"Esbozo Deportivo\",\"description\":\"Lo m\u00e1s importante del Deporte\",\"publisher\":{\"@id\":\"https:\/\/esbozodeportivo.com\/#organization\"},\"potentialAction\":[{\"@type\":\"SearchAction\",\"target\":{\"@type\":\"EntryPoint\",\"urlTemplate\":\"https:\/\/esbozodeportivo.com\/?s={search_term_string}\"},\"query-input\":{\"@type\":\"PropertyValueSpecification\",\"valueRequired\":true,\"valueName\":\"search_term_string\"}}],\"inLanguage\":\"es\"},{\"@type\":\"Organization\",\"@id\":\"https:\/\/esbozodeportivo.com\/#organization\",\"name\":\"Esbozo Deportivo\",\"url\":\"https:\/\/esbozodeportivo.com\/\",\"logo\":{\"@type\":\"ImageObject\",\"inLanguage\":\"es\",\"@id\":\"https:\/\/esbozodeportivo.com\/#\/schema\/logo\/image\/\",\"url\":\"https:\/\/esbozodeportivo.com\/wp-content\/uploads\/2022\/08\/cropped-Logo-Esbozo-Web-2.png\",\"contentUrl\":\"https:\/\/esbozodeportivo.com\/wp-content\/uploads\/2022\/08\/cropped-Logo-Esbozo-Web-2.png\",\"width\":180,\"height\":50,\"caption\":\"Esbozo Deportivo\"},\"image\":{\"@id\":\"https:\/\/esbozodeportivo.com\/#\/schema\/logo\/image\/\"}},{\"@type\":\"Person\",\"@id\":\"https:\/\/esbozodeportivo.com\/#\/schema\/person\/0f6df9196dfe6740dd0bb31bae50d374\",\"name\":\"Redacci\u00f3n\",\"image\":{\"@type\":\"ImageObject\",\"inLanguage\":\"es\",\"@id\":\"https:\/\/esbozodeportivo.com\/#\/schema\/person\/image\/\",\"url\":\"https:\/\/secure.gravatar.com\/avatar\/f55268a89c3b418f2ef172ff52ab0d09b3e653c58de29539fe329fb93d78ebf3?s=96&d=mm&r=g\",\"contentUrl\":\"https:\/\/secure.gravatar.com\/avatar\/f55268a89c3b418f2ef172ff52ab0d09b3e653c58de29539fe329fb93d78ebf3?s=96&d=mm&r=g\",\"caption\":\"Redacci\u00f3n\"},\"url\":\"https:\/\/esbozodeportivo.com\/index.php\/author\/redaccion\/\"}]}<\/script>\n<!-- \/ Yoast SEO plugin. -->","yoast_head_json":{"title":"Caras conocidas en el camino Tricolor - Esbozo Deportivo","description":"A seis meses del arranque de la Copa del Mundo Norteamericano 2026 se llev\u00f3 a cabo el sorteo mundialista en Washington capital de los Estados Unidos.","robots":{"index":"index","follow":"follow","max-snippet":"max-snippet:-1","max-image-preview":"max-image-preview:large","max-video-preview":"max-video-preview:-1"},"canonical":"https:\/\/esbozodeportivo.com\/index.php\/2025\/12\/05\/caras-conocidas-en-el-camino-tricolor\/","og_locale":"es_MX","og_type":"article","og_title":"Caras conocidas en el camino Tricolor - Esbozo Deportivo","og_description":"A seis meses del arranque de la Copa del Mundo Norteamericano 2026 se llev\u00f3 a cabo el sorteo mundialista en Washington capital de los Estados Unidos.","og_url":"https:\/\/esbozodeportivo.com\/index.php\/2025\/12\/05\/caras-conocidas-en-el-camino-tricolor\/","og_site_name":"Esbozo Deportivo","article_published_time":"2025-12-05T20:16:26+00:00","article_modified_time":"2025-12-05T20:29:57+00:00","og_image":[{"width":1080,"height":937,"url":"https:\/\/esbozodeportivo.com\/wp-content\/uploads\/2025\/12\/Aguirre.jpg","type":"image\/jpeg"}],"author":"Redacci\u00f3n","twitter_card":"summary_large_image","twitter_misc":{"Escrito por":"Redacci\u00f3n","Tiempo de lectura":"2 minutos"},"schema":{"@context":"https:\/\/schema.org","@graph":[{"@type":"Article","@id":"https:\/\/esbozodeportivo.com\/index.php\/2025\/12\/05\/caras-conocidas-en-el-camino-tricolor\/#article","isPartOf":{"@id":"https:\/\/esbozodeportivo.com\/index.php\/2025\/12\/05\/caras-conocidas-en-el-camino-tricolor\/"},"author":{"name":"Redacci\u00f3n","@id":"https:\/\/esbozodeportivo.com\/#\/schema\/person\/0f6df9196dfe6740dd0bb31bae50d374"},"headline":"Caras conocidas en el camino Tricolor","datePublished":"2025-12-05T20:16:26+00:00","dateModified":"2025-12-05T20:29:57+00:00","mainEntityOfPage":{"@id":"https:\/\/esbozodeportivo.com\/index.php\/2025\/12\/05\/caras-conocidas-en-el-camino-tricolor\/"},"wordCount":216,"publisher":{"@id":"https:\/\/esbozodeportivo.com\/#organization"},"image":{"@id":"https:\/\/esbozodeportivo.com\/index.php\/2025\/12\/05\/caras-conocidas-en-el-camino-tricolor\/#primaryimage"},"thumbnailUrl":"https:\/\/esbozodeportivo.com\/wp-content\/uploads\/2025\/12\/Aguirre.jpg","articleSection":["Mundial 2026"],"inLanguage":"es"},{"@type":"WebPage","@id":"https:\/\/esbozodeportivo.com\/index.php\/2025\/12\/05\/caras-conocidas-en-el-camino-tricolor\/","url":"https:\/\/esbozodeportivo.com\/index.php\/2025\/12\/05\/caras-conocidas-en-el-camino-tricolor\/","name":"Caras conocidas en el camino Tricolor - Esbozo Deportivo","isPartOf":{"@id":"https:\/\/esbozodeportivo.com\/#website"},"primaryImageOfPage":{"@id":"https:\/\/esbozodeportivo.com\/index.php\/2025\/12\/05\/caras-conocidas-en-el-camino-tricolor\/#primaryimage"},"image":{"@id":"https:\/\/esbozodeportivo.com\/index.php\/2025\/12\/05\/caras-conocidas-en-el-camino-tricolor\/#primaryimage"},"thumbnailUrl":"https:\/\/esbozodeportivo.com\/wp-content\/uploads\/2025\/12\/Aguirre.jpg","datePublished":"2025-12-05T20:16:26+00:00","dateModified":"2025-12-05T20:29:57+00:00","description":"A seis meses del arranque de la Copa del Mundo Norteamericano 2026 se llev\u00f3 a cabo el sorteo mundialista en Washington capital de los Estados Unidos.","breadcrumb":{"@id":"https:\/\/esbozodeportivo.com\/index.php\/2025\/12\/05\/caras-conocidas-en-el-camino-tricolor\/#breadcrumb"},"inLanguage":"es","potentialAction":[{"@type":"ReadAction","target":["https:\/\/esbozodeportivo.com\/index.php\/2025\/12\/05\/caras-conocidas-en-el-camino-tricolor\/"]}]},{"@type":"ImageObject","inLanguage":"es","@id":"https:\/\/esbozodeportivo.com\/index.php\/2025\/12\/05\/caras-conocidas-en-el-camino-tricolor\/#primaryimage","url":"https:\/\/esbozodeportivo.com\/wp-content\/uploads\/2025\/12\/Aguirre.jpg","contentUrl":"https:\/\/esbozodeportivo.com\/wp-content\/uploads\/2025\/12\/Aguirre.jpg","width":1080,"height":937},{"@type":"BreadcrumbList","@id":"https:\/\/esbozodeportivo.com\/index.php\/2025\/12\/05\/caras-conocidas-en-el-camino-tricolor\/#breadcrumb","itemListElement":[{"@type":"ListItem","position":1,"name":"Inicio","item":"https:\/\/esbozodeportivo.com\/"},{"@type":"ListItem","position":2,"name":"Caras conocidas en el camino Tricolor"}]},{"@type":"WebSite","@id":"https:\/\/esbozodeportivo.com\/#website","url":"https:\/\/esbozodeportivo.com\/","name":"Esbozo Deportivo","description":"Lo m\u00e1s importante del Deporte","publisher":{"@id":"https:\/\/esbozodeportivo.com\/#organization"},"potentialAction":[{"@type":"SearchAction","target":{"@type":"EntryPoint","urlTemplate":"https:\/\/esbozodeportivo.com\/?s={search_term_string}"},"query-input":{"@type":"PropertyValueSpecification","valueRequired":true,"valueName":"search_term_string"}}],"inLanguage":"es"},{"@type":"Organization","@id":"https:\/\/esbozodeportivo.com\/#organization","name":"Esbozo Deportivo","url":"https:\/\/esbozodeportivo.com\/","logo":{"@type":"ImageObject","inLanguage":"es","@id":"https:\/\/esbozodeportivo.com\/#\/schema\/logo\/image\/","url":"https:\/\/esbozodeportivo.com\/wp-content\/uploads\/2022\/08\/cropped-Logo-Esbozo-Web-2.png","contentUrl":"https:\/\/esbozodeportivo.com\/wp-content\/uploads\/2022\/08\/cropped-Logo-Esbozo-Web-2.png","width":180,"height":50,"caption":"Esbozo Deportivo"},"image":{"@id":"https:\/\/esbozodeportivo.com\/#\/schema\/logo\/image\/"}},{"@type":"Person","@id":"https:\/\/esbozodeportivo.com\/#\/schema\/person\/0f6df9196dfe6740dd0bb31bae50d374","name":"Redacci\u00f3n","image":{"@type":"ImageObject","inLanguage":"es","@id":"https:\/\/esbozodeportivo.com\/#\/schema\/person\/image\/","url":"https:\/\/secure.gravatar.com\/avatar\/f55268a89c3b418f2ef172ff52ab0d09b3e653c58de29539fe329fb93d78ebf3?s=96&d=mm&r=g","contentUrl":"https:\/\/secure.gravatar.com\/avatar\/f55268a89c3b418f2ef172ff52ab0d09b3e653c58de29539fe329fb93d78ebf3?s=96&d=mm&r=g","caption":"Redacci\u00f3n"},"url":"https:\/\/esbozodeportivo.com\/index.php\/author\/redaccion\/"}]}},"jetpack_featured_media_url":"https:\/\/esbozodeportivo.com\/wp-content\/uploads\/2025\/12\/Aguirre.jpg","jetpack_sharing_enabled":true,"_links":{"self":[{"href":"https:\/\/esbozodeportivo.com\/index.php\/wp-json\/wp\/v2\/posts\/11690","targetHints":{"allow":["GET"]}}],"collection":[{"href":"https:\/\/esbozodeportivo.com\/index.php\/wp-json\/wp\/v2\/posts"}],"about":[{"href":"https:\/\/esbozodeportivo.com\/index.php\/wp-json\/wp\/v2\/types\/post"}],"author":[{"embeddable":true,"href":"https:\/\/esbozodeportivo.com\/index.php\/wp-json\/wp\/v2\/users\/4"}],"replies":[{"embeddable":true,"href":"https:\/\/esbozodeportivo.com\/index.php\/wp-json\/wp\/v2\/comments?post=11690"}],"version-history":[{"count":2,"href":"https:\/\/esbozodeportivo.com\/index.php\/wp-json\/wp\/v2\/posts\/11690\/revisions"}],"predecessor-version":[{"id":11697,"href":"https:\/\/esbozodeportivo.com\/index.php\/wp-json\/wp\/v2\/posts\/11690\/revisions\/11697"}],"wp:featuredmedia":[{"embeddable":true,"href":"https:\/\/esbozodeportivo.com\/index.php\/wp-json\/wp\/v2\/media\/11691"}],"wp:attachment":[{"href":"https:\/\/esbozodeportivo.com\/index.php\/wp-json\/wp\/v2\/media?parent=11690"}],"wp:term":[{"taxonomy":"category","embeddable":true,"href":"https:\/\/esbozodeportivo.com\/index.php\/wp-json\/wp\/v2\/categories?post=11690"},{"taxonomy":"post_tag","embeddable":true,"href":"https:\/\/esbozodeportivo.com\/index.php\/wp-json\/wp\/v2\/tags?post=11690"}],"curies":[{"name":"wp","href":"https:\/\/api.w.org\/{rel}","templated":true}]}}