{"id":11712,"date":"2025-12-05T14:44:52","date_gmt":"2025-12-05T20:44:52","guid":{"rendered":"https:\/\/esbozodeportivo.com\/?p=11712"},"modified":"2025-12-05T14:44:53","modified_gmt":"2025-12-05T20:44:53","slug":"la-fifa-galardona-a-donald-trump","status":"publish","type":"post","link":"https:\/\/esbozodeportivo.com\/index.php\/2025\/12\/05\/la-fifa-galardona-a-donald-trump\/","title":{"rendered":"La FIFA galardona a Donald Trump"},"content":{"rendered":"\n<p>(Foto: Agencias) <\/p>\n\n\n\n<p>El presidente Donald Trump fue galardonado el viernes con el nuevo premio de la paz de la FIFA durante el sorteo de la Copa Mundial 2026, a\u00f1adi\u00e9ndole un toque a\u00fan m\u00e1s trumpiano a la m\u00e1xima cita del f\u00fatbol.<\/p>\n\n\n\n<p>Trump, quien ha hecho campa\u00f1a abiertamente por el Premio Nobel de la Paz, era el gran favorito para ganar el reci\u00e9n creado premio de la FIFA. Trump y el presidente de la FIFA, Gianni Infantino, son aliados cercanos, e Infantino hab\u00eda dejado claro que pensaba que Trump deber\u00eda haber ganado el Nobel por sus esfuerzos para negociar un alto el fuego en Gaza.<\/p>\n\n\n\n<p>El presidente de Estados Unidos fue galardonado con el premio que Infantino describi\u00f3 como una \u201chermosa medalla para ti que puedes llevar a donde quieras\u201d.<\/p>\n\n\n\n<p>Al inicio de la ceremonia en el Centro Kennedy para las Artes Esc\u00e9nicas, Trump se coloc\u00f3 r\u00e1pidamente la medalla alrededor del cuello. El certificado que Infantino entreg\u00f3 a Trump reconoce al presidente de Estados Unidos por sus acciones para \u201cpromover la paz y la unidad en todo el mundo\u201d.<\/p>\n\n\n\n<p>\u201cEsto es lo que queremos de un l\u00edder: un l\u00edder que se preocupa por la gente\u201d, declar\u00f3 Infantino. Trump tambi\u00e9n recibi\u00f3 un trofeo de oro con su nombre que representa manos sosteniendo el mundo. El jerarca de la FIFA le dijo a Trump: \u201cEste es tu premio, este es tu premio de paz\u201d.<\/p>\n\n\n\n<p>Trump agradeci\u00f3 a su familia, incluida su esposa, la primera dama Melania Trump, y elogi\u00f3 a los l\u00edderes de las otras dos naciones anfitrionas: el primer ministro canadiense Mark Carney y la presidenta mexicana Claudia Sheinbaum, en sus breves comentarios, diciendo que la coordinaci\u00f3n con los pa\u00edses ha sido \u201csobresaliente\u201d.<\/p>\n\n\n\n<p>\u201cEste es verdaderamente uno de los grandes honores de mi vida\u201d, expres\u00f3 Trump.<\/p>\n\n\n\n<p>Infantino ha hablado repetidamente sobre el f\u00fatbol como un unificador para el mundo, pero el premio es un alejamiento del enfoque tradicional del ente rector en el deporte.<\/p>\n\n\n\n<p>Trump dijo a los periodistas al llegar al Centro Kennedy para las Artes Esc\u00e9nicas que no sab\u00eda si iba a recibir el premio, y a\u00f1adi\u00f3: \u201cNo necesito premios. Solo quiero salvar vidas\u201d.<\/p>\n\n\n\n<p>El presidente de la FIFA tambi\u00e9n estuvo presente el jueves en el reci\u00e9n renombrado Instituto de la Paz Donald J. Trump en Washington, donde Trump y los l\u00edderes de la Rep\u00fablica Democr\u00e1tica del Congo y Ruanda firmaron un acuerdo destinado a poner fin al conflicto en el este del Congo.<\/p>\n\n\n\n<p>La FIFA ha descrito el premio como uno que recompensa a \u201cindividuos que han tomado acciones excepcionales y extraordinarias por la paz y al hacerlo han unido a personas de todo el mundo\u201d.<\/p>\n\n\n\n<p>El premio a Trump se otorg\u00f3 durante una semana en la que su gobierno ha estado involucrado en gestiones diplom\u00e1ticas para intentar poner fin a la guerra en Ucrania, mientras tambi\u00e9n est\u00e1 bajo escrutinio por ataques letales a presuntas embarcaciones de drogas en el Caribe. Al mismo tiempo, Trump ha endurecido su ret\u00f3rica contra los inmigrantes.<\/p>\n\n\n\n<p>El Nobel de este a\u00f1o fue finalmente otorgado a la l\u00edder opositora venezolana Mar\u00eda Corina Machado, quien dijo poco despu\u00e9s de recibir el premio que lo estaba dedicando en parte a Trump por \u201csu apoyo decisivo a nuestra causa\u201d.<\/p>\n\n\n\n<p><\/p>\n\n\n\n<p><\/p>\n","protected":false},"excerpt":{"rendered":"<p>(Foto: Agencias) El presidente Donald Trump fue galardonado el viernes con el nuevo premio de<\/p>\n","protected":false},"author":4,"featured_media":11704,"comment_status":"closed","ping_status":"open","sticky":false,"template":"","format":"standard","meta":{"_jetpack_memberships_contains_paid_content":false,"footnotes":""},"categories":[71],"tags":[],"class_list":["post-11712","post","type-post","status-publish","format-standard","has-post-thumbnail","hentry","category-mundial-2026"],"yoast_head":"<!-- This site is optimized with the Yoast SEO plugin v25.7 - https:\/\/yoast.com\/wordpress\/plugins\/seo\/ -->\n<title>La FIFA galardona a Donald Trump - Esbozo Deportivo<\/title>\n<meta name=\"description\" content=\"El presidente Donald Trump fue galardonado el viernes con el nuevo premio de la paz de la FIFA durante el sorteo de la Copa Mundial 2026, a\u00f1adi\u00e9ndole un toque a\u00fan m\u00e1s trumpiano a la m\u00e1xima cita del f\u00fatbol.\" \/>\n<meta name=\"robots\" content=\"index, follow, max-snippet:-1, max-image-preview:large, max-video-preview:-1\" \/>\n<link rel=\"canonical\" href=\"https:\/\/esbozodeportivo.com\/index.php\/2025\/12\/05\/la-fifa-galardona-a-donald-trump\/\" \/>\n<meta property=\"og:locale\" content=\"es_MX\" \/>\n<meta property=\"og:type\" content=\"article\" \/>\n<meta property=\"og:title\" content=\"La FIFA galardona a Donald Trump - Esbozo Deportivo\" \/>\n<meta property=\"og:description\" content=\"El presidente Donald Trump fue galardonado el viernes con el nuevo premio de la paz de la FIFA durante el sorteo de la Copa Mundial 2026, a\u00f1adi\u00e9ndole un toque a\u00fan m\u00e1s trumpiano a la m\u00e1xima cita del f\u00fatbol.\" \/>\n<meta property=\"og:url\" content=\"https:\/\/esbozodeportivo.com\/index.php\/2025\/12\/05\/la-fifa-galardona-a-donald-trump\/\" \/>\n<meta property=\"og:site_name\" content=\"Esbozo Deportivo\" \/>\n<meta property=\"article:published_time\" content=\"2025-12-05T20:44:52+00:00\" \/>\n<meta property=\"article:modified_time\" content=\"2025-12-05T20:44:53+00:00\" \/>\n<meta property=\"og:image\" content=\"https:\/\/esbozodeportivo.com\/wp-content\/uploads\/2025\/12\/Mundial.jpg\" \/>\n\t<meta property=\"og:image:width\" content=\"1440\" \/>\n\t<meta property=\"og:image:height\" content=\"960\" \/>\n\t<meta property=\"og:image:type\" content=\"image\/jpeg\" \/>\n<meta name=\"author\" content=\"Redacci\u00f3n\" \/>\n<meta name=\"twitter:card\" content=\"summary_large_image\" \/>\n<meta name=\"twitter:label1\" content=\"Escrito por\" \/>\n\t<meta name=\"twitter:data1\" content=\"Redacci\u00f3n\" \/>\n\t<meta name=\"twitter:label2\" content=\"Tiempo de lectura\" \/>\n\t<meta name=\"twitter:data2\" content=\"3 minutos\" \/>\n<script type=\"application\/ld+json\" class=\"yoast-schema-graph\">{\"@context\":\"https:\/\/schema.org\",\"@graph\":[{\"@type\":\"Article\",\"@id\":\"https:\/\/esbozodeportivo.com\/index.php\/2025\/12\/05\/la-fifa-galardona-a-donald-trump\/#article\",\"isPartOf\":{\"@id\":\"https:\/\/esbozodeportivo.com\/index.php\/2025\/12\/05\/la-fifa-galardona-a-donald-trump\/\"},\"author\":{\"name\":\"Redacci\u00f3n\",\"@id\":\"https:\/\/esbozodeportivo.com\/#\/schema\/person\/0f6df9196dfe6740dd0bb31bae50d374\"},\"headline\":\"La FIFA galardona a Donald Trump\",\"datePublished\":\"2025-12-05T20:44:52+00:00\",\"dateModified\":\"2025-12-05T20:44:53+00:00\",\"mainEntityOfPage\":{\"@id\":\"https:\/\/esbozodeportivo.com\/index.php\/2025\/12\/05\/la-fifa-galardona-a-donald-trump\/\"},\"wordCount\":570,\"publisher\":{\"@id\":\"https:\/\/esbozodeportivo.com\/#organization\"},\"image\":{\"@id\":\"https:\/\/esbozodeportivo.com\/index.php\/2025\/12\/05\/la-fifa-galardona-a-donald-trump\/#primaryimage\"},\"thumbnailUrl\":\"https:\/\/esbozodeportivo.com\/wp-content\/uploads\/2025\/12\/Mundial.jpg\",\"articleSection\":[\"Mundial 2026\"],\"inLanguage\":\"es\"},{\"@type\":\"WebPage\",\"@id\":\"https:\/\/esbozodeportivo.com\/index.php\/2025\/12\/05\/la-fifa-galardona-a-donald-trump\/\",\"url\":\"https:\/\/esbozodeportivo.com\/index.php\/2025\/12\/05\/la-fifa-galardona-a-donald-trump\/\",\"name\":\"La FIFA galardona a Donald Trump - Esbozo Deportivo\",\"isPartOf\":{\"@id\":\"https:\/\/esbozodeportivo.com\/#website\"},\"primaryImageOfPage\":{\"@id\":\"https:\/\/esbozodeportivo.com\/index.php\/2025\/12\/05\/la-fifa-galardona-a-donald-trump\/#primaryimage\"},\"image\":{\"@id\":\"https:\/\/esbozodeportivo.com\/index.php\/2025\/12\/05\/la-fifa-galardona-a-donald-trump\/#primaryimage\"},\"thumbnailUrl\":\"https:\/\/esbozodeportivo.com\/wp-content\/uploads\/2025\/12\/Mundial.jpg\",\"datePublished\":\"2025-12-05T20:44:52+00:00\",\"dateModified\":\"2025-12-05T20:44:53+00:00\",\"description\":\"El presidente Donald Trump fue galardonado el viernes con el nuevo premio de la paz de la FIFA durante el sorteo de la Copa Mundial 2026, a\u00f1adi\u00e9ndole un toque a\u00fan m\u00e1s trumpiano a la m\u00e1xima cita del f\u00fatbol.\",\"breadcrumb\":{\"@id\":\"https:\/\/esbozodeportivo.com\/index.php\/2025\/12\/05\/la-fifa-galardona-a-donald-trump\/#breadcrumb\"},\"inLanguage\":\"es\",\"potentialAction\":[{\"@type\":\"ReadAction\",\"target\":[\"https:\/\/esbozodeportivo.com\/index.php\/2025\/12\/05\/la-fifa-galardona-a-donald-trump\/\"]}]},{\"@type\":\"ImageObject\",\"inLanguage\":\"es\",\"@id\":\"https:\/\/esbozodeportivo.com\/index.php\/2025\/12\/05\/la-fifa-galardona-a-donald-trump\/#primaryimage\",\"url\":\"https:\/\/esbozodeportivo.com\/wp-content\/uploads\/2025\/12\/Mundial.jpg\",\"contentUrl\":\"https:\/\/esbozodeportivo.com\/wp-content\/uploads\/2025\/12\/Mundial.jpg\",\"width\":1440,\"height\":960},{\"@type\":\"BreadcrumbList\",\"@id\":\"https:\/\/esbozodeportivo.com\/index.php\/2025\/12\/05\/la-fifa-galardona-a-donald-trump\/#breadcrumb\",\"itemListElement\":[{\"@type\":\"ListItem\",\"position\":1,\"name\":\"Inicio\",\"item\":\"https:\/\/esbozodeportivo.com\/\"},{\"@type\":\"ListItem\",\"position\":2,\"name\":\"La FIFA galardona a Donald Trump\"}]},{\"@type\":\"WebSite\",\"@id\":\"https:\/\/esbozodeportivo.com\/#website\",\"url\":\"https:\/\/esbozodeportivo.com\/\",\"name\":\"Esbozo Deportivo\",\"description\":\"Lo m\u00e1s importante del Deporte\",\"publisher\":{\"@id\":\"https:\/\/esbozodeportivo.com\/#organization\"},\"potentialAction\":[{\"@type\":\"SearchAction\",\"target\":{\"@type\":\"EntryPoint\",\"urlTemplate\":\"https:\/\/esbozodeportivo.com\/?s={search_term_string}\"},\"query-input\":{\"@type\":\"PropertyValueSpecification\",\"valueRequired\":true,\"valueName\":\"search_term_string\"}}],\"inLanguage\":\"es\"},{\"@type\":\"Organization\",\"@id\":\"https:\/\/esbozodeportivo.com\/#organization\",\"name\":\"Esbozo Deportivo\",\"url\":\"https:\/\/esbozodeportivo.com\/\",\"logo\":{\"@type\":\"ImageObject\",\"inLanguage\":\"es\",\"@id\":\"https:\/\/esbozodeportivo.com\/#\/schema\/logo\/image\/\",\"url\":\"https:\/\/esbozodeportivo.com\/wp-content\/uploads\/2022\/08\/cropped-Logo-Esbozo-Web-2.png\",\"contentUrl\":\"https:\/\/esbozodeportivo.com\/wp-content\/uploads\/2022\/08\/cropped-Logo-Esbozo-Web-2.png\",\"width\":180,\"height\":50,\"caption\":\"Esbozo Deportivo\"},\"image\":{\"@id\":\"https:\/\/esbozodeportivo.com\/#\/schema\/logo\/image\/\"}},{\"@type\":\"Person\",\"@id\":\"https:\/\/esbozodeportivo.com\/#\/schema\/person\/0f6df9196dfe6740dd0bb31bae50d374\",\"name\":\"Redacci\u00f3n\",\"image\":{\"@type\":\"ImageObject\",\"inLanguage\":\"es\",\"@id\":\"https:\/\/esbozodeportivo.com\/#\/schema\/person\/image\/\",\"url\":\"https:\/\/secure.gravatar.com\/avatar\/f55268a89c3b418f2ef172ff52ab0d09b3e653c58de29539fe329fb93d78ebf3?s=96&d=mm&r=g\",\"contentUrl\":\"https:\/\/secure.gravatar.com\/avatar\/f55268a89c3b418f2ef172ff52ab0d09b3e653c58de29539fe329fb93d78ebf3?s=96&d=mm&r=g\",\"caption\":\"Redacci\u00f3n\"},\"url\":\"https:\/\/esbozodeportivo.com\/index.php\/author\/redaccion\/\"}]}<\/script>\n<!-- \/ Yoast SEO plugin. -->","yoast_head_json":{"title":"La FIFA galardona a Donald Trump - Esbozo Deportivo","description":"El presidente Donald Trump fue galardonado el viernes con el nuevo premio de la paz de la FIFA durante el sorteo de la Copa Mundial 2026, a\u00f1adi\u00e9ndole un toque a\u00fan m\u00e1s trumpiano a la m\u00e1xima cita del f\u00fatbol.","robots":{"index":"index","follow":"follow","max-snippet":"max-snippet:-1","max-image-preview":"max-image-preview:large","max-video-preview":"max-video-preview:-1"},"canonical":"https:\/\/esbozodeportivo.com\/index.php\/2025\/12\/05\/la-fifa-galardona-a-donald-trump\/","og_locale":"es_MX","og_type":"article","og_title":"La FIFA galardona a Donald Trump - Esbozo Deportivo","og_description":"El presidente Donald Trump fue galardonado el viernes con el nuevo premio de la paz de la FIFA durante el sorteo de la Copa Mundial 2026, a\u00f1adi\u00e9ndole un toque a\u00fan m\u00e1s trumpiano a la m\u00e1xima cita del f\u00fatbol.","og_url":"https:\/\/esbozodeportivo.com\/index.php\/2025\/12\/05\/la-fifa-galardona-a-donald-trump\/","og_site_name":"Esbozo Deportivo","article_published_time":"2025-12-05T20:44:52+00:00","article_modified_time":"2025-12-05T20:44:53+00:00","og_image":[{"width":1440,"height":960,"url":"https:\/\/esbozodeportivo.com\/wp-content\/uploads\/2025\/12\/Mundial.jpg","type":"image\/jpeg"}],"author":"Redacci\u00f3n","twitter_card":"summary_large_image","twitter_misc":{"Escrito por":"Redacci\u00f3n","Tiempo de lectura":"3 minutos"},"schema":{"@context":"https:\/\/schema.org","@graph":[{"@type":"Article","@id":"https:\/\/esbozodeportivo.com\/index.php\/2025\/12\/05\/la-fifa-galardona-a-donald-trump\/#article","isPartOf":{"@id":"https:\/\/esbozodeportivo.com\/index.php\/2025\/12\/05\/la-fifa-galardona-a-donald-trump\/"},"author":{"name":"Redacci\u00f3n","@id":"https:\/\/esbozodeportivo.com\/#\/schema\/person\/0f6df9196dfe6740dd0bb31bae50d374"},"headline":"La FIFA galardona a Donald Trump","datePublished":"2025-12-05T20:44:52+00:00","dateModified":"2025-12-05T20:44:53+00:00","mainEntityOfPage":{"@id":"https:\/\/esbozodeportivo.com\/index.php\/2025\/12\/05\/la-fifa-galardona-a-donald-trump\/"},"wordCount":570,"publisher":{"@id":"https:\/\/esbozodeportivo.com\/#organization"},"image":{"@id":"https:\/\/esbozodeportivo.com\/index.php\/2025\/12\/05\/la-fifa-galardona-a-donald-trump\/#primaryimage"},"thumbnailUrl":"https:\/\/esbozodeportivo.com\/wp-content\/uploads\/2025\/12\/Mundial.jpg","articleSection":["Mundial 2026"],"inLanguage":"es"},{"@type":"WebPage","@id":"https:\/\/esbozodeportivo.com\/index.php\/2025\/12\/05\/la-fifa-galardona-a-donald-trump\/","url":"https:\/\/esbozodeportivo.com\/index.php\/2025\/12\/05\/la-fifa-galardona-a-donald-trump\/","name":"La FIFA galardona a Donald Trump - Esbozo Deportivo","isPartOf":{"@id":"https:\/\/esbozodeportivo.com\/#website"},"primaryImageOfPage":{"@id":"https:\/\/esbozodeportivo.com\/index.php\/2025\/12\/05\/la-fifa-galardona-a-donald-trump\/#primaryimage"},"image":{"@id":"https:\/\/esbozodeportivo.com\/index.php\/2025\/12\/05\/la-fifa-galardona-a-donald-trump\/#primaryimage"},"thumbnailUrl":"https:\/\/esbozodeportivo.com\/wp-content\/uploads\/2025\/12\/Mundial.jpg","datePublished":"2025-12-05T20:44:52+00:00","dateModified":"2025-12-05T20:44:53+00:00","description":"El presidente Donald Trump fue galardonado el viernes con el nuevo premio de la paz de la FIFA durante el sorteo de la Copa Mundial 2026, a\u00f1adi\u00e9ndole un toque a\u00fan m\u00e1s trumpiano a la m\u00e1xima cita del f\u00fatbol.","breadcrumb":{"@id":"https:\/\/esbozodeportivo.com\/index.php\/2025\/12\/05\/la-fifa-galardona-a-donald-trump\/#breadcrumb"},"inLanguage":"es","potentialAction":[{"@type":"ReadAction","target":["https:\/\/esbozodeportivo.com\/index.php\/2025\/12\/05\/la-fifa-galardona-a-donald-trump\/"]}]},{"@type":"ImageObject","inLanguage":"es","@id":"https:\/\/esbozodeportivo.com\/index.php\/2025\/12\/05\/la-fifa-galardona-a-donald-trump\/#primaryimage","url":"https:\/\/esbozodeportivo.com\/wp-content\/uploads\/2025\/12\/Mundial.jpg","contentUrl":"https:\/\/esbozodeportivo.com\/wp-content\/uploads\/2025\/12\/Mundial.jpg","width":1440,"height":960},{"@type":"BreadcrumbList","@id":"https:\/\/esbozodeportivo.com\/index.php\/2025\/12\/05\/la-fifa-galardona-a-donald-trump\/#breadcrumb","itemListElement":[{"@type":"ListItem","position":1,"name":"Inicio","item":"https:\/\/esbozodeportivo.com\/"},{"@type":"ListItem","position":2,"name":"La FIFA galardona a Donald Trump"}]},{"@type":"WebSite","@id":"https:\/\/esbozodeportivo.com\/#website","url":"https:\/\/esbozodeportivo.com\/","name":"Esbozo Deportivo","description":"Lo m\u00e1s importante del Deporte","publisher":{"@id":"https:\/\/esbozodeportivo.com\/#organization"},"potentialAction":[{"@type":"SearchAction","target":{"@type":"EntryPoint","urlTemplate":"https:\/\/esbozodeportivo.com\/?s={search_term_string}"},"query-input":{"@type":"PropertyValueSpecification","valueRequired":true,"valueName":"search_term_string"}}],"inLanguage":"es"},{"@type":"Organization","@id":"https:\/\/esbozodeportivo.com\/#organization","name":"Esbozo Deportivo","url":"https:\/\/esbozodeportivo.com\/","logo":{"@type":"ImageObject","inLanguage":"es","@id":"https:\/\/esbozodeportivo.com\/#\/schema\/logo\/image\/","url":"https:\/\/esbozodeportivo.com\/wp-content\/uploads\/2022\/08\/cropped-Logo-Esbozo-Web-2.png","contentUrl":"https:\/\/esbozodeportivo.com\/wp-content\/uploads\/2022\/08\/cropped-Logo-Esbozo-Web-2.png","width":180,"height":50,"caption":"Esbozo Deportivo"},"image":{"@id":"https:\/\/esbozodeportivo.com\/#\/schema\/logo\/image\/"}},{"@type":"Person","@id":"https:\/\/esbozodeportivo.com\/#\/schema\/person\/0f6df9196dfe6740dd0bb31bae50d374","name":"Redacci\u00f3n","image":{"@type":"ImageObject","inLanguage":"es","@id":"https:\/\/esbozodeportivo.com\/#\/schema\/person\/image\/","url":"https:\/\/secure.gravatar.com\/avatar\/f55268a89c3b418f2ef172ff52ab0d09b3e653c58de29539fe329fb93d78ebf3?s=96&d=mm&r=g","contentUrl":"https:\/\/secure.gravatar.com\/avatar\/f55268a89c3b418f2ef172ff52ab0d09b3e653c58de29539fe329fb93d78ebf3?s=96&d=mm&r=g","caption":"Redacci\u00f3n"},"url":"https:\/\/esbozodeportivo.com\/index.php\/author\/redaccion\/"}]}},"jetpack_featured_media_url":"https:\/\/esbozodeportivo.com\/wp-content\/uploads\/2025\/12\/Mundial.jpg","jetpack_sharing_enabled":true,"_links":{"self":[{"href":"https:\/\/esbozodeportivo.com\/index.php\/wp-json\/wp\/v2\/posts\/11712","targetHints":{"allow":["GET"]}}],"collection":[{"href":"https:\/\/esbozodeportivo.com\/index.php\/wp-json\/wp\/v2\/posts"}],"about":[{"href":"https:\/\/esbozodeportivo.com\/index.php\/wp-json\/wp\/v2\/types\/post"}],"author":[{"embeddable":true,"href":"https:\/\/esbozodeportivo.com\/index.php\/wp-json\/wp\/v2\/users\/4"}],"replies":[{"embeddable":true,"href":"https:\/\/esbozodeportivo.com\/index.php\/wp-json\/wp\/v2\/comments?post=11712"}],"version-history":[{"count":1,"href":"https:\/\/esbozodeportivo.com\/index.php\/wp-json\/wp\/v2\/posts\/11712\/revisions"}],"predecessor-version":[{"id":11713,"href":"https:\/\/esbozodeportivo.com\/index.php\/wp-json\/wp\/v2\/posts\/11712\/revisions\/11713"}],"wp:featuredmedia":[{"embeddable":true,"href":"https:\/\/esbozodeportivo.com\/index.php\/wp-json\/wp\/v2\/media\/11704"}],"wp:attachment":[{"href":"https:\/\/esbozodeportivo.com\/index.php\/wp-json\/wp\/v2\/media?parent=11712"}],"wp:term":[{"taxonomy":"category","embeddable":true,"href":"https:\/\/esbozodeportivo.com\/index.php\/wp-json\/wp\/v2\/categories?post=11712"},{"taxonomy":"post_tag","embeddable":true,"href":"https:\/\/esbozodeportivo.com\/index.php\/wp-json\/wp\/v2\/tags?post=11712"}],"curies":[{"name":"wp","href":"https:\/\/api.w.org\/{rel}","templated":true}]}}