{"id":11725,"date":"2025-12-06T23:24:58","date_gmt":"2025-12-07T05:24:58","guid":{"rendered":"https:\/\/esbozodeportivo.com\/?p=11725"},"modified":"2025-12-06T23:24:59","modified_gmt":"2025-12-07T05:24:59","slug":"inicia-recorrido-de-la-flama-olimpica","status":"publish","type":"post","link":"https:\/\/esbozodeportivo.com\/index.php\/2025\/12\/06\/inicia-recorrido-de-la-flama-olimpica\/","title":{"rendered":"Inicia recorrido de la flama ol\u00edmpica"},"content":{"rendered":"\n<p>(Foto: Age3ncias) <\/p>\n\n\n\n<p>El campe\u00f3n ol\u00edmpico de nataci\u00f3n Gregorio Paltrinieri y otros atletas de verano iniciaron el relevo de la antorcha para los Juegos de Invierno de Mil\u00e1n-Cortina el s\u00e1bado, marcando exactamente dos meses antes de la ceremonia de apertura del seis de febrero.<\/p>\n\n\n\n<p>Paltrinieri llev\u00f3 la elegante antorcha alrededor de la pista del Stadio dei Marmi, rodeado de estatuas, en el Foro It\u00e1lico para comenzar un recorrido de 12.000 kil\u00f3metros (casi 7.500 millas) que atravesar\u00e1 las 110 provincias italianas antes de llegar al Estadio San Siro de Mil\u00e1n para la ceremonia de apertura.<\/p>\n\n\n\n<p>\u201cEs un placer ser parte del movimiento ol\u00edmpico, incluso si son los Juegos Ol\u00edmpicos de Invierno\u201d, expres\u00f3 Paltrinieri.<\/p>\n\n\n\n<p>En total, habr\u00e1 10.001 portadores de la antorcha.<\/p>\n\n\n\n<p>Al final del primer d\u00eda, la polic\u00eda inform\u00f3 que detuvo a dos grupos de activistas pro-palestinos para evitar que entraran en contacto con la ruta del relevo.<\/p>\n\n\n\n<p>Giancarlo Peris, el \u00faltimo portador de la antorcha de los Juegos Ol\u00edmpicos de 1960 en Roma, llev\u00f3 la llama ol\u00edmpica en una linterna para dar inicio a los eventos. Peris, de 84 a\u00f1os, ten\u00eda 18 cuando encendi\u00f3 el pebetero en el Stadio Olimpico \u2014que est\u00e1 junto al Stadio dei Marmi\u2014 hace m\u00e1s de 65 a\u00f1os.<\/p>\n\n\n\n<p>Peris coment\u00f3 con una sonrisa: \u201cNo pens\u00e9 que estar\u00eda aqu\u00ed hoy\u201d.<\/p>\n\n\n\n<p>Paltrinieri gan\u00f3 el oro en los 1.500 metros en los Juegos de R\u00edo de Janeiro 2016 y tiene cinco medallas ol\u00edmpicas en total. \u00c9l y su novia, la esgrimista Rossella Fiamingo, llevaron la bandera de Italia en la ceremonia de clausura de los Juegos de Par\u00eds del a\u00f1o pasado.<\/p>\n\n\n\n<p>\u201cSol\u00eda esquiar cuando era ni\u00f1o, pero luego dej\u00e9 de hacerlo porque es un poco peligroso para m\u00ed\u201d, coment\u00f3 Paltrinieri. \u201cEl esqu\u00ed es mi deporte favorito (de los Juegos Ol\u00edmpicos de Invierno)&#8230; Alberto Tomba fue uno de mis mayores \u00eddolos\u201d.<\/p>\n\n\n\n<p>Paltrinieri entreg\u00f3 la antorcha a la esgrimista retirada Elisa Di Francisca, quien gan\u00f3 dos oros en los Juegos de Londres 2012.<\/p>\n\n\n\n<p>El siguiente relevo fue Gianmarco Tamberi, campe\u00f3n ol\u00edmpico de salto de altura de 2020.<\/p>\n\n\n\n<p>Tambi\u00e9n estaban programados para llevar la antorcha alrededor de Roma el s\u00e1bado el tenista Matteo Berrettini, el exjugador de la NBA Andrea Bargnani y el ex piloto de motociclismo Max Biaggi.<\/p>\n\n\n\n<p>El relevo de la antorcha, que incluye 60 celebraciones en ciudades, estar\u00e1 en N\u00e1poles para Navidad y en Bari para la v\u00edspera de A\u00f1o Nuevo. Llegar\u00e1 a Tur\u00edn, sede de los Juegos Ol\u00edmpicos de 2006, el 11 de enero.<\/p>\n\n\n\n<p>La antorcha llegar\u00e1 a Verona el 18 de enero y pasar\u00e1 por Cortina d\u2019Ampezzo el 26 de enero, en el 70 aniversario de la ceremonia de apertura de los Juegos Ol\u00edmpicos de Invierno de 1956 celebrados en el resort de los Dolomitas.<\/p>\n\n\n\n<p>Tambi\u00e9n se encender\u00e1 un pebetero en Cortina la noche de la ceremonia de apertura.<\/p>\n\n\n\n<p>El presidente del comit\u00e9 organizador local, Giovanni Malag\u00f2, se\u00f1al\u00f3 que el relevo de la antorcha pasar\u00e1 por todos los sitios del Patrimonio Mundial de la UNESCO del pa\u00eds, de los cuales Italia tiene m\u00e1s que cualquier otro pa\u00eds con 61.<\/p>\n\n\n\n<p>\u201cEs como un gran anuncio de dos meses\u201d, dijo Malag\u00f2.<\/p>\n\n\n\n<p>Estos Juegos se llevar\u00e1n a cabo en una gran extensi\u00f3n del norte de Italia y la ceremonia se observar\u00e1 en cuatro ubicaciones diferentes, incluyendo Livigno (donde se disputar\u00e1n el snowboard y el esqu\u00ed estilo libre) y Predazzo (salto de esqu\u00ed)<\/p>\n\n\n\n<p><\/p>\n","protected":false},"excerpt":{"rendered":"<p>(Foto: Age3ncias) El campe\u00f3n ol\u00edmpico de nataci\u00f3n Gregorio Paltrinieri y otros atletas de verano iniciaron<\/p>\n","protected":false},"author":4,"featured_media":11729,"comment_status":"closed","ping_status":"open","sticky":false,"template":"","format":"standard","meta":{"_jetpack_memberships_contains_paid_content":false,"footnotes":""},"categories":[117],"tags":[],"class_list":["post-11725","post","type-post","status-publish","format-standard","has-post-thumbnail","hentry","category-juegos-de-invierno"],"yoast_head":"<!-- This site is optimized with the Yoast SEO plugin v25.7 - https:\/\/yoast.com\/wordpress\/plugins\/seo\/ -->\n<title>Inicia recorrido de la flama ol\u00edmpica - Esbozo Deportivo<\/title>\n<meta name=\"description\" content=\"El campe\u00f3n ol\u00edmpico de nataci\u00f3n Gregorio Paltrinieri y otros atletas de verano iniciaron el relevo de la antorcha para los Juegos de Invierno de Mil\u00e1n-Cortina el s\u00e1bado, marcando exactamente dos meses antes de la ceremonia de apertura del seis de febrero.\" \/>\n<meta name=\"robots\" content=\"index, follow, max-snippet:-1, max-image-preview:large, max-video-preview:-1\" \/>\n<link rel=\"canonical\" href=\"https:\/\/esbozodeportivo.com\/index.php\/2025\/12\/06\/inicia-recorrido-de-la-flama-olimpica\/\" \/>\n<meta property=\"og:locale\" content=\"es_MX\" \/>\n<meta property=\"og:type\" content=\"article\" \/>\n<meta property=\"og:title\" content=\"Inicia recorrido de la flama ol\u00edmpica - Esbozo Deportivo\" \/>\n<meta property=\"og:description\" content=\"El campe\u00f3n ol\u00edmpico de nataci\u00f3n Gregorio Paltrinieri y otros atletas de verano iniciaron el relevo de la antorcha para los Juegos de Invierno de Mil\u00e1n-Cortina el s\u00e1bado, marcando exactamente dos meses antes de la ceremonia de apertura del seis de febrero.\" \/>\n<meta property=\"og:url\" content=\"https:\/\/esbozodeportivo.com\/index.php\/2025\/12\/06\/inicia-recorrido-de-la-flama-olimpica\/\" \/>\n<meta property=\"og:site_name\" content=\"Esbozo Deportivo\" \/>\n<meta property=\"article:published_time\" content=\"2025-12-07T05:24:58+00:00\" \/>\n<meta property=\"article:modified_time\" content=\"2025-12-07T05:24:59+00:00\" \/>\n<meta property=\"og:image\" content=\"https:\/\/esbozodeportivo.com\/wp-content\/uploads\/2025\/12\/e56b38f2-1440-4150-8095-742359f4a39c.jpg\" \/>\n\t<meta property=\"og:image:width\" content=\"980\" \/>\n\t<meta property=\"og:image:height\" content=\"653\" \/>\n\t<meta property=\"og:image:type\" content=\"image\/jpeg\" \/>\n<meta name=\"author\" content=\"Redacci\u00f3n\" \/>\n<meta name=\"twitter:card\" content=\"summary_large_image\" \/>\n<meta name=\"twitter:label1\" content=\"Escrito por\" \/>\n\t<meta name=\"twitter:data1\" content=\"Redacci\u00f3n\" \/>\n\t<meta name=\"twitter:label2\" content=\"Tiempo de lectura\" \/>\n\t<meta name=\"twitter:data2\" content=\"3 minutos\" \/>\n<script type=\"application\/ld+json\" class=\"yoast-schema-graph\">{\"@context\":\"https:\/\/schema.org\",\"@graph\":[{\"@type\":\"Article\",\"@id\":\"https:\/\/esbozodeportivo.com\/index.php\/2025\/12\/06\/inicia-recorrido-de-la-flama-olimpica\/#article\",\"isPartOf\":{\"@id\":\"https:\/\/esbozodeportivo.com\/index.php\/2025\/12\/06\/inicia-recorrido-de-la-flama-olimpica\/\"},\"author\":{\"name\":\"Redacci\u00f3n\",\"@id\":\"https:\/\/esbozodeportivo.com\/#\/schema\/person\/0f6df9196dfe6740dd0bb31bae50d374\"},\"headline\":\"Inicia recorrido de la flama ol\u00edmpica\",\"datePublished\":\"2025-12-07T05:24:58+00:00\",\"dateModified\":\"2025-12-07T05:24:59+00:00\",\"mainEntityOfPage\":{\"@id\":\"https:\/\/esbozodeportivo.com\/index.php\/2025\/12\/06\/inicia-recorrido-de-la-flama-olimpica\/\"},\"wordCount\":584,\"publisher\":{\"@id\":\"https:\/\/esbozodeportivo.com\/#organization\"},\"image\":{\"@id\":\"https:\/\/esbozodeportivo.com\/index.php\/2025\/12\/06\/inicia-recorrido-de-la-flama-olimpica\/#primaryimage\"},\"thumbnailUrl\":\"https:\/\/esbozodeportivo.com\/wp-content\/uploads\/2025\/12\/e56b38f2-1440-4150-8095-742359f4a39c.jpg\",\"articleSection\":[\"Juegos de Invierno\"],\"inLanguage\":\"es\"},{\"@type\":\"WebPage\",\"@id\":\"https:\/\/esbozodeportivo.com\/index.php\/2025\/12\/06\/inicia-recorrido-de-la-flama-olimpica\/\",\"url\":\"https:\/\/esbozodeportivo.com\/index.php\/2025\/12\/06\/inicia-recorrido-de-la-flama-olimpica\/\",\"name\":\"Inicia recorrido de la flama ol\u00edmpica - Esbozo Deportivo\",\"isPartOf\":{\"@id\":\"https:\/\/esbozodeportivo.com\/#website\"},\"primaryImageOfPage\":{\"@id\":\"https:\/\/esbozodeportivo.com\/index.php\/2025\/12\/06\/inicia-recorrido-de-la-flama-olimpica\/#primaryimage\"},\"image\":{\"@id\":\"https:\/\/esbozodeportivo.com\/index.php\/2025\/12\/06\/inicia-recorrido-de-la-flama-olimpica\/#primaryimage\"},\"thumbnailUrl\":\"https:\/\/esbozodeportivo.com\/wp-content\/uploads\/2025\/12\/e56b38f2-1440-4150-8095-742359f4a39c.jpg\",\"datePublished\":\"2025-12-07T05:24:58+00:00\",\"dateModified\":\"2025-12-07T05:24:59+00:00\",\"description\":\"El campe\u00f3n ol\u00edmpico de nataci\u00f3n Gregorio Paltrinieri y otros atletas de verano iniciaron el relevo de la antorcha para los Juegos de Invierno de Mil\u00e1n-Cortina el s\u00e1bado, marcando exactamente dos meses antes de la ceremonia de apertura del seis de febrero.\",\"breadcrumb\":{\"@id\":\"https:\/\/esbozodeportivo.com\/index.php\/2025\/12\/06\/inicia-recorrido-de-la-flama-olimpica\/#breadcrumb\"},\"inLanguage\":\"es\",\"potentialAction\":[{\"@type\":\"ReadAction\",\"target\":[\"https:\/\/esbozodeportivo.com\/index.php\/2025\/12\/06\/inicia-recorrido-de-la-flama-olimpica\/\"]}]},{\"@type\":\"ImageObject\",\"inLanguage\":\"es\",\"@id\":\"https:\/\/esbozodeportivo.com\/index.php\/2025\/12\/06\/inicia-recorrido-de-la-flama-olimpica\/#primaryimage\",\"url\":\"https:\/\/esbozodeportivo.com\/wp-content\/uploads\/2025\/12\/e56b38f2-1440-4150-8095-742359f4a39c.jpg\",\"contentUrl\":\"https:\/\/esbozodeportivo.com\/wp-content\/uploads\/2025\/12\/e56b38f2-1440-4150-8095-742359f4a39c.jpg\",\"width\":980,\"height\":653},{\"@type\":\"BreadcrumbList\",\"@id\":\"https:\/\/esbozodeportivo.com\/index.php\/2025\/12\/06\/inicia-recorrido-de-la-flama-olimpica\/#breadcrumb\",\"itemListElement\":[{\"@type\":\"ListItem\",\"position\":1,\"name\":\"Inicio\",\"item\":\"https:\/\/esbozodeportivo.com\/\"},{\"@type\":\"ListItem\",\"position\":2,\"name\":\"Inicia recorrido de la flama ol\u00edmpica\"}]},{\"@type\":\"WebSite\",\"@id\":\"https:\/\/esbozodeportivo.com\/#website\",\"url\":\"https:\/\/esbozodeportivo.com\/\",\"name\":\"Esbozo Deportivo\",\"description\":\"Lo m\u00e1s importante del Deporte\",\"publisher\":{\"@id\":\"https:\/\/esbozodeportivo.com\/#organization\"},\"potentialAction\":[{\"@type\":\"SearchAction\",\"target\":{\"@type\":\"EntryPoint\",\"urlTemplate\":\"https:\/\/esbozodeportivo.com\/?s={search_term_string}\"},\"query-input\":{\"@type\":\"PropertyValueSpecification\",\"valueRequired\":true,\"valueName\":\"search_term_string\"}}],\"inLanguage\":\"es\"},{\"@type\":\"Organization\",\"@id\":\"https:\/\/esbozodeportivo.com\/#organization\",\"name\":\"Esbozo Deportivo\",\"url\":\"https:\/\/esbozodeportivo.com\/\",\"logo\":{\"@type\":\"ImageObject\",\"inLanguage\":\"es\",\"@id\":\"https:\/\/esbozodeportivo.com\/#\/schema\/logo\/image\/\",\"url\":\"https:\/\/esbozodeportivo.com\/wp-content\/uploads\/2022\/08\/cropped-Logo-Esbozo-Web-2.png\",\"contentUrl\":\"https:\/\/esbozodeportivo.com\/wp-content\/uploads\/2022\/08\/cropped-Logo-Esbozo-Web-2.png\",\"width\":180,\"height\":50,\"caption\":\"Esbozo Deportivo\"},\"image\":{\"@id\":\"https:\/\/esbozodeportivo.com\/#\/schema\/logo\/image\/\"}},{\"@type\":\"Person\",\"@id\":\"https:\/\/esbozodeportivo.com\/#\/schema\/person\/0f6df9196dfe6740dd0bb31bae50d374\",\"name\":\"Redacci\u00f3n\",\"image\":{\"@type\":\"ImageObject\",\"inLanguage\":\"es\",\"@id\":\"https:\/\/esbozodeportivo.com\/#\/schema\/person\/image\/\",\"url\":\"https:\/\/secure.gravatar.com\/avatar\/f55268a89c3b418f2ef172ff52ab0d09b3e653c58de29539fe329fb93d78ebf3?s=96&d=mm&r=g\",\"contentUrl\":\"https:\/\/secure.gravatar.com\/avatar\/f55268a89c3b418f2ef172ff52ab0d09b3e653c58de29539fe329fb93d78ebf3?s=96&d=mm&r=g\",\"caption\":\"Redacci\u00f3n\"},\"url\":\"https:\/\/esbozodeportivo.com\/index.php\/author\/redaccion\/\"}]}<\/script>\n<!-- \/ Yoast SEO plugin. -->","yoast_head_json":{"title":"Inicia recorrido de la flama ol\u00edmpica - Esbozo Deportivo","description":"El campe\u00f3n ol\u00edmpico de nataci\u00f3n Gregorio Paltrinieri y otros atletas de verano iniciaron el relevo de la antorcha para los Juegos de Invierno de Mil\u00e1n-Cortina el s\u00e1bado, marcando exactamente dos meses antes de la ceremonia de apertura del seis de febrero.","robots":{"index":"index","follow":"follow","max-snippet":"max-snippet:-1","max-image-preview":"max-image-preview:large","max-video-preview":"max-video-preview:-1"},"canonical":"https:\/\/esbozodeportivo.com\/index.php\/2025\/12\/06\/inicia-recorrido-de-la-flama-olimpica\/","og_locale":"es_MX","og_type":"article","og_title":"Inicia recorrido de la flama ol\u00edmpica - Esbozo Deportivo","og_description":"El campe\u00f3n ol\u00edmpico de nataci\u00f3n Gregorio Paltrinieri y otros atletas de verano iniciaron el relevo de la antorcha para los Juegos de Invierno de Mil\u00e1n-Cortina el s\u00e1bado, marcando exactamente dos meses antes de la ceremonia de apertura del seis de febrero.","og_url":"https:\/\/esbozodeportivo.com\/index.php\/2025\/12\/06\/inicia-recorrido-de-la-flama-olimpica\/","og_site_name":"Esbozo Deportivo","article_published_time":"2025-12-07T05:24:58+00:00","article_modified_time":"2025-12-07T05:24:59+00:00","og_image":[{"width":980,"height":653,"url":"https:\/\/esbozodeportivo.com\/wp-content\/uploads\/2025\/12\/e56b38f2-1440-4150-8095-742359f4a39c.jpg","type":"image\/jpeg"}],"author":"Redacci\u00f3n","twitter_card":"summary_large_image","twitter_misc":{"Escrito por":"Redacci\u00f3n","Tiempo de lectura":"3 minutos"},"schema":{"@context":"https:\/\/schema.org","@graph":[{"@type":"Article","@id":"https:\/\/esbozodeportivo.com\/index.php\/2025\/12\/06\/inicia-recorrido-de-la-flama-olimpica\/#article","isPartOf":{"@id":"https:\/\/esbozodeportivo.com\/index.php\/2025\/12\/06\/inicia-recorrido-de-la-flama-olimpica\/"},"author":{"name":"Redacci\u00f3n","@id":"https:\/\/esbozodeportivo.com\/#\/schema\/person\/0f6df9196dfe6740dd0bb31bae50d374"},"headline":"Inicia recorrido de la flama ol\u00edmpica","datePublished":"2025-12-07T05:24:58+00:00","dateModified":"2025-12-07T05:24:59+00:00","mainEntityOfPage":{"@id":"https:\/\/esbozodeportivo.com\/index.php\/2025\/12\/06\/inicia-recorrido-de-la-flama-olimpica\/"},"wordCount":584,"publisher":{"@id":"https:\/\/esbozodeportivo.com\/#organization"},"image":{"@id":"https:\/\/esbozodeportivo.com\/index.php\/2025\/12\/06\/inicia-recorrido-de-la-flama-olimpica\/#primaryimage"},"thumbnailUrl":"https:\/\/esbozodeportivo.com\/wp-content\/uploads\/2025\/12\/e56b38f2-1440-4150-8095-742359f4a39c.jpg","articleSection":["Juegos de Invierno"],"inLanguage":"es"},{"@type":"WebPage","@id":"https:\/\/esbozodeportivo.com\/index.php\/2025\/12\/06\/inicia-recorrido-de-la-flama-olimpica\/","url":"https:\/\/esbozodeportivo.com\/index.php\/2025\/12\/06\/inicia-recorrido-de-la-flama-olimpica\/","name":"Inicia recorrido de la flama ol\u00edmpica - Esbozo Deportivo","isPartOf":{"@id":"https:\/\/esbozodeportivo.com\/#website"},"primaryImageOfPage":{"@id":"https:\/\/esbozodeportivo.com\/index.php\/2025\/12\/06\/inicia-recorrido-de-la-flama-olimpica\/#primaryimage"},"image":{"@id":"https:\/\/esbozodeportivo.com\/index.php\/2025\/12\/06\/inicia-recorrido-de-la-flama-olimpica\/#primaryimage"},"thumbnailUrl":"https:\/\/esbozodeportivo.com\/wp-content\/uploads\/2025\/12\/e56b38f2-1440-4150-8095-742359f4a39c.jpg","datePublished":"2025-12-07T05:24:58+00:00","dateModified":"2025-12-07T05:24:59+00:00","description":"El campe\u00f3n ol\u00edmpico de nataci\u00f3n Gregorio Paltrinieri y otros atletas de verano iniciaron el relevo de la antorcha para los Juegos de Invierno de Mil\u00e1n-Cortina el s\u00e1bado, marcando exactamente dos meses antes de la ceremonia de apertura del seis de febrero.","breadcrumb":{"@id":"https:\/\/esbozodeportivo.com\/index.php\/2025\/12\/06\/inicia-recorrido-de-la-flama-olimpica\/#breadcrumb"},"inLanguage":"es","potentialAction":[{"@type":"ReadAction","target":["https:\/\/esbozodeportivo.com\/index.php\/2025\/12\/06\/inicia-recorrido-de-la-flama-olimpica\/"]}]},{"@type":"ImageObject","inLanguage":"es","@id":"https:\/\/esbozodeportivo.com\/index.php\/2025\/12\/06\/inicia-recorrido-de-la-flama-olimpica\/#primaryimage","url":"https:\/\/esbozodeportivo.com\/wp-content\/uploads\/2025\/12\/e56b38f2-1440-4150-8095-742359f4a39c.jpg","contentUrl":"https:\/\/esbozodeportivo.com\/wp-content\/uploads\/2025\/12\/e56b38f2-1440-4150-8095-742359f4a39c.jpg","width":980,"height":653},{"@type":"BreadcrumbList","@id":"https:\/\/esbozodeportivo.com\/index.php\/2025\/12\/06\/inicia-recorrido-de-la-flama-olimpica\/#breadcrumb","itemListElement":[{"@type":"ListItem","position":1,"name":"Inicio","item":"https:\/\/esbozodeportivo.com\/"},{"@type":"ListItem","position":2,"name":"Inicia recorrido de la flama ol\u00edmpica"}]},{"@type":"WebSite","@id":"https:\/\/esbozodeportivo.com\/#website","url":"https:\/\/esbozodeportivo.com\/","name":"Esbozo Deportivo","description":"Lo m\u00e1s importante del Deporte","publisher":{"@id":"https:\/\/esbozodeportivo.com\/#organization"},"potentialAction":[{"@type":"SearchAction","target":{"@type":"EntryPoint","urlTemplate":"https:\/\/esbozodeportivo.com\/?s={search_term_string}"},"query-input":{"@type":"PropertyValueSpecification","valueRequired":true,"valueName":"search_term_string"}}],"inLanguage":"es"},{"@type":"Organization","@id":"https:\/\/esbozodeportivo.com\/#organization","name":"Esbozo Deportivo","url":"https:\/\/esbozodeportivo.com\/","logo":{"@type":"ImageObject","inLanguage":"es","@id":"https:\/\/esbozodeportivo.com\/#\/schema\/logo\/image\/","url":"https:\/\/esbozodeportivo.com\/wp-content\/uploads\/2022\/08\/cropped-Logo-Esbozo-Web-2.png","contentUrl":"https:\/\/esbozodeportivo.com\/wp-content\/uploads\/2022\/08\/cropped-Logo-Esbozo-Web-2.png","width":180,"height":50,"caption":"Esbozo Deportivo"},"image":{"@id":"https:\/\/esbozodeportivo.com\/#\/schema\/logo\/image\/"}},{"@type":"Person","@id":"https:\/\/esbozodeportivo.com\/#\/schema\/person\/0f6df9196dfe6740dd0bb31bae50d374","name":"Redacci\u00f3n","image":{"@type":"ImageObject","inLanguage":"es","@id":"https:\/\/esbozodeportivo.com\/#\/schema\/person\/image\/","url":"https:\/\/secure.gravatar.com\/avatar\/f55268a89c3b418f2ef172ff52ab0d09b3e653c58de29539fe329fb93d78ebf3?s=96&d=mm&r=g","contentUrl":"https:\/\/secure.gravatar.com\/avatar\/f55268a89c3b418f2ef172ff52ab0d09b3e653c58de29539fe329fb93d78ebf3?s=96&d=mm&r=g","caption":"Redacci\u00f3n"},"url":"https:\/\/esbozodeportivo.com\/index.php\/author\/redaccion\/"}]}},"jetpack_featured_media_url":"https:\/\/esbozodeportivo.com\/wp-content\/uploads\/2025\/12\/e56b38f2-1440-4150-8095-742359f4a39c.jpg","jetpack_sharing_enabled":true,"_links":{"self":[{"href":"https:\/\/esbozodeportivo.com\/index.php\/wp-json\/wp\/v2\/posts\/11725","targetHints":{"allow":["GET"]}}],"collection":[{"href":"https:\/\/esbozodeportivo.com\/index.php\/wp-json\/wp\/v2\/posts"}],"about":[{"href":"https:\/\/esbozodeportivo.com\/index.php\/wp-json\/wp\/v2\/types\/post"}],"author":[{"embeddable":true,"href":"https:\/\/esbozodeportivo.com\/index.php\/wp-json\/wp\/v2\/users\/4"}],"replies":[{"embeddable":true,"href":"https:\/\/esbozodeportivo.com\/index.php\/wp-json\/wp\/v2\/comments?post=11725"}],"version-history":[{"count":1,"href":"https:\/\/esbozodeportivo.com\/index.php\/wp-json\/wp\/v2\/posts\/11725\/revisions"}],"predecessor-version":[{"id":11730,"href":"https:\/\/esbozodeportivo.com\/index.php\/wp-json\/wp\/v2\/posts\/11725\/revisions\/11730"}],"wp:featuredmedia":[{"embeddable":true,"href":"https:\/\/esbozodeportivo.com\/index.php\/wp-json\/wp\/v2\/media\/11729"}],"wp:attachment":[{"href":"https:\/\/esbozodeportivo.com\/index.php\/wp-json\/wp\/v2\/media?parent=11725"}],"wp:term":[{"taxonomy":"category","embeddable":true,"href":"https:\/\/esbozodeportivo.com\/index.php\/wp-json\/wp\/v2\/categories?post=11725"},{"taxonomy":"post_tag","embeddable":true,"href":"https:\/\/esbozodeportivo.com\/index.php\/wp-json\/wp\/v2\/tags?post=11725"}],"curies":[{"name":"wp","href":"https:\/\/api.w.org\/{rel}","templated":true}]}}