{"id":11735,"date":"2025-12-06T23:31:52","date_gmt":"2025-12-07T05:31:52","guid":{"rendered":"https:\/\/esbozodeportivo.com\/?p=11735"},"modified":"2025-12-06T23:31:53","modified_gmt":"2025-12-07T05:31:53","slug":"nueva-jersey-sede-de-la-final-del-mundial","status":"publish","type":"post","link":"https:\/\/esbozodeportivo.com\/index.php\/2025\/12\/06\/nueva-jersey-sede-de-la-final-del-mundial\/","title":{"rendered":"Nueva Jersey sede de la final del Mundial"},"content":{"rendered":"\n<p>(Foto: Agencias) <\/p>\n\n\n\n<p>La final de la Copa Mundial 2026 comenzar\u00e1 a las 3 de la tarde hora local en el estadio MetLife de East Rutherford, Nueva Jersey tras un inusitado segundo evento el s\u00e1bado para acomodar los horarios y asignar sedes.<\/p>\n\n\n\n<p>Durante un evento el s\u00e1bado en el hotel Capital Hilton de Washignton, la FIFA acab\u00f3 de darle forma al calendario despu\u00e9s de considerar los traslados de los equipos y las transmisiones televisivas.<\/p>\n\n\n\n<p>Lo hizo al d\u00eda siguiente del sorteo de los grupos de la edici\u00f3n n\u00famero 23 del torneo, el m\u00e1s grande de la historia en todo: m\u00e1s equipos participantes (48), m\u00e1s partidos (104) y naciones anfitrionas (3). Se jugar\u00e1 en 16 ciudades de Norteam\u00e9rica (11 en Estados Unidos, 3 en M\u00e9xico y 2 en Canad\u00e1).<\/p>\n\n\n\n<p>\u201cDigamos que ha sido una noche larga \u2014o una noche corta,\u201d afirm\u00f3 el director del torneo, Manolo Zubiria. \u201cComo expliqu\u00e9 anteriormente a algunos de los t\u00e9cnicos, hemos intentado b\u00e1sicamente encontrar el equilibrio adecuado considerando la preparaci\u00f3n, la recuperaci\u00f3n que los equipos deben hacer en este espacio tan grande, la Copa del Mundo m\u00e1s grande de la historia, 16 ciudades, tres pa\u00edses, diferentes condiciones clim\u00e1ticas, zonas horarias\u201d.<\/p>\n\n\n\n<p>Zubiria a\u00f1adi\u00f3 que los objetivos inclu\u00edan \u201ctratar de minimizar los viajes para los equipos y los aficionados que intentan ver a sus equipos jugar, y obviamente tratar de ver c\u00f3mo exponer mejor esta competencia al mundo, tratando de encontrar los horarios adecuados para los inicios de los partidos en ciudades espec\u00edficas, teniendo en cuenta algunas restricciones\u201d.<\/p>\n\n\n\n<p>Una final a media tarde de la costa este de Estados Unidos es ideal para los pa\u00edses de Europa por ser un horario estelar de la franja noctura, a las 9 de la noche en la mayor parte del continente y las 8 de la noche en el Reino Unido.<\/p>\n\n\n\n<p>La temperatura promedio a las 3 de la tarde durante los \u00faltimos 30 a\u00f1os en East Rutherford el 19 de julio es de 28 grados Celsius (83 F) con un \u00edndice de sensaci\u00f3n t\u00e9rmica de 32 (89), seg\u00fan AccuWeather.<\/p>\n\n\n\n<p>\u00danicamente se hab\u00edan establecido las sedes de los Grupos A, B y D, zonas de los coanfitriones M\u00e9xico, Canad\u00e1 y Estados Unidos.<\/p>\n\n\n\n<p>El partido inaugural el 11 de junio en el estadio Azteca de la Ciudad de M\u00e9xico entre el Tri y Sud\u00e1frica arrancar\u00e1 a la 1 de la tarde local (3 de la tarde en Nueva York).<\/p>\n\n\n\n<p>Ambas semifinales se jugar\u00e1n por la tarde. La del 14 de julio en el estadio AT&amp;T de Arlington, Texas, comenzar\u00e1 a las 2 p. m. pm local (3 p. m. de Nueva York) y al d\u00eda siguiente desde las 3 p. m. local en el estadio Mercedes-Benz de Atlanta. Ambos escenarios tienen techos retr\u00e1ctiles.<\/p>\n\n\n\n<p>El calendario fij\u00f3 un total de 60 partidos en horario diurno y 44 despu\u00e9s de las 6 de la tarde, incluyendo 22 por la tarde y 10 de noche durante la etapa de eliminaci\u00f3n directa.<\/p>\n\n\n\n<p>La campeona defensora Argentina debutar\u00e1 en el Grupo J el 16 de junio contra Argelia en el estadio Arrowhead de Kansas City, seguido por dos encuentros en el AT&amp;T de Arlington \u2014suburbio de Dallas\u2014 el 22 ante Austria y el 27 frente a Jordania.<\/p>\n\n\n\n<p>\u201cNo hay rivales f\u00e1ciles, sobre todo despu\u00e9s de lo que pas\u00f3 en 2018\u201d, coment\u00f3 Lionel Scaloni, el t\u00e9cnico de Argentina, al recordar la derrota contra Arabia Saudita en el debut de Qatar 2022. \u201cNos dieron una lecci\u00f3n, eso nos hace estar alertas y sabemos que no podemos confiarnos\u201d.<\/p>\n\n\n\n<p>Espa\u00f1a, reinante campeona de Europa, cerrar\u00e1 la actividad del Grupo H con un enfrentamiento contra Uruguay el 26 de junio en el estadio Akron de Guadalajara. Los primeros dos compromisos de Espa\u00f1a \u2014contra Cabo Verde y Arabia Saud\u00ed\u2014 ser\u00e1n en Atlanta.<\/p>\n\n\n\n<p>Colombia disputar\u00e1 dos partidos del Grupo K en M\u00e9xico, el primero contra Uzbekist\u00e1n (17 de junio) en el Azteca y, ante el ganador de un repechaje intercontinental (23 de junio). Completar\u00e1n la fase de grupos con un duelo frente a la Portugal de Cristiano Ronaldo (27 de junio) en el estadio Hard Rock de Miami.<\/p>\n\n\n\n<p><\/p>\n","protected":false},"excerpt":{"rendered":"<p>(Foto: Agencias) La final de la Copa Mundial 2026 comenzar\u00e1 a las 3 de la<\/p>\n","protected":false},"author":4,"featured_media":11726,"comment_status":"closed","ping_status":"open","sticky":false,"template":"","format":"standard","meta":{"_jetpack_memberships_contains_paid_content":false,"footnotes":""},"categories":[71],"tags":[],"class_list":["post-11735","post","type-post","status-publish","format-standard","has-post-thumbnail","hentry","category-mundial-2026"],"yoast_head":"<!-- This site is optimized with the Yoast SEO plugin v25.7 - https:\/\/yoast.com\/wordpress\/plugins\/seo\/ -->\n<title>Nueva Jersey sede de la final del Mundial - Esbozo Deportivo<\/title>\n<meta name=\"description\" content=\"La final de la Copa Mundial 2026 comenzar\u00e1 a las 3 de la tarde hora local en el estadio MetLife de East Rutherford, Nueva Jersey tras un inusitado segundo evento el s\u00e1bado para acomodar los horarios y asignar sedes.\" \/>\n<meta name=\"robots\" content=\"index, follow, max-snippet:-1, max-image-preview:large, max-video-preview:-1\" \/>\n<link rel=\"canonical\" href=\"https:\/\/esbozodeportivo.com\/index.php\/2025\/12\/06\/nueva-jersey-sede-de-la-final-del-mundial\/\" \/>\n<meta property=\"og:locale\" content=\"es_MX\" \/>\n<meta property=\"og:type\" content=\"article\" \/>\n<meta property=\"og:title\" content=\"Nueva Jersey sede de la final del Mundial - Esbozo Deportivo\" \/>\n<meta property=\"og:description\" content=\"La final de la Copa Mundial 2026 comenzar\u00e1 a las 3 de la tarde hora local en el estadio MetLife de East Rutherford, Nueva Jersey tras un inusitado segundo evento el s\u00e1bado para acomodar los horarios y asignar sedes.\" \/>\n<meta property=\"og:url\" content=\"https:\/\/esbozodeportivo.com\/index.php\/2025\/12\/06\/nueva-jersey-sede-de-la-final-del-mundial\/\" \/>\n<meta property=\"og:site_name\" content=\"Esbozo Deportivo\" \/>\n<meta property=\"article:published_time\" content=\"2025-12-07T05:31:52+00:00\" \/>\n<meta property=\"article:modified_time\" content=\"2025-12-07T05:31:53+00:00\" \/>\n<meta property=\"og:image\" content=\"https:\/\/esbozodeportivo.com\/wp-content\/uploads\/2025\/12\/69e9c11c-f739-4d50-8d0c-111451e54e20.jpg\" \/>\n\t<meta property=\"og:image:width\" content=\"1440\" \/>\n\t<meta property=\"og:image:height\" content=\"960\" \/>\n\t<meta property=\"og:image:type\" content=\"image\/jpeg\" \/>\n<meta name=\"author\" content=\"Redacci\u00f3n\" \/>\n<meta name=\"twitter:card\" content=\"summary_large_image\" \/>\n<meta name=\"twitter:label1\" content=\"Escrito por\" \/>\n\t<meta name=\"twitter:data1\" content=\"Redacci\u00f3n\" \/>\n\t<meta name=\"twitter:label2\" content=\"Tiempo de lectura\" \/>\n\t<meta name=\"twitter:data2\" content=\"4 minutos\" \/>\n<script type=\"application\/ld+json\" class=\"yoast-schema-graph\">{\"@context\":\"https:\/\/schema.org\",\"@graph\":[{\"@type\":\"Article\",\"@id\":\"https:\/\/esbozodeportivo.com\/index.php\/2025\/12\/06\/nueva-jersey-sede-de-la-final-del-mundial\/#article\",\"isPartOf\":{\"@id\":\"https:\/\/esbozodeportivo.com\/index.php\/2025\/12\/06\/nueva-jersey-sede-de-la-final-del-mundial\/\"},\"author\":{\"name\":\"Redacci\u00f3n\",\"@id\":\"https:\/\/esbozodeportivo.com\/#\/schema\/person\/0f6df9196dfe6740dd0bb31bae50d374\"},\"headline\":\"Nueva Jersey sede de la final del Mundial\",\"datePublished\":\"2025-12-07T05:31:52+00:00\",\"dateModified\":\"2025-12-07T05:31:53+00:00\",\"mainEntityOfPage\":{\"@id\":\"https:\/\/esbozodeportivo.com\/index.php\/2025\/12\/06\/nueva-jersey-sede-de-la-final-del-mundial\/\"},\"wordCount\":690,\"publisher\":{\"@id\":\"https:\/\/esbozodeportivo.com\/#organization\"},\"image\":{\"@id\":\"https:\/\/esbozodeportivo.com\/index.php\/2025\/12\/06\/nueva-jersey-sede-de-la-final-del-mundial\/#primaryimage\"},\"thumbnailUrl\":\"https:\/\/esbozodeportivo.com\/wp-content\/uploads\/2025\/12\/69e9c11c-f739-4d50-8d0c-111451e54e20.jpg\",\"articleSection\":[\"Mundial 2026\"],\"inLanguage\":\"es\"},{\"@type\":\"WebPage\",\"@id\":\"https:\/\/esbozodeportivo.com\/index.php\/2025\/12\/06\/nueva-jersey-sede-de-la-final-del-mundial\/\",\"url\":\"https:\/\/esbozodeportivo.com\/index.php\/2025\/12\/06\/nueva-jersey-sede-de-la-final-del-mundial\/\",\"name\":\"Nueva Jersey sede de la final del Mundial - Esbozo Deportivo\",\"isPartOf\":{\"@id\":\"https:\/\/esbozodeportivo.com\/#website\"},\"primaryImageOfPage\":{\"@id\":\"https:\/\/esbozodeportivo.com\/index.php\/2025\/12\/06\/nueva-jersey-sede-de-la-final-del-mundial\/#primaryimage\"},\"image\":{\"@id\":\"https:\/\/esbozodeportivo.com\/index.php\/2025\/12\/06\/nueva-jersey-sede-de-la-final-del-mundial\/#primaryimage\"},\"thumbnailUrl\":\"https:\/\/esbozodeportivo.com\/wp-content\/uploads\/2025\/12\/69e9c11c-f739-4d50-8d0c-111451e54e20.jpg\",\"datePublished\":\"2025-12-07T05:31:52+00:00\",\"dateModified\":\"2025-12-07T05:31:53+00:00\",\"description\":\"La final de la Copa Mundial 2026 comenzar\u00e1 a las 3 de la tarde hora local en el estadio MetLife de East Rutherford, Nueva Jersey tras un inusitado segundo evento el s\u00e1bado para acomodar los horarios y asignar sedes.\",\"breadcrumb\":{\"@id\":\"https:\/\/esbozodeportivo.com\/index.php\/2025\/12\/06\/nueva-jersey-sede-de-la-final-del-mundial\/#breadcrumb\"},\"inLanguage\":\"es\",\"potentialAction\":[{\"@type\":\"ReadAction\",\"target\":[\"https:\/\/esbozodeportivo.com\/index.php\/2025\/12\/06\/nueva-jersey-sede-de-la-final-del-mundial\/\"]}]},{\"@type\":\"ImageObject\",\"inLanguage\":\"es\",\"@id\":\"https:\/\/esbozodeportivo.com\/index.php\/2025\/12\/06\/nueva-jersey-sede-de-la-final-del-mundial\/#primaryimage\",\"url\":\"https:\/\/esbozodeportivo.com\/wp-content\/uploads\/2025\/12\/69e9c11c-f739-4d50-8d0c-111451e54e20.jpg\",\"contentUrl\":\"https:\/\/esbozodeportivo.com\/wp-content\/uploads\/2025\/12\/69e9c11c-f739-4d50-8d0c-111451e54e20.jpg\",\"width\":1440,\"height\":960},{\"@type\":\"BreadcrumbList\",\"@id\":\"https:\/\/esbozodeportivo.com\/index.php\/2025\/12\/06\/nueva-jersey-sede-de-la-final-del-mundial\/#breadcrumb\",\"itemListElement\":[{\"@type\":\"ListItem\",\"position\":1,\"name\":\"Inicio\",\"item\":\"https:\/\/esbozodeportivo.com\/\"},{\"@type\":\"ListItem\",\"position\":2,\"name\":\"Nueva Jersey sede de la final del Mundial\"}]},{\"@type\":\"WebSite\",\"@id\":\"https:\/\/esbozodeportivo.com\/#website\",\"url\":\"https:\/\/esbozodeportivo.com\/\",\"name\":\"Esbozo Deportivo\",\"description\":\"Lo m\u00e1s importante del Deporte\",\"publisher\":{\"@id\":\"https:\/\/esbozodeportivo.com\/#organization\"},\"potentialAction\":[{\"@type\":\"SearchAction\",\"target\":{\"@type\":\"EntryPoint\",\"urlTemplate\":\"https:\/\/esbozodeportivo.com\/?s={search_term_string}\"},\"query-input\":{\"@type\":\"PropertyValueSpecification\",\"valueRequired\":true,\"valueName\":\"search_term_string\"}}],\"inLanguage\":\"es\"},{\"@type\":\"Organization\",\"@id\":\"https:\/\/esbozodeportivo.com\/#organization\",\"name\":\"Esbozo Deportivo\",\"url\":\"https:\/\/esbozodeportivo.com\/\",\"logo\":{\"@type\":\"ImageObject\",\"inLanguage\":\"es\",\"@id\":\"https:\/\/esbozodeportivo.com\/#\/schema\/logo\/image\/\",\"url\":\"https:\/\/esbozodeportivo.com\/wp-content\/uploads\/2022\/08\/cropped-Logo-Esbozo-Web-2.png\",\"contentUrl\":\"https:\/\/esbozodeportivo.com\/wp-content\/uploads\/2022\/08\/cropped-Logo-Esbozo-Web-2.png\",\"width\":180,\"height\":50,\"caption\":\"Esbozo Deportivo\"},\"image\":{\"@id\":\"https:\/\/esbozodeportivo.com\/#\/schema\/logo\/image\/\"}},{\"@type\":\"Person\",\"@id\":\"https:\/\/esbozodeportivo.com\/#\/schema\/person\/0f6df9196dfe6740dd0bb31bae50d374\",\"name\":\"Redacci\u00f3n\",\"image\":{\"@type\":\"ImageObject\",\"inLanguage\":\"es\",\"@id\":\"https:\/\/esbozodeportivo.com\/#\/schema\/person\/image\/\",\"url\":\"https:\/\/secure.gravatar.com\/avatar\/f55268a89c3b418f2ef172ff52ab0d09b3e653c58de29539fe329fb93d78ebf3?s=96&d=mm&r=g\",\"contentUrl\":\"https:\/\/secure.gravatar.com\/avatar\/f55268a89c3b418f2ef172ff52ab0d09b3e653c58de29539fe329fb93d78ebf3?s=96&d=mm&r=g\",\"caption\":\"Redacci\u00f3n\"},\"url\":\"https:\/\/esbozodeportivo.com\/index.php\/author\/redaccion\/\"}]}<\/script>\n<!-- \/ Yoast SEO plugin. -->","yoast_head_json":{"title":"Nueva Jersey sede de la final del Mundial - Esbozo Deportivo","description":"La final de la Copa Mundial 2026 comenzar\u00e1 a las 3 de la tarde hora local en el estadio MetLife de East Rutherford, Nueva Jersey tras un inusitado segundo evento el s\u00e1bado para acomodar los horarios y asignar sedes.","robots":{"index":"index","follow":"follow","max-snippet":"max-snippet:-1","max-image-preview":"max-image-preview:large","max-video-preview":"max-video-preview:-1"},"canonical":"https:\/\/esbozodeportivo.com\/index.php\/2025\/12\/06\/nueva-jersey-sede-de-la-final-del-mundial\/","og_locale":"es_MX","og_type":"article","og_title":"Nueva Jersey sede de la final del Mundial - Esbozo Deportivo","og_description":"La final de la Copa Mundial 2026 comenzar\u00e1 a las 3 de la tarde hora local en el estadio MetLife de East Rutherford, Nueva Jersey tras un inusitado segundo evento el s\u00e1bado para acomodar los horarios y asignar sedes.","og_url":"https:\/\/esbozodeportivo.com\/index.php\/2025\/12\/06\/nueva-jersey-sede-de-la-final-del-mundial\/","og_site_name":"Esbozo Deportivo","article_published_time":"2025-12-07T05:31:52+00:00","article_modified_time":"2025-12-07T05:31:53+00:00","og_image":[{"width":1440,"height":960,"url":"https:\/\/esbozodeportivo.com\/wp-content\/uploads\/2025\/12\/69e9c11c-f739-4d50-8d0c-111451e54e20.jpg","type":"image\/jpeg"}],"author":"Redacci\u00f3n","twitter_card":"summary_large_image","twitter_misc":{"Escrito por":"Redacci\u00f3n","Tiempo de lectura":"4 minutos"},"schema":{"@context":"https:\/\/schema.org","@graph":[{"@type":"Article","@id":"https:\/\/esbozodeportivo.com\/index.php\/2025\/12\/06\/nueva-jersey-sede-de-la-final-del-mundial\/#article","isPartOf":{"@id":"https:\/\/esbozodeportivo.com\/index.php\/2025\/12\/06\/nueva-jersey-sede-de-la-final-del-mundial\/"},"author":{"name":"Redacci\u00f3n","@id":"https:\/\/esbozodeportivo.com\/#\/schema\/person\/0f6df9196dfe6740dd0bb31bae50d374"},"headline":"Nueva Jersey sede de la final del Mundial","datePublished":"2025-12-07T05:31:52+00:00","dateModified":"2025-12-07T05:31:53+00:00","mainEntityOfPage":{"@id":"https:\/\/esbozodeportivo.com\/index.php\/2025\/12\/06\/nueva-jersey-sede-de-la-final-del-mundial\/"},"wordCount":690,"publisher":{"@id":"https:\/\/esbozodeportivo.com\/#organization"},"image":{"@id":"https:\/\/esbozodeportivo.com\/index.php\/2025\/12\/06\/nueva-jersey-sede-de-la-final-del-mundial\/#primaryimage"},"thumbnailUrl":"https:\/\/esbozodeportivo.com\/wp-content\/uploads\/2025\/12\/69e9c11c-f739-4d50-8d0c-111451e54e20.jpg","articleSection":["Mundial 2026"],"inLanguage":"es"},{"@type":"WebPage","@id":"https:\/\/esbozodeportivo.com\/index.php\/2025\/12\/06\/nueva-jersey-sede-de-la-final-del-mundial\/","url":"https:\/\/esbozodeportivo.com\/index.php\/2025\/12\/06\/nueva-jersey-sede-de-la-final-del-mundial\/","name":"Nueva Jersey sede de la final del Mundial - Esbozo Deportivo","isPartOf":{"@id":"https:\/\/esbozodeportivo.com\/#website"},"primaryImageOfPage":{"@id":"https:\/\/esbozodeportivo.com\/index.php\/2025\/12\/06\/nueva-jersey-sede-de-la-final-del-mundial\/#primaryimage"},"image":{"@id":"https:\/\/esbozodeportivo.com\/index.php\/2025\/12\/06\/nueva-jersey-sede-de-la-final-del-mundial\/#primaryimage"},"thumbnailUrl":"https:\/\/esbozodeportivo.com\/wp-content\/uploads\/2025\/12\/69e9c11c-f739-4d50-8d0c-111451e54e20.jpg","datePublished":"2025-12-07T05:31:52+00:00","dateModified":"2025-12-07T05:31:53+00:00","description":"La final de la Copa Mundial 2026 comenzar\u00e1 a las 3 de la tarde hora local en el estadio MetLife de East Rutherford, Nueva Jersey tras un inusitado segundo evento el s\u00e1bado para acomodar los horarios y asignar sedes.","breadcrumb":{"@id":"https:\/\/esbozodeportivo.com\/index.php\/2025\/12\/06\/nueva-jersey-sede-de-la-final-del-mundial\/#breadcrumb"},"inLanguage":"es","potentialAction":[{"@type":"ReadAction","target":["https:\/\/esbozodeportivo.com\/index.php\/2025\/12\/06\/nueva-jersey-sede-de-la-final-del-mundial\/"]}]},{"@type":"ImageObject","inLanguage":"es","@id":"https:\/\/esbozodeportivo.com\/index.php\/2025\/12\/06\/nueva-jersey-sede-de-la-final-del-mundial\/#primaryimage","url":"https:\/\/esbozodeportivo.com\/wp-content\/uploads\/2025\/12\/69e9c11c-f739-4d50-8d0c-111451e54e20.jpg","contentUrl":"https:\/\/esbozodeportivo.com\/wp-content\/uploads\/2025\/12\/69e9c11c-f739-4d50-8d0c-111451e54e20.jpg","width":1440,"height":960},{"@type":"BreadcrumbList","@id":"https:\/\/esbozodeportivo.com\/index.php\/2025\/12\/06\/nueva-jersey-sede-de-la-final-del-mundial\/#breadcrumb","itemListElement":[{"@type":"ListItem","position":1,"name":"Inicio","item":"https:\/\/esbozodeportivo.com\/"},{"@type":"ListItem","position":2,"name":"Nueva Jersey sede de la final del Mundial"}]},{"@type":"WebSite","@id":"https:\/\/esbozodeportivo.com\/#website","url":"https:\/\/esbozodeportivo.com\/","name":"Esbozo Deportivo","description":"Lo m\u00e1s importante del Deporte","publisher":{"@id":"https:\/\/esbozodeportivo.com\/#organization"},"potentialAction":[{"@type":"SearchAction","target":{"@type":"EntryPoint","urlTemplate":"https:\/\/esbozodeportivo.com\/?s={search_term_string}"},"query-input":{"@type":"PropertyValueSpecification","valueRequired":true,"valueName":"search_term_string"}}],"inLanguage":"es"},{"@type":"Organization","@id":"https:\/\/esbozodeportivo.com\/#organization","name":"Esbozo Deportivo","url":"https:\/\/esbozodeportivo.com\/","logo":{"@type":"ImageObject","inLanguage":"es","@id":"https:\/\/esbozodeportivo.com\/#\/schema\/logo\/image\/","url":"https:\/\/esbozodeportivo.com\/wp-content\/uploads\/2022\/08\/cropped-Logo-Esbozo-Web-2.png","contentUrl":"https:\/\/esbozodeportivo.com\/wp-content\/uploads\/2022\/08\/cropped-Logo-Esbozo-Web-2.png","width":180,"height":50,"caption":"Esbozo Deportivo"},"image":{"@id":"https:\/\/esbozodeportivo.com\/#\/schema\/logo\/image\/"}},{"@type":"Person","@id":"https:\/\/esbozodeportivo.com\/#\/schema\/person\/0f6df9196dfe6740dd0bb31bae50d374","name":"Redacci\u00f3n","image":{"@type":"ImageObject","inLanguage":"es","@id":"https:\/\/esbozodeportivo.com\/#\/schema\/person\/image\/","url":"https:\/\/secure.gravatar.com\/avatar\/f55268a89c3b418f2ef172ff52ab0d09b3e653c58de29539fe329fb93d78ebf3?s=96&d=mm&r=g","contentUrl":"https:\/\/secure.gravatar.com\/avatar\/f55268a89c3b418f2ef172ff52ab0d09b3e653c58de29539fe329fb93d78ebf3?s=96&d=mm&r=g","caption":"Redacci\u00f3n"},"url":"https:\/\/esbozodeportivo.com\/index.php\/author\/redaccion\/"}]}},"jetpack_featured_media_url":"https:\/\/esbozodeportivo.com\/wp-content\/uploads\/2025\/12\/69e9c11c-f739-4d50-8d0c-111451e54e20.jpg","jetpack_sharing_enabled":true,"_links":{"self":[{"href":"https:\/\/esbozodeportivo.com\/index.php\/wp-json\/wp\/v2\/posts\/11735","targetHints":{"allow":["GET"]}}],"collection":[{"href":"https:\/\/esbozodeportivo.com\/index.php\/wp-json\/wp\/v2\/posts"}],"about":[{"href":"https:\/\/esbozodeportivo.com\/index.php\/wp-json\/wp\/v2\/types\/post"}],"author":[{"embeddable":true,"href":"https:\/\/esbozodeportivo.com\/index.php\/wp-json\/wp\/v2\/users\/4"}],"replies":[{"embeddable":true,"href":"https:\/\/esbozodeportivo.com\/index.php\/wp-json\/wp\/v2\/comments?post=11735"}],"version-history":[{"count":1,"href":"https:\/\/esbozodeportivo.com\/index.php\/wp-json\/wp\/v2\/posts\/11735\/revisions"}],"predecessor-version":[{"id":11736,"href":"https:\/\/esbozodeportivo.com\/index.php\/wp-json\/wp\/v2\/posts\/11735\/revisions\/11736"}],"wp:featuredmedia":[{"embeddable":true,"href":"https:\/\/esbozodeportivo.com\/index.php\/wp-json\/wp\/v2\/media\/11726"}],"wp:attachment":[{"href":"https:\/\/esbozodeportivo.com\/index.php\/wp-json\/wp\/v2\/media?parent=11735"}],"wp:term":[{"taxonomy":"category","embeddable":true,"href":"https:\/\/esbozodeportivo.com\/index.php\/wp-json\/wp\/v2\/categories?post=11735"},{"taxonomy":"post_tag","embeddable":true,"href":"https:\/\/esbozodeportivo.com\/index.php\/wp-json\/wp\/v2\/tags?post=11735"}],"curies":[{"name":"wp","href":"https:\/\/api.w.org\/{rel}","templated":true}]}}