{"id":11753,"date":"2025-12-07T17:02:22","date_gmt":"2025-12-07T23:02:22","guid":{"rendered":"https:\/\/esbozodeportivo.com\/?p=11753"},"modified":"2025-12-07T17:02:26","modified_gmt":"2025-12-07T23:02:26","slug":"el-calor-factor-clave-en-el-mundial","status":"publish","type":"post","link":"https:\/\/esbozodeportivo.com\/index.php\/2025\/12\/07\/el-calor-factor-clave-en-el-mundial\/","title":{"rendered":"El calor, factor clave en el Mundial"},"content":{"rendered":"\n<p>(Foto: Agencias) <\/p>\n\n\n\n<p>Los equipos que participar\u00e1n en la Copa del Mundo del pr\u00f3ximo a\u00f1o pudieron conocer a sus oponentes el viernes. El s\u00e1bado fue para averiguar otros aspectos log\u00edsticos: las sedes y horarios de los partidos.<\/p>\n\n\n\n<p>El calendario completo para el torneo de 2026 en Estados Unidos, M\u00e9xico y Canad\u00e1 se revel\u00f3 un d\u00eda despu\u00e9s de que el sorteo dividi\u00f3 a los 48 equipos en una docena de grupos de cuatro integrantes cada uno para la ronda preliminar. Ahora, cada selecci\u00f3n sabe cu\u00e1nta distancia recorrer\u00e1 mientras juega sus primeros \u2014y posiblemente \u00fanicos\u2014 tres partidos. Tambi\u00e9n puede estimar cu\u00e1nto influir\u00e1 el calor como factor.<\/p>\n\n\n\n<p>Incluso el entrenador de Canad\u00e1, Jesse Marsch, cuyo equipo se quedar\u00e1 en Toronto y Vancouver mientras juega en el Grupo B, est\u00e1 teniendo en cuenta el clima. La selecci\u00f3n canadiense debuta en Toronto contra el ganador de un repechaje europeo, y ese partido es a las 3 de la tarde, por lo que el ambiente podr\u00eda ser bastante c\u00e1lido.<\/p>\n\n\n\n<p>\u201cNos aseguraremos de que nuestros jugadores est\u00e9n en forma\u201d, dijo Marsch. \u201cNos aseguraremos de que se adapten a lo que podr\u00eda ser el clima\u201d.<\/p>\n\n\n\n<p>El calor ha sido durante mucho tiempo un problema en las Copas del Mundo. El torneo de Qatar en 2022 se jug\u00f3 a finales de a\u00f1o debido a esto.<\/p>\n\n\n\n<p>En 1994, la \u00faltima vez que Estados Unidos fue sede de un Mundial, los partidos se realizaron principalmente durante el d\u00eda. Era lo conveniente para los televidentes en Europa, pero result\u00f3 en condiciones sofocantes en lugares como el Cotton Bowl en Dallas.<\/p>\n\n\n\n<p>M\u00e1s de tres d\u00e9cadas despu\u00e9s, ese estadio no se usar\u00e1 en la Copa del Mundo de 2026. En su lugar, los partidos en el \u00e1rea de Dallas se realizar\u00e1n en Arlington, Texas, en el AT&amp;T Stadium.<\/p>\n\n\n\n<p>Y la casa de los Cowboys de la NFL tiene un techo retr\u00e1ctil. Lo mismo ocurre con los estadios que se utilizar\u00e1n en Houston y Atlanta.<\/p>\n\n\n\n<p>El SoFi Stadium, casa de los Rams de Los \u00c1ngeles en Inglewood, California, tiene un techo, pero el aire del exterior puede entrar. Con cinco partidos por la tarde en el calendario, SoFi es un lugar donde las temperaturas podr\u00edan elevarse.<\/p>\n\n\n\n<p>Las sedes en M\u00e9xico \u2014Estadio Azteca en la capital, Estadio Akron en Guadalajara y Estadio BBVA en Monterrey\u2014 tambi\u00e9n podr\u00edan ser motivo de preocupaci\u00f3n por el calor. Los aficionados al f\u00fatbol en Estados Unidos son muy conscientes de lo opresivas que pueden ser las condiciones en el Azteca, tanto en t\u00e9rminos de temperatura como de altitud, para los equipos visitantes. Pero en este torneo, casi todos los partidos en los tres estadios mexicanos son por la noche.<\/p>\n\n\n\n<p>Los datos<\/p>\n\n\n\n<p>Aqu\u00ed est\u00e1n los partidos de la fase de grupos donde es m\u00e1s probable que el calor sea un problema al inicio. Esto se basa en promedios de 30 a\u00f1os de la temperatura \u201cRealFeel\u201d de Accuweather. Debido a los techos en sus estadios, Arlington, Houston y Atlanta no est\u00e1n incluidos. Todas las horas son locales:<\/p>\n\n\n\n<p>31 grados Celsius (88 Fahrenheit) \u2014 Suiza vs. Ganador del Repechaje Europeo A (18 de junio a las 12 del d\u00eda en Inglewood).<\/p>\n\n\n\n<p>30 Celsius (87 Fahrenheit) \u2014 B\u00e9lgica vs. Ir\u00e1n (21 de junio a las 12 del d\u00eda en Inglewood).<\/p>\n\n\n\n<p>30 Celsius (87 Fahrenheit) \u2014 Curazao vs. Costa de Marfil (25 de junio a las 4 de la tarde en Filadelfia).<\/p>\n\n\n\n<p>30 Celsius (86 Fahrenheit) \u2014 T\u00fanez vs. Pa\u00edses Bajos (25 de junio a las 6 de la tarde en Kansas City, Missouri).<\/p>\n\n\n\n<p>29 Celsius (85 Fahrenheit) \u2014 Escocia vs. Brasil (24 de junio a las 6 de la tarde en Miami Gardens, Florida).<\/p>\n\n\n\n<p>29 Celsius (85 Fahrenheit) \u2014 Ecuador vs. Alemania (25 de junio a las 4 de la tarde en East Rutherford, Nueva Jersey).<\/p>\n\n\n\n<p>29 Celsius (85 Fahrenheit) \u2014 Noruega vs. Francia (26 de junio a las 3 de la tarde en Foxborough, Massachusetts).<\/p>\n\n\n\n<p>28 Celsius (84 Fahrenheit) \u2014 Qatar vs. Suiza (13 de junio a las 12 de la d\u00eda en Santa Clara, California).<\/p>\n\n\n\n<p>28 Celsius (84 Fahrenheit) \u2014 Uruguay vs. Cabo Verde (21 de junio a las 6 s de la tarde en Miami Gardens).<\/p>\n\n\n\n<p>28 Celsius (84 Fahrenheit) \u2014 Sud\u00e1frica vs. Corea del Sur (24 de junio a las 7 de la tarde en Monterrey).<\/p>\n\n\n\n<p>28 Celsius (84 Fahrenheit) \u2014 Arabia Saud\u00ed vs. Uruguay (15 de junio a las 6 de la tarde en Miami Gardens).<\/p>\n\n\n\n<p>28 Celsius (84 Fahrenheit) \u2014 Ganador del Repechaje Europeo B vs. T\u00fanez (14 de junio a las 8 de la noche en Monterrey).<\/p>\n\n\n\n<p>Horarios convenientes<\/p>\n\n\n\n<p>Los siguientes equipos tienen partidos consecutivos de la fase de grupos en la misma ciudad, eliminando la necesidad de viajar entre \u00e9stos:<\/p>\n\n\n\n<p>\u2014 Corea del Sur juega sus dos primeros encuentros en Guadalajara.<\/p>\n\n\n\n<p>\u2014 Canad\u00e1 disputa su segundo y tercer partido en Vancouver.<\/p>\n\n\n\n<p>\u2014 Escocia encara sus dos primeros partidos en Foxborough.<\/p>\n\n\n\n<p>\u2014 Paraguay juega su segundo y tercer encuentro en Santa Clara.<\/p>\n\n\n\n<p>\u2014 T\u00fanez disputa sus dos primeros partidos en Monterrey.<\/p>\n\n\n\n<p>\u2014 Ir\u00e1n tiene programados sus dos primeros partidos en Inglewood.<\/p>\n\n\n\n<p>\u2014 Nueva Zelanda juega su segundo y tercer partido en Vancouver.<\/p>\n\n\n\n<p>\u2014 Espa\u00f1a tiene pautados sus dos primeros partidos en Atlanta.<\/p>\n\n\n\n<p>\u2014 Uruguay afronta sus dos primeros compromisos en Miami Gardens.<\/p>\n\n\n\n<p>\u2014 Senegal juega sus dos primeros partidos en East Rutherford.<\/p>\n\n\n\n<p>\u2014 Argentina encara su segundo y tercer partido en Arlington.<\/p>\n\n\n\n<p>\u2014 Jordania disputa sus dos primeros partidos en Santa Clara.<\/p>\n\n\n\n<p>\u2014 Portugal cumple sus dos primeros compromisos en Houston.<\/p>\n\n\n\n<p>\u2014 Panam\u00e1 juega sus dos primeros encuentros en Toronto.<\/p>\n\n\n\n<p><\/p>\n","protected":false},"excerpt":{"rendered":"<p>(Foto: Agencias) Los equipos que participar\u00e1n en la Copa del Mundo del pr\u00f3ximo a\u00f1o pudieron<\/p>\n","protected":false},"author":4,"featured_media":11748,"comment_status":"closed","ping_status":"open","sticky":false,"template":"","format":"standard","meta":{"_jetpack_memberships_contains_paid_content":false,"footnotes":""},"categories":[71],"tags":[],"class_list":["post-11753","post","type-post","status-publish","format-standard","has-post-thumbnail","hentry","category-mundial-2026"],"yoast_head":"<!-- This site is optimized with the Yoast SEO plugin v25.7 - https:\/\/yoast.com\/wordpress\/plugins\/seo\/ -->\n<title>El calor, factor clave en el Mundial - Esbozo Deportivo<\/title>\n<meta name=\"description\" content=\"Los equipos que participar\u00e1n en la Copa del Mundo del pr\u00f3ximo a\u00f1o pudieron conocer a sus oponentes el viernes. El s\u00e1bado fue para averiguar otros aspectos log\u00edsticos: las sedes y horarios de los partidos.\" \/>\n<meta name=\"robots\" content=\"index, follow, max-snippet:-1, max-image-preview:large, max-video-preview:-1\" \/>\n<link rel=\"canonical\" href=\"https:\/\/esbozodeportivo.com\/index.php\/2025\/12\/07\/el-calor-factor-clave-en-el-mundial\/\" \/>\n<meta property=\"og:locale\" content=\"es_MX\" \/>\n<meta property=\"og:type\" content=\"article\" \/>\n<meta property=\"og:title\" content=\"El calor, factor clave en el Mundial - Esbozo Deportivo\" \/>\n<meta property=\"og:description\" content=\"Los equipos que participar\u00e1n en la Copa del Mundo del pr\u00f3ximo a\u00f1o pudieron conocer a sus oponentes el viernes. El s\u00e1bado fue para averiguar otros aspectos log\u00edsticos: las sedes y horarios de los partidos.\" \/>\n<meta property=\"og:url\" content=\"https:\/\/esbozodeportivo.com\/index.php\/2025\/12\/07\/el-calor-factor-clave-en-el-mundial\/\" \/>\n<meta property=\"og:site_name\" content=\"Esbozo Deportivo\" \/>\n<meta property=\"article:published_time\" content=\"2025-12-07T23:02:22+00:00\" \/>\n<meta property=\"article:modified_time\" content=\"2025-12-07T23:02:26+00:00\" \/>\n<meta property=\"og:image\" content=\"https:\/\/esbozodeportivo.com\/wp-content\/uploads\/2025\/12\/MUndial-1.jpg\" \/>\n\t<meta property=\"og:image:width\" content=\"980\" \/>\n\t<meta property=\"og:image:height\" content=\"653\" \/>\n\t<meta property=\"og:image:type\" content=\"image\/jpeg\" \/>\n<meta name=\"author\" content=\"Redacci\u00f3n\" \/>\n<meta name=\"twitter:card\" content=\"summary_large_image\" \/>\n<meta name=\"twitter:label1\" content=\"Escrito por\" \/>\n\t<meta name=\"twitter:data1\" content=\"Redacci\u00f3n\" \/>\n\t<meta name=\"twitter:label2\" content=\"Tiempo de lectura\" \/>\n\t<meta name=\"twitter:data2\" content=\"5 minutos\" \/>\n<script type=\"application\/ld+json\" class=\"yoast-schema-graph\">{\"@context\":\"https:\/\/schema.org\",\"@graph\":[{\"@type\":\"Article\",\"@id\":\"https:\/\/esbozodeportivo.com\/index.php\/2025\/12\/07\/el-calor-factor-clave-en-el-mundial\/#article\",\"isPartOf\":{\"@id\":\"https:\/\/esbozodeportivo.com\/index.php\/2025\/12\/07\/el-calor-factor-clave-en-el-mundial\/\"},\"author\":{\"name\":\"Redacci\u00f3n\",\"@id\":\"https:\/\/esbozodeportivo.com\/#\/schema\/person\/0f6df9196dfe6740dd0bb31bae50d374\"},\"headline\":\"El calor, factor clave en el Mundial\",\"datePublished\":\"2025-12-07T23:02:22+00:00\",\"dateModified\":\"2025-12-07T23:02:26+00:00\",\"mainEntityOfPage\":{\"@id\":\"https:\/\/esbozodeportivo.com\/index.php\/2025\/12\/07\/el-calor-factor-clave-en-el-mundial\/\"},\"wordCount\":887,\"publisher\":{\"@id\":\"https:\/\/esbozodeportivo.com\/#organization\"},\"image\":{\"@id\":\"https:\/\/esbozodeportivo.com\/index.php\/2025\/12\/07\/el-calor-factor-clave-en-el-mundial\/#primaryimage\"},\"thumbnailUrl\":\"https:\/\/esbozodeportivo.com\/wp-content\/uploads\/2025\/12\/MUndial-1.jpg\",\"articleSection\":[\"Mundial 2026\"],\"inLanguage\":\"es\"},{\"@type\":\"WebPage\",\"@id\":\"https:\/\/esbozodeportivo.com\/index.php\/2025\/12\/07\/el-calor-factor-clave-en-el-mundial\/\",\"url\":\"https:\/\/esbozodeportivo.com\/index.php\/2025\/12\/07\/el-calor-factor-clave-en-el-mundial\/\",\"name\":\"El calor, factor clave en el Mundial - Esbozo Deportivo\",\"isPartOf\":{\"@id\":\"https:\/\/esbozodeportivo.com\/#website\"},\"primaryImageOfPage\":{\"@id\":\"https:\/\/esbozodeportivo.com\/index.php\/2025\/12\/07\/el-calor-factor-clave-en-el-mundial\/#primaryimage\"},\"image\":{\"@id\":\"https:\/\/esbozodeportivo.com\/index.php\/2025\/12\/07\/el-calor-factor-clave-en-el-mundial\/#primaryimage\"},\"thumbnailUrl\":\"https:\/\/esbozodeportivo.com\/wp-content\/uploads\/2025\/12\/MUndial-1.jpg\",\"datePublished\":\"2025-12-07T23:02:22+00:00\",\"dateModified\":\"2025-12-07T23:02:26+00:00\",\"description\":\"Los equipos que participar\u00e1n en la Copa del Mundo del pr\u00f3ximo a\u00f1o pudieron conocer a sus oponentes el viernes. El s\u00e1bado fue para averiguar otros aspectos log\u00edsticos: las sedes y horarios de los partidos.\",\"breadcrumb\":{\"@id\":\"https:\/\/esbozodeportivo.com\/index.php\/2025\/12\/07\/el-calor-factor-clave-en-el-mundial\/#breadcrumb\"},\"inLanguage\":\"es\",\"potentialAction\":[{\"@type\":\"ReadAction\",\"target\":[\"https:\/\/esbozodeportivo.com\/index.php\/2025\/12\/07\/el-calor-factor-clave-en-el-mundial\/\"]}]},{\"@type\":\"ImageObject\",\"inLanguage\":\"es\",\"@id\":\"https:\/\/esbozodeportivo.com\/index.php\/2025\/12\/07\/el-calor-factor-clave-en-el-mundial\/#primaryimage\",\"url\":\"https:\/\/esbozodeportivo.com\/wp-content\/uploads\/2025\/12\/MUndial-1.jpg\",\"contentUrl\":\"https:\/\/esbozodeportivo.com\/wp-content\/uploads\/2025\/12\/MUndial-1.jpg\",\"width\":980,\"height\":653},{\"@type\":\"BreadcrumbList\",\"@id\":\"https:\/\/esbozodeportivo.com\/index.php\/2025\/12\/07\/el-calor-factor-clave-en-el-mundial\/#breadcrumb\",\"itemListElement\":[{\"@type\":\"ListItem\",\"position\":1,\"name\":\"Inicio\",\"item\":\"https:\/\/esbozodeportivo.com\/\"},{\"@type\":\"ListItem\",\"position\":2,\"name\":\"El calor, factor clave en el Mundial\"}]},{\"@type\":\"WebSite\",\"@id\":\"https:\/\/esbozodeportivo.com\/#website\",\"url\":\"https:\/\/esbozodeportivo.com\/\",\"name\":\"Esbozo Deportivo\",\"description\":\"Lo m\u00e1s importante del Deporte\",\"publisher\":{\"@id\":\"https:\/\/esbozodeportivo.com\/#organization\"},\"potentialAction\":[{\"@type\":\"SearchAction\",\"target\":{\"@type\":\"EntryPoint\",\"urlTemplate\":\"https:\/\/esbozodeportivo.com\/?s={search_term_string}\"},\"query-input\":{\"@type\":\"PropertyValueSpecification\",\"valueRequired\":true,\"valueName\":\"search_term_string\"}}],\"inLanguage\":\"es\"},{\"@type\":\"Organization\",\"@id\":\"https:\/\/esbozodeportivo.com\/#organization\",\"name\":\"Esbozo Deportivo\",\"url\":\"https:\/\/esbozodeportivo.com\/\",\"logo\":{\"@type\":\"ImageObject\",\"inLanguage\":\"es\",\"@id\":\"https:\/\/esbozodeportivo.com\/#\/schema\/logo\/image\/\",\"url\":\"https:\/\/esbozodeportivo.com\/wp-content\/uploads\/2022\/08\/cropped-Logo-Esbozo-Web-2.png\",\"contentUrl\":\"https:\/\/esbozodeportivo.com\/wp-content\/uploads\/2022\/08\/cropped-Logo-Esbozo-Web-2.png\",\"width\":180,\"height\":50,\"caption\":\"Esbozo Deportivo\"},\"image\":{\"@id\":\"https:\/\/esbozodeportivo.com\/#\/schema\/logo\/image\/\"}},{\"@type\":\"Person\",\"@id\":\"https:\/\/esbozodeportivo.com\/#\/schema\/person\/0f6df9196dfe6740dd0bb31bae50d374\",\"name\":\"Redacci\u00f3n\",\"image\":{\"@type\":\"ImageObject\",\"inLanguage\":\"es\",\"@id\":\"https:\/\/esbozodeportivo.com\/#\/schema\/person\/image\/\",\"url\":\"https:\/\/secure.gravatar.com\/avatar\/f55268a89c3b418f2ef172ff52ab0d09b3e653c58de29539fe329fb93d78ebf3?s=96&d=mm&r=g\",\"contentUrl\":\"https:\/\/secure.gravatar.com\/avatar\/f55268a89c3b418f2ef172ff52ab0d09b3e653c58de29539fe329fb93d78ebf3?s=96&d=mm&r=g\",\"caption\":\"Redacci\u00f3n\"},\"url\":\"https:\/\/esbozodeportivo.com\/index.php\/author\/redaccion\/\"}]}<\/script>\n<!-- \/ Yoast SEO plugin. -->","yoast_head_json":{"title":"El calor, factor clave en el Mundial - Esbozo Deportivo","description":"Los equipos que participar\u00e1n en la Copa del Mundo del pr\u00f3ximo a\u00f1o pudieron conocer a sus oponentes el viernes. El s\u00e1bado fue para averiguar otros aspectos log\u00edsticos: las sedes y horarios de los partidos.","robots":{"index":"index","follow":"follow","max-snippet":"max-snippet:-1","max-image-preview":"max-image-preview:large","max-video-preview":"max-video-preview:-1"},"canonical":"https:\/\/esbozodeportivo.com\/index.php\/2025\/12\/07\/el-calor-factor-clave-en-el-mundial\/","og_locale":"es_MX","og_type":"article","og_title":"El calor, factor clave en el Mundial - Esbozo Deportivo","og_description":"Los equipos que participar\u00e1n en la Copa del Mundo del pr\u00f3ximo a\u00f1o pudieron conocer a sus oponentes el viernes. El s\u00e1bado fue para averiguar otros aspectos log\u00edsticos: las sedes y horarios de los partidos.","og_url":"https:\/\/esbozodeportivo.com\/index.php\/2025\/12\/07\/el-calor-factor-clave-en-el-mundial\/","og_site_name":"Esbozo Deportivo","article_published_time":"2025-12-07T23:02:22+00:00","article_modified_time":"2025-12-07T23:02:26+00:00","og_image":[{"width":980,"height":653,"url":"https:\/\/esbozodeportivo.com\/wp-content\/uploads\/2025\/12\/MUndial-1.jpg","type":"image\/jpeg"}],"author":"Redacci\u00f3n","twitter_card":"summary_large_image","twitter_misc":{"Escrito por":"Redacci\u00f3n","Tiempo de lectura":"5 minutos"},"schema":{"@context":"https:\/\/schema.org","@graph":[{"@type":"Article","@id":"https:\/\/esbozodeportivo.com\/index.php\/2025\/12\/07\/el-calor-factor-clave-en-el-mundial\/#article","isPartOf":{"@id":"https:\/\/esbozodeportivo.com\/index.php\/2025\/12\/07\/el-calor-factor-clave-en-el-mundial\/"},"author":{"name":"Redacci\u00f3n","@id":"https:\/\/esbozodeportivo.com\/#\/schema\/person\/0f6df9196dfe6740dd0bb31bae50d374"},"headline":"El calor, factor clave en el Mundial","datePublished":"2025-12-07T23:02:22+00:00","dateModified":"2025-12-07T23:02:26+00:00","mainEntityOfPage":{"@id":"https:\/\/esbozodeportivo.com\/index.php\/2025\/12\/07\/el-calor-factor-clave-en-el-mundial\/"},"wordCount":887,"publisher":{"@id":"https:\/\/esbozodeportivo.com\/#organization"},"image":{"@id":"https:\/\/esbozodeportivo.com\/index.php\/2025\/12\/07\/el-calor-factor-clave-en-el-mundial\/#primaryimage"},"thumbnailUrl":"https:\/\/esbozodeportivo.com\/wp-content\/uploads\/2025\/12\/MUndial-1.jpg","articleSection":["Mundial 2026"],"inLanguage":"es"},{"@type":"WebPage","@id":"https:\/\/esbozodeportivo.com\/index.php\/2025\/12\/07\/el-calor-factor-clave-en-el-mundial\/","url":"https:\/\/esbozodeportivo.com\/index.php\/2025\/12\/07\/el-calor-factor-clave-en-el-mundial\/","name":"El calor, factor clave en el Mundial - Esbozo Deportivo","isPartOf":{"@id":"https:\/\/esbozodeportivo.com\/#website"},"primaryImageOfPage":{"@id":"https:\/\/esbozodeportivo.com\/index.php\/2025\/12\/07\/el-calor-factor-clave-en-el-mundial\/#primaryimage"},"image":{"@id":"https:\/\/esbozodeportivo.com\/index.php\/2025\/12\/07\/el-calor-factor-clave-en-el-mundial\/#primaryimage"},"thumbnailUrl":"https:\/\/esbozodeportivo.com\/wp-content\/uploads\/2025\/12\/MUndial-1.jpg","datePublished":"2025-12-07T23:02:22+00:00","dateModified":"2025-12-07T23:02:26+00:00","description":"Los equipos que participar\u00e1n en la Copa del Mundo del pr\u00f3ximo a\u00f1o pudieron conocer a sus oponentes el viernes. El s\u00e1bado fue para averiguar otros aspectos log\u00edsticos: las sedes y horarios de los partidos.","breadcrumb":{"@id":"https:\/\/esbozodeportivo.com\/index.php\/2025\/12\/07\/el-calor-factor-clave-en-el-mundial\/#breadcrumb"},"inLanguage":"es","potentialAction":[{"@type":"ReadAction","target":["https:\/\/esbozodeportivo.com\/index.php\/2025\/12\/07\/el-calor-factor-clave-en-el-mundial\/"]}]},{"@type":"ImageObject","inLanguage":"es","@id":"https:\/\/esbozodeportivo.com\/index.php\/2025\/12\/07\/el-calor-factor-clave-en-el-mundial\/#primaryimage","url":"https:\/\/esbozodeportivo.com\/wp-content\/uploads\/2025\/12\/MUndial-1.jpg","contentUrl":"https:\/\/esbozodeportivo.com\/wp-content\/uploads\/2025\/12\/MUndial-1.jpg","width":980,"height":653},{"@type":"BreadcrumbList","@id":"https:\/\/esbozodeportivo.com\/index.php\/2025\/12\/07\/el-calor-factor-clave-en-el-mundial\/#breadcrumb","itemListElement":[{"@type":"ListItem","position":1,"name":"Inicio","item":"https:\/\/esbozodeportivo.com\/"},{"@type":"ListItem","position":2,"name":"El calor, factor clave en el Mundial"}]},{"@type":"WebSite","@id":"https:\/\/esbozodeportivo.com\/#website","url":"https:\/\/esbozodeportivo.com\/","name":"Esbozo Deportivo","description":"Lo m\u00e1s importante del Deporte","publisher":{"@id":"https:\/\/esbozodeportivo.com\/#organization"},"potentialAction":[{"@type":"SearchAction","target":{"@type":"EntryPoint","urlTemplate":"https:\/\/esbozodeportivo.com\/?s={search_term_string}"},"query-input":{"@type":"PropertyValueSpecification","valueRequired":true,"valueName":"search_term_string"}}],"inLanguage":"es"},{"@type":"Organization","@id":"https:\/\/esbozodeportivo.com\/#organization","name":"Esbozo Deportivo","url":"https:\/\/esbozodeportivo.com\/","logo":{"@type":"ImageObject","inLanguage":"es","@id":"https:\/\/esbozodeportivo.com\/#\/schema\/logo\/image\/","url":"https:\/\/esbozodeportivo.com\/wp-content\/uploads\/2022\/08\/cropped-Logo-Esbozo-Web-2.png","contentUrl":"https:\/\/esbozodeportivo.com\/wp-content\/uploads\/2022\/08\/cropped-Logo-Esbozo-Web-2.png","width":180,"height":50,"caption":"Esbozo Deportivo"},"image":{"@id":"https:\/\/esbozodeportivo.com\/#\/schema\/logo\/image\/"}},{"@type":"Person","@id":"https:\/\/esbozodeportivo.com\/#\/schema\/person\/0f6df9196dfe6740dd0bb31bae50d374","name":"Redacci\u00f3n","image":{"@type":"ImageObject","inLanguage":"es","@id":"https:\/\/esbozodeportivo.com\/#\/schema\/person\/image\/","url":"https:\/\/secure.gravatar.com\/avatar\/f55268a89c3b418f2ef172ff52ab0d09b3e653c58de29539fe329fb93d78ebf3?s=96&d=mm&r=g","contentUrl":"https:\/\/secure.gravatar.com\/avatar\/f55268a89c3b418f2ef172ff52ab0d09b3e653c58de29539fe329fb93d78ebf3?s=96&d=mm&r=g","caption":"Redacci\u00f3n"},"url":"https:\/\/esbozodeportivo.com\/index.php\/author\/redaccion\/"}]}},"jetpack_featured_media_url":"https:\/\/esbozodeportivo.com\/wp-content\/uploads\/2025\/12\/MUndial-1.jpg","jetpack_sharing_enabled":true,"_links":{"self":[{"href":"https:\/\/esbozodeportivo.com\/index.php\/wp-json\/wp\/v2\/posts\/11753","targetHints":{"allow":["GET"]}}],"collection":[{"href":"https:\/\/esbozodeportivo.com\/index.php\/wp-json\/wp\/v2\/posts"}],"about":[{"href":"https:\/\/esbozodeportivo.com\/index.php\/wp-json\/wp\/v2\/types\/post"}],"author":[{"embeddable":true,"href":"https:\/\/esbozodeportivo.com\/index.php\/wp-json\/wp\/v2\/users\/4"}],"replies":[{"embeddable":true,"href":"https:\/\/esbozodeportivo.com\/index.php\/wp-json\/wp\/v2\/comments?post=11753"}],"version-history":[{"count":1,"href":"https:\/\/esbozodeportivo.com\/index.php\/wp-json\/wp\/v2\/posts\/11753\/revisions"}],"predecessor-version":[{"id":11754,"href":"https:\/\/esbozodeportivo.com\/index.php\/wp-json\/wp\/v2\/posts\/11753\/revisions\/11754"}],"wp:featuredmedia":[{"embeddable":true,"href":"https:\/\/esbozodeportivo.com\/index.php\/wp-json\/wp\/v2\/media\/11748"}],"wp:attachment":[{"href":"https:\/\/esbozodeportivo.com\/index.php\/wp-json\/wp\/v2\/media?parent=11753"}],"wp:term":[{"taxonomy":"category","embeddable":true,"href":"https:\/\/esbozodeportivo.com\/index.php\/wp-json\/wp\/v2\/categories?post=11753"},{"taxonomy":"post_tag","embeddable":true,"href":"https:\/\/esbozodeportivo.com\/index.php\/wp-json\/wp\/v2\/tags?post=11753"}],"curies":[{"name":"wp","href":"https:\/\/api.w.org\/{rel}","templated":true}]}}