{"id":11776,"date":"2025-12-07T22:17:00","date_gmt":"2025-12-08T04:17:00","guid":{"rendered":"https:\/\/esbozodeportivo.com\/?p=11776"},"modified":"2025-12-07T22:17:01","modified_gmt":"2025-12-08T04:17:01","slug":"hernandez-se-corono-en-el-xxx-campeonato-nacional-de-tenis-varonil-de-primera-fuerza-punta-medica-presentado-por-caliente","status":"publish","type":"post","link":"https:\/\/esbozodeportivo.com\/index.php\/2025\/12\/07\/hernandez-se-corono-en-el-xxx-campeonato-nacional-de-tenis-varonil-de-primera-fuerza-punta-medica-presentado-por-caliente\/","title":{"rendered":"Hern\u00e1ndez se coron\u00f3 en el XXX Campeonato Nacional de Tenis Varonil de Primera Fuerza Punta M\u00e9dica presentado por Caliente"},"content":{"rendered":"\n<p>(Foto: Cortes\u00eda) <\/p>\n\n\n\n<ul class=\"wp-block-list\">\n<li><strong>Se impuso en cinco sets al zacatecano Alan Magadan y conquista su segunda corona en el certamen, despu\u00e9s que lo hizo en el 2023<\/strong><\/li>\n<\/ul>\n\n\n\n<p>El tenista guerrerense Juan Alejandro Hern\u00e1ndez Serrano se convirti\u00f3 en bicampe\u00f3n nacional al conquistar su segundo t\u00edtulo en <strong>el XXX Campeonato Nacional de Tenis Varonil de Primera Fuerza \u201cPunta M\u00e9dica presentado por Caliente\u201d<\/strong>, que, con bolsa de <strong>UN MILL\u00d3N DE PESOS<\/strong> se disput\u00f3 del 2 al 7 de diciembre en el Club irland\u00e9s de Raqueta.<\/p>\n\n\n\n<p>En una final que dur\u00f3 m\u00e1s de tres horas y tuvo que definirse en cinco sets, Alejandro Hern\u00e1ndez se impuso por 6-4, 6-2, 1-6, 4-6, 6-3 al zacatecano Alan Magadan consolidando as\u00ed su segunda corona en este certamen, luego de la conseguida en el 2023, cuando super\u00f3 en 4 sets al vallartense Gerardo L\u00f3pez Villase\u00f1or.<\/p>\n\n\n\n<p>Alejandro Hern\u00e1ndez tuvo un buen inicio de partido y domin\u00f3 a Alan Magadan, con base en los cambios de velocidad y tiros ganadores a las l\u00edneas. Al principio su servicio no estuvo afinado al cien por ciento, pero tampoco lo estuvo para Magadan, por lo que sufrieron varios rompimientos.<\/p>\n\n\n\n<p>Sin embargo, la estrategia le funcion\u00f3 a Hern\u00e1ndez, quien actualmente ocupa la posici\u00f3n 419 en el ranking mundial de la ATP (Asociaci\u00f3n de Tenistas Profesionales) y es la segunda mejor raqueta de M\u00e9xico, detr\u00e1s del yucateco Rodrigo Pacheco M\u00e9ndez. Hern\u00e1ndez estuvo certero en las devoluciones, metiendo fuerte la derecha desde el fondo de la cancha y logr\u00f3 sacar ventaja en los dos primeros sets.<\/p>\n\n\n\n<p>Sin embargo, en los dos sets siguientes el zacatecano Alan Magadan apret\u00f3 las buj\u00edas, mejor\u00f3 notoriamente con su primer servicio y logr\u00f3 poner contra las cuerdas al acapulque\u00f1o. Alan comenz\u00f3 a utilizar los cambios de velocidad que, por momentos, enloquecieron a Alejandro Hern\u00e1ndez, pues lo hizo correr a las dejaditas y lo forz\u00f3 con las devoluciones, en las que Magadan sac\u00f3 siempre la ventaja.<\/p>\n\n\n\n<p>Alan se adjudic\u00f3 los dos siguientes sets, luciendo con su primer servicio y logr\u00f3 poner de pie a los cientos de aficionados que se dieron cita en el Club Irland\u00e9s de Raqueta.<\/p>\n\n\n\n<p>As\u00ed lleg\u00f3 el quinto set, donde ambos jugadores salieron muy concentrados, sin embargo, Alejandro aprovech\u00f3 mejor las condiciones del partido, sobre todo cuando Alan Magadan demostr\u00f3 que en el \u00faltimo set no sali\u00f3 fino con el servicio, meti\u00f3 algunas dobles faltas, que el guerrerense aprovech\u00f3 para sumar y consolidar as\u00ed un gran triunfo y su segundo t\u00edtulo nacional.<\/p>\n\n\n\n<p>Aparte de la jerarqu\u00eda que representa ser bicampe\u00f3n nacional, Alejandro Hern\u00e1ndez se adjudic\u00f3 un premio de 325,000 pesos y un boleto de avi\u00f3n, viaje redondo por Aerom\u00e9xico, a un destino nacional, con lo cual fortalece su inicio de temporada 2026, en la que, al principio de a\u00f1o, tiene previsto viajar a algunos torneos por Asia.<\/p>\n\n\n\n<p>El tenista guerrerense depende, en gran medida, de la ayuda que le proporciona su padre, quien es pro de tenis en Estados Unidos, y su familia, por lo que este premio resulta un b\u00e1lsamo en su carrera, tal como lo fue en el 2023, cuando, con el premio, logr\u00f3 planear su gira y regres\u00f3 al ranking ATP, con tanto \u00e9xito, que en el 2025 conquist\u00f3 el mejor ranking de su carrera y va por m\u00e1s.<\/p>\n\n\n\n<p>Para Alan Magadan la situaci\u00f3n no es nada desde\u00f1able, pues se adjudic\u00f3 un premio de 175,000 pesos, adem\u00e1s de un boleto de avi\u00f3n, viaje redondo por Aerom\u00e9xico, a un destino nacional, cantidad con la que tambi\u00e9n puede buscar una gira de torneos que le resulte atractiva.<\/p>\n\n\n\n<p>Alan Magadan regresa este lunes a Estados Unidos y espera iniciar su temporada 2026 con un torneo challenger en ese pa\u00eds.<\/p>\n\n\n\n<p><strong>SANCHEZ, OTRA VEZ<\/strong><\/p>\n\n\n\n<p>El potosino Manuel S\u00e1nchez Montemayor agreg\u00f3 otro t\u00edtulo de dobles a su amplio palmar\u00e9s, luego que junto al capitalino Alonso Delgado se impuso en la gran final al guerrerense Alex Hern\u00e1ndez y al capitalino Patricio Betancourt por 7-6 (6), 7-5.<\/p>\n\n\n\n<p>Fue un duelo sumamente re\u00f1ido donde ninguna de las dos parejas daba tregua. En el primer set hubo rompimientos de ambos lados hasta llegar al 6 iguales que tuvieron que dirimir en el tie break que tambi\u00e9n se coloc\u00f3 6-6, pero donde la contundencia de S\u00e1nchez se hizo notar.<\/p>\n\n\n\n<p>En el segundo, igualmente muy parejo, Manuel S\u00e1nchez y Alonso Delgado rompieron en el duod\u00e9cimo juego para impedir otro tie break y salir con el triunfo.<\/p>\n\n\n\n<p>En el 2024, Manuel S\u00e1nchez se coron\u00f3 junto al queretano Alfredo Moreno, sin olvidar que esa pareja fue monarca de la Copa Internacional Juvenil Casablanca en 2008.<\/p>\n\n\n\n<p><\/p>\n","protected":false},"excerpt":{"rendered":"<p>(Foto: Cortes\u00eda) El tenista guerrerense Juan Alejandro Hern\u00e1ndez Serrano se convirti\u00f3 en bicampe\u00f3n nacional al<\/p>\n","protected":false},"author":4,"featured_media":11764,"comment_status":"closed","ping_status":"open","sticky":false,"template":"","format":"standard","meta":{"_jetpack_memberships_contains_paid_content":false,"footnotes":""},"categories":[68],"tags":[],"class_list":["post-11776","post","type-post","status-publish","format-standard","has-post-thumbnail","hentry","category-tenis-2"],"yoast_head":"<!-- This site is optimized with the Yoast SEO plugin v25.7 - https:\/\/yoast.com\/wordpress\/plugins\/seo\/ -->\n<title>Hern\u00e1ndez se coron\u00f3 en el XXX Campeonato Nacional de Tenis Varonil de Primera Fuerza Punta M\u00e9dica presentado por Caliente - Esbozo Deportivo<\/title>\n<meta name=\"description\" content=\"El tenista guerrerense Juan Alejandro Hern\u00e1ndez Serrano se convirti\u00f3 en bicampe\u00f3n nacional al conquistar su segundo t\u00edtulo en el XXX Campeonato Nacional de Tenis Varonil de Primera Fuerza \u201cPunta M\u00e9dica presentado por Caliente\u201d, que, con bolsa de UN MILL\u00d3N DE PESOS se disput\u00f3 del 2 al 7 de diciembre en el Club irland\u00e9s de Raqueta.\" \/>\n<meta name=\"robots\" content=\"index, follow, max-snippet:-1, max-image-preview:large, max-video-preview:-1\" \/>\n<link rel=\"canonical\" href=\"https:\/\/esbozodeportivo.com\/index.php\/2025\/12\/07\/hernandez-se-corono-en-el-xxx-campeonato-nacional-de-tenis-varonil-de-primera-fuerza-punta-medica-presentado-por-caliente\/\" \/>\n<meta property=\"og:locale\" content=\"es_MX\" \/>\n<meta property=\"og:type\" content=\"article\" \/>\n<meta property=\"og:title\" content=\"Hern\u00e1ndez se coron\u00f3 en el XXX Campeonato Nacional de Tenis Varonil de Primera Fuerza Punta M\u00e9dica presentado por Caliente - Esbozo Deportivo\" \/>\n<meta property=\"og:description\" content=\"El tenista guerrerense Juan Alejandro Hern\u00e1ndez Serrano se convirti\u00f3 en bicampe\u00f3n nacional al conquistar su segundo t\u00edtulo en el XXX Campeonato Nacional de Tenis Varonil de Primera Fuerza \u201cPunta M\u00e9dica presentado por Caliente\u201d, que, con bolsa de UN MILL\u00d3N DE PESOS se disput\u00f3 del 2 al 7 de diciembre en el Club irland\u00e9s de Raqueta.\" \/>\n<meta property=\"og:url\" content=\"https:\/\/esbozodeportivo.com\/index.php\/2025\/12\/07\/hernandez-se-corono-en-el-xxx-campeonato-nacional-de-tenis-varonil-de-primera-fuerza-punta-medica-presentado-por-caliente\/\" \/>\n<meta property=\"og:site_name\" content=\"Esbozo Deportivo\" \/>\n<meta property=\"article:published_time\" content=\"2025-12-08T04:17:00+00:00\" \/>\n<meta property=\"article:modified_time\" content=\"2025-12-08T04:17:01+00:00\" \/>\n<meta property=\"og:image\" content=\"https:\/\/esbozodeportivo.com\/wp-content\/uploads\/2025\/12\/Tenis2.jpg\" \/>\n\t<meta property=\"og:image:width\" content=\"1600\" \/>\n\t<meta property=\"og:image:height\" content=\"1066\" \/>\n\t<meta property=\"og:image:type\" content=\"image\/jpeg\" \/>\n<meta name=\"author\" content=\"Redacci\u00f3n\" \/>\n<meta name=\"twitter:card\" content=\"summary_large_image\" \/>\n<meta name=\"twitter:label1\" content=\"Escrito por\" \/>\n\t<meta name=\"twitter:data1\" content=\"Redacci\u00f3n\" \/>\n\t<meta name=\"twitter:label2\" content=\"Tiempo de lectura\" \/>\n\t<meta name=\"twitter:data2\" content=\"4 minutos\" \/>\n<script type=\"application\/ld+json\" class=\"yoast-schema-graph\">{\"@context\":\"https:\/\/schema.org\",\"@graph\":[{\"@type\":\"Article\",\"@id\":\"https:\/\/esbozodeportivo.com\/index.php\/2025\/12\/07\/hernandez-se-corono-en-el-xxx-campeonato-nacional-de-tenis-varonil-de-primera-fuerza-punta-medica-presentado-por-caliente\/#article\",\"isPartOf\":{\"@id\":\"https:\/\/esbozodeportivo.com\/index.php\/2025\/12\/07\/hernandez-se-corono-en-el-xxx-campeonato-nacional-de-tenis-varonil-de-primera-fuerza-punta-medica-presentado-por-caliente\/\"},\"author\":{\"name\":\"Redacci\u00f3n\",\"@id\":\"https:\/\/esbozodeportivo.com\/#\/schema\/person\/0f6df9196dfe6740dd0bb31bae50d374\"},\"headline\":\"Hern\u00e1ndez se coron\u00f3 en el XXX Campeonato Nacional de Tenis Varonil de Primera Fuerza Punta M\u00e9dica presentado por Caliente\",\"datePublished\":\"2025-12-08T04:17:00+00:00\",\"dateModified\":\"2025-12-08T04:17:01+00:00\",\"mainEntityOfPage\":{\"@id\":\"https:\/\/esbozodeportivo.com\/index.php\/2025\/12\/07\/hernandez-se-corono-en-el-xxx-campeonato-nacional-de-tenis-varonil-de-primera-fuerza-punta-medica-presentado-por-caliente\/\"},\"wordCount\":801,\"publisher\":{\"@id\":\"https:\/\/esbozodeportivo.com\/#organization\"},\"image\":{\"@id\":\"https:\/\/esbozodeportivo.com\/index.php\/2025\/12\/07\/hernandez-se-corono-en-el-xxx-campeonato-nacional-de-tenis-varonil-de-primera-fuerza-punta-medica-presentado-por-caliente\/#primaryimage\"},\"thumbnailUrl\":\"https:\/\/esbozodeportivo.com\/wp-content\/uploads\/2025\/12\/Tenis2.jpg\",\"articleSection\":[\"Tenis\"],\"inLanguage\":\"es\"},{\"@type\":\"WebPage\",\"@id\":\"https:\/\/esbozodeportivo.com\/index.php\/2025\/12\/07\/hernandez-se-corono-en-el-xxx-campeonato-nacional-de-tenis-varonil-de-primera-fuerza-punta-medica-presentado-por-caliente\/\",\"url\":\"https:\/\/esbozodeportivo.com\/index.php\/2025\/12\/07\/hernandez-se-corono-en-el-xxx-campeonato-nacional-de-tenis-varonil-de-primera-fuerza-punta-medica-presentado-por-caliente\/\",\"name\":\"Hern\u00e1ndez se coron\u00f3 en el XXX Campeonato Nacional de Tenis Varonil de Primera Fuerza Punta M\u00e9dica presentado por Caliente - Esbozo Deportivo\",\"isPartOf\":{\"@id\":\"https:\/\/esbozodeportivo.com\/#website\"},\"primaryImageOfPage\":{\"@id\":\"https:\/\/esbozodeportivo.com\/index.php\/2025\/12\/07\/hernandez-se-corono-en-el-xxx-campeonato-nacional-de-tenis-varonil-de-primera-fuerza-punta-medica-presentado-por-caliente\/#primaryimage\"},\"image\":{\"@id\":\"https:\/\/esbozodeportivo.com\/index.php\/2025\/12\/07\/hernandez-se-corono-en-el-xxx-campeonato-nacional-de-tenis-varonil-de-primera-fuerza-punta-medica-presentado-por-caliente\/#primaryimage\"},\"thumbnailUrl\":\"https:\/\/esbozodeportivo.com\/wp-content\/uploads\/2025\/12\/Tenis2.jpg\",\"datePublished\":\"2025-12-08T04:17:00+00:00\",\"dateModified\":\"2025-12-08T04:17:01+00:00\",\"description\":\"El tenista guerrerense Juan Alejandro Hern\u00e1ndez Serrano se convirti\u00f3 en bicampe\u00f3n nacional al conquistar su segundo t\u00edtulo en el XXX Campeonato Nacional de Tenis Varonil de Primera Fuerza \u201cPunta M\u00e9dica presentado por Caliente\u201d, que, con bolsa de UN MILL\u00d3N DE PESOS se disput\u00f3 del 2 al 7 de diciembre en el Club irland\u00e9s de Raqueta.\",\"breadcrumb\":{\"@id\":\"https:\/\/esbozodeportivo.com\/index.php\/2025\/12\/07\/hernandez-se-corono-en-el-xxx-campeonato-nacional-de-tenis-varonil-de-primera-fuerza-punta-medica-presentado-por-caliente\/#breadcrumb\"},\"inLanguage\":\"es\",\"potentialAction\":[{\"@type\":\"ReadAction\",\"target\":[\"https:\/\/esbozodeportivo.com\/index.php\/2025\/12\/07\/hernandez-se-corono-en-el-xxx-campeonato-nacional-de-tenis-varonil-de-primera-fuerza-punta-medica-presentado-por-caliente\/\"]}]},{\"@type\":\"ImageObject\",\"inLanguage\":\"es\",\"@id\":\"https:\/\/esbozodeportivo.com\/index.php\/2025\/12\/07\/hernandez-se-corono-en-el-xxx-campeonato-nacional-de-tenis-varonil-de-primera-fuerza-punta-medica-presentado-por-caliente\/#primaryimage\",\"url\":\"https:\/\/esbozodeportivo.com\/wp-content\/uploads\/2025\/12\/Tenis2.jpg\",\"contentUrl\":\"https:\/\/esbozodeportivo.com\/wp-content\/uploads\/2025\/12\/Tenis2.jpg\",\"width\":1600,\"height\":1066},{\"@type\":\"BreadcrumbList\",\"@id\":\"https:\/\/esbozodeportivo.com\/index.php\/2025\/12\/07\/hernandez-se-corono-en-el-xxx-campeonato-nacional-de-tenis-varonil-de-primera-fuerza-punta-medica-presentado-por-caliente\/#breadcrumb\",\"itemListElement\":[{\"@type\":\"ListItem\",\"position\":1,\"name\":\"Inicio\",\"item\":\"https:\/\/esbozodeportivo.com\/\"},{\"@type\":\"ListItem\",\"position\":2,\"name\":\"Hern\u00e1ndez se coron\u00f3 en el XXX Campeonato Nacional de Tenis Varonil de Primera Fuerza Punta M\u00e9dica presentado por Caliente\"}]},{\"@type\":\"WebSite\",\"@id\":\"https:\/\/esbozodeportivo.com\/#website\",\"url\":\"https:\/\/esbozodeportivo.com\/\",\"name\":\"Esbozo Deportivo\",\"description\":\"Lo m\u00e1s importante del Deporte\",\"publisher\":{\"@id\":\"https:\/\/esbozodeportivo.com\/#organization\"},\"potentialAction\":[{\"@type\":\"SearchAction\",\"target\":{\"@type\":\"EntryPoint\",\"urlTemplate\":\"https:\/\/esbozodeportivo.com\/?s={search_term_string}\"},\"query-input\":{\"@type\":\"PropertyValueSpecification\",\"valueRequired\":true,\"valueName\":\"search_term_string\"}}],\"inLanguage\":\"es\"},{\"@type\":\"Organization\",\"@id\":\"https:\/\/esbozodeportivo.com\/#organization\",\"name\":\"Esbozo Deportivo\",\"url\":\"https:\/\/esbozodeportivo.com\/\",\"logo\":{\"@type\":\"ImageObject\",\"inLanguage\":\"es\",\"@id\":\"https:\/\/esbozodeportivo.com\/#\/schema\/logo\/image\/\",\"url\":\"https:\/\/esbozodeportivo.com\/wp-content\/uploads\/2022\/08\/cropped-Logo-Esbozo-Web-2.png\",\"contentUrl\":\"https:\/\/esbozodeportivo.com\/wp-content\/uploads\/2022\/08\/cropped-Logo-Esbozo-Web-2.png\",\"width\":180,\"height\":50,\"caption\":\"Esbozo Deportivo\"},\"image\":{\"@id\":\"https:\/\/esbozodeportivo.com\/#\/schema\/logo\/image\/\"}},{\"@type\":\"Person\",\"@id\":\"https:\/\/esbozodeportivo.com\/#\/schema\/person\/0f6df9196dfe6740dd0bb31bae50d374\",\"name\":\"Redacci\u00f3n\",\"image\":{\"@type\":\"ImageObject\",\"inLanguage\":\"es\",\"@id\":\"https:\/\/esbozodeportivo.com\/#\/schema\/person\/image\/\",\"url\":\"https:\/\/secure.gravatar.com\/avatar\/f55268a89c3b418f2ef172ff52ab0d09b3e653c58de29539fe329fb93d78ebf3?s=96&d=mm&r=g\",\"contentUrl\":\"https:\/\/secure.gravatar.com\/avatar\/f55268a89c3b418f2ef172ff52ab0d09b3e653c58de29539fe329fb93d78ebf3?s=96&d=mm&r=g\",\"caption\":\"Redacci\u00f3n\"},\"url\":\"https:\/\/esbozodeportivo.com\/index.php\/author\/redaccion\/\"}]}<\/script>\n<!-- \/ Yoast SEO plugin. -->","yoast_head_json":{"title":"Hern\u00e1ndez se coron\u00f3 en el XXX Campeonato Nacional de Tenis Varonil de Primera Fuerza Punta M\u00e9dica presentado por Caliente - Esbozo Deportivo","description":"El tenista guerrerense Juan Alejandro Hern\u00e1ndez Serrano se convirti\u00f3 en bicampe\u00f3n nacional al conquistar su segundo t\u00edtulo en el XXX Campeonato Nacional de Tenis Varonil de Primera Fuerza \u201cPunta M\u00e9dica presentado por Caliente\u201d, que, con bolsa de UN MILL\u00d3N DE PESOS se disput\u00f3 del 2 al 7 de diciembre en el Club irland\u00e9s de Raqueta.","robots":{"index":"index","follow":"follow","max-snippet":"max-snippet:-1","max-image-preview":"max-image-preview:large","max-video-preview":"max-video-preview:-1"},"canonical":"https:\/\/esbozodeportivo.com\/index.php\/2025\/12\/07\/hernandez-se-corono-en-el-xxx-campeonato-nacional-de-tenis-varonil-de-primera-fuerza-punta-medica-presentado-por-caliente\/","og_locale":"es_MX","og_type":"article","og_title":"Hern\u00e1ndez se coron\u00f3 en el XXX Campeonato Nacional de Tenis Varonil de Primera Fuerza Punta M\u00e9dica presentado por Caliente - Esbozo Deportivo","og_description":"El tenista guerrerense Juan Alejandro Hern\u00e1ndez Serrano se convirti\u00f3 en bicampe\u00f3n nacional al conquistar su segundo t\u00edtulo en el XXX Campeonato Nacional de Tenis Varonil de Primera Fuerza \u201cPunta M\u00e9dica presentado por Caliente\u201d, que, con bolsa de UN MILL\u00d3N DE PESOS se disput\u00f3 del 2 al 7 de diciembre en el Club irland\u00e9s de Raqueta.","og_url":"https:\/\/esbozodeportivo.com\/index.php\/2025\/12\/07\/hernandez-se-corono-en-el-xxx-campeonato-nacional-de-tenis-varonil-de-primera-fuerza-punta-medica-presentado-por-caliente\/","og_site_name":"Esbozo Deportivo","article_published_time":"2025-12-08T04:17:00+00:00","article_modified_time":"2025-12-08T04:17:01+00:00","og_image":[{"width":1600,"height":1066,"url":"https:\/\/esbozodeportivo.com\/wp-content\/uploads\/2025\/12\/Tenis2.jpg","type":"image\/jpeg"}],"author":"Redacci\u00f3n","twitter_card":"summary_large_image","twitter_misc":{"Escrito por":"Redacci\u00f3n","Tiempo de lectura":"4 minutos"},"schema":{"@context":"https:\/\/schema.org","@graph":[{"@type":"Article","@id":"https:\/\/esbozodeportivo.com\/index.php\/2025\/12\/07\/hernandez-se-corono-en-el-xxx-campeonato-nacional-de-tenis-varonil-de-primera-fuerza-punta-medica-presentado-por-caliente\/#article","isPartOf":{"@id":"https:\/\/esbozodeportivo.com\/index.php\/2025\/12\/07\/hernandez-se-corono-en-el-xxx-campeonato-nacional-de-tenis-varonil-de-primera-fuerza-punta-medica-presentado-por-caliente\/"},"author":{"name":"Redacci\u00f3n","@id":"https:\/\/esbozodeportivo.com\/#\/schema\/person\/0f6df9196dfe6740dd0bb31bae50d374"},"headline":"Hern\u00e1ndez se coron\u00f3 en el XXX Campeonato Nacional de Tenis Varonil de Primera Fuerza Punta M\u00e9dica presentado por Caliente","datePublished":"2025-12-08T04:17:00+00:00","dateModified":"2025-12-08T04:17:01+00:00","mainEntityOfPage":{"@id":"https:\/\/esbozodeportivo.com\/index.php\/2025\/12\/07\/hernandez-se-corono-en-el-xxx-campeonato-nacional-de-tenis-varonil-de-primera-fuerza-punta-medica-presentado-por-caliente\/"},"wordCount":801,"publisher":{"@id":"https:\/\/esbozodeportivo.com\/#organization"},"image":{"@id":"https:\/\/esbozodeportivo.com\/index.php\/2025\/12\/07\/hernandez-se-corono-en-el-xxx-campeonato-nacional-de-tenis-varonil-de-primera-fuerza-punta-medica-presentado-por-caliente\/#primaryimage"},"thumbnailUrl":"https:\/\/esbozodeportivo.com\/wp-content\/uploads\/2025\/12\/Tenis2.jpg","articleSection":["Tenis"],"inLanguage":"es"},{"@type":"WebPage","@id":"https:\/\/esbozodeportivo.com\/index.php\/2025\/12\/07\/hernandez-se-corono-en-el-xxx-campeonato-nacional-de-tenis-varonil-de-primera-fuerza-punta-medica-presentado-por-caliente\/","url":"https:\/\/esbozodeportivo.com\/index.php\/2025\/12\/07\/hernandez-se-corono-en-el-xxx-campeonato-nacional-de-tenis-varonil-de-primera-fuerza-punta-medica-presentado-por-caliente\/","name":"Hern\u00e1ndez se coron\u00f3 en el XXX Campeonato Nacional de Tenis Varonil de Primera Fuerza Punta M\u00e9dica presentado por Caliente - Esbozo Deportivo","isPartOf":{"@id":"https:\/\/esbozodeportivo.com\/#website"},"primaryImageOfPage":{"@id":"https:\/\/esbozodeportivo.com\/index.php\/2025\/12\/07\/hernandez-se-corono-en-el-xxx-campeonato-nacional-de-tenis-varonil-de-primera-fuerza-punta-medica-presentado-por-caliente\/#primaryimage"},"image":{"@id":"https:\/\/esbozodeportivo.com\/index.php\/2025\/12\/07\/hernandez-se-corono-en-el-xxx-campeonato-nacional-de-tenis-varonil-de-primera-fuerza-punta-medica-presentado-por-caliente\/#primaryimage"},"thumbnailUrl":"https:\/\/esbozodeportivo.com\/wp-content\/uploads\/2025\/12\/Tenis2.jpg","datePublished":"2025-12-08T04:17:00+00:00","dateModified":"2025-12-08T04:17:01+00:00","description":"El tenista guerrerense Juan Alejandro Hern\u00e1ndez Serrano se convirti\u00f3 en bicampe\u00f3n nacional al conquistar su segundo t\u00edtulo en el XXX Campeonato Nacional de Tenis Varonil de Primera Fuerza \u201cPunta M\u00e9dica presentado por Caliente\u201d, que, con bolsa de UN MILL\u00d3N DE PESOS se disput\u00f3 del 2 al 7 de diciembre en el Club irland\u00e9s de Raqueta.","breadcrumb":{"@id":"https:\/\/esbozodeportivo.com\/index.php\/2025\/12\/07\/hernandez-se-corono-en-el-xxx-campeonato-nacional-de-tenis-varonil-de-primera-fuerza-punta-medica-presentado-por-caliente\/#breadcrumb"},"inLanguage":"es","potentialAction":[{"@type":"ReadAction","target":["https:\/\/esbozodeportivo.com\/index.php\/2025\/12\/07\/hernandez-se-corono-en-el-xxx-campeonato-nacional-de-tenis-varonil-de-primera-fuerza-punta-medica-presentado-por-caliente\/"]}]},{"@type":"ImageObject","inLanguage":"es","@id":"https:\/\/esbozodeportivo.com\/index.php\/2025\/12\/07\/hernandez-se-corono-en-el-xxx-campeonato-nacional-de-tenis-varonil-de-primera-fuerza-punta-medica-presentado-por-caliente\/#primaryimage","url":"https:\/\/esbozodeportivo.com\/wp-content\/uploads\/2025\/12\/Tenis2.jpg","contentUrl":"https:\/\/esbozodeportivo.com\/wp-content\/uploads\/2025\/12\/Tenis2.jpg","width":1600,"height":1066},{"@type":"BreadcrumbList","@id":"https:\/\/esbozodeportivo.com\/index.php\/2025\/12\/07\/hernandez-se-corono-en-el-xxx-campeonato-nacional-de-tenis-varonil-de-primera-fuerza-punta-medica-presentado-por-caliente\/#breadcrumb","itemListElement":[{"@type":"ListItem","position":1,"name":"Inicio","item":"https:\/\/esbozodeportivo.com\/"},{"@type":"ListItem","position":2,"name":"Hern\u00e1ndez se coron\u00f3 en el XXX Campeonato Nacional de Tenis Varonil de Primera Fuerza Punta M\u00e9dica presentado por Caliente"}]},{"@type":"WebSite","@id":"https:\/\/esbozodeportivo.com\/#website","url":"https:\/\/esbozodeportivo.com\/","name":"Esbozo Deportivo","description":"Lo m\u00e1s importante del Deporte","publisher":{"@id":"https:\/\/esbozodeportivo.com\/#organization"},"potentialAction":[{"@type":"SearchAction","target":{"@type":"EntryPoint","urlTemplate":"https:\/\/esbozodeportivo.com\/?s={search_term_string}"},"query-input":{"@type":"PropertyValueSpecification","valueRequired":true,"valueName":"search_term_string"}}],"inLanguage":"es"},{"@type":"Organization","@id":"https:\/\/esbozodeportivo.com\/#organization","name":"Esbozo Deportivo","url":"https:\/\/esbozodeportivo.com\/","logo":{"@type":"ImageObject","inLanguage":"es","@id":"https:\/\/esbozodeportivo.com\/#\/schema\/logo\/image\/","url":"https:\/\/esbozodeportivo.com\/wp-content\/uploads\/2022\/08\/cropped-Logo-Esbozo-Web-2.png","contentUrl":"https:\/\/esbozodeportivo.com\/wp-content\/uploads\/2022\/08\/cropped-Logo-Esbozo-Web-2.png","width":180,"height":50,"caption":"Esbozo Deportivo"},"image":{"@id":"https:\/\/esbozodeportivo.com\/#\/schema\/logo\/image\/"}},{"@type":"Person","@id":"https:\/\/esbozodeportivo.com\/#\/schema\/person\/0f6df9196dfe6740dd0bb31bae50d374","name":"Redacci\u00f3n","image":{"@type":"ImageObject","inLanguage":"es","@id":"https:\/\/esbozodeportivo.com\/#\/schema\/person\/image\/","url":"https:\/\/secure.gravatar.com\/avatar\/f55268a89c3b418f2ef172ff52ab0d09b3e653c58de29539fe329fb93d78ebf3?s=96&d=mm&r=g","contentUrl":"https:\/\/secure.gravatar.com\/avatar\/f55268a89c3b418f2ef172ff52ab0d09b3e653c58de29539fe329fb93d78ebf3?s=96&d=mm&r=g","caption":"Redacci\u00f3n"},"url":"https:\/\/esbozodeportivo.com\/index.php\/author\/redaccion\/"}]}},"jetpack_featured_media_url":"https:\/\/esbozodeportivo.com\/wp-content\/uploads\/2025\/12\/Tenis2.jpg","jetpack_sharing_enabled":true,"_links":{"self":[{"href":"https:\/\/esbozodeportivo.com\/index.php\/wp-json\/wp\/v2\/posts\/11776","targetHints":{"allow":["GET"]}}],"collection":[{"href":"https:\/\/esbozodeportivo.com\/index.php\/wp-json\/wp\/v2\/posts"}],"about":[{"href":"https:\/\/esbozodeportivo.com\/index.php\/wp-json\/wp\/v2\/types\/post"}],"author":[{"embeddable":true,"href":"https:\/\/esbozodeportivo.com\/index.php\/wp-json\/wp\/v2\/users\/4"}],"replies":[{"embeddable":true,"href":"https:\/\/esbozodeportivo.com\/index.php\/wp-json\/wp\/v2\/comments?post=11776"}],"version-history":[{"count":1,"href":"https:\/\/esbozodeportivo.com\/index.php\/wp-json\/wp\/v2\/posts\/11776\/revisions"}],"predecessor-version":[{"id":11777,"href":"https:\/\/esbozodeportivo.com\/index.php\/wp-json\/wp\/v2\/posts\/11776\/revisions\/11777"}],"wp:featuredmedia":[{"embeddable":true,"href":"https:\/\/esbozodeportivo.com\/index.php\/wp-json\/wp\/v2\/media\/11764"}],"wp:attachment":[{"href":"https:\/\/esbozodeportivo.com\/index.php\/wp-json\/wp\/v2\/media?parent=11776"}],"wp:term":[{"taxonomy":"category","embeddable":true,"href":"https:\/\/esbozodeportivo.com\/index.php\/wp-json\/wp\/v2\/categories?post=11776"},{"taxonomy":"post_tag","embeddable":true,"href":"https:\/\/esbozodeportivo.com\/index.php\/wp-json\/wp\/v2\/tags?post=11776"}],"curies":[{"name":"wp","href":"https:\/\/api.w.org\/{rel}","templated":true}]}}