{"id":1180,"date":"2023-02-11T02:38:09","date_gmt":"2023-02-11T02:38:09","guid":{"rendered":"https:\/\/esbozodeportivo.com\/?p=1180"},"modified":"2023-02-11T02:39:56","modified_gmt":"2023-02-11T02:39:56","slug":"diego-cocca-nuevo-tecnico-del-tricolor","status":"publish","type":"post","link":"https:\/\/esbozodeportivo.com\/index.php\/2023\/02\/11\/diego-cocca-nuevo-tecnico-del-tricolor\/","title":{"rendered":"Diego Cocca, nuevo t\u00e9cnico del Tricolor"},"content":{"rendered":"<style>\/*! elementor - v3.10.2 - 29-01-2023 *\/\n.elementor-widget-image{text-align:center}.elementor-widget-image a{display:inline-block}.elementor-widget-image a img[src$=\".svg\"]{width:48px}.elementor-widget-image img{vertical-align:middle;display:inline-block}<\/style>\n<p>\t\t\t\t\t\t\t\t\t\t\t\t<img decoding=\"async\" width=\"640\" height=\"455\" src=\"https:\/\/esbozodeportivo.com\/wp-content\/uploads\/2023\/02\/Cocca-nuevo.jpg\" alt=\"\" loading=\"lazy\" srcset=\"https:\/\/esbozodeportivo.com\/wp-content\/uploads\/2023\/02\/Cocca-nuevo.jpg 1000w, https:\/\/esbozodeportivo.com\/wp-content\/uploads\/2023\/02\/Cocca-nuevo-300x213.jpg 300w, https:\/\/esbozodeportivo.com\/wp-content\/uploads\/2023\/02\/Cocca-nuevo-768x546.jpg 768w\" sizes=\"auto, (max-width: 640px) 100vw, 640px\" \/>\t\t\t\t\t\t\t\t\t\t\t\t\t\t\t<\/p>\n<p>(Foto: Agencias)\u00a0<\/p>\n<p>(Agencias).- A lo largo de su carrera como entrenador, Diego Cocca ha construido una reputaci\u00f3n como experto en romper maldiciones. Tendr\u00e1 una nueva oportunidad de hacerlo, ahora al frente de la selecci\u00f3n de M\u00e9xico.<\/p>\n<p>Cocca fue presentado el viernes como nuevo entrenador de la selecci\u00f3n mexicana de cara a la Copa Mundial de 2026. Procurar\u00e1 guiar al equipo a la ronda de cuartos de final, que se le ha negado salvo en las dos ocasiones en que fue sede, en 1970 y 1986.<\/p>\n<p>Esta vez, ser\u00e1 coanfitri\u00f3n, con Estados Unidos y Canad\u00e1.<\/p>\n<p>\u201cPara m\u00ed no es cualquier cosa, no s\u00f3lo por ser el seleccionador sino por serlo de este pa\u00eds que me ha dado much\u00edsimo. Vine como jugador hace m\u00e1s de 20 a\u00f1os y luego me recibi\u00f3 como t\u00e9cnico\u201d, dijo Cocca. \u201cPara m\u00ed y mi forma de pensar el poder ayudar desde este lugar a M\u00e9xico para hacer crecer a su selecci\u00f3n es un privilegio y una oportunidad que no pod\u00eda dejar pasar\u201d.<\/p>\n<p>Cocca sustituye a su compatriota Gerardo Martino, quien naufrag\u00f3 en la fase de grupos de Qatar, algo que no le pas\u00f3 a M\u00e9xico desde Argentina 1978 \u2014si bien el equipo no se clasific\u00f3 a Espa\u00f1a 1982 y fue descalificado del proceso rumbo a Italia 1990.<\/p>\n<p>El Tri hab\u00eda encontrado su techo en los octavos de final de todos los Mundiales desde Estados Unidos 1994 hasta Rusia 2018.<\/p>\n<p>El entrenador de 50 a\u00f1os, quien ser\u00e1 el quinto argentino en dirigir al Tri, buscar\u00e1 cambiar esos resultados.<\/p>\n<p>\u201cCreo mucho en el futbolista mexicano y en su talento, pero el talento no es suficiente, hay que darle un mont\u00f3n de herramientas para que explote y mi objetivo es ese, quiero hacerlo explotar\u201d, agreg\u00f3 Cocca. \u201cQuiero un equipo ganador y que enfrente lo que le toque, \u00bfhasta d\u00f3nde? No hay techo\u201d.<\/p>\n<p>Rodrigo Ares de Parga, director ejecutivo de selecciones nacionales, dijo que Cocca fue uno de cinco entrenadores entrevistados.<\/p>\n<p>\u201cEstamos convencidos de que cualquiera de los cinco t\u00e9cnicos iba a hacer un gran papel, pero tuvimos que tomar una decisi\u00f3n y estamos convencidos de que fue buena y vamos a triunfar con Diego al frente\u201d, dijo Ares de Parga. \u201cCreo que a partir de marzo vamos a comenzar a tener logros\u201d.<\/p>\n<p>Los pr\u00f3ximos encuentros de M\u00e9xico son a finales de marzo ante Bermuda y Jamaica, por la Liga de Naciones de la CONCACAF.<\/p>\n","protected":false},"excerpt":{"rendered":"<p>(Foto: Agencias)\u00a0 (Agencias).- A lo largo de su carrera como entrenador, Diego Cocca ha construido<\/p>\n","protected":false},"author":2,"featured_media":0,"comment_status":"open","ping_status":"open","sticky":false,"template":"","format":"standard","meta":{"_jetpack_memberships_contains_paid_content":false,"footnotes":""},"categories":[22],"tags":[],"class_list":["post-1180","post","type-post","status-publish","format-standard","hentry","category-tricolor"],"yoast_head":"<!-- This site is optimized with the Yoast SEO plugin v25.7 - https:\/\/yoast.com\/wordpress\/plugins\/seo\/ -->\n<title>Diego Cocca, nuevo t\u00e9cnico del Tricolor - Esbozo Deportivo<\/title>\n<meta name=\"robots\" content=\"index, follow, max-snippet:-1, max-image-preview:large, max-video-preview:-1\" \/>\n<link rel=\"canonical\" href=\"https:\/\/esbozodeportivo.com\/index.php\/2023\/02\/11\/diego-cocca-nuevo-tecnico-del-tricolor\/\" \/>\n<meta property=\"og:locale\" content=\"es_MX\" \/>\n<meta property=\"og:type\" content=\"article\" \/>\n<meta property=\"og:title\" content=\"Diego Cocca, nuevo t\u00e9cnico del Tricolor - Esbozo Deportivo\" \/>\n<meta property=\"og:description\" content=\"(Foto: Agencias)\u00a0 (Agencias).- A lo largo de su carrera como entrenador, Diego Cocca ha construido\" \/>\n<meta property=\"og:url\" content=\"https:\/\/esbozodeportivo.com\/index.php\/2023\/02\/11\/diego-cocca-nuevo-tecnico-del-tricolor\/\" \/>\n<meta property=\"og:site_name\" content=\"Esbozo Deportivo\" \/>\n<meta property=\"article:published_time\" content=\"2023-02-11T02:38:09+00:00\" \/>\n<meta property=\"article:modified_time\" content=\"2023-02-11T02:39:56+00:00\" \/>\n<meta property=\"og:image\" content=\"https:\/\/esbozodeportivo.com\/wp-content\/uploads\/2023\/02\/Cocca-nuevo.jpg\" \/>\n<meta name=\"author\" content=\"Javier De La Cruz\" \/>\n<meta name=\"twitter:card\" content=\"summary_large_image\" \/>\n<meta name=\"twitter:label1\" content=\"Escrito por\" \/>\n\t<meta name=\"twitter:data1\" content=\"Javier De La Cruz\" \/>\n\t<meta name=\"twitter:label2\" content=\"Tiempo de lectura\" \/>\n\t<meta name=\"twitter:data2\" content=\"2 minutos\" \/>\n<script type=\"application\/ld+json\" class=\"yoast-schema-graph\">{\"@context\":\"https:\/\/schema.org\",\"@graph\":[{\"@type\":\"Article\",\"@id\":\"https:\/\/esbozodeportivo.com\/index.php\/2023\/02\/11\/diego-cocca-nuevo-tecnico-del-tricolor\/#article\",\"isPartOf\":{\"@id\":\"https:\/\/esbozodeportivo.com\/index.php\/2023\/02\/11\/diego-cocca-nuevo-tecnico-del-tricolor\/\"},\"author\":{\"name\":\"Javier De La Cruz\",\"@id\":\"https:\/\/esbozodeportivo.com\/#\/schema\/person\/7277119c98823aec37bbb84e125efd44\"},\"headline\":\"Diego Cocca, nuevo t\u00e9cnico del Tricolor\",\"datePublished\":\"2023-02-11T02:38:09+00:00\",\"dateModified\":\"2023-02-11T02:39:56+00:00\",\"mainEntityOfPage\":{\"@id\":\"https:\/\/esbozodeportivo.com\/index.php\/2023\/02\/11\/diego-cocca-nuevo-tecnico-del-tricolor\/\"},\"wordCount\":416,\"commentCount\":0,\"publisher\":{\"@id\":\"https:\/\/esbozodeportivo.com\/#organization\"},\"image\":{\"@id\":\"https:\/\/esbozodeportivo.com\/index.php\/2023\/02\/11\/diego-cocca-nuevo-tecnico-del-tricolor\/#primaryimage\"},\"thumbnailUrl\":\"https:\/\/esbozodeportivo.com\/wp-content\/uploads\/2023\/02\/Cocca-nuevo.jpg\",\"articleSection\":[\"Selecci\u00f3n Mexicana\"],\"inLanguage\":\"es\",\"potentialAction\":[{\"@type\":\"CommentAction\",\"name\":\"Comment\",\"target\":[\"https:\/\/esbozodeportivo.com\/index.php\/2023\/02\/11\/diego-cocca-nuevo-tecnico-del-tricolor\/#respond\"]}]},{\"@type\":\"WebPage\",\"@id\":\"https:\/\/esbozodeportivo.com\/index.php\/2023\/02\/11\/diego-cocca-nuevo-tecnico-del-tricolor\/\",\"url\":\"https:\/\/esbozodeportivo.com\/index.php\/2023\/02\/11\/diego-cocca-nuevo-tecnico-del-tricolor\/\",\"name\":\"Diego Cocca, nuevo t\u00e9cnico del Tricolor - Esbozo Deportivo\",\"isPartOf\":{\"@id\":\"https:\/\/esbozodeportivo.com\/#website\"},\"primaryImageOfPage\":{\"@id\":\"https:\/\/esbozodeportivo.com\/index.php\/2023\/02\/11\/diego-cocca-nuevo-tecnico-del-tricolor\/#primaryimage\"},\"image\":{\"@id\":\"https:\/\/esbozodeportivo.com\/index.php\/2023\/02\/11\/diego-cocca-nuevo-tecnico-del-tricolor\/#primaryimage\"},\"thumbnailUrl\":\"https:\/\/esbozodeportivo.com\/wp-content\/uploads\/2023\/02\/Cocca-nuevo.jpg\",\"datePublished\":\"2023-02-11T02:38:09+00:00\",\"dateModified\":\"2023-02-11T02:39:56+00:00\",\"breadcrumb\":{\"@id\":\"https:\/\/esbozodeportivo.com\/index.php\/2023\/02\/11\/diego-cocca-nuevo-tecnico-del-tricolor\/#breadcrumb\"},\"inLanguage\":\"es\",\"potentialAction\":[{\"@type\":\"ReadAction\",\"target\":[\"https:\/\/esbozodeportivo.com\/index.php\/2023\/02\/11\/diego-cocca-nuevo-tecnico-del-tricolor\/\"]}]},{\"@type\":\"ImageObject\",\"inLanguage\":\"es\",\"@id\":\"https:\/\/esbozodeportivo.com\/index.php\/2023\/02\/11\/diego-cocca-nuevo-tecnico-del-tricolor\/#primaryimage\",\"url\":\"https:\/\/esbozodeportivo.com\/wp-content\/uploads\/2023\/02\/Cocca-nuevo.jpg\",\"contentUrl\":\"https:\/\/esbozodeportivo.com\/wp-content\/uploads\/2023\/02\/Cocca-nuevo.jpg\",\"width\":1000,\"height\":711},{\"@type\":\"BreadcrumbList\",\"@id\":\"https:\/\/esbozodeportivo.com\/index.php\/2023\/02\/11\/diego-cocca-nuevo-tecnico-del-tricolor\/#breadcrumb\",\"itemListElement\":[{\"@type\":\"ListItem\",\"position\":1,\"name\":\"Inicio\",\"item\":\"https:\/\/esbozodeportivo.com\/\"},{\"@type\":\"ListItem\",\"position\":2,\"name\":\"Diego Cocca, nuevo t\u00e9cnico del Tricolor\"}]},{\"@type\":\"WebSite\",\"@id\":\"https:\/\/esbozodeportivo.com\/#website\",\"url\":\"https:\/\/esbozodeportivo.com\/\",\"name\":\"Esbozo Deportivo\",\"description\":\"Lo m\u00e1s importante del Deporte\",\"publisher\":{\"@id\":\"https:\/\/esbozodeportivo.com\/#organization\"},\"potentialAction\":[{\"@type\":\"SearchAction\",\"target\":{\"@type\":\"EntryPoint\",\"urlTemplate\":\"https:\/\/esbozodeportivo.com\/?s={search_term_string}\"},\"query-input\":{\"@type\":\"PropertyValueSpecification\",\"valueRequired\":true,\"valueName\":\"search_term_string\"}}],\"inLanguage\":\"es\"},{\"@type\":\"Organization\",\"@id\":\"https:\/\/esbozodeportivo.com\/#organization\",\"name\":\"Esbozo Deportivo\",\"url\":\"https:\/\/esbozodeportivo.com\/\",\"logo\":{\"@type\":\"ImageObject\",\"inLanguage\":\"es\",\"@id\":\"https:\/\/esbozodeportivo.com\/#\/schema\/logo\/image\/\",\"url\":\"https:\/\/esbozodeportivo.com\/wp-content\/uploads\/2022\/08\/cropped-Logo-Esbozo-Web-2.png\",\"contentUrl\":\"https:\/\/esbozodeportivo.com\/wp-content\/uploads\/2022\/08\/cropped-Logo-Esbozo-Web-2.png\",\"width\":180,\"height\":50,\"caption\":\"Esbozo Deportivo\"},\"image\":{\"@id\":\"https:\/\/esbozodeportivo.com\/#\/schema\/logo\/image\/\"}},{\"@type\":\"Person\",\"@id\":\"https:\/\/esbozodeportivo.com\/#\/schema\/person\/7277119c98823aec37bbb84e125efd44\",\"name\":\"Javier De La Cruz\",\"image\":{\"@type\":\"ImageObject\",\"inLanguage\":\"es\",\"@id\":\"https:\/\/esbozodeportivo.com\/#\/schema\/person\/image\/\",\"url\":\"https:\/\/secure.gravatar.com\/avatar\/366235a56d20f1a6e8e3d0b295897639357bea880470ddf261d17bb0bc052eb1?s=96&d=mm&r=g\",\"contentUrl\":\"https:\/\/secure.gravatar.com\/avatar\/366235a56d20f1a6e8e3d0b295897639357bea880470ddf261d17bb0bc052eb1?s=96&d=mm&r=g\",\"caption\":\"Javier De La Cruz\"},\"url\":\"https:\/\/esbozodeportivo.com\/index.php\/author\/javier-de-la-cruz-de-la-cruz\/\"}]}<\/script>\n<!-- \/ Yoast SEO plugin. -->","yoast_head_json":{"title":"Diego Cocca, nuevo t\u00e9cnico del Tricolor - Esbozo Deportivo","robots":{"index":"index","follow":"follow","max-snippet":"max-snippet:-1","max-image-preview":"max-image-preview:large","max-video-preview":"max-video-preview:-1"},"canonical":"https:\/\/esbozodeportivo.com\/index.php\/2023\/02\/11\/diego-cocca-nuevo-tecnico-del-tricolor\/","og_locale":"es_MX","og_type":"article","og_title":"Diego Cocca, nuevo t\u00e9cnico del Tricolor - Esbozo Deportivo","og_description":"(Foto: Agencias)\u00a0 (Agencias).- A lo largo de su carrera como entrenador, Diego Cocca ha construido","og_url":"https:\/\/esbozodeportivo.com\/index.php\/2023\/02\/11\/diego-cocca-nuevo-tecnico-del-tricolor\/","og_site_name":"Esbozo Deportivo","article_published_time":"2023-02-11T02:38:09+00:00","article_modified_time":"2023-02-11T02:39:56+00:00","og_image":[{"url":"https:\/\/esbozodeportivo.com\/wp-content\/uploads\/2023\/02\/Cocca-nuevo.jpg","type":"","width":"","height":""}],"author":"Javier De La Cruz","twitter_card":"summary_large_image","twitter_misc":{"Escrito por":"Javier De La Cruz","Tiempo de lectura":"2 minutos"},"schema":{"@context":"https:\/\/schema.org","@graph":[{"@type":"Article","@id":"https:\/\/esbozodeportivo.com\/index.php\/2023\/02\/11\/diego-cocca-nuevo-tecnico-del-tricolor\/#article","isPartOf":{"@id":"https:\/\/esbozodeportivo.com\/index.php\/2023\/02\/11\/diego-cocca-nuevo-tecnico-del-tricolor\/"},"author":{"name":"Javier De La Cruz","@id":"https:\/\/esbozodeportivo.com\/#\/schema\/person\/7277119c98823aec37bbb84e125efd44"},"headline":"Diego Cocca, nuevo t\u00e9cnico del Tricolor","datePublished":"2023-02-11T02:38:09+00:00","dateModified":"2023-02-11T02:39:56+00:00","mainEntityOfPage":{"@id":"https:\/\/esbozodeportivo.com\/index.php\/2023\/02\/11\/diego-cocca-nuevo-tecnico-del-tricolor\/"},"wordCount":416,"commentCount":0,"publisher":{"@id":"https:\/\/esbozodeportivo.com\/#organization"},"image":{"@id":"https:\/\/esbozodeportivo.com\/index.php\/2023\/02\/11\/diego-cocca-nuevo-tecnico-del-tricolor\/#primaryimage"},"thumbnailUrl":"https:\/\/esbozodeportivo.com\/wp-content\/uploads\/2023\/02\/Cocca-nuevo.jpg","articleSection":["Selecci\u00f3n Mexicana"],"inLanguage":"es","potentialAction":[{"@type":"CommentAction","name":"Comment","target":["https:\/\/esbozodeportivo.com\/index.php\/2023\/02\/11\/diego-cocca-nuevo-tecnico-del-tricolor\/#respond"]}]},{"@type":"WebPage","@id":"https:\/\/esbozodeportivo.com\/index.php\/2023\/02\/11\/diego-cocca-nuevo-tecnico-del-tricolor\/","url":"https:\/\/esbozodeportivo.com\/index.php\/2023\/02\/11\/diego-cocca-nuevo-tecnico-del-tricolor\/","name":"Diego Cocca, nuevo t\u00e9cnico del Tricolor - Esbozo Deportivo","isPartOf":{"@id":"https:\/\/esbozodeportivo.com\/#website"},"primaryImageOfPage":{"@id":"https:\/\/esbozodeportivo.com\/index.php\/2023\/02\/11\/diego-cocca-nuevo-tecnico-del-tricolor\/#primaryimage"},"image":{"@id":"https:\/\/esbozodeportivo.com\/index.php\/2023\/02\/11\/diego-cocca-nuevo-tecnico-del-tricolor\/#primaryimage"},"thumbnailUrl":"https:\/\/esbozodeportivo.com\/wp-content\/uploads\/2023\/02\/Cocca-nuevo.jpg","datePublished":"2023-02-11T02:38:09+00:00","dateModified":"2023-02-11T02:39:56+00:00","breadcrumb":{"@id":"https:\/\/esbozodeportivo.com\/index.php\/2023\/02\/11\/diego-cocca-nuevo-tecnico-del-tricolor\/#breadcrumb"},"inLanguage":"es","potentialAction":[{"@type":"ReadAction","target":["https:\/\/esbozodeportivo.com\/index.php\/2023\/02\/11\/diego-cocca-nuevo-tecnico-del-tricolor\/"]}]},{"@type":"ImageObject","inLanguage":"es","@id":"https:\/\/esbozodeportivo.com\/index.php\/2023\/02\/11\/diego-cocca-nuevo-tecnico-del-tricolor\/#primaryimage","url":"https:\/\/esbozodeportivo.com\/wp-content\/uploads\/2023\/02\/Cocca-nuevo.jpg","contentUrl":"https:\/\/esbozodeportivo.com\/wp-content\/uploads\/2023\/02\/Cocca-nuevo.jpg","width":1000,"height":711},{"@type":"BreadcrumbList","@id":"https:\/\/esbozodeportivo.com\/index.php\/2023\/02\/11\/diego-cocca-nuevo-tecnico-del-tricolor\/#breadcrumb","itemListElement":[{"@type":"ListItem","position":1,"name":"Inicio","item":"https:\/\/esbozodeportivo.com\/"},{"@type":"ListItem","position":2,"name":"Diego Cocca, nuevo t\u00e9cnico del Tricolor"}]},{"@type":"WebSite","@id":"https:\/\/esbozodeportivo.com\/#website","url":"https:\/\/esbozodeportivo.com\/","name":"Esbozo Deportivo","description":"Lo m\u00e1s importante del Deporte","publisher":{"@id":"https:\/\/esbozodeportivo.com\/#organization"},"potentialAction":[{"@type":"SearchAction","target":{"@type":"EntryPoint","urlTemplate":"https:\/\/esbozodeportivo.com\/?s={search_term_string}"},"query-input":{"@type":"PropertyValueSpecification","valueRequired":true,"valueName":"search_term_string"}}],"inLanguage":"es"},{"@type":"Organization","@id":"https:\/\/esbozodeportivo.com\/#organization","name":"Esbozo Deportivo","url":"https:\/\/esbozodeportivo.com\/","logo":{"@type":"ImageObject","inLanguage":"es","@id":"https:\/\/esbozodeportivo.com\/#\/schema\/logo\/image\/","url":"https:\/\/esbozodeportivo.com\/wp-content\/uploads\/2022\/08\/cropped-Logo-Esbozo-Web-2.png","contentUrl":"https:\/\/esbozodeportivo.com\/wp-content\/uploads\/2022\/08\/cropped-Logo-Esbozo-Web-2.png","width":180,"height":50,"caption":"Esbozo Deportivo"},"image":{"@id":"https:\/\/esbozodeportivo.com\/#\/schema\/logo\/image\/"}},{"@type":"Person","@id":"https:\/\/esbozodeportivo.com\/#\/schema\/person\/7277119c98823aec37bbb84e125efd44","name":"Javier De La Cruz","image":{"@type":"ImageObject","inLanguage":"es","@id":"https:\/\/esbozodeportivo.com\/#\/schema\/person\/image\/","url":"https:\/\/secure.gravatar.com\/avatar\/366235a56d20f1a6e8e3d0b295897639357bea880470ddf261d17bb0bc052eb1?s=96&d=mm&r=g","contentUrl":"https:\/\/secure.gravatar.com\/avatar\/366235a56d20f1a6e8e3d0b295897639357bea880470ddf261d17bb0bc052eb1?s=96&d=mm&r=g","caption":"Javier De La Cruz"},"url":"https:\/\/esbozodeportivo.com\/index.php\/author\/javier-de-la-cruz-de-la-cruz\/"}]}},"jetpack_featured_media_url":"","jetpack_sharing_enabled":true,"_links":{"self":[{"href":"https:\/\/esbozodeportivo.com\/index.php\/wp-json\/wp\/v2\/posts\/1180","targetHints":{"allow":["GET"]}}],"collection":[{"href":"https:\/\/esbozodeportivo.com\/index.php\/wp-json\/wp\/v2\/posts"}],"about":[{"href":"https:\/\/esbozodeportivo.com\/index.php\/wp-json\/wp\/v2\/types\/post"}],"author":[{"embeddable":true,"href":"https:\/\/esbozodeportivo.com\/index.php\/wp-json\/wp\/v2\/users\/2"}],"replies":[{"embeddable":true,"href":"https:\/\/esbozodeportivo.com\/index.php\/wp-json\/wp\/v2\/comments?post=1180"}],"version-history":[{"count":4,"href":"https:\/\/esbozodeportivo.com\/index.php\/wp-json\/wp\/v2\/posts\/1180\/revisions"}],"predecessor-version":[{"id":1185,"href":"https:\/\/esbozodeportivo.com\/index.php\/wp-json\/wp\/v2\/posts\/1180\/revisions\/1185"}],"wp:attachment":[{"href":"https:\/\/esbozodeportivo.com\/index.php\/wp-json\/wp\/v2\/media?parent=1180"}],"wp:term":[{"taxonomy":"category","embeddable":true,"href":"https:\/\/esbozodeportivo.com\/index.php\/wp-json\/wp\/v2\/categories?post=1180"},{"taxonomy":"post_tag","embeddable":true,"href":"https:\/\/esbozodeportivo.com\/index.php\/wp-json\/wp\/v2\/tags?post=1180"}],"curies":[{"name":"wp","href":"https:\/\/api.w.org\/{rel}","templated":true}]}}