{"id":11810,"date":"2025-12-08T23:01:29","date_gmt":"2025-12-09T05:01:29","guid":{"rendered":"https:\/\/esbozodeportivo.com\/?p=11810"},"modified":"2025-12-08T23:01:30","modified_gmt":"2025-12-09T05:01:30","slug":"mundial-tendra-pausas-de-hidratacion","status":"publish","type":"post","link":"https:\/\/esbozodeportivo.com\/index.php\/2025\/12\/08\/mundial-tendra-pausas-de-hidratacion\/","title":{"rendered":"Mundial tendr\u00e1 pausas de hidrataci\u00f3n"},"content":{"rendered":"\n<p>(Foto: Agencias) <\/p>\n\n\n\n<p>La FIFA anunci\u00f3 que se usar\u00e1n pausas de hidrataci\u00f3n de tres minutos en cada mitad de todos los partidos en la Copa del Mundo del pr\u00f3ximo a\u00f1o, no solo en aquellos que se disputen en climas c\u00e1lidos.<\/p>\n\n\n\n<p>El \u00e1rbitro detendr\u00e1 el juego a los 22 minutos de cada mitad para que los jugadores puedan beber, independientemente de la temperatura, el pa\u00eds anfitri\u00f3n \u2014Estados Unidos, Canad\u00e1 o M\u00e9xico\u2014 o si el estadio tiene techo y aire acondicionado.<\/p>\n\n\n\n<p>El cambio tambi\u00e9n podr\u00eda ser bien recibido por las emisoras, ya que hace que el horario del partido sea m\u00e1s predecible. La FIFA inform\u00f3 que la medida se anunci\u00f3 por primera vez cuando Manolo Zubiria, el director del torneo, asisti\u00f3 a una reuni\u00f3n con las emisoras.<\/p>\n\n\n\n<p>Indic\u00f3 que los \u00e1rbitros podr\u00edan tener cierta flexibilidad si hay una interrupci\u00f3n poco antes de la marca de los 22 minutos debido a una lesi\u00f3n.<\/p>\n\n\n\n<p>\u201cEsto se abordar\u00e1 en el momento con el \u00e1rbitro\u201d, dijo Zubiria.<\/p>\n\n\n\n<p>La FIFA dijo que la medida es una \u201cversi\u00f3n simplificada y optimizada\u201d de una pr\u00e1ctica anterior de tener pausas despu\u00e9s de 30 minutos por encima de un cierto umbral de temperatura, una vez establecido en 32 grados Celsius (89,6 Fahrenheit) en el sistema de temperatura global de bulbo h\u00famedo.<\/p>\n\n\n\n<p>El cambio se produce despu\u00e9s de que el calor y la humedad afectaran a los jugadores durante algunos partidos en el Mundial de Clubes disputado este a\u00f1o en Estados Unidos.<\/p>\n\n\n\n<p>En ese torneo, la FIFA reaccion\u00f3 bajando el umbral para las pausas de enfriamiento o hidrataci\u00f3n y tambi\u00e9n colocando m\u00e1s agua y toallas alrededor del borde del campo.<\/p>\n\n\n\n<p>El calor ha sido durante mucho tiempo un problema en los principales torneos de f\u00fatbol. En medio de preocupaciones antes del Mundial 2014, un tribunal brasile\u00f1o orden\u00f3 a la FIFA hacer obligatorias sus pausas recomendadas o enfrentar multas.<\/p>\n\n\n\n<p>Adem\u00e1s, la FIFA anunci\u00f3 que contempla escenificar tres ceremonias inaugurales en cada pa\u00eds anfitri\u00f3n, empezando el jueves 11 de junio en el estadio Azteca de la Ciudad de M\u00e9xico, con el Tri midi\u00e9ndose contra Sud\u00e1frica. Las otras ser\u00e1n al d\u00eda siguiente cuando Canad\u00e1 juegue en el BMO Field de Toronto y Estados Unidos en el estadio SoFi de Inglewood, California.<\/p>\n\n\n\n<p><\/p>\n","protected":false},"excerpt":{"rendered":"<p>(Foto: Agencias) La FIFA anunci\u00f3 que se usar\u00e1n pausas de hidrataci\u00f3n de tres minutos en<\/p>\n","protected":false},"author":4,"featured_media":11804,"comment_status":"closed","ping_status":"open","sticky":false,"template":"","format":"standard","meta":{"_jetpack_memberships_contains_paid_content":false,"footnotes":""},"categories":[71],"tags":[],"class_list":["post-11810","post","type-post","status-publish","format-standard","has-post-thumbnail","hentry","category-mundial-2026"],"yoast_head":"<!-- This site is optimized with the Yoast SEO plugin v25.7 - https:\/\/yoast.com\/wordpress\/plugins\/seo\/ -->\n<title>Mundial tendr\u00e1 pausas de hidrataci\u00f3n - Esbozo Deportivo<\/title>\n<meta name=\"description\" content=\"La FIFA anunci\u00f3 que se usar\u00e1n pausas de hidrataci\u00f3n de tres minutos en cada mitad de todos los partidos en la Copa del Mundo del pr\u00f3ximo a\u00f1o, no solo en aquellos que se disputen en climas c\u00e1lidos.\" \/>\n<meta name=\"robots\" content=\"index, follow, max-snippet:-1, max-image-preview:large, max-video-preview:-1\" \/>\n<link rel=\"canonical\" href=\"https:\/\/esbozodeportivo.com\/index.php\/2025\/12\/08\/mundial-tendra-pausas-de-hidratacion\/\" \/>\n<meta property=\"og:locale\" content=\"es_MX\" \/>\n<meta property=\"og:type\" content=\"article\" \/>\n<meta property=\"og:title\" content=\"Mundial tendr\u00e1 pausas de hidrataci\u00f3n - Esbozo Deportivo\" \/>\n<meta property=\"og:description\" content=\"La FIFA anunci\u00f3 que se usar\u00e1n pausas de hidrataci\u00f3n de tres minutos en cada mitad de todos los partidos en la Copa del Mundo del pr\u00f3ximo a\u00f1o, no solo en aquellos que se disputen en climas c\u00e1lidos.\" \/>\n<meta property=\"og:url\" content=\"https:\/\/esbozodeportivo.com\/index.php\/2025\/12\/08\/mundial-tendra-pausas-de-hidratacion\/\" \/>\n<meta property=\"og:site_name\" content=\"Esbozo Deportivo\" \/>\n<meta property=\"article:published_time\" content=\"2025-12-09T05:01:29+00:00\" \/>\n<meta property=\"article:modified_time\" content=\"2025-12-09T05:01:30+00:00\" \/>\n<meta property=\"og:image\" content=\"https:\/\/esbozodeportivo.com\/wp-content\/uploads\/2025\/12\/Palmeiras.jpg\" \/>\n\t<meta property=\"og:image:width\" content=\"980\" \/>\n\t<meta property=\"og:image:height\" content=\"653\" \/>\n\t<meta property=\"og:image:type\" content=\"image\/jpeg\" \/>\n<meta name=\"author\" content=\"Redacci\u00f3n\" \/>\n<meta name=\"twitter:card\" content=\"summary_large_image\" \/>\n<meta name=\"twitter:label1\" content=\"Escrito por\" \/>\n\t<meta name=\"twitter:data1\" content=\"Redacci\u00f3n\" \/>\n\t<meta name=\"twitter:label2\" content=\"Tiempo de lectura\" \/>\n\t<meta name=\"twitter:data2\" content=\"2 minutos\" \/>\n<script type=\"application\/ld+json\" class=\"yoast-schema-graph\">{\"@context\":\"https:\/\/schema.org\",\"@graph\":[{\"@type\":\"Article\",\"@id\":\"https:\/\/esbozodeportivo.com\/index.php\/2025\/12\/08\/mundial-tendra-pausas-de-hidratacion\/#article\",\"isPartOf\":{\"@id\":\"https:\/\/esbozodeportivo.com\/index.php\/2025\/12\/08\/mundial-tendra-pausas-de-hidratacion\/\"},\"author\":{\"name\":\"Redacci\u00f3n\",\"@id\":\"https:\/\/esbozodeportivo.com\/#\/schema\/person\/0f6df9196dfe6740dd0bb31bae50d374\"},\"headline\":\"Mundial tendr\u00e1 pausas de hidrataci\u00f3n\",\"datePublished\":\"2025-12-09T05:01:29+00:00\",\"dateModified\":\"2025-12-09T05:01:30+00:00\",\"mainEntityOfPage\":{\"@id\":\"https:\/\/esbozodeportivo.com\/index.php\/2025\/12\/08\/mundial-tendra-pausas-de-hidratacion\/\"},\"wordCount\":398,\"publisher\":{\"@id\":\"https:\/\/esbozodeportivo.com\/#organization\"},\"image\":{\"@id\":\"https:\/\/esbozodeportivo.com\/index.php\/2025\/12\/08\/mundial-tendra-pausas-de-hidratacion\/#primaryimage\"},\"thumbnailUrl\":\"https:\/\/esbozodeportivo.com\/wp-content\/uploads\/2025\/12\/Palmeiras.jpg\",\"articleSection\":[\"Mundial 2026\"],\"inLanguage\":\"es\"},{\"@type\":\"WebPage\",\"@id\":\"https:\/\/esbozodeportivo.com\/index.php\/2025\/12\/08\/mundial-tendra-pausas-de-hidratacion\/\",\"url\":\"https:\/\/esbozodeportivo.com\/index.php\/2025\/12\/08\/mundial-tendra-pausas-de-hidratacion\/\",\"name\":\"Mundial tendr\u00e1 pausas de hidrataci\u00f3n - Esbozo Deportivo\",\"isPartOf\":{\"@id\":\"https:\/\/esbozodeportivo.com\/#website\"},\"primaryImageOfPage\":{\"@id\":\"https:\/\/esbozodeportivo.com\/index.php\/2025\/12\/08\/mundial-tendra-pausas-de-hidratacion\/#primaryimage\"},\"image\":{\"@id\":\"https:\/\/esbozodeportivo.com\/index.php\/2025\/12\/08\/mundial-tendra-pausas-de-hidratacion\/#primaryimage\"},\"thumbnailUrl\":\"https:\/\/esbozodeportivo.com\/wp-content\/uploads\/2025\/12\/Palmeiras.jpg\",\"datePublished\":\"2025-12-09T05:01:29+00:00\",\"dateModified\":\"2025-12-09T05:01:30+00:00\",\"description\":\"La FIFA anunci\u00f3 que se usar\u00e1n pausas de hidrataci\u00f3n de tres minutos en cada mitad de todos los partidos en la Copa del Mundo del pr\u00f3ximo a\u00f1o, no solo en aquellos que se disputen en climas c\u00e1lidos.\",\"breadcrumb\":{\"@id\":\"https:\/\/esbozodeportivo.com\/index.php\/2025\/12\/08\/mundial-tendra-pausas-de-hidratacion\/#breadcrumb\"},\"inLanguage\":\"es\",\"potentialAction\":[{\"@type\":\"ReadAction\",\"target\":[\"https:\/\/esbozodeportivo.com\/index.php\/2025\/12\/08\/mundial-tendra-pausas-de-hidratacion\/\"]}]},{\"@type\":\"ImageObject\",\"inLanguage\":\"es\",\"@id\":\"https:\/\/esbozodeportivo.com\/index.php\/2025\/12\/08\/mundial-tendra-pausas-de-hidratacion\/#primaryimage\",\"url\":\"https:\/\/esbozodeportivo.com\/wp-content\/uploads\/2025\/12\/Palmeiras.jpg\",\"contentUrl\":\"https:\/\/esbozodeportivo.com\/wp-content\/uploads\/2025\/12\/Palmeiras.jpg\",\"width\":980,\"height\":653},{\"@type\":\"BreadcrumbList\",\"@id\":\"https:\/\/esbozodeportivo.com\/index.php\/2025\/12\/08\/mundial-tendra-pausas-de-hidratacion\/#breadcrumb\",\"itemListElement\":[{\"@type\":\"ListItem\",\"position\":1,\"name\":\"Inicio\",\"item\":\"https:\/\/esbozodeportivo.com\/\"},{\"@type\":\"ListItem\",\"position\":2,\"name\":\"Mundial tendr\u00e1 pausas de hidrataci\u00f3n\"}]},{\"@type\":\"WebSite\",\"@id\":\"https:\/\/esbozodeportivo.com\/#website\",\"url\":\"https:\/\/esbozodeportivo.com\/\",\"name\":\"Esbozo Deportivo\",\"description\":\"Lo m\u00e1s importante del Deporte\",\"publisher\":{\"@id\":\"https:\/\/esbozodeportivo.com\/#organization\"},\"potentialAction\":[{\"@type\":\"SearchAction\",\"target\":{\"@type\":\"EntryPoint\",\"urlTemplate\":\"https:\/\/esbozodeportivo.com\/?s={search_term_string}\"},\"query-input\":{\"@type\":\"PropertyValueSpecification\",\"valueRequired\":true,\"valueName\":\"search_term_string\"}}],\"inLanguage\":\"es\"},{\"@type\":\"Organization\",\"@id\":\"https:\/\/esbozodeportivo.com\/#organization\",\"name\":\"Esbozo Deportivo\",\"url\":\"https:\/\/esbozodeportivo.com\/\",\"logo\":{\"@type\":\"ImageObject\",\"inLanguage\":\"es\",\"@id\":\"https:\/\/esbozodeportivo.com\/#\/schema\/logo\/image\/\",\"url\":\"https:\/\/esbozodeportivo.com\/wp-content\/uploads\/2022\/08\/cropped-Logo-Esbozo-Web-2.png\",\"contentUrl\":\"https:\/\/esbozodeportivo.com\/wp-content\/uploads\/2022\/08\/cropped-Logo-Esbozo-Web-2.png\",\"width\":180,\"height\":50,\"caption\":\"Esbozo Deportivo\"},\"image\":{\"@id\":\"https:\/\/esbozodeportivo.com\/#\/schema\/logo\/image\/\"}},{\"@type\":\"Person\",\"@id\":\"https:\/\/esbozodeportivo.com\/#\/schema\/person\/0f6df9196dfe6740dd0bb31bae50d374\",\"name\":\"Redacci\u00f3n\",\"image\":{\"@type\":\"ImageObject\",\"inLanguage\":\"es\",\"@id\":\"https:\/\/esbozodeportivo.com\/#\/schema\/person\/image\/\",\"url\":\"https:\/\/secure.gravatar.com\/avatar\/f55268a89c3b418f2ef172ff52ab0d09b3e653c58de29539fe329fb93d78ebf3?s=96&d=mm&r=g\",\"contentUrl\":\"https:\/\/secure.gravatar.com\/avatar\/f55268a89c3b418f2ef172ff52ab0d09b3e653c58de29539fe329fb93d78ebf3?s=96&d=mm&r=g\",\"caption\":\"Redacci\u00f3n\"},\"url\":\"https:\/\/esbozodeportivo.com\/index.php\/author\/redaccion\/\"}]}<\/script>\n<!-- \/ Yoast SEO plugin. -->","yoast_head_json":{"title":"Mundial tendr\u00e1 pausas de hidrataci\u00f3n - Esbozo Deportivo","description":"La FIFA anunci\u00f3 que se usar\u00e1n pausas de hidrataci\u00f3n de tres minutos en cada mitad de todos los partidos en la Copa del Mundo del pr\u00f3ximo a\u00f1o, no solo en aquellos que se disputen en climas c\u00e1lidos.","robots":{"index":"index","follow":"follow","max-snippet":"max-snippet:-1","max-image-preview":"max-image-preview:large","max-video-preview":"max-video-preview:-1"},"canonical":"https:\/\/esbozodeportivo.com\/index.php\/2025\/12\/08\/mundial-tendra-pausas-de-hidratacion\/","og_locale":"es_MX","og_type":"article","og_title":"Mundial tendr\u00e1 pausas de hidrataci\u00f3n - Esbozo Deportivo","og_description":"La FIFA anunci\u00f3 que se usar\u00e1n pausas de hidrataci\u00f3n de tres minutos en cada mitad de todos los partidos en la Copa del Mundo del pr\u00f3ximo a\u00f1o, no solo en aquellos que se disputen en climas c\u00e1lidos.","og_url":"https:\/\/esbozodeportivo.com\/index.php\/2025\/12\/08\/mundial-tendra-pausas-de-hidratacion\/","og_site_name":"Esbozo Deportivo","article_published_time":"2025-12-09T05:01:29+00:00","article_modified_time":"2025-12-09T05:01:30+00:00","og_image":[{"width":980,"height":653,"url":"https:\/\/esbozodeportivo.com\/wp-content\/uploads\/2025\/12\/Palmeiras.jpg","type":"image\/jpeg"}],"author":"Redacci\u00f3n","twitter_card":"summary_large_image","twitter_misc":{"Escrito por":"Redacci\u00f3n","Tiempo de lectura":"2 minutos"},"schema":{"@context":"https:\/\/schema.org","@graph":[{"@type":"Article","@id":"https:\/\/esbozodeportivo.com\/index.php\/2025\/12\/08\/mundial-tendra-pausas-de-hidratacion\/#article","isPartOf":{"@id":"https:\/\/esbozodeportivo.com\/index.php\/2025\/12\/08\/mundial-tendra-pausas-de-hidratacion\/"},"author":{"name":"Redacci\u00f3n","@id":"https:\/\/esbozodeportivo.com\/#\/schema\/person\/0f6df9196dfe6740dd0bb31bae50d374"},"headline":"Mundial tendr\u00e1 pausas de hidrataci\u00f3n","datePublished":"2025-12-09T05:01:29+00:00","dateModified":"2025-12-09T05:01:30+00:00","mainEntityOfPage":{"@id":"https:\/\/esbozodeportivo.com\/index.php\/2025\/12\/08\/mundial-tendra-pausas-de-hidratacion\/"},"wordCount":398,"publisher":{"@id":"https:\/\/esbozodeportivo.com\/#organization"},"image":{"@id":"https:\/\/esbozodeportivo.com\/index.php\/2025\/12\/08\/mundial-tendra-pausas-de-hidratacion\/#primaryimage"},"thumbnailUrl":"https:\/\/esbozodeportivo.com\/wp-content\/uploads\/2025\/12\/Palmeiras.jpg","articleSection":["Mundial 2026"],"inLanguage":"es"},{"@type":"WebPage","@id":"https:\/\/esbozodeportivo.com\/index.php\/2025\/12\/08\/mundial-tendra-pausas-de-hidratacion\/","url":"https:\/\/esbozodeportivo.com\/index.php\/2025\/12\/08\/mundial-tendra-pausas-de-hidratacion\/","name":"Mundial tendr\u00e1 pausas de hidrataci\u00f3n - Esbozo Deportivo","isPartOf":{"@id":"https:\/\/esbozodeportivo.com\/#website"},"primaryImageOfPage":{"@id":"https:\/\/esbozodeportivo.com\/index.php\/2025\/12\/08\/mundial-tendra-pausas-de-hidratacion\/#primaryimage"},"image":{"@id":"https:\/\/esbozodeportivo.com\/index.php\/2025\/12\/08\/mundial-tendra-pausas-de-hidratacion\/#primaryimage"},"thumbnailUrl":"https:\/\/esbozodeportivo.com\/wp-content\/uploads\/2025\/12\/Palmeiras.jpg","datePublished":"2025-12-09T05:01:29+00:00","dateModified":"2025-12-09T05:01:30+00:00","description":"La FIFA anunci\u00f3 que se usar\u00e1n pausas de hidrataci\u00f3n de tres minutos en cada mitad de todos los partidos en la Copa del Mundo del pr\u00f3ximo a\u00f1o, no solo en aquellos que se disputen en climas c\u00e1lidos.","breadcrumb":{"@id":"https:\/\/esbozodeportivo.com\/index.php\/2025\/12\/08\/mundial-tendra-pausas-de-hidratacion\/#breadcrumb"},"inLanguage":"es","potentialAction":[{"@type":"ReadAction","target":["https:\/\/esbozodeportivo.com\/index.php\/2025\/12\/08\/mundial-tendra-pausas-de-hidratacion\/"]}]},{"@type":"ImageObject","inLanguage":"es","@id":"https:\/\/esbozodeportivo.com\/index.php\/2025\/12\/08\/mundial-tendra-pausas-de-hidratacion\/#primaryimage","url":"https:\/\/esbozodeportivo.com\/wp-content\/uploads\/2025\/12\/Palmeiras.jpg","contentUrl":"https:\/\/esbozodeportivo.com\/wp-content\/uploads\/2025\/12\/Palmeiras.jpg","width":980,"height":653},{"@type":"BreadcrumbList","@id":"https:\/\/esbozodeportivo.com\/index.php\/2025\/12\/08\/mundial-tendra-pausas-de-hidratacion\/#breadcrumb","itemListElement":[{"@type":"ListItem","position":1,"name":"Inicio","item":"https:\/\/esbozodeportivo.com\/"},{"@type":"ListItem","position":2,"name":"Mundial tendr\u00e1 pausas de hidrataci\u00f3n"}]},{"@type":"WebSite","@id":"https:\/\/esbozodeportivo.com\/#website","url":"https:\/\/esbozodeportivo.com\/","name":"Esbozo Deportivo","description":"Lo m\u00e1s importante del Deporte","publisher":{"@id":"https:\/\/esbozodeportivo.com\/#organization"},"potentialAction":[{"@type":"SearchAction","target":{"@type":"EntryPoint","urlTemplate":"https:\/\/esbozodeportivo.com\/?s={search_term_string}"},"query-input":{"@type":"PropertyValueSpecification","valueRequired":true,"valueName":"search_term_string"}}],"inLanguage":"es"},{"@type":"Organization","@id":"https:\/\/esbozodeportivo.com\/#organization","name":"Esbozo Deportivo","url":"https:\/\/esbozodeportivo.com\/","logo":{"@type":"ImageObject","inLanguage":"es","@id":"https:\/\/esbozodeportivo.com\/#\/schema\/logo\/image\/","url":"https:\/\/esbozodeportivo.com\/wp-content\/uploads\/2022\/08\/cropped-Logo-Esbozo-Web-2.png","contentUrl":"https:\/\/esbozodeportivo.com\/wp-content\/uploads\/2022\/08\/cropped-Logo-Esbozo-Web-2.png","width":180,"height":50,"caption":"Esbozo Deportivo"},"image":{"@id":"https:\/\/esbozodeportivo.com\/#\/schema\/logo\/image\/"}},{"@type":"Person","@id":"https:\/\/esbozodeportivo.com\/#\/schema\/person\/0f6df9196dfe6740dd0bb31bae50d374","name":"Redacci\u00f3n","image":{"@type":"ImageObject","inLanguage":"es","@id":"https:\/\/esbozodeportivo.com\/#\/schema\/person\/image\/","url":"https:\/\/secure.gravatar.com\/avatar\/f55268a89c3b418f2ef172ff52ab0d09b3e653c58de29539fe329fb93d78ebf3?s=96&d=mm&r=g","contentUrl":"https:\/\/secure.gravatar.com\/avatar\/f55268a89c3b418f2ef172ff52ab0d09b3e653c58de29539fe329fb93d78ebf3?s=96&d=mm&r=g","caption":"Redacci\u00f3n"},"url":"https:\/\/esbozodeportivo.com\/index.php\/author\/redaccion\/"}]}},"jetpack_featured_media_url":"https:\/\/esbozodeportivo.com\/wp-content\/uploads\/2025\/12\/Palmeiras.jpg","jetpack_sharing_enabled":true,"_links":{"self":[{"href":"https:\/\/esbozodeportivo.com\/index.php\/wp-json\/wp\/v2\/posts\/11810","targetHints":{"allow":["GET"]}}],"collection":[{"href":"https:\/\/esbozodeportivo.com\/index.php\/wp-json\/wp\/v2\/posts"}],"about":[{"href":"https:\/\/esbozodeportivo.com\/index.php\/wp-json\/wp\/v2\/types\/post"}],"author":[{"embeddable":true,"href":"https:\/\/esbozodeportivo.com\/index.php\/wp-json\/wp\/v2\/users\/4"}],"replies":[{"embeddable":true,"href":"https:\/\/esbozodeportivo.com\/index.php\/wp-json\/wp\/v2\/comments?post=11810"}],"version-history":[{"count":1,"href":"https:\/\/esbozodeportivo.com\/index.php\/wp-json\/wp\/v2\/posts\/11810\/revisions"}],"predecessor-version":[{"id":11811,"href":"https:\/\/esbozodeportivo.com\/index.php\/wp-json\/wp\/v2\/posts\/11810\/revisions\/11811"}],"wp:featuredmedia":[{"embeddable":true,"href":"https:\/\/esbozodeportivo.com\/index.php\/wp-json\/wp\/v2\/media\/11804"}],"wp:attachment":[{"href":"https:\/\/esbozodeportivo.com\/index.php\/wp-json\/wp\/v2\/media?parent=11810"}],"wp:term":[{"taxonomy":"category","embeddable":true,"href":"https:\/\/esbozodeportivo.com\/index.php\/wp-json\/wp\/v2\/categories?post=11810"},{"taxonomy":"post_tag","embeddable":true,"href":"https:\/\/esbozodeportivo.com\/index.php\/wp-json\/wp\/v2\/tags?post=11810"}],"curies":[{"name":"wp","href":"https:\/\/api.w.org\/{rel}","templated":true}]}}