{"id":11828,"date":"2025-12-09T17:04:15","date_gmt":"2025-12-09T23:04:15","guid":{"rendered":"https:\/\/esbozodeportivo.com\/?p=11828"},"modified":"2025-12-09T17:04:16","modified_gmt":"2025-12-09T23:04:16","slug":"bayern-remonta-en-la-champions","status":"publish","type":"post","link":"https:\/\/esbozodeportivo.com\/index.php\/2025\/12\/09\/bayern-remonta-en-la-champions\/","title":{"rendered":"Bayern remonta en la Champions"},"content":{"rendered":"\n<p>(Foto: Agencias)<\/p>\n\n\n\n<p>Lennart Karl, el promisorio centrocampista de 17 a\u00f1os del Bayern M\u00fanich, defini\u00f3 con categor\u00eda para continuar su impresionante inicio goleador en la Liga de Campeones y el equipo alem\u00e1n obtuvo una victoria 3-1 ante el Sporting Lisboa.<\/p>\n\n\n\n<p>Karl firm\u00f3 su tercer gol en cuatro partidos de su corta trayectoria en la Champions. Lo hizo al controlar con la zurda el pase de Konrad Laimer antes de rematar de volea casi sin \u00e1ngulo en medio de dos defensores y batir el arquero.<\/p>\n\n\n\n<p>El Bayern le dio la vuelta a un marcador adverso con una r\u00e1faga de tres goles de 12 minutos. El visitante equipo portugu\u00e9s se puso en ventaja a los 54 minutos con el autogol de Joshua Kimmich tras la presi\u00f3n de Jo\u00e3o Sim\u00f5es en el contragolpe.<\/p>\n\n\n\n<p>Serge Gnabry empat\u00f3 para el Bayern cuando qued\u00f3 sin marca en un c\u00f3rner a los 65, Karl anot\u00f3 el segundo a los 69 y el defensor Jonathan Tah decret\u00f3 el 3-1 definitivo a los 77.<\/p>\n\n\n\n<p>Ampliamente considerado como el mejor talento joven del f\u00fatbol alem\u00e1n esta temporada, Karl se convirti\u00f3 en el goleador m\u00e1s precoz del Bayern en la Liga de Campeones en octubre en su primer partido como titular en la competici\u00f3n.<\/p>\n\n\n\n<p>Cerca del final, Alphonso Davies sali\u00f3 del banquillo para disputar su primer partido desde marzo tras una grave lesi\u00f3n de rodilla.<\/p>\n\n\n\n<p>Tambi\u00e9n el martes, Olympiacos rompi\u00f3 el cerrojo defensivo de Kairat Almaty para llevarse la victoria 1-0 en su visita a Kazajist\u00e1n y aumentar sus esperanzas de clasificarse para las etapas eliminatorias. Gelson Martins anot\u00f3 a los 73 minutos para el equipo griego.<\/p>\n\n\n\n<p><\/p>\n","protected":false},"excerpt":{"rendered":"<p>(Foto: Agencias) Lennart Karl, el promisorio centrocampista de 17 a\u00f1os del Bayern M\u00fanich, defini\u00f3 con<\/p>\n","protected":false},"author":4,"featured_media":11821,"comment_status":"closed","ping_status":"open","sticky":false,"template":"","format":"standard","meta":{"_jetpack_memberships_contains_paid_content":false,"footnotes":""},"categories":[24],"tags":[],"class_list":["post-11828","post","type-post","status-publish","format-standard","has-post-thumbnail","hentry","category-futbol-2"],"yoast_head":"<!-- This site is optimized with the Yoast SEO plugin v25.7 - https:\/\/yoast.com\/wordpress\/plugins\/seo\/ -->\n<title>Bayern remonta en la Champions - Esbozo Deportivo<\/title>\n<meta name=\"description\" content=\"Lennart Karl, el promisorio centrocampista de 17 a\u00f1os del Bayern M\u00fanich, defini\u00f3 con categor\u00eda para continuar su impresionante inicio goleador en la Liga de Campeones y el equipo alem\u00e1n obtuvo una victoria 3-1 ante el Sporting Lisboa.\" \/>\n<meta name=\"robots\" content=\"index, follow, max-snippet:-1, max-image-preview:large, max-video-preview:-1\" \/>\n<link rel=\"canonical\" href=\"https:\/\/esbozodeportivo.com\/index.php\/2025\/12\/09\/bayern-remonta-en-la-champions\/\" \/>\n<meta property=\"og:locale\" content=\"es_MX\" \/>\n<meta property=\"og:type\" content=\"article\" \/>\n<meta property=\"og:title\" content=\"Bayern remonta en la Champions - Esbozo Deportivo\" \/>\n<meta property=\"og:description\" content=\"Lennart Karl, el promisorio centrocampista de 17 a\u00f1os del Bayern M\u00fanich, defini\u00f3 con categor\u00eda para continuar su impresionante inicio goleador en la Liga de Campeones y el equipo alem\u00e1n obtuvo una victoria 3-1 ante el Sporting Lisboa.\" \/>\n<meta property=\"og:url\" content=\"https:\/\/esbozodeportivo.com\/index.php\/2025\/12\/09\/bayern-remonta-en-la-champions\/\" \/>\n<meta property=\"og:site_name\" content=\"Esbozo Deportivo\" \/>\n<meta property=\"article:published_time\" content=\"2025-12-09T23:04:15+00:00\" \/>\n<meta property=\"article:modified_time\" content=\"2025-12-09T23:04:16+00:00\" \/>\n<meta property=\"og:image\" content=\"https:\/\/esbozodeportivo.com\/wp-content\/uploads\/2025\/12\/Futbol-1.jpg\" \/>\n\t<meta property=\"og:image:width\" content=\"980\" \/>\n\t<meta property=\"og:image:height\" content=\"653\" \/>\n\t<meta property=\"og:image:type\" content=\"image\/jpeg\" \/>\n<meta name=\"author\" content=\"Redacci\u00f3n\" \/>\n<meta name=\"twitter:card\" content=\"summary_large_image\" \/>\n<meta name=\"twitter:label1\" content=\"Escrito por\" \/>\n\t<meta name=\"twitter:data1\" content=\"Redacci\u00f3n\" \/>\n\t<meta name=\"twitter:label2\" content=\"Tiempo de lectura\" \/>\n\t<meta name=\"twitter:data2\" content=\"2 minutos\" \/>\n<script type=\"application\/ld+json\" class=\"yoast-schema-graph\">{\"@context\":\"https:\/\/schema.org\",\"@graph\":[{\"@type\":\"Article\",\"@id\":\"https:\/\/esbozodeportivo.com\/index.php\/2025\/12\/09\/bayern-remonta-en-la-champions\/#article\",\"isPartOf\":{\"@id\":\"https:\/\/esbozodeportivo.com\/index.php\/2025\/12\/09\/bayern-remonta-en-la-champions\/\"},\"author\":{\"name\":\"Redacci\u00f3n\",\"@id\":\"https:\/\/esbozodeportivo.com\/#\/schema\/person\/0f6df9196dfe6740dd0bb31bae50d374\"},\"headline\":\"Bayern remonta en la Champions\",\"datePublished\":\"2025-12-09T23:04:15+00:00\",\"dateModified\":\"2025-12-09T23:04:16+00:00\",\"mainEntityOfPage\":{\"@id\":\"https:\/\/esbozodeportivo.com\/index.php\/2025\/12\/09\/bayern-remonta-en-la-champions\/\"},\"wordCount\":280,\"publisher\":{\"@id\":\"https:\/\/esbozodeportivo.com\/#organization\"},\"image\":{\"@id\":\"https:\/\/esbozodeportivo.com\/index.php\/2025\/12\/09\/bayern-remonta-en-la-champions\/#primaryimage\"},\"thumbnailUrl\":\"https:\/\/esbozodeportivo.com\/wp-content\/uploads\/2025\/12\/Futbol-1.jpg\",\"articleSection\":[\"Champions League\"],\"inLanguage\":\"es\"},{\"@type\":\"WebPage\",\"@id\":\"https:\/\/esbozodeportivo.com\/index.php\/2025\/12\/09\/bayern-remonta-en-la-champions\/\",\"url\":\"https:\/\/esbozodeportivo.com\/index.php\/2025\/12\/09\/bayern-remonta-en-la-champions\/\",\"name\":\"Bayern remonta en la Champions - Esbozo Deportivo\",\"isPartOf\":{\"@id\":\"https:\/\/esbozodeportivo.com\/#website\"},\"primaryImageOfPage\":{\"@id\":\"https:\/\/esbozodeportivo.com\/index.php\/2025\/12\/09\/bayern-remonta-en-la-champions\/#primaryimage\"},\"image\":{\"@id\":\"https:\/\/esbozodeportivo.com\/index.php\/2025\/12\/09\/bayern-remonta-en-la-champions\/#primaryimage\"},\"thumbnailUrl\":\"https:\/\/esbozodeportivo.com\/wp-content\/uploads\/2025\/12\/Futbol-1.jpg\",\"datePublished\":\"2025-12-09T23:04:15+00:00\",\"dateModified\":\"2025-12-09T23:04:16+00:00\",\"description\":\"Lennart Karl, el promisorio centrocampista de 17 a\u00f1os del Bayern M\u00fanich, defini\u00f3 con categor\u00eda para continuar su impresionante inicio goleador en la Liga de Campeones y el equipo alem\u00e1n obtuvo una victoria 3-1 ante el Sporting Lisboa.\",\"breadcrumb\":{\"@id\":\"https:\/\/esbozodeportivo.com\/index.php\/2025\/12\/09\/bayern-remonta-en-la-champions\/#breadcrumb\"},\"inLanguage\":\"es\",\"potentialAction\":[{\"@type\":\"ReadAction\",\"target\":[\"https:\/\/esbozodeportivo.com\/index.php\/2025\/12\/09\/bayern-remonta-en-la-champions\/\"]}]},{\"@type\":\"ImageObject\",\"inLanguage\":\"es\",\"@id\":\"https:\/\/esbozodeportivo.com\/index.php\/2025\/12\/09\/bayern-remonta-en-la-champions\/#primaryimage\",\"url\":\"https:\/\/esbozodeportivo.com\/wp-content\/uploads\/2025\/12\/Futbol-1.jpg\",\"contentUrl\":\"https:\/\/esbozodeportivo.com\/wp-content\/uploads\/2025\/12\/Futbol-1.jpg\",\"width\":980,\"height\":653},{\"@type\":\"BreadcrumbList\",\"@id\":\"https:\/\/esbozodeportivo.com\/index.php\/2025\/12\/09\/bayern-remonta-en-la-champions\/#breadcrumb\",\"itemListElement\":[{\"@type\":\"ListItem\",\"position\":1,\"name\":\"Inicio\",\"item\":\"https:\/\/esbozodeportivo.com\/\"},{\"@type\":\"ListItem\",\"position\":2,\"name\":\"Bayern remonta en la Champions\"}]},{\"@type\":\"WebSite\",\"@id\":\"https:\/\/esbozodeportivo.com\/#website\",\"url\":\"https:\/\/esbozodeportivo.com\/\",\"name\":\"Esbozo Deportivo\",\"description\":\"Lo m\u00e1s importante del Deporte\",\"publisher\":{\"@id\":\"https:\/\/esbozodeportivo.com\/#organization\"},\"potentialAction\":[{\"@type\":\"SearchAction\",\"target\":{\"@type\":\"EntryPoint\",\"urlTemplate\":\"https:\/\/esbozodeportivo.com\/?s={search_term_string}\"},\"query-input\":{\"@type\":\"PropertyValueSpecification\",\"valueRequired\":true,\"valueName\":\"search_term_string\"}}],\"inLanguage\":\"es\"},{\"@type\":\"Organization\",\"@id\":\"https:\/\/esbozodeportivo.com\/#organization\",\"name\":\"Esbozo Deportivo\",\"url\":\"https:\/\/esbozodeportivo.com\/\",\"logo\":{\"@type\":\"ImageObject\",\"inLanguage\":\"es\",\"@id\":\"https:\/\/esbozodeportivo.com\/#\/schema\/logo\/image\/\",\"url\":\"https:\/\/esbozodeportivo.com\/wp-content\/uploads\/2022\/08\/cropped-Logo-Esbozo-Web-2.png\",\"contentUrl\":\"https:\/\/esbozodeportivo.com\/wp-content\/uploads\/2022\/08\/cropped-Logo-Esbozo-Web-2.png\",\"width\":180,\"height\":50,\"caption\":\"Esbozo Deportivo\"},\"image\":{\"@id\":\"https:\/\/esbozodeportivo.com\/#\/schema\/logo\/image\/\"}},{\"@type\":\"Person\",\"@id\":\"https:\/\/esbozodeportivo.com\/#\/schema\/person\/0f6df9196dfe6740dd0bb31bae50d374\",\"name\":\"Redacci\u00f3n\",\"image\":{\"@type\":\"ImageObject\",\"inLanguage\":\"es\",\"@id\":\"https:\/\/esbozodeportivo.com\/#\/schema\/person\/image\/\",\"url\":\"https:\/\/secure.gravatar.com\/avatar\/f55268a89c3b418f2ef172ff52ab0d09b3e653c58de29539fe329fb93d78ebf3?s=96&d=mm&r=g\",\"contentUrl\":\"https:\/\/secure.gravatar.com\/avatar\/f55268a89c3b418f2ef172ff52ab0d09b3e653c58de29539fe329fb93d78ebf3?s=96&d=mm&r=g\",\"caption\":\"Redacci\u00f3n\"},\"url\":\"https:\/\/esbozodeportivo.com\/index.php\/author\/redaccion\/\"}]}<\/script>\n<!-- \/ Yoast SEO plugin. -->","yoast_head_json":{"title":"Bayern remonta en la Champions - Esbozo Deportivo","description":"Lennart Karl, el promisorio centrocampista de 17 a\u00f1os del Bayern M\u00fanich, defini\u00f3 con categor\u00eda para continuar su impresionante inicio goleador en la Liga de Campeones y el equipo alem\u00e1n obtuvo una victoria 3-1 ante el Sporting Lisboa.","robots":{"index":"index","follow":"follow","max-snippet":"max-snippet:-1","max-image-preview":"max-image-preview:large","max-video-preview":"max-video-preview:-1"},"canonical":"https:\/\/esbozodeportivo.com\/index.php\/2025\/12\/09\/bayern-remonta-en-la-champions\/","og_locale":"es_MX","og_type":"article","og_title":"Bayern remonta en la Champions - Esbozo Deportivo","og_description":"Lennart Karl, el promisorio centrocampista de 17 a\u00f1os del Bayern M\u00fanich, defini\u00f3 con categor\u00eda para continuar su impresionante inicio goleador en la Liga de Campeones y el equipo alem\u00e1n obtuvo una victoria 3-1 ante el Sporting Lisboa.","og_url":"https:\/\/esbozodeportivo.com\/index.php\/2025\/12\/09\/bayern-remonta-en-la-champions\/","og_site_name":"Esbozo Deportivo","article_published_time":"2025-12-09T23:04:15+00:00","article_modified_time":"2025-12-09T23:04:16+00:00","og_image":[{"width":980,"height":653,"url":"https:\/\/esbozodeportivo.com\/wp-content\/uploads\/2025\/12\/Futbol-1.jpg","type":"image\/jpeg"}],"author":"Redacci\u00f3n","twitter_card":"summary_large_image","twitter_misc":{"Escrito por":"Redacci\u00f3n","Tiempo de lectura":"2 minutos"},"schema":{"@context":"https:\/\/schema.org","@graph":[{"@type":"Article","@id":"https:\/\/esbozodeportivo.com\/index.php\/2025\/12\/09\/bayern-remonta-en-la-champions\/#article","isPartOf":{"@id":"https:\/\/esbozodeportivo.com\/index.php\/2025\/12\/09\/bayern-remonta-en-la-champions\/"},"author":{"name":"Redacci\u00f3n","@id":"https:\/\/esbozodeportivo.com\/#\/schema\/person\/0f6df9196dfe6740dd0bb31bae50d374"},"headline":"Bayern remonta en la Champions","datePublished":"2025-12-09T23:04:15+00:00","dateModified":"2025-12-09T23:04:16+00:00","mainEntityOfPage":{"@id":"https:\/\/esbozodeportivo.com\/index.php\/2025\/12\/09\/bayern-remonta-en-la-champions\/"},"wordCount":280,"publisher":{"@id":"https:\/\/esbozodeportivo.com\/#organization"},"image":{"@id":"https:\/\/esbozodeportivo.com\/index.php\/2025\/12\/09\/bayern-remonta-en-la-champions\/#primaryimage"},"thumbnailUrl":"https:\/\/esbozodeportivo.com\/wp-content\/uploads\/2025\/12\/Futbol-1.jpg","articleSection":["Champions League"],"inLanguage":"es"},{"@type":"WebPage","@id":"https:\/\/esbozodeportivo.com\/index.php\/2025\/12\/09\/bayern-remonta-en-la-champions\/","url":"https:\/\/esbozodeportivo.com\/index.php\/2025\/12\/09\/bayern-remonta-en-la-champions\/","name":"Bayern remonta en la Champions - Esbozo Deportivo","isPartOf":{"@id":"https:\/\/esbozodeportivo.com\/#website"},"primaryImageOfPage":{"@id":"https:\/\/esbozodeportivo.com\/index.php\/2025\/12\/09\/bayern-remonta-en-la-champions\/#primaryimage"},"image":{"@id":"https:\/\/esbozodeportivo.com\/index.php\/2025\/12\/09\/bayern-remonta-en-la-champions\/#primaryimage"},"thumbnailUrl":"https:\/\/esbozodeportivo.com\/wp-content\/uploads\/2025\/12\/Futbol-1.jpg","datePublished":"2025-12-09T23:04:15+00:00","dateModified":"2025-12-09T23:04:16+00:00","description":"Lennart Karl, el promisorio centrocampista de 17 a\u00f1os del Bayern M\u00fanich, defini\u00f3 con categor\u00eda para continuar su impresionante inicio goleador en la Liga de Campeones y el equipo alem\u00e1n obtuvo una victoria 3-1 ante el Sporting Lisboa.","breadcrumb":{"@id":"https:\/\/esbozodeportivo.com\/index.php\/2025\/12\/09\/bayern-remonta-en-la-champions\/#breadcrumb"},"inLanguage":"es","potentialAction":[{"@type":"ReadAction","target":["https:\/\/esbozodeportivo.com\/index.php\/2025\/12\/09\/bayern-remonta-en-la-champions\/"]}]},{"@type":"ImageObject","inLanguage":"es","@id":"https:\/\/esbozodeportivo.com\/index.php\/2025\/12\/09\/bayern-remonta-en-la-champions\/#primaryimage","url":"https:\/\/esbozodeportivo.com\/wp-content\/uploads\/2025\/12\/Futbol-1.jpg","contentUrl":"https:\/\/esbozodeportivo.com\/wp-content\/uploads\/2025\/12\/Futbol-1.jpg","width":980,"height":653},{"@type":"BreadcrumbList","@id":"https:\/\/esbozodeportivo.com\/index.php\/2025\/12\/09\/bayern-remonta-en-la-champions\/#breadcrumb","itemListElement":[{"@type":"ListItem","position":1,"name":"Inicio","item":"https:\/\/esbozodeportivo.com\/"},{"@type":"ListItem","position":2,"name":"Bayern remonta en la Champions"}]},{"@type":"WebSite","@id":"https:\/\/esbozodeportivo.com\/#website","url":"https:\/\/esbozodeportivo.com\/","name":"Esbozo Deportivo","description":"Lo m\u00e1s importante del Deporte","publisher":{"@id":"https:\/\/esbozodeportivo.com\/#organization"},"potentialAction":[{"@type":"SearchAction","target":{"@type":"EntryPoint","urlTemplate":"https:\/\/esbozodeportivo.com\/?s={search_term_string}"},"query-input":{"@type":"PropertyValueSpecification","valueRequired":true,"valueName":"search_term_string"}}],"inLanguage":"es"},{"@type":"Organization","@id":"https:\/\/esbozodeportivo.com\/#organization","name":"Esbozo Deportivo","url":"https:\/\/esbozodeportivo.com\/","logo":{"@type":"ImageObject","inLanguage":"es","@id":"https:\/\/esbozodeportivo.com\/#\/schema\/logo\/image\/","url":"https:\/\/esbozodeportivo.com\/wp-content\/uploads\/2022\/08\/cropped-Logo-Esbozo-Web-2.png","contentUrl":"https:\/\/esbozodeportivo.com\/wp-content\/uploads\/2022\/08\/cropped-Logo-Esbozo-Web-2.png","width":180,"height":50,"caption":"Esbozo Deportivo"},"image":{"@id":"https:\/\/esbozodeportivo.com\/#\/schema\/logo\/image\/"}},{"@type":"Person","@id":"https:\/\/esbozodeportivo.com\/#\/schema\/person\/0f6df9196dfe6740dd0bb31bae50d374","name":"Redacci\u00f3n","image":{"@type":"ImageObject","inLanguage":"es","@id":"https:\/\/esbozodeportivo.com\/#\/schema\/person\/image\/","url":"https:\/\/secure.gravatar.com\/avatar\/f55268a89c3b418f2ef172ff52ab0d09b3e653c58de29539fe329fb93d78ebf3?s=96&d=mm&r=g","contentUrl":"https:\/\/secure.gravatar.com\/avatar\/f55268a89c3b418f2ef172ff52ab0d09b3e653c58de29539fe329fb93d78ebf3?s=96&d=mm&r=g","caption":"Redacci\u00f3n"},"url":"https:\/\/esbozodeportivo.com\/index.php\/author\/redaccion\/"}]}},"jetpack_featured_media_url":"https:\/\/esbozodeportivo.com\/wp-content\/uploads\/2025\/12\/Futbol-1.jpg","jetpack_sharing_enabled":true,"_links":{"self":[{"href":"https:\/\/esbozodeportivo.com\/index.php\/wp-json\/wp\/v2\/posts\/11828","targetHints":{"allow":["GET"]}}],"collection":[{"href":"https:\/\/esbozodeportivo.com\/index.php\/wp-json\/wp\/v2\/posts"}],"about":[{"href":"https:\/\/esbozodeportivo.com\/index.php\/wp-json\/wp\/v2\/types\/post"}],"author":[{"embeddable":true,"href":"https:\/\/esbozodeportivo.com\/index.php\/wp-json\/wp\/v2\/users\/4"}],"replies":[{"embeddable":true,"href":"https:\/\/esbozodeportivo.com\/index.php\/wp-json\/wp\/v2\/comments?post=11828"}],"version-history":[{"count":1,"href":"https:\/\/esbozodeportivo.com\/index.php\/wp-json\/wp\/v2\/posts\/11828\/revisions"}],"predecessor-version":[{"id":11829,"href":"https:\/\/esbozodeportivo.com\/index.php\/wp-json\/wp\/v2\/posts\/11828\/revisions\/11829"}],"wp:featuredmedia":[{"embeddable":true,"href":"https:\/\/esbozodeportivo.com\/index.php\/wp-json\/wp\/v2\/media\/11821"}],"wp:attachment":[{"href":"https:\/\/esbozodeportivo.com\/index.php\/wp-json\/wp\/v2\/media?parent=11828"}],"wp:term":[{"taxonomy":"category","embeddable":true,"href":"https:\/\/esbozodeportivo.com\/index.php\/wp-json\/wp\/v2\/categories?post=11828"},{"taxonomy":"post_tag","embeddable":true,"href":"https:\/\/esbozodeportivo.com\/index.php\/wp-json\/wp\/v2\/tags?post=11828"}],"curies":[{"name":"wp","href":"https:\/\/api.w.org\/{rel}","templated":true}]}}