{"id":11830,"date":"2025-12-09T17:08:20","date_gmt":"2025-12-09T23:08:20","guid":{"rendered":"https:\/\/esbozodeportivo.com\/?p=11830"},"modified":"2025-12-09T17:08:21","modified_gmt":"2025-12-09T23:08:21","slug":"ramos-se-despide-de-los-rayados","status":"publish","type":"post","link":"https:\/\/esbozodeportivo.com\/index.php\/2025\/12\/09\/ramos-se-despide-de-los-rayados\/","title":{"rendered":"Ramos se despide de los Rayados"},"content":{"rendered":"\n<p>(Foto: Agencias) <\/p>\n\n\n\n<p>Despu\u00e9s de quedar eliminado en las semifinales del torneo Apertura mexicano, el zaguero espa\u00f1ol Sergio Ramos se despidi\u00f3 el martes del Monterrey, donde permaneci\u00f3 durante dos torneos cortos.<\/p>\n\n\n\n<p>Ramos, de 39 a\u00f1os, lleg\u00f3 a M\u00e9xico en febrero de este a\u00f1o con un acuerdo por dos torneos que caduc\u00f3 con la eliminaci\u00f3n del equipo el s\u00e1bado pasado a manos de Toluca y tras no poder concretar una extensi\u00f3n con la dirigencia del club.<\/p>\n\n\n\n<p>\u201cDecir adi\u00f3s nunca es f\u00e1cil. Termina una etapa que arranc\u00f3 llena de ilusi\u00f3n en febrero y que me ha permitido descubrir, un pa\u00eds, una ciudad, un f\u00fatbol&#8230; y que me deja muchas experiencias nuevas y, sobre todo, muchos amigos\u201d, dijo Ramos en sus redes sociales.<\/p>\n\n\n\n<p>Ramos, quien desde su arribo al equipo se convirti\u00f3 en capit\u00e1n de los Rayados y particip\u00f3 en 34 partidos en todas las competencias, aportando ocho goles.<\/p>\n\n\n\n<p>\u201cAl club, a mis queridos compa\u00f1eros, a los cuerpos t\u00e9cnicos, a los empleados, a todos, gracias\u201d, agreg\u00f3 Ramos. \u201cSiempre recordar\u00e9 con nostalgia esta etapa de mi carrera y siempre dir\u00e9 con orgullo.\u201d<\/p>\n\n\n\n<p>La v\u00edspera el presidente deportivo de Monterrey, Jos\u00e9 Antonio Noriega, dijo que llevaban semanas buscando una extensi\u00f3n, pero no se pudieron poner de acuerdo ambas partes.<\/p>\n\n\n\n<p>Medios locales especulan que el zaguero espa\u00f1ol buscaba firmar por un a\u00f1o y la dirigencia le ofrec\u00eda s\u00f3lo seis meses m\u00e1s.<\/p>\n\n\n\n<p>En su paso por Monterrey, Ramos no pudo ser el diferenciador para que el equipo consiguiera su primera corona de liga desde el torneo Apertura 2019. El equipo tampoco pudo trascender en la Leagues Cup y la Copa de Campeones de la CONCACAF. Logr\u00f3 sortear la fase de grupos del Mundial de Clubes pero fue eliminado en los octavos de final por Borussia Dortmund.<\/p>\n\n\n\n<p>Campe\u00f3n mundial con Espa\u00f1a en 2010 y de la Eurocopa en 2008 y 2012, Ramos conquist\u00f3 cinco t\u00edtulos de La Liga espa\u00f1ola y cuatro Ligas de Campeones con el Real Madrid, su club durante 16 temporadas.<\/p>\n\n\n\n<p><\/p>\n","protected":false},"excerpt":{"rendered":"<p>(Foto: Agencias) Despu\u00e9s de quedar eliminado en las semifinales del torneo Apertura mexicano, el zaguero<\/p>\n","protected":false},"author":4,"featured_media":11823,"comment_status":"closed","ping_status":"open","sticky":false,"template":"","format":"standard","meta":{"_jetpack_memberships_contains_paid_content":false,"footnotes":""},"categories":[20],"tags":[],"class_list":["post-11830","post","type-post","status-publish","format-standard","has-post-thumbnail","hentry","category-liga"],"yoast_head":"<!-- This site is optimized with the Yoast SEO plugin v25.7 - https:\/\/yoast.com\/wordpress\/plugins\/seo\/ -->\n<title>Ramos se despide de los Rayados - Esbozo Deportivo<\/title>\n<meta name=\"description\" content=\"Ramos, de 39 a\u00f1os, lleg\u00f3 a M\u00e9xico en febrero de este a\u00f1o con un acuerdo por dos torneos que caduc\u00f3 con la eliminaci\u00f3n del equipo el s\u00e1bado pasado a manos de Toluca y tras no poder concretar una extensi\u00f3n con la dirigencia del club.\" \/>\n<meta name=\"robots\" content=\"index, follow, max-snippet:-1, max-image-preview:large, max-video-preview:-1\" \/>\n<link rel=\"canonical\" href=\"https:\/\/esbozodeportivo.com\/index.php\/2025\/12\/09\/ramos-se-despide-de-los-rayados\/\" \/>\n<meta property=\"og:locale\" content=\"es_MX\" \/>\n<meta property=\"og:type\" content=\"article\" \/>\n<meta property=\"og:title\" content=\"Ramos se despide de los Rayados - Esbozo Deportivo\" \/>\n<meta property=\"og:description\" content=\"Ramos, de 39 a\u00f1os, lleg\u00f3 a M\u00e9xico en febrero de este a\u00f1o con un acuerdo por dos torneos que caduc\u00f3 con la eliminaci\u00f3n del equipo el s\u00e1bado pasado a manos de Toluca y tras no poder concretar una extensi\u00f3n con la dirigencia del club.\" \/>\n<meta property=\"og:url\" content=\"https:\/\/esbozodeportivo.com\/index.php\/2025\/12\/09\/ramos-se-despide-de-los-rayados\/\" \/>\n<meta property=\"og:site_name\" content=\"Esbozo Deportivo\" \/>\n<meta property=\"article:published_time\" content=\"2025-12-09T23:08:20+00:00\" \/>\n<meta property=\"article:modified_time\" content=\"2025-12-09T23:08:21+00:00\" \/>\n<meta property=\"og:image\" content=\"https:\/\/esbozodeportivo.com\/wp-content\/uploads\/2025\/12\/Monterrey.jpg\" \/>\n\t<meta property=\"og:image:width\" content=\"650\" \/>\n\t<meta property=\"og:image:height\" content=\"487\" \/>\n\t<meta property=\"og:image:type\" content=\"image\/jpeg\" \/>\n<meta name=\"author\" content=\"Redacci\u00f3n\" \/>\n<meta name=\"twitter:card\" content=\"summary_large_image\" \/>\n<meta name=\"twitter:label1\" content=\"Escrito por\" \/>\n\t<meta name=\"twitter:data1\" content=\"Redacci\u00f3n\" \/>\n\t<meta name=\"twitter:label2\" content=\"Tiempo de lectura\" \/>\n\t<meta name=\"twitter:data2\" content=\"2 minutos\" \/>\n<script type=\"application\/ld+json\" class=\"yoast-schema-graph\">{\"@context\":\"https:\/\/schema.org\",\"@graph\":[{\"@type\":\"Article\",\"@id\":\"https:\/\/esbozodeportivo.com\/index.php\/2025\/12\/09\/ramos-se-despide-de-los-rayados\/#article\",\"isPartOf\":{\"@id\":\"https:\/\/esbozodeportivo.com\/index.php\/2025\/12\/09\/ramos-se-despide-de-los-rayados\/\"},\"author\":{\"name\":\"Redacci\u00f3n\",\"@id\":\"https:\/\/esbozodeportivo.com\/#\/schema\/person\/0f6df9196dfe6740dd0bb31bae50d374\"},\"headline\":\"Ramos se despide de los Rayados\",\"datePublished\":\"2025-12-09T23:08:20+00:00\",\"dateModified\":\"2025-12-09T23:08:21+00:00\",\"mainEntityOfPage\":{\"@id\":\"https:\/\/esbozodeportivo.com\/index.php\/2025\/12\/09\/ramos-se-despide-de-los-rayados\/\"},\"wordCount\":350,\"publisher\":{\"@id\":\"https:\/\/esbozodeportivo.com\/#organization\"},\"image\":{\"@id\":\"https:\/\/esbozodeportivo.com\/index.php\/2025\/12\/09\/ramos-se-despide-de-los-rayados\/#primaryimage\"},\"thumbnailUrl\":\"https:\/\/esbozodeportivo.com\/wp-content\/uploads\/2025\/12\/Monterrey.jpg\",\"articleSection\":[\"Liga MX\"],\"inLanguage\":\"es\"},{\"@type\":\"WebPage\",\"@id\":\"https:\/\/esbozodeportivo.com\/index.php\/2025\/12\/09\/ramos-se-despide-de-los-rayados\/\",\"url\":\"https:\/\/esbozodeportivo.com\/index.php\/2025\/12\/09\/ramos-se-despide-de-los-rayados\/\",\"name\":\"Ramos se despide de los Rayados - Esbozo Deportivo\",\"isPartOf\":{\"@id\":\"https:\/\/esbozodeportivo.com\/#website\"},\"primaryImageOfPage\":{\"@id\":\"https:\/\/esbozodeportivo.com\/index.php\/2025\/12\/09\/ramos-se-despide-de-los-rayados\/#primaryimage\"},\"image\":{\"@id\":\"https:\/\/esbozodeportivo.com\/index.php\/2025\/12\/09\/ramos-se-despide-de-los-rayados\/#primaryimage\"},\"thumbnailUrl\":\"https:\/\/esbozodeportivo.com\/wp-content\/uploads\/2025\/12\/Monterrey.jpg\",\"datePublished\":\"2025-12-09T23:08:20+00:00\",\"dateModified\":\"2025-12-09T23:08:21+00:00\",\"description\":\"Ramos, de 39 a\u00f1os, lleg\u00f3 a M\u00e9xico en febrero de este a\u00f1o con un acuerdo por dos torneos que caduc\u00f3 con la eliminaci\u00f3n del equipo el s\u00e1bado pasado a manos de Toluca y tras no poder concretar una extensi\u00f3n con la dirigencia del club.\",\"breadcrumb\":{\"@id\":\"https:\/\/esbozodeportivo.com\/index.php\/2025\/12\/09\/ramos-se-despide-de-los-rayados\/#breadcrumb\"},\"inLanguage\":\"es\",\"potentialAction\":[{\"@type\":\"ReadAction\",\"target\":[\"https:\/\/esbozodeportivo.com\/index.php\/2025\/12\/09\/ramos-se-despide-de-los-rayados\/\"]}]},{\"@type\":\"ImageObject\",\"inLanguage\":\"es\",\"@id\":\"https:\/\/esbozodeportivo.com\/index.php\/2025\/12\/09\/ramos-se-despide-de-los-rayados\/#primaryimage\",\"url\":\"https:\/\/esbozodeportivo.com\/wp-content\/uploads\/2025\/12\/Monterrey.jpg\",\"contentUrl\":\"https:\/\/esbozodeportivo.com\/wp-content\/uploads\/2025\/12\/Monterrey.jpg\",\"width\":650,\"height\":487},{\"@type\":\"BreadcrumbList\",\"@id\":\"https:\/\/esbozodeportivo.com\/index.php\/2025\/12\/09\/ramos-se-despide-de-los-rayados\/#breadcrumb\",\"itemListElement\":[{\"@type\":\"ListItem\",\"position\":1,\"name\":\"Inicio\",\"item\":\"https:\/\/esbozodeportivo.com\/\"},{\"@type\":\"ListItem\",\"position\":2,\"name\":\"Ramos se despide de los Rayados\"}]},{\"@type\":\"WebSite\",\"@id\":\"https:\/\/esbozodeportivo.com\/#website\",\"url\":\"https:\/\/esbozodeportivo.com\/\",\"name\":\"Esbozo Deportivo\",\"description\":\"Lo m\u00e1s importante del Deporte\",\"publisher\":{\"@id\":\"https:\/\/esbozodeportivo.com\/#organization\"},\"potentialAction\":[{\"@type\":\"SearchAction\",\"target\":{\"@type\":\"EntryPoint\",\"urlTemplate\":\"https:\/\/esbozodeportivo.com\/?s={search_term_string}\"},\"query-input\":{\"@type\":\"PropertyValueSpecification\",\"valueRequired\":true,\"valueName\":\"search_term_string\"}}],\"inLanguage\":\"es\"},{\"@type\":\"Organization\",\"@id\":\"https:\/\/esbozodeportivo.com\/#organization\",\"name\":\"Esbozo Deportivo\",\"url\":\"https:\/\/esbozodeportivo.com\/\",\"logo\":{\"@type\":\"ImageObject\",\"inLanguage\":\"es\",\"@id\":\"https:\/\/esbozodeportivo.com\/#\/schema\/logo\/image\/\",\"url\":\"https:\/\/esbozodeportivo.com\/wp-content\/uploads\/2022\/08\/cropped-Logo-Esbozo-Web-2.png\",\"contentUrl\":\"https:\/\/esbozodeportivo.com\/wp-content\/uploads\/2022\/08\/cropped-Logo-Esbozo-Web-2.png\",\"width\":180,\"height\":50,\"caption\":\"Esbozo Deportivo\"},\"image\":{\"@id\":\"https:\/\/esbozodeportivo.com\/#\/schema\/logo\/image\/\"}},{\"@type\":\"Person\",\"@id\":\"https:\/\/esbozodeportivo.com\/#\/schema\/person\/0f6df9196dfe6740dd0bb31bae50d374\",\"name\":\"Redacci\u00f3n\",\"image\":{\"@type\":\"ImageObject\",\"inLanguage\":\"es\",\"@id\":\"https:\/\/esbozodeportivo.com\/#\/schema\/person\/image\/\",\"url\":\"https:\/\/secure.gravatar.com\/avatar\/f55268a89c3b418f2ef172ff52ab0d09b3e653c58de29539fe329fb93d78ebf3?s=96&d=mm&r=g\",\"contentUrl\":\"https:\/\/secure.gravatar.com\/avatar\/f55268a89c3b418f2ef172ff52ab0d09b3e653c58de29539fe329fb93d78ebf3?s=96&d=mm&r=g\",\"caption\":\"Redacci\u00f3n\"},\"url\":\"https:\/\/esbozodeportivo.com\/index.php\/author\/redaccion\/\"}]}<\/script>\n<!-- \/ Yoast SEO plugin. -->","yoast_head_json":{"title":"Ramos se despide de los Rayados - Esbozo Deportivo","description":"Ramos, de 39 a\u00f1os, lleg\u00f3 a M\u00e9xico en febrero de este a\u00f1o con un acuerdo por dos torneos que caduc\u00f3 con la eliminaci\u00f3n del equipo el s\u00e1bado pasado a manos de Toluca y tras no poder concretar una extensi\u00f3n con la dirigencia del club.","robots":{"index":"index","follow":"follow","max-snippet":"max-snippet:-1","max-image-preview":"max-image-preview:large","max-video-preview":"max-video-preview:-1"},"canonical":"https:\/\/esbozodeportivo.com\/index.php\/2025\/12\/09\/ramos-se-despide-de-los-rayados\/","og_locale":"es_MX","og_type":"article","og_title":"Ramos se despide de los Rayados - Esbozo Deportivo","og_description":"Ramos, de 39 a\u00f1os, lleg\u00f3 a M\u00e9xico en febrero de este a\u00f1o con un acuerdo por dos torneos que caduc\u00f3 con la eliminaci\u00f3n del equipo el s\u00e1bado pasado a manos de Toluca y tras no poder concretar una extensi\u00f3n con la dirigencia del club.","og_url":"https:\/\/esbozodeportivo.com\/index.php\/2025\/12\/09\/ramos-se-despide-de-los-rayados\/","og_site_name":"Esbozo Deportivo","article_published_time":"2025-12-09T23:08:20+00:00","article_modified_time":"2025-12-09T23:08:21+00:00","og_image":[{"width":650,"height":487,"url":"https:\/\/esbozodeportivo.com\/wp-content\/uploads\/2025\/12\/Monterrey.jpg","type":"image\/jpeg"}],"author":"Redacci\u00f3n","twitter_card":"summary_large_image","twitter_misc":{"Escrito por":"Redacci\u00f3n","Tiempo de lectura":"2 minutos"},"schema":{"@context":"https:\/\/schema.org","@graph":[{"@type":"Article","@id":"https:\/\/esbozodeportivo.com\/index.php\/2025\/12\/09\/ramos-se-despide-de-los-rayados\/#article","isPartOf":{"@id":"https:\/\/esbozodeportivo.com\/index.php\/2025\/12\/09\/ramos-se-despide-de-los-rayados\/"},"author":{"name":"Redacci\u00f3n","@id":"https:\/\/esbozodeportivo.com\/#\/schema\/person\/0f6df9196dfe6740dd0bb31bae50d374"},"headline":"Ramos se despide de los Rayados","datePublished":"2025-12-09T23:08:20+00:00","dateModified":"2025-12-09T23:08:21+00:00","mainEntityOfPage":{"@id":"https:\/\/esbozodeportivo.com\/index.php\/2025\/12\/09\/ramos-se-despide-de-los-rayados\/"},"wordCount":350,"publisher":{"@id":"https:\/\/esbozodeportivo.com\/#organization"},"image":{"@id":"https:\/\/esbozodeportivo.com\/index.php\/2025\/12\/09\/ramos-se-despide-de-los-rayados\/#primaryimage"},"thumbnailUrl":"https:\/\/esbozodeportivo.com\/wp-content\/uploads\/2025\/12\/Monterrey.jpg","articleSection":["Liga MX"],"inLanguage":"es"},{"@type":"WebPage","@id":"https:\/\/esbozodeportivo.com\/index.php\/2025\/12\/09\/ramos-se-despide-de-los-rayados\/","url":"https:\/\/esbozodeportivo.com\/index.php\/2025\/12\/09\/ramos-se-despide-de-los-rayados\/","name":"Ramos se despide de los Rayados - Esbozo Deportivo","isPartOf":{"@id":"https:\/\/esbozodeportivo.com\/#website"},"primaryImageOfPage":{"@id":"https:\/\/esbozodeportivo.com\/index.php\/2025\/12\/09\/ramos-se-despide-de-los-rayados\/#primaryimage"},"image":{"@id":"https:\/\/esbozodeportivo.com\/index.php\/2025\/12\/09\/ramos-se-despide-de-los-rayados\/#primaryimage"},"thumbnailUrl":"https:\/\/esbozodeportivo.com\/wp-content\/uploads\/2025\/12\/Monterrey.jpg","datePublished":"2025-12-09T23:08:20+00:00","dateModified":"2025-12-09T23:08:21+00:00","description":"Ramos, de 39 a\u00f1os, lleg\u00f3 a M\u00e9xico en febrero de este a\u00f1o con un acuerdo por dos torneos que caduc\u00f3 con la eliminaci\u00f3n del equipo el s\u00e1bado pasado a manos de Toluca y tras no poder concretar una extensi\u00f3n con la dirigencia del club.","breadcrumb":{"@id":"https:\/\/esbozodeportivo.com\/index.php\/2025\/12\/09\/ramos-se-despide-de-los-rayados\/#breadcrumb"},"inLanguage":"es","potentialAction":[{"@type":"ReadAction","target":["https:\/\/esbozodeportivo.com\/index.php\/2025\/12\/09\/ramos-se-despide-de-los-rayados\/"]}]},{"@type":"ImageObject","inLanguage":"es","@id":"https:\/\/esbozodeportivo.com\/index.php\/2025\/12\/09\/ramos-se-despide-de-los-rayados\/#primaryimage","url":"https:\/\/esbozodeportivo.com\/wp-content\/uploads\/2025\/12\/Monterrey.jpg","contentUrl":"https:\/\/esbozodeportivo.com\/wp-content\/uploads\/2025\/12\/Monterrey.jpg","width":650,"height":487},{"@type":"BreadcrumbList","@id":"https:\/\/esbozodeportivo.com\/index.php\/2025\/12\/09\/ramos-se-despide-de-los-rayados\/#breadcrumb","itemListElement":[{"@type":"ListItem","position":1,"name":"Inicio","item":"https:\/\/esbozodeportivo.com\/"},{"@type":"ListItem","position":2,"name":"Ramos se despide de los Rayados"}]},{"@type":"WebSite","@id":"https:\/\/esbozodeportivo.com\/#website","url":"https:\/\/esbozodeportivo.com\/","name":"Esbozo Deportivo","description":"Lo m\u00e1s importante del Deporte","publisher":{"@id":"https:\/\/esbozodeportivo.com\/#organization"},"potentialAction":[{"@type":"SearchAction","target":{"@type":"EntryPoint","urlTemplate":"https:\/\/esbozodeportivo.com\/?s={search_term_string}"},"query-input":{"@type":"PropertyValueSpecification","valueRequired":true,"valueName":"search_term_string"}}],"inLanguage":"es"},{"@type":"Organization","@id":"https:\/\/esbozodeportivo.com\/#organization","name":"Esbozo Deportivo","url":"https:\/\/esbozodeportivo.com\/","logo":{"@type":"ImageObject","inLanguage":"es","@id":"https:\/\/esbozodeportivo.com\/#\/schema\/logo\/image\/","url":"https:\/\/esbozodeportivo.com\/wp-content\/uploads\/2022\/08\/cropped-Logo-Esbozo-Web-2.png","contentUrl":"https:\/\/esbozodeportivo.com\/wp-content\/uploads\/2022\/08\/cropped-Logo-Esbozo-Web-2.png","width":180,"height":50,"caption":"Esbozo Deportivo"},"image":{"@id":"https:\/\/esbozodeportivo.com\/#\/schema\/logo\/image\/"}},{"@type":"Person","@id":"https:\/\/esbozodeportivo.com\/#\/schema\/person\/0f6df9196dfe6740dd0bb31bae50d374","name":"Redacci\u00f3n","image":{"@type":"ImageObject","inLanguage":"es","@id":"https:\/\/esbozodeportivo.com\/#\/schema\/person\/image\/","url":"https:\/\/secure.gravatar.com\/avatar\/f55268a89c3b418f2ef172ff52ab0d09b3e653c58de29539fe329fb93d78ebf3?s=96&d=mm&r=g","contentUrl":"https:\/\/secure.gravatar.com\/avatar\/f55268a89c3b418f2ef172ff52ab0d09b3e653c58de29539fe329fb93d78ebf3?s=96&d=mm&r=g","caption":"Redacci\u00f3n"},"url":"https:\/\/esbozodeportivo.com\/index.php\/author\/redaccion\/"}]}},"jetpack_featured_media_url":"https:\/\/esbozodeportivo.com\/wp-content\/uploads\/2025\/12\/Monterrey.jpg","jetpack_sharing_enabled":true,"_links":{"self":[{"href":"https:\/\/esbozodeportivo.com\/index.php\/wp-json\/wp\/v2\/posts\/11830","targetHints":{"allow":["GET"]}}],"collection":[{"href":"https:\/\/esbozodeportivo.com\/index.php\/wp-json\/wp\/v2\/posts"}],"about":[{"href":"https:\/\/esbozodeportivo.com\/index.php\/wp-json\/wp\/v2\/types\/post"}],"author":[{"embeddable":true,"href":"https:\/\/esbozodeportivo.com\/index.php\/wp-json\/wp\/v2\/users\/4"}],"replies":[{"embeddable":true,"href":"https:\/\/esbozodeportivo.com\/index.php\/wp-json\/wp\/v2\/comments?post=11830"}],"version-history":[{"count":1,"href":"https:\/\/esbozodeportivo.com\/index.php\/wp-json\/wp\/v2\/posts\/11830\/revisions"}],"predecessor-version":[{"id":11831,"href":"https:\/\/esbozodeportivo.com\/index.php\/wp-json\/wp\/v2\/posts\/11830\/revisions\/11831"}],"wp:featuredmedia":[{"embeddable":true,"href":"https:\/\/esbozodeportivo.com\/index.php\/wp-json\/wp\/v2\/media\/11823"}],"wp:attachment":[{"href":"https:\/\/esbozodeportivo.com\/index.php\/wp-json\/wp\/v2\/media?parent=11830"}],"wp:term":[{"taxonomy":"category","embeddable":true,"href":"https:\/\/esbozodeportivo.com\/index.php\/wp-json\/wp\/v2\/categories?post=11830"},{"taxonomy":"post_tag","embeddable":true,"href":"https:\/\/esbozodeportivo.com\/index.php\/wp-json\/wp\/v2\/tags?post=11830"}],"curies":[{"name":"wp","href":"https:\/\/api.w.org\/{rel}","templated":true}]}}