{"id":11832,"date":"2025-12-09T17:10:11","date_gmt":"2025-12-09T23:10:11","guid":{"rendered":"https:\/\/esbozodeportivo.com\/?p=11832"},"modified":"2025-12-09T17:10:12","modified_gmt":"2025-12-09T23:10:12","slug":"mbappe-en-duda-para-la-champions","status":"publish","type":"post","link":"https:\/\/esbozodeportivo.com\/index.php\/2025\/12\/09\/mbappe-en-duda-para-la-champions\/","title":{"rendered":"Mbapp\u00e9 en duda para la Champions"},"content":{"rendered":"\n<p>(Foto: Agencias) <\/p>\n\n\n\n<p>Kylian Mbapp\u00e9 entren\u00f3 por separado de sus compa\u00f1eros del Real Madrid el martes, poniendo en duda su disponibilidad para el partido de la Liga de Campeones contra el Manchester City el mi\u00e9rcoles.<\/p>\n\n\n\n<p>El Madrid inform\u00f3 que Mbapp\u00e9 entren\u00f3 en interiores mientras el resto del equipo trabaj\u00f3 en el campo bajo el mando del t\u00e9cnico Xabi Alonso.<\/p>\n\n\n\n<p>Mbapp\u00e9, autor de 25 goles para el Madrid esta temporada, arrastra molestias en la parte posterior del muslo de la pierne izquierda, seg\u00fan los medios espa\u00f1oles. El astro franc\u00e9s es el m\u00e1ximo goleador tanto en La Liga espa\u00f1ola como en la Liga de Campeones.<\/p>\n\n\n\n<p>El Madrid ha ganado solo dos de sus \u00faltimos siete partidos en todas las competencias. Viene de una derrota en casa por 2-0 ante el Celta de Vigo en La Liga espa\u00f1ola el domingo. En la Liga de Campeones, venci\u00f3 4-3 a Olympiakos despu\u00e9s de perder 1-0 en Liverpool.<\/p>\n\n\n\n<p>\u201cTras el Celta, como siempre, sacamos las conclusiones\u201d, dijo Alonso. \u201cEn la cabeza solo est\u00e1 el City, la Champions. El ambiente ser\u00e1 diferente\u201d.<\/p>\n\n\n\n<p>Los merengues marchan en el quinto lugar, cumplidas cinco jornadas de la fase de liga de la Champions. Est\u00e1 dos puntos por delante del City, noveno en la tabla.<\/p>\n\n\n\n<p>El centrocampista Aur\u00e9lien Tchouam\u00e9ni dijo que no se puede culpar a Alonso por las recientes dificultades del equipo.<\/p>\n\n\n\n<p>\u201cActitud no s\u00e9, pero si no ganamos es porque tenemos que hacer cosas mejor. Jugar mejor en defensa y ataque. Tenemos que hacer las cosas mejor\u201d, declar\u00f3 el franc\u00e9s. \u201cLo que est\u00e1 pasando ahora no puede ser. Si no jugamos con la intensidad m\u00e1xima, ser\u00e1 muy dif\u00edcil ganar partidos. Hay que entender que para ganar esos partidos hay que dar el m\u00e1ximo. No lo hicimos contra el Celta y debemos hacerlo ma\u00f1ana\u201d.<\/p>\n\n\n\n<p>Alonso est\u00e1an lidiando con varias lesiones defensivas y el mi\u00e9rcoles no contar\u00e1 con el defensor brasile\u00f1o Eder Milit\u00e3o, quien se lesion\u00f3 en la primera mitad del partido contra Celta. El centrocampista Eduardo Camavinga tambi\u00e9n entren\u00f3 por separado el martes.<\/p>\n\n\n\n<p><\/p>\n","protected":false},"excerpt":{"rendered":"<p>(Foto: Agencias) Kylian Mbapp\u00e9 entren\u00f3 por separado de sus compa\u00f1eros del Real Madrid el martes,<\/p>\n","protected":false},"author":4,"featured_media":11824,"comment_status":"closed","ping_status":"open","sticky":false,"template":"","format":"standard","meta":{"_jetpack_memberships_contains_paid_content":false,"footnotes":""},"categories":[24],"tags":[],"class_list":["post-11832","post","type-post","status-publish","format-standard","has-post-thumbnail","hentry","category-futbol-2"],"yoast_head":"<!-- This site is optimized with the Yoast SEO plugin v25.7 - https:\/\/yoast.com\/wordpress\/plugins\/seo\/ -->\n<title>Mbapp\u00e9 en duda para la Champions - Esbozo Deportivo<\/title>\n<meta name=\"description\" content=\"Mbapp\u00e9, autor de 25 goles para el Madrid esta temporada, arrastra molestias en la parte posterior del muslo de la pierne izquierda, seg\u00fan los medios espa\u00f1oles. El astro franc\u00e9s es el m\u00e1ximo goleador tanto en La Liga espa\u00f1ola como en la Liga de Campeones.\" \/>\n<meta name=\"robots\" content=\"index, follow, max-snippet:-1, max-image-preview:large, max-video-preview:-1\" \/>\n<link rel=\"canonical\" href=\"https:\/\/esbozodeportivo.com\/index.php\/2025\/12\/09\/mbappe-en-duda-para-la-champions\/\" \/>\n<meta property=\"og:locale\" content=\"es_MX\" \/>\n<meta property=\"og:type\" content=\"article\" \/>\n<meta property=\"og:title\" content=\"Mbapp\u00e9 en duda para la Champions - Esbozo Deportivo\" \/>\n<meta property=\"og:description\" content=\"Mbapp\u00e9, autor de 25 goles para el Madrid esta temporada, arrastra molestias en la parte posterior del muslo de la pierne izquierda, seg\u00fan los medios espa\u00f1oles. El astro franc\u00e9s es el m\u00e1ximo goleador tanto en La Liga espa\u00f1ola como en la Liga de Campeones.\" \/>\n<meta property=\"og:url\" content=\"https:\/\/esbozodeportivo.com\/index.php\/2025\/12\/09\/mbappe-en-duda-para-la-champions\/\" \/>\n<meta property=\"og:site_name\" content=\"Esbozo Deportivo\" \/>\n<meta property=\"article:published_time\" content=\"2025-12-09T23:10:11+00:00\" \/>\n<meta property=\"article:modified_time\" content=\"2025-12-09T23:10:12+00:00\" \/>\n<meta property=\"og:image\" content=\"https:\/\/esbozodeportivo.com\/wp-content\/uploads\/2025\/12\/Real-Madrid-1.jpg\" \/>\n\t<meta property=\"og:image:width\" content=\"980\" \/>\n\t<meta property=\"og:image:height\" content=\"653\" \/>\n\t<meta property=\"og:image:type\" content=\"image\/jpeg\" \/>\n<meta name=\"author\" content=\"Redacci\u00f3n\" \/>\n<meta name=\"twitter:card\" content=\"summary_large_image\" \/>\n<meta name=\"twitter:label1\" content=\"Escrito por\" \/>\n\t<meta name=\"twitter:data1\" content=\"Redacci\u00f3n\" \/>\n\t<meta name=\"twitter:label2\" content=\"Tiempo de lectura\" \/>\n\t<meta name=\"twitter:data2\" content=\"2 minutos\" \/>\n<script type=\"application\/ld+json\" class=\"yoast-schema-graph\">{\"@context\":\"https:\/\/schema.org\",\"@graph\":[{\"@type\":\"Article\",\"@id\":\"https:\/\/esbozodeportivo.com\/index.php\/2025\/12\/09\/mbappe-en-duda-para-la-champions\/#article\",\"isPartOf\":{\"@id\":\"https:\/\/esbozodeportivo.com\/index.php\/2025\/12\/09\/mbappe-en-duda-para-la-champions\/\"},\"author\":{\"name\":\"Redacci\u00f3n\",\"@id\":\"https:\/\/esbozodeportivo.com\/#\/schema\/person\/0f6df9196dfe6740dd0bb31bae50d374\"},\"headline\":\"Mbapp\u00e9 en duda para la Champions\",\"datePublished\":\"2025-12-09T23:10:11+00:00\",\"dateModified\":\"2025-12-09T23:10:12+00:00\",\"mainEntityOfPage\":{\"@id\":\"https:\/\/esbozodeportivo.com\/index.php\/2025\/12\/09\/mbappe-en-duda-para-la-champions\/\"},\"wordCount\":359,\"publisher\":{\"@id\":\"https:\/\/esbozodeportivo.com\/#organization\"},\"image\":{\"@id\":\"https:\/\/esbozodeportivo.com\/index.php\/2025\/12\/09\/mbappe-en-duda-para-la-champions\/#primaryimage\"},\"thumbnailUrl\":\"https:\/\/esbozodeportivo.com\/wp-content\/uploads\/2025\/12\/Real-Madrid-1.jpg\",\"articleSection\":[\"Champions League\"],\"inLanguage\":\"es\"},{\"@type\":\"WebPage\",\"@id\":\"https:\/\/esbozodeportivo.com\/index.php\/2025\/12\/09\/mbappe-en-duda-para-la-champions\/\",\"url\":\"https:\/\/esbozodeportivo.com\/index.php\/2025\/12\/09\/mbappe-en-duda-para-la-champions\/\",\"name\":\"Mbapp\u00e9 en duda para la Champions - Esbozo Deportivo\",\"isPartOf\":{\"@id\":\"https:\/\/esbozodeportivo.com\/#website\"},\"primaryImageOfPage\":{\"@id\":\"https:\/\/esbozodeportivo.com\/index.php\/2025\/12\/09\/mbappe-en-duda-para-la-champions\/#primaryimage\"},\"image\":{\"@id\":\"https:\/\/esbozodeportivo.com\/index.php\/2025\/12\/09\/mbappe-en-duda-para-la-champions\/#primaryimage\"},\"thumbnailUrl\":\"https:\/\/esbozodeportivo.com\/wp-content\/uploads\/2025\/12\/Real-Madrid-1.jpg\",\"datePublished\":\"2025-12-09T23:10:11+00:00\",\"dateModified\":\"2025-12-09T23:10:12+00:00\",\"description\":\"Mbapp\u00e9, autor de 25 goles para el Madrid esta temporada, arrastra molestias en la parte posterior del muslo de la pierne izquierda, seg\u00fan los medios espa\u00f1oles. El astro franc\u00e9s es el m\u00e1ximo goleador tanto en La Liga espa\u00f1ola como en la Liga de Campeones.\",\"breadcrumb\":{\"@id\":\"https:\/\/esbozodeportivo.com\/index.php\/2025\/12\/09\/mbappe-en-duda-para-la-champions\/#breadcrumb\"},\"inLanguage\":\"es\",\"potentialAction\":[{\"@type\":\"ReadAction\",\"target\":[\"https:\/\/esbozodeportivo.com\/index.php\/2025\/12\/09\/mbappe-en-duda-para-la-champions\/\"]}]},{\"@type\":\"ImageObject\",\"inLanguage\":\"es\",\"@id\":\"https:\/\/esbozodeportivo.com\/index.php\/2025\/12\/09\/mbappe-en-duda-para-la-champions\/#primaryimage\",\"url\":\"https:\/\/esbozodeportivo.com\/wp-content\/uploads\/2025\/12\/Real-Madrid-1.jpg\",\"contentUrl\":\"https:\/\/esbozodeportivo.com\/wp-content\/uploads\/2025\/12\/Real-Madrid-1.jpg\",\"width\":980,\"height\":653},{\"@type\":\"BreadcrumbList\",\"@id\":\"https:\/\/esbozodeportivo.com\/index.php\/2025\/12\/09\/mbappe-en-duda-para-la-champions\/#breadcrumb\",\"itemListElement\":[{\"@type\":\"ListItem\",\"position\":1,\"name\":\"Inicio\",\"item\":\"https:\/\/esbozodeportivo.com\/\"},{\"@type\":\"ListItem\",\"position\":2,\"name\":\"Mbapp\u00e9 en duda para la Champions\"}]},{\"@type\":\"WebSite\",\"@id\":\"https:\/\/esbozodeportivo.com\/#website\",\"url\":\"https:\/\/esbozodeportivo.com\/\",\"name\":\"Esbozo Deportivo\",\"description\":\"Lo m\u00e1s importante del Deporte\",\"publisher\":{\"@id\":\"https:\/\/esbozodeportivo.com\/#organization\"},\"potentialAction\":[{\"@type\":\"SearchAction\",\"target\":{\"@type\":\"EntryPoint\",\"urlTemplate\":\"https:\/\/esbozodeportivo.com\/?s={search_term_string}\"},\"query-input\":{\"@type\":\"PropertyValueSpecification\",\"valueRequired\":true,\"valueName\":\"search_term_string\"}}],\"inLanguage\":\"es\"},{\"@type\":\"Organization\",\"@id\":\"https:\/\/esbozodeportivo.com\/#organization\",\"name\":\"Esbozo Deportivo\",\"url\":\"https:\/\/esbozodeportivo.com\/\",\"logo\":{\"@type\":\"ImageObject\",\"inLanguage\":\"es\",\"@id\":\"https:\/\/esbozodeportivo.com\/#\/schema\/logo\/image\/\",\"url\":\"https:\/\/esbozodeportivo.com\/wp-content\/uploads\/2022\/08\/cropped-Logo-Esbozo-Web-2.png\",\"contentUrl\":\"https:\/\/esbozodeportivo.com\/wp-content\/uploads\/2022\/08\/cropped-Logo-Esbozo-Web-2.png\",\"width\":180,\"height\":50,\"caption\":\"Esbozo Deportivo\"},\"image\":{\"@id\":\"https:\/\/esbozodeportivo.com\/#\/schema\/logo\/image\/\"}},{\"@type\":\"Person\",\"@id\":\"https:\/\/esbozodeportivo.com\/#\/schema\/person\/0f6df9196dfe6740dd0bb31bae50d374\",\"name\":\"Redacci\u00f3n\",\"image\":{\"@type\":\"ImageObject\",\"inLanguage\":\"es\",\"@id\":\"https:\/\/esbozodeportivo.com\/#\/schema\/person\/image\/\",\"url\":\"https:\/\/secure.gravatar.com\/avatar\/f55268a89c3b418f2ef172ff52ab0d09b3e653c58de29539fe329fb93d78ebf3?s=96&d=mm&r=g\",\"contentUrl\":\"https:\/\/secure.gravatar.com\/avatar\/f55268a89c3b418f2ef172ff52ab0d09b3e653c58de29539fe329fb93d78ebf3?s=96&d=mm&r=g\",\"caption\":\"Redacci\u00f3n\"},\"url\":\"https:\/\/esbozodeportivo.com\/index.php\/author\/redaccion\/\"}]}<\/script>\n<!-- \/ Yoast SEO plugin. -->","yoast_head_json":{"title":"Mbapp\u00e9 en duda para la Champions - Esbozo Deportivo","description":"Mbapp\u00e9, autor de 25 goles para el Madrid esta temporada, arrastra molestias en la parte posterior del muslo de la pierne izquierda, seg\u00fan los medios espa\u00f1oles. El astro franc\u00e9s es el m\u00e1ximo goleador tanto en La Liga espa\u00f1ola como en la Liga de Campeones.","robots":{"index":"index","follow":"follow","max-snippet":"max-snippet:-1","max-image-preview":"max-image-preview:large","max-video-preview":"max-video-preview:-1"},"canonical":"https:\/\/esbozodeportivo.com\/index.php\/2025\/12\/09\/mbappe-en-duda-para-la-champions\/","og_locale":"es_MX","og_type":"article","og_title":"Mbapp\u00e9 en duda para la Champions - Esbozo Deportivo","og_description":"Mbapp\u00e9, autor de 25 goles para el Madrid esta temporada, arrastra molestias en la parte posterior del muslo de la pierne izquierda, seg\u00fan los medios espa\u00f1oles. El astro franc\u00e9s es el m\u00e1ximo goleador tanto en La Liga espa\u00f1ola como en la Liga de Campeones.","og_url":"https:\/\/esbozodeportivo.com\/index.php\/2025\/12\/09\/mbappe-en-duda-para-la-champions\/","og_site_name":"Esbozo Deportivo","article_published_time":"2025-12-09T23:10:11+00:00","article_modified_time":"2025-12-09T23:10:12+00:00","og_image":[{"width":980,"height":653,"url":"https:\/\/esbozodeportivo.com\/wp-content\/uploads\/2025\/12\/Real-Madrid-1.jpg","type":"image\/jpeg"}],"author":"Redacci\u00f3n","twitter_card":"summary_large_image","twitter_misc":{"Escrito por":"Redacci\u00f3n","Tiempo de lectura":"2 minutos"},"schema":{"@context":"https:\/\/schema.org","@graph":[{"@type":"Article","@id":"https:\/\/esbozodeportivo.com\/index.php\/2025\/12\/09\/mbappe-en-duda-para-la-champions\/#article","isPartOf":{"@id":"https:\/\/esbozodeportivo.com\/index.php\/2025\/12\/09\/mbappe-en-duda-para-la-champions\/"},"author":{"name":"Redacci\u00f3n","@id":"https:\/\/esbozodeportivo.com\/#\/schema\/person\/0f6df9196dfe6740dd0bb31bae50d374"},"headline":"Mbapp\u00e9 en duda para la Champions","datePublished":"2025-12-09T23:10:11+00:00","dateModified":"2025-12-09T23:10:12+00:00","mainEntityOfPage":{"@id":"https:\/\/esbozodeportivo.com\/index.php\/2025\/12\/09\/mbappe-en-duda-para-la-champions\/"},"wordCount":359,"publisher":{"@id":"https:\/\/esbozodeportivo.com\/#organization"},"image":{"@id":"https:\/\/esbozodeportivo.com\/index.php\/2025\/12\/09\/mbappe-en-duda-para-la-champions\/#primaryimage"},"thumbnailUrl":"https:\/\/esbozodeportivo.com\/wp-content\/uploads\/2025\/12\/Real-Madrid-1.jpg","articleSection":["Champions League"],"inLanguage":"es"},{"@type":"WebPage","@id":"https:\/\/esbozodeportivo.com\/index.php\/2025\/12\/09\/mbappe-en-duda-para-la-champions\/","url":"https:\/\/esbozodeportivo.com\/index.php\/2025\/12\/09\/mbappe-en-duda-para-la-champions\/","name":"Mbapp\u00e9 en duda para la Champions - Esbozo Deportivo","isPartOf":{"@id":"https:\/\/esbozodeportivo.com\/#website"},"primaryImageOfPage":{"@id":"https:\/\/esbozodeportivo.com\/index.php\/2025\/12\/09\/mbappe-en-duda-para-la-champions\/#primaryimage"},"image":{"@id":"https:\/\/esbozodeportivo.com\/index.php\/2025\/12\/09\/mbappe-en-duda-para-la-champions\/#primaryimage"},"thumbnailUrl":"https:\/\/esbozodeportivo.com\/wp-content\/uploads\/2025\/12\/Real-Madrid-1.jpg","datePublished":"2025-12-09T23:10:11+00:00","dateModified":"2025-12-09T23:10:12+00:00","description":"Mbapp\u00e9, autor de 25 goles para el Madrid esta temporada, arrastra molestias en la parte posterior del muslo de la pierne izquierda, seg\u00fan los medios espa\u00f1oles. El astro franc\u00e9s es el m\u00e1ximo goleador tanto en La Liga espa\u00f1ola como en la Liga de Campeones.","breadcrumb":{"@id":"https:\/\/esbozodeportivo.com\/index.php\/2025\/12\/09\/mbappe-en-duda-para-la-champions\/#breadcrumb"},"inLanguage":"es","potentialAction":[{"@type":"ReadAction","target":["https:\/\/esbozodeportivo.com\/index.php\/2025\/12\/09\/mbappe-en-duda-para-la-champions\/"]}]},{"@type":"ImageObject","inLanguage":"es","@id":"https:\/\/esbozodeportivo.com\/index.php\/2025\/12\/09\/mbappe-en-duda-para-la-champions\/#primaryimage","url":"https:\/\/esbozodeportivo.com\/wp-content\/uploads\/2025\/12\/Real-Madrid-1.jpg","contentUrl":"https:\/\/esbozodeportivo.com\/wp-content\/uploads\/2025\/12\/Real-Madrid-1.jpg","width":980,"height":653},{"@type":"BreadcrumbList","@id":"https:\/\/esbozodeportivo.com\/index.php\/2025\/12\/09\/mbappe-en-duda-para-la-champions\/#breadcrumb","itemListElement":[{"@type":"ListItem","position":1,"name":"Inicio","item":"https:\/\/esbozodeportivo.com\/"},{"@type":"ListItem","position":2,"name":"Mbapp\u00e9 en duda para la Champions"}]},{"@type":"WebSite","@id":"https:\/\/esbozodeportivo.com\/#website","url":"https:\/\/esbozodeportivo.com\/","name":"Esbozo Deportivo","description":"Lo m\u00e1s importante del Deporte","publisher":{"@id":"https:\/\/esbozodeportivo.com\/#organization"},"potentialAction":[{"@type":"SearchAction","target":{"@type":"EntryPoint","urlTemplate":"https:\/\/esbozodeportivo.com\/?s={search_term_string}"},"query-input":{"@type":"PropertyValueSpecification","valueRequired":true,"valueName":"search_term_string"}}],"inLanguage":"es"},{"@type":"Organization","@id":"https:\/\/esbozodeportivo.com\/#organization","name":"Esbozo Deportivo","url":"https:\/\/esbozodeportivo.com\/","logo":{"@type":"ImageObject","inLanguage":"es","@id":"https:\/\/esbozodeportivo.com\/#\/schema\/logo\/image\/","url":"https:\/\/esbozodeportivo.com\/wp-content\/uploads\/2022\/08\/cropped-Logo-Esbozo-Web-2.png","contentUrl":"https:\/\/esbozodeportivo.com\/wp-content\/uploads\/2022\/08\/cropped-Logo-Esbozo-Web-2.png","width":180,"height":50,"caption":"Esbozo Deportivo"},"image":{"@id":"https:\/\/esbozodeportivo.com\/#\/schema\/logo\/image\/"}},{"@type":"Person","@id":"https:\/\/esbozodeportivo.com\/#\/schema\/person\/0f6df9196dfe6740dd0bb31bae50d374","name":"Redacci\u00f3n","image":{"@type":"ImageObject","inLanguage":"es","@id":"https:\/\/esbozodeportivo.com\/#\/schema\/person\/image\/","url":"https:\/\/secure.gravatar.com\/avatar\/f55268a89c3b418f2ef172ff52ab0d09b3e653c58de29539fe329fb93d78ebf3?s=96&d=mm&r=g","contentUrl":"https:\/\/secure.gravatar.com\/avatar\/f55268a89c3b418f2ef172ff52ab0d09b3e653c58de29539fe329fb93d78ebf3?s=96&d=mm&r=g","caption":"Redacci\u00f3n"},"url":"https:\/\/esbozodeportivo.com\/index.php\/author\/redaccion\/"}]}},"jetpack_featured_media_url":"https:\/\/esbozodeportivo.com\/wp-content\/uploads\/2025\/12\/Real-Madrid-1.jpg","jetpack_sharing_enabled":true,"_links":{"self":[{"href":"https:\/\/esbozodeportivo.com\/index.php\/wp-json\/wp\/v2\/posts\/11832","targetHints":{"allow":["GET"]}}],"collection":[{"href":"https:\/\/esbozodeportivo.com\/index.php\/wp-json\/wp\/v2\/posts"}],"about":[{"href":"https:\/\/esbozodeportivo.com\/index.php\/wp-json\/wp\/v2\/types\/post"}],"author":[{"embeddable":true,"href":"https:\/\/esbozodeportivo.com\/index.php\/wp-json\/wp\/v2\/users\/4"}],"replies":[{"embeddable":true,"href":"https:\/\/esbozodeportivo.com\/index.php\/wp-json\/wp\/v2\/comments?post=11832"}],"version-history":[{"count":1,"href":"https:\/\/esbozodeportivo.com\/index.php\/wp-json\/wp\/v2\/posts\/11832\/revisions"}],"predecessor-version":[{"id":11833,"href":"https:\/\/esbozodeportivo.com\/index.php\/wp-json\/wp\/v2\/posts\/11832\/revisions\/11833"}],"wp:featuredmedia":[{"embeddable":true,"href":"https:\/\/esbozodeportivo.com\/index.php\/wp-json\/wp\/v2\/media\/11824"}],"wp:attachment":[{"href":"https:\/\/esbozodeportivo.com\/index.php\/wp-json\/wp\/v2\/media?parent=11832"}],"wp:term":[{"taxonomy":"category","embeddable":true,"href":"https:\/\/esbozodeportivo.com\/index.php\/wp-json\/wp\/v2\/categories?post=11832"},{"taxonomy":"post_tag","embeddable":true,"href":"https:\/\/esbozodeportivo.com\/index.php\/wp-json\/wp\/v2\/tags?post=11832"}],"curies":[{"name":"wp","href":"https:\/\/api.w.org\/{rel}","templated":true}]}}