{"id":12109,"date":"2026-01-05T23:06:55","date_gmt":"2026-01-06T05:06:55","guid":{"rendered":"https:\/\/esbozodeportivo.com\/?p=12109"},"modified":"2026-01-05T23:06:56","modified_gmt":"2026-01-06T05:06:56","slug":"checo-revela-problemas-con-verstappen","status":"publish","type":"post","link":"https:\/\/esbozodeportivo.com\/index.php\/2026\/01\/05\/checo-revela-problemas-con-verstappen\/","title":{"rendered":"\u201dCheco\u201d revela problemas con Verstappen"},"content":{"rendered":"\n<p>(Foto: Agencias) <\/p>\n\n\n\n<p>Sergio \u201cCheco\u201d P\u00e9rez afirm\u00f3 que ser compa\u00f1ero de equipo de Max Verstappen fue \u201cel peor trabajo que hay en la F\u00f3rmula 1\u201d.<\/p>\n\n\n\n<p>P\u00e9rez estuvo al lado de Verstappen durante cuatro a\u00f1os en Red Bull antes de ser despedido a finales de 2024, con dos a\u00f1os restantes en su contrato. El piloto mexicano regresa a la F1 este a\u00f1o con el nuevo equipo Cadillac.<\/p>\n\n\n\n<p>\u201cEstaba en el mejor equipo, pero era una escuder\u00eda complicada, porque ser compa\u00f1ero de Max en Red Bull es el peor trabajo que hay en la F\u00f3rmula 1&#8243;, coment\u00f3 P\u00e9rez en un podcast con Oswaldo Trava que se public\u00f3 en YouTube el domingo. \u201cYo sab\u00eda a lo que me enfrentaba, ya que ese proyecto est\u00e1 hecho para Max\u201d.<\/p>\n\n\n\n<p>\u201cEn Red Bull todo era un problema, si era m\u00e1s r\u00e1pido que Max era un problema, se creaba un ambiente muy tenso si yo era m\u00e1s r\u00e1pido, pero tambi\u00e9n si era demasiado lento o si Max era demasiado lento\u201d, expres\u00f3 P\u00e9rez. \u201cTodo se convert\u00eda en un problema\u201d.<\/p>\n\n\n\n<p>La mejor temporada de P\u00e9rez fue 2023, cuando fue subcampe\u00f3n por detr\u00e1s de Verstappen. El neerland\u00e9s se consagr\u00f3 otra vez en 2024, pero P\u00e9rez termin\u00f3 octavo y fue liberado por Red Bull.<\/p>\n\n\n\n<p>\u201cTen\u00edamos el mejor equipo, desafortunadamente todo se destruy\u00f3\u201d, manifest\u00f3 P\u00e9rez. \u201cTen\u00edamos el equipo para haber dominado los pr\u00f3ximos 10 a\u00f1os el deporte yo creo, y desafortunadamente todo termin\u00f3\u201d.<\/p>\n\n\n\n<p>Se asociar\u00e1 en Cadillac con Valtteri Bottas.<\/p>\n\n\n\n<p>P\u00e9rez ha estado compitiendo en la F1 desde 2011 y tuvo su mayor \u00e9xito en Red Bull, incluyendo un cuarto lugar en 2021, tercero en 2022 y segundo en 2023. No compiti\u00f3 el a\u00f1o pasado.<\/p>\n\n\n\n<p><\/p>\n","protected":false},"excerpt":{"rendered":"<p>(Foto: Agencias) Sergio \u201cCheco\u201d P\u00e9rez afirm\u00f3 que ser compa\u00f1ero de equipo de Max Verstappen fue<\/p>\n","protected":false},"author":4,"featured_media":12097,"comment_status":"closed","ping_status":"open","sticky":false,"template":"","format":"standard","meta":{"_jetpack_memberships_contains_paid_content":false,"footnotes":""},"categories":[109],"tags":[],"class_list":["post-12109","post","type-post","status-publish","format-standard","has-post-thumbnail","hentry","category-formula-uno"],"yoast_head":"<!-- This site is optimized with the Yoast SEO plugin v25.7 - https:\/\/yoast.com\/wordpress\/plugins\/seo\/ -->\n<title>\u201dCheco\u201d revela problemas con Verstappen - Esbozo Deportivo<\/title>\n<meta name=\"description\" content=\"Sergio \u201cCheco\u201d P\u00e9rez afirm\u00f3 que ser compa\u00f1ero de equipo de Max Verstappen fue \u201cel peor trabajo que hay en la F\u00f3rmula 1\u201d.\" \/>\n<meta name=\"robots\" content=\"index, follow, max-snippet:-1, max-image-preview:large, max-video-preview:-1\" \/>\n<link rel=\"canonical\" href=\"https:\/\/esbozodeportivo.com\/index.php\/2026\/01\/05\/checo-revela-problemas-con-verstappen\/\" \/>\n<meta property=\"og:locale\" content=\"es_MX\" \/>\n<meta property=\"og:type\" content=\"article\" \/>\n<meta property=\"og:title\" content=\"\u201dCheco\u201d revela problemas con Verstappen - Esbozo Deportivo\" \/>\n<meta property=\"og:description\" content=\"Sergio \u201cCheco\u201d P\u00e9rez afirm\u00f3 que ser compa\u00f1ero de equipo de Max Verstappen fue \u201cel peor trabajo que hay en la F\u00f3rmula 1\u201d.\" \/>\n<meta property=\"og:url\" content=\"https:\/\/esbozodeportivo.com\/index.php\/2026\/01\/05\/checo-revela-problemas-con-verstappen\/\" \/>\n<meta property=\"og:site_name\" content=\"Esbozo Deportivo\" \/>\n<meta property=\"article:published_time\" content=\"2026-01-06T05:06:55+00:00\" \/>\n<meta property=\"article:modified_time\" content=\"2026-01-06T05:06:56+00:00\" \/>\n<meta property=\"og:image\" content=\"https:\/\/esbozodeportivo.com\/wp-content\/uploads\/2026\/01\/31ad0be0-7d75-45c3-b8ee-ed6c79ca2720.jpg\" \/>\n\t<meta property=\"og:image:width\" content=\"1440\" \/>\n\t<meta property=\"og:image:height\" content=\"960\" \/>\n\t<meta property=\"og:image:type\" content=\"image\/jpeg\" \/>\n<meta name=\"author\" content=\"Redacci\u00f3n\" \/>\n<meta name=\"twitter:card\" content=\"summary_large_image\" \/>\n<meta name=\"twitter:label1\" content=\"Escrito por\" \/>\n\t<meta name=\"twitter:data1\" content=\"Redacci\u00f3n\" \/>\n\t<meta name=\"twitter:label2\" content=\"Tiempo de lectura\" \/>\n\t<meta name=\"twitter:data2\" content=\"2 minutos\" \/>\n<script type=\"application\/ld+json\" class=\"yoast-schema-graph\">{\"@context\":\"https:\/\/schema.org\",\"@graph\":[{\"@type\":\"Article\",\"@id\":\"https:\/\/esbozodeportivo.com\/index.php\/2026\/01\/05\/checo-revela-problemas-con-verstappen\/#article\",\"isPartOf\":{\"@id\":\"https:\/\/esbozodeportivo.com\/index.php\/2026\/01\/05\/checo-revela-problemas-con-verstappen\/\"},\"author\":{\"name\":\"Redacci\u00f3n\",\"@id\":\"https:\/\/esbozodeportivo.com\/#\/schema\/person\/0f6df9196dfe6740dd0bb31bae50d374\"},\"headline\":\"\u201dCheco\u201d revela problemas con Verstappen\",\"datePublished\":\"2026-01-06T05:06:55+00:00\",\"dateModified\":\"2026-01-06T05:06:56+00:00\",\"mainEntityOfPage\":{\"@id\":\"https:\/\/esbozodeportivo.com\/index.php\/2026\/01\/05\/checo-revela-problemas-con-verstappen\/\"},\"wordCount\":298,\"publisher\":{\"@id\":\"https:\/\/esbozodeportivo.com\/#organization\"},\"image\":{\"@id\":\"https:\/\/esbozodeportivo.com\/index.php\/2026\/01\/05\/checo-revela-problemas-con-verstappen\/#primaryimage\"},\"thumbnailUrl\":\"https:\/\/esbozodeportivo.com\/wp-content\/uploads\/2026\/01\/31ad0be0-7d75-45c3-b8ee-ed6c79ca2720.jpg\",\"articleSection\":[\"F\u00f3rmula Uno\"],\"inLanguage\":\"es\"},{\"@type\":\"WebPage\",\"@id\":\"https:\/\/esbozodeportivo.com\/index.php\/2026\/01\/05\/checo-revela-problemas-con-verstappen\/\",\"url\":\"https:\/\/esbozodeportivo.com\/index.php\/2026\/01\/05\/checo-revela-problemas-con-verstappen\/\",\"name\":\"\u201dCheco\u201d revela problemas con Verstappen - Esbozo Deportivo\",\"isPartOf\":{\"@id\":\"https:\/\/esbozodeportivo.com\/#website\"},\"primaryImageOfPage\":{\"@id\":\"https:\/\/esbozodeportivo.com\/index.php\/2026\/01\/05\/checo-revela-problemas-con-verstappen\/#primaryimage\"},\"image\":{\"@id\":\"https:\/\/esbozodeportivo.com\/index.php\/2026\/01\/05\/checo-revela-problemas-con-verstappen\/#primaryimage\"},\"thumbnailUrl\":\"https:\/\/esbozodeportivo.com\/wp-content\/uploads\/2026\/01\/31ad0be0-7d75-45c3-b8ee-ed6c79ca2720.jpg\",\"datePublished\":\"2026-01-06T05:06:55+00:00\",\"dateModified\":\"2026-01-06T05:06:56+00:00\",\"description\":\"Sergio \u201cCheco\u201d P\u00e9rez afirm\u00f3 que ser compa\u00f1ero de equipo de Max Verstappen fue \u201cel peor trabajo que hay en la F\u00f3rmula 1\u201d.\",\"breadcrumb\":{\"@id\":\"https:\/\/esbozodeportivo.com\/index.php\/2026\/01\/05\/checo-revela-problemas-con-verstappen\/#breadcrumb\"},\"inLanguage\":\"es\",\"potentialAction\":[{\"@type\":\"ReadAction\",\"target\":[\"https:\/\/esbozodeportivo.com\/index.php\/2026\/01\/05\/checo-revela-problemas-con-verstappen\/\"]}]},{\"@type\":\"ImageObject\",\"inLanguage\":\"es\",\"@id\":\"https:\/\/esbozodeportivo.com\/index.php\/2026\/01\/05\/checo-revela-problemas-con-verstappen\/#primaryimage\",\"url\":\"https:\/\/esbozodeportivo.com\/wp-content\/uploads\/2026\/01\/31ad0be0-7d75-45c3-b8ee-ed6c79ca2720.jpg\",\"contentUrl\":\"https:\/\/esbozodeportivo.com\/wp-content\/uploads\/2026\/01\/31ad0be0-7d75-45c3-b8ee-ed6c79ca2720.jpg\",\"width\":1440,\"height\":960},{\"@type\":\"BreadcrumbList\",\"@id\":\"https:\/\/esbozodeportivo.com\/index.php\/2026\/01\/05\/checo-revela-problemas-con-verstappen\/#breadcrumb\",\"itemListElement\":[{\"@type\":\"ListItem\",\"position\":1,\"name\":\"Inicio\",\"item\":\"https:\/\/esbozodeportivo.com\/\"},{\"@type\":\"ListItem\",\"position\":2,\"name\":\"\u201dCheco\u201d revela problemas con Verstappen\"}]},{\"@type\":\"WebSite\",\"@id\":\"https:\/\/esbozodeportivo.com\/#website\",\"url\":\"https:\/\/esbozodeportivo.com\/\",\"name\":\"Esbozo Deportivo\",\"description\":\"Lo m\u00e1s importante del Deporte\",\"publisher\":{\"@id\":\"https:\/\/esbozodeportivo.com\/#organization\"},\"potentialAction\":[{\"@type\":\"SearchAction\",\"target\":{\"@type\":\"EntryPoint\",\"urlTemplate\":\"https:\/\/esbozodeportivo.com\/?s={search_term_string}\"},\"query-input\":{\"@type\":\"PropertyValueSpecification\",\"valueRequired\":true,\"valueName\":\"search_term_string\"}}],\"inLanguage\":\"es\"},{\"@type\":\"Organization\",\"@id\":\"https:\/\/esbozodeportivo.com\/#organization\",\"name\":\"Esbozo Deportivo\",\"url\":\"https:\/\/esbozodeportivo.com\/\",\"logo\":{\"@type\":\"ImageObject\",\"inLanguage\":\"es\",\"@id\":\"https:\/\/esbozodeportivo.com\/#\/schema\/logo\/image\/\",\"url\":\"https:\/\/esbozodeportivo.com\/wp-content\/uploads\/2022\/08\/cropped-Logo-Esbozo-Web-2.png\",\"contentUrl\":\"https:\/\/esbozodeportivo.com\/wp-content\/uploads\/2022\/08\/cropped-Logo-Esbozo-Web-2.png\",\"width\":180,\"height\":50,\"caption\":\"Esbozo Deportivo\"},\"image\":{\"@id\":\"https:\/\/esbozodeportivo.com\/#\/schema\/logo\/image\/\"}},{\"@type\":\"Person\",\"@id\":\"https:\/\/esbozodeportivo.com\/#\/schema\/person\/0f6df9196dfe6740dd0bb31bae50d374\",\"name\":\"Redacci\u00f3n\",\"image\":{\"@type\":\"ImageObject\",\"inLanguage\":\"es\",\"@id\":\"https:\/\/esbozodeportivo.com\/#\/schema\/person\/image\/\",\"url\":\"https:\/\/secure.gravatar.com\/avatar\/f55268a89c3b418f2ef172ff52ab0d09b3e653c58de29539fe329fb93d78ebf3?s=96&d=mm&r=g\",\"contentUrl\":\"https:\/\/secure.gravatar.com\/avatar\/f55268a89c3b418f2ef172ff52ab0d09b3e653c58de29539fe329fb93d78ebf3?s=96&d=mm&r=g\",\"caption\":\"Redacci\u00f3n\"},\"url\":\"https:\/\/esbozodeportivo.com\/index.php\/author\/redaccion\/\"}]}<\/script>\n<!-- \/ Yoast SEO plugin. -->","yoast_head_json":{"title":"\u201dCheco\u201d revela problemas con Verstappen - Esbozo Deportivo","description":"Sergio \u201cCheco\u201d P\u00e9rez afirm\u00f3 que ser compa\u00f1ero de equipo de Max Verstappen fue \u201cel peor trabajo que hay en la F\u00f3rmula 1\u201d.","robots":{"index":"index","follow":"follow","max-snippet":"max-snippet:-1","max-image-preview":"max-image-preview:large","max-video-preview":"max-video-preview:-1"},"canonical":"https:\/\/esbozodeportivo.com\/index.php\/2026\/01\/05\/checo-revela-problemas-con-verstappen\/","og_locale":"es_MX","og_type":"article","og_title":"\u201dCheco\u201d revela problemas con Verstappen - Esbozo Deportivo","og_description":"Sergio \u201cCheco\u201d P\u00e9rez afirm\u00f3 que ser compa\u00f1ero de equipo de Max Verstappen fue \u201cel peor trabajo que hay en la F\u00f3rmula 1\u201d.","og_url":"https:\/\/esbozodeportivo.com\/index.php\/2026\/01\/05\/checo-revela-problemas-con-verstappen\/","og_site_name":"Esbozo Deportivo","article_published_time":"2026-01-06T05:06:55+00:00","article_modified_time":"2026-01-06T05:06:56+00:00","og_image":[{"width":1440,"height":960,"url":"https:\/\/esbozodeportivo.com\/wp-content\/uploads\/2026\/01\/31ad0be0-7d75-45c3-b8ee-ed6c79ca2720.jpg","type":"image\/jpeg"}],"author":"Redacci\u00f3n","twitter_card":"summary_large_image","twitter_misc":{"Escrito por":"Redacci\u00f3n","Tiempo de lectura":"2 minutos"},"schema":{"@context":"https:\/\/schema.org","@graph":[{"@type":"Article","@id":"https:\/\/esbozodeportivo.com\/index.php\/2026\/01\/05\/checo-revela-problemas-con-verstappen\/#article","isPartOf":{"@id":"https:\/\/esbozodeportivo.com\/index.php\/2026\/01\/05\/checo-revela-problemas-con-verstappen\/"},"author":{"name":"Redacci\u00f3n","@id":"https:\/\/esbozodeportivo.com\/#\/schema\/person\/0f6df9196dfe6740dd0bb31bae50d374"},"headline":"\u201dCheco\u201d revela problemas con Verstappen","datePublished":"2026-01-06T05:06:55+00:00","dateModified":"2026-01-06T05:06:56+00:00","mainEntityOfPage":{"@id":"https:\/\/esbozodeportivo.com\/index.php\/2026\/01\/05\/checo-revela-problemas-con-verstappen\/"},"wordCount":298,"publisher":{"@id":"https:\/\/esbozodeportivo.com\/#organization"},"image":{"@id":"https:\/\/esbozodeportivo.com\/index.php\/2026\/01\/05\/checo-revela-problemas-con-verstappen\/#primaryimage"},"thumbnailUrl":"https:\/\/esbozodeportivo.com\/wp-content\/uploads\/2026\/01\/31ad0be0-7d75-45c3-b8ee-ed6c79ca2720.jpg","articleSection":["F\u00f3rmula Uno"],"inLanguage":"es"},{"@type":"WebPage","@id":"https:\/\/esbozodeportivo.com\/index.php\/2026\/01\/05\/checo-revela-problemas-con-verstappen\/","url":"https:\/\/esbozodeportivo.com\/index.php\/2026\/01\/05\/checo-revela-problemas-con-verstappen\/","name":"\u201dCheco\u201d revela problemas con Verstappen - Esbozo Deportivo","isPartOf":{"@id":"https:\/\/esbozodeportivo.com\/#website"},"primaryImageOfPage":{"@id":"https:\/\/esbozodeportivo.com\/index.php\/2026\/01\/05\/checo-revela-problemas-con-verstappen\/#primaryimage"},"image":{"@id":"https:\/\/esbozodeportivo.com\/index.php\/2026\/01\/05\/checo-revela-problemas-con-verstappen\/#primaryimage"},"thumbnailUrl":"https:\/\/esbozodeportivo.com\/wp-content\/uploads\/2026\/01\/31ad0be0-7d75-45c3-b8ee-ed6c79ca2720.jpg","datePublished":"2026-01-06T05:06:55+00:00","dateModified":"2026-01-06T05:06:56+00:00","description":"Sergio \u201cCheco\u201d P\u00e9rez afirm\u00f3 que ser compa\u00f1ero de equipo de Max Verstappen fue \u201cel peor trabajo que hay en la F\u00f3rmula 1\u201d.","breadcrumb":{"@id":"https:\/\/esbozodeportivo.com\/index.php\/2026\/01\/05\/checo-revela-problemas-con-verstappen\/#breadcrumb"},"inLanguage":"es","potentialAction":[{"@type":"ReadAction","target":["https:\/\/esbozodeportivo.com\/index.php\/2026\/01\/05\/checo-revela-problemas-con-verstappen\/"]}]},{"@type":"ImageObject","inLanguage":"es","@id":"https:\/\/esbozodeportivo.com\/index.php\/2026\/01\/05\/checo-revela-problemas-con-verstappen\/#primaryimage","url":"https:\/\/esbozodeportivo.com\/wp-content\/uploads\/2026\/01\/31ad0be0-7d75-45c3-b8ee-ed6c79ca2720.jpg","contentUrl":"https:\/\/esbozodeportivo.com\/wp-content\/uploads\/2026\/01\/31ad0be0-7d75-45c3-b8ee-ed6c79ca2720.jpg","width":1440,"height":960},{"@type":"BreadcrumbList","@id":"https:\/\/esbozodeportivo.com\/index.php\/2026\/01\/05\/checo-revela-problemas-con-verstappen\/#breadcrumb","itemListElement":[{"@type":"ListItem","position":1,"name":"Inicio","item":"https:\/\/esbozodeportivo.com\/"},{"@type":"ListItem","position":2,"name":"\u201dCheco\u201d revela problemas con Verstappen"}]},{"@type":"WebSite","@id":"https:\/\/esbozodeportivo.com\/#website","url":"https:\/\/esbozodeportivo.com\/","name":"Esbozo Deportivo","description":"Lo m\u00e1s importante del Deporte","publisher":{"@id":"https:\/\/esbozodeportivo.com\/#organization"},"potentialAction":[{"@type":"SearchAction","target":{"@type":"EntryPoint","urlTemplate":"https:\/\/esbozodeportivo.com\/?s={search_term_string}"},"query-input":{"@type":"PropertyValueSpecification","valueRequired":true,"valueName":"search_term_string"}}],"inLanguage":"es"},{"@type":"Organization","@id":"https:\/\/esbozodeportivo.com\/#organization","name":"Esbozo Deportivo","url":"https:\/\/esbozodeportivo.com\/","logo":{"@type":"ImageObject","inLanguage":"es","@id":"https:\/\/esbozodeportivo.com\/#\/schema\/logo\/image\/","url":"https:\/\/esbozodeportivo.com\/wp-content\/uploads\/2022\/08\/cropped-Logo-Esbozo-Web-2.png","contentUrl":"https:\/\/esbozodeportivo.com\/wp-content\/uploads\/2022\/08\/cropped-Logo-Esbozo-Web-2.png","width":180,"height":50,"caption":"Esbozo Deportivo"},"image":{"@id":"https:\/\/esbozodeportivo.com\/#\/schema\/logo\/image\/"}},{"@type":"Person","@id":"https:\/\/esbozodeportivo.com\/#\/schema\/person\/0f6df9196dfe6740dd0bb31bae50d374","name":"Redacci\u00f3n","image":{"@type":"ImageObject","inLanguage":"es","@id":"https:\/\/esbozodeportivo.com\/#\/schema\/person\/image\/","url":"https:\/\/secure.gravatar.com\/avatar\/f55268a89c3b418f2ef172ff52ab0d09b3e653c58de29539fe329fb93d78ebf3?s=96&d=mm&r=g","contentUrl":"https:\/\/secure.gravatar.com\/avatar\/f55268a89c3b418f2ef172ff52ab0d09b3e653c58de29539fe329fb93d78ebf3?s=96&d=mm&r=g","caption":"Redacci\u00f3n"},"url":"https:\/\/esbozodeportivo.com\/index.php\/author\/redaccion\/"}]}},"jetpack_featured_media_url":"https:\/\/esbozodeportivo.com\/wp-content\/uploads\/2026\/01\/31ad0be0-7d75-45c3-b8ee-ed6c79ca2720.jpg","jetpack_sharing_enabled":true,"_links":{"self":[{"href":"https:\/\/esbozodeportivo.com\/index.php\/wp-json\/wp\/v2\/posts\/12109","targetHints":{"allow":["GET"]}}],"collection":[{"href":"https:\/\/esbozodeportivo.com\/index.php\/wp-json\/wp\/v2\/posts"}],"about":[{"href":"https:\/\/esbozodeportivo.com\/index.php\/wp-json\/wp\/v2\/types\/post"}],"author":[{"embeddable":true,"href":"https:\/\/esbozodeportivo.com\/index.php\/wp-json\/wp\/v2\/users\/4"}],"replies":[{"embeddable":true,"href":"https:\/\/esbozodeportivo.com\/index.php\/wp-json\/wp\/v2\/comments?post=12109"}],"version-history":[{"count":1,"href":"https:\/\/esbozodeportivo.com\/index.php\/wp-json\/wp\/v2\/posts\/12109\/revisions"}],"predecessor-version":[{"id":12110,"href":"https:\/\/esbozodeportivo.com\/index.php\/wp-json\/wp\/v2\/posts\/12109\/revisions\/12110"}],"wp:featuredmedia":[{"embeddable":true,"href":"https:\/\/esbozodeportivo.com\/index.php\/wp-json\/wp\/v2\/media\/12097"}],"wp:attachment":[{"href":"https:\/\/esbozodeportivo.com\/index.php\/wp-json\/wp\/v2\/media?parent=12109"}],"wp:term":[{"taxonomy":"category","embeddable":true,"href":"https:\/\/esbozodeportivo.com\/index.php\/wp-json\/wp\/v2\/categories?post=12109"},{"taxonomy":"post_tag","embeddable":true,"href":"https:\/\/esbozodeportivo.com\/index.php\/wp-json\/wp\/v2\/tags?post=12109"}],"curies":[{"name":"wp","href":"https:\/\/api.w.org\/{rel}","templated":true}]}}