{"id":12118,"date":"2026-01-06T20:27:55","date_gmt":"2026-01-07T02:27:55","guid":{"rendered":"https:\/\/esbozodeportivo.com\/?p=12118"},"modified":"2026-01-06T20:27:57","modified_gmt":"2026-01-07T02:27:57","slug":"vonn-shiffrin-y-odermatt-por-el-oro","status":"publish","type":"post","link":"https:\/\/esbozodeportivo.com\/index.php\/2026\/01\/06\/vonn-shiffrin-y-odermatt-por-el-oro\/","title":{"rendered":"Vonn, Shiffrin y Odermatt por el oro"},"content":{"rendered":"\n<p>(Foto: Agencias) <\/p>\n\n\n\n<p>El esqu\u00ed alpino en su forma ol\u00edmpica se remonta a m\u00e1s de un siglo y el deporte hizo su debut en los Juegos de 1936 en Garmisch-Partenkirchen, Alemania. Los eventos han sido modificados a lo largo de los a\u00f1os, pero las competiciones individuales, conocidas por la mayor\u00eda de los aficionados, como el descenso y el eslalon, permanecen. Aqu\u00ed est\u00e1 lo que hay que saber sobre los Juegos Ol\u00edmpicos de Invierno en Italia el pr\u00f3ximo mes.<\/p>\n\n\n\n<p>C\u00f3mo funciona<\/p>\n\n\n\n<p>Hay cinco eventos diferentes en el esqu\u00ed alpino en estos Juegos Ol\u00edmpicos tanto para hombres como para mujeres. Los eventos individuales son: descenso, super-G, eslalon gigante y eslalon. Luego est\u00e1 el evento combinado por equipos, que har\u00e1 su debut ol\u00edmpico.<\/p>\n\n\n\n<p>En el descenso y el super-G, tambi\u00e9n conocidos como los \u201ceventos de velocidad\u201d, cada competidor tiene solo un recorrido. El eslalon gigante y el eslalon se disputan en dos carreras, con los 30 mejores finalistas de la primera manga comenzando en orden inverso para la segunda. El combinado por equipos presenta equipos de dos personas con un corredor compitiendo en una carrera de descenso y el otro en una carrera de eslalon, con sus tiempos combinados produciendo los resultados.<\/p>\n\n\n\n<p>A qui\u00e9n observar<\/p>\n\n\n\n<p>Las estadounidenses Mikaela Shiffrin y Lindsey Vonn son dos de las esquiadoras m\u00e1s destacadas de todos los tiempos. Shiffrin sobresale en eslalon y eslalon gigante, mientras que Vonn, de 41 a\u00f1os, se especializa en descenso y super-G. Es posible que puedan formar pareja en el combinado por equipos. El equipo estadounidense tambi\u00e9n incluye a la campeona mundial de descenso Breezy Johnson y Ryan Cochran-Siegle, medallista de plata defensor en super-G.<\/p>\n\n\n\n<p>Los anfitriones italianos tienen un equipo fuerte con Sofia Goggia y Federica Brignone \u2014si regresa a tiempo de una lesi\u00f3n\u2014 y Dominik Paris. El suizo Marco Odermatt es el mejor corredor masculino.<\/p>\n\n\n\n<p>Sedes y fechas<\/p>\n\n\n\n<p>Los eventos masculinos en estos Juegos Ol\u00edmpicos se llevar\u00e1n a cabo en Bormio y los eventos femeninos en Cortina d\u2019Ampezzo. El descenso masculino se disputar\u00e1 el 7 de febrero y el descenso femenino ser\u00e1 al d\u00eda siguiente. El eslalon gigante masculino qued\u00f3 para el 14 de febrero, el femenino el 15 de febrero; y el eslalon masculino ser\u00e1 el 16 de febrero, con el eslalon femenino el 18 de febrero como el \u00faltimo evento alpino.<\/p>\n\n\n\n<p>Momentos memorables<\/p>\n\n\n\n<p>El destacado franc\u00e9s Jean-Claude Killy barri\u00f3 con el oro en los tres eventos masculinos en nieve local en los Juegos de Grenoble 1968.<\/p>\n\n\n\n<p>Shiffrin se convirti\u00f3 en la medallista de oro m\u00e1s joven en eslalon con 18 a\u00f1os en los Juegos de Sochi 2014.<\/p>\n\n\n\n<p>El austriaco Hermann Maeir se recuper\u00f3 de un horrible accidente en descenso en los Juegos de Nagano 1998 para ganar el oro en super-G y eslalon gigante.<\/p>\n\n\n\n<p>Datos curiosos<\/p>\n\n\n\n<p>Alberto Tomba es el esquiador italiano m\u00e1s laureado en la historia ol\u00edmpica con cinco medallas: tres oros y dos platas, ganadas en Calgary en 1988, Albertville en 1992 y Lillehammer en 1994. Aunque es de la zona de Bolonia, Tomba pas\u00f3 muchos inviernos entrenando en Cortina antes de convertirse en una estrella.<\/p>\n\n\n\n<p>Deborah Compagnoni, quien naci\u00f3 en Bormio y se cri\u00f3 en Santa Caterina di Valfurva, gan\u00f3 oros en esqu\u00ed en tres Juegos Ol\u00edmpicos consecutivos: 1992, 1994 y 1998.<\/p>\n\n\n\n<p>El combinado es el evento de esqu\u00ed m\u00e1s antiguo en los Juegos Ol\u00edmpicos, habiendo sido presentado cuando el deporte hizo su debut en 1936 en Garmisch-Partenkirchen. Pero el formato del evento ha cambiado m\u00faltiples veces a lo largo de los a\u00f1os.<\/p>\n\n\n\n<p><\/p>\n","protected":false},"excerpt":{"rendered":"<p>(Foto: Agencias) El esqu\u00ed alpino en su forma ol\u00edmpica se remonta a m\u00e1s de un<\/p>\n","protected":false},"author":4,"featured_media":12119,"comment_status":"closed","ping_status":"open","sticky":false,"template":"","format":"standard","meta":{"_jetpack_memberships_contains_paid_content":false,"footnotes":""},"categories":[117],"tags":[],"class_list":["post-12118","post","type-post","status-publish","format-standard","has-post-thumbnail","hentry","category-juegos-de-invierno"],"yoast_head":"<!-- This site is optimized with the Yoast SEO plugin v25.7 - https:\/\/yoast.com\/wordpress\/plugins\/seo\/ -->\n<title>Vonn, Shiffrin y Odermatt por el oro - Esbozo Deportivo<\/title>\n<meta name=\"description\" content=\"El esqu\u00ed alpino en su forma ol\u00edmpica se remonta a m\u00e1s de un siglo y el deporte hizo su debut en los Juegos de 1936 en Garmisch-Partenkirchen, Alemania. Los eventos han sido modificados a lo largo de los a\u00f1os, pero las competiciones individuales, conocidas por la mayor\u00eda de los aficionados, como el descenso y el eslalon, permanecen. Aqu\u00ed est\u00e1 lo que hay que saber sobre los Juegos Ol\u00edmpicos de Invierno en Italia el pr\u00f3ximo mes.\" \/>\n<meta name=\"robots\" content=\"index, follow, max-snippet:-1, max-image-preview:large, max-video-preview:-1\" \/>\n<link rel=\"canonical\" href=\"https:\/\/esbozodeportivo.com\/index.php\/2026\/01\/06\/vonn-shiffrin-y-odermatt-por-el-oro\/\" \/>\n<meta property=\"og:locale\" content=\"es_MX\" \/>\n<meta property=\"og:type\" content=\"article\" \/>\n<meta property=\"og:title\" content=\"Vonn, Shiffrin y Odermatt por el oro - Esbozo Deportivo\" \/>\n<meta property=\"og:description\" content=\"El esqu\u00ed alpino en su forma ol\u00edmpica se remonta a m\u00e1s de un siglo y el deporte hizo su debut en los Juegos de 1936 en Garmisch-Partenkirchen, Alemania. Los eventos han sido modificados a lo largo de los a\u00f1os, pero las competiciones individuales, conocidas por la mayor\u00eda de los aficionados, como el descenso y el eslalon, permanecen. Aqu\u00ed est\u00e1 lo que hay que saber sobre los Juegos Ol\u00edmpicos de Invierno en Italia el pr\u00f3ximo mes.\" \/>\n<meta property=\"og:url\" content=\"https:\/\/esbozodeportivo.com\/index.php\/2026\/01\/06\/vonn-shiffrin-y-odermatt-por-el-oro\/\" \/>\n<meta property=\"og:site_name\" content=\"Esbozo Deportivo\" \/>\n<meta property=\"article:published_time\" content=\"2026-01-07T02:27:55+00:00\" \/>\n<meta property=\"article:modified_time\" content=\"2026-01-07T02:27:57+00:00\" \/>\n<meta property=\"og:image\" content=\"https:\/\/esbozodeportivo.com\/wp-content\/uploads\/2026\/01\/11f8e671-3f79-4170-a24e-34ac78c0180c.jpg\" \/>\n\t<meta property=\"og:image:width\" content=\"1440\" \/>\n\t<meta property=\"og:image:height\" content=\"960\" \/>\n\t<meta property=\"og:image:type\" content=\"image\/jpeg\" \/>\n<meta name=\"author\" content=\"Redacci\u00f3n\" \/>\n<meta name=\"twitter:card\" content=\"summary_large_image\" \/>\n<meta name=\"twitter:label1\" content=\"Escrito por\" \/>\n\t<meta name=\"twitter:data1\" content=\"Redacci\u00f3n\" \/>\n\t<meta name=\"twitter:label2\" content=\"Tiempo de lectura\" \/>\n\t<meta name=\"twitter:data2\" content=\"3 minutos\" \/>\n<script type=\"application\/ld+json\" class=\"yoast-schema-graph\">{\"@context\":\"https:\/\/schema.org\",\"@graph\":[{\"@type\":\"Article\",\"@id\":\"https:\/\/esbozodeportivo.com\/index.php\/2026\/01\/06\/vonn-shiffrin-y-odermatt-por-el-oro\/#article\",\"isPartOf\":{\"@id\":\"https:\/\/esbozodeportivo.com\/index.php\/2026\/01\/06\/vonn-shiffrin-y-odermatt-por-el-oro\/\"},\"author\":{\"name\":\"Redacci\u00f3n\",\"@id\":\"https:\/\/esbozodeportivo.com\/#\/schema\/person\/0f6df9196dfe6740dd0bb31bae50d374\"},\"headline\":\"Vonn, Shiffrin y Odermatt por el oro\",\"datePublished\":\"2026-01-07T02:27:55+00:00\",\"dateModified\":\"2026-01-07T02:27:57+00:00\",\"mainEntityOfPage\":{\"@id\":\"https:\/\/esbozodeportivo.com\/index.php\/2026\/01\/06\/vonn-shiffrin-y-odermatt-por-el-oro\/\"},\"wordCount\":593,\"publisher\":{\"@id\":\"https:\/\/esbozodeportivo.com\/#organization\"},\"image\":{\"@id\":\"https:\/\/esbozodeportivo.com\/index.php\/2026\/01\/06\/vonn-shiffrin-y-odermatt-por-el-oro\/#primaryimage\"},\"thumbnailUrl\":\"https:\/\/esbozodeportivo.com\/wp-content\/uploads\/2026\/01\/11f8e671-3f79-4170-a24e-34ac78c0180c.jpg\",\"articleSection\":[\"Juegos de Invierno\"],\"inLanguage\":\"es\"},{\"@type\":\"WebPage\",\"@id\":\"https:\/\/esbozodeportivo.com\/index.php\/2026\/01\/06\/vonn-shiffrin-y-odermatt-por-el-oro\/\",\"url\":\"https:\/\/esbozodeportivo.com\/index.php\/2026\/01\/06\/vonn-shiffrin-y-odermatt-por-el-oro\/\",\"name\":\"Vonn, Shiffrin y Odermatt por el oro - Esbozo Deportivo\",\"isPartOf\":{\"@id\":\"https:\/\/esbozodeportivo.com\/#website\"},\"primaryImageOfPage\":{\"@id\":\"https:\/\/esbozodeportivo.com\/index.php\/2026\/01\/06\/vonn-shiffrin-y-odermatt-por-el-oro\/#primaryimage\"},\"image\":{\"@id\":\"https:\/\/esbozodeportivo.com\/index.php\/2026\/01\/06\/vonn-shiffrin-y-odermatt-por-el-oro\/#primaryimage\"},\"thumbnailUrl\":\"https:\/\/esbozodeportivo.com\/wp-content\/uploads\/2026\/01\/11f8e671-3f79-4170-a24e-34ac78c0180c.jpg\",\"datePublished\":\"2026-01-07T02:27:55+00:00\",\"dateModified\":\"2026-01-07T02:27:57+00:00\",\"description\":\"El esqu\u00ed alpino en su forma ol\u00edmpica se remonta a m\u00e1s de un siglo y el deporte hizo su debut en los Juegos de 1936 en Garmisch-Partenkirchen, Alemania. Los eventos han sido modificados a lo largo de los a\u00f1os, pero las competiciones individuales, conocidas por la mayor\u00eda de los aficionados, como el descenso y el eslalon, permanecen. Aqu\u00ed est\u00e1 lo que hay que saber sobre los Juegos Ol\u00edmpicos de Invierno en Italia el pr\u00f3ximo mes.\",\"breadcrumb\":{\"@id\":\"https:\/\/esbozodeportivo.com\/index.php\/2026\/01\/06\/vonn-shiffrin-y-odermatt-por-el-oro\/#breadcrumb\"},\"inLanguage\":\"es\",\"potentialAction\":[{\"@type\":\"ReadAction\",\"target\":[\"https:\/\/esbozodeportivo.com\/index.php\/2026\/01\/06\/vonn-shiffrin-y-odermatt-por-el-oro\/\"]}]},{\"@type\":\"ImageObject\",\"inLanguage\":\"es\",\"@id\":\"https:\/\/esbozodeportivo.com\/index.php\/2026\/01\/06\/vonn-shiffrin-y-odermatt-por-el-oro\/#primaryimage\",\"url\":\"https:\/\/esbozodeportivo.com\/wp-content\/uploads\/2026\/01\/11f8e671-3f79-4170-a24e-34ac78c0180c.jpg\",\"contentUrl\":\"https:\/\/esbozodeportivo.com\/wp-content\/uploads\/2026\/01\/11f8e671-3f79-4170-a24e-34ac78c0180c.jpg\",\"width\":1440,\"height\":960},{\"@type\":\"BreadcrumbList\",\"@id\":\"https:\/\/esbozodeportivo.com\/index.php\/2026\/01\/06\/vonn-shiffrin-y-odermatt-por-el-oro\/#breadcrumb\",\"itemListElement\":[{\"@type\":\"ListItem\",\"position\":1,\"name\":\"Inicio\",\"item\":\"https:\/\/esbozodeportivo.com\/\"},{\"@type\":\"ListItem\",\"position\":2,\"name\":\"Vonn, Shiffrin y Odermatt por el oro\"}]},{\"@type\":\"WebSite\",\"@id\":\"https:\/\/esbozodeportivo.com\/#website\",\"url\":\"https:\/\/esbozodeportivo.com\/\",\"name\":\"Esbozo Deportivo\",\"description\":\"Lo m\u00e1s importante del Deporte\",\"publisher\":{\"@id\":\"https:\/\/esbozodeportivo.com\/#organization\"},\"potentialAction\":[{\"@type\":\"SearchAction\",\"target\":{\"@type\":\"EntryPoint\",\"urlTemplate\":\"https:\/\/esbozodeportivo.com\/?s={search_term_string}\"},\"query-input\":{\"@type\":\"PropertyValueSpecification\",\"valueRequired\":true,\"valueName\":\"search_term_string\"}}],\"inLanguage\":\"es\"},{\"@type\":\"Organization\",\"@id\":\"https:\/\/esbozodeportivo.com\/#organization\",\"name\":\"Esbozo Deportivo\",\"url\":\"https:\/\/esbozodeportivo.com\/\",\"logo\":{\"@type\":\"ImageObject\",\"inLanguage\":\"es\",\"@id\":\"https:\/\/esbozodeportivo.com\/#\/schema\/logo\/image\/\",\"url\":\"https:\/\/esbozodeportivo.com\/wp-content\/uploads\/2022\/08\/cropped-Logo-Esbozo-Web-2.png\",\"contentUrl\":\"https:\/\/esbozodeportivo.com\/wp-content\/uploads\/2022\/08\/cropped-Logo-Esbozo-Web-2.png\",\"width\":180,\"height\":50,\"caption\":\"Esbozo Deportivo\"},\"image\":{\"@id\":\"https:\/\/esbozodeportivo.com\/#\/schema\/logo\/image\/\"}},{\"@type\":\"Person\",\"@id\":\"https:\/\/esbozodeportivo.com\/#\/schema\/person\/0f6df9196dfe6740dd0bb31bae50d374\",\"name\":\"Redacci\u00f3n\",\"image\":{\"@type\":\"ImageObject\",\"inLanguage\":\"es\",\"@id\":\"https:\/\/esbozodeportivo.com\/#\/schema\/person\/image\/\",\"url\":\"https:\/\/secure.gravatar.com\/avatar\/f55268a89c3b418f2ef172ff52ab0d09b3e653c58de29539fe329fb93d78ebf3?s=96&d=mm&r=g\",\"contentUrl\":\"https:\/\/secure.gravatar.com\/avatar\/f55268a89c3b418f2ef172ff52ab0d09b3e653c58de29539fe329fb93d78ebf3?s=96&d=mm&r=g\",\"caption\":\"Redacci\u00f3n\"},\"url\":\"https:\/\/esbozodeportivo.com\/index.php\/author\/redaccion\/\"}]}<\/script>\n<!-- \/ Yoast SEO plugin. -->","yoast_head_json":{"title":"Vonn, Shiffrin y Odermatt por el oro - Esbozo Deportivo","description":"El esqu\u00ed alpino en su forma ol\u00edmpica se remonta a m\u00e1s de un siglo y el deporte hizo su debut en los Juegos de 1936 en Garmisch-Partenkirchen, Alemania. Los eventos han sido modificados a lo largo de los a\u00f1os, pero las competiciones individuales, conocidas por la mayor\u00eda de los aficionados, como el descenso y el eslalon, permanecen. Aqu\u00ed est\u00e1 lo que hay que saber sobre los Juegos Ol\u00edmpicos de Invierno en Italia el pr\u00f3ximo mes.","robots":{"index":"index","follow":"follow","max-snippet":"max-snippet:-1","max-image-preview":"max-image-preview:large","max-video-preview":"max-video-preview:-1"},"canonical":"https:\/\/esbozodeportivo.com\/index.php\/2026\/01\/06\/vonn-shiffrin-y-odermatt-por-el-oro\/","og_locale":"es_MX","og_type":"article","og_title":"Vonn, Shiffrin y Odermatt por el oro - Esbozo Deportivo","og_description":"El esqu\u00ed alpino en su forma ol\u00edmpica se remonta a m\u00e1s de un siglo y el deporte hizo su debut en los Juegos de 1936 en Garmisch-Partenkirchen, Alemania. Los eventos han sido modificados a lo largo de los a\u00f1os, pero las competiciones individuales, conocidas por la mayor\u00eda de los aficionados, como el descenso y el eslalon, permanecen. Aqu\u00ed est\u00e1 lo que hay que saber sobre los Juegos Ol\u00edmpicos de Invierno en Italia el pr\u00f3ximo mes.","og_url":"https:\/\/esbozodeportivo.com\/index.php\/2026\/01\/06\/vonn-shiffrin-y-odermatt-por-el-oro\/","og_site_name":"Esbozo Deportivo","article_published_time":"2026-01-07T02:27:55+00:00","article_modified_time":"2026-01-07T02:27:57+00:00","og_image":[{"width":1440,"height":960,"url":"https:\/\/esbozodeportivo.com\/wp-content\/uploads\/2026\/01\/11f8e671-3f79-4170-a24e-34ac78c0180c.jpg","type":"image\/jpeg"}],"author":"Redacci\u00f3n","twitter_card":"summary_large_image","twitter_misc":{"Escrito por":"Redacci\u00f3n","Tiempo de lectura":"3 minutos"},"schema":{"@context":"https:\/\/schema.org","@graph":[{"@type":"Article","@id":"https:\/\/esbozodeportivo.com\/index.php\/2026\/01\/06\/vonn-shiffrin-y-odermatt-por-el-oro\/#article","isPartOf":{"@id":"https:\/\/esbozodeportivo.com\/index.php\/2026\/01\/06\/vonn-shiffrin-y-odermatt-por-el-oro\/"},"author":{"name":"Redacci\u00f3n","@id":"https:\/\/esbozodeportivo.com\/#\/schema\/person\/0f6df9196dfe6740dd0bb31bae50d374"},"headline":"Vonn, Shiffrin y Odermatt por el oro","datePublished":"2026-01-07T02:27:55+00:00","dateModified":"2026-01-07T02:27:57+00:00","mainEntityOfPage":{"@id":"https:\/\/esbozodeportivo.com\/index.php\/2026\/01\/06\/vonn-shiffrin-y-odermatt-por-el-oro\/"},"wordCount":593,"publisher":{"@id":"https:\/\/esbozodeportivo.com\/#organization"},"image":{"@id":"https:\/\/esbozodeportivo.com\/index.php\/2026\/01\/06\/vonn-shiffrin-y-odermatt-por-el-oro\/#primaryimage"},"thumbnailUrl":"https:\/\/esbozodeportivo.com\/wp-content\/uploads\/2026\/01\/11f8e671-3f79-4170-a24e-34ac78c0180c.jpg","articleSection":["Juegos de Invierno"],"inLanguage":"es"},{"@type":"WebPage","@id":"https:\/\/esbozodeportivo.com\/index.php\/2026\/01\/06\/vonn-shiffrin-y-odermatt-por-el-oro\/","url":"https:\/\/esbozodeportivo.com\/index.php\/2026\/01\/06\/vonn-shiffrin-y-odermatt-por-el-oro\/","name":"Vonn, Shiffrin y Odermatt por el oro - Esbozo Deportivo","isPartOf":{"@id":"https:\/\/esbozodeportivo.com\/#website"},"primaryImageOfPage":{"@id":"https:\/\/esbozodeportivo.com\/index.php\/2026\/01\/06\/vonn-shiffrin-y-odermatt-por-el-oro\/#primaryimage"},"image":{"@id":"https:\/\/esbozodeportivo.com\/index.php\/2026\/01\/06\/vonn-shiffrin-y-odermatt-por-el-oro\/#primaryimage"},"thumbnailUrl":"https:\/\/esbozodeportivo.com\/wp-content\/uploads\/2026\/01\/11f8e671-3f79-4170-a24e-34ac78c0180c.jpg","datePublished":"2026-01-07T02:27:55+00:00","dateModified":"2026-01-07T02:27:57+00:00","description":"El esqu\u00ed alpino en su forma ol\u00edmpica se remonta a m\u00e1s de un siglo y el deporte hizo su debut en los Juegos de 1936 en Garmisch-Partenkirchen, Alemania. Los eventos han sido modificados a lo largo de los a\u00f1os, pero las competiciones individuales, conocidas por la mayor\u00eda de los aficionados, como el descenso y el eslalon, permanecen. Aqu\u00ed est\u00e1 lo que hay que saber sobre los Juegos Ol\u00edmpicos de Invierno en Italia el pr\u00f3ximo mes.","breadcrumb":{"@id":"https:\/\/esbozodeportivo.com\/index.php\/2026\/01\/06\/vonn-shiffrin-y-odermatt-por-el-oro\/#breadcrumb"},"inLanguage":"es","potentialAction":[{"@type":"ReadAction","target":["https:\/\/esbozodeportivo.com\/index.php\/2026\/01\/06\/vonn-shiffrin-y-odermatt-por-el-oro\/"]}]},{"@type":"ImageObject","inLanguage":"es","@id":"https:\/\/esbozodeportivo.com\/index.php\/2026\/01\/06\/vonn-shiffrin-y-odermatt-por-el-oro\/#primaryimage","url":"https:\/\/esbozodeportivo.com\/wp-content\/uploads\/2026\/01\/11f8e671-3f79-4170-a24e-34ac78c0180c.jpg","contentUrl":"https:\/\/esbozodeportivo.com\/wp-content\/uploads\/2026\/01\/11f8e671-3f79-4170-a24e-34ac78c0180c.jpg","width":1440,"height":960},{"@type":"BreadcrumbList","@id":"https:\/\/esbozodeportivo.com\/index.php\/2026\/01\/06\/vonn-shiffrin-y-odermatt-por-el-oro\/#breadcrumb","itemListElement":[{"@type":"ListItem","position":1,"name":"Inicio","item":"https:\/\/esbozodeportivo.com\/"},{"@type":"ListItem","position":2,"name":"Vonn, Shiffrin y Odermatt por el oro"}]},{"@type":"WebSite","@id":"https:\/\/esbozodeportivo.com\/#website","url":"https:\/\/esbozodeportivo.com\/","name":"Esbozo Deportivo","description":"Lo m\u00e1s importante del Deporte","publisher":{"@id":"https:\/\/esbozodeportivo.com\/#organization"},"potentialAction":[{"@type":"SearchAction","target":{"@type":"EntryPoint","urlTemplate":"https:\/\/esbozodeportivo.com\/?s={search_term_string}"},"query-input":{"@type":"PropertyValueSpecification","valueRequired":true,"valueName":"search_term_string"}}],"inLanguage":"es"},{"@type":"Organization","@id":"https:\/\/esbozodeportivo.com\/#organization","name":"Esbozo Deportivo","url":"https:\/\/esbozodeportivo.com\/","logo":{"@type":"ImageObject","inLanguage":"es","@id":"https:\/\/esbozodeportivo.com\/#\/schema\/logo\/image\/","url":"https:\/\/esbozodeportivo.com\/wp-content\/uploads\/2022\/08\/cropped-Logo-Esbozo-Web-2.png","contentUrl":"https:\/\/esbozodeportivo.com\/wp-content\/uploads\/2022\/08\/cropped-Logo-Esbozo-Web-2.png","width":180,"height":50,"caption":"Esbozo Deportivo"},"image":{"@id":"https:\/\/esbozodeportivo.com\/#\/schema\/logo\/image\/"}},{"@type":"Person","@id":"https:\/\/esbozodeportivo.com\/#\/schema\/person\/0f6df9196dfe6740dd0bb31bae50d374","name":"Redacci\u00f3n","image":{"@type":"ImageObject","inLanguage":"es","@id":"https:\/\/esbozodeportivo.com\/#\/schema\/person\/image\/","url":"https:\/\/secure.gravatar.com\/avatar\/f55268a89c3b418f2ef172ff52ab0d09b3e653c58de29539fe329fb93d78ebf3?s=96&d=mm&r=g","contentUrl":"https:\/\/secure.gravatar.com\/avatar\/f55268a89c3b418f2ef172ff52ab0d09b3e653c58de29539fe329fb93d78ebf3?s=96&d=mm&r=g","caption":"Redacci\u00f3n"},"url":"https:\/\/esbozodeportivo.com\/index.php\/author\/redaccion\/"}]}},"jetpack_featured_media_url":"https:\/\/esbozodeportivo.com\/wp-content\/uploads\/2026\/01\/11f8e671-3f79-4170-a24e-34ac78c0180c.jpg","jetpack_sharing_enabled":true,"_links":{"self":[{"href":"https:\/\/esbozodeportivo.com\/index.php\/wp-json\/wp\/v2\/posts\/12118","targetHints":{"allow":["GET"]}}],"collection":[{"href":"https:\/\/esbozodeportivo.com\/index.php\/wp-json\/wp\/v2\/posts"}],"about":[{"href":"https:\/\/esbozodeportivo.com\/index.php\/wp-json\/wp\/v2\/types\/post"}],"author":[{"embeddable":true,"href":"https:\/\/esbozodeportivo.com\/index.php\/wp-json\/wp\/v2\/users\/4"}],"replies":[{"embeddable":true,"href":"https:\/\/esbozodeportivo.com\/index.php\/wp-json\/wp\/v2\/comments?post=12118"}],"version-history":[{"count":1,"href":"https:\/\/esbozodeportivo.com\/index.php\/wp-json\/wp\/v2\/posts\/12118\/revisions"}],"predecessor-version":[{"id":12124,"href":"https:\/\/esbozodeportivo.com\/index.php\/wp-json\/wp\/v2\/posts\/12118\/revisions\/12124"}],"wp:featuredmedia":[{"embeddable":true,"href":"https:\/\/esbozodeportivo.com\/index.php\/wp-json\/wp\/v2\/media\/12119"}],"wp:attachment":[{"href":"https:\/\/esbozodeportivo.com\/index.php\/wp-json\/wp\/v2\/media?parent=12118"}],"wp:term":[{"taxonomy":"category","embeddable":true,"href":"https:\/\/esbozodeportivo.com\/index.php\/wp-json\/wp\/v2\/categories?post=12118"},{"taxonomy":"post_tag","embeddable":true,"href":"https:\/\/esbozodeportivo.com\/index.php\/wp-json\/wp\/v2\/tags?post=12118"}],"curies":[{"name":"wp","href":"https:\/\/api.w.org\/{rel}","templated":true}]}}