{"id":12127,"date":"2026-01-06T20:32:09","date_gmt":"2026-01-07T02:32:09","guid":{"rendered":"https:\/\/esbozodeportivo.com\/?p=12127"},"modified":"2026-01-06T20:32:10","modified_gmt":"2026-01-07T02:32:10","slug":"mbappe-se-pierde-la-supercopa","status":"publish","type":"post","link":"https:\/\/esbozodeportivo.com\/index.php\/2026\/01\/06\/mbappe-se-pierde-la-supercopa\/","title":{"rendered":"Mbapp\u00e9 se pierde la Supercopa"},"content":{"rendered":"\n<p>(Foto: Agencias) <\/p>\n\n\n\n<p>Kylian Mbapp\u00e9 qued\u00f3 descartado de la convocatoria del Real Madrid para la Supercopa de Espa\u00f1a debido a la lesi\u00f3n de rodilla izquierda que padece el delantero franc\u00e9s.<\/p>\n\n\n\n<p>Mbapp\u00e9 no se pudo recuperar a tiempo. Se trata de la principal baja del Madrid para el torneo en Yeda, Arabia Saud\u00ed. Enfrentar\u00e1n al Atl\u00e9tico de Madrid en la segunda semifinal el jueves.<\/p>\n\n\n\n<p>El Madrid divulg\u00f3 el martes la lista de convocados del t\u00e9cnico Xabi Alonso para la Superliga y la misma no incluy\u00f3 a Mbapp\u00e9, quien tampoco estuvo disponible en la victoria 5-1 en casa ante el Real Betis el domingo.<\/p>\n\n\n\n<p>Seg\u00fan versiones de prensa, Mbapp\u00e9 lleva semanas arrastrando molestias en el ligamento lateral de su rodilla.<\/p>\n\n\n\n<p>El delantero ha estado en gran forma esta temporada. A principios de este mes, Mbapp\u00e9 anot\u00f3 su gol n\u00famero 59 para el Madrid en 2025, igualando el r\u00e9cord del club de m\u00e1s goles en un a\u00f1o, que ostentaba Cristiano Ronaldo.<\/p>\n\n\n\n<p>El ex del Paris Saint-Germain, que se uni\u00f3 al Madrid en el verano de 2024, ha marcado 29 veces para los merengues esta temporada, incluyendo 18 en La Liga espa\u00f1ola para liderar la tabla de goleadores.<\/p>\n\n\n\n<p><\/p>\n","protected":false},"excerpt":{"rendered":"<p>(Foto: Agencias) Kylian Mbapp\u00e9 qued\u00f3 descartado de la convocatoria del Real Madrid para la Supercopa<\/p>\n","protected":false},"author":4,"featured_media":12122,"comment_status":"closed","ping_status":"open","sticky":false,"template":"","format":"standard","meta":{"_jetpack_memberships_contains_paid_content":false,"footnotes":""},"categories":[43],"tags":[],"class_list":["post-12127","post","type-post","status-publish","format-standard","has-post-thumbnail","hentry","category-futbol-espanol"],"yoast_head":"<!-- This site is optimized with the Yoast SEO plugin v25.7 - https:\/\/yoast.com\/wordpress\/plugins\/seo\/ -->\n<title>Mbapp\u00e9 se pierde la Supercopa - Esbozo Deportivo<\/title>\n<meta name=\"description\" content=\"Kylian Mbapp\u00e9 qued\u00f3 descartado de la convocatoria del Real Madrid para la Supercopa de Espa\u00f1a debido a la lesi\u00f3n de rodilla izquierda que padece el delantero franc\u00e9s.\" \/>\n<meta name=\"robots\" content=\"index, follow, max-snippet:-1, max-image-preview:large, max-video-preview:-1\" \/>\n<link rel=\"canonical\" href=\"https:\/\/esbozodeportivo.com\/index.php\/2026\/01\/06\/mbappe-se-pierde-la-supercopa\/\" \/>\n<meta property=\"og:locale\" content=\"es_MX\" \/>\n<meta property=\"og:type\" content=\"article\" \/>\n<meta property=\"og:title\" content=\"Mbapp\u00e9 se pierde la Supercopa - Esbozo Deportivo\" \/>\n<meta property=\"og:description\" content=\"Kylian Mbapp\u00e9 qued\u00f3 descartado de la convocatoria del Real Madrid para la Supercopa de Espa\u00f1a debido a la lesi\u00f3n de rodilla izquierda que padece el delantero franc\u00e9s.\" \/>\n<meta property=\"og:url\" content=\"https:\/\/esbozodeportivo.com\/index.php\/2026\/01\/06\/mbappe-se-pierde-la-supercopa\/\" \/>\n<meta property=\"og:site_name\" content=\"Esbozo Deportivo\" \/>\n<meta property=\"article:published_time\" content=\"2026-01-07T02:32:09+00:00\" \/>\n<meta property=\"article:modified_time\" content=\"2026-01-07T02:32:10+00:00\" \/>\n<meta property=\"og:image\" content=\"https:\/\/esbozodeportivo.com\/wp-content\/uploads\/2026\/01\/b786d440-ccb5-43f5-a50a-69190a411c71.jpg\" \/>\n\t<meta property=\"og:image:width\" content=\"980\" \/>\n\t<meta property=\"og:image:height\" content=\"653\" \/>\n\t<meta property=\"og:image:type\" content=\"image\/jpeg\" \/>\n<meta name=\"author\" content=\"Redacci\u00f3n\" \/>\n<meta name=\"twitter:card\" content=\"summary_large_image\" \/>\n<meta name=\"twitter:label1\" content=\"Escrito por\" \/>\n\t<meta name=\"twitter:data1\" content=\"Redacci\u00f3n\" \/>\n\t<meta name=\"twitter:label2\" content=\"Tiempo de lectura\" \/>\n\t<meta name=\"twitter:data2\" content=\"2 minutos\" \/>\n<script type=\"application\/ld+json\" class=\"yoast-schema-graph\">{\"@context\":\"https:\/\/schema.org\",\"@graph\":[{\"@type\":\"Article\",\"@id\":\"https:\/\/esbozodeportivo.com\/index.php\/2026\/01\/06\/mbappe-se-pierde-la-supercopa\/#article\",\"isPartOf\":{\"@id\":\"https:\/\/esbozodeportivo.com\/index.php\/2026\/01\/06\/mbappe-se-pierde-la-supercopa\/\"},\"author\":{\"name\":\"Redacci\u00f3n\",\"@id\":\"https:\/\/esbozodeportivo.com\/#\/schema\/person\/0f6df9196dfe6740dd0bb31bae50d374\"},\"headline\":\"Mbapp\u00e9 se pierde la Supercopa\",\"datePublished\":\"2026-01-07T02:32:09+00:00\",\"dateModified\":\"2026-01-07T02:32:10+00:00\",\"mainEntityOfPage\":{\"@id\":\"https:\/\/esbozodeportivo.com\/index.php\/2026\/01\/06\/mbappe-se-pierde-la-supercopa\/\"},\"wordCount\":205,\"publisher\":{\"@id\":\"https:\/\/esbozodeportivo.com\/#organization\"},\"image\":{\"@id\":\"https:\/\/esbozodeportivo.com\/index.php\/2026\/01\/06\/mbappe-se-pierde-la-supercopa\/#primaryimage\"},\"thumbnailUrl\":\"https:\/\/esbozodeportivo.com\/wp-content\/uploads\/2026\/01\/b786d440-ccb5-43f5-a50a-69190a411c71.jpg\",\"articleSection\":[\"Futbol Espa\u00f1ol\"],\"inLanguage\":\"es\"},{\"@type\":\"WebPage\",\"@id\":\"https:\/\/esbozodeportivo.com\/index.php\/2026\/01\/06\/mbappe-se-pierde-la-supercopa\/\",\"url\":\"https:\/\/esbozodeportivo.com\/index.php\/2026\/01\/06\/mbappe-se-pierde-la-supercopa\/\",\"name\":\"Mbapp\u00e9 se pierde la Supercopa - Esbozo Deportivo\",\"isPartOf\":{\"@id\":\"https:\/\/esbozodeportivo.com\/#website\"},\"primaryImageOfPage\":{\"@id\":\"https:\/\/esbozodeportivo.com\/index.php\/2026\/01\/06\/mbappe-se-pierde-la-supercopa\/#primaryimage\"},\"image\":{\"@id\":\"https:\/\/esbozodeportivo.com\/index.php\/2026\/01\/06\/mbappe-se-pierde-la-supercopa\/#primaryimage\"},\"thumbnailUrl\":\"https:\/\/esbozodeportivo.com\/wp-content\/uploads\/2026\/01\/b786d440-ccb5-43f5-a50a-69190a411c71.jpg\",\"datePublished\":\"2026-01-07T02:32:09+00:00\",\"dateModified\":\"2026-01-07T02:32:10+00:00\",\"description\":\"Kylian Mbapp\u00e9 qued\u00f3 descartado de la convocatoria del Real Madrid para la Supercopa de Espa\u00f1a debido a la lesi\u00f3n de rodilla izquierda que padece el delantero franc\u00e9s.\",\"breadcrumb\":{\"@id\":\"https:\/\/esbozodeportivo.com\/index.php\/2026\/01\/06\/mbappe-se-pierde-la-supercopa\/#breadcrumb\"},\"inLanguage\":\"es\",\"potentialAction\":[{\"@type\":\"ReadAction\",\"target\":[\"https:\/\/esbozodeportivo.com\/index.php\/2026\/01\/06\/mbappe-se-pierde-la-supercopa\/\"]}]},{\"@type\":\"ImageObject\",\"inLanguage\":\"es\",\"@id\":\"https:\/\/esbozodeportivo.com\/index.php\/2026\/01\/06\/mbappe-se-pierde-la-supercopa\/#primaryimage\",\"url\":\"https:\/\/esbozodeportivo.com\/wp-content\/uploads\/2026\/01\/b786d440-ccb5-43f5-a50a-69190a411c71.jpg\",\"contentUrl\":\"https:\/\/esbozodeportivo.com\/wp-content\/uploads\/2026\/01\/b786d440-ccb5-43f5-a50a-69190a411c71.jpg\",\"width\":980,\"height\":653},{\"@type\":\"BreadcrumbList\",\"@id\":\"https:\/\/esbozodeportivo.com\/index.php\/2026\/01\/06\/mbappe-se-pierde-la-supercopa\/#breadcrumb\",\"itemListElement\":[{\"@type\":\"ListItem\",\"position\":1,\"name\":\"Inicio\",\"item\":\"https:\/\/esbozodeportivo.com\/\"},{\"@type\":\"ListItem\",\"position\":2,\"name\":\"Mbapp\u00e9 se pierde la Supercopa\"}]},{\"@type\":\"WebSite\",\"@id\":\"https:\/\/esbozodeportivo.com\/#website\",\"url\":\"https:\/\/esbozodeportivo.com\/\",\"name\":\"Esbozo Deportivo\",\"description\":\"Lo m\u00e1s importante del Deporte\",\"publisher\":{\"@id\":\"https:\/\/esbozodeportivo.com\/#organization\"},\"potentialAction\":[{\"@type\":\"SearchAction\",\"target\":{\"@type\":\"EntryPoint\",\"urlTemplate\":\"https:\/\/esbozodeportivo.com\/?s={search_term_string}\"},\"query-input\":{\"@type\":\"PropertyValueSpecification\",\"valueRequired\":true,\"valueName\":\"search_term_string\"}}],\"inLanguage\":\"es\"},{\"@type\":\"Organization\",\"@id\":\"https:\/\/esbozodeportivo.com\/#organization\",\"name\":\"Esbozo Deportivo\",\"url\":\"https:\/\/esbozodeportivo.com\/\",\"logo\":{\"@type\":\"ImageObject\",\"inLanguage\":\"es\",\"@id\":\"https:\/\/esbozodeportivo.com\/#\/schema\/logo\/image\/\",\"url\":\"https:\/\/esbozodeportivo.com\/wp-content\/uploads\/2022\/08\/cropped-Logo-Esbozo-Web-2.png\",\"contentUrl\":\"https:\/\/esbozodeportivo.com\/wp-content\/uploads\/2022\/08\/cropped-Logo-Esbozo-Web-2.png\",\"width\":180,\"height\":50,\"caption\":\"Esbozo Deportivo\"},\"image\":{\"@id\":\"https:\/\/esbozodeportivo.com\/#\/schema\/logo\/image\/\"}},{\"@type\":\"Person\",\"@id\":\"https:\/\/esbozodeportivo.com\/#\/schema\/person\/0f6df9196dfe6740dd0bb31bae50d374\",\"name\":\"Redacci\u00f3n\",\"image\":{\"@type\":\"ImageObject\",\"inLanguage\":\"es\",\"@id\":\"https:\/\/esbozodeportivo.com\/#\/schema\/person\/image\/\",\"url\":\"https:\/\/secure.gravatar.com\/avatar\/f55268a89c3b418f2ef172ff52ab0d09b3e653c58de29539fe329fb93d78ebf3?s=96&d=mm&r=g\",\"contentUrl\":\"https:\/\/secure.gravatar.com\/avatar\/f55268a89c3b418f2ef172ff52ab0d09b3e653c58de29539fe329fb93d78ebf3?s=96&d=mm&r=g\",\"caption\":\"Redacci\u00f3n\"},\"url\":\"https:\/\/esbozodeportivo.com\/index.php\/author\/redaccion\/\"}]}<\/script>\n<!-- \/ Yoast SEO plugin. -->","yoast_head_json":{"title":"Mbapp\u00e9 se pierde la Supercopa - Esbozo Deportivo","description":"Kylian Mbapp\u00e9 qued\u00f3 descartado de la convocatoria del Real Madrid para la Supercopa de Espa\u00f1a debido a la lesi\u00f3n de rodilla izquierda que padece el delantero franc\u00e9s.","robots":{"index":"index","follow":"follow","max-snippet":"max-snippet:-1","max-image-preview":"max-image-preview:large","max-video-preview":"max-video-preview:-1"},"canonical":"https:\/\/esbozodeportivo.com\/index.php\/2026\/01\/06\/mbappe-se-pierde-la-supercopa\/","og_locale":"es_MX","og_type":"article","og_title":"Mbapp\u00e9 se pierde la Supercopa - Esbozo Deportivo","og_description":"Kylian Mbapp\u00e9 qued\u00f3 descartado de la convocatoria del Real Madrid para la Supercopa de Espa\u00f1a debido a la lesi\u00f3n de rodilla izquierda que padece el delantero franc\u00e9s.","og_url":"https:\/\/esbozodeportivo.com\/index.php\/2026\/01\/06\/mbappe-se-pierde-la-supercopa\/","og_site_name":"Esbozo Deportivo","article_published_time":"2026-01-07T02:32:09+00:00","article_modified_time":"2026-01-07T02:32:10+00:00","og_image":[{"width":980,"height":653,"url":"https:\/\/esbozodeportivo.com\/wp-content\/uploads\/2026\/01\/b786d440-ccb5-43f5-a50a-69190a411c71.jpg","type":"image\/jpeg"}],"author":"Redacci\u00f3n","twitter_card":"summary_large_image","twitter_misc":{"Escrito por":"Redacci\u00f3n","Tiempo de lectura":"2 minutos"},"schema":{"@context":"https:\/\/schema.org","@graph":[{"@type":"Article","@id":"https:\/\/esbozodeportivo.com\/index.php\/2026\/01\/06\/mbappe-se-pierde-la-supercopa\/#article","isPartOf":{"@id":"https:\/\/esbozodeportivo.com\/index.php\/2026\/01\/06\/mbappe-se-pierde-la-supercopa\/"},"author":{"name":"Redacci\u00f3n","@id":"https:\/\/esbozodeportivo.com\/#\/schema\/person\/0f6df9196dfe6740dd0bb31bae50d374"},"headline":"Mbapp\u00e9 se pierde la Supercopa","datePublished":"2026-01-07T02:32:09+00:00","dateModified":"2026-01-07T02:32:10+00:00","mainEntityOfPage":{"@id":"https:\/\/esbozodeportivo.com\/index.php\/2026\/01\/06\/mbappe-se-pierde-la-supercopa\/"},"wordCount":205,"publisher":{"@id":"https:\/\/esbozodeportivo.com\/#organization"},"image":{"@id":"https:\/\/esbozodeportivo.com\/index.php\/2026\/01\/06\/mbappe-se-pierde-la-supercopa\/#primaryimage"},"thumbnailUrl":"https:\/\/esbozodeportivo.com\/wp-content\/uploads\/2026\/01\/b786d440-ccb5-43f5-a50a-69190a411c71.jpg","articleSection":["Futbol Espa\u00f1ol"],"inLanguage":"es"},{"@type":"WebPage","@id":"https:\/\/esbozodeportivo.com\/index.php\/2026\/01\/06\/mbappe-se-pierde-la-supercopa\/","url":"https:\/\/esbozodeportivo.com\/index.php\/2026\/01\/06\/mbappe-se-pierde-la-supercopa\/","name":"Mbapp\u00e9 se pierde la Supercopa - Esbozo Deportivo","isPartOf":{"@id":"https:\/\/esbozodeportivo.com\/#website"},"primaryImageOfPage":{"@id":"https:\/\/esbozodeportivo.com\/index.php\/2026\/01\/06\/mbappe-se-pierde-la-supercopa\/#primaryimage"},"image":{"@id":"https:\/\/esbozodeportivo.com\/index.php\/2026\/01\/06\/mbappe-se-pierde-la-supercopa\/#primaryimage"},"thumbnailUrl":"https:\/\/esbozodeportivo.com\/wp-content\/uploads\/2026\/01\/b786d440-ccb5-43f5-a50a-69190a411c71.jpg","datePublished":"2026-01-07T02:32:09+00:00","dateModified":"2026-01-07T02:32:10+00:00","description":"Kylian Mbapp\u00e9 qued\u00f3 descartado de la convocatoria del Real Madrid para la Supercopa de Espa\u00f1a debido a la lesi\u00f3n de rodilla izquierda que padece el delantero franc\u00e9s.","breadcrumb":{"@id":"https:\/\/esbozodeportivo.com\/index.php\/2026\/01\/06\/mbappe-se-pierde-la-supercopa\/#breadcrumb"},"inLanguage":"es","potentialAction":[{"@type":"ReadAction","target":["https:\/\/esbozodeportivo.com\/index.php\/2026\/01\/06\/mbappe-se-pierde-la-supercopa\/"]}]},{"@type":"ImageObject","inLanguage":"es","@id":"https:\/\/esbozodeportivo.com\/index.php\/2026\/01\/06\/mbappe-se-pierde-la-supercopa\/#primaryimage","url":"https:\/\/esbozodeportivo.com\/wp-content\/uploads\/2026\/01\/b786d440-ccb5-43f5-a50a-69190a411c71.jpg","contentUrl":"https:\/\/esbozodeportivo.com\/wp-content\/uploads\/2026\/01\/b786d440-ccb5-43f5-a50a-69190a411c71.jpg","width":980,"height":653},{"@type":"BreadcrumbList","@id":"https:\/\/esbozodeportivo.com\/index.php\/2026\/01\/06\/mbappe-se-pierde-la-supercopa\/#breadcrumb","itemListElement":[{"@type":"ListItem","position":1,"name":"Inicio","item":"https:\/\/esbozodeportivo.com\/"},{"@type":"ListItem","position":2,"name":"Mbapp\u00e9 se pierde la Supercopa"}]},{"@type":"WebSite","@id":"https:\/\/esbozodeportivo.com\/#website","url":"https:\/\/esbozodeportivo.com\/","name":"Esbozo Deportivo","description":"Lo m\u00e1s importante del Deporte","publisher":{"@id":"https:\/\/esbozodeportivo.com\/#organization"},"potentialAction":[{"@type":"SearchAction","target":{"@type":"EntryPoint","urlTemplate":"https:\/\/esbozodeportivo.com\/?s={search_term_string}"},"query-input":{"@type":"PropertyValueSpecification","valueRequired":true,"valueName":"search_term_string"}}],"inLanguage":"es"},{"@type":"Organization","@id":"https:\/\/esbozodeportivo.com\/#organization","name":"Esbozo Deportivo","url":"https:\/\/esbozodeportivo.com\/","logo":{"@type":"ImageObject","inLanguage":"es","@id":"https:\/\/esbozodeportivo.com\/#\/schema\/logo\/image\/","url":"https:\/\/esbozodeportivo.com\/wp-content\/uploads\/2022\/08\/cropped-Logo-Esbozo-Web-2.png","contentUrl":"https:\/\/esbozodeportivo.com\/wp-content\/uploads\/2022\/08\/cropped-Logo-Esbozo-Web-2.png","width":180,"height":50,"caption":"Esbozo Deportivo"},"image":{"@id":"https:\/\/esbozodeportivo.com\/#\/schema\/logo\/image\/"}},{"@type":"Person","@id":"https:\/\/esbozodeportivo.com\/#\/schema\/person\/0f6df9196dfe6740dd0bb31bae50d374","name":"Redacci\u00f3n","image":{"@type":"ImageObject","inLanguage":"es","@id":"https:\/\/esbozodeportivo.com\/#\/schema\/person\/image\/","url":"https:\/\/secure.gravatar.com\/avatar\/f55268a89c3b418f2ef172ff52ab0d09b3e653c58de29539fe329fb93d78ebf3?s=96&d=mm&r=g","contentUrl":"https:\/\/secure.gravatar.com\/avatar\/f55268a89c3b418f2ef172ff52ab0d09b3e653c58de29539fe329fb93d78ebf3?s=96&d=mm&r=g","caption":"Redacci\u00f3n"},"url":"https:\/\/esbozodeportivo.com\/index.php\/author\/redaccion\/"}]}},"jetpack_featured_media_url":"https:\/\/esbozodeportivo.com\/wp-content\/uploads\/2026\/01\/b786d440-ccb5-43f5-a50a-69190a411c71.jpg","jetpack_sharing_enabled":true,"_links":{"self":[{"href":"https:\/\/esbozodeportivo.com\/index.php\/wp-json\/wp\/v2\/posts\/12127","targetHints":{"allow":["GET"]}}],"collection":[{"href":"https:\/\/esbozodeportivo.com\/index.php\/wp-json\/wp\/v2\/posts"}],"about":[{"href":"https:\/\/esbozodeportivo.com\/index.php\/wp-json\/wp\/v2\/types\/post"}],"author":[{"embeddable":true,"href":"https:\/\/esbozodeportivo.com\/index.php\/wp-json\/wp\/v2\/users\/4"}],"replies":[{"embeddable":true,"href":"https:\/\/esbozodeportivo.com\/index.php\/wp-json\/wp\/v2\/comments?post=12127"}],"version-history":[{"count":1,"href":"https:\/\/esbozodeportivo.com\/index.php\/wp-json\/wp\/v2\/posts\/12127\/revisions"}],"predecessor-version":[{"id":12128,"href":"https:\/\/esbozodeportivo.com\/index.php\/wp-json\/wp\/v2\/posts\/12127\/revisions\/12128"}],"wp:featuredmedia":[{"embeddable":true,"href":"https:\/\/esbozodeportivo.com\/index.php\/wp-json\/wp\/v2\/media\/12122"}],"wp:attachment":[{"href":"https:\/\/esbozodeportivo.com\/index.php\/wp-json\/wp\/v2\/media?parent=12127"}],"wp:term":[{"taxonomy":"category","embeddable":true,"href":"https:\/\/esbozodeportivo.com\/index.php\/wp-json\/wp\/v2\/categories?post=12127"},{"taxonomy":"post_tag","embeddable":true,"href":"https:\/\/esbozodeportivo.com\/index.php\/wp-json\/wp\/v2\/tags?post=12127"}],"curies":[{"name":"wp","href":"https:\/\/api.w.org\/{rel}","templated":true}]}}