{"id":12129,"date":"2026-01-06T20:34:19","date_gmt":"2026-01-07T02:34:19","guid":{"rendered":"https:\/\/esbozodeportivo.com\/?p=12129"},"modified":"2026-01-06T20:34:20","modified_gmt":"2026-01-07T02:34:20","slug":"liam-rosenior-dirigira-al-chelsea","status":"publish","type":"post","link":"https:\/\/esbozodeportivo.com\/index.php\/2026\/01\/06\/liam-rosenior-dirigira-al-chelsea\/","title":{"rendered":"Liam Rosenior dirigir\u00e1 al Chelsea"},"content":{"rendered":"\n<p>(Foto: Agencias) <\/p>\n\n\n\n<p>Chelsea confirm\u00f3 la contrataci\u00f3n de Liam Rosenior como su nuevo t\u00e9cnico, ofreci\u00e9ndole un v\u00ednculo de seis a\u00f1os despu\u00e9s de que dejara el club franc\u00e9s Estrasburgo el martes.<\/p>\n\n\n\n<p>Rosenior, un estratega de vocaci\u00f3n ofensiva, se convierte en el segundo entrenador de raza negra de Chelsea despu\u00e9s de Ruud Gullit. Firm\u00f3 hasta 2032.<\/p>\n\n\n\n<p>Rosenior ha sido elogiado por transformar a Estrasburgo, que forma parte del mismo grupo propietario que Chelsea, en un equipo protagonista en la Ligue 1 tras terminar en s\u00e9ptimo lugar la temporada pasada, lo que asegur\u00f3 una plaza en las copas europeas.<\/p>\n\n\n\n<p>\u201cLiam ha demostrado que puede construir equipos con una forma clara de jugar mientras establece los m\u00e1s altos est\u00e1ndares con los jugadores dentro y fuera del campo. Aunque continuar\u00e1 habiendo un enfoque en el desarrollo de jugadores, las expectativas y ambiciones del club siguen siendo altas\u201d, dijo Chelsea en un comunicado.<\/p>\n\n\n\n<p>Los trabajos anteriores de Rosenior incluyen un per\u00edodo como entrenador asistente en Derby junto a Wayne Rooney, quien elogi\u00f3 su \u201cincre\u00edble\u201d \u00e9tica de trabajo y atenci\u00f3n al detalle.<\/p>\n\n\n\n<p>Rosenior, de 41 a\u00f1os, nunca ha dirigido un club de la Liga Premier. Chelsea destituy\u00f3 la semana pasada de Enzo Maresca, quien estuvo 18 meses a cargo.<\/p>\n\n\n\n<p>Mudarse a Chelsea traer\u00e1 mucha m\u00e1s visibilidad y presi\u00f3n para Rosenior.<\/p>\n\n\n\n<p>El quinto entrenador permanente desde que el consorcio propietario BlueCo tom\u00f3 el control en 2022, Rosenior hereda un equipo capaz de lograr \u00e9xitos de alto nivel pero que ha carecido de consistencia. Chelsea marcha quinto en la liga con una brecha de 17 puntos respecto al l\u00edder Arsenal.<\/p>\n\n\n\n<p>\u201cEstoy emocionado de trabajar con este grupo de jugadores y personal extremadamente talentoso, de construir conexiones fuertes dentro y fuera del campo, y de crear un ambiente donde todos se sientan unidos y motivados por el mismo objetivo\u201d, dijo Rosenior.<\/p>\n\n\n\n<p>Conseguir el trabajo en Chelsea es una rara oportunidad de alto nivel para un entrenador brit\u00e1nico negro en la Premier.<\/p>\n\n\n\n<p>\u201cEsta oportunidad para m\u00ed es algo que no puedo rechazar en este momento de mi vida\u201d, dijo Rosenior en una conferencia de prensa en Estrasburgo. A\u00f1adi\u00f3 que la perspectiva de reunirse con su familia era un incentivo adicional.<\/p>\n\n\n\n<p>\u201cSignifica que puedo ir a casa y ver a mis hijos. Estoy lejos de mis hijos, los extra\u00f1\u00e9. Y quer\u00eda que el sacrificio de no verlos valiera la pena, con el \u00e9xito que tenemos aqu\u00ed\u201d, manifest\u00f3.<\/p>\n\n\n\n<p>Hijo del exjugador y entrenador Leroy Rosenior, Liam jug\u00f3 en la Premier como lateral con Fulham, Reading, Hull y Brighton a lo largo de una carrera profesional de 16 a\u00f1os, as\u00ed como para la selecci\u00f3n Sub21 de Inglaterra.<\/p>\n\n\n\n<p>Regres\u00f3 a Hull para su primera asignatura como entrenador principal en 2022 y asumi\u00f3 las riendas de Estrasburgo dos a\u00f1os despu\u00e9s. Tras reemplazar a Patrick Vieira, supervis\u00f3 un proyecto de reconstrucci\u00f3n a gran escala que entreg\u00f3 resultados r\u00e1pidos para un equipo joven, guiando el desarrollo de jugadores como el delantero argentino Joaqu\u00edn Panichelli y Emmanuel Emegha.<\/p>\n\n\n\n<p>Se espera que Rosenior se re\u00fana con Emegha m\u00e1s tarde este a\u00f1o, ya que Chelsea lleg\u00f3 a un acuerdo con Estrasburgo para que el delantero neerland\u00e9s se una al club en el verano.<\/p>\n\n\n\n<p>Rosenior deja a su equipo en el s\u00e9ptimo lugar en la liga francesa y clasificado para la fase eliminatoria de la Conference League de la UEFA.<\/p>\n\n\n\n<p>\u201cNo creo que nadie pueda cuestionar lo duro que he trabajado para el club, mi integridad en la forma en que he trabajado para este club. No creo que nadie pueda cuestionar la decisi\u00f3n que he tomado de avanzar en mi carrera\u201d, afirm\u00f3 Rosenior.<\/p>\n\n\n\n<p>La reacci\u00f3n negativa en Estrasburgo<\/p>\n\n\n\n<p>Su partida enfureci\u00f3 a los hinchas de Estrasburgo, opuestos al modelo de multipropiedad. Clamaron por la dimisi\u00f3n del presidente del club, Marc Keller.<\/p>\n\n\n\n<p>\u201cLa salida de Liam Rosenior marca un paso m\u00e1s humillante en la subordinaci\u00f3n de Racing a Chelsea. Cada contorsi\u00f3n adicional de Marc Keller, cada minuto extra que pasa al frente del club, es un insulto al trabajo notable realizado antes de 2023&#8230; Debe irse. Ahora\u201d, afirm\u00f3 la federaci\u00f3n de seguidores de Estrasburgo en un comunicado.<\/p>\n\n\n\n<p>Estrasburgo ha sido propiedad de BlueCo desde 2023, y su llegada ha sido recibida con hostilidad por parte de los aficionados ac\u00e9rrimos del club.<\/p>\n\n\n\n<p>En septiembre, Rosenior arremeti\u00f3 contra los aficionados que mostraron una pancarta criticando a Emegha y pidi\u00e9ndole que devolviera el brazalete de capit\u00e1n debido a su marcha la pr\u00f3xima temporada a Chelsea. El nexo entre los clubes se utiliz\u00f3 varias veces este verano, sobre todo cuando Chelsea vendi\u00f3 al lateral izquierdo ingl\u00e9s Ben Chilwell a Estrasburgo.<\/p>\n\n\n\n<p>\u201cNo creo que nadie pueda cuestionar lo duro que he trabajado para el club, mi integridad en la forma en que he trabajado para este club. No creo que nadie pueda cuestionar la decisi\u00f3n que he tomado de seguir adelante con mi carrera\u201d, dijo Rosenior.<\/p>\n\n\n\n<p>El entrenador interino de Chelsea, Calum McFarlane, estar\u00e1 al mando el mi\u00e9rcoles en la visita a Fulham en la Premier antes de que Rosenior comience a trabajar con el equipo.<\/p>\n\n\n\n<p><\/p>\n","protected":false},"excerpt":{"rendered":"<p>(Foto: Agencias) Chelsea confirm\u00f3 la contrataci\u00f3n de Liam Rosenior como su nuevo t\u00e9cnico, ofreci\u00e9ndole un<\/p>\n","protected":false},"author":2,"featured_media":12120,"comment_status":"closed","ping_status":"open","sticky":false,"template":"","format":"standard","meta":{"_jetpack_memberships_contains_paid_content":false,"footnotes":""},"categories":[14],"tags":[],"class_list":["post-12129","post","type-post","status-publish","format-standard","has-post-thumbnail","hentry","category-futbol"],"yoast_head":"<!-- This site is optimized with the Yoast SEO plugin v25.7 - https:\/\/yoast.com\/wordpress\/plugins\/seo\/ -->\n<title>Liam Rosenior dirigir\u00e1 al Chelsea - Esbozo Deportivo<\/title>\n<meta name=\"description\" content=\"Chelsea confirm\u00f3 la contrataci\u00f3n de Liam Rosenior como su nuevo t\u00e9cnico, ofreci\u00e9ndole un v\u00ednculo de seis a\u00f1os despu\u00e9s de que dejara el club franc\u00e9s Estrasburgo el martes.\" \/>\n<meta name=\"robots\" content=\"index, follow, max-snippet:-1, max-image-preview:large, max-video-preview:-1\" \/>\n<link rel=\"canonical\" href=\"https:\/\/esbozodeportivo.com\/index.php\/2026\/01\/06\/liam-rosenior-dirigira-al-chelsea\/\" \/>\n<meta property=\"og:locale\" content=\"es_MX\" \/>\n<meta property=\"og:type\" content=\"article\" \/>\n<meta property=\"og:title\" content=\"Liam Rosenior dirigir\u00e1 al Chelsea - Esbozo Deportivo\" \/>\n<meta property=\"og:description\" content=\"Chelsea confirm\u00f3 la contrataci\u00f3n de Liam Rosenior como su nuevo t\u00e9cnico, ofreci\u00e9ndole un v\u00ednculo de seis a\u00f1os despu\u00e9s de que dejara el club franc\u00e9s Estrasburgo el martes.\" \/>\n<meta property=\"og:url\" content=\"https:\/\/esbozodeportivo.com\/index.php\/2026\/01\/06\/liam-rosenior-dirigira-al-chelsea\/\" \/>\n<meta property=\"og:site_name\" content=\"Esbozo Deportivo\" \/>\n<meta property=\"article:published_time\" content=\"2026-01-07T02:34:19+00:00\" \/>\n<meta property=\"article:modified_time\" content=\"2026-01-07T02:34:20+00:00\" \/>\n<meta property=\"og:image\" content=\"https:\/\/esbozodeportivo.com\/wp-content\/uploads\/2026\/01\/28af21da-b442-40d1-a72c-ab7d38196675.jpg\" \/>\n\t<meta property=\"og:image:width\" content=\"980\" \/>\n\t<meta property=\"og:image:height\" content=\"653\" \/>\n\t<meta property=\"og:image:type\" content=\"image\/jpeg\" \/>\n<meta name=\"author\" content=\"Javier De La Cruz\" \/>\n<meta name=\"twitter:card\" content=\"summary_large_image\" \/>\n<meta name=\"twitter:label1\" content=\"Escrito por\" \/>\n\t<meta name=\"twitter:data1\" content=\"Javier De La Cruz\" \/>\n\t<meta name=\"twitter:label2\" content=\"Tiempo de lectura\" \/>\n\t<meta name=\"twitter:data2\" content=\"4 minutos\" \/>\n<script type=\"application\/ld+json\" class=\"yoast-schema-graph\">{\"@context\":\"https:\/\/schema.org\",\"@graph\":[{\"@type\":\"Article\",\"@id\":\"https:\/\/esbozodeportivo.com\/index.php\/2026\/01\/06\/liam-rosenior-dirigira-al-chelsea\/#article\",\"isPartOf\":{\"@id\":\"https:\/\/esbozodeportivo.com\/index.php\/2026\/01\/06\/liam-rosenior-dirigira-al-chelsea\/\"},\"author\":{\"name\":\"Javier De La Cruz\",\"@id\":\"https:\/\/esbozodeportivo.com\/#\/schema\/person\/7277119c98823aec37bbb84e125efd44\"},\"headline\":\"Liam Rosenior dirigir\u00e1 al Chelsea\",\"datePublished\":\"2026-01-07T02:34:19+00:00\",\"dateModified\":\"2026-01-07T02:34:20+00:00\",\"mainEntityOfPage\":{\"@id\":\"https:\/\/esbozodeportivo.com\/index.php\/2026\/01\/06\/liam-rosenior-dirigira-al-chelsea\/\"},\"wordCount\":871,\"publisher\":{\"@id\":\"https:\/\/esbozodeportivo.com\/#organization\"},\"image\":{\"@id\":\"https:\/\/esbozodeportivo.com\/index.php\/2026\/01\/06\/liam-rosenior-dirigira-al-chelsea\/#primaryimage\"},\"thumbnailUrl\":\"https:\/\/esbozodeportivo.com\/wp-content\/uploads\/2026\/01\/28af21da-b442-40d1-a72c-ab7d38196675.jpg\",\"articleSection\":[\"Futbol Internacional\"],\"inLanguage\":\"es\"},{\"@type\":\"WebPage\",\"@id\":\"https:\/\/esbozodeportivo.com\/index.php\/2026\/01\/06\/liam-rosenior-dirigira-al-chelsea\/\",\"url\":\"https:\/\/esbozodeportivo.com\/index.php\/2026\/01\/06\/liam-rosenior-dirigira-al-chelsea\/\",\"name\":\"Liam Rosenior dirigir\u00e1 al Chelsea - Esbozo Deportivo\",\"isPartOf\":{\"@id\":\"https:\/\/esbozodeportivo.com\/#website\"},\"primaryImageOfPage\":{\"@id\":\"https:\/\/esbozodeportivo.com\/index.php\/2026\/01\/06\/liam-rosenior-dirigira-al-chelsea\/#primaryimage\"},\"image\":{\"@id\":\"https:\/\/esbozodeportivo.com\/index.php\/2026\/01\/06\/liam-rosenior-dirigira-al-chelsea\/#primaryimage\"},\"thumbnailUrl\":\"https:\/\/esbozodeportivo.com\/wp-content\/uploads\/2026\/01\/28af21da-b442-40d1-a72c-ab7d38196675.jpg\",\"datePublished\":\"2026-01-07T02:34:19+00:00\",\"dateModified\":\"2026-01-07T02:34:20+00:00\",\"description\":\"Chelsea confirm\u00f3 la contrataci\u00f3n de Liam Rosenior como su nuevo t\u00e9cnico, ofreci\u00e9ndole un v\u00ednculo de seis a\u00f1os despu\u00e9s de que dejara el club franc\u00e9s Estrasburgo el martes.\",\"breadcrumb\":{\"@id\":\"https:\/\/esbozodeportivo.com\/index.php\/2026\/01\/06\/liam-rosenior-dirigira-al-chelsea\/#breadcrumb\"},\"inLanguage\":\"es\",\"potentialAction\":[{\"@type\":\"ReadAction\",\"target\":[\"https:\/\/esbozodeportivo.com\/index.php\/2026\/01\/06\/liam-rosenior-dirigira-al-chelsea\/\"]}]},{\"@type\":\"ImageObject\",\"inLanguage\":\"es\",\"@id\":\"https:\/\/esbozodeportivo.com\/index.php\/2026\/01\/06\/liam-rosenior-dirigira-al-chelsea\/#primaryimage\",\"url\":\"https:\/\/esbozodeportivo.com\/wp-content\/uploads\/2026\/01\/28af21da-b442-40d1-a72c-ab7d38196675.jpg\",\"contentUrl\":\"https:\/\/esbozodeportivo.com\/wp-content\/uploads\/2026\/01\/28af21da-b442-40d1-a72c-ab7d38196675.jpg\",\"width\":980,\"height\":653},{\"@type\":\"BreadcrumbList\",\"@id\":\"https:\/\/esbozodeportivo.com\/index.php\/2026\/01\/06\/liam-rosenior-dirigira-al-chelsea\/#breadcrumb\",\"itemListElement\":[{\"@type\":\"ListItem\",\"position\":1,\"name\":\"Inicio\",\"item\":\"https:\/\/esbozodeportivo.com\/\"},{\"@type\":\"ListItem\",\"position\":2,\"name\":\"Liam Rosenior dirigir\u00e1 al Chelsea\"}]},{\"@type\":\"WebSite\",\"@id\":\"https:\/\/esbozodeportivo.com\/#website\",\"url\":\"https:\/\/esbozodeportivo.com\/\",\"name\":\"Esbozo Deportivo\",\"description\":\"Lo m\u00e1s importante del Deporte\",\"publisher\":{\"@id\":\"https:\/\/esbozodeportivo.com\/#organization\"},\"potentialAction\":[{\"@type\":\"SearchAction\",\"target\":{\"@type\":\"EntryPoint\",\"urlTemplate\":\"https:\/\/esbozodeportivo.com\/?s={search_term_string}\"},\"query-input\":{\"@type\":\"PropertyValueSpecification\",\"valueRequired\":true,\"valueName\":\"search_term_string\"}}],\"inLanguage\":\"es\"},{\"@type\":\"Organization\",\"@id\":\"https:\/\/esbozodeportivo.com\/#organization\",\"name\":\"Esbozo Deportivo\",\"url\":\"https:\/\/esbozodeportivo.com\/\",\"logo\":{\"@type\":\"ImageObject\",\"inLanguage\":\"es\",\"@id\":\"https:\/\/esbozodeportivo.com\/#\/schema\/logo\/image\/\",\"url\":\"https:\/\/esbozodeportivo.com\/wp-content\/uploads\/2022\/08\/cropped-Logo-Esbozo-Web-2.png\",\"contentUrl\":\"https:\/\/esbozodeportivo.com\/wp-content\/uploads\/2022\/08\/cropped-Logo-Esbozo-Web-2.png\",\"width\":180,\"height\":50,\"caption\":\"Esbozo Deportivo\"},\"image\":{\"@id\":\"https:\/\/esbozodeportivo.com\/#\/schema\/logo\/image\/\"}},{\"@type\":\"Person\",\"@id\":\"https:\/\/esbozodeportivo.com\/#\/schema\/person\/7277119c98823aec37bbb84e125efd44\",\"name\":\"Javier De La Cruz\",\"image\":{\"@type\":\"ImageObject\",\"inLanguage\":\"es\",\"@id\":\"https:\/\/esbozodeportivo.com\/#\/schema\/person\/image\/\",\"url\":\"https:\/\/secure.gravatar.com\/avatar\/366235a56d20f1a6e8e3d0b295897639357bea880470ddf261d17bb0bc052eb1?s=96&d=mm&r=g\",\"contentUrl\":\"https:\/\/secure.gravatar.com\/avatar\/366235a56d20f1a6e8e3d0b295897639357bea880470ddf261d17bb0bc052eb1?s=96&d=mm&r=g\",\"caption\":\"Javier De La Cruz\"},\"url\":\"https:\/\/esbozodeportivo.com\/index.php\/author\/javier-de-la-cruz-de-la-cruz\/\"}]}<\/script>\n<!-- \/ Yoast SEO plugin. -->","yoast_head_json":{"title":"Liam Rosenior dirigir\u00e1 al Chelsea - Esbozo Deportivo","description":"Chelsea confirm\u00f3 la contrataci\u00f3n de Liam Rosenior como su nuevo t\u00e9cnico, ofreci\u00e9ndole un v\u00ednculo de seis a\u00f1os despu\u00e9s de que dejara el club franc\u00e9s Estrasburgo el martes.","robots":{"index":"index","follow":"follow","max-snippet":"max-snippet:-1","max-image-preview":"max-image-preview:large","max-video-preview":"max-video-preview:-1"},"canonical":"https:\/\/esbozodeportivo.com\/index.php\/2026\/01\/06\/liam-rosenior-dirigira-al-chelsea\/","og_locale":"es_MX","og_type":"article","og_title":"Liam Rosenior dirigir\u00e1 al Chelsea - Esbozo Deportivo","og_description":"Chelsea confirm\u00f3 la contrataci\u00f3n de Liam Rosenior como su nuevo t\u00e9cnico, ofreci\u00e9ndole un v\u00ednculo de seis a\u00f1os despu\u00e9s de que dejara el club franc\u00e9s Estrasburgo el martes.","og_url":"https:\/\/esbozodeportivo.com\/index.php\/2026\/01\/06\/liam-rosenior-dirigira-al-chelsea\/","og_site_name":"Esbozo Deportivo","article_published_time":"2026-01-07T02:34:19+00:00","article_modified_time":"2026-01-07T02:34:20+00:00","og_image":[{"width":980,"height":653,"url":"https:\/\/esbozodeportivo.com\/wp-content\/uploads\/2026\/01\/28af21da-b442-40d1-a72c-ab7d38196675.jpg","type":"image\/jpeg"}],"author":"Javier De La Cruz","twitter_card":"summary_large_image","twitter_misc":{"Escrito por":"Javier De La Cruz","Tiempo de lectura":"4 minutos"},"schema":{"@context":"https:\/\/schema.org","@graph":[{"@type":"Article","@id":"https:\/\/esbozodeportivo.com\/index.php\/2026\/01\/06\/liam-rosenior-dirigira-al-chelsea\/#article","isPartOf":{"@id":"https:\/\/esbozodeportivo.com\/index.php\/2026\/01\/06\/liam-rosenior-dirigira-al-chelsea\/"},"author":{"name":"Javier De La Cruz","@id":"https:\/\/esbozodeportivo.com\/#\/schema\/person\/7277119c98823aec37bbb84e125efd44"},"headline":"Liam Rosenior dirigir\u00e1 al Chelsea","datePublished":"2026-01-07T02:34:19+00:00","dateModified":"2026-01-07T02:34:20+00:00","mainEntityOfPage":{"@id":"https:\/\/esbozodeportivo.com\/index.php\/2026\/01\/06\/liam-rosenior-dirigira-al-chelsea\/"},"wordCount":871,"publisher":{"@id":"https:\/\/esbozodeportivo.com\/#organization"},"image":{"@id":"https:\/\/esbozodeportivo.com\/index.php\/2026\/01\/06\/liam-rosenior-dirigira-al-chelsea\/#primaryimage"},"thumbnailUrl":"https:\/\/esbozodeportivo.com\/wp-content\/uploads\/2026\/01\/28af21da-b442-40d1-a72c-ab7d38196675.jpg","articleSection":["Futbol Internacional"],"inLanguage":"es"},{"@type":"WebPage","@id":"https:\/\/esbozodeportivo.com\/index.php\/2026\/01\/06\/liam-rosenior-dirigira-al-chelsea\/","url":"https:\/\/esbozodeportivo.com\/index.php\/2026\/01\/06\/liam-rosenior-dirigira-al-chelsea\/","name":"Liam Rosenior dirigir\u00e1 al Chelsea - Esbozo Deportivo","isPartOf":{"@id":"https:\/\/esbozodeportivo.com\/#website"},"primaryImageOfPage":{"@id":"https:\/\/esbozodeportivo.com\/index.php\/2026\/01\/06\/liam-rosenior-dirigira-al-chelsea\/#primaryimage"},"image":{"@id":"https:\/\/esbozodeportivo.com\/index.php\/2026\/01\/06\/liam-rosenior-dirigira-al-chelsea\/#primaryimage"},"thumbnailUrl":"https:\/\/esbozodeportivo.com\/wp-content\/uploads\/2026\/01\/28af21da-b442-40d1-a72c-ab7d38196675.jpg","datePublished":"2026-01-07T02:34:19+00:00","dateModified":"2026-01-07T02:34:20+00:00","description":"Chelsea confirm\u00f3 la contrataci\u00f3n de Liam Rosenior como su nuevo t\u00e9cnico, ofreci\u00e9ndole un v\u00ednculo de seis a\u00f1os despu\u00e9s de que dejara el club franc\u00e9s Estrasburgo el martes.","breadcrumb":{"@id":"https:\/\/esbozodeportivo.com\/index.php\/2026\/01\/06\/liam-rosenior-dirigira-al-chelsea\/#breadcrumb"},"inLanguage":"es","potentialAction":[{"@type":"ReadAction","target":["https:\/\/esbozodeportivo.com\/index.php\/2026\/01\/06\/liam-rosenior-dirigira-al-chelsea\/"]}]},{"@type":"ImageObject","inLanguage":"es","@id":"https:\/\/esbozodeportivo.com\/index.php\/2026\/01\/06\/liam-rosenior-dirigira-al-chelsea\/#primaryimage","url":"https:\/\/esbozodeportivo.com\/wp-content\/uploads\/2026\/01\/28af21da-b442-40d1-a72c-ab7d38196675.jpg","contentUrl":"https:\/\/esbozodeportivo.com\/wp-content\/uploads\/2026\/01\/28af21da-b442-40d1-a72c-ab7d38196675.jpg","width":980,"height":653},{"@type":"BreadcrumbList","@id":"https:\/\/esbozodeportivo.com\/index.php\/2026\/01\/06\/liam-rosenior-dirigira-al-chelsea\/#breadcrumb","itemListElement":[{"@type":"ListItem","position":1,"name":"Inicio","item":"https:\/\/esbozodeportivo.com\/"},{"@type":"ListItem","position":2,"name":"Liam Rosenior dirigir\u00e1 al Chelsea"}]},{"@type":"WebSite","@id":"https:\/\/esbozodeportivo.com\/#website","url":"https:\/\/esbozodeportivo.com\/","name":"Esbozo Deportivo","description":"Lo m\u00e1s importante del Deporte","publisher":{"@id":"https:\/\/esbozodeportivo.com\/#organization"},"potentialAction":[{"@type":"SearchAction","target":{"@type":"EntryPoint","urlTemplate":"https:\/\/esbozodeportivo.com\/?s={search_term_string}"},"query-input":{"@type":"PropertyValueSpecification","valueRequired":true,"valueName":"search_term_string"}}],"inLanguage":"es"},{"@type":"Organization","@id":"https:\/\/esbozodeportivo.com\/#organization","name":"Esbozo Deportivo","url":"https:\/\/esbozodeportivo.com\/","logo":{"@type":"ImageObject","inLanguage":"es","@id":"https:\/\/esbozodeportivo.com\/#\/schema\/logo\/image\/","url":"https:\/\/esbozodeportivo.com\/wp-content\/uploads\/2022\/08\/cropped-Logo-Esbozo-Web-2.png","contentUrl":"https:\/\/esbozodeportivo.com\/wp-content\/uploads\/2022\/08\/cropped-Logo-Esbozo-Web-2.png","width":180,"height":50,"caption":"Esbozo Deportivo"},"image":{"@id":"https:\/\/esbozodeportivo.com\/#\/schema\/logo\/image\/"}},{"@type":"Person","@id":"https:\/\/esbozodeportivo.com\/#\/schema\/person\/7277119c98823aec37bbb84e125efd44","name":"Javier De La Cruz","image":{"@type":"ImageObject","inLanguage":"es","@id":"https:\/\/esbozodeportivo.com\/#\/schema\/person\/image\/","url":"https:\/\/secure.gravatar.com\/avatar\/366235a56d20f1a6e8e3d0b295897639357bea880470ddf261d17bb0bc052eb1?s=96&d=mm&r=g","contentUrl":"https:\/\/secure.gravatar.com\/avatar\/366235a56d20f1a6e8e3d0b295897639357bea880470ddf261d17bb0bc052eb1?s=96&d=mm&r=g","caption":"Javier De La Cruz"},"url":"https:\/\/esbozodeportivo.com\/index.php\/author\/javier-de-la-cruz-de-la-cruz\/"}]}},"jetpack_featured_media_url":"https:\/\/esbozodeportivo.com\/wp-content\/uploads\/2026\/01\/28af21da-b442-40d1-a72c-ab7d38196675.jpg","jetpack_sharing_enabled":true,"_links":{"self":[{"href":"https:\/\/esbozodeportivo.com\/index.php\/wp-json\/wp\/v2\/posts\/12129","targetHints":{"allow":["GET"]}}],"collection":[{"href":"https:\/\/esbozodeportivo.com\/index.php\/wp-json\/wp\/v2\/posts"}],"about":[{"href":"https:\/\/esbozodeportivo.com\/index.php\/wp-json\/wp\/v2\/types\/post"}],"author":[{"embeddable":true,"href":"https:\/\/esbozodeportivo.com\/index.php\/wp-json\/wp\/v2\/users\/2"}],"replies":[{"embeddable":true,"href":"https:\/\/esbozodeportivo.com\/index.php\/wp-json\/wp\/v2\/comments?post=12129"}],"version-history":[{"count":1,"href":"https:\/\/esbozodeportivo.com\/index.php\/wp-json\/wp\/v2\/posts\/12129\/revisions"}],"predecessor-version":[{"id":12130,"href":"https:\/\/esbozodeportivo.com\/index.php\/wp-json\/wp\/v2\/posts\/12129\/revisions\/12130"}],"wp:featuredmedia":[{"embeddable":true,"href":"https:\/\/esbozodeportivo.com\/index.php\/wp-json\/wp\/v2\/media\/12120"}],"wp:attachment":[{"href":"https:\/\/esbozodeportivo.com\/index.php\/wp-json\/wp\/v2\/media?parent=12129"}],"wp:term":[{"taxonomy":"category","embeddable":true,"href":"https:\/\/esbozodeportivo.com\/index.php\/wp-json\/wp\/v2\/categories?post=12129"},{"taxonomy":"post_tag","embeddable":true,"href":"https:\/\/esbozodeportivo.com\/index.php\/wp-json\/wp\/v2\/tags?post=12129"}],"curies":[{"name":"wp","href":"https:\/\/api.w.org\/{rel}","templated":true}]}}