{"id":12131,"date":"2026-01-06T20:36:13","date_gmt":"2026-01-07T02:36:13","guid":{"rendered":"https:\/\/esbozodeportivo.com\/?p=12131"},"modified":"2026-01-06T20:36:15","modified_gmt":"2026-01-07T02:36:15","slug":"vaqueros-despiden-a-matt-eberflus","status":"publish","type":"post","link":"https:\/\/esbozodeportivo.com\/index.php\/2026\/01\/06\/vaqueros-despiden-a-matt-eberflus\/","title":{"rendered":"Vaqueros despiden a Matt Eberflus"},"content":{"rendered":"\n<p>(Foto: Agencias) <\/p>\n\n\n\n<p>Los Vaqueros de Dallas despidieron el martes al coordinador defensivo de primer a\u00f1o Matt Eberflus despu\u00e9s de que permitieron la mayor cantidad de puntos e interceptaron la menor cantidad de pases en la historia de la franquicia.<\/p>\n\n\n\n<p>Es la segunda temporada consecutiva en la que Eberflus ha sido despedido. Fue cesado a mitad de temporada en 2024, su tercer a\u00f1o como entrenador en jefe de los Osos de Chicago.<\/p>\n\n\n\n<p>Eberflus lleg\u00f3 al final de la temporada en su regreso a Dallas, donde fue asistente de 2011 a 2017 antes de ir a Indian\u00e1polis como coordinador defensivo. Pero el destino del entrenador de 55 a\u00f1os parec\u00eda sellado antes del final del domingo, una derrota de 34-17 de visita a los Giants de Nueva York que estableci\u00f3 un r\u00e9cord del club como el noveno juego permitiendo al menos 30 puntos.<\/p>\n\n\n\n<p>\u201cHabiendo conocido a Matt Eberflus durante d\u00e9cadas, tenemos un tremendo respeto y aprecio por \u00e9l como entrenador y persona. Sin embargo, despu\u00e9s de analizar y discutir los resultados de nuestro desempe\u00f1o defensivo esta temporada, qued\u00f3 claro que se necesita un cambio\u201d, afirm\u00f3 el propietario y gerente general, Jerry Jones. \u201cEste es el primer paso en ese proceso, y continuaremos esa revisi\u00f3n en cuanto a alcanzar nuestras expectativas mucho m\u00e1s altas\u201d.<\/p>\n\n\n\n<p>La salida de Eberflus significa que los Cowboys tendr\u00e1n su cuarto coordinador defensivo en cuatro temporadas, siguiendo a Dan Quinn en 2023, Mike Zimmer el a\u00f1o pasado y Eberflus. Los \u00faltimos cinco coordinadores defensivos de Dallas han sido exentrenadores en jefe de la liga.<\/p>\n\n\n\n<p>Los Cowboys (7-9-1) terminaron \u00faltimos en la NFL en defensa de puntuaci\u00f3n y defensa de pase y en el puesto 30 en general, desperdiciando una de las mejores temporadas del quarterback Dak Prescott para la ofensiva n\u00famero dos de la liga.<\/p>\n\n\n\n<p>Dallas permiti\u00f3 500 puntos por primera vez en la historia del club, permitiendo 511 para un promedio de 30.1. El \u00fanico promedio m\u00e1s alto fue de 30.8 puntos por juego permitidos por el equipo que se fue sin victorias en la campa\u00f1a inaugural de la franquicia en 1960.<\/p>\n\n\n\n<p>Jones no le hizo ning\u00fan favor a Eberflus al canjear al estelar cazamariscales Micah Parsons una semana antes de que comenzara la temporada.<\/p>\n\n\n\n<p>Dallas tiene temporadas consecutivas con r\u00e9cord perdedor por primera vez desde la \u00faltima de tres seguidas en 2002. Los Cowboys tuvieron tres temporadas consecutivas de 12 victorias en playoffs de 2021 a 2023, pero solo una victoria en postemporada.<\/p>\n\n\n\n<p>Brian Schottenheimer reemplaz\u00f3 a Mike McCarthy como entrenador en jefe despu\u00e9s de un cierre 7-10 en 2024.<\/p>\n\n\n\n<p><\/p>\n","protected":false},"excerpt":{"rendered":"<p>(Foto: Agencias) Los Vaqueros de Dallas despidieron el martes al coordinador defensivo de primer a\u00f1o<\/p>\n","protected":false},"author":4,"featured_media":12123,"comment_status":"closed","ping_status":"open","sticky":false,"template":"","format":"standard","meta":{"_jetpack_memberships_contains_paid_content":false,"footnotes":""},"categories":[6],"tags":[],"class_list":["post-12131","post","type-post","status-publish","format-standard","has-post-thumbnail","hentry","category-nfl"],"yoast_head":"<!-- This site is optimized with the Yoast SEO plugin v25.7 - https:\/\/yoast.com\/wordpress\/plugins\/seo\/ -->\n<title>Vaqueros despiden a Matt Eberflus - Esbozo Deportivo<\/title>\n<meta name=\"description\" content=\"Los Vaqueros de Dallas despidieron el martes al coordinador defensivo de primer a\u00f1o Matt Eberflus despu\u00e9s de que permitieron la mayor cantidad de puntos e interceptaron la menor cantidad de pases en la historia de la franquicia.\" \/>\n<meta name=\"robots\" content=\"index, follow, max-snippet:-1, max-image-preview:large, max-video-preview:-1\" \/>\n<link rel=\"canonical\" href=\"https:\/\/esbozodeportivo.com\/index.php\/2026\/01\/06\/vaqueros-despiden-a-matt-eberflus\/\" \/>\n<meta property=\"og:locale\" content=\"es_MX\" \/>\n<meta property=\"og:type\" content=\"article\" \/>\n<meta property=\"og:title\" content=\"Vaqueros despiden a Matt Eberflus - Esbozo Deportivo\" \/>\n<meta property=\"og:description\" content=\"Los Vaqueros de Dallas despidieron el martes al coordinador defensivo de primer a\u00f1o Matt Eberflus despu\u00e9s de que permitieron la mayor cantidad de puntos e interceptaron la menor cantidad de pases en la historia de la franquicia.\" \/>\n<meta property=\"og:url\" content=\"https:\/\/esbozodeportivo.com\/index.php\/2026\/01\/06\/vaqueros-despiden-a-matt-eberflus\/\" \/>\n<meta property=\"og:site_name\" content=\"Esbozo Deportivo\" \/>\n<meta property=\"article:published_time\" content=\"2026-01-07T02:36:13+00:00\" \/>\n<meta property=\"article:modified_time\" content=\"2026-01-07T02:36:15+00:00\" \/>\n<meta property=\"og:image\" content=\"https:\/\/esbozodeportivo.com\/wp-content\/uploads\/2026\/01\/bd8eafa8-b410-4625-b346-d48300fb4d22.jpg\" \/>\n\t<meta property=\"og:image:width\" content=\"980\" \/>\n\t<meta property=\"og:image:height\" content=\"653\" \/>\n\t<meta property=\"og:image:type\" content=\"image\/jpeg\" \/>\n<meta name=\"author\" content=\"Redacci\u00f3n\" \/>\n<meta name=\"twitter:card\" content=\"summary_large_image\" \/>\n<meta name=\"twitter:label1\" content=\"Escrito por\" \/>\n\t<meta name=\"twitter:data1\" content=\"Redacci\u00f3n\" \/>\n\t<meta name=\"twitter:label2\" content=\"Tiempo de lectura\" \/>\n\t<meta name=\"twitter:data2\" content=\"3 minutos\" \/>\n<script type=\"application\/ld+json\" class=\"yoast-schema-graph\">{\"@context\":\"https:\/\/schema.org\",\"@graph\":[{\"@type\":\"Article\",\"@id\":\"https:\/\/esbozodeportivo.com\/index.php\/2026\/01\/06\/vaqueros-despiden-a-matt-eberflus\/#article\",\"isPartOf\":{\"@id\":\"https:\/\/esbozodeportivo.com\/index.php\/2026\/01\/06\/vaqueros-despiden-a-matt-eberflus\/\"},\"author\":{\"name\":\"Redacci\u00f3n\",\"@id\":\"https:\/\/esbozodeportivo.com\/#\/schema\/person\/0f6df9196dfe6740dd0bb31bae50d374\"},\"headline\":\"Vaqueros despiden a Matt Eberflus\",\"datePublished\":\"2026-01-07T02:36:13+00:00\",\"dateModified\":\"2026-01-07T02:36:15+00:00\",\"mainEntityOfPage\":{\"@id\":\"https:\/\/esbozodeportivo.com\/index.php\/2026\/01\/06\/vaqueros-despiden-a-matt-eberflus\/\"},\"wordCount\":432,\"publisher\":{\"@id\":\"https:\/\/esbozodeportivo.com\/#organization\"},\"image\":{\"@id\":\"https:\/\/esbozodeportivo.com\/index.php\/2026\/01\/06\/vaqueros-despiden-a-matt-eberflus\/#primaryimage\"},\"thumbnailUrl\":\"https:\/\/esbozodeportivo.com\/wp-content\/uploads\/2026\/01\/bd8eafa8-b410-4625-b346-d48300fb4d22.jpg\",\"articleSection\":[\"NFL\"],\"inLanguage\":\"es\"},{\"@type\":\"WebPage\",\"@id\":\"https:\/\/esbozodeportivo.com\/index.php\/2026\/01\/06\/vaqueros-despiden-a-matt-eberflus\/\",\"url\":\"https:\/\/esbozodeportivo.com\/index.php\/2026\/01\/06\/vaqueros-despiden-a-matt-eberflus\/\",\"name\":\"Vaqueros despiden a Matt Eberflus - Esbozo Deportivo\",\"isPartOf\":{\"@id\":\"https:\/\/esbozodeportivo.com\/#website\"},\"primaryImageOfPage\":{\"@id\":\"https:\/\/esbozodeportivo.com\/index.php\/2026\/01\/06\/vaqueros-despiden-a-matt-eberflus\/#primaryimage\"},\"image\":{\"@id\":\"https:\/\/esbozodeportivo.com\/index.php\/2026\/01\/06\/vaqueros-despiden-a-matt-eberflus\/#primaryimage\"},\"thumbnailUrl\":\"https:\/\/esbozodeportivo.com\/wp-content\/uploads\/2026\/01\/bd8eafa8-b410-4625-b346-d48300fb4d22.jpg\",\"datePublished\":\"2026-01-07T02:36:13+00:00\",\"dateModified\":\"2026-01-07T02:36:15+00:00\",\"description\":\"Los Vaqueros de Dallas despidieron el martes al coordinador defensivo de primer a\u00f1o Matt Eberflus despu\u00e9s de que permitieron la mayor cantidad de puntos e interceptaron la menor cantidad de pases en la historia de la franquicia.\",\"breadcrumb\":{\"@id\":\"https:\/\/esbozodeportivo.com\/index.php\/2026\/01\/06\/vaqueros-despiden-a-matt-eberflus\/#breadcrumb\"},\"inLanguage\":\"es\",\"potentialAction\":[{\"@type\":\"ReadAction\",\"target\":[\"https:\/\/esbozodeportivo.com\/index.php\/2026\/01\/06\/vaqueros-despiden-a-matt-eberflus\/\"]}]},{\"@type\":\"ImageObject\",\"inLanguage\":\"es\",\"@id\":\"https:\/\/esbozodeportivo.com\/index.php\/2026\/01\/06\/vaqueros-despiden-a-matt-eberflus\/#primaryimage\",\"url\":\"https:\/\/esbozodeportivo.com\/wp-content\/uploads\/2026\/01\/bd8eafa8-b410-4625-b346-d48300fb4d22.jpg\",\"contentUrl\":\"https:\/\/esbozodeportivo.com\/wp-content\/uploads\/2026\/01\/bd8eafa8-b410-4625-b346-d48300fb4d22.jpg\",\"width\":980,\"height\":653},{\"@type\":\"BreadcrumbList\",\"@id\":\"https:\/\/esbozodeportivo.com\/index.php\/2026\/01\/06\/vaqueros-despiden-a-matt-eberflus\/#breadcrumb\",\"itemListElement\":[{\"@type\":\"ListItem\",\"position\":1,\"name\":\"Inicio\",\"item\":\"https:\/\/esbozodeportivo.com\/\"},{\"@type\":\"ListItem\",\"position\":2,\"name\":\"Vaqueros despiden a Matt Eberflus\"}]},{\"@type\":\"WebSite\",\"@id\":\"https:\/\/esbozodeportivo.com\/#website\",\"url\":\"https:\/\/esbozodeportivo.com\/\",\"name\":\"Esbozo Deportivo\",\"description\":\"Lo m\u00e1s importante del Deporte\",\"publisher\":{\"@id\":\"https:\/\/esbozodeportivo.com\/#organization\"},\"potentialAction\":[{\"@type\":\"SearchAction\",\"target\":{\"@type\":\"EntryPoint\",\"urlTemplate\":\"https:\/\/esbozodeportivo.com\/?s={search_term_string}\"},\"query-input\":{\"@type\":\"PropertyValueSpecification\",\"valueRequired\":true,\"valueName\":\"search_term_string\"}}],\"inLanguage\":\"es\"},{\"@type\":\"Organization\",\"@id\":\"https:\/\/esbozodeportivo.com\/#organization\",\"name\":\"Esbozo Deportivo\",\"url\":\"https:\/\/esbozodeportivo.com\/\",\"logo\":{\"@type\":\"ImageObject\",\"inLanguage\":\"es\",\"@id\":\"https:\/\/esbozodeportivo.com\/#\/schema\/logo\/image\/\",\"url\":\"https:\/\/esbozodeportivo.com\/wp-content\/uploads\/2022\/08\/cropped-Logo-Esbozo-Web-2.png\",\"contentUrl\":\"https:\/\/esbozodeportivo.com\/wp-content\/uploads\/2022\/08\/cropped-Logo-Esbozo-Web-2.png\",\"width\":180,\"height\":50,\"caption\":\"Esbozo Deportivo\"},\"image\":{\"@id\":\"https:\/\/esbozodeportivo.com\/#\/schema\/logo\/image\/\"}},{\"@type\":\"Person\",\"@id\":\"https:\/\/esbozodeportivo.com\/#\/schema\/person\/0f6df9196dfe6740dd0bb31bae50d374\",\"name\":\"Redacci\u00f3n\",\"image\":{\"@type\":\"ImageObject\",\"inLanguage\":\"es\",\"@id\":\"https:\/\/esbozodeportivo.com\/#\/schema\/person\/image\/\",\"url\":\"https:\/\/secure.gravatar.com\/avatar\/f55268a89c3b418f2ef172ff52ab0d09b3e653c58de29539fe329fb93d78ebf3?s=96&d=mm&r=g\",\"contentUrl\":\"https:\/\/secure.gravatar.com\/avatar\/f55268a89c3b418f2ef172ff52ab0d09b3e653c58de29539fe329fb93d78ebf3?s=96&d=mm&r=g\",\"caption\":\"Redacci\u00f3n\"},\"url\":\"https:\/\/esbozodeportivo.com\/index.php\/author\/redaccion\/\"}]}<\/script>\n<!-- \/ Yoast SEO plugin. -->","yoast_head_json":{"title":"Vaqueros despiden a Matt Eberflus - Esbozo Deportivo","description":"Los Vaqueros de Dallas despidieron el martes al coordinador defensivo de primer a\u00f1o Matt Eberflus despu\u00e9s de que permitieron la mayor cantidad de puntos e interceptaron la menor cantidad de pases en la historia de la franquicia.","robots":{"index":"index","follow":"follow","max-snippet":"max-snippet:-1","max-image-preview":"max-image-preview:large","max-video-preview":"max-video-preview:-1"},"canonical":"https:\/\/esbozodeportivo.com\/index.php\/2026\/01\/06\/vaqueros-despiden-a-matt-eberflus\/","og_locale":"es_MX","og_type":"article","og_title":"Vaqueros despiden a Matt Eberflus - Esbozo Deportivo","og_description":"Los Vaqueros de Dallas despidieron el martes al coordinador defensivo de primer a\u00f1o Matt Eberflus despu\u00e9s de que permitieron la mayor cantidad de puntos e interceptaron la menor cantidad de pases en la historia de la franquicia.","og_url":"https:\/\/esbozodeportivo.com\/index.php\/2026\/01\/06\/vaqueros-despiden-a-matt-eberflus\/","og_site_name":"Esbozo Deportivo","article_published_time":"2026-01-07T02:36:13+00:00","article_modified_time":"2026-01-07T02:36:15+00:00","og_image":[{"width":980,"height":653,"url":"https:\/\/esbozodeportivo.com\/wp-content\/uploads\/2026\/01\/bd8eafa8-b410-4625-b346-d48300fb4d22.jpg","type":"image\/jpeg"}],"author":"Redacci\u00f3n","twitter_card":"summary_large_image","twitter_misc":{"Escrito por":"Redacci\u00f3n","Tiempo de lectura":"3 minutos"},"schema":{"@context":"https:\/\/schema.org","@graph":[{"@type":"Article","@id":"https:\/\/esbozodeportivo.com\/index.php\/2026\/01\/06\/vaqueros-despiden-a-matt-eberflus\/#article","isPartOf":{"@id":"https:\/\/esbozodeportivo.com\/index.php\/2026\/01\/06\/vaqueros-despiden-a-matt-eberflus\/"},"author":{"name":"Redacci\u00f3n","@id":"https:\/\/esbozodeportivo.com\/#\/schema\/person\/0f6df9196dfe6740dd0bb31bae50d374"},"headline":"Vaqueros despiden a Matt Eberflus","datePublished":"2026-01-07T02:36:13+00:00","dateModified":"2026-01-07T02:36:15+00:00","mainEntityOfPage":{"@id":"https:\/\/esbozodeportivo.com\/index.php\/2026\/01\/06\/vaqueros-despiden-a-matt-eberflus\/"},"wordCount":432,"publisher":{"@id":"https:\/\/esbozodeportivo.com\/#organization"},"image":{"@id":"https:\/\/esbozodeportivo.com\/index.php\/2026\/01\/06\/vaqueros-despiden-a-matt-eberflus\/#primaryimage"},"thumbnailUrl":"https:\/\/esbozodeportivo.com\/wp-content\/uploads\/2026\/01\/bd8eafa8-b410-4625-b346-d48300fb4d22.jpg","articleSection":["NFL"],"inLanguage":"es"},{"@type":"WebPage","@id":"https:\/\/esbozodeportivo.com\/index.php\/2026\/01\/06\/vaqueros-despiden-a-matt-eberflus\/","url":"https:\/\/esbozodeportivo.com\/index.php\/2026\/01\/06\/vaqueros-despiden-a-matt-eberflus\/","name":"Vaqueros despiden a Matt Eberflus - Esbozo Deportivo","isPartOf":{"@id":"https:\/\/esbozodeportivo.com\/#website"},"primaryImageOfPage":{"@id":"https:\/\/esbozodeportivo.com\/index.php\/2026\/01\/06\/vaqueros-despiden-a-matt-eberflus\/#primaryimage"},"image":{"@id":"https:\/\/esbozodeportivo.com\/index.php\/2026\/01\/06\/vaqueros-despiden-a-matt-eberflus\/#primaryimage"},"thumbnailUrl":"https:\/\/esbozodeportivo.com\/wp-content\/uploads\/2026\/01\/bd8eafa8-b410-4625-b346-d48300fb4d22.jpg","datePublished":"2026-01-07T02:36:13+00:00","dateModified":"2026-01-07T02:36:15+00:00","description":"Los Vaqueros de Dallas despidieron el martes al coordinador defensivo de primer a\u00f1o Matt Eberflus despu\u00e9s de que permitieron la mayor cantidad de puntos e interceptaron la menor cantidad de pases en la historia de la franquicia.","breadcrumb":{"@id":"https:\/\/esbozodeportivo.com\/index.php\/2026\/01\/06\/vaqueros-despiden-a-matt-eberflus\/#breadcrumb"},"inLanguage":"es","potentialAction":[{"@type":"ReadAction","target":["https:\/\/esbozodeportivo.com\/index.php\/2026\/01\/06\/vaqueros-despiden-a-matt-eberflus\/"]}]},{"@type":"ImageObject","inLanguage":"es","@id":"https:\/\/esbozodeportivo.com\/index.php\/2026\/01\/06\/vaqueros-despiden-a-matt-eberflus\/#primaryimage","url":"https:\/\/esbozodeportivo.com\/wp-content\/uploads\/2026\/01\/bd8eafa8-b410-4625-b346-d48300fb4d22.jpg","contentUrl":"https:\/\/esbozodeportivo.com\/wp-content\/uploads\/2026\/01\/bd8eafa8-b410-4625-b346-d48300fb4d22.jpg","width":980,"height":653},{"@type":"BreadcrumbList","@id":"https:\/\/esbozodeportivo.com\/index.php\/2026\/01\/06\/vaqueros-despiden-a-matt-eberflus\/#breadcrumb","itemListElement":[{"@type":"ListItem","position":1,"name":"Inicio","item":"https:\/\/esbozodeportivo.com\/"},{"@type":"ListItem","position":2,"name":"Vaqueros despiden a Matt Eberflus"}]},{"@type":"WebSite","@id":"https:\/\/esbozodeportivo.com\/#website","url":"https:\/\/esbozodeportivo.com\/","name":"Esbozo Deportivo","description":"Lo m\u00e1s importante del Deporte","publisher":{"@id":"https:\/\/esbozodeportivo.com\/#organization"},"potentialAction":[{"@type":"SearchAction","target":{"@type":"EntryPoint","urlTemplate":"https:\/\/esbozodeportivo.com\/?s={search_term_string}"},"query-input":{"@type":"PropertyValueSpecification","valueRequired":true,"valueName":"search_term_string"}}],"inLanguage":"es"},{"@type":"Organization","@id":"https:\/\/esbozodeportivo.com\/#organization","name":"Esbozo Deportivo","url":"https:\/\/esbozodeportivo.com\/","logo":{"@type":"ImageObject","inLanguage":"es","@id":"https:\/\/esbozodeportivo.com\/#\/schema\/logo\/image\/","url":"https:\/\/esbozodeportivo.com\/wp-content\/uploads\/2022\/08\/cropped-Logo-Esbozo-Web-2.png","contentUrl":"https:\/\/esbozodeportivo.com\/wp-content\/uploads\/2022\/08\/cropped-Logo-Esbozo-Web-2.png","width":180,"height":50,"caption":"Esbozo Deportivo"},"image":{"@id":"https:\/\/esbozodeportivo.com\/#\/schema\/logo\/image\/"}},{"@type":"Person","@id":"https:\/\/esbozodeportivo.com\/#\/schema\/person\/0f6df9196dfe6740dd0bb31bae50d374","name":"Redacci\u00f3n","image":{"@type":"ImageObject","inLanguage":"es","@id":"https:\/\/esbozodeportivo.com\/#\/schema\/person\/image\/","url":"https:\/\/secure.gravatar.com\/avatar\/f55268a89c3b418f2ef172ff52ab0d09b3e653c58de29539fe329fb93d78ebf3?s=96&d=mm&r=g","contentUrl":"https:\/\/secure.gravatar.com\/avatar\/f55268a89c3b418f2ef172ff52ab0d09b3e653c58de29539fe329fb93d78ebf3?s=96&d=mm&r=g","caption":"Redacci\u00f3n"},"url":"https:\/\/esbozodeportivo.com\/index.php\/author\/redaccion\/"}]}},"jetpack_featured_media_url":"https:\/\/esbozodeportivo.com\/wp-content\/uploads\/2026\/01\/bd8eafa8-b410-4625-b346-d48300fb4d22.jpg","jetpack_sharing_enabled":true,"_links":{"self":[{"href":"https:\/\/esbozodeportivo.com\/index.php\/wp-json\/wp\/v2\/posts\/12131","targetHints":{"allow":["GET"]}}],"collection":[{"href":"https:\/\/esbozodeportivo.com\/index.php\/wp-json\/wp\/v2\/posts"}],"about":[{"href":"https:\/\/esbozodeportivo.com\/index.php\/wp-json\/wp\/v2\/types\/post"}],"author":[{"embeddable":true,"href":"https:\/\/esbozodeportivo.com\/index.php\/wp-json\/wp\/v2\/users\/4"}],"replies":[{"embeddable":true,"href":"https:\/\/esbozodeportivo.com\/index.php\/wp-json\/wp\/v2\/comments?post=12131"}],"version-history":[{"count":1,"href":"https:\/\/esbozodeportivo.com\/index.php\/wp-json\/wp\/v2\/posts\/12131\/revisions"}],"predecessor-version":[{"id":12132,"href":"https:\/\/esbozodeportivo.com\/index.php\/wp-json\/wp\/v2\/posts\/12131\/revisions\/12132"}],"wp:featuredmedia":[{"embeddable":true,"href":"https:\/\/esbozodeportivo.com\/index.php\/wp-json\/wp\/v2\/media\/12123"}],"wp:attachment":[{"href":"https:\/\/esbozodeportivo.com\/index.php\/wp-json\/wp\/v2\/media?parent=12131"}],"wp:term":[{"taxonomy":"category","embeddable":true,"href":"https:\/\/esbozodeportivo.com\/index.php\/wp-json\/wp\/v2\/categories?post=12131"},{"taxonomy":"post_tag","embeddable":true,"href":"https:\/\/esbozodeportivo.com\/index.php\/wp-json\/wp\/v2\/tags?post=12131"}],"curies":[{"name":"wp","href":"https:\/\/api.w.org\/{rel}","templated":true}]}}