{"id":12152,"date":"2026-01-07T21:08:55","date_gmt":"2026-01-08T03:08:55","guid":{"rendered":"https:\/\/esbozodeportivo.com\/?p=12152"},"modified":"2026-01-07T21:08:56","modified_gmt":"2026-01-08T03:08:56","slug":"va-eu-por-su-primer-oro-en-luge","status":"publish","type":"post","link":"https:\/\/esbozodeportivo.com\/index.php\/2026\/01\/07\/va-eu-por-su-primer-oro-en-luge\/","title":{"rendered":"Va EU por su primer oro en luge"},"content":{"rendered":"\n<p>(Foto; Agencias) <\/p>\n\n\n\n<p>Nadie sabe con certeza cu\u00e1ndo comenz\u00f3 el luge \u2014la palabra francesa para trineo. Y es que nadie seguramente tom\u00f3 nota de la primera vez que alguien se desliz\u00f3 cuesta abajo con los pies por delante.<\/p>\n\n\n\n<p>Algunos dicen que fue en el siglo XV, con evidencia de que hubo carreras en Noruega alrededor de esa \u00e9poca. La Federaci\u00f3n de Luge de Estados Unidos cree que el deporte podr\u00eda datar de alrededor del a\u00f1o 800 a.C., citando investigaciones seg\u00fan las cuales los vikingos usaban trineos con dos patines, similares a los que los ni\u00f1os han tenido durante d\u00e9cadas.<\/p>\n\n\n\n<p>El deporte, al menos como lo conocemos ahora, comenz\u00f3 a despegar en 1964. Se trata de velocidad, competidores apoyados sobre sus espaldas que avanzan con los pies por delante y alcanzan m\u00e1s de 137 kph en algunas de las pistas que se utilizan en todo el mundo hoy en d\u00eda.<\/p>\n\n\n\n<p>Esto es lo que hay que saber de cara a los Juegos Ol\u00edmpicos de Invie<\/p>\n\n\n\n<p><strong>De qu\u00e9 se trata<\/strong><\/p>\n\n\n\n<p>El luge en el programa ol\u00edmpico presenta competiciones individuales masculinas y femeninas, dobles en ambas ramas, junto con un relevo por equipos que incluye un participante de cada disciplina. Los deportistas se impulsan sujetando las manivelas para comenzar su carrera, luego clavan en el hielo las puntas de los dedos \u2014usando guantes con peque\u00f1as p\u00faas\u2014 para ayudar a generar m\u00e1s velocidad antes de acomodarse en el trineo para el descenso por el canal. Usan sus cuerpos (manos, piernas, peso) para hacer ajustes menores en la direcci\u00f3n. No hay frenos, por lo que los atletas levantan la parte delantera del trineo y usan los pies para reducir la velocidad a medida que la pista se inclina hacia arriba.<\/p>\n\n\n\n<p><strong>A qui\u00e9n observar<\/strong><\/p>\n\n\n\n<p>La respuesta f\u00e1cil sol\u00eda ser \u201clos alemanes\u201d, pero la competencia est\u00e1 m\u00e1s abierta en estos d\u00edas. Alemania todav\u00eda tiene estrellas como el campe\u00f3n mundial masculino en ediciones consecutivas Max Langenhan, el legendario Felix Loch y la monarca mundial femenina Julia Taubitz. Pero la anfitriona Italia (liderada por Dominik Fischnaller) deber\u00eda ser fuerte, Austria est\u00e1 cargada de talento (especialmente Madeleine Egle en individuales femeninos, Selina Egle y Lara Kipp en dobles femeninos, y Thomas Steu y Wolfgang Kindl en dobles masculinos) y los estadounidenses (incluyendo a Summer Britcher, Ashley Farquharson y Emily Fischnaller en individuales femeninos) tienen una serie de aspirantes leg\u00edtimos a medallas. Los dobles femeninos est\u00e1n en el programa ol\u00edmpico por primera vez este invierno.<\/p>\n\n\n\n<p><strong>Sedes y fechas<\/strong><\/p>\n\n\n\n<p>La competencia se llevar\u00e1 a cabo del 7 al 12 de febrero en el Centro de Deslizamiento de Cortina.<\/p>\n\n\n\n<p><strong>Momentos memorables<\/strong><\/p>\n\n\n\n<p>Estados Unidos ha ganado seis medallas ol\u00edmpicas, pero ninguna de ellas de oro: tres de plata y tres de bronce. Hubo un empate por el oro en los Juegos Ol\u00edmpicos de 1972 en dobles masculinos, cuando los italianos Paul Hildgartner y Walter Plaikner tuvieron el mismo tiempo que los alemanes orientales Horst H\u00f6rnlein y Reinhard Bredow. El cronometraje oficial se extendi\u00f3 a mil\u00e9simas de segundo despu\u00e9s de esa carrera, en lugar de cent\u00e9simas como en muchos deportes.<\/p>\n\n\n\n<p><strong>Datos curiosos<\/strong><\/p>\n\n\n\n<p>Mil\u00e1n-Cortina podr\u00eda ser como una nueva casa para Emily Fischnaller; la veterana deportista de Estados Unidos que ha competido bajo el nombre de Emily Sweeney hasta esta temporada. Se cas\u00f3 con el astro italiano Dominik Fischnaller en 2025 y la pareja tiene una casa a poca distancia en coche de la pista de Cortina&#8230; Los Tobis \u2014las estrellas alemanas de dobles Tobias Wendl y Tobias Arlt\u2014 tienen la oportunidad de romper un empate con la gran alemana retirada Natalie Geisenberger como los lugers ol\u00edmpicos m\u00e1s condecorados de la historia. Wendl y Arlt tienen seis oros, igualando el total de Geisenberger, quien acumul\u00f3 siete medallas en total, una m\u00e1s que los Tobis. Para dar una idea del dominio de Alemania en el luge, hay que considerar esto: Alemania tiene 22 medallas de oro, la mayor cantidad de cualquier naci\u00f3n. \u00bfEl segundo en esa lista? Ser\u00eda Alemania Oriental, que no ha existido desde 1990, con 13 oros.<\/p>\n\n\n\n<p><\/p>\n","protected":false},"excerpt":{"rendered":"<p>(Foto; Agencias) Nadie sabe con certeza cu\u00e1ndo comenz\u00f3 el luge \u2014la palabra francesa para trineo.<\/p>\n","protected":false},"author":4,"featured_media":12145,"comment_status":"closed","ping_status":"open","sticky":false,"template":"","format":"standard","meta":{"_jetpack_memberships_contains_paid_content":false,"footnotes":""},"categories":[117],"tags":[],"class_list":["post-12152","post","type-post","status-publish","format-standard","has-post-thumbnail","hentry","category-juegos-de-invierno"],"yoast_head":"<!-- This site is optimized with the Yoast SEO plugin v25.7 - https:\/\/yoast.com\/wordpress\/plugins\/seo\/ -->\n<title>Va EU por su primer oro en luge - Esbozo Deportivo<\/title>\n<meta name=\"description\" content=\"Nadie sabe con certeza cu\u00e1ndo comenz\u00f3 el luge \u2014la palabra francesa para trineo. Y es que nadie seguramente tom\u00f3 nota de la primera vez que alguien se desliz\u00f3 cuesta abajo con los pies por delante.\" \/>\n<meta name=\"robots\" content=\"index, follow, max-snippet:-1, max-image-preview:large, max-video-preview:-1\" \/>\n<link rel=\"canonical\" href=\"https:\/\/esbozodeportivo.com\/index.php\/2026\/01\/07\/va-eu-por-su-primer-oro-en-luge\/\" \/>\n<meta property=\"og:locale\" content=\"es_MX\" \/>\n<meta property=\"og:type\" content=\"article\" \/>\n<meta property=\"og:title\" content=\"Va EU por su primer oro en luge - Esbozo Deportivo\" \/>\n<meta property=\"og:description\" content=\"Nadie sabe con certeza cu\u00e1ndo comenz\u00f3 el luge \u2014la palabra francesa para trineo. Y es que nadie seguramente tom\u00f3 nota de la primera vez que alguien se desliz\u00f3 cuesta abajo con los pies por delante.\" \/>\n<meta property=\"og:url\" content=\"https:\/\/esbozodeportivo.com\/index.php\/2026\/01\/07\/va-eu-por-su-primer-oro-en-luge\/\" \/>\n<meta property=\"og:site_name\" content=\"Esbozo Deportivo\" \/>\n<meta property=\"article:published_time\" content=\"2026-01-08T03:08:55+00:00\" \/>\n<meta property=\"article:modified_time\" content=\"2026-01-08T03:08:56+00:00\" \/>\n<meta property=\"og:image\" content=\"https:\/\/esbozodeportivo.com\/wp-content\/uploads\/2026\/01\/9753b12a-4794-4d87-9778-8c8ff1e78586.jpg\" \/>\n\t<meta property=\"og:image:width\" content=\"980\" \/>\n\t<meta property=\"og:image:height\" content=\"653\" \/>\n\t<meta property=\"og:image:type\" content=\"image\/jpeg\" \/>\n<meta name=\"author\" content=\"Redacci\u00f3n\" \/>\n<meta name=\"twitter:card\" content=\"summary_large_image\" \/>\n<meta name=\"twitter:label1\" content=\"Escrito por\" \/>\n\t<meta name=\"twitter:data1\" content=\"Redacci\u00f3n\" \/>\n\t<meta name=\"twitter:label2\" content=\"Tiempo de lectura\" \/>\n\t<meta name=\"twitter:data2\" content=\"4 minutos\" \/>\n<script type=\"application\/ld+json\" class=\"yoast-schema-graph\">{\"@context\":\"https:\/\/schema.org\",\"@graph\":[{\"@type\":\"Article\",\"@id\":\"https:\/\/esbozodeportivo.com\/index.php\/2026\/01\/07\/va-eu-por-su-primer-oro-en-luge\/#article\",\"isPartOf\":{\"@id\":\"https:\/\/esbozodeportivo.com\/index.php\/2026\/01\/07\/va-eu-por-su-primer-oro-en-luge\/\"},\"author\":{\"name\":\"Redacci\u00f3n\",\"@id\":\"https:\/\/esbozodeportivo.com\/#\/schema\/person\/0f6df9196dfe6740dd0bb31bae50d374\"},\"headline\":\"Va EU por su primer oro en luge\",\"datePublished\":\"2026-01-08T03:08:55+00:00\",\"dateModified\":\"2026-01-08T03:08:56+00:00\",\"mainEntityOfPage\":{\"@id\":\"https:\/\/esbozodeportivo.com\/index.php\/2026\/01\/07\/va-eu-por-su-primer-oro-en-luge\/\"},\"wordCount\":699,\"publisher\":{\"@id\":\"https:\/\/esbozodeportivo.com\/#organization\"},\"image\":{\"@id\":\"https:\/\/esbozodeportivo.com\/index.php\/2026\/01\/07\/va-eu-por-su-primer-oro-en-luge\/#primaryimage\"},\"thumbnailUrl\":\"https:\/\/esbozodeportivo.com\/wp-content\/uploads\/2026\/01\/9753b12a-4794-4d87-9778-8c8ff1e78586.jpg\",\"articleSection\":[\"Juegos de Invierno\"],\"inLanguage\":\"es\"},{\"@type\":\"WebPage\",\"@id\":\"https:\/\/esbozodeportivo.com\/index.php\/2026\/01\/07\/va-eu-por-su-primer-oro-en-luge\/\",\"url\":\"https:\/\/esbozodeportivo.com\/index.php\/2026\/01\/07\/va-eu-por-su-primer-oro-en-luge\/\",\"name\":\"Va EU por su primer oro en luge - Esbozo Deportivo\",\"isPartOf\":{\"@id\":\"https:\/\/esbozodeportivo.com\/#website\"},\"primaryImageOfPage\":{\"@id\":\"https:\/\/esbozodeportivo.com\/index.php\/2026\/01\/07\/va-eu-por-su-primer-oro-en-luge\/#primaryimage\"},\"image\":{\"@id\":\"https:\/\/esbozodeportivo.com\/index.php\/2026\/01\/07\/va-eu-por-su-primer-oro-en-luge\/#primaryimage\"},\"thumbnailUrl\":\"https:\/\/esbozodeportivo.com\/wp-content\/uploads\/2026\/01\/9753b12a-4794-4d87-9778-8c8ff1e78586.jpg\",\"datePublished\":\"2026-01-08T03:08:55+00:00\",\"dateModified\":\"2026-01-08T03:08:56+00:00\",\"description\":\"Nadie sabe con certeza cu\u00e1ndo comenz\u00f3 el luge \u2014la palabra francesa para trineo. Y es que nadie seguramente tom\u00f3 nota de la primera vez que alguien se desliz\u00f3 cuesta abajo con los pies por delante.\",\"breadcrumb\":{\"@id\":\"https:\/\/esbozodeportivo.com\/index.php\/2026\/01\/07\/va-eu-por-su-primer-oro-en-luge\/#breadcrumb\"},\"inLanguage\":\"es\",\"potentialAction\":[{\"@type\":\"ReadAction\",\"target\":[\"https:\/\/esbozodeportivo.com\/index.php\/2026\/01\/07\/va-eu-por-su-primer-oro-en-luge\/\"]}]},{\"@type\":\"ImageObject\",\"inLanguage\":\"es\",\"@id\":\"https:\/\/esbozodeportivo.com\/index.php\/2026\/01\/07\/va-eu-por-su-primer-oro-en-luge\/#primaryimage\",\"url\":\"https:\/\/esbozodeportivo.com\/wp-content\/uploads\/2026\/01\/9753b12a-4794-4d87-9778-8c8ff1e78586.jpg\",\"contentUrl\":\"https:\/\/esbozodeportivo.com\/wp-content\/uploads\/2026\/01\/9753b12a-4794-4d87-9778-8c8ff1e78586.jpg\",\"width\":980,\"height\":653},{\"@type\":\"BreadcrumbList\",\"@id\":\"https:\/\/esbozodeportivo.com\/index.php\/2026\/01\/07\/va-eu-por-su-primer-oro-en-luge\/#breadcrumb\",\"itemListElement\":[{\"@type\":\"ListItem\",\"position\":1,\"name\":\"Inicio\",\"item\":\"https:\/\/esbozodeportivo.com\/\"},{\"@type\":\"ListItem\",\"position\":2,\"name\":\"Va EU por su primer oro en luge\"}]},{\"@type\":\"WebSite\",\"@id\":\"https:\/\/esbozodeportivo.com\/#website\",\"url\":\"https:\/\/esbozodeportivo.com\/\",\"name\":\"Esbozo Deportivo\",\"description\":\"Lo m\u00e1s importante del Deporte\",\"publisher\":{\"@id\":\"https:\/\/esbozodeportivo.com\/#organization\"},\"potentialAction\":[{\"@type\":\"SearchAction\",\"target\":{\"@type\":\"EntryPoint\",\"urlTemplate\":\"https:\/\/esbozodeportivo.com\/?s={search_term_string}\"},\"query-input\":{\"@type\":\"PropertyValueSpecification\",\"valueRequired\":true,\"valueName\":\"search_term_string\"}}],\"inLanguage\":\"es\"},{\"@type\":\"Organization\",\"@id\":\"https:\/\/esbozodeportivo.com\/#organization\",\"name\":\"Esbozo Deportivo\",\"url\":\"https:\/\/esbozodeportivo.com\/\",\"logo\":{\"@type\":\"ImageObject\",\"inLanguage\":\"es\",\"@id\":\"https:\/\/esbozodeportivo.com\/#\/schema\/logo\/image\/\",\"url\":\"https:\/\/esbozodeportivo.com\/wp-content\/uploads\/2022\/08\/cropped-Logo-Esbozo-Web-2.png\",\"contentUrl\":\"https:\/\/esbozodeportivo.com\/wp-content\/uploads\/2022\/08\/cropped-Logo-Esbozo-Web-2.png\",\"width\":180,\"height\":50,\"caption\":\"Esbozo Deportivo\"},\"image\":{\"@id\":\"https:\/\/esbozodeportivo.com\/#\/schema\/logo\/image\/\"}},{\"@type\":\"Person\",\"@id\":\"https:\/\/esbozodeportivo.com\/#\/schema\/person\/0f6df9196dfe6740dd0bb31bae50d374\",\"name\":\"Redacci\u00f3n\",\"image\":{\"@type\":\"ImageObject\",\"inLanguage\":\"es\",\"@id\":\"https:\/\/esbozodeportivo.com\/#\/schema\/person\/image\/\",\"url\":\"https:\/\/secure.gravatar.com\/avatar\/f55268a89c3b418f2ef172ff52ab0d09b3e653c58de29539fe329fb93d78ebf3?s=96&d=mm&r=g\",\"contentUrl\":\"https:\/\/secure.gravatar.com\/avatar\/f55268a89c3b418f2ef172ff52ab0d09b3e653c58de29539fe329fb93d78ebf3?s=96&d=mm&r=g\",\"caption\":\"Redacci\u00f3n\"},\"url\":\"https:\/\/esbozodeportivo.com\/index.php\/author\/redaccion\/\"}]}<\/script>\n<!-- \/ Yoast SEO plugin. -->","yoast_head_json":{"title":"Va EU por su primer oro en luge - Esbozo Deportivo","description":"Nadie sabe con certeza cu\u00e1ndo comenz\u00f3 el luge \u2014la palabra francesa para trineo. Y es que nadie seguramente tom\u00f3 nota de la primera vez que alguien se desliz\u00f3 cuesta abajo con los pies por delante.","robots":{"index":"index","follow":"follow","max-snippet":"max-snippet:-1","max-image-preview":"max-image-preview:large","max-video-preview":"max-video-preview:-1"},"canonical":"https:\/\/esbozodeportivo.com\/index.php\/2026\/01\/07\/va-eu-por-su-primer-oro-en-luge\/","og_locale":"es_MX","og_type":"article","og_title":"Va EU por su primer oro en luge - Esbozo Deportivo","og_description":"Nadie sabe con certeza cu\u00e1ndo comenz\u00f3 el luge \u2014la palabra francesa para trineo. Y es que nadie seguramente tom\u00f3 nota de la primera vez que alguien se desliz\u00f3 cuesta abajo con los pies por delante.","og_url":"https:\/\/esbozodeportivo.com\/index.php\/2026\/01\/07\/va-eu-por-su-primer-oro-en-luge\/","og_site_name":"Esbozo Deportivo","article_published_time":"2026-01-08T03:08:55+00:00","article_modified_time":"2026-01-08T03:08:56+00:00","og_image":[{"width":980,"height":653,"url":"https:\/\/esbozodeportivo.com\/wp-content\/uploads\/2026\/01\/9753b12a-4794-4d87-9778-8c8ff1e78586.jpg","type":"image\/jpeg"}],"author":"Redacci\u00f3n","twitter_card":"summary_large_image","twitter_misc":{"Escrito por":"Redacci\u00f3n","Tiempo de lectura":"4 minutos"},"schema":{"@context":"https:\/\/schema.org","@graph":[{"@type":"Article","@id":"https:\/\/esbozodeportivo.com\/index.php\/2026\/01\/07\/va-eu-por-su-primer-oro-en-luge\/#article","isPartOf":{"@id":"https:\/\/esbozodeportivo.com\/index.php\/2026\/01\/07\/va-eu-por-su-primer-oro-en-luge\/"},"author":{"name":"Redacci\u00f3n","@id":"https:\/\/esbozodeportivo.com\/#\/schema\/person\/0f6df9196dfe6740dd0bb31bae50d374"},"headline":"Va EU por su primer oro en luge","datePublished":"2026-01-08T03:08:55+00:00","dateModified":"2026-01-08T03:08:56+00:00","mainEntityOfPage":{"@id":"https:\/\/esbozodeportivo.com\/index.php\/2026\/01\/07\/va-eu-por-su-primer-oro-en-luge\/"},"wordCount":699,"publisher":{"@id":"https:\/\/esbozodeportivo.com\/#organization"},"image":{"@id":"https:\/\/esbozodeportivo.com\/index.php\/2026\/01\/07\/va-eu-por-su-primer-oro-en-luge\/#primaryimage"},"thumbnailUrl":"https:\/\/esbozodeportivo.com\/wp-content\/uploads\/2026\/01\/9753b12a-4794-4d87-9778-8c8ff1e78586.jpg","articleSection":["Juegos de Invierno"],"inLanguage":"es"},{"@type":"WebPage","@id":"https:\/\/esbozodeportivo.com\/index.php\/2026\/01\/07\/va-eu-por-su-primer-oro-en-luge\/","url":"https:\/\/esbozodeportivo.com\/index.php\/2026\/01\/07\/va-eu-por-su-primer-oro-en-luge\/","name":"Va EU por su primer oro en luge - Esbozo Deportivo","isPartOf":{"@id":"https:\/\/esbozodeportivo.com\/#website"},"primaryImageOfPage":{"@id":"https:\/\/esbozodeportivo.com\/index.php\/2026\/01\/07\/va-eu-por-su-primer-oro-en-luge\/#primaryimage"},"image":{"@id":"https:\/\/esbozodeportivo.com\/index.php\/2026\/01\/07\/va-eu-por-su-primer-oro-en-luge\/#primaryimage"},"thumbnailUrl":"https:\/\/esbozodeportivo.com\/wp-content\/uploads\/2026\/01\/9753b12a-4794-4d87-9778-8c8ff1e78586.jpg","datePublished":"2026-01-08T03:08:55+00:00","dateModified":"2026-01-08T03:08:56+00:00","description":"Nadie sabe con certeza cu\u00e1ndo comenz\u00f3 el luge \u2014la palabra francesa para trineo. Y es que nadie seguramente tom\u00f3 nota de la primera vez que alguien se desliz\u00f3 cuesta abajo con los pies por delante.","breadcrumb":{"@id":"https:\/\/esbozodeportivo.com\/index.php\/2026\/01\/07\/va-eu-por-su-primer-oro-en-luge\/#breadcrumb"},"inLanguage":"es","potentialAction":[{"@type":"ReadAction","target":["https:\/\/esbozodeportivo.com\/index.php\/2026\/01\/07\/va-eu-por-su-primer-oro-en-luge\/"]}]},{"@type":"ImageObject","inLanguage":"es","@id":"https:\/\/esbozodeportivo.com\/index.php\/2026\/01\/07\/va-eu-por-su-primer-oro-en-luge\/#primaryimage","url":"https:\/\/esbozodeportivo.com\/wp-content\/uploads\/2026\/01\/9753b12a-4794-4d87-9778-8c8ff1e78586.jpg","contentUrl":"https:\/\/esbozodeportivo.com\/wp-content\/uploads\/2026\/01\/9753b12a-4794-4d87-9778-8c8ff1e78586.jpg","width":980,"height":653},{"@type":"BreadcrumbList","@id":"https:\/\/esbozodeportivo.com\/index.php\/2026\/01\/07\/va-eu-por-su-primer-oro-en-luge\/#breadcrumb","itemListElement":[{"@type":"ListItem","position":1,"name":"Inicio","item":"https:\/\/esbozodeportivo.com\/"},{"@type":"ListItem","position":2,"name":"Va EU por su primer oro en luge"}]},{"@type":"WebSite","@id":"https:\/\/esbozodeportivo.com\/#website","url":"https:\/\/esbozodeportivo.com\/","name":"Esbozo Deportivo","description":"Lo m\u00e1s importante del Deporte","publisher":{"@id":"https:\/\/esbozodeportivo.com\/#organization"},"potentialAction":[{"@type":"SearchAction","target":{"@type":"EntryPoint","urlTemplate":"https:\/\/esbozodeportivo.com\/?s={search_term_string}"},"query-input":{"@type":"PropertyValueSpecification","valueRequired":true,"valueName":"search_term_string"}}],"inLanguage":"es"},{"@type":"Organization","@id":"https:\/\/esbozodeportivo.com\/#organization","name":"Esbozo Deportivo","url":"https:\/\/esbozodeportivo.com\/","logo":{"@type":"ImageObject","inLanguage":"es","@id":"https:\/\/esbozodeportivo.com\/#\/schema\/logo\/image\/","url":"https:\/\/esbozodeportivo.com\/wp-content\/uploads\/2022\/08\/cropped-Logo-Esbozo-Web-2.png","contentUrl":"https:\/\/esbozodeportivo.com\/wp-content\/uploads\/2022\/08\/cropped-Logo-Esbozo-Web-2.png","width":180,"height":50,"caption":"Esbozo Deportivo"},"image":{"@id":"https:\/\/esbozodeportivo.com\/#\/schema\/logo\/image\/"}},{"@type":"Person","@id":"https:\/\/esbozodeportivo.com\/#\/schema\/person\/0f6df9196dfe6740dd0bb31bae50d374","name":"Redacci\u00f3n","image":{"@type":"ImageObject","inLanguage":"es","@id":"https:\/\/esbozodeportivo.com\/#\/schema\/person\/image\/","url":"https:\/\/secure.gravatar.com\/avatar\/f55268a89c3b418f2ef172ff52ab0d09b3e653c58de29539fe329fb93d78ebf3?s=96&d=mm&r=g","contentUrl":"https:\/\/secure.gravatar.com\/avatar\/f55268a89c3b418f2ef172ff52ab0d09b3e653c58de29539fe329fb93d78ebf3?s=96&d=mm&r=g","caption":"Redacci\u00f3n"},"url":"https:\/\/esbozodeportivo.com\/index.php\/author\/redaccion\/"}]}},"jetpack_featured_media_url":"https:\/\/esbozodeportivo.com\/wp-content\/uploads\/2026\/01\/9753b12a-4794-4d87-9778-8c8ff1e78586.jpg","jetpack_sharing_enabled":true,"_links":{"self":[{"href":"https:\/\/esbozodeportivo.com\/index.php\/wp-json\/wp\/v2\/posts\/12152","targetHints":{"allow":["GET"]}}],"collection":[{"href":"https:\/\/esbozodeportivo.com\/index.php\/wp-json\/wp\/v2\/posts"}],"about":[{"href":"https:\/\/esbozodeportivo.com\/index.php\/wp-json\/wp\/v2\/types\/post"}],"author":[{"embeddable":true,"href":"https:\/\/esbozodeportivo.com\/index.php\/wp-json\/wp\/v2\/users\/4"}],"replies":[{"embeddable":true,"href":"https:\/\/esbozodeportivo.com\/index.php\/wp-json\/wp\/v2\/comments?post=12152"}],"version-history":[{"count":1,"href":"https:\/\/esbozodeportivo.com\/index.php\/wp-json\/wp\/v2\/posts\/12152\/revisions"}],"predecessor-version":[{"id":12153,"href":"https:\/\/esbozodeportivo.com\/index.php\/wp-json\/wp\/v2\/posts\/12152\/revisions\/12153"}],"wp:featuredmedia":[{"embeddable":true,"href":"https:\/\/esbozodeportivo.com\/index.php\/wp-json\/wp\/v2\/media\/12145"}],"wp:attachment":[{"href":"https:\/\/esbozodeportivo.com\/index.php\/wp-json\/wp\/v2\/media?parent=12152"}],"wp:term":[{"taxonomy":"category","embeddable":true,"href":"https:\/\/esbozodeportivo.com\/index.php\/wp-json\/wp\/v2\/categories?post=12152"},{"taxonomy":"post_tag","embeddable":true,"href":"https:\/\/esbozodeportivo.com\/index.php\/wp-json\/wp\/v2\/tags?post=12152"}],"curies":[{"name":"wp","href":"https:\/\/api.w.org\/{rel}","templated":true}]}}