{"id":12154,"date":"2026-01-07T21:10:25","date_gmt":"2026-01-08T03:10:25","guid":{"rendered":"https:\/\/esbozodeportivo.com\/?p=12154"},"modified":"2026-01-07T21:10:26","modified_gmt":"2026-01-08T03:10:26","slug":"simon-yates-se-retira-del-ciclismo","status":"publish","type":"post","link":"https:\/\/esbozodeportivo.com\/index.php\/2026\/01\/07\/simon-yates-se-retira-del-ciclismo\/","title":{"rendered":"Sim\u00f3n Yates se retira del ciclismo"},"content":{"rendered":"\n<p>(Foto; Agencias) <\/p>\n\n\n\n<p>El ciclista brit\u00e1nico Sim\u00f3n Yates anunci\u00f3 el mi\u00e9rcoles su retiro inmediato del deporte, poniendo fin a una carrera que incluy\u00f3 victorias generales en la Vuelta a Espa\u00f1a y el Giro de Italia del a\u00f1o pasado, as\u00ed como triunfos en etapas del Tour de Francia.<\/p>\n\n\n\n<p>La decisi\u00f3n de Yates fue una sorpresa, ya que ten\u00eda contrato con el equipo Visma-Lease a Bike hasta finales de 2026 tras su salida de Jayco-AlUla despu\u00e9s de 11 a\u00f1os.<\/p>\n\n\n\n<p>\u201cPero no es una decisi\u00f3n que haya tomado a la ligera\u201d, afirm\u00f3 el escalador de 33 a\u00f1os en un comunicado emitido por su equipo.<\/p>\n\n\n\n<p>\u201cHe estado pensando en ello durante mucho tiempo, y ahora siento que es el momento adecuado para alejarme del deporte\u201d, a\u00f1adi\u00f3.<\/p>\n\n\n\n<p>Yates gan\u00f3 la Vuelta en 2018, conquistando su primer t\u00edtulo en una Gran Vuelta, lo que consolid\u00f3 el dominio brit\u00e1nico en el ciclismo en ese momento. En el mismo a\u00f1o, Geraint Thomas se consagr\u00f3 en el Tour de Francia y Chris Froome lo hizo en el Giro.<\/p>\n\n\n\n<p>Siete a\u00f1os despu\u00e9s, Yates se alz\u00f3 con la victoria en el Giro, calific\u00e1ndolo como \u201cun momento decisivo de mi carrera\u201d.<\/p>\n\n\n\n<p>Su mejor resultado en el Tour de Francia fue un cuarto lugar en 2023.<\/p>\n\n\n\n<p>\u201cEl ciclismo ha sido parte de mi vida desde que tengo memoria. Desde competir en la pista del Vel\u00f3dromo de Manchester, hasta competir y ganar en el escenario m\u00e1s grande y representar a mi pa\u00eds en los Juegos Ol\u00edmpicos, ha moldeado cada cap\u00edtulo de mi vida\u201d, dijo Yates, quien tambi\u00e9n gan\u00f3 el oro en la carrera por puntos en el campeonato mundial de pista en 2013.<\/p>\n\n\n\n<p>En el Giro de 2025, Yates realiz\u00f3 una de las mejores actuaciones de su carrera en una de las subidas m\u00e1s agotadoras del ciclismo.<\/p>\n\n\n\n<p>Comenz\u00f3 la pen\u00faltima etapa en el tercer lugar, a un minuto y 21 segundos del mexicano Isaac Del Toro, entonces el l\u00edder general. Pero el ciclista brit\u00e1nico lanz\u00f3 un ataque en solitario en la subida al Colle delle Finestre, la misma monta\u00f1a que le caus\u00f3 desilusi\u00f3n siete a\u00f1os antes, para despegarse de sus rivales por el t\u00edtulo.<\/p>\n\n\n\n<p>\u201cEs una pena que se detenga ahora, pero lo hace en un punto absolutamente alto\u201d, dijo Grischa Niermann, jefe de carreras del equipo Visma-Lease a Bike.<\/p>\n\n\n\n<p>La victoria en el Giro fue una redenci\u00f3n para Yates, quien visti\u00f3 la maglia rosa durante 13 d\u00edas en el Gran Tour italiano en 2018 antes de desinflarse. Tambi\u00e9n tuvo que retirarse de la carrera en 2020 y 2022, debido al coronavirus y una lesi\u00f3n de rodilla, respectivamente.<\/p>\n\n\n\n<p>\u201cEstoy profundamente orgulloso de lo que he logrado y igualmente agradecido por las lecciones que vinieron con ello\u201d, expres\u00f3 Yates. \u201cSi bien las victorias siempre destacar\u00e1n, los d\u00edas m\u00e1s duros y los contratiempos fueron igual de importantes. Me ense\u00f1aron resiliencia y paciencia, y hicieron que los \u00e9xitos significaran a\u00fan m\u00e1s\u201d.<\/p>\n\n\n\n<p>Otro Yates, el hermano gemelo de Sim\u00f3n, Adam, seguir\u00e1 compitiendo la pr\u00f3xima temporada con el equipo UAE Team Emirates-XRG.<\/p>\n\n\n\n<p><\/p>\n","protected":false},"excerpt":{"rendered":"<p>(Foto; Agencias) El ciclista brit\u00e1nico Sim\u00f3n Yates anunci\u00f3 el mi\u00e9rcoles su retiro inmediato del deporte,<\/p>\n","protected":false},"author":4,"featured_media":12148,"comment_status":"closed","ping_status":"open","sticky":false,"template":"","format":"standard","meta":{"_jetpack_memberships_contains_paid_content":false,"footnotes":""},"categories":[10],"tags":[],"class_list":["post-12154","post","type-post","status-publish","format-standard","has-post-thumbnail","hentry","category-ciclismo"],"yoast_head":"<!-- This site is optimized with the Yoast SEO plugin v25.7 - https:\/\/yoast.com\/wordpress\/plugins\/seo\/ -->\n<title>Sim\u00f3n Yates se retira del ciclismo - Esbozo Deportivo<\/title>\n<meta name=\"description\" content=\"El ciclista brit\u00e1nico Sim\u00f3n Yates anunci\u00f3 el mi\u00e9rcoles su retiro inmediato del deporte, poniendo fin a una carrera que incluy\u00f3 victorias generales en la Vuelta a Espa\u00f1a y el Giro de Italia del a\u00f1o pasado, as\u00ed como triunfos en etapas del Tour de Francia.\" \/>\n<meta name=\"robots\" content=\"index, follow, max-snippet:-1, max-image-preview:large, max-video-preview:-1\" \/>\n<link rel=\"canonical\" href=\"https:\/\/esbozodeportivo.com\/index.php\/2026\/01\/07\/simon-yates-se-retira-del-ciclismo\/\" \/>\n<meta property=\"og:locale\" content=\"es_MX\" \/>\n<meta property=\"og:type\" content=\"article\" \/>\n<meta property=\"og:title\" content=\"Sim\u00f3n Yates se retira del ciclismo - Esbozo Deportivo\" \/>\n<meta property=\"og:description\" content=\"El ciclista brit\u00e1nico Sim\u00f3n Yates anunci\u00f3 el mi\u00e9rcoles su retiro inmediato del deporte, poniendo fin a una carrera que incluy\u00f3 victorias generales en la Vuelta a Espa\u00f1a y el Giro de Italia del a\u00f1o pasado, as\u00ed como triunfos en etapas del Tour de Francia.\" \/>\n<meta property=\"og:url\" content=\"https:\/\/esbozodeportivo.com\/index.php\/2026\/01\/07\/simon-yates-se-retira-del-ciclismo\/\" \/>\n<meta property=\"og:site_name\" content=\"Esbozo Deportivo\" \/>\n<meta property=\"article:published_time\" content=\"2026-01-08T03:10:25+00:00\" \/>\n<meta property=\"article:modified_time\" content=\"2026-01-08T03:10:26+00:00\" \/>\n<meta property=\"og:image\" content=\"https:\/\/esbozodeportivo.com\/wp-content\/uploads\/2026\/01\/f6708e1d-3cd6-41cd-8cab-7558627022a8.jpg\" \/>\n\t<meta property=\"og:image:width\" content=\"980\" \/>\n\t<meta property=\"og:image:height\" content=\"653\" \/>\n\t<meta property=\"og:image:type\" content=\"image\/jpeg\" \/>\n<meta name=\"author\" content=\"Redacci\u00f3n\" \/>\n<meta name=\"twitter:card\" content=\"summary_large_image\" \/>\n<meta name=\"twitter:label1\" content=\"Escrito por\" \/>\n\t<meta name=\"twitter:data1\" content=\"Redacci\u00f3n\" \/>\n\t<meta name=\"twitter:label2\" content=\"Tiempo de lectura\" \/>\n\t<meta name=\"twitter:data2\" content=\"3 minutos\" \/>\n<script type=\"application\/ld+json\" class=\"yoast-schema-graph\">{\"@context\":\"https:\/\/schema.org\",\"@graph\":[{\"@type\":\"Article\",\"@id\":\"https:\/\/esbozodeportivo.com\/index.php\/2026\/01\/07\/simon-yates-se-retira-del-ciclismo\/#article\",\"isPartOf\":{\"@id\":\"https:\/\/esbozodeportivo.com\/index.php\/2026\/01\/07\/simon-yates-se-retira-del-ciclismo\/\"},\"author\":{\"name\":\"Redacci\u00f3n\",\"@id\":\"https:\/\/esbozodeportivo.com\/#\/schema\/person\/0f6df9196dfe6740dd0bb31bae50d374\"},\"headline\":\"Sim\u00f3n Yates se retira del ciclismo\",\"datePublished\":\"2026-01-08T03:10:25+00:00\",\"dateModified\":\"2026-01-08T03:10:26+00:00\",\"mainEntityOfPage\":{\"@id\":\"https:\/\/esbozodeportivo.com\/index.php\/2026\/01\/07\/simon-yates-se-retira-del-ciclismo\/\"},\"wordCount\":531,\"publisher\":{\"@id\":\"https:\/\/esbozodeportivo.com\/#organization\"},\"image\":{\"@id\":\"https:\/\/esbozodeportivo.com\/index.php\/2026\/01\/07\/simon-yates-se-retira-del-ciclismo\/#primaryimage\"},\"thumbnailUrl\":\"https:\/\/esbozodeportivo.com\/wp-content\/uploads\/2026\/01\/f6708e1d-3cd6-41cd-8cab-7558627022a8.jpg\",\"articleSection\":[\"Ciclismo\"],\"inLanguage\":\"es\"},{\"@type\":\"WebPage\",\"@id\":\"https:\/\/esbozodeportivo.com\/index.php\/2026\/01\/07\/simon-yates-se-retira-del-ciclismo\/\",\"url\":\"https:\/\/esbozodeportivo.com\/index.php\/2026\/01\/07\/simon-yates-se-retira-del-ciclismo\/\",\"name\":\"Sim\u00f3n Yates se retira del ciclismo - Esbozo Deportivo\",\"isPartOf\":{\"@id\":\"https:\/\/esbozodeportivo.com\/#website\"},\"primaryImageOfPage\":{\"@id\":\"https:\/\/esbozodeportivo.com\/index.php\/2026\/01\/07\/simon-yates-se-retira-del-ciclismo\/#primaryimage\"},\"image\":{\"@id\":\"https:\/\/esbozodeportivo.com\/index.php\/2026\/01\/07\/simon-yates-se-retira-del-ciclismo\/#primaryimage\"},\"thumbnailUrl\":\"https:\/\/esbozodeportivo.com\/wp-content\/uploads\/2026\/01\/f6708e1d-3cd6-41cd-8cab-7558627022a8.jpg\",\"datePublished\":\"2026-01-08T03:10:25+00:00\",\"dateModified\":\"2026-01-08T03:10:26+00:00\",\"description\":\"El ciclista brit\u00e1nico Sim\u00f3n Yates anunci\u00f3 el mi\u00e9rcoles su retiro inmediato del deporte, poniendo fin a una carrera que incluy\u00f3 victorias generales en la Vuelta a Espa\u00f1a y el Giro de Italia del a\u00f1o pasado, as\u00ed como triunfos en etapas del Tour de Francia.\",\"breadcrumb\":{\"@id\":\"https:\/\/esbozodeportivo.com\/index.php\/2026\/01\/07\/simon-yates-se-retira-del-ciclismo\/#breadcrumb\"},\"inLanguage\":\"es\",\"potentialAction\":[{\"@type\":\"ReadAction\",\"target\":[\"https:\/\/esbozodeportivo.com\/index.php\/2026\/01\/07\/simon-yates-se-retira-del-ciclismo\/\"]}]},{\"@type\":\"ImageObject\",\"inLanguage\":\"es\",\"@id\":\"https:\/\/esbozodeportivo.com\/index.php\/2026\/01\/07\/simon-yates-se-retira-del-ciclismo\/#primaryimage\",\"url\":\"https:\/\/esbozodeportivo.com\/wp-content\/uploads\/2026\/01\/f6708e1d-3cd6-41cd-8cab-7558627022a8.jpg\",\"contentUrl\":\"https:\/\/esbozodeportivo.com\/wp-content\/uploads\/2026\/01\/f6708e1d-3cd6-41cd-8cab-7558627022a8.jpg\",\"width\":980,\"height\":653},{\"@type\":\"BreadcrumbList\",\"@id\":\"https:\/\/esbozodeportivo.com\/index.php\/2026\/01\/07\/simon-yates-se-retira-del-ciclismo\/#breadcrumb\",\"itemListElement\":[{\"@type\":\"ListItem\",\"position\":1,\"name\":\"Inicio\",\"item\":\"https:\/\/esbozodeportivo.com\/\"},{\"@type\":\"ListItem\",\"position\":2,\"name\":\"Sim\u00f3n Yates se retira del ciclismo\"}]},{\"@type\":\"WebSite\",\"@id\":\"https:\/\/esbozodeportivo.com\/#website\",\"url\":\"https:\/\/esbozodeportivo.com\/\",\"name\":\"Esbozo Deportivo\",\"description\":\"Lo m\u00e1s importante del Deporte\",\"publisher\":{\"@id\":\"https:\/\/esbozodeportivo.com\/#organization\"},\"potentialAction\":[{\"@type\":\"SearchAction\",\"target\":{\"@type\":\"EntryPoint\",\"urlTemplate\":\"https:\/\/esbozodeportivo.com\/?s={search_term_string}\"},\"query-input\":{\"@type\":\"PropertyValueSpecification\",\"valueRequired\":true,\"valueName\":\"search_term_string\"}}],\"inLanguage\":\"es\"},{\"@type\":\"Organization\",\"@id\":\"https:\/\/esbozodeportivo.com\/#organization\",\"name\":\"Esbozo Deportivo\",\"url\":\"https:\/\/esbozodeportivo.com\/\",\"logo\":{\"@type\":\"ImageObject\",\"inLanguage\":\"es\",\"@id\":\"https:\/\/esbozodeportivo.com\/#\/schema\/logo\/image\/\",\"url\":\"https:\/\/esbozodeportivo.com\/wp-content\/uploads\/2022\/08\/cropped-Logo-Esbozo-Web-2.png\",\"contentUrl\":\"https:\/\/esbozodeportivo.com\/wp-content\/uploads\/2022\/08\/cropped-Logo-Esbozo-Web-2.png\",\"width\":180,\"height\":50,\"caption\":\"Esbozo Deportivo\"},\"image\":{\"@id\":\"https:\/\/esbozodeportivo.com\/#\/schema\/logo\/image\/\"}},{\"@type\":\"Person\",\"@id\":\"https:\/\/esbozodeportivo.com\/#\/schema\/person\/0f6df9196dfe6740dd0bb31bae50d374\",\"name\":\"Redacci\u00f3n\",\"image\":{\"@type\":\"ImageObject\",\"inLanguage\":\"es\",\"@id\":\"https:\/\/esbozodeportivo.com\/#\/schema\/person\/image\/\",\"url\":\"https:\/\/secure.gravatar.com\/avatar\/f55268a89c3b418f2ef172ff52ab0d09b3e653c58de29539fe329fb93d78ebf3?s=96&d=mm&r=g\",\"contentUrl\":\"https:\/\/secure.gravatar.com\/avatar\/f55268a89c3b418f2ef172ff52ab0d09b3e653c58de29539fe329fb93d78ebf3?s=96&d=mm&r=g\",\"caption\":\"Redacci\u00f3n\"},\"url\":\"https:\/\/esbozodeportivo.com\/index.php\/author\/redaccion\/\"}]}<\/script>\n<!-- \/ Yoast SEO plugin. -->","yoast_head_json":{"title":"Sim\u00f3n Yates se retira del ciclismo - Esbozo Deportivo","description":"El ciclista brit\u00e1nico Sim\u00f3n Yates anunci\u00f3 el mi\u00e9rcoles su retiro inmediato del deporte, poniendo fin a una carrera que incluy\u00f3 victorias generales en la Vuelta a Espa\u00f1a y el Giro de Italia del a\u00f1o pasado, as\u00ed como triunfos en etapas del Tour de Francia.","robots":{"index":"index","follow":"follow","max-snippet":"max-snippet:-1","max-image-preview":"max-image-preview:large","max-video-preview":"max-video-preview:-1"},"canonical":"https:\/\/esbozodeportivo.com\/index.php\/2026\/01\/07\/simon-yates-se-retira-del-ciclismo\/","og_locale":"es_MX","og_type":"article","og_title":"Sim\u00f3n Yates se retira del ciclismo - Esbozo Deportivo","og_description":"El ciclista brit\u00e1nico Sim\u00f3n Yates anunci\u00f3 el mi\u00e9rcoles su retiro inmediato del deporte, poniendo fin a una carrera que incluy\u00f3 victorias generales en la Vuelta a Espa\u00f1a y el Giro de Italia del a\u00f1o pasado, as\u00ed como triunfos en etapas del Tour de Francia.","og_url":"https:\/\/esbozodeportivo.com\/index.php\/2026\/01\/07\/simon-yates-se-retira-del-ciclismo\/","og_site_name":"Esbozo Deportivo","article_published_time":"2026-01-08T03:10:25+00:00","article_modified_time":"2026-01-08T03:10:26+00:00","og_image":[{"width":980,"height":653,"url":"https:\/\/esbozodeportivo.com\/wp-content\/uploads\/2026\/01\/f6708e1d-3cd6-41cd-8cab-7558627022a8.jpg","type":"image\/jpeg"}],"author":"Redacci\u00f3n","twitter_card":"summary_large_image","twitter_misc":{"Escrito por":"Redacci\u00f3n","Tiempo de lectura":"3 minutos"},"schema":{"@context":"https:\/\/schema.org","@graph":[{"@type":"Article","@id":"https:\/\/esbozodeportivo.com\/index.php\/2026\/01\/07\/simon-yates-se-retira-del-ciclismo\/#article","isPartOf":{"@id":"https:\/\/esbozodeportivo.com\/index.php\/2026\/01\/07\/simon-yates-se-retira-del-ciclismo\/"},"author":{"name":"Redacci\u00f3n","@id":"https:\/\/esbozodeportivo.com\/#\/schema\/person\/0f6df9196dfe6740dd0bb31bae50d374"},"headline":"Sim\u00f3n Yates se retira del ciclismo","datePublished":"2026-01-08T03:10:25+00:00","dateModified":"2026-01-08T03:10:26+00:00","mainEntityOfPage":{"@id":"https:\/\/esbozodeportivo.com\/index.php\/2026\/01\/07\/simon-yates-se-retira-del-ciclismo\/"},"wordCount":531,"publisher":{"@id":"https:\/\/esbozodeportivo.com\/#organization"},"image":{"@id":"https:\/\/esbozodeportivo.com\/index.php\/2026\/01\/07\/simon-yates-se-retira-del-ciclismo\/#primaryimage"},"thumbnailUrl":"https:\/\/esbozodeportivo.com\/wp-content\/uploads\/2026\/01\/f6708e1d-3cd6-41cd-8cab-7558627022a8.jpg","articleSection":["Ciclismo"],"inLanguage":"es"},{"@type":"WebPage","@id":"https:\/\/esbozodeportivo.com\/index.php\/2026\/01\/07\/simon-yates-se-retira-del-ciclismo\/","url":"https:\/\/esbozodeportivo.com\/index.php\/2026\/01\/07\/simon-yates-se-retira-del-ciclismo\/","name":"Sim\u00f3n Yates se retira del ciclismo - Esbozo Deportivo","isPartOf":{"@id":"https:\/\/esbozodeportivo.com\/#website"},"primaryImageOfPage":{"@id":"https:\/\/esbozodeportivo.com\/index.php\/2026\/01\/07\/simon-yates-se-retira-del-ciclismo\/#primaryimage"},"image":{"@id":"https:\/\/esbozodeportivo.com\/index.php\/2026\/01\/07\/simon-yates-se-retira-del-ciclismo\/#primaryimage"},"thumbnailUrl":"https:\/\/esbozodeportivo.com\/wp-content\/uploads\/2026\/01\/f6708e1d-3cd6-41cd-8cab-7558627022a8.jpg","datePublished":"2026-01-08T03:10:25+00:00","dateModified":"2026-01-08T03:10:26+00:00","description":"El ciclista brit\u00e1nico Sim\u00f3n Yates anunci\u00f3 el mi\u00e9rcoles su retiro inmediato del deporte, poniendo fin a una carrera que incluy\u00f3 victorias generales en la Vuelta a Espa\u00f1a y el Giro de Italia del a\u00f1o pasado, as\u00ed como triunfos en etapas del Tour de Francia.","breadcrumb":{"@id":"https:\/\/esbozodeportivo.com\/index.php\/2026\/01\/07\/simon-yates-se-retira-del-ciclismo\/#breadcrumb"},"inLanguage":"es","potentialAction":[{"@type":"ReadAction","target":["https:\/\/esbozodeportivo.com\/index.php\/2026\/01\/07\/simon-yates-se-retira-del-ciclismo\/"]}]},{"@type":"ImageObject","inLanguage":"es","@id":"https:\/\/esbozodeportivo.com\/index.php\/2026\/01\/07\/simon-yates-se-retira-del-ciclismo\/#primaryimage","url":"https:\/\/esbozodeportivo.com\/wp-content\/uploads\/2026\/01\/f6708e1d-3cd6-41cd-8cab-7558627022a8.jpg","contentUrl":"https:\/\/esbozodeportivo.com\/wp-content\/uploads\/2026\/01\/f6708e1d-3cd6-41cd-8cab-7558627022a8.jpg","width":980,"height":653},{"@type":"BreadcrumbList","@id":"https:\/\/esbozodeportivo.com\/index.php\/2026\/01\/07\/simon-yates-se-retira-del-ciclismo\/#breadcrumb","itemListElement":[{"@type":"ListItem","position":1,"name":"Inicio","item":"https:\/\/esbozodeportivo.com\/"},{"@type":"ListItem","position":2,"name":"Sim\u00f3n Yates se retira del ciclismo"}]},{"@type":"WebSite","@id":"https:\/\/esbozodeportivo.com\/#website","url":"https:\/\/esbozodeportivo.com\/","name":"Esbozo Deportivo","description":"Lo m\u00e1s importante del Deporte","publisher":{"@id":"https:\/\/esbozodeportivo.com\/#organization"},"potentialAction":[{"@type":"SearchAction","target":{"@type":"EntryPoint","urlTemplate":"https:\/\/esbozodeportivo.com\/?s={search_term_string}"},"query-input":{"@type":"PropertyValueSpecification","valueRequired":true,"valueName":"search_term_string"}}],"inLanguage":"es"},{"@type":"Organization","@id":"https:\/\/esbozodeportivo.com\/#organization","name":"Esbozo Deportivo","url":"https:\/\/esbozodeportivo.com\/","logo":{"@type":"ImageObject","inLanguage":"es","@id":"https:\/\/esbozodeportivo.com\/#\/schema\/logo\/image\/","url":"https:\/\/esbozodeportivo.com\/wp-content\/uploads\/2022\/08\/cropped-Logo-Esbozo-Web-2.png","contentUrl":"https:\/\/esbozodeportivo.com\/wp-content\/uploads\/2022\/08\/cropped-Logo-Esbozo-Web-2.png","width":180,"height":50,"caption":"Esbozo Deportivo"},"image":{"@id":"https:\/\/esbozodeportivo.com\/#\/schema\/logo\/image\/"}},{"@type":"Person","@id":"https:\/\/esbozodeportivo.com\/#\/schema\/person\/0f6df9196dfe6740dd0bb31bae50d374","name":"Redacci\u00f3n","image":{"@type":"ImageObject","inLanguage":"es","@id":"https:\/\/esbozodeportivo.com\/#\/schema\/person\/image\/","url":"https:\/\/secure.gravatar.com\/avatar\/f55268a89c3b418f2ef172ff52ab0d09b3e653c58de29539fe329fb93d78ebf3?s=96&d=mm&r=g","contentUrl":"https:\/\/secure.gravatar.com\/avatar\/f55268a89c3b418f2ef172ff52ab0d09b3e653c58de29539fe329fb93d78ebf3?s=96&d=mm&r=g","caption":"Redacci\u00f3n"},"url":"https:\/\/esbozodeportivo.com\/index.php\/author\/redaccion\/"}]}},"jetpack_featured_media_url":"https:\/\/esbozodeportivo.com\/wp-content\/uploads\/2026\/01\/f6708e1d-3cd6-41cd-8cab-7558627022a8.jpg","jetpack_sharing_enabled":true,"_links":{"self":[{"href":"https:\/\/esbozodeportivo.com\/index.php\/wp-json\/wp\/v2\/posts\/12154","targetHints":{"allow":["GET"]}}],"collection":[{"href":"https:\/\/esbozodeportivo.com\/index.php\/wp-json\/wp\/v2\/posts"}],"about":[{"href":"https:\/\/esbozodeportivo.com\/index.php\/wp-json\/wp\/v2\/types\/post"}],"author":[{"embeddable":true,"href":"https:\/\/esbozodeportivo.com\/index.php\/wp-json\/wp\/v2\/users\/4"}],"replies":[{"embeddable":true,"href":"https:\/\/esbozodeportivo.com\/index.php\/wp-json\/wp\/v2\/comments?post=12154"}],"version-history":[{"count":1,"href":"https:\/\/esbozodeportivo.com\/index.php\/wp-json\/wp\/v2\/posts\/12154\/revisions"}],"predecessor-version":[{"id":12155,"href":"https:\/\/esbozodeportivo.com\/index.php\/wp-json\/wp\/v2\/posts\/12154\/revisions\/12155"}],"wp:featuredmedia":[{"embeddable":true,"href":"https:\/\/esbozodeportivo.com\/index.php\/wp-json\/wp\/v2\/media\/12148"}],"wp:attachment":[{"href":"https:\/\/esbozodeportivo.com\/index.php\/wp-json\/wp\/v2\/media?parent=12154"}],"wp:term":[{"taxonomy":"category","embeddable":true,"href":"https:\/\/esbozodeportivo.com\/index.php\/wp-json\/wp\/v2\/categories?post=12154"},{"taxonomy":"post_tag","embeddable":true,"href":"https:\/\/esbozodeportivo.com\/index.php\/wp-json\/wp\/v2\/tags?post=12154"}],"curies":[{"name":"wp","href":"https:\/\/api.w.org\/{rel}","templated":true}]}}