{"id":12156,"date":"2026-01-07T21:11:51","date_gmt":"2026-01-08T03:11:51","guid":{"rendered":"https:\/\/esbozodeportivo.com\/?p=12156"},"modified":"2026-01-07T21:11:53","modified_gmt":"2026-01-08T03:11:53","slug":"messi-quiere-su-propio-equipo","status":"publish","type":"post","link":"https:\/\/esbozodeportivo.com\/index.php\/2026\/01\/07\/messi-quiere-su-propio-equipo\/","title":{"rendered":"Messi quiere su propio equipo"},"content":{"rendered":"\n<p>(Foto: Agencias) <\/p>\n\n\n\n<p>Lionel Messi preferir\u00eda convertirse en propietario de un club en lugar de ser t\u00e9cnico cuando deje de ser jugador, afirm\u00f3 el astro argentino.<\/p>\n\n\n\n<p>En octubre, Messi firm\u00f3 una extensi\u00f3n de contrato por tres a\u00f1os con el Inter Miami que lo atar\u00eda con el actual campe\u00f3n de la MLS hasta la temporada 2028. Messi cumplir\u00e1 39 a\u00f1os el pr\u00f3ximo junio, en medio de la Copa del Mundo que se espera dispute con la campeona defensora Argentina.<\/p>\n\n\n\n<p>\u201cT\u00e9cnico la verdad que no me veo, m\u00e1nager me gusta, pero si te tengo que decir una de las tres me gustar\u00eda ser el propietario\u201d, manifest\u00f3 Messi al canal de streaming Luzu TV en una entrevista grabada en diciembre que se emiti\u00f3 el martes por la noche.<\/p>\n\n\n\n<p>\u201cMe gustar\u00eda poder tener mi propio club, poder hacerlo crecer, arrancar desde abajo y poderle dar la oportunidad a los chicos, a la gente de que crezcan y hacer un club importante\u201d, sostuvo. \u201cSi tengo que elegir por donde eso es lo que m\u00e1s me llamar\u00eda\u201d.<\/p>\n\n\n\n<p>Messi, quien llev\u00f3 a Argentina al t\u00edtulo en el Mundial de Qatar 2022, ya es copropietario del Deportivo LSM, equipo de cuarta divisi\u00f3n de Uruguay, que es co-propiedad de Luis Su\u00e1rez, su compa\u00f1ero de equipo en Inter Miami<\/p>\n\n\n\n<p>\u201cInvit\u00e9 a mi amigo para que se una al proyecto y sigamos compartiendo nuestra visi\u00f3n de f\u00fatbol y de trabajo\u201d, dijo Su\u00e1rez en un video difundido en mayo pasado junto a Messi<\/p>\n\n\n\n<p>Messi, ocho veces ganador del Bal\u00f3n, tambi\u00e9n tiene una futura participaci\u00f3n minoritaria en la propiedad de Inter Miami, incluida en su contrato.<\/p>\n\n\n\n<p>Messi obtuvo la Bota de Oro de la MLS esta temporada tras anotar 29 goles, cinco m\u00e1s que Denis Bouanga del LAFC y Sam Surridge de Nashville. Tambi\u00e9n aport\u00f3 19 asistencias, y sus 48 contribuciones totales de gol quedaron a una de igualar el r\u00e9cord de la liga establecido por Carlos Vela en 2019.<\/p>\n\n\n\n<p>Messi tambi\u00e9n se convirti\u00f3 en el primer jugador en ganar premios MVP consecutivos en la historia de la MLS.<\/p>\n\n\n\n<p>En la entrevista Messi se refiri\u00f3 al periodo en el que se alej\u00f3 de la Albiceleste tras perder tres finales consecutivas entre 2014 y 2016.<\/p>\n\n\n\n<p>\u201cMe arrepent\u00ed much\u00edsimo porque ve\u00eda los partidos de la selecci\u00f3n y me quer\u00eda morir. Menos mal que pude volver\u201d, indic\u00f3.<\/p>\n\n\n\n<p>Volvi\u00f3 y, aparte del Mundial 2022, atrap\u00f3 t\u00edtulos sucesivos de la Copa Am\u00e9rica en 2021 y 2024.<\/p>\n\n\n\n<p>\u201cDios me regalo mucho m\u00e1s de lo que yo pensaba. Cuando parec\u00eda que ya era imposible llegar a los trofeos con la selecci\u00f3n de Argentina que era lo que m\u00e1s deseaba y me faltaba lleg\u00f3 la Copa Am\u00e9rica y dije por lo menos ya gan\u00e9 algo con la selecci\u00f3n y despu\u00e9s lleg\u00f3 lo de Qatar\u201d, destac\u00f3 Messi.<\/p>\n\n\n\n<p>\u201cPor eso un poco lo que muchas veces se habl\u00f3 la se\u00f1a que le hice al palco, a la familia que podemos estar tranquilos que ya hicimos todo\u201d, agreg\u00f3. \u201cTodo lo que venga es de arriba y m\u00e1s que agradecido por todo lo que me toc\u00f3 vivir y conseguir. Soy un agradecido totalmente\u201d.<\/p>\n\n\n\n<p><\/p>\n","protected":false},"excerpt":{"rendered":"<p>(Foto: Agencias) Lionel Messi preferir\u00eda convertirse en propietario de un club en lugar de ser<\/p>\n","protected":false},"author":4,"featured_media":12144,"comment_status":"closed","ping_status":"open","sticky":false,"template":"","format":"standard","meta":{"_jetpack_memberships_contains_paid_content":false,"footnotes":""},"categories":[45],"tags":[],"class_list":["post-12156","post","type-post","status-publish","format-standard","has-post-thumbnail","hentry","category-mls"],"yoast_head":"<!-- This site is optimized with the Yoast SEO plugin v25.7 - https:\/\/yoast.com\/wordpress\/plugins\/seo\/ -->\n<title>Messi quiere su propio equipo - Esbozo Deportivo<\/title>\n<meta name=\"description\" content=\"En octubre, Messi firm\u00f3 una extensi\u00f3n de contrato por tres a\u00f1os con el Inter Miami que lo atar\u00eda con el actual campe\u00f3n de la MLS hasta la temporada 2028. Messi cumplir\u00e1 39 a\u00f1os el pr\u00f3ximo junio, en medio de la Copa del Mundo que se espera dispute con la campeona defensora Argentina.\" \/>\n<meta name=\"robots\" content=\"index, follow, max-snippet:-1, max-image-preview:large, max-video-preview:-1\" \/>\n<link rel=\"canonical\" href=\"https:\/\/esbozodeportivo.com\/index.php\/2026\/01\/07\/messi-quiere-su-propio-equipo\/\" \/>\n<meta property=\"og:locale\" content=\"es_MX\" \/>\n<meta property=\"og:type\" content=\"article\" \/>\n<meta property=\"og:title\" content=\"Messi quiere su propio equipo - Esbozo Deportivo\" \/>\n<meta property=\"og:description\" content=\"En octubre, Messi firm\u00f3 una extensi\u00f3n de contrato por tres a\u00f1os con el Inter Miami que lo atar\u00eda con el actual campe\u00f3n de la MLS hasta la temporada 2028. Messi cumplir\u00e1 39 a\u00f1os el pr\u00f3ximo junio, en medio de la Copa del Mundo que se espera dispute con la campeona defensora Argentina.\" \/>\n<meta property=\"og:url\" content=\"https:\/\/esbozodeportivo.com\/index.php\/2026\/01\/07\/messi-quiere-su-propio-equipo\/\" \/>\n<meta property=\"og:site_name\" content=\"Esbozo Deportivo\" \/>\n<meta property=\"article:published_time\" content=\"2026-01-08T03:11:51+00:00\" \/>\n<meta property=\"article:modified_time\" content=\"2026-01-08T03:11:53+00:00\" \/>\n<meta property=\"og:image\" content=\"https:\/\/esbozodeportivo.com\/wp-content\/uploads\/2026\/01\/5198d213-32d6-44c5-8d8a-c4fbbc1fae59.jpg\" \/>\n\t<meta property=\"og:image:width\" content=\"980\" \/>\n\t<meta property=\"og:image:height\" content=\"653\" \/>\n\t<meta property=\"og:image:type\" content=\"image\/jpeg\" \/>\n<meta name=\"author\" content=\"Redacci\u00f3n\" \/>\n<meta name=\"twitter:card\" content=\"summary_large_image\" \/>\n<meta name=\"twitter:label1\" content=\"Escrito por\" \/>\n\t<meta name=\"twitter:data1\" content=\"Redacci\u00f3n\" \/>\n\t<meta name=\"twitter:label2\" content=\"Tiempo de lectura\" \/>\n\t<meta name=\"twitter:data2\" content=\"3 minutos\" \/>\n<script type=\"application\/ld+json\" class=\"yoast-schema-graph\">{\"@context\":\"https:\/\/schema.org\",\"@graph\":[{\"@type\":\"Article\",\"@id\":\"https:\/\/esbozodeportivo.com\/index.php\/2026\/01\/07\/messi-quiere-su-propio-equipo\/#article\",\"isPartOf\":{\"@id\":\"https:\/\/esbozodeportivo.com\/index.php\/2026\/01\/07\/messi-quiere-su-propio-equipo\/\"},\"author\":{\"name\":\"Redacci\u00f3n\",\"@id\":\"https:\/\/esbozodeportivo.com\/#\/schema\/person\/0f6df9196dfe6740dd0bb31bae50d374\"},\"headline\":\"Messi quiere su propio equipo\",\"datePublished\":\"2026-01-08T03:11:51+00:00\",\"dateModified\":\"2026-01-08T03:11:53+00:00\",\"mainEntityOfPage\":{\"@id\":\"https:\/\/esbozodeportivo.com\/index.php\/2026\/01\/07\/messi-quiere-su-propio-equipo\/\"},\"wordCount\":543,\"publisher\":{\"@id\":\"https:\/\/esbozodeportivo.com\/#organization\"},\"image\":{\"@id\":\"https:\/\/esbozodeportivo.com\/index.php\/2026\/01\/07\/messi-quiere-su-propio-equipo\/#primaryimage\"},\"thumbnailUrl\":\"https:\/\/esbozodeportivo.com\/wp-content\/uploads\/2026\/01\/5198d213-32d6-44c5-8d8a-c4fbbc1fae59.jpg\",\"articleSection\":[\"MLS\"],\"inLanguage\":\"es\"},{\"@type\":\"WebPage\",\"@id\":\"https:\/\/esbozodeportivo.com\/index.php\/2026\/01\/07\/messi-quiere-su-propio-equipo\/\",\"url\":\"https:\/\/esbozodeportivo.com\/index.php\/2026\/01\/07\/messi-quiere-su-propio-equipo\/\",\"name\":\"Messi quiere su propio equipo - Esbozo Deportivo\",\"isPartOf\":{\"@id\":\"https:\/\/esbozodeportivo.com\/#website\"},\"primaryImageOfPage\":{\"@id\":\"https:\/\/esbozodeportivo.com\/index.php\/2026\/01\/07\/messi-quiere-su-propio-equipo\/#primaryimage\"},\"image\":{\"@id\":\"https:\/\/esbozodeportivo.com\/index.php\/2026\/01\/07\/messi-quiere-su-propio-equipo\/#primaryimage\"},\"thumbnailUrl\":\"https:\/\/esbozodeportivo.com\/wp-content\/uploads\/2026\/01\/5198d213-32d6-44c5-8d8a-c4fbbc1fae59.jpg\",\"datePublished\":\"2026-01-08T03:11:51+00:00\",\"dateModified\":\"2026-01-08T03:11:53+00:00\",\"description\":\"En octubre, Messi firm\u00f3 una extensi\u00f3n de contrato por tres a\u00f1os con el Inter Miami que lo atar\u00eda con el actual campe\u00f3n de la MLS hasta la temporada 2028. Messi cumplir\u00e1 39 a\u00f1os el pr\u00f3ximo junio, en medio de la Copa del Mundo que se espera dispute con la campeona defensora Argentina.\",\"breadcrumb\":{\"@id\":\"https:\/\/esbozodeportivo.com\/index.php\/2026\/01\/07\/messi-quiere-su-propio-equipo\/#breadcrumb\"},\"inLanguage\":\"es\",\"potentialAction\":[{\"@type\":\"ReadAction\",\"target\":[\"https:\/\/esbozodeportivo.com\/index.php\/2026\/01\/07\/messi-quiere-su-propio-equipo\/\"]}]},{\"@type\":\"ImageObject\",\"inLanguage\":\"es\",\"@id\":\"https:\/\/esbozodeportivo.com\/index.php\/2026\/01\/07\/messi-quiere-su-propio-equipo\/#primaryimage\",\"url\":\"https:\/\/esbozodeportivo.com\/wp-content\/uploads\/2026\/01\/5198d213-32d6-44c5-8d8a-c4fbbc1fae59.jpg\",\"contentUrl\":\"https:\/\/esbozodeportivo.com\/wp-content\/uploads\/2026\/01\/5198d213-32d6-44c5-8d8a-c4fbbc1fae59.jpg\",\"width\":980,\"height\":653},{\"@type\":\"BreadcrumbList\",\"@id\":\"https:\/\/esbozodeportivo.com\/index.php\/2026\/01\/07\/messi-quiere-su-propio-equipo\/#breadcrumb\",\"itemListElement\":[{\"@type\":\"ListItem\",\"position\":1,\"name\":\"Inicio\",\"item\":\"https:\/\/esbozodeportivo.com\/\"},{\"@type\":\"ListItem\",\"position\":2,\"name\":\"Messi quiere su propio equipo\"}]},{\"@type\":\"WebSite\",\"@id\":\"https:\/\/esbozodeportivo.com\/#website\",\"url\":\"https:\/\/esbozodeportivo.com\/\",\"name\":\"Esbozo Deportivo\",\"description\":\"Lo m\u00e1s importante del Deporte\",\"publisher\":{\"@id\":\"https:\/\/esbozodeportivo.com\/#organization\"},\"potentialAction\":[{\"@type\":\"SearchAction\",\"target\":{\"@type\":\"EntryPoint\",\"urlTemplate\":\"https:\/\/esbozodeportivo.com\/?s={search_term_string}\"},\"query-input\":{\"@type\":\"PropertyValueSpecification\",\"valueRequired\":true,\"valueName\":\"search_term_string\"}}],\"inLanguage\":\"es\"},{\"@type\":\"Organization\",\"@id\":\"https:\/\/esbozodeportivo.com\/#organization\",\"name\":\"Esbozo Deportivo\",\"url\":\"https:\/\/esbozodeportivo.com\/\",\"logo\":{\"@type\":\"ImageObject\",\"inLanguage\":\"es\",\"@id\":\"https:\/\/esbozodeportivo.com\/#\/schema\/logo\/image\/\",\"url\":\"https:\/\/esbozodeportivo.com\/wp-content\/uploads\/2022\/08\/cropped-Logo-Esbozo-Web-2.png\",\"contentUrl\":\"https:\/\/esbozodeportivo.com\/wp-content\/uploads\/2022\/08\/cropped-Logo-Esbozo-Web-2.png\",\"width\":180,\"height\":50,\"caption\":\"Esbozo Deportivo\"},\"image\":{\"@id\":\"https:\/\/esbozodeportivo.com\/#\/schema\/logo\/image\/\"}},{\"@type\":\"Person\",\"@id\":\"https:\/\/esbozodeportivo.com\/#\/schema\/person\/0f6df9196dfe6740dd0bb31bae50d374\",\"name\":\"Redacci\u00f3n\",\"image\":{\"@type\":\"ImageObject\",\"inLanguage\":\"es\",\"@id\":\"https:\/\/esbozodeportivo.com\/#\/schema\/person\/image\/\",\"url\":\"https:\/\/secure.gravatar.com\/avatar\/f55268a89c3b418f2ef172ff52ab0d09b3e653c58de29539fe329fb93d78ebf3?s=96&d=mm&r=g\",\"contentUrl\":\"https:\/\/secure.gravatar.com\/avatar\/f55268a89c3b418f2ef172ff52ab0d09b3e653c58de29539fe329fb93d78ebf3?s=96&d=mm&r=g\",\"caption\":\"Redacci\u00f3n\"},\"url\":\"https:\/\/esbozodeportivo.com\/index.php\/author\/redaccion\/\"}]}<\/script>\n<!-- \/ Yoast SEO plugin. -->","yoast_head_json":{"title":"Messi quiere su propio equipo - Esbozo Deportivo","description":"En octubre, Messi firm\u00f3 una extensi\u00f3n de contrato por tres a\u00f1os con el Inter Miami que lo atar\u00eda con el actual campe\u00f3n de la MLS hasta la temporada 2028. Messi cumplir\u00e1 39 a\u00f1os el pr\u00f3ximo junio, en medio de la Copa del Mundo que se espera dispute con la campeona defensora Argentina.","robots":{"index":"index","follow":"follow","max-snippet":"max-snippet:-1","max-image-preview":"max-image-preview:large","max-video-preview":"max-video-preview:-1"},"canonical":"https:\/\/esbozodeportivo.com\/index.php\/2026\/01\/07\/messi-quiere-su-propio-equipo\/","og_locale":"es_MX","og_type":"article","og_title":"Messi quiere su propio equipo - Esbozo Deportivo","og_description":"En octubre, Messi firm\u00f3 una extensi\u00f3n de contrato por tres a\u00f1os con el Inter Miami que lo atar\u00eda con el actual campe\u00f3n de la MLS hasta la temporada 2028. Messi cumplir\u00e1 39 a\u00f1os el pr\u00f3ximo junio, en medio de la Copa del Mundo que se espera dispute con la campeona defensora Argentina.","og_url":"https:\/\/esbozodeportivo.com\/index.php\/2026\/01\/07\/messi-quiere-su-propio-equipo\/","og_site_name":"Esbozo Deportivo","article_published_time":"2026-01-08T03:11:51+00:00","article_modified_time":"2026-01-08T03:11:53+00:00","og_image":[{"width":980,"height":653,"url":"https:\/\/esbozodeportivo.com\/wp-content\/uploads\/2026\/01\/5198d213-32d6-44c5-8d8a-c4fbbc1fae59.jpg","type":"image\/jpeg"}],"author":"Redacci\u00f3n","twitter_card":"summary_large_image","twitter_misc":{"Escrito por":"Redacci\u00f3n","Tiempo de lectura":"3 minutos"},"schema":{"@context":"https:\/\/schema.org","@graph":[{"@type":"Article","@id":"https:\/\/esbozodeportivo.com\/index.php\/2026\/01\/07\/messi-quiere-su-propio-equipo\/#article","isPartOf":{"@id":"https:\/\/esbozodeportivo.com\/index.php\/2026\/01\/07\/messi-quiere-su-propio-equipo\/"},"author":{"name":"Redacci\u00f3n","@id":"https:\/\/esbozodeportivo.com\/#\/schema\/person\/0f6df9196dfe6740dd0bb31bae50d374"},"headline":"Messi quiere su propio equipo","datePublished":"2026-01-08T03:11:51+00:00","dateModified":"2026-01-08T03:11:53+00:00","mainEntityOfPage":{"@id":"https:\/\/esbozodeportivo.com\/index.php\/2026\/01\/07\/messi-quiere-su-propio-equipo\/"},"wordCount":543,"publisher":{"@id":"https:\/\/esbozodeportivo.com\/#organization"},"image":{"@id":"https:\/\/esbozodeportivo.com\/index.php\/2026\/01\/07\/messi-quiere-su-propio-equipo\/#primaryimage"},"thumbnailUrl":"https:\/\/esbozodeportivo.com\/wp-content\/uploads\/2026\/01\/5198d213-32d6-44c5-8d8a-c4fbbc1fae59.jpg","articleSection":["MLS"],"inLanguage":"es"},{"@type":"WebPage","@id":"https:\/\/esbozodeportivo.com\/index.php\/2026\/01\/07\/messi-quiere-su-propio-equipo\/","url":"https:\/\/esbozodeportivo.com\/index.php\/2026\/01\/07\/messi-quiere-su-propio-equipo\/","name":"Messi quiere su propio equipo - Esbozo Deportivo","isPartOf":{"@id":"https:\/\/esbozodeportivo.com\/#website"},"primaryImageOfPage":{"@id":"https:\/\/esbozodeportivo.com\/index.php\/2026\/01\/07\/messi-quiere-su-propio-equipo\/#primaryimage"},"image":{"@id":"https:\/\/esbozodeportivo.com\/index.php\/2026\/01\/07\/messi-quiere-su-propio-equipo\/#primaryimage"},"thumbnailUrl":"https:\/\/esbozodeportivo.com\/wp-content\/uploads\/2026\/01\/5198d213-32d6-44c5-8d8a-c4fbbc1fae59.jpg","datePublished":"2026-01-08T03:11:51+00:00","dateModified":"2026-01-08T03:11:53+00:00","description":"En octubre, Messi firm\u00f3 una extensi\u00f3n de contrato por tres a\u00f1os con el Inter Miami que lo atar\u00eda con el actual campe\u00f3n de la MLS hasta la temporada 2028. Messi cumplir\u00e1 39 a\u00f1os el pr\u00f3ximo junio, en medio de la Copa del Mundo que se espera dispute con la campeona defensora Argentina.","breadcrumb":{"@id":"https:\/\/esbozodeportivo.com\/index.php\/2026\/01\/07\/messi-quiere-su-propio-equipo\/#breadcrumb"},"inLanguage":"es","potentialAction":[{"@type":"ReadAction","target":["https:\/\/esbozodeportivo.com\/index.php\/2026\/01\/07\/messi-quiere-su-propio-equipo\/"]}]},{"@type":"ImageObject","inLanguage":"es","@id":"https:\/\/esbozodeportivo.com\/index.php\/2026\/01\/07\/messi-quiere-su-propio-equipo\/#primaryimage","url":"https:\/\/esbozodeportivo.com\/wp-content\/uploads\/2026\/01\/5198d213-32d6-44c5-8d8a-c4fbbc1fae59.jpg","contentUrl":"https:\/\/esbozodeportivo.com\/wp-content\/uploads\/2026\/01\/5198d213-32d6-44c5-8d8a-c4fbbc1fae59.jpg","width":980,"height":653},{"@type":"BreadcrumbList","@id":"https:\/\/esbozodeportivo.com\/index.php\/2026\/01\/07\/messi-quiere-su-propio-equipo\/#breadcrumb","itemListElement":[{"@type":"ListItem","position":1,"name":"Inicio","item":"https:\/\/esbozodeportivo.com\/"},{"@type":"ListItem","position":2,"name":"Messi quiere su propio equipo"}]},{"@type":"WebSite","@id":"https:\/\/esbozodeportivo.com\/#website","url":"https:\/\/esbozodeportivo.com\/","name":"Esbozo Deportivo","description":"Lo m\u00e1s importante del Deporte","publisher":{"@id":"https:\/\/esbozodeportivo.com\/#organization"},"potentialAction":[{"@type":"SearchAction","target":{"@type":"EntryPoint","urlTemplate":"https:\/\/esbozodeportivo.com\/?s={search_term_string}"},"query-input":{"@type":"PropertyValueSpecification","valueRequired":true,"valueName":"search_term_string"}}],"inLanguage":"es"},{"@type":"Organization","@id":"https:\/\/esbozodeportivo.com\/#organization","name":"Esbozo Deportivo","url":"https:\/\/esbozodeportivo.com\/","logo":{"@type":"ImageObject","inLanguage":"es","@id":"https:\/\/esbozodeportivo.com\/#\/schema\/logo\/image\/","url":"https:\/\/esbozodeportivo.com\/wp-content\/uploads\/2022\/08\/cropped-Logo-Esbozo-Web-2.png","contentUrl":"https:\/\/esbozodeportivo.com\/wp-content\/uploads\/2022\/08\/cropped-Logo-Esbozo-Web-2.png","width":180,"height":50,"caption":"Esbozo Deportivo"},"image":{"@id":"https:\/\/esbozodeportivo.com\/#\/schema\/logo\/image\/"}},{"@type":"Person","@id":"https:\/\/esbozodeportivo.com\/#\/schema\/person\/0f6df9196dfe6740dd0bb31bae50d374","name":"Redacci\u00f3n","image":{"@type":"ImageObject","inLanguage":"es","@id":"https:\/\/esbozodeportivo.com\/#\/schema\/person\/image\/","url":"https:\/\/secure.gravatar.com\/avatar\/f55268a89c3b418f2ef172ff52ab0d09b3e653c58de29539fe329fb93d78ebf3?s=96&d=mm&r=g","contentUrl":"https:\/\/secure.gravatar.com\/avatar\/f55268a89c3b418f2ef172ff52ab0d09b3e653c58de29539fe329fb93d78ebf3?s=96&d=mm&r=g","caption":"Redacci\u00f3n"},"url":"https:\/\/esbozodeportivo.com\/index.php\/author\/redaccion\/"}]}},"jetpack_featured_media_url":"https:\/\/esbozodeportivo.com\/wp-content\/uploads\/2026\/01\/5198d213-32d6-44c5-8d8a-c4fbbc1fae59.jpg","jetpack_sharing_enabled":true,"_links":{"self":[{"href":"https:\/\/esbozodeportivo.com\/index.php\/wp-json\/wp\/v2\/posts\/12156","targetHints":{"allow":["GET"]}}],"collection":[{"href":"https:\/\/esbozodeportivo.com\/index.php\/wp-json\/wp\/v2\/posts"}],"about":[{"href":"https:\/\/esbozodeportivo.com\/index.php\/wp-json\/wp\/v2\/types\/post"}],"author":[{"embeddable":true,"href":"https:\/\/esbozodeportivo.com\/index.php\/wp-json\/wp\/v2\/users\/4"}],"replies":[{"embeddable":true,"href":"https:\/\/esbozodeportivo.com\/index.php\/wp-json\/wp\/v2\/comments?post=12156"}],"version-history":[{"count":1,"href":"https:\/\/esbozodeportivo.com\/index.php\/wp-json\/wp\/v2\/posts\/12156\/revisions"}],"predecessor-version":[{"id":12157,"href":"https:\/\/esbozodeportivo.com\/index.php\/wp-json\/wp\/v2\/posts\/12156\/revisions\/12157"}],"wp:featuredmedia":[{"embeddable":true,"href":"https:\/\/esbozodeportivo.com\/index.php\/wp-json\/wp\/v2\/media\/12144"}],"wp:attachment":[{"href":"https:\/\/esbozodeportivo.com\/index.php\/wp-json\/wp\/v2\/media?parent=12156"}],"wp:term":[{"taxonomy":"category","embeddable":true,"href":"https:\/\/esbozodeportivo.com\/index.php\/wp-json\/wp\/v2\/categories?post=12156"},{"taxonomy":"post_tag","embeddable":true,"href":"https:\/\/esbozodeportivo.com\/index.php\/wp-json\/wp\/v2\/tags?post=12156"}],"curies":[{"name":"wp","href":"https:\/\/api.w.org\/{rel}","templated":true}]}}