{"id":12158,"date":"2026-01-08T18:08:58","date_gmt":"2026-01-09T00:08:58","guid":{"rendered":"https:\/\/esbozodeportivo.com\/?p=12158"},"modified":"2026-01-08T18:08:59","modified_gmt":"2026-01-09T00:08:59","slug":"la-federacion-mexicana-de-golf-celebra-100-anos-de-historia-y-unidad","status":"publish","type":"post","link":"https:\/\/esbozodeportivo.com\/index.php\/2026\/01\/08\/la-federacion-mexicana-de-golf-celebra-100-anos-de-historia-y-unidad\/","title":{"rendered":"La Federaci\u00f3n Mexicana de Golf celebra 100 a\u00f1os de historia y unidad"},"content":{"rendered":"\n<p><strong>(Fotos: esbozodeportivo)<\/strong><\/p>\n\n\n\n<p><strong>Por Javier de la Cruz<\/strong><\/p>\n\n\n\n<p>En el marco de la conmemoraci\u00f3n por los 100 a\u00f1os de la Federaci\u00f3n Mexicana de Golf (FMG), se llev\u00f3 a cabo una conferencia de prensa encabezada por su presidente, <strong>Andr\u00e9s Jurado Rivera Torres<\/strong>, quien destac\u00f3 la importancia de este aniversario como un homenaje a la historia de la instituci\u00f3n y a todas las personas que han contribuido a su desarrollo a lo largo de un siglo.<\/p>\n\n\n\n<p>Durante su mensaje, <strong>Jurado Rivera<\/strong> subray\u00f3 que esta celebraci\u00f3n busca <strong>honrar la memoria de la Federaci\u00f3n y de quienes han aportado \u201cun granito de arena\u201d<\/strong> para consolidar al golf mexicano, motivo por el cual el eslogan del centenario es <strong>\u201c100 A\u00f1os, la Historia que nos une\u201d<\/strong>. Explic\u00f3 que dicho lema representa la uni\u00f3n no solo de los jugadores, sino tambi\u00e9n de sus familias, de los clubes, entrenadores y de todas las personas que forman parte de la FMG.<\/p>\n\n\n\n<p>Como parte de los festejos por el centenario, el presidente anunci\u00f3 la realizaci\u00f3n de <strong>dos torneos especiales<\/strong>, en los que participar\u00e1n los <strong>mejores jugadores nacionales<\/strong>, eventos que servir\u00e1n para enaltecer el nivel competitivo del golf mexicano y celebrar su trayectoria hist\u00f3rica.<\/p>\n\n\n\n<figure class=\"wp-block-image size-large\"><img loading=\"lazy\" decoding=\"async\" width=\"1024\" height=\"505\" src=\"https:\/\/esbozodeportivo.com\/wp-content\/uploads\/2026\/01\/DSC04287-1024x505.jpg\" alt=\"\" class=\"wp-image-12166\" srcset=\"https:\/\/esbozodeportivo.com\/wp-content\/uploads\/2026\/01\/DSC04287-1024x505.jpg 1024w, https:\/\/esbozodeportivo.com\/wp-content\/uploads\/2026\/01\/DSC04287-300x148.jpg 300w, https:\/\/esbozodeportivo.com\/wp-content\/uploads\/2026\/01\/DSC04287-768x379.jpg 768w, https:\/\/esbozodeportivo.com\/wp-content\/uploads\/2026\/01\/DSC04287-1536x758.jpg 1536w, https:\/\/esbozodeportivo.com\/wp-content\/uploads\/2026\/01\/DSC04287-2048x1010.jpg 2048w\" sizes=\"auto, (max-width: 1024px) 100vw, 1024px\" \/><\/figure>\n\n\n\n<p>En otro punto de su intervenci\u00f3n, <strong>Andr\u00e9s Jurado Rivera Torres<\/strong> se\u00f1al\u00f3 que la <strong>Federaci\u00f3n <\/strong>mantiene una <strong>visi\u00f3n clara hacia el futuro<\/strong>, con la misi\u00f3n de trabajar en la consolidaci\u00f3n y construcci\u00f3n de una <strong>federaci\u00f3n moderna<\/strong>, acorde a los tiempos actuales, que permita seguir fomentando el desarrollo y crecimiento del golf en M\u00e9xico.<\/p>\n\n\n\n<p>La conferencia cont\u00f3 con la presencia de <strong>Carlos Moreno y Guillermo Amezcua<\/strong>, vicepresidentes de la FMG; <strong>Lili \u00c1lvarez<\/strong>, directora general; as\u00ed como <strong>Claudia Gardu\u00f1o, Arturo Z\u00e1rate y Jes\u00fas Topete<\/strong>, miembros del Consejo. Tambi\u00e9n estuvo presente el ex presidente de la Federaci\u00f3n Mexicana de Golf, <strong>Fernando Ysita<\/strong>, quien fue reconocido como parte fundamental de la historia de la instituci\u00f3n.<\/p>\n\n\n\n<p>Con esta conmemoraci\u00f3n, la <strong>FMG<\/strong> refrenda su compromiso de preservar su legado y fortalecer la unidad de la comunidad golf\u00edstica nacional, proyect\u00e1ndose hacia un futuro de crecimiento y modernizaci\u00f3n.<\/p>\n\n\n\n<figure class=\"wp-block-image size-large\"><img loading=\"lazy\" decoding=\"async\" width=\"1024\" height=\"459\" src=\"https:\/\/esbozodeportivo.com\/wp-content\/uploads\/2026\/01\/DSC04219-1024x459.jpg\" alt=\"\" class=\"wp-image-12163\" srcset=\"https:\/\/esbozodeportivo.com\/wp-content\/uploads\/2026\/01\/DSC04219-1024x459.jpg 1024w, https:\/\/esbozodeportivo.com\/wp-content\/uploads\/2026\/01\/DSC04219-300x134.jpg 300w, https:\/\/esbozodeportivo.com\/wp-content\/uploads\/2026\/01\/DSC04219-768x344.jpg 768w, https:\/\/esbozodeportivo.com\/wp-content\/uploads\/2026\/01\/DSC04219-1536x688.jpg 1536w, https:\/\/esbozodeportivo.com\/wp-content\/uploads\/2026\/01\/DSC04219-2048x917.jpg 2048w\" sizes=\"auto, (max-width: 1024px) 100vw, 1024px\" \/><\/figure>\n\n\n\n<figure class=\"wp-block-image size-large\"><img loading=\"lazy\" decoding=\"async\" width=\"1024\" height=\"682\" src=\"https:\/\/esbozodeportivo.com\/wp-content\/uploads\/2026\/01\/DSC04237-1024x682.jpg\" alt=\"\" class=\"wp-image-12164\" srcset=\"https:\/\/esbozodeportivo.com\/wp-content\/uploads\/2026\/01\/DSC04237-1024x682.jpg 1024w, https:\/\/esbozodeportivo.com\/wp-content\/uploads\/2026\/01\/DSC04237-300x200.jpg 300w, https:\/\/esbozodeportivo.com\/wp-content\/uploads\/2026\/01\/DSC04237-768x511.jpg 768w, https:\/\/esbozodeportivo.com\/wp-content\/uploads\/2026\/01\/DSC04237-1536x1022.jpg 1536w, https:\/\/esbozodeportivo.com\/wp-content\/uploads\/2026\/01\/DSC04237-2048x1363.jpg 2048w\" sizes=\"auto, (max-width: 1024px) 100vw, 1024px\" \/><\/figure>\n\n\n\n<figure class=\"wp-block-image size-large\"><img loading=\"lazy\" decoding=\"async\" width=\"842\" height=\"1024\" src=\"https:\/\/esbozodeportivo.com\/wp-content\/uploads\/2026\/01\/DSC04189-842x1024.jpg\" alt=\"\" class=\"wp-image-12160\" srcset=\"https:\/\/esbozodeportivo.com\/wp-content\/uploads\/2026\/01\/DSC04189-842x1024.jpg 842w, https:\/\/esbozodeportivo.com\/wp-content\/uploads\/2026\/01\/DSC04189-247x300.jpg 247w, https:\/\/esbozodeportivo.com\/wp-content\/uploads\/2026\/01\/DSC04189-768x934.jpg 768w, https:\/\/esbozodeportivo.com\/wp-content\/uploads\/2026\/01\/DSC04189-1262x1536.jpg 1262w, https:\/\/esbozodeportivo.com\/wp-content\/uploads\/2026\/01\/DSC04189-1683x2048.jpg 1683w, https:\/\/esbozodeportivo.com\/wp-content\/uploads\/2026\/01\/DSC04189-1024x1246.jpg 1024w\" sizes=\"auto, (max-width: 842px) 100vw, 842px\" \/><\/figure>\n\n\n\n<figure class=\"wp-block-image size-large\"><img loading=\"lazy\" decoding=\"async\" width=\"1024\" height=\"682\" src=\"https:\/\/esbozodeportivo.com\/wp-content\/uploads\/2026\/01\/DSC04211-1024x682.jpg\" alt=\"\" class=\"wp-image-12162\" srcset=\"https:\/\/esbozodeportivo.com\/wp-content\/uploads\/2026\/01\/DSC04211-1024x682.jpg 1024w, https:\/\/esbozodeportivo.com\/wp-content\/uploads\/2026\/01\/DSC04211-300x200.jpg 300w, https:\/\/esbozodeportivo.com\/wp-content\/uploads\/2026\/01\/DSC04211-768x511.jpg 768w, https:\/\/esbozodeportivo.com\/wp-content\/uploads\/2026\/01\/DSC04211-1536x1022.jpg 1536w, https:\/\/esbozodeportivo.com\/wp-content\/uploads\/2026\/01\/DSC04211-2048x1363.jpg 2048w\" sizes=\"auto, (max-width: 1024px) 100vw, 1024px\" \/><\/figure>\n\n\n\n<figure class=\"wp-block-image size-large\"><img loading=\"lazy\" decoding=\"async\" width=\"1024\" height=\"472\" src=\"https:\/\/esbozodeportivo.com\/wp-content\/uploads\/2026\/01\/DSC04242-1024x472.jpg\" alt=\"\" class=\"wp-image-12165\" srcset=\"https:\/\/esbozodeportivo.com\/wp-content\/uploads\/2026\/01\/DSC04242-1024x472.jpg 1024w, https:\/\/esbozodeportivo.com\/wp-content\/uploads\/2026\/01\/DSC04242-300x138.jpg 300w, https:\/\/esbozodeportivo.com\/wp-content\/uploads\/2026\/01\/DSC04242-768x354.jpg 768w, https:\/\/esbozodeportivo.com\/wp-content\/uploads\/2026\/01\/DSC04242-1536x708.jpg 1536w, https:\/\/esbozodeportivo.com\/wp-content\/uploads\/2026\/01\/DSC04242-2048x944.jpg 2048w\" sizes=\"auto, (max-width: 1024px) 100vw, 1024px\" \/><\/figure>\n\n\n\n<figure class=\"wp-block-image size-large\"><img loading=\"lazy\" decoding=\"async\" width=\"1024\" height=\"655\" src=\"https:\/\/esbozodeportivo.com\/wp-content\/uploads\/2026\/01\/DSC04298-1024x655.jpg\" alt=\"\" class=\"wp-image-12167\" srcset=\"https:\/\/esbozodeportivo.com\/wp-content\/uploads\/2026\/01\/DSC04298-1024x655.jpg 1024w, https:\/\/esbozodeportivo.com\/wp-content\/uploads\/2026\/01\/DSC04298-300x192.jpg 300w, https:\/\/esbozodeportivo.com\/wp-content\/uploads\/2026\/01\/DSC04298-768x491.jpg 768w, https:\/\/esbozodeportivo.com\/wp-content\/uploads\/2026\/01\/DSC04298-1536x982.jpg 1536w, https:\/\/esbozodeportivo.com\/wp-content\/uploads\/2026\/01\/DSC04298-2048x1310.jpg 2048w\" sizes=\"auto, (max-width: 1024px) 100vw, 1024px\" \/><\/figure>\n\n\n\n<figure class=\"wp-block-image size-large\"><img loading=\"lazy\" decoding=\"async\" width=\"1024\" height=\"641\" src=\"https:\/\/esbozodeportivo.com\/wp-content\/uploads\/2026\/01\/DSC04300-1024x641.jpg\" alt=\"\" class=\"wp-image-12168\" srcset=\"https:\/\/esbozodeportivo.com\/wp-content\/uploads\/2026\/01\/DSC04300-1024x641.jpg 1024w, https:\/\/esbozodeportivo.com\/wp-content\/uploads\/2026\/01\/DSC04300-300x188.jpg 300w, https:\/\/esbozodeportivo.com\/wp-content\/uploads\/2026\/01\/DSC04300-768x481.jpg 768w, https:\/\/esbozodeportivo.com\/wp-content\/uploads\/2026\/01\/DSC04300-1536x962.jpg 1536w, https:\/\/esbozodeportivo.com\/wp-content\/uploads\/2026\/01\/DSC04300-2048x1283.jpg 2048w\" sizes=\"auto, (max-width: 1024px) 100vw, 1024px\" \/><\/figure>\n","protected":false},"excerpt":{"rendered":"<p>(Fotos: esbozodeportivo) Por Javier de la Cruz En el marco de la conmemoraci\u00f3n por los<\/p>\n","protected":false},"author":2,"featured_media":12161,"comment_status":"closed","ping_status":"open","sticky":false,"template":"","format":"standard","meta":{"_jetpack_memberships_contains_paid_content":false,"footnotes":""},"categories":[83],"tags":[],"class_list":["post-12158","post","type-post","status-publish","format-standard","has-post-thumbnail","hentry","category-federacion-mexicana-de-golf"],"yoast_head":"<!-- This site is optimized with the Yoast SEO plugin v25.7 - https:\/\/yoast.com\/wordpress\/plugins\/seo\/ -->\n<title>La Federaci\u00f3n Mexicana de Golf celebra 100 a\u00f1os de historia y unidad - Esbozo Deportivo<\/title>\n<meta name=\"description\" content=\"En el marco de la conmemoraci\u00f3n por los 100 a\u00f1os de la Federaci\u00f3n Mexicana de Golf (FMG), se llev\u00f3 a cabo una conferencia de prensa encabezada por su presidente, Andr\u00e9s Jurado Rivera Torres, quien destac\u00f3 la importancia de este aniversario como un homenaje a la historia de la instituci\u00f3n y a todas las personas que han contribuido a su desarrollo a lo largo de un siglo.\" \/>\n<meta name=\"robots\" content=\"index, follow, max-snippet:-1, max-image-preview:large, max-video-preview:-1\" \/>\n<link rel=\"canonical\" href=\"https:\/\/esbozodeportivo.com\/index.php\/2026\/01\/08\/la-federacion-mexicana-de-golf-celebra-100-anos-de-historia-y-unidad\/\" \/>\n<meta property=\"og:locale\" content=\"es_MX\" \/>\n<meta property=\"og:type\" content=\"article\" \/>\n<meta property=\"og:title\" content=\"La Federaci\u00f3n Mexicana de Golf celebra 100 a\u00f1os de historia y unidad - Esbozo Deportivo\" \/>\n<meta property=\"og:description\" content=\"En el marco de la conmemoraci\u00f3n por los 100 a\u00f1os de la Federaci\u00f3n Mexicana de Golf (FMG), se llev\u00f3 a cabo una conferencia de prensa encabezada por su presidente, Andr\u00e9s Jurado Rivera Torres, quien destac\u00f3 la importancia de este aniversario como un homenaje a la historia de la instituci\u00f3n y a todas las personas que han contribuido a su desarrollo a lo largo de un siglo.\" \/>\n<meta property=\"og:url\" content=\"https:\/\/esbozodeportivo.com\/index.php\/2026\/01\/08\/la-federacion-mexicana-de-golf-celebra-100-anos-de-historia-y-unidad\/\" \/>\n<meta property=\"og:site_name\" content=\"Esbozo Deportivo\" \/>\n<meta property=\"article:published_time\" content=\"2026-01-09T00:08:58+00:00\" \/>\n<meta property=\"article:modified_time\" content=\"2026-01-09T00:08:59+00:00\" \/>\n<meta property=\"og:image\" content=\"https:\/\/esbozodeportivo.com\/wp-content\/uploads\/2026\/01\/DSC04202-scaled.jpg\" \/>\n\t<meta property=\"og:image:width\" content=\"1878\" \/>\n\t<meta property=\"og:image:height\" content=\"2560\" \/>\n\t<meta property=\"og:image:type\" content=\"image\/jpeg\" \/>\n<meta name=\"author\" content=\"Javier De La Cruz\" \/>\n<meta name=\"twitter:card\" content=\"summary_large_image\" \/>\n<meta name=\"twitter:label1\" content=\"Escrito por\" \/>\n\t<meta name=\"twitter:data1\" content=\"Javier De La Cruz\" \/>\n\t<meta name=\"twitter:label2\" content=\"Tiempo de lectura\" \/>\n\t<meta name=\"twitter:data2\" content=\"4 minutos\" \/>\n<script type=\"application\/ld+json\" class=\"yoast-schema-graph\">{\"@context\":\"https:\/\/schema.org\",\"@graph\":[{\"@type\":\"Article\",\"@id\":\"https:\/\/esbozodeportivo.com\/index.php\/2026\/01\/08\/la-federacion-mexicana-de-golf-celebra-100-anos-de-historia-y-unidad\/#article\",\"isPartOf\":{\"@id\":\"https:\/\/esbozodeportivo.com\/index.php\/2026\/01\/08\/la-federacion-mexicana-de-golf-celebra-100-anos-de-historia-y-unidad\/\"},\"author\":{\"name\":\"Javier De La Cruz\",\"@id\":\"https:\/\/esbozodeportivo.com\/#\/schema\/person\/7277119c98823aec37bbb84e125efd44\"},\"headline\":\"La Federaci\u00f3n Mexicana de Golf celebra 100 a\u00f1os de historia y unidad\",\"datePublished\":\"2026-01-09T00:08:58+00:00\",\"dateModified\":\"2026-01-09T00:08:59+00:00\",\"mainEntityOfPage\":{\"@id\":\"https:\/\/esbozodeportivo.com\/index.php\/2026\/01\/08\/la-federacion-mexicana-de-golf-celebra-100-anos-de-historia-y-unidad\/\"},\"wordCount\":376,\"publisher\":{\"@id\":\"https:\/\/esbozodeportivo.com\/#organization\"},\"image\":{\"@id\":\"https:\/\/esbozodeportivo.com\/index.php\/2026\/01\/08\/la-federacion-mexicana-de-golf-celebra-100-anos-de-historia-y-unidad\/#primaryimage\"},\"thumbnailUrl\":\"https:\/\/esbozodeportivo.com\/wp-content\/uploads\/2026\/01\/DSC04202-scaled.jpg\",\"articleSection\":[\"Federaci\u00f3n Mexicana de Golf\"],\"inLanguage\":\"es\"},{\"@type\":\"WebPage\",\"@id\":\"https:\/\/esbozodeportivo.com\/index.php\/2026\/01\/08\/la-federacion-mexicana-de-golf-celebra-100-anos-de-historia-y-unidad\/\",\"url\":\"https:\/\/esbozodeportivo.com\/index.php\/2026\/01\/08\/la-federacion-mexicana-de-golf-celebra-100-anos-de-historia-y-unidad\/\",\"name\":\"La Federaci\u00f3n Mexicana de Golf celebra 100 a\u00f1os de historia y unidad - Esbozo Deportivo\",\"isPartOf\":{\"@id\":\"https:\/\/esbozodeportivo.com\/#website\"},\"primaryImageOfPage\":{\"@id\":\"https:\/\/esbozodeportivo.com\/index.php\/2026\/01\/08\/la-federacion-mexicana-de-golf-celebra-100-anos-de-historia-y-unidad\/#primaryimage\"},\"image\":{\"@id\":\"https:\/\/esbozodeportivo.com\/index.php\/2026\/01\/08\/la-federacion-mexicana-de-golf-celebra-100-anos-de-historia-y-unidad\/#primaryimage\"},\"thumbnailUrl\":\"https:\/\/esbozodeportivo.com\/wp-content\/uploads\/2026\/01\/DSC04202-scaled.jpg\",\"datePublished\":\"2026-01-09T00:08:58+00:00\",\"dateModified\":\"2026-01-09T00:08:59+00:00\",\"description\":\"En el marco de la conmemoraci\u00f3n por los 100 a\u00f1os de la Federaci\u00f3n Mexicana de Golf (FMG), se llev\u00f3 a cabo una conferencia de prensa encabezada por su presidente, Andr\u00e9s Jurado Rivera Torres, quien destac\u00f3 la importancia de este aniversario como un homenaje a la historia de la instituci\u00f3n y a todas las personas que han contribuido a su desarrollo a lo largo de un siglo.\",\"breadcrumb\":{\"@id\":\"https:\/\/esbozodeportivo.com\/index.php\/2026\/01\/08\/la-federacion-mexicana-de-golf-celebra-100-anos-de-historia-y-unidad\/#breadcrumb\"},\"inLanguage\":\"es\",\"potentialAction\":[{\"@type\":\"ReadAction\",\"target\":[\"https:\/\/esbozodeportivo.com\/index.php\/2026\/01\/08\/la-federacion-mexicana-de-golf-celebra-100-anos-de-historia-y-unidad\/\"]}]},{\"@type\":\"ImageObject\",\"inLanguage\":\"es\",\"@id\":\"https:\/\/esbozodeportivo.com\/index.php\/2026\/01\/08\/la-federacion-mexicana-de-golf-celebra-100-anos-de-historia-y-unidad\/#primaryimage\",\"url\":\"https:\/\/esbozodeportivo.com\/wp-content\/uploads\/2026\/01\/DSC04202-scaled.jpg\",\"contentUrl\":\"https:\/\/esbozodeportivo.com\/wp-content\/uploads\/2026\/01\/DSC04202-scaled.jpg\",\"width\":1878,\"height\":2560},{\"@type\":\"BreadcrumbList\",\"@id\":\"https:\/\/esbozodeportivo.com\/index.php\/2026\/01\/08\/la-federacion-mexicana-de-golf-celebra-100-anos-de-historia-y-unidad\/#breadcrumb\",\"itemListElement\":[{\"@type\":\"ListItem\",\"position\":1,\"name\":\"Inicio\",\"item\":\"https:\/\/esbozodeportivo.com\/\"},{\"@type\":\"ListItem\",\"position\":2,\"name\":\"La Federaci\u00f3n Mexicana de Golf celebra 100 a\u00f1os de historia y unidad\"}]},{\"@type\":\"WebSite\",\"@id\":\"https:\/\/esbozodeportivo.com\/#website\",\"url\":\"https:\/\/esbozodeportivo.com\/\",\"name\":\"Esbozo Deportivo\",\"description\":\"Lo m\u00e1s importante del Deporte\",\"publisher\":{\"@id\":\"https:\/\/esbozodeportivo.com\/#organization\"},\"potentialAction\":[{\"@type\":\"SearchAction\",\"target\":{\"@type\":\"EntryPoint\",\"urlTemplate\":\"https:\/\/esbozodeportivo.com\/?s={search_term_string}\"},\"query-input\":{\"@type\":\"PropertyValueSpecification\",\"valueRequired\":true,\"valueName\":\"search_term_string\"}}],\"inLanguage\":\"es\"},{\"@type\":\"Organization\",\"@id\":\"https:\/\/esbozodeportivo.com\/#organization\",\"name\":\"Esbozo Deportivo\",\"url\":\"https:\/\/esbozodeportivo.com\/\",\"logo\":{\"@type\":\"ImageObject\",\"inLanguage\":\"es\",\"@id\":\"https:\/\/esbozodeportivo.com\/#\/schema\/logo\/image\/\",\"url\":\"https:\/\/esbozodeportivo.com\/wp-content\/uploads\/2022\/08\/cropped-Logo-Esbozo-Web-2.png\",\"contentUrl\":\"https:\/\/esbozodeportivo.com\/wp-content\/uploads\/2022\/08\/cropped-Logo-Esbozo-Web-2.png\",\"width\":180,\"height\":50,\"caption\":\"Esbozo Deportivo\"},\"image\":{\"@id\":\"https:\/\/esbozodeportivo.com\/#\/schema\/logo\/image\/\"}},{\"@type\":\"Person\",\"@id\":\"https:\/\/esbozodeportivo.com\/#\/schema\/person\/7277119c98823aec37bbb84e125efd44\",\"name\":\"Javier De La Cruz\",\"image\":{\"@type\":\"ImageObject\",\"inLanguage\":\"es\",\"@id\":\"https:\/\/esbozodeportivo.com\/#\/schema\/person\/image\/\",\"url\":\"https:\/\/secure.gravatar.com\/avatar\/366235a56d20f1a6e8e3d0b295897639357bea880470ddf261d17bb0bc052eb1?s=96&d=mm&r=g\",\"contentUrl\":\"https:\/\/secure.gravatar.com\/avatar\/366235a56d20f1a6e8e3d0b295897639357bea880470ddf261d17bb0bc052eb1?s=96&d=mm&r=g\",\"caption\":\"Javier De La Cruz\"},\"url\":\"https:\/\/esbozodeportivo.com\/index.php\/author\/javier-de-la-cruz-de-la-cruz\/\"}]}<\/script>\n<!-- \/ Yoast SEO plugin. -->","yoast_head_json":{"title":"La Federaci\u00f3n Mexicana de Golf celebra 100 a\u00f1os de historia y unidad - Esbozo Deportivo","description":"En el marco de la conmemoraci\u00f3n por los 100 a\u00f1os de la Federaci\u00f3n Mexicana de Golf (FMG), se llev\u00f3 a cabo una conferencia de prensa encabezada por su presidente, Andr\u00e9s Jurado Rivera Torres, quien destac\u00f3 la importancia de este aniversario como un homenaje a la historia de la instituci\u00f3n y a todas las personas que han contribuido a su desarrollo a lo largo de un siglo.","robots":{"index":"index","follow":"follow","max-snippet":"max-snippet:-1","max-image-preview":"max-image-preview:large","max-video-preview":"max-video-preview:-1"},"canonical":"https:\/\/esbozodeportivo.com\/index.php\/2026\/01\/08\/la-federacion-mexicana-de-golf-celebra-100-anos-de-historia-y-unidad\/","og_locale":"es_MX","og_type":"article","og_title":"La Federaci\u00f3n Mexicana de Golf celebra 100 a\u00f1os de historia y unidad - Esbozo Deportivo","og_description":"En el marco de la conmemoraci\u00f3n por los 100 a\u00f1os de la Federaci\u00f3n Mexicana de Golf (FMG), se llev\u00f3 a cabo una conferencia de prensa encabezada por su presidente, Andr\u00e9s Jurado Rivera Torres, quien destac\u00f3 la importancia de este aniversario como un homenaje a la historia de la instituci\u00f3n y a todas las personas que han contribuido a su desarrollo a lo largo de un siglo.","og_url":"https:\/\/esbozodeportivo.com\/index.php\/2026\/01\/08\/la-federacion-mexicana-de-golf-celebra-100-anos-de-historia-y-unidad\/","og_site_name":"Esbozo Deportivo","article_published_time":"2026-01-09T00:08:58+00:00","article_modified_time":"2026-01-09T00:08:59+00:00","og_image":[{"width":1878,"height":2560,"url":"https:\/\/esbozodeportivo.com\/wp-content\/uploads\/2026\/01\/DSC04202-scaled.jpg","type":"image\/jpeg"}],"author":"Javier De La Cruz","twitter_card":"summary_large_image","twitter_misc":{"Escrito por":"Javier De La Cruz","Tiempo de lectura":"4 minutos"},"schema":{"@context":"https:\/\/schema.org","@graph":[{"@type":"Article","@id":"https:\/\/esbozodeportivo.com\/index.php\/2026\/01\/08\/la-federacion-mexicana-de-golf-celebra-100-anos-de-historia-y-unidad\/#article","isPartOf":{"@id":"https:\/\/esbozodeportivo.com\/index.php\/2026\/01\/08\/la-federacion-mexicana-de-golf-celebra-100-anos-de-historia-y-unidad\/"},"author":{"name":"Javier De La Cruz","@id":"https:\/\/esbozodeportivo.com\/#\/schema\/person\/7277119c98823aec37bbb84e125efd44"},"headline":"La Federaci\u00f3n Mexicana de Golf celebra 100 a\u00f1os de historia y unidad","datePublished":"2026-01-09T00:08:58+00:00","dateModified":"2026-01-09T00:08:59+00:00","mainEntityOfPage":{"@id":"https:\/\/esbozodeportivo.com\/index.php\/2026\/01\/08\/la-federacion-mexicana-de-golf-celebra-100-anos-de-historia-y-unidad\/"},"wordCount":376,"publisher":{"@id":"https:\/\/esbozodeportivo.com\/#organization"},"image":{"@id":"https:\/\/esbozodeportivo.com\/index.php\/2026\/01\/08\/la-federacion-mexicana-de-golf-celebra-100-anos-de-historia-y-unidad\/#primaryimage"},"thumbnailUrl":"https:\/\/esbozodeportivo.com\/wp-content\/uploads\/2026\/01\/DSC04202-scaled.jpg","articleSection":["Federaci\u00f3n Mexicana de Golf"],"inLanguage":"es"},{"@type":"WebPage","@id":"https:\/\/esbozodeportivo.com\/index.php\/2026\/01\/08\/la-federacion-mexicana-de-golf-celebra-100-anos-de-historia-y-unidad\/","url":"https:\/\/esbozodeportivo.com\/index.php\/2026\/01\/08\/la-federacion-mexicana-de-golf-celebra-100-anos-de-historia-y-unidad\/","name":"La Federaci\u00f3n Mexicana de Golf celebra 100 a\u00f1os de historia y unidad - Esbozo Deportivo","isPartOf":{"@id":"https:\/\/esbozodeportivo.com\/#website"},"primaryImageOfPage":{"@id":"https:\/\/esbozodeportivo.com\/index.php\/2026\/01\/08\/la-federacion-mexicana-de-golf-celebra-100-anos-de-historia-y-unidad\/#primaryimage"},"image":{"@id":"https:\/\/esbozodeportivo.com\/index.php\/2026\/01\/08\/la-federacion-mexicana-de-golf-celebra-100-anos-de-historia-y-unidad\/#primaryimage"},"thumbnailUrl":"https:\/\/esbozodeportivo.com\/wp-content\/uploads\/2026\/01\/DSC04202-scaled.jpg","datePublished":"2026-01-09T00:08:58+00:00","dateModified":"2026-01-09T00:08:59+00:00","description":"En el marco de la conmemoraci\u00f3n por los 100 a\u00f1os de la Federaci\u00f3n Mexicana de Golf (FMG), se llev\u00f3 a cabo una conferencia de prensa encabezada por su presidente, Andr\u00e9s Jurado Rivera Torres, quien destac\u00f3 la importancia de este aniversario como un homenaje a la historia de la instituci\u00f3n y a todas las personas que han contribuido a su desarrollo a lo largo de un siglo.","breadcrumb":{"@id":"https:\/\/esbozodeportivo.com\/index.php\/2026\/01\/08\/la-federacion-mexicana-de-golf-celebra-100-anos-de-historia-y-unidad\/#breadcrumb"},"inLanguage":"es","potentialAction":[{"@type":"ReadAction","target":["https:\/\/esbozodeportivo.com\/index.php\/2026\/01\/08\/la-federacion-mexicana-de-golf-celebra-100-anos-de-historia-y-unidad\/"]}]},{"@type":"ImageObject","inLanguage":"es","@id":"https:\/\/esbozodeportivo.com\/index.php\/2026\/01\/08\/la-federacion-mexicana-de-golf-celebra-100-anos-de-historia-y-unidad\/#primaryimage","url":"https:\/\/esbozodeportivo.com\/wp-content\/uploads\/2026\/01\/DSC04202-scaled.jpg","contentUrl":"https:\/\/esbozodeportivo.com\/wp-content\/uploads\/2026\/01\/DSC04202-scaled.jpg","width":1878,"height":2560},{"@type":"BreadcrumbList","@id":"https:\/\/esbozodeportivo.com\/index.php\/2026\/01\/08\/la-federacion-mexicana-de-golf-celebra-100-anos-de-historia-y-unidad\/#breadcrumb","itemListElement":[{"@type":"ListItem","position":1,"name":"Inicio","item":"https:\/\/esbozodeportivo.com\/"},{"@type":"ListItem","position":2,"name":"La Federaci\u00f3n Mexicana de Golf celebra 100 a\u00f1os de historia y unidad"}]},{"@type":"WebSite","@id":"https:\/\/esbozodeportivo.com\/#website","url":"https:\/\/esbozodeportivo.com\/","name":"Esbozo Deportivo","description":"Lo m\u00e1s importante del Deporte","publisher":{"@id":"https:\/\/esbozodeportivo.com\/#organization"},"potentialAction":[{"@type":"SearchAction","target":{"@type":"EntryPoint","urlTemplate":"https:\/\/esbozodeportivo.com\/?s={search_term_string}"},"query-input":{"@type":"PropertyValueSpecification","valueRequired":true,"valueName":"search_term_string"}}],"inLanguage":"es"},{"@type":"Organization","@id":"https:\/\/esbozodeportivo.com\/#organization","name":"Esbozo Deportivo","url":"https:\/\/esbozodeportivo.com\/","logo":{"@type":"ImageObject","inLanguage":"es","@id":"https:\/\/esbozodeportivo.com\/#\/schema\/logo\/image\/","url":"https:\/\/esbozodeportivo.com\/wp-content\/uploads\/2022\/08\/cropped-Logo-Esbozo-Web-2.png","contentUrl":"https:\/\/esbozodeportivo.com\/wp-content\/uploads\/2022\/08\/cropped-Logo-Esbozo-Web-2.png","width":180,"height":50,"caption":"Esbozo Deportivo"},"image":{"@id":"https:\/\/esbozodeportivo.com\/#\/schema\/logo\/image\/"}},{"@type":"Person","@id":"https:\/\/esbozodeportivo.com\/#\/schema\/person\/7277119c98823aec37bbb84e125efd44","name":"Javier De La Cruz","image":{"@type":"ImageObject","inLanguage":"es","@id":"https:\/\/esbozodeportivo.com\/#\/schema\/person\/image\/","url":"https:\/\/secure.gravatar.com\/avatar\/366235a56d20f1a6e8e3d0b295897639357bea880470ddf261d17bb0bc052eb1?s=96&d=mm&r=g","contentUrl":"https:\/\/secure.gravatar.com\/avatar\/366235a56d20f1a6e8e3d0b295897639357bea880470ddf261d17bb0bc052eb1?s=96&d=mm&r=g","caption":"Javier De La Cruz"},"url":"https:\/\/esbozodeportivo.com\/index.php\/author\/javier-de-la-cruz-de-la-cruz\/"}]}},"jetpack_featured_media_url":"https:\/\/esbozodeportivo.com\/wp-content\/uploads\/2026\/01\/DSC04202-scaled.jpg","jetpack_sharing_enabled":true,"_links":{"self":[{"href":"https:\/\/esbozodeportivo.com\/index.php\/wp-json\/wp\/v2\/posts\/12158","targetHints":{"allow":["GET"]}}],"collection":[{"href":"https:\/\/esbozodeportivo.com\/index.php\/wp-json\/wp\/v2\/posts"}],"about":[{"href":"https:\/\/esbozodeportivo.com\/index.php\/wp-json\/wp\/v2\/types\/post"}],"author":[{"embeddable":true,"href":"https:\/\/esbozodeportivo.com\/index.php\/wp-json\/wp\/v2\/users\/2"}],"replies":[{"embeddable":true,"href":"https:\/\/esbozodeportivo.com\/index.php\/wp-json\/wp\/v2\/comments?post=12158"}],"version-history":[{"count":1,"href":"https:\/\/esbozodeportivo.com\/index.php\/wp-json\/wp\/v2\/posts\/12158\/revisions"}],"predecessor-version":[{"id":12169,"href":"https:\/\/esbozodeportivo.com\/index.php\/wp-json\/wp\/v2\/posts\/12158\/revisions\/12169"}],"wp:featuredmedia":[{"embeddable":true,"href":"https:\/\/esbozodeportivo.com\/index.php\/wp-json\/wp\/v2\/media\/12161"}],"wp:attachment":[{"href":"https:\/\/esbozodeportivo.com\/index.php\/wp-json\/wp\/v2\/media?parent=12158"}],"wp:term":[{"taxonomy":"category","embeddable":true,"href":"https:\/\/esbozodeportivo.com\/index.php\/wp-json\/wp\/v2\/categories?post=12158"},{"taxonomy":"post_tag","embeddable":true,"href":"https:\/\/esbozodeportivo.com\/index.php\/wp-json\/wp\/v2\/tags?post=12158"}],"curies":[{"name":"wp","href":"https:\/\/api.w.org\/{rel}","templated":true}]}}