{"id":12227,"date":"2026-01-12T00:43:28","date_gmt":"2026-01-12T06:43:28","guid":{"rendered":"https:\/\/esbozodeportivo.com\/?p=12227"},"modified":"2026-01-12T00:43:29","modified_gmt":"2026-01-12T06:43:29","slug":"apertura-de-jo-de-invierno-sera-vibrante","status":"publish","type":"post","link":"https:\/\/esbozodeportivo.com\/index.php\/2026\/01\/12\/apertura-de-jo-de-invierno-sera-vibrante\/","title":{"rendered":"Apertura de JO de Invierno ser\u00e1 vibrante"},"content":{"rendered":"\n<p>(Foto: Agencias)<\/p>\n\n\n\n<p>El tenor Andrea Bocelli ser\u00e1 uno de los artistas principales en la ceremonia de apertura de los Juegos Ol\u00edmpicos de Invierno de Mil\u00e1n-Cortina el 6 de febrero, uni\u00e9ndose a la ya anunciada diva del pop Mariah Carey, dijeron los organizadores el domingo.<\/p>\n\n\n\n<p>La ceremonia de apertura se centrar\u00e1 en el emblem\u00e1tico estadio de f\u00fatbol San Siro de Mil\u00e1n, presentando el Desfile de los Atletas y entretenimiento a lo largo de las tres horas de espect\u00e1culo que se espera sea el momento m\u00e1s visto de los Juegos.<\/p>\n\n\n\n<p>Reflejando el estatus de Mil\u00e1n-Cortina como los Juegos Ol\u00edmpicos m\u00e1s extensos de la historia, elementos de la ceremonia de apertura tambi\u00e9n se llevar\u00e1n a cabo en otros tres lugares, permitiendo que atletas de todas las disciplinas distantes participen. Habr\u00e1n momentos que transmitir\u00e1n desde Cortina en el coraz\u00f3n de las monta\u00f1as Dolomitas, Livigno en los Alpes italianos, as\u00ed como Predazzo en la provincia aut\u00f3noma de Trento.<\/p>\n\n\n\n<p>La ceremonia tambi\u00e9n incluir\u00e1 un homenaje al fallecido dise\u00f1ador de moda italiano Giorgio Armani, quien muri\u00f3 en septiembre a los 91 a\u00f1os. Armani ha dise\u00f1ado durante mucho tiempo los uniformes ol\u00edmpicos del equipo italiano, y su legado como uno de los fundadores del pr\u00eat-\u00e0-porter italiano est\u00e1 estrechamente ligado a Mil\u00e1n, donde dej\u00f3 su huella con el teatro Armani, el museo Silos y el patrocinio del equipo de baloncesto EA7 Emporio Armani Milano.<\/p>\n\n\n\n<p>Bocelli, un cantante de formaci\u00f3n cl\u00e1sica cuyas grabaciones incluyen m\u00fasica cl\u00e1sica y pop, ha actuado en la coronaci\u00f3n del Rey Carlos III y en el 75mo aniversario de la Constituci\u00f3n Italiana en Roma. En su album que abarca su carrera titulado \u201cDuets\u201d (30 Aniversario), Bocelli canta en italiano, ingl\u00e9s, franc\u00e9s y espa\u00f1ol, colaborando con m\u00fasicos que van desde Karol G hasta Chris Stapleton.<\/p>\n\n\n\n<p>La actuaci\u00f3n de Bocelli \u201cconstituir\u00e1 uno de los momentos m\u00e1s ic\u00f3nicos del evento, uniendo el espect\u00e1culo con la esencia de los valores ol\u00edmpicos\u201d, dijeron los organizadores en un comunicado, agregando que la inclusi\u00f3n de Bocelli \u201ccontribuir\u00e1 con un tono contempor\u00e1neo y global a la narrativa\u201d.<\/p>\n\n\n\n<p>Detalles sobre la ceremonia, que est\u00e1 siendo producida por Marco Balich, quien ha sido parte de m\u00e1s de una docena de ceremonias ol\u00edmpicas, han ido saliendo a la luz en los \u00faltimos meses.<\/p>\n\n\n\n<p>Carey, la primera estrella internacional nombrada para actuar en San Siro, a\u00f1ade un toque de estrella pop estadounidense al evento de apertura. La ganadora de seis premios Grammy anunci\u00f3 su participaci\u00f3n en una publicaci\u00f3n de Instagram diciendo, \u201cCi vediamo a Milano\u201d, italiano para \u201cNos vemos en Mil\u00e1n\u201d.<\/p>\n\n\n\n<p>Las actrices italianas Sabrina Impacciatore, quien apareci\u00f3 en la segunda temporada de \u201cThe White Lotus\u201d de HBO, y Matilde De Angelis, quien protagoniz\u00f3 la serie de Netflix \u201cLa ley de Lydia Poet\u201d, tambi\u00e9n participar\u00e1n en la ceremonia de apertura, han anunciado los organizadores.<\/p>\n\n\n\n<p>Se espera una multitud de 60,000 espectadores con millones m\u00e1s viendo por televisi\u00f3n.<\/p>\n\n\n\n<p>La estrella de ballet de renombre internacional Roberto Bolle encabezar\u00e1 la ceremonia de clausura, que est\u00e1 programada para la antigua Arena Romana de Verona el 22 de febrero.<\/p>\n\n\n\n<p><\/p>\n","protected":false},"excerpt":{"rendered":"<p>(Foto: Agencias) El tenor Andrea Bocelli ser\u00e1 uno de los artistas principales en la ceremonia<\/p>\n","protected":false},"author":4,"featured_media":12219,"comment_status":"closed","ping_status":"open","sticky":false,"template":"","format":"standard","meta":{"_jetpack_memberships_contains_paid_content":false,"footnotes":""},"categories":[117],"tags":[],"class_list":["post-12227","post","type-post","status-publish","format-standard","has-post-thumbnail","hentry","category-juegos-de-invierno"],"yoast_head":"<!-- This site is optimized with the Yoast SEO plugin v25.7 - https:\/\/yoast.com\/wordpress\/plugins\/seo\/ -->\n<title>Apertura de JO de Invierno ser\u00e1 vibrante - Esbozo Deportivo<\/title>\n<meta name=\"description\" content=\"El tenor Andrea Bocelli ser\u00e1 uno de los artistas principales en la ceremonia de apertura de los Juegos Ol\u00edmpicos de Invierno de Mil\u00e1n-Cortina el 6 de febrero, uni\u00e9ndose a la ya anunciada diva del pop Mariah Carey, dijeron los organizadores el domingo.\" \/>\n<meta name=\"robots\" content=\"index, follow, max-snippet:-1, max-image-preview:large, max-video-preview:-1\" \/>\n<link rel=\"canonical\" href=\"https:\/\/esbozodeportivo.com\/index.php\/2026\/01\/12\/apertura-de-jo-de-invierno-sera-vibrante\/\" \/>\n<meta property=\"og:locale\" content=\"es_MX\" \/>\n<meta property=\"og:type\" content=\"article\" \/>\n<meta property=\"og:title\" content=\"Apertura de JO de Invierno ser\u00e1 vibrante - Esbozo Deportivo\" \/>\n<meta property=\"og:description\" content=\"El tenor Andrea Bocelli ser\u00e1 uno de los artistas principales en la ceremonia de apertura de los Juegos Ol\u00edmpicos de Invierno de Mil\u00e1n-Cortina el 6 de febrero, uni\u00e9ndose a la ya anunciada diva del pop Mariah Carey, dijeron los organizadores el domingo.\" \/>\n<meta property=\"og:url\" content=\"https:\/\/esbozodeportivo.com\/index.php\/2026\/01\/12\/apertura-de-jo-de-invierno-sera-vibrante\/\" \/>\n<meta property=\"og:site_name\" content=\"Esbozo Deportivo\" \/>\n<meta property=\"article:published_time\" content=\"2026-01-12T06:43:28+00:00\" \/>\n<meta property=\"article:modified_time\" content=\"2026-01-12T06:43:29+00:00\" \/>\n<meta property=\"og:image\" content=\"https:\/\/esbozodeportivo.com\/wp-content\/uploads\/2026\/01\/e8861b74-25f5-45c2-95c3-f49aca3f93ce.jpg\" \/>\n\t<meta property=\"og:image:width\" content=\"980\" \/>\n\t<meta property=\"og:image:height\" content=\"653\" \/>\n\t<meta property=\"og:image:type\" content=\"image\/jpeg\" \/>\n<meta name=\"author\" content=\"Redacci\u00f3n\" \/>\n<meta name=\"twitter:card\" content=\"summary_large_image\" \/>\n<meta name=\"twitter:label1\" content=\"Escrito por\" \/>\n\t<meta name=\"twitter:data1\" content=\"Redacci\u00f3n\" \/>\n\t<meta name=\"twitter:label2\" content=\"Tiempo de lectura\" \/>\n\t<meta name=\"twitter:data2\" content=\"3 minutos\" \/>\n<script type=\"application\/ld+json\" class=\"yoast-schema-graph\">{\"@context\":\"https:\/\/schema.org\",\"@graph\":[{\"@type\":\"Article\",\"@id\":\"https:\/\/esbozodeportivo.com\/index.php\/2026\/01\/12\/apertura-de-jo-de-invierno-sera-vibrante\/#article\",\"isPartOf\":{\"@id\":\"https:\/\/esbozodeportivo.com\/index.php\/2026\/01\/12\/apertura-de-jo-de-invierno-sera-vibrante\/\"},\"author\":{\"name\":\"Redacci\u00f3n\",\"@id\":\"https:\/\/esbozodeportivo.com\/#\/schema\/person\/0f6df9196dfe6740dd0bb31bae50d374\"},\"headline\":\"Apertura de JO de Invierno ser\u00e1 vibrante\",\"datePublished\":\"2026-01-12T06:43:28+00:00\",\"dateModified\":\"2026-01-12T06:43:29+00:00\",\"mainEntityOfPage\":{\"@id\":\"https:\/\/esbozodeportivo.com\/index.php\/2026\/01\/12\/apertura-de-jo-de-invierno-sera-vibrante\/\"},\"wordCount\":552,\"publisher\":{\"@id\":\"https:\/\/esbozodeportivo.com\/#organization\"},\"image\":{\"@id\":\"https:\/\/esbozodeportivo.com\/index.php\/2026\/01\/12\/apertura-de-jo-de-invierno-sera-vibrante\/#primaryimage\"},\"thumbnailUrl\":\"https:\/\/esbozodeportivo.com\/wp-content\/uploads\/2026\/01\/e8861b74-25f5-45c2-95c3-f49aca3f93ce.jpg\",\"articleSection\":[\"Juegos de Invierno\"],\"inLanguage\":\"es\"},{\"@type\":\"WebPage\",\"@id\":\"https:\/\/esbozodeportivo.com\/index.php\/2026\/01\/12\/apertura-de-jo-de-invierno-sera-vibrante\/\",\"url\":\"https:\/\/esbozodeportivo.com\/index.php\/2026\/01\/12\/apertura-de-jo-de-invierno-sera-vibrante\/\",\"name\":\"Apertura de JO de Invierno ser\u00e1 vibrante - Esbozo Deportivo\",\"isPartOf\":{\"@id\":\"https:\/\/esbozodeportivo.com\/#website\"},\"primaryImageOfPage\":{\"@id\":\"https:\/\/esbozodeportivo.com\/index.php\/2026\/01\/12\/apertura-de-jo-de-invierno-sera-vibrante\/#primaryimage\"},\"image\":{\"@id\":\"https:\/\/esbozodeportivo.com\/index.php\/2026\/01\/12\/apertura-de-jo-de-invierno-sera-vibrante\/#primaryimage\"},\"thumbnailUrl\":\"https:\/\/esbozodeportivo.com\/wp-content\/uploads\/2026\/01\/e8861b74-25f5-45c2-95c3-f49aca3f93ce.jpg\",\"datePublished\":\"2026-01-12T06:43:28+00:00\",\"dateModified\":\"2026-01-12T06:43:29+00:00\",\"description\":\"El tenor Andrea Bocelli ser\u00e1 uno de los artistas principales en la ceremonia de apertura de los Juegos Ol\u00edmpicos de Invierno de Mil\u00e1n-Cortina el 6 de febrero, uni\u00e9ndose a la ya anunciada diva del pop Mariah Carey, dijeron los organizadores el domingo.\",\"breadcrumb\":{\"@id\":\"https:\/\/esbozodeportivo.com\/index.php\/2026\/01\/12\/apertura-de-jo-de-invierno-sera-vibrante\/#breadcrumb\"},\"inLanguage\":\"es\",\"potentialAction\":[{\"@type\":\"ReadAction\",\"target\":[\"https:\/\/esbozodeportivo.com\/index.php\/2026\/01\/12\/apertura-de-jo-de-invierno-sera-vibrante\/\"]}]},{\"@type\":\"ImageObject\",\"inLanguage\":\"es\",\"@id\":\"https:\/\/esbozodeportivo.com\/index.php\/2026\/01\/12\/apertura-de-jo-de-invierno-sera-vibrante\/#primaryimage\",\"url\":\"https:\/\/esbozodeportivo.com\/wp-content\/uploads\/2026\/01\/e8861b74-25f5-45c2-95c3-f49aca3f93ce.jpg\",\"contentUrl\":\"https:\/\/esbozodeportivo.com\/wp-content\/uploads\/2026\/01\/e8861b74-25f5-45c2-95c3-f49aca3f93ce.jpg\",\"width\":980,\"height\":653},{\"@type\":\"BreadcrumbList\",\"@id\":\"https:\/\/esbozodeportivo.com\/index.php\/2026\/01\/12\/apertura-de-jo-de-invierno-sera-vibrante\/#breadcrumb\",\"itemListElement\":[{\"@type\":\"ListItem\",\"position\":1,\"name\":\"Inicio\",\"item\":\"https:\/\/esbozodeportivo.com\/\"},{\"@type\":\"ListItem\",\"position\":2,\"name\":\"Apertura de JO de Invierno ser\u00e1 vibrante\"}]},{\"@type\":\"WebSite\",\"@id\":\"https:\/\/esbozodeportivo.com\/#website\",\"url\":\"https:\/\/esbozodeportivo.com\/\",\"name\":\"Esbozo Deportivo\",\"description\":\"Lo m\u00e1s importante del Deporte\",\"publisher\":{\"@id\":\"https:\/\/esbozodeportivo.com\/#organization\"},\"potentialAction\":[{\"@type\":\"SearchAction\",\"target\":{\"@type\":\"EntryPoint\",\"urlTemplate\":\"https:\/\/esbozodeportivo.com\/?s={search_term_string}\"},\"query-input\":{\"@type\":\"PropertyValueSpecification\",\"valueRequired\":true,\"valueName\":\"search_term_string\"}}],\"inLanguage\":\"es\"},{\"@type\":\"Organization\",\"@id\":\"https:\/\/esbozodeportivo.com\/#organization\",\"name\":\"Esbozo Deportivo\",\"url\":\"https:\/\/esbozodeportivo.com\/\",\"logo\":{\"@type\":\"ImageObject\",\"inLanguage\":\"es\",\"@id\":\"https:\/\/esbozodeportivo.com\/#\/schema\/logo\/image\/\",\"url\":\"https:\/\/esbozodeportivo.com\/wp-content\/uploads\/2022\/08\/cropped-Logo-Esbozo-Web-2.png\",\"contentUrl\":\"https:\/\/esbozodeportivo.com\/wp-content\/uploads\/2022\/08\/cropped-Logo-Esbozo-Web-2.png\",\"width\":180,\"height\":50,\"caption\":\"Esbozo Deportivo\"},\"image\":{\"@id\":\"https:\/\/esbozodeportivo.com\/#\/schema\/logo\/image\/\"}},{\"@type\":\"Person\",\"@id\":\"https:\/\/esbozodeportivo.com\/#\/schema\/person\/0f6df9196dfe6740dd0bb31bae50d374\",\"name\":\"Redacci\u00f3n\",\"image\":{\"@type\":\"ImageObject\",\"inLanguage\":\"es\",\"@id\":\"https:\/\/esbozodeportivo.com\/#\/schema\/person\/image\/\",\"url\":\"https:\/\/secure.gravatar.com\/avatar\/f55268a89c3b418f2ef172ff52ab0d09b3e653c58de29539fe329fb93d78ebf3?s=96&d=mm&r=g\",\"contentUrl\":\"https:\/\/secure.gravatar.com\/avatar\/f55268a89c3b418f2ef172ff52ab0d09b3e653c58de29539fe329fb93d78ebf3?s=96&d=mm&r=g\",\"caption\":\"Redacci\u00f3n\"},\"url\":\"https:\/\/esbozodeportivo.com\/index.php\/author\/redaccion\/\"}]}<\/script>\n<!-- \/ Yoast SEO plugin. -->","yoast_head_json":{"title":"Apertura de JO de Invierno ser\u00e1 vibrante - Esbozo Deportivo","description":"El tenor Andrea Bocelli ser\u00e1 uno de los artistas principales en la ceremonia de apertura de los Juegos Ol\u00edmpicos de Invierno de Mil\u00e1n-Cortina el 6 de febrero, uni\u00e9ndose a la ya anunciada diva del pop Mariah Carey, dijeron los organizadores el domingo.","robots":{"index":"index","follow":"follow","max-snippet":"max-snippet:-1","max-image-preview":"max-image-preview:large","max-video-preview":"max-video-preview:-1"},"canonical":"https:\/\/esbozodeportivo.com\/index.php\/2026\/01\/12\/apertura-de-jo-de-invierno-sera-vibrante\/","og_locale":"es_MX","og_type":"article","og_title":"Apertura de JO de Invierno ser\u00e1 vibrante - Esbozo Deportivo","og_description":"El tenor Andrea Bocelli ser\u00e1 uno de los artistas principales en la ceremonia de apertura de los Juegos Ol\u00edmpicos de Invierno de Mil\u00e1n-Cortina el 6 de febrero, uni\u00e9ndose a la ya anunciada diva del pop Mariah Carey, dijeron los organizadores el domingo.","og_url":"https:\/\/esbozodeportivo.com\/index.php\/2026\/01\/12\/apertura-de-jo-de-invierno-sera-vibrante\/","og_site_name":"Esbozo Deportivo","article_published_time":"2026-01-12T06:43:28+00:00","article_modified_time":"2026-01-12T06:43:29+00:00","og_image":[{"width":980,"height":653,"url":"https:\/\/esbozodeportivo.com\/wp-content\/uploads\/2026\/01\/e8861b74-25f5-45c2-95c3-f49aca3f93ce.jpg","type":"image\/jpeg"}],"author":"Redacci\u00f3n","twitter_card":"summary_large_image","twitter_misc":{"Escrito por":"Redacci\u00f3n","Tiempo de lectura":"3 minutos"},"schema":{"@context":"https:\/\/schema.org","@graph":[{"@type":"Article","@id":"https:\/\/esbozodeportivo.com\/index.php\/2026\/01\/12\/apertura-de-jo-de-invierno-sera-vibrante\/#article","isPartOf":{"@id":"https:\/\/esbozodeportivo.com\/index.php\/2026\/01\/12\/apertura-de-jo-de-invierno-sera-vibrante\/"},"author":{"name":"Redacci\u00f3n","@id":"https:\/\/esbozodeportivo.com\/#\/schema\/person\/0f6df9196dfe6740dd0bb31bae50d374"},"headline":"Apertura de JO de Invierno ser\u00e1 vibrante","datePublished":"2026-01-12T06:43:28+00:00","dateModified":"2026-01-12T06:43:29+00:00","mainEntityOfPage":{"@id":"https:\/\/esbozodeportivo.com\/index.php\/2026\/01\/12\/apertura-de-jo-de-invierno-sera-vibrante\/"},"wordCount":552,"publisher":{"@id":"https:\/\/esbozodeportivo.com\/#organization"},"image":{"@id":"https:\/\/esbozodeportivo.com\/index.php\/2026\/01\/12\/apertura-de-jo-de-invierno-sera-vibrante\/#primaryimage"},"thumbnailUrl":"https:\/\/esbozodeportivo.com\/wp-content\/uploads\/2026\/01\/e8861b74-25f5-45c2-95c3-f49aca3f93ce.jpg","articleSection":["Juegos de Invierno"],"inLanguage":"es"},{"@type":"WebPage","@id":"https:\/\/esbozodeportivo.com\/index.php\/2026\/01\/12\/apertura-de-jo-de-invierno-sera-vibrante\/","url":"https:\/\/esbozodeportivo.com\/index.php\/2026\/01\/12\/apertura-de-jo-de-invierno-sera-vibrante\/","name":"Apertura de JO de Invierno ser\u00e1 vibrante - Esbozo Deportivo","isPartOf":{"@id":"https:\/\/esbozodeportivo.com\/#website"},"primaryImageOfPage":{"@id":"https:\/\/esbozodeportivo.com\/index.php\/2026\/01\/12\/apertura-de-jo-de-invierno-sera-vibrante\/#primaryimage"},"image":{"@id":"https:\/\/esbozodeportivo.com\/index.php\/2026\/01\/12\/apertura-de-jo-de-invierno-sera-vibrante\/#primaryimage"},"thumbnailUrl":"https:\/\/esbozodeportivo.com\/wp-content\/uploads\/2026\/01\/e8861b74-25f5-45c2-95c3-f49aca3f93ce.jpg","datePublished":"2026-01-12T06:43:28+00:00","dateModified":"2026-01-12T06:43:29+00:00","description":"El tenor Andrea Bocelli ser\u00e1 uno de los artistas principales en la ceremonia de apertura de los Juegos Ol\u00edmpicos de Invierno de Mil\u00e1n-Cortina el 6 de febrero, uni\u00e9ndose a la ya anunciada diva del pop Mariah Carey, dijeron los organizadores el domingo.","breadcrumb":{"@id":"https:\/\/esbozodeportivo.com\/index.php\/2026\/01\/12\/apertura-de-jo-de-invierno-sera-vibrante\/#breadcrumb"},"inLanguage":"es","potentialAction":[{"@type":"ReadAction","target":["https:\/\/esbozodeportivo.com\/index.php\/2026\/01\/12\/apertura-de-jo-de-invierno-sera-vibrante\/"]}]},{"@type":"ImageObject","inLanguage":"es","@id":"https:\/\/esbozodeportivo.com\/index.php\/2026\/01\/12\/apertura-de-jo-de-invierno-sera-vibrante\/#primaryimage","url":"https:\/\/esbozodeportivo.com\/wp-content\/uploads\/2026\/01\/e8861b74-25f5-45c2-95c3-f49aca3f93ce.jpg","contentUrl":"https:\/\/esbozodeportivo.com\/wp-content\/uploads\/2026\/01\/e8861b74-25f5-45c2-95c3-f49aca3f93ce.jpg","width":980,"height":653},{"@type":"BreadcrumbList","@id":"https:\/\/esbozodeportivo.com\/index.php\/2026\/01\/12\/apertura-de-jo-de-invierno-sera-vibrante\/#breadcrumb","itemListElement":[{"@type":"ListItem","position":1,"name":"Inicio","item":"https:\/\/esbozodeportivo.com\/"},{"@type":"ListItem","position":2,"name":"Apertura de JO de Invierno ser\u00e1 vibrante"}]},{"@type":"WebSite","@id":"https:\/\/esbozodeportivo.com\/#website","url":"https:\/\/esbozodeportivo.com\/","name":"Esbozo Deportivo","description":"Lo m\u00e1s importante del Deporte","publisher":{"@id":"https:\/\/esbozodeportivo.com\/#organization"},"potentialAction":[{"@type":"SearchAction","target":{"@type":"EntryPoint","urlTemplate":"https:\/\/esbozodeportivo.com\/?s={search_term_string}"},"query-input":{"@type":"PropertyValueSpecification","valueRequired":true,"valueName":"search_term_string"}}],"inLanguage":"es"},{"@type":"Organization","@id":"https:\/\/esbozodeportivo.com\/#organization","name":"Esbozo Deportivo","url":"https:\/\/esbozodeportivo.com\/","logo":{"@type":"ImageObject","inLanguage":"es","@id":"https:\/\/esbozodeportivo.com\/#\/schema\/logo\/image\/","url":"https:\/\/esbozodeportivo.com\/wp-content\/uploads\/2022\/08\/cropped-Logo-Esbozo-Web-2.png","contentUrl":"https:\/\/esbozodeportivo.com\/wp-content\/uploads\/2022\/08\/cropped-Logo-Esbozo-Web-2.png","width":180,"height":50,"caption":"Esbozo Deportivo"},"image":{"@id":"https:\/\/esbozodeportivo.com\/#\/schema\/logo\/image\/"}},{"@type":"Person","@id":"https:\/\/esbozodeportivo.com\/#\/schema\/person\/0f6df9196dfe6740dd0bb31bae50d374","name":"Redacci\u00f3n","image":{"@type":"ImageObject","inLanguage":"es","@id":"https:\/\/esbozodeportivo.com\/#\/schema\/person\/image\/","url":"https:\/\/secure.gravatar.com\/avatar\/f55268a89c3b418f2ef172ff52ab0d09b3e653c58de29539fe329fb93d78ebf3?s=96&d=mm&r=g","contentUrl":"https:\/\/secure.gravatar.com\/avatar\/f55268a89c3b418f2ef172ff52ab0d09b3e653c58de29539fe329fb93d78ebf3?s=96&d=mm&r=g","caption":"Redacci\u00f3n"},"url":"https:\/\/esbozodeportivo.com\/index.php\/author\/redaccion\/"}]}},"jetpack_featured_media_url":"https:\/\/esbozodeportivo.com\/wp-content\/uploads\/2026\/01\/e8861b74-25f5-45c2-95c3-f49aca3f93ce.jpg","jetpack_sharing_enabled":true,"_links":{"self":[{"href":"https:\/\/esbozodeportivo.com\/index.php\/wp-json\/wp\/v2\/posts\/12227","targetHints":{"allow":["GET"]}}],"collection":[{"href":"https:\/\/esbozodeportivo.com\/index.php\/wp-json\/wp\/v2\/posts"}],"about":[{"href":"https:\/\/esbozodeportivo.com\/index.php\/wp-json\/wp\/v2\/types\/post"}],"author":[{"embeddable":true,"href":"https:\/\/esbozodeportivo.com\/index.php\/wp-json\/wp\/v2\/users\/4"}],"replies":[{"embeddable":true,"href":"https:\/\/esbozodeportivo.com\/index.php\/wp-json\/wp\/v2\/comments?post=12227"}],"version-history":[{"count":1,"href":"https:\/\/esbozodeportivo.com\/index.php\/wp-json\/wp\/v2\/posts\/12227\/revisions"}],"predecessor-version":[{"id":12228,"href":"https:\/\/esbozodeportivo.com\/index.php\/wp-json\/wp\/v2\/posts\/12227\/revisions\/12228"}],"wp:featuredmedia":[{"embeddable":true,"href":"https:\/\/esbozodeportivo.com\/index.php\/wp-json\/wp\/v2\/media\/12219"}],"wp:attachment":[{"href":"https:\/\/esbozodeportivo.com\/index.php\/wp-json\/wp\/v2\/media?parent=12227"}],"wp:term":[{"taxonomy":"category","embeddable":true,"href":"https:\/\/esbozodeportivo.com\/index.php\/wp-json\/wp\/v2\/categories?post=12227"},{"taxonomy":"post_tag","embeddable":true,"href":"https:\/\/esbozodeportivo.com\/index.php\/wp-json\/wp\/v2\/tags?post=12227"}],"curies":[{"name":"wp","href":"https:\/\/api.w.org\/{rel}","templated":true}]}}