{"id":12238,"date":"2026-01-12T20:12:15","date_gmt":"2026-01-13T02:12:15","guid":{"rendered":"https:\/\/esbozodeportivo.com\/?p=12238"},"modified":"2026-01-12T20:12:16","modified_gmt":"2026-01-13T02:12:16","slug":"destituye-real-madrid-a-xabi-alonso","status":"publish","type":"post","link":"https:\/\/esbozodeportivo.com\/index.php\/2026\/01\/12\/destituye-real-madrid-a-xabi-alonso\/","title":{"rendered":"Destituye Real Madrid a Xabi Alonso"},"content":{"rendered":"\n<p>(Foto: Cortes\u00eda)<\/p>\n\n\n\n<p>El <strong>Real Madrid<\/strong> tom\u00f3 el lunes la decisi\u00f3n de cambiar de entrenador en medio de la temporada, destituyendo a <strong>Xabi Alonso<\/strong> para darle las riendas a <strong>\u00c1lvaro Arbeloa<\/strong>, el t\u00e9cnico de su filial.<\/p>\n\n\n\n<p>El <strong>Madrid<\/strong> inform\u00f3 que <strong>Alonso<\/strong> se fue por mutuo acuerdo, pero esto sigui\u00f3 a una tumultuosa etapa que dur\u00f3 menos de ocho meses y ocurri\u00f3 un d\u00eda despu\u00e9s de que el equipo perdiera 3-2 ante el <strong>Barcelona<\/strong> en la final de la <strong>Supercopa de Espa\u00f1a<\/strong> en <strong>Arabia Saud\u00ed.<\/strong><\/p>\n\n\n\n<p><strong>Alonso<\/strong> fue reemplazado de inmediato por <strong>Arbeloa<\/strong>. Ffueron compa\u00f1eros de equipo en el <strong>Madrid, Liverpool<\/strong> y la selecci\u00f3n de <strong>Espa\u00f1a<\/strong>, consagr\u00e1ndose campeones en la <strong>Copa del Mundo de 2010.<\/strong><\/p>\n\n\n\n<p>\u201cEl <strong>Real Madrid<\/strong> comunica que, de mutuo acuerdo entre el club y <strong>Xabi Alonso<\/strong>, se ha decidido poner fin a su etapa como entrenador del primer equipo\u201d, dijo el equipo en un comunicado. \u201c<strong>Xabi Alonso<\/strong> siempre tendr\u00e1 el cari\u00f1o y la admiraci\u00f3n de todo el madridismo porque es una leyenda del <strong>Real Madrid<\/strong> y ha representado en todo momento los valores de nuestro club. El <strong>Real Madrid<\/strong> siempre ser\u00e1 su casa\u201d.<\/p>\n\n\n\n<p>El club tambi\u00e9n agradeci\u00f3 al cuerpo t\u00e9cnico de <strong>Alonso.<\/strong><\/p>\n\n\n\n<p><strong>Xavy<\/strong> llevaba meses tambale\u00e1ndose en el cargo, con un equipo que no acababa de mostrar un buen juego bajo su conducci\u00f3n. Tambi\u00e9n tuvo encontronazos con jugadores como <strong>Vin\u00edcius J\u00fanior<\/strong> y numerosos informes de los medios dec\u00edan que hab\u00eda perdido el vestuario.<\/p>\n\n\n\n<p><strong>Vin\u00edcius<\/strong>, y otros, se quejaron m\u00e1s de una vez de ser sustituidos por el t\u00e9cnico durante los partidos. Algunos jugadores apoyaron p\u00fablicamente al entrenador a finales del a\u00f1o pasado, pero la situaci\u00f3n no pareci\u00f3 mejorar mucho.<\/p>\n\n\n\n<p>Despu\u00e9s de la derrota del domingo en <strong>Yeda, Alonso<\/strong> parec\u00eda querer que su equipo hiciera un pasillo de honor para el <strong>Barcelona<\/strong> durante la ceremonia de premios, pero <strong>Kylian Mbapp\u00e9<\/strong> y otros jugadores lo llamaron de vuelta y se alejaron.<\/p>\n\n\n\n<p><strong>Alonso<\/strong> estuvo al mando del <strong>Madrid<\/strong> en 34 partidos en todas las competiciones. Gan\u00f3 24 partidos, perdi\u00f3 seis y empat\u00f3 cuatro.<\/p>\n\n\n\n<p>El <strong>Madrid<\/strong> gan\u00f3 el primer cl\u00e1sico de la temporada en octubre por 2-1, pero se encuentra a cuatro puntos del <strong>Barcelona<\/strong> en el punto medio de La Liga. El pr\u00f3ximo partido del equipo ser\u00e1 el mi\u00e9rcoles en <strong>Albacete<\/strong> en los octavos de final de la <strong>Copa del Rey.<\/strong><\/p>\n\n\n\n<p>Al igual que <strong>Alonso, Arbeloa<\/strong> es un exjugador del gigante espa\u00f1ol, ayud\u00e1ndolo a ganar ocho t\u00edtulos entre 2009 y 2016, incluidas dos <strong>Copas de Europa<\/strong> y una liga espa\u00f1ola. <strong>Arbeloa<\/strong> tambi\u00e9n ayud\u00f3 a <strong>Espa\u00f1a<\/strong> a ganar el <strong>Mundial de 2010<\/strong> y las <strong>Eurocopas de 2008 y 2012<\/strong>. Hab\u00eda estado entrenando al <strong>Real Madrid Castilla<\/strong> desde junio. Tambi\u00e9n hab\u00eda entrenado a equipos juveniles en el club.<\/p>\n\n\n\n<p><strong>Alonso <\/strong>lleg\u00f3 en mayo con grandes expectativas y firm\u00f3 un contrato hasta junio de 2028. Llev\u00f3 al <strong>Bayer Leverkusen<\/strong> a un doblete sin precedentes de liga y copa alemanas en su primera temporada completa despu\u00e9s de hacerse cargo del equipo cuando estaba en la zona de descenso de la <strong>Bundesliga<\/strong> la temporada anterior.<\/p>\n\n\n\n<p>Como centrocampista, <strong>Alonso<\/strong> gan\u00f3 seis t\u00edtulos con el <strong>Madrid<\/strong> de 2009 a 2014 y fue campe\u00f3n del mundo y de la Eurocopa como compa\u00f1ero de equipo de <strong>Arbeloa.<\/strong><\/p>\n\n\n\n<p><\/p>\n","protected":false},"excerpt":{"rendered":"<p>(Foto: Cortes\u00eda) El Real Madrid tom\u00f3 el lunes la decisi\u00f3n de cambiar de entrenador en<\/p>\n","protected":false},"author":4,"featured_media":12239,"comment_status":"closed","ping_status":"open","sticky":false,"template":"","format":"standard","meta":{"_jetpack_memberships_contains_paid_content":false,"footnotes":""},"categories":[43],"tags":[],"class_list":["post-12238","post","type-post","status-publish","format-standard","has-post-thumbnail","hentry","category-futbol-espanol"],"yoast_head":"<!-- This site is optimized with the Yoast SEO plugin v25.7 - https:\/\/yoast.com\/wordpress\/plugins\/seo\/ -->\n<title>Destituye Real Madrid a Xabi Alonso - Esbozo Deportivo<\/title>\n<meta name=\"robots\" content=\"index, follow, max-snippet:-1, max-image-preview:large, max-video-preview:-1\" \/>\n<link rel=\"canonical\" href=\"https:\/\/esbozodeportivo.com\/index.php\/2026\/01\/12\/destituye-real-madrid-a-xabi-alonso\/\" \/>\n<meta property=\"og:locale\" content=\"es_MX\" \/>\n<meta property=\"og:type\" content=\"article\" \/>\n<meta property=\"og:title\" content=\"Destituye Real Madrid a Xabi Alonso - Esbozo Deportivo\" \/>\n<meta property=\"og:description\" content=\"(Foto: Cortes\u00eda) El Real Madrid tom\u00f3 el lunes la decisi\u00f3n de cambiar de entrenador en\" \/>\n<meta property=\"og:url\" content=\"https:\/\/esbozodeportivo.com\/index.php\/2026\/01\/12\/destituye-real-madrid-a-xabi-alonso\/\" \/>\n<meta property=\"og:site_name\" content=\"Esbozo Deportivo\" \/>\n<meta property=\"article:published_time\" content=\"2026-01-13T02:12:15+00:00\" \/>\n<meta property=\"article:modified_time\" content=\"2026-01-13T02:12:16+00:00\" \/>\n<meta property=\"og:image\" content=\"https:\/\/esbozodeportivo.com\/wp-content\/uploads\/2026\/01\/Xavy.jpg\" \/>\n\t<meta property=\"og:image:width\" content=\"1600\" \/>\n\t<meta property=\"og:image:height\" content=\"899\" \/>\n\t<meta property=\"og:image:type\" content=\"image\/jpeg\" \/>\n<meta name=\"author\" content=\"Redacci\u00f3n\" \/>\n<meta name=\"twitter:card\" content=\"summary_large_image\" \/>\n<meta name=\"twitter:label1\" content=\"Escrito por\" \/>\n\t<meta name=\"twitter:data1\" content=\"Redacci\u00f3n\" \/>\n\t<meta name=\"twitter:label2\" content=\"Tiempo de lectura\" \/>\n\t<meta name=\"twitter:data2\" content=\"3 minutos\" \/>\n<script type=\"application\/ld+json\" class=\"yoast-schema-graph\">{\"@context\":\"https:\/\/schema.org\",\"@graph\":[{\"@type\":\"Article\",\"@id\":\"https:\/\/esbozodeportivo.com\/index.php\/2026\/01\/12\/destituye-real-madrid-a-xabi-alonso\/#article\",\"isPartOf\":{\"@id\":\"https:\/\/esbozodeportivo.com\/index.php\/2026\/01\/12\/destituye-real-madrid-a-xabi-alonso\/\"},\"author\":{\"name\":\"Redacci\u00f3n\",\"@id\":\"https:\/\/esbozodeportivo.com\/#\/schema\/person\/0f6df9196dfe6740dd0bb31bae50d374\"},\"headline\":\"Destituye Real Madrid a Xabi Alonso\",\"datePublished\":\"2026-01-13T02:12:15+00:00\",\"dateModified\":\"2026-01-13T02:12:16+00:00\",\"mainEntityOfPage\":{\"@id\":\"https:\/\/esbozodeportivo.com\/index.php\/2026\/01\/12\/destituye-real-madrid-a-xabi-alonso\/\"},\"wordCount\":564,\"publisher\":{\"@id\":\"https:\/\/esbozodeportivo.com\/#organization\"},\"image\":{\"@id\":\"https:\/\/esbozodeportivo.com\/index.php\/2026\/01\/12\/destituye-real-madrid-a-xabi-alonso\/#primaryimage\"},\"thumbnailUrl\":\"https:\/\/esbozodeportivo.com\/wp-content\/uploads\/2026\/01\/Xavy.jpg\",\"articleSection\":[\"Futbol Espa\u00f1ol\"],\"inLanguage\":\"es\"},{\"@type\":\"WebPage\",\"@id\":\"https:\/\/esbozodeportivo.com\/index.php\/2026\/01\/12\/destituye-real-madrid-a-xabi-alonso\/\",\"url\":\"https:\/\/esbozodeportivo.com\/index.php\/2026\/01\/12\/destituye-real-madrid-a-xabi-alonso\/\",\"name\":\"Destituye Real Madrid a Xabi Alonso - Esbozo Deportivo\",\"isPartOf\":{\"@id\":\"https:\/\/esbozodeportivo.com\/#website\"},\"primaryImageOfPage\":{\"@id\":\"https:\/\/esbozodeportivo.com\/index.php\/2026\/01\/12\/destituye-real-madrid-a-xabi-alonso\/#primaryimage\"},\"image\":{\"@id\":\"https:\/\/esbozodeportivo.com\/index.php\/2026\/01\/12\/destituye-real-madrid-a-xabi-alonso\/#primaryimage\"},\"thumbnailUrl\":\"https:\/\/esbozodeportivo.com\/wp-content\/uploads\/2026\/01\/Xavy.jpg\",\"datePublished\":\"2026-01-13T02:12:15+00:00\",\"dateModified\":\"2026-01-13T02:12:16+00:00\",\"breadcrumb\":{\"@id\":\"https:\/\/esbozodeportivo.com\/index.php\/2026\/01\/12\/destituye-real-madrid-a-xabi-alonso\/#breadcrumb\"},\"inLanguage\":\"es\",\"potentialAction\":[{\"@type\":\"ReadAction\",\"target\":[\"https:\/\/esbozodeportivo.com\/index.php\/2026\/01\/12\/destituye-real-madrid-a-xabi-alonso\/\"]}]},{\"@type\":\"ImageObject\",\"inLanguage\":\"es\",\"@id\":\"https:\/\/esbozodeportivo.com\/index.php\/2026\/01\/12\/destituye-real-madrid-a-xabi-alonso\/#primaryimage\",\"url\":\"https:\/\/esbozodeportivo.com\/wp-content\/uploads\/2026\/01\/Xavy.jpg\",\"contentUrl\":\"https:\/\/esbozodeportivo.com\/wp-content\/uploads\/2026\/01\/Xavy.jpg\",\"width\":1600,\"height\":899},{\"@type\":\"BreadcrumbList\",\"@id\":\"https:\/\/esbozodeportivo.com\/index.php\/2026\/01\/12\/destituye-real-madrid-a-xabi-alonso\/#breadcrumb\",\"itemListElement\":[{\"@type\":\"ListItem\",\"position\":1,\"name\":\"Inicio\",\"item\":\"https:\/\/esbozodeportivo.com\/\"},{\"@type\":\"ListItem\",\"position\":2,\"name\":\"Destituye Real Madrid a Xabi Alonso\"}]},{\"@type\":\"WebSite\",\"@id\":\"https:\/\/esbozodeportivo.com\/#website\",\"url\":\"https:\/\/esbozodeportivo.com\/\",\"name\":\"Esbozo Deportivo\",\"description\":\"Lo m\u00e1s importante del Deporte\",\"publisher\":{\"@id\":\"https:\/\/esbozodeportivo.com\/#organization\"},\"potentialAction\":[{\"@type\":\"SearchAction\",\"target\":{\"@type\":\"EntryPoint\",\"urlTemplate\":\"https:\/\/esbozodeportivo.com\/?s={search_term_string}\"},\"query-input\":{\"@type\":\"PropertyValueSpecification\",\"valueRequired\":true,\"valueName\":\"search_term_string\"}}],\"inLanguage\":\"es\"},{\"@type\":\"Organization\",\"@id\":\"https:\/\/esbozodeportivo.com\/#organization\",\"name\":\"Esbozo Deportivo\",\"url\":\"https:\/\/esbozodeportivo.com\/\",\"logo\":{\"@type\":\"ImageObject\",\"inLanguage\":\"es\",\"@id\":\"https:\/\/esbozodeportivo.com\/#\/schema\/logo\/image\/\",\"url\":\"https:\/\/esbozodeportivo.com\/wp-content\/uploads\/2022\/08\/cropped-Logo-Esbozo-Web-2.png\",\"contentUrl\":\"https:\/\/esbozodeportivo.com\/wp-content\/uploads\/2022\/08\/cropped-Logo-Esbozo-Web-2.png\",\"width\":180,\"height\":50,\"caption\":\"Esbozo Deportivo\"},\"image\":{\"@id\":\"https:\/\/esbozodeportivo.com\/#\/schema\/logo\/image\/\"}},{\"@type\":\"Person\",\"@id\":\"https:\/\/esbozodeportivo.com\/#\/schema\/person\/0f6df9196dfe6740dd0bb31bae50d374\",\"name\":\"Redacci\u00f3n\",\"image\":{\"@type\":\"ImageObject\",\"inLanguage\":\"es\",\"@id\":\"https:\/\/esbozodeportivo.com\/#\/schema\/person\/image\/\",\"url\":\"https:\/\/secure.gravatar.com\/avatar\/f55268a89c3b418f2ef172ff52ab0d09b3e653c58de29539fe329fb93d78ebf3?s=96&d=mm&r=g\",\"contentUrl\":\"https:\/\/secure.gravatar.com\/avatar\/f55268a89c3b418f2ef172ff52ab0d09b3e653c58de29539fe329fb93d78ebf3?s=96&d=mm&r=g\",\"caption\":\"Redacci\u00f3n\"},\"url\":\"https:\/\/esbozodeportivo.com\/index.php\/author\/redaccion\/\"}]}<\/script>\n<!-- \/ Yoast SEO plugin. -->","yoast_head_json":{"title":"Destituye Real Madrid a Xabi Alonso - Esbozo Deportivo","robots":{"index":"index","follow":"follow","max-snippet":"max-snippet:-1","max-image-preview":"max-image-preview:large","max-video-preview":"max-video-preview:-1"},"canonical":"https:\/\/esbozodeportivo.com\/index.php\/2026\/01\/12\/destituye-real-madrid-a-xabi-alonso\/","og_locale":"es_MX","og_type":"article","og_title":"Destituye Real Madrid a Xabi Alonso - Esbozo Deportivo","og_description":"(Foto: Cortes\u00eda) El Real Madrid tom\u00f3 el lunes la decisi\u00f3n de cambiar de entrenador en","og_url":"https:\/\/esbozodeportivo.com\/index.php\/2026\/01\/12\/destituye-real-madrid-a-xabi-alonso\/","og_site_name":"Esbozo Deportivo","article_published_time":"2026-01-13T02:12:15+00:00","article_modified_time":"2026-01-13T02:12:16+00:00","og_image":[{"width":1600,"height":899,"url":"https:\/\/esbozodeportivo.com\/wp-content\/uploads\/2026\/01\/Xavy.jpg","type":"image\/jpeg"}],"author":"Redacci\u00f3n","twitter_card":"summary_large_image","twitter_misc":{"Escrito por":"Redacci\u00f3n","Tiempo de lectura":"3 minutos"},"schema":{"@context":"https:\/\/schema.org","@graph":[{"@type":"Article","@id":"https:\/\/esbozodeportivo.com\/index.php\/2026\/01\/12\/destituye-real-madrid-a-xabi-alonso\/#article","isPartOf":{"@id":"https:\/\/esbozodeportivo.com\/index.php\/2026\/01\/12\/destituye-real-madrid-a-xabi-alonso\/"},"author":{"name":"Redacci\u00f3n","@id":"https:\/\/esbozodeportivo.com\/#\/schema\/person\/0f6df9196dfe6740dd0bb31bae50d374"},"headline":"Destituye Real Madrid a Xabi Alonso","datePublished":"2026-01-13T02:12:15+00:00","dateModified":"2026-01-13T02:12:16+00:00","mainEntityOfPage":{"@id":"https:\/\/esbozodeportivo.com\/index.php\/2026\/01\/12\/destituye-real-madrid-a-xabi-alonso\/"},"wordCount":564,"publisher":{"@id":"https:\/\/esbozodeportivo.com\/#organization"},"image":{"@id":"https:\/\/esbozodeportivo.com\/index.php\/2026\/01\/12\/destituye-real-madrid-a-xabi-alonso\/#primaryimage"},"thumbnailUrl":"https:\/\/esbozodeportivo.com\/wp-content\/uploads\/2026\/01\/Xavy.jpg","articleSection":["Futbol Espa\u00f1ol"],"inLanguage":"es"},{"@type":"WebPage","@id":"https:\/\/esbozodeportivo.com\/index.php\/2026\/01\/12\/destituye-real-madrid-a-xabi-alonso\/","url":"https:\/\/esbozodeportivo.com\/index.php\/2026\/01\/12\/destituye-real-madrid-a-xabi-alonso\/","name":"Destituye Real Madrid a Xabi Alonso - Esbozo Deportivo","isPartOf":{"@id":"https:\/\/esbozodeportivo.com\/#website"},"primaryImageOfPage":{"@id":"https:\/\/esbozodeportivo.com\/index.php\/2026\/01\/12\/destituye-real-madrid-a-xabi-alonso\/#primaryimage"},"image":{"@id":"https:\/\/esbozodeportivo.com\/index.php\/2026\/01\/12\/destituye-real-madrid-a-xabi-alonso\/#primaryimage"},"thumbnailUrl":"https:\/\/esbozodeportivo.com\/wp-content\/uploads\/2026\/01\/Xavy.jpg","datePublished":"2026-01-13T02:12:15+00:00","dateModified":"2026-01-13T02:12:16+00:00","breadcrumb":{"@id":"https:\/\/esbozodeportivo.com\/index.php\/2026\/01\/12\/destituye-real-madrid-a-xabi-alonso\/#breadcrumb"},"inLanguage":"es","potentialAction":[{"@type":"ReadAction","target":["https:\/\/esbozodeportivo.com\/index.php\/2026\/01\/12\/destituye-real-madrid-a-xabi-alonso\/"]}]},{"@type":"ImageObject","inLanguage":"es","@id":"https:\/\/esbozodeportivo.com\/index.php\/2026\/01\/12\/destituye-real-madrid-a-xabi-alonso\/#primaryimage","url":"https:\/\/esbozodeportivo.com\/wp-content\/uploads\/2026\/01\/Xavy.jpg","contentUrl":"https:\/\/esbozodeportivo.com\/wp-content\/uploads\/2026\/01\/Xavy.jpg","width":1600,"height":899},{"@type":"BreadcrumbList","@id":"https:\/\/esbozodeportivo.com\/index.php\/2026\/01\/12\/destituye-real-madrid-a-xabi-alonso\/#breadcrumb","itemListElement":[{"@type":"ListItem","position":1,"name":"Inicio","item":"https:\/\/esbozodeportivo.com\/"},{"@type":"ListItem","position":2,"name":"Destituye Real Madrid a Xabi Alonso"}]},{"@type":"WebSite","@id":"https:\/\/esbozodeportivo.com\/#website","url":"https:\/\/esbozodeportivo.com\/","name":"Esbozo Deportivo","description":"Lo m\u00e1s importante del Deporte","publisher":{"@id":"https:\/\/esbozodeportivo.com\/#organization"},"potentialAction":[{"@type":"SearchAction","target":{"@type":"EntryPoint","urlTemplate":"https:\/\/esbozodeportivo.com\/?s={search_term_string}"},"query-input":{"@type":"PropertyValueSpecification","valueRequired":true,"valueName":"search_term_string"}}],"inLanguage":"es"},{"@type":"Organization","@id":"https:\/\/esbozodeportivo.com\/#organization","name":"Esbozo Deportivo","url":"https:\/\/esbozodeportivo.com\/","logo":{"@type":"ImageObject","inLanguage":"es","@id":"https:\/\/esbozodeportivo.com\/#\/schema\/logo\/image\/","url":"https:\/\/esbozodeportivo.com\/wp-content\/uploads\/2022\/08\/cropped-Logo-Esbozo-Web-2.png","contentUrl":"https:\/\/esbozodeportivo.com\/wp-content\/uploads\/2022\/08\/cropped-Logo-Esbozo-Web-2.png","width":180,"height":50,"caption":"Esbozo Deportivo"},"image":{"@id":"https:\/\/esbozodeportivo.com\/#\/schema\/logo\/image\/"}},{"@type":"Person","@id":"https:\/\/esbozodeportivo.com\/#\/schema\/person\/0f6df9196dfe6740dd0bb31bae50d374","name":"Redacci\u00f3n","image":{"@type":"ImageObject","inLanguage":"es","@id":"https:\/\/esbozodeportivo.com\/#\/schema\/person\/image\/","url":"https:\/\/secure.gravatar.com\/avatar\/f55268a89c3b418f2ef172ff52ab0d09b3e653c58de29539fe329fb93d78ebf3?s=96&d=mm&r=g","contentUrl":"https:\/\/secure.gravatar.com\/avatar\/f55268a89c3b418f2ef172ff52ab0d09b3e653c58de29539fe329fb93d78ebf3?s=96&d=mm&r=g","caption":"Redacci\u00f3n"},"url":"https:\/\/esbozodeportivo.com\/index.php\/author\/redaccion\/"}]}},"jetpack_featured_media_url":"https:\/\/esbozodeportivo.com\/wp-content\/uploads\/2026\/01\/Xavy.jpg","jetpack_sharing_enabled":true,"_links":{"self":[{"href":"https:\/\/esbozodeportivo.com\/index.php\/wp-json\/wp\/v2\/posts\/12238","targetHints":{"allow":["GET"]}}],"collection":[{"href":"https:\/\/esbozodeportivo.com\/index.php\/wp-json\/wp\/v2\/posts"}],"about":[{"href":"https:\/\/esbozodeportivo.com\/index.php\/wp-json\/wp\/v2\/types\/post"}],"author":[{"embeddable":true,"href":"https:\/\/esbozodeportivo.com\/index.php\/wp-json\/wp\/v2\/users\/4"}],"replies":[{"embeddable":true,"href":"https:\/\/esbozodeportivo.com\/index.php\/wp-json\/wp\/v2\/comments?post=12238"}],"version-history":[{"count":1,"href":"https:\/\/esbozodeportivo.com\/index.php\/wp-json\/wp\/v2\/posts\/12238\/revisions"}],"predecessor-version":[{"id":12241,"href":"https:\/\/esbozodeportivo.com\/index.php\/wp-json\/wp\/v2\/posts\/12238\/revisions\/12241"}],"wp:featuredmedia":[{"embeddable":true,"href":"https:\/\/esbozodeportivo.com\/index.php\/wp-json\/wp\/v2\/media\/12239"}],"wp:attachment":[{"href":"https:\/\/esbozodeportivo.com\/index.php\/wp-json\/wp\/v2\/media?parent=12238"}],"wp:term":[{"taxonomy":"category","embeddable":true,"href":"https:\/\/esbozodeportivo.com\/index.php\/wp-json\/wp\/v2\/categories?post=12238"},{"taxonomy":"post_tag","embeddable":true,"href":"https:\/\/esbozodeportivo.com\/index.php\/wp-json\/wp\/v2\/tags?post=12238"}],"curies":[{"name":"wp","href":"https:\/\/api.w.org\/{rel}","templated":true}]}}