{"id":12262,"date":"2026-01-13T15:59:22","date_gmt":"2026-01-13T21:59:22","guid":{"rendered":"https:\/\/esbozodeportivo.com\/?p=12262"},"modified":"2026-01-13T15:59:23","modified_gmt":"2026-01-13T21:59:23","slug":"arbeloa-no-quiere-ser-el-nuevo-mourinho","status":"publish","type":"post","link":"https:\/\/esbozodeportivo.com\/index.php\/2026\/01\/13\/arbeloa-no-quiere-ser-el-nuevo-mourinho\/","title":{"rendered":"Arbeloa no quiere ser el nuevo Mourinho"},"content":{"rendered":"\n<p>(Foto: Agencias)<\/p>\n\n\n\n<p>\u00c1lvaro Arbeloa no intentar\u00e1 ser el nuevo Jos\u00e9 Mourinho en el Real Madrid.<\/p>\n\n\n\n<p>El exjugador del club se pronunci\u00f3 p\u00fablicamente por primera vez como su nuevo t\u00e9cnico el martes, sosteniendo que tiene mucho de Mourinho en \u00e9l, pero que quiere inculcar su propio estilo al asumir su primer gran trabajo en un banquillo.<\/p>\n\n\n\n<p>Arbeloa, quien ven\u00eda desempe\u00f1\u00e1ndose como entrenador del filial Real Madrid Castilla, asumi\u00f3 las riendas en reemplazo de Xabi Alonso tras una tumultuosa etapa de ocho meses al mando.<\/p>\n\n\n\n<p>Arbeloa jug\u00f3 para Mourinho en el Madrid a principios de la d\u00e9cada de 2010 y admiti\u00f3 que ha sido fuertemente influenciado por el entrenador portugu\u00e9s.<\/p>\n\n\n\n<p>\u201cSab\u00eda que surgir\u00eda esta pregunta\u201d, dijo Arbeloa en su primera conferencia de prensa como entrenador del primer equipo del Madrid. \u201cFue un privilegio y un honor ser entrenado por \u00e9l. Tengo una gran relaci\u00f3n con \u00e9l. Influy\u00f3 mucho en m\u00ed y lo llevo dentro.<\/p>\n\n\n\n<p>\u201cVoy a ser \u00c1lvaro Arbeloa. Es verdad que no tengo miedo al fracaso, no lo he tenido nunca, pero estoy seguro de que si quisiera ser \u00e9l fracasar\u00eda estrepitosamente\u201d, a\u00f1adi\u00f3.<\/p>\n\n\n\n<p>Arbeloa dijo que no hab\u00eda hablado con Mourinho desde su nombramiento. Hab\u00eda dicho en el pasado que intentaba ser como Mourinho tanto como fuera posible, siempre siendo directo y sin miedo a mostrar un car\u00e1cter fuerte.<\/p>\n\n\n\n<p>Arbeloa expres\u00f3 que quiere que el enfoque est\u00e9 en los jugadores.<\/p>\n\n\n\n<p>\u201cAl final lo importante son ellos, que se puedan expresar, disfrutar en el campo y que sean felices\u201d, manifest\u00f3. \u201cLlevar este escudo es lo mejor que te puede pasar en la vida y es un privilegio enorme para todos. No me preocupa otra cosa que tener la ambici\u00f3n y la ilusi\u00f3n por ganar todos los t\u00edtulos porque es lo que marca este escudo\u201d.<\/p>\n\n\n\n<p>En lo que llam\u00f3 \u201cun d\u00eda especial\u201d, Arbeloa tambi\u00e9n habl\u00f3 sobre su amistad con Alonso, antiguo compa\u00f1ero de equipo en el Madrid, Liverpool y la selecci\u00f3n de Espa\u00f1a. Tambi\u00e9n destac\u00f3 que ten\u00eda la suerte de contar con Vin\u00edcius J\u00fanior en el equipo.<\/p>\n\n\n\n<p>Alonso y Vin\u00edcius tuvieron un enfrentamiento p\u00fablico, con el delantero brasile\u00f1o quej\u00e1ndose a menudo despu\u00e9s de ser sustituido por el exentrenador.<\/p>\n\n\n\n<p>\u201cEs una suerte contar con \u00e9l porque es uno de los futbolistas m\u00e1s desequilibrantes del mundo y querido por la afici\u00f3n\u201d, dijo Arbeloa. \u201cQuiero ver a Vin\u00edcius sonriendo, disfrutando, bailando\u201d.<\/p>\n\n\n\n<p>Arbeloa manifest\u00f3 que no estaba preocupado por tener que gestionar egos en un equipo que incluye a Kylian Mbapp\u00e9 y Jude Bellingham.<\/p>\n\n\n\n<p>\u201cNo es algo que me preocupe mucho\u201d, expres\u00f3. \u201cTenemos una plantilla con grandes futbolistas y son todos muy buenos chicos, no hay nadie m\u00e1s interesado en ganas t\u00edtulos que los jugadores\u201d.<\/p>\n\n\n\n<p>Arbeloa dijo que habl\u00f3 con su \u201camigo\u201d Alonso el lunes.<\/p>\n\n\n\n<p>\u201c\u00c9l me ha deseado lo mejor y al rev\u00e9s ser\u00eda igual. Tenemos una relaci\u00f3n de amistad que est\u00e1 por encima de todas las cosas. Ayer hablamos un buen rato y me dese\u00f3 lo mejor\u201d, se\u00f1al\u00f3. \u201cYo tambi\u00e9n a \u00e9l porque es un grand\u00edsimo entrenador y estoy seguro de que le va a ir muy bien en el futuro. Vamos a estar juntos siempre, como lo hemos estado todos estos a\u00f1os\u201d.<\/p>\n\n\n\n<p>Arbeloa ha estado con el Madrid durante 20 a\u00f1os y se considera cercano al presidente del club, Florentino P\u00e9rez. Al ser preguntado si podr\u00eda estar en un rol interino, Arbeloa dijo que permanecer\u00e1 en el trabajo mientras el Madrid quiera que se quede.<\/p>\n\n\n\n<p>J\u00fcrgen Klopp, mencionado por algunos como un objetivo del Madrid para el verano, dijo al canal austriaco Servus TV, propiedad de Red Bull, el lunes por la noche que la salida de Alonso \u201cno tiene absolutamente nada que ver conmigo\u201d y que est\u00e1 \u201cen el lugar correcto\u201d con su trabajo de supervisi\u00f3n en los clubes de Red Bull.<\/p>\n\n\n\n<p>Arbeloa asume el cargo con el Madrid en el segundo lugar de La Liga espa\u00f1ola, a cuatro puntos del l\u00edder Barcelona, tras llegar a la mitad de la temporada. El club se encuentra s\u00e9ptimo en la fase de liga de la Liga de Campeones.<\/p>\n\n\n\n<p>El pr\u00f3ximo partido del equipo ser\u00e1 el mi\u00e9rcoles en Albacete en los octavos de final de la Copa del Rey.<\/p>\n\n\n\n<p><\/p>\n","protected":false},"excerpt":{"rendered":"<p>(Foto: Agencias) \u00c1lvaro Arbeloa no intentar\u00e1 ser el nuevo Jos\u00e9 Mourinho en el Real Madrid.<\/p>\n","protected":false},"author":4,"featured_media":12254,"comment_status":"closed","ping_status":"open","sticky":false,"template":"","format":"standard","meta":{"_jetpack_memberships_contains_paid_content":false,"footnotes":""},"categories":[43],"tags":[],"class_list":["post-12262","post","type-post","status-publish","format-standard","has-post-thumbnail","hentry","category-futbol-espanol"],"yoast_head":"<!-- This site is optimized with the Yoast SEO plugin v25.7 - https:\/\/yoast.com\/wordpress\/plugins\/seo\/ -->\n<title>Arbeloa no quiere ser el nuevo Mourinho - Esbozo Deportivo<\/title>\n<meta name=\"description\" content=\"El exjugador del club se pronunci\u00f3 p\u00fablicamente por primera vez como su nuevo t\u00e9cnico el martes, sosteniendo que tiene mucho de Mourinho en \u00e9l, pero que quiere inculcar su propio estilo al asumir su primer gran trabajo en un banquillo.\" \/>\n<meta name=\"robots\" content=\"index, follow, max-snippet:-1, max-image-preview:large, max-video-preview:-1\" \/>\n<link rel=\"canonical\" href=\"https:\/\/esbozodeportivo.com\/index.php\/2026\/01\/13\/arbeloa-no-quiere-ser-el-nuevo-mourinho\/\" \/>\n<meta property=\"og:locale\" content=\"es_MX\" \/>\n<meta property=\"og:type\" content=\"article\" \/>\n<meta property=\"og:title\" content=\"Arbeloa no quiere ser el nuevo Mourinho - Esbozo Deportivo\" \/>\n<meta property=\"og:description\" content=\"El exjugador del club se pronunci\u00f3 p\u00fablicamente por primera vez como su nuevo t\u00e9cnico el martes, sosteniendo que tiene mucho de Mourinho en \u00e9l, pero que quiere inculcar su propio estilo al asumir su primer gran trabajo en un banquillo.\" \/>\n<meta property=\"og:url\" content=\"https:\/\/esbozodeportivo.com\/index.php\/2026\/01\/13\/arbeloa-no-quiere-ser-el-nuevo-mourinho\/\" \/>\n<meta property=\"og:site_name\" content=\"Esbozo Deportivo\" \/>\n<meta property=\"article:published_time\" content=\"2026-01-13T21:59:22+00:00\" \/>\n<meta property=\"article:modified_time\" content=\"2026-01-13T21:59:23+00:00\" \/>\n<meta property=\"og:image\" content=\"https:\/\/esbozodeportivo.com\/wp-content\/uploads\/2026\/01\/07c95009-8681-4a98-bbb8-7e6204355748.jpg\" \/>\n\t<meta property=\"og:image:width\" content=\"1440\" \/>\n\t<meta property=\"og:image:height\" content=\"960\" \/>\n\t<meta property=\"og:image:type\" content=\"image\/jpeg\" \/>\n<meta name=\"author\" content=\"Redacci\u00f3n\" \/>\n<meta name=\"twitter:card\" content=\"summary_large_image\" \/>\n<meta name=\"twitter:label1\" content=\"Escrito por\" \/>\n\t<meta name=\"twitter:data1\" content=\"Redacci\u00f3n\" \/>\n\t<meta name=\"twitter:label2\" content=\"Tiempo de lectura\" \/>\n\t<meta name=\"twitter:data2\" content=\"4 minutos\" \/>\n<script type=\"application\/ld+json\" class=\"yoast-schema-graph\">{\"@context\":\"https:\/\/schema.org\",\"@graph\":[{\"@type\":\"Article\",\"@id\":\"https:\/\/esbozodeportivo.com\/index.php\/2026\/01\/13\/arbeloa-no-quiere-ser-el-nuevo-mourinho\/#article\",\"isPartOf\":{\"@id\":\"https:\/\/esbozodeportivo.com\/index.php\/2026\/01\/13\/arbeloa-no-quiere-ser-el-nuevo-mourinho\/\"},\"author\":{\"name\":\"Redacci\u00f3n\",\"@id\":\"https:\/\/esbozodeportivo.com\/#\/schema\/person\/0f6df9196dfe6740dd0bb31bae50d374\"},\"headline\":\"Arbeloa no quiere ser el nuevo Mourinho\",\"datePublished\":\"2026-01-13T21:59:22+00:00\",\"dateModified\":\"2026-01-13T21:59:23+00:00\",\"mainEntityOfPage\":{\"@id\":\"https:\/\/esbozodeportivo.com\/index.php\/2026\/01\/13\/arbeloa-no-quiere-ser-el-nuevo-mourinho\/\"},\"wordCount\":741,\"publisher\":{\"@id\":\"https:\/\/esbozodeportivo.com\/#organization\"},\"image\":{\"@id\":\"https:\/\/esbozodeportivo.com\/index.php\/2026\/01\/13\/arbeloa-no-quiere-ser-el-nuevo-mourinho\/#primaryimage\"},\"thumbnailUrl\":\"https:\/\/esbozodeportivo.com\/wp-content\/uploads\/2026\/01\/07c95009-8681-4a98-bbb8-7e6204355748.jpg\",\"articleSection\":[\"Futbol Espa\u00f1ol\"],\"inLanguage\":\"es\"},{\"@type\":\"WebPage\",\"@id\":\"https:\/\/esbozodeportivo.com\/index.php\/2026\/01\/13\/arbeloa-no-quiere-ser-el-nuevo-mourinho\/\",\"url\":\"https:\/\/esbozodeportivo.com\/index.php\/2026\/01\/13\/arbeloa-no-quiere-ser-el-nuevo-mourinho\/\",\"name\":\"Arbeloa no quiere ser el nuevo Mourinho - Esbozo Deportivo\",\"isPartOf\":{\"@id\":\"https:\/\/esbozodeportivo.com\/#website\"},\"primaryImageOfPage\":{\"@id\":\"https:\/\/esbozodeportivo.com\/index.php\/2026\/01\/13\/arbeloa-no-quiere-ser-el-nuevo-mourinho\/#primaryimage\"},\"image\":{\"@id\":\"https:\/\/esbozodeportivo.com\/index.php\/2026\/01\/13\/arbeloa-no-quiere-ser-el-nuevo-mourinho\/#primaryimage\"},\"thumbnailUrl\":\"https:\/\/esbozodeportivo.com\/wp-content\/uploads\/2026\/01\/07c95009-8681-4a98-bbb8-7e6204355748.jpg\",\"datePublished\":\"2026-01-13T21:59:22+00:00\",\"dateModified\":\"2026-01-13T21:59:23+00:00\",\"description\":\"El exjugador del club se pronunci\u00f3 p\u00fablicamente por primera vez como su nuevo t\u00e9cnico el martes, sosteniendo que tiene mucho de Mourinho en \u00e9l, pero que quiere inculcar su propio estilo al asumir su primer gran trabajo en un banquillo.\",\"breadcrumb\":{\"@id\":\"https:\/\/esbozodeportivo.com\/index.php\/2026\/01\/13\/arbeloa-no-quiere-ser-el-nuevo-mourinho\/#breadcrumb\"},\"inLanguage\":\"es\",\"potentialAction\":[{\"@type\":\"ReadAction\",\"target\":[\"https:\/\/esbozodeportivo.com\/index.php\/2026\/01\/13\/arbeloa-no-quiere-ser-el-nuevo-mourinho\/\"]}]},{\"@type\":\"ImageObject\",\"inLanguage\":\"es\",\"@id\":\"https:\/\/esbozodeportivo.com\/index.php\/2026\/01\/13\/arbeloa-no-quiere-ser-el-nuevo-mourinho\/#primaryimage\",\"url\":\"https:\/\/esbozodeportivo.com\/wp-content\/uploads\/2026\/01\/07c95009-8681-4a98-bbb8-7e6204355748.jpg\",\"contentUrl\":\"https:\/\/esbozodeportivo.com\/wp-content\/uploads\/2026\/01\/07c95009-8681-4a98-bbb8-7e6204355748.jpg\",\"width\":1440,\"height\":960},{\"@type\":\"BreadcrumbList\",\"@id\":\"https:\/\/esbozodeportivo.com\/index.php\/2026\/01\/13\/arbeloa-no-quiere-ser-el-nuevo-mourinho\/#breadcrumb\",\"itemListElement\":[{\"@type\":\"ListItem\",\"position\":1,\"name\":\"Inicio\",\"item\":\"https:\/\/esbozodeportivo.com\/\"},{\"@type\":\"ListItem\",\"position\":2,\"name\":\"Arbeloa no quiere ser el nuevo Mourinho\"}]},{\"@type\":\"WebSite\",\"@id\":\"https:\/\/esbozodeportivo.com\/#website\",\"url\":\"https:\/\/esbozodeportivo.com\/\",\"name\":\"Esbozo Deportivo\",\"description\":\"Lo m\u00e1s importante del Deporte\",\"publisher\":{\"@id\":\"https:\/\/esbozodeportivo.com\/#organization\"},\"potentialAction\":[{\"@type\":\"SearchAction\",\"target\":{\"@type\":\"EntryPoint\",\"urlTemplate\":\"https:\/\/esbozodeportivo.com\/?s={search_term_string}\"},\"query-input\":{\"@type\":\"PropertyValueSpecification\",\"valueRequired\":true,\"valueName\":\"search_term_string\"}}],\"inLanguage\":\"es\"},{\"@type\":\"Organization\",\"@id\":\"https:\/\/esbozodeportivo.com\/#organization\",\"name\":\"Esbozo Deportivo\",\"url\":\"https:\/\/esbozodeportivo.com\/\",\"logo\":{\"@type\":\"ImageObject\",\"inLanguage\":\"es\",\"@id\":\"https:\/\/esbozodeportivo.com\/#\/schema\/logo\/image\/\",\"url\":\"https:\/\/esbozodeportivo.com\/wp-content\/uploads\/2022\/08\/cropped-Logo-Esbozo-Web-2.png\",\"contentUrl\":\"https:\/\/esbozodeportivo.com\/wp-content\/uploads\/2022\/08\/cropped-Logo-Esbozo-Web-2.png\",\"width\":180,\"height\":50,\"caption\":\"Esbozo Deportivo\"},\"image\":{\"@id\":\"https:\/\/esbozodeportivo.com\/#\/schema\/logo\/image\/\"}},{\"@type\":\"Person\",\"@id\":\"https:\/\/esbozodeportivo.com\/#\/schema\/person\/0f6df9196dfe6740dd0bb31bae50d374\",\"name\":\"Redacci\u00f3n\",\"image\":{\"@type\":\"ImageObject\",\"inLanguage\":\"es\",\"@id\":\"https:\/\/esbozodeportivo.com\/#\/schema\/person\/image\/\",\"url\":\"https:\/\/secure.gravatar.com\/avatar\/f55268a89c3b418f2ef172ff52ab0d09b3e653c58de29539fe329fb93d78ebf3?s=96&d=mm&r=g\",\"contentUrl\":\"https:\/\/secure.gravatar.com\/avatar\/f55268a89c3b418f2ef172ff52ab0d09b3e653c58de29539fe329fb93d78ebf3?s=96&d=mm&r=g\",\"caption\":\"Redacci\u00f3n\"},\"url\":\"https:\/\/esbozodeportivo.com\/index.php\/author\/redaccion\/\"}]}<\/script>\n<!-- \/ Yoast SEO plugin. -->","yoast_head_json":{"title":"Arbeloa no quiere ser el nuevo Mourinho - Esbozo Deportivo","description":"El exjugador del club se pronunci\u00f3 p\u00fablicamente por primera vez como su nuevo t\u00e9cnico el martes, sosteniendo que tiene mucho de Mourinho en \u00e9l, pero que quiere inculcar su propio estilo al asumir su primer gran trabajo en un banquillo.","robots":{"index":"index","follow":"follow","max-snippet":"max-snippet:-1","max-image-preview":"max-image-preview:large","max-video-preview":"max-video-preview:-1"},"canonical":"https:\/\/esbozodeportivo.com\/index.php\/2026\/01\/13\/arbeloa-no-quiere-ser-el-nuevo-mourinho\/","og_locale":"es_MX","og_type":"article","og_title":"Arbeloa no quiere ser el nuevo Mourinho - Esbozo Deportivo","og_description":"El exjugador del club se pronunci\u00f3 p\u00fablicamente por primera vez como su nuevo t\u00e9cnico el martes, sosteniendo que tiene mucho de Mourinho en \u00e9l, pero que quiere inculcar su propio estilo al asumir su primer gran trabajo en un banquillo.","og_url":"https:\/\/esbozodeportivo.com\/index.php\/2026\/01\/13\/arbeloa-no-quiere-ser-el-nuevo-mourinho\/","og_site_name":"Esbozo Deportivo","article_published_time":"2026-01-13T21:59:22+00:00","article_modified_time":"2026-01-13T21:59:23+00:00","og_image":[{"width":1440,"height":960,"url":"https:\/\/esbozodeportivo.com\/wp-content\/uploads\/2026\/01\/07c95009-8681-4a98-bbb8-7e6204355748.jpg","type":"image\/jpeg"}],"author":"Redacci\u00f3n","twitter_card":"summary_large_image","twitter_misc":{"Escrito por":"Redacci\u00f3n","Tiempo de lectura":"4 minutos"},"schema":{"@context":"https:\/\/schema.org","@graph":[{"@type":"Article","@id":"https:\/\/esbozodeportivo.com\/index.php\/2026\/01\/13\/arbeloa-no-quiere-ser-el-nuevo-mourinho\/#article","isPartOf":{"@id":"https:\/\/esbozodeportivo.com\/index.php\/2026\/01\/13\/arbeloa-no-quiere-ser-el-nuevo-mourinho\/"},"author":{"name":"Redacci\u00f3n","@id":"https:\/\/esbozodeportivo.com\/#\/schema\/person\/0f6df9196dfe6740dd0bb31bae50d374"},"headline":"Arbeloa no quiere ser el nuevo Mourinho","datePublished":"2026-01-13T21:59:22+00:00","dateModified":"2026-01-13T21:59:23+00:00","mainEntityOfPage":{"@id":"https:\/\/esbozodeportivo.com\/index.php\/2026\/01\/13\/arbeloa-no-quiere-ser-el-nuevo-mourinho\/"},"wordCount":741,"publisher":{"@id":"https:\/\/esbozodeportivo.com\/#organization"},"image":{"@id":"https:\/\/esbozodeportivo.com\/index.php\/2026\/01\/13\/arbeloa-no-quiere-ser-el-nuevo-mourinho\/#primaryimage"},"thumbnailUrl":"https:\/\/esbozodeportivo.com\/wp-content\/uploads\/2026\/01\/07c95009-8681-4a98-bbb8-7e6204355748.jpg","articleSection":["Futbol Espa\u00f1ol"],"inLanguage":"es"},{"@type":"WebPage","@id":"https:\/\/esbozodeportivo.com\/index.php\/2026\/01\/13\/arbeloa-no-quiere-ser-el-nuevo-mourinho\/","url":"https:\/\/esbozodeportivo.com\/index.php\/2026\/01\/13\/arbeloa-no-quiere-ser-el-nuevo-mourinho\/","name":"Arbeloa no quiere ser el nuevo Mourinho - Esbozo Deportivo","isPartOf":{"@id":"https:\/\/esbozodeportivo.com\/#website"},"primaryImageOfPage":{"@id":"https:\/\/esbozodeportivo.com\/index.php\/2026\/01\/13\/arbeloa-no-quiere-ser-el-nuevo-mourinho\/#primaryimage"},"image":{"@id":"https:\/\/esbozodeportivo.com\/index.php\/2026\/01\/13\/arbeloa-no-quiere-ser-el-nuevo-mourinho\/#primaryimage"},"thumbnailUrl":"https:\/\/esbozodeportivo.com\/wp-content\/uploads\/2026\/01\/07c95009-8681-4a98-bbb8-7e6204355748.jpg","datePublished":"2026-01-13T21:59:22+00:00","dateModified":"2026-01-13T21:59:23+00:00","description":"El exjugador del club se pronunci\u00f3 p\u00fablicamente por primera vez como su nuevo t\u00e9cnico el martes, sosteniendo que tiene mucho de Mourinho en \u00e9l, pero que quiere inculcar su propio estilo al asumir su primer gran trabajo en un banquillo.","breadcrumb":{"@id":"https:\/\/esbozodeportivo.com\/index.php\/2026\/01\/13\/arbeloa-no-quiere-ser-el-nuevo-mourinho\/#breadcrumb"},"inLanguage":"es","potentialAction":[{"@type":"ReadAction","target":["https:\/\/esbozodeportivo.com\/index.php\/2026\/01\/13\/arbeloa-no-quiere-ser-el-nuevo-mourinho\/"]}]},{"@type":"ImageObject","inLanguage":"es","@id":"https:\/\/esbozodeportivo.com\/index.php\/2026\/01\/13\/arbeloa-no-quiere-ser-el-nuevo-mourinho\/#primaryimage","url":"https:\/\/esbozodeportivo.com\/wp-content\/uploads\/2026\/01\/07c95009-8681-4a98-bbb8-7e6204355748.jpg","contentUrl":"https:\/\/esbozodeportivo.com\/wp-content\/uploads\/2026\/01\/07c95009-8681-4a98-bbb8-7e6204355748.jpg","width":1440,"height":960},{"@type":"BreadcrumbList","@id":"https:\/\/esbozodeportivo.com\/index.php\/2026\/01\/13\/arbeloa-no-quiere-ser-el-nuevo-mourinho\/#breadcrumb","itemListElement":[{"@type":"ListItem","position":1,"name":"Inicio","item":"https:\/\/esbozodeportivo.com\/"},{"@type":"ListItem","position":2,"name":"Arbeloa no quiere ser el nuevo Mourinho"}]},{"@type":"WebSite","@id":"https:\/\/esbozodeportivo.com\/#website","url":"https:\/\/esbozodeportivo.com\/","name":"Esbozo Deportivo","description":"Lo m\u00e1s importante del Deporte","publisher":{"@id":"https:\/\/esbozodeportivo.com\/#organization"},"potentialAction":[{"@type":"SearchAction","target":{"@type":"EntryPoint","urlTemplate":"https:\/\/esbozodeportivo.com\/?s={search_term_string}"},"query-input":{"@type":"PropertyValueSpecification","valueRequired":true,"valueName":"search_term_string"}}],"inLanguage":"es"},{"@type":"Organization","@id":"https:\/\/esbozodeportivo.com\/#organization","name":"Esbozo Deportivo","url":"https:\/\/esbozodeportivo.com\/","logo":{"@type":"ImageObject","inLanguage":"es","@id":"https:\/\/esbozodeportivo.com\/#\/schema\/logo\/image\/","url":"https:\/\/esbozodeportivo.com\/wp-content\/uploads\/2022\/08\/cropped-Logo-Esbozo-Web-2.png","contentUrl":"https:\/\/esbozodeportivo.com\/wp-content\/uploads\/2022\/08\/cropped-Logo-Esbozo-Web-2.png","width":180,"height":50,"caption":"Esbozo Deportivo"},"image":{"@id":"https:\/\/esbozodeportivo.com\/#\/schema\/logo\/image\/"}},{"@type":"Person","@id":"https:\/\/esbozodeportivo.com\/#\/schema\/person\/0f6df9196dfe6740dd0bb31bae50d374","name":"Redacci\u00f3n","image":{"@type":"ImageObject","inLanguage":"es","@id":"https:\/\/esbozodeportivo.com\/#\/schema\/person\/image\/","url":"https:\/\/secure.gravatar.com\/avatar\/f55268a89c3b418f2ef172ff52ab0d09b3e653c58de29539fe329fb93d78ebf3?s=96&d=mm&r=g","contentUrl":"https:\/\/secure.gravatar.com\/avatar\/f55268a89c3b418f2ef172ff52ab0d09b3e653c58de29539fe329fb93d78ebf3?s=96&d=mm&r=g","caption":"Redacci\u00f3n"},"url":"https:\/\/esbozodeportivo.com\/index.php\/author\/redaccion\/"}]}},"jetpack_featured_media_url":"https:\/\/esbozodeportivo.com\/wp-content\/uploads\/2026\/01\/07c95009-8681-4a98-bbb8-7e6204355748.jpg","jetpack_sharing_enabled":true,"_links":{"self":[{"href":"https:\/\/esbozodeportivo.com\/index.php\/wp-json\/wp\/v2\/posts\/12262","targetHints":{"allow":["GET"]}}],"collection":[{"href":"https:\/\/esbozodeportivo.com\/index.php\/wp-json\/wp\/v2\/posts"}],"about":[{"href":"https:\/\/esbozodeportivo.com\/index.php\/wp-json\/wp\/v2\/types\/post"}],"author":[{"embeddable":true,"href":"https:\/\/esbozodeportivo.com\/index.php\/wp-json\/wp\/v2\/users\/4"}],"replies":[{"embeddable":true,"href":"https:\/\/esbozodeportivo.com\/index.php\/wp-json\/wp\/v2\/comments?post=12262"}],"version-history":[{"count":1,"href":"https:\/\/esbozodeportivo.com\/index.php\/wp-json\/wp\/v2\/posts\/12262\/revisions"}],"predecessor-version":[{"id":12263,"href":"https:\/\/esbozodeportivo.com\/index.php\/wp-json\/wp\/v2\/posts\/12262\/revisions\/12263"}],"wp:featuredmedia":[{"embeddable":true,"href":"https:\/\/esbozodeportivo.com\/index.php\/wp-json\/wp\/v2\/media\/12254"}],"wp:attachment":[{"href":"https:\/\/esbozodeportivo.com\/index.php\/wp-json\/wp\/v2\/media?parent=12262"}],"wp:term":[{"taxonomy":"category","embeddable":true,"href":"https:\/\/esbozodeportivo.com\/index.php\/wp-json\/wp\/v2\/categories?post=12262"},{"taxonomy":"post_tag","embeddable":true,"href":"https:\/\/esbozodeportivo.com\/index.php\/wp-json\/wp\/v2\/tags?post=12262"}],"curies":[{"name":"wp","href":"https:\/\/api.w.org\/{rel}","templated":true}]}}