{"id":12347,"date":"2026-01-16T00:04:32","date_gmt":"2026-01-16T06:04:32","guid":{"rendered":"https:\/\/esbozodeportivo.com\/?p=12347"},"modified":"2026-01-16T00:04:33","modified_gmt":"2026-01-16T06:04:33","slug":"el-laac-regresa-a-mexico-en-2027","status":"publish","type":"post","link":"https:\/\/esbozodeportivo.com\/index.php\/2026\/01\/16\/el-laac-regresa-a-mexico-en-2027\/","title":{"rendered":"El LAAC regresa a M\u00e9xico en 2027"},"content":{"rendered":"\n<p><strong>(Fotos: LAAC)<\/strong><\/p>\n\n\n\n<p><strong>izq a der: Mike Whan, USGA Chief Executive, Martin Hattrell, Chaiman The R&amp;A, Lee Styslinger, Andr\u00e9s Jurado Rivera Torres, presidente FMG, Luis Duran de Mayakoba at El Camaleon Golf Course, Fred S. Ridley, Chairman Augusta National Golf Club y The Masters Tournament, Charlie Maran The R&amp;A y Fred Perpall, Presidente USGA<\/strong><\/p>\n\n\n\n<p>Lima, Per\u00fa (15 de enero de 2026).- El <strong>Latin America Amateur Championship (LAAC)<\/strong> regresar\u00e1 a <strong>M\u00e9xico<\/strong> en 2027 al <strong>Camale\u00f3n en Mayakoba<\/strong>, marcando un nuevo cap\u00edtulo en la historia del golf nacional y consolidando nuestro pa\u00eds como uno de los grandes referentes del deporte en la regi\u00f3n.<\/p>\n\n\n\n<p>El <strong>LAAC<\/strong> vuelve al mismo escenario que lo recibi\u00f3 en 2020 para que los mejores golfistas amateurs de Am\u00e9rica Latina busquen no solo el t\u00edtulo, sino tambi\u00e9n las hist\u00f3ricas exenciones a <strong>The Masters, The Open Championship y el U.S. Open<\/strong>.<\/p>\n\n\n\n<p>Para M\u00e9xico, ser anfitri\u00f3n del<strong> LAAC 2027<\/strong> representa mucho m\u00e1s que albergar un torneo: es el reflejo del crecimiento del golf nacional, del trabajo formativo que se realiza desde etapas infantiles y juveniles, y del compromiso por seguir impulsando el talento amateur hacia el m\u00e1s alto nivel.<\/p>\n\n\n\n<p>Para este anuncio, estuvieron presentes; <strong>Mike Whan<\/strong>, USGA Chief Executive, <strong>Martin Hattrell<\/strong>, Chaiman The R&amp;A, y <strong>Fred S. Ridley<\/strong>, Chairman del Augusta National Golf Club y el Masters Tournament. Tambi\u00e9n estuvo presente una delegaci\u00f3n de la FMG encabezada por el presidente <strong>Andr\u00e9s Jurado Rivera Torres <\/strong>y una delegaci\u00f3n de <strong>Mayakoba<\/strong> encabezada por <strong>Luis Dur\u00e1n<\/strong>.<\/p>\n\n\n\n<figure class=\"wp-block-image size-large\"><img loading=\"lazy\" decoding=\"async\" width=\"1024\" height=\"588\" src=\"https:\/\/esbozodeportivo.com\/wp-content\/uploads\/2026\/01\/4ed86150-08b6-4b47-9fb9-5e30a0b2ed6f-1024x588.jpg\" alt=\"\" class=\"wp-image-12348\" srcset=\"https:\/\/esbozodeportivo.com\/wp-content\/uploads\/2026\/01\/4ed86150-08b6-4b47-9fb9-5e30a0b2ed6f-1024x588.jpg 1024w, https:\/\/esbozodeportivo.com\/wp-content\/uploads\/2026\/01\/4ed86150-08b6-4b47-9fb9-5e30a0b2ed6f-300x172.jpg 300w, https:\/\/esbozodeportivo.com\/wp-content\/uploads\/2026\/01\/4ed86150-08b6-4b47-9fb9-5e30a0b2ed6f-768x441.jpg 768w, https:\/\/esbozodeportivo.com\/wp-content\/uploads\/2026\/01\/4ed86150-08b6-4b47-9fb9-5e30a0b2ed6f.jpg 1500w\" sizes=\"auto, (max-width: 1024px) 100vw, 1024px\" \/><\/figure>\n\n\n\n<p><strong>El Camale\u00f3n, Mayakoba<\/strong><\/p>\n\n\n\n<p>\u201cEs para nosotros un orgullo y una gran responsabilidad ser sede de un evento de este tipo. Sin duda es una gran noticia para el golf mexicano, que sigue demostrando su capacidad en escenarios internacionales y tener a Mayakoba como club sede sin duda ser\u00e1 una gran experiencia para todos los participantes\u201d, mencion\u00f3 <strong>Andr\u00e9s Jurado Rivera Torres<\/strong>, presidente de la Federaci\u00f3n Mexicana de Golf.<\/p>\n\n\n\n<p>La <strong>Federaci\u00f3n Mexicana de Golf<\/strong> celebra este anuncio como una oportunidad \u00fanica para inspirar a nuevas generaciones, fortalecer la presencia internacional del golf mexicano y volver a hospedar uno de los eventos m\u00e1s importantes del golf amateur a nivel mundial.<\/p>\n\n\n\n<figure class=\"wp-block-image size-large\"><img loading=\"lazy\" decoding=\"async\" width=\"1024\" height=\"683\" src=\"https:\/\/esbozodeportivo.com\/wp-content\/uploads\/2026\/01\/fa71c6e4-0b19-45e1-bfce-054f686c5a34-1024x683.jpg\" alt=\"\" class=\"wp-image-12354\" srcset=\"https:\/\/esbozodeportivo.com\/wp-content\/uploads\/2026\/01\/fa71c6e4-0b19-45e1-bfce-054f686c5a34-1024x683.jpg 1024w, https:\/\/esbozodeportivo.com\/wp-content\/uploads\/2026\/01\/fa71c6e4-0b19-45e1-bfce-054f686c5a34-300x200.jpg 300w, https:\/\/esbozodeportivo.com\/wp-content\/uploads\/2026\/01\/fa71c6e4-0b19-45e1-bfce-054f686c5a34-768x512.jpg 768w, https:\/\/esbozodeportivo.com\/wp-content\/uploads\/2026\/01\/fa71c6e4-0b19-45e1-bfce-054f686c5a34.jpg 1500w\" sizes=\"auto, (max-width: 1024px) 100vw, 1024px\" \/><\/figure>\n","protected":false},"excerpt":{"rendered":"<p>(Fotos: LAAC) izq a der: Mike Whan, USGA Chief Executive, Martin Hattrell, Chaiman The R&amp;A,<\/p>\n","protected":false},"author":4,"featured_media":12350,"comment_status":"closed","ping_status":"open","sticky":false,"template":"","format":"standard","meta":{"_jetpack_memberships_contains_paid_content":false,"footnotes":""},"categories":[83],"tags":[],"class_list":["post-12347","post","type-post","status-publish","format-standard","has-post-thumbnail","hentry","category-federacion-mexicana-de-golf"],"yoast_head":"<!-- This site is optimized with the Yoast SEO plugin v25.7 - https:\/\/yoast.com\/wordpress\/plugins\/seo\/ -->\n<title>El LAAC regresa a M\u00e9xico en 2027 - Esbozo Deportivo<\/title>\n<meta name=\"description\" content=\"El Latin America Amateur Championship (LAAC) regresar\u00e1 a M\u00e9xico en 2027 al Camale\u00f3n en Mayakoba, marcando un nuevo cap\u00edtulo en la historia del golf nacional y consolidando nuestro pa\u00eds como uno de los grandes referentes del deporte en la regi\u00f3n.\" \/>\n<meta name=\"robots\" content=\"index, follow, max-snippet:-1, max-image-preview:large, max-video-preview:-1\" \/>\n<link rel=\"canonical\" href=\"https:\/\/esbozodeportivo.com\/index.php\/2026\/01\/16\/el-laac-regresa-a-mexico-en-2027\/\" \/>\n<meta property=\"og:locale\" content=\"es_MX\" \/>\n<meta property=\"og:type\" content=\"article\" \/>\n<meta property=\"og:title\" content=\"El LAAC regresa a M\u00e9xico en 2027 - Esbozo Deportivo\" \/>\n<meta property=\"og:description\" content=\"El Latin America Amateur Championship (LAAC) regresar\u00e1 a M\u00e9xico en 2027 al Camale\u00f3n en Mayakoba, marcando un nuevo cap\u00edtulo en la historia del golf nacional y consolidando nuestro pa\u00eds como uno de los grandes referentes del deporte en la regi\u00f3n.\" \/>\n<meta property=\"og:url\" content=\"https:\/\/esbozodeportivo.com\/index.php\/2026\/01\/16\/el-laac-regresa-a-mexico-en-2027\/\" \/>\n<meta property=\"og:site_name\" content=\"Esbozo Deportivo\" \/>\n<meta property=\"article:published_time\" content=\"2026-01-16T06:04:32+00:00\" \/>\n<meta property=\"article:modified_time\" content=\"2026-01-16T06:04:33+00:00\" \/>\n<meta property=\"og:image\" content=\"https:\/\/esbozodeportivo.com\/wp-content\/uploads\/2026\/01\/8aa64227-ff06-49fa-b2a9-00282751255a.jpg\" \/>\n\t<meta property=\"og:image:width\" content=\"1600\" \/>\n\t<meta property=\"og:image:height\" content=\"1066\" \/>\n\t<meta property=\"og:image:type\" content=\"image\/jpeg\" \/>\n<meta name=\"author\" content=\"Redacci\u00f3n\" \/>\n<meta name=\"twitter:card\" content=\"summary_large_image\" \/>\n<meta name=\"twitter:label1\" content=\"Escrito por\" \/>\n\t<meta name=\"twitter:data1\" content=\"Redacci\u00f3n\" \/>\n\t<meta name=\"twitter:label2\" content=\"Tiempo de lectura\" \/>\n\t<meta name=\"twitter:data2\" content=\"3 minutos\" \/>\n<script type=\"application\/ld+json\" class=\"yoast-schema-graph\">{\"@context\":\"https:\/\/schema.org\",\"@graph\":[{\"@type\":\"Article\",\"@id\":\"https:\/\/esbozodeportivo.com\/index.php\/2026\/01\/16\/el-laac-regresa-a-mexico-en-2027\/#article\",\"isPartOf\":{\"@id\":\"https:\/\/esbozodeportivo.com\/index.php\/2026\/01\/16\/el-laac-regresa-a-mexico-en-2027\/\"},\"author\":{\"name\":\"Redacci\u00f3n\",\"@id\":\"https:\/\/esbozodeportivo.com\/#\/schema\/person\/0f6df9196dfe6740dd0bb31bae50d374\"},\"headline\":\"El LAAC regresa a M\u00e9xico en 2027\",\"datePublished\":\"2026-01-16T06:04:32+00:00\",\"dateModified\":\"2026-01-16T06:04:33+00:00\",\"mainEntityOfPage\":{\"@id\":\"https:\/\/esbozodeportivo.com\/index.php\/2026\/01\/16\/el-laac-regresa-a-mexico-en-2027\/\"},\"wordCount\":382,\"publisher\":{\"@id\":\"https:\/\/esbozodeportivo.com\/#organization\"},\"image\":{\"@id\":\"https:\/\/esbozodeportivo.com\/index.php\/2026\/01\/16\/el-laac-regresa-a-mexico-en-2027\/#primaryimage\"},\"thumbnailUrl\":\"https:\/\/esbozodeportivo.com\/wp-content\/uploads\/2026\/01\/8aa64227-ff06-49fa-b2a9-00282751255a.jpg\",\"articleSection\":[\"Federaci\u00f3n Mexicana de Golf\"],\"inLanguage\":\"es\"},{\"@type\":\"WebPage\",\"@id\":\"https:\/\/esbozodeportivo.com\/index.php\/2026\/01\/16\/el-laac-regresa-a-mexico-en-2027\/\",\"url\":\"https:\/\/esbozodeportivo.com\/index.php\/2026\/01\/16\/el-laac-regresa-a-mexico-en-2027\/\",\"name\":\"El LAAC regresa a M\u00e9xico en 2027 - Esbozo Deportivo\",\"isPartOf\":{\"@id\":\"https:\/\/esbozodeportivo.com\/#website\"},\"primaryImageOfPage\":{\"@id\":\"https:\/\/esbozodeportivo.com\/index.php\/2026\/01\/16\/el-laac-regresa-a-mexico-en-2027\/#primaryimage\"},\"image\":{\"@id\":\"https:\/\/esbozodeportivo.com\/index.php\/2026\/01\/16\/el-laac-regresa-a-mexico-en-2027\/#primaryimage\"},\"thumbnailUrl\":\"https:\/\/esbozodeportivo.com\/wp-content\/uploads\/2026\/01\/8aa64227-ff06-49fa-b2a9-00282751255a.jpg\",\"datePublished\":\"2026-01-16T06:04:32+00:00\",\"dateModified\":\"2026-01-16T06:04:33+00:00\",\"description\":\"El Latin America Amateur Championship (LAAC) regresar\u00e1 a M\u00e9xico en 2027 al Camale\u00f3n en Mayakoba, marcando un nuevo cap\u00edtulo en la historia del golf nacional y consolidando nuestro pa\u00eds como uno de los grandes referentes del deporte en la regi\u00f3n.\",\"breadcrumb\":{\"@id\":\"https:\/\/esbozodeportivo.com\/index.php\/2026\/01\/16\/el-laac-regresa-a-mexico-en-2027\/#breadcrumb\"},\"inLanguage\":\"es\",\"potentialAction\":[{\"@type\":\"ReadAction\",\"target\":[\"https:\/\/esbozodeportivo.com\/index.php\/2026\/01\/16\/el-laac-regresa-a-mexico-en-2027\/\"]}]},{\"@type\":\"ImageObject\",\"inLanguage\":\"es\",\"@id\":\"https:\/\/esbozodeportivo.com\/index.php\/2026\/01\/16\/el-laac-regresa-a-mexico-en-2027\/#primaryimage\",\"url\":\"https:\/\/esbozodeportivo.com\/wp-content\/uploads\/2026\/01\/8aa64227-ff06-49fa-b2a9-00282751255a.jpg\",\"contentUrl\":\"https:\/\/esbozodeportivo.com\/wp-content\/uploads\/2026\/01\/8aa64227-ff06-49fa-b2a9-00282751255a.jpg\",\"width\":1600,\"height\":1066},{\"@type\":\"BreadcrumbList\",\"@id\":\"https:\/\/esbozodeportivo.com\/index.php\/2026\/01\/16\/el-laac-regresa-a-mexico-en-2027\/#breadcrumb\",\"itemListElement\":[{\"@type\":\"ListItem\",\"position\":1,\"name\":\"Inicio\",\"item\":\"https:\/\/esbozodeportivo.com\/\"},{\"@type\":\"ListItem\",\"position\":2,\"name\":\"El LAAC regresa a M\u00e9xico en 2027\"}]},{\"@type\":\"WebSite\",\"@id\":\"https:\/\/esbozodeportivo.com\/#website\",\"url\":\"https:\/\/esbozodeportivo.com\/\",\"name\":\"Esbozo Deportivo\",\"description\":\"Lo m\u00e1s importante del Deporte\",\"publisher\":{\"@id\":\"https:\/\/esbozodeportivo.com\/#organization\"},\"potentialAction\":[{\"@type\":\"SearchAction\",\"target\":{\"@type\":\"EntryPoint\",\"urlTemplate\":\"https:\/\/esbozodeportivo.com\/?s={search_term_string}\"},\"query-input\":{\"@type\":\"PropertyValueSpecification\",\"valueRequired\":true,\"valueName\":\"search_term_string\"}}],\"inLanguage\":\"es\"},{\"@type\":\"Organization\",\"@id\":\"https:\/\/esbozodeportivo.com\/#organization\",\"name\":\"Esbozo Deportivo\",\"url\":\"https:\/\/esbozodeportivo.com\/\",\"logo\":{\"@type\":\"ImageObject\",\"inLanguage\":\"es\",\"@id\":\"https:\/\/esbozodeportivo.com\/#\/schema\/logo\/image\/\",\"url\":\"https:\/\/esbozodeportivo.com\/wp-content\/uploads\/2022\/08\/cropped-Logo-Esbozo-Web-2.png\",\"contentUrl\":\"https:\/\/esbozodeportivo.com\/wp-content\/uploads\/2022\/08\/cropped-Logo-Esbozo-Web-2.png\",\"width\":180,\"height\":50,\"caption\":\"Esbozo Deportivo\"},\"image\":{\"@id\":\"https:\/\/esbozodeportivo.com\/#\/schema\/logo\/image\/\"}},{\"@type\":\"Person\",\"@id\":\"https:\/\/esbozodeportivo.com\/#\/schema\/person\/0f6df9196dfe6740dd0bb31bae50d374\",\"name\":\"Redacci\u00f3n\",\"image\":{\"@type\":\"ImageObject\",\"inLanguage\":\"es\",\"@id\":\"https:\/\/esbozodeportivo.com\/#\/schema\/person\/image\/\",\"url\":\"https:\/\/secure.gravatar.com\/avatar\/f55268a89c3b418f2ef172ff52ab0d09b3e653c58de29539fe329fb93d78ebf3?s=96&d=mm&r=g\",\"contentUrl\":\"https:\/\/secure.gravatar.com\/avatar\/f55268a89c3b418f2ef172ff52ab0d09b3e653c58de29539fe329fb93d78ebf3?s=96&d=mm&r=g\",\"caption\":\"Redacci\u00f3n\"},\"url\":\"https:\/\/esbozodeportivo.com\/index.php\/author\/redaccion\/\"}]}<\/script>\n<!-- \/ Yoast SEO plugin. -->","yoast_head_json":{"title":"El LAAC regresa a M\u00e9xico en 2027 - Esbozo Deportivo","description":"El Latin America Amateur Championship (LAAC) regresar\u00e1 a M\u00e9xico en 2027 al Camale\u00f3n en Mayakoba, marcando un nuevo cap\u00edtulo en la historia del golf nacional y consolidando nuestro pa\u00eds como uno de los grandes referentes del deporte en la regi\u00f3n.","robots":{"index":"index","follow":"follow","max-snippet":"max-snippet:-1","max-image-preview":"max-image-preview:large","max-video-preview":"max-video-preview:-1"},"canonical":"https:\/\/esbozodeportivo.com\/index.php\/2026\/01\/16\/el-laac-regresa-a-mexico-en-2027\/","og_locale":"es_MX","og_type":"article","og_title":"El LAAC regresa a M\u00e9xico en 2027 - Esbozo Deportivo","og_description":"El Latin America Amateur Championship (LAAC) regresar\u00e1 a M\u00e9xico en 2027 al Camale\u00f3n en Mayakoba, marcando un nuevo cap\u00edtulo en la historia del golf nacional y consolidando nuestro pa\u00eds como uno de los grandes referentes del deporte en la regi\u00f3n.","og_url":"https:\/\/esbozodeportivo.com\/index.php\/2026\/01\/16\/el-laac-regresa-a-mexico-en-2027\/","og_site_name":"Esbozo Deportivo","article_published_time":"2026-01-16T06:04:32+00:00","article_modified_time":"2026-01-16T06:04:33+00:00","og_image":[{"width":1600,"height":1066,"url":"https:\/\/esbozodeportivo.com\/wp-content\/uploads\/2026\/01\/8aa64227-ff06-49fa-b2a9-00282751255a.jpg","type":"image\/jpeg"}],"author":"Redacci\u00f3n","twitter_card":"summary_large_image","twitter_misc":{"Escrito por":"Redacci\u00f3n","Tiempo de lectura":"3 minutos"},"schema":{"@context":"https:\/\/schema.org","@graph":[{"@type":"Article","@id":"https:\/\/esbozodeportivo.com\/index.php\/2026\/01\/16\/el-laac-regresa-a-mexico-en-2027\/#article","isPartOf":{"@id":"https:\/\/esbozodeportivo.com\/index.php\/2026\/01\/16\/el-laac-regresa-a-mexico-en-2027\/"},"author":{"name":"Redacci\u00f3n","@id":"https:\/\/esbozodeportivo.com\/#\/schema\/person\/0f6df9196dfe6740dd0bb31bae50d374"},"headline":"El LAAC regresa a M\u00e9xico en 2027","datePublished":"2026-01-16T06:04:32+00:00","dateModified":"2026-01-16T06:04:33+00:00","mainEntityOfPage":{"@id":"https:\/\/esbozodeportivo.com\/index.php\/2026\/01\/16\/el-laac-regresa-a-mexico-en-2027\/"},"wordCount":382,"publisher":{"@id":"https:\/\/esbozodeportivo.com\/#organization"},"image":{"@id":"https:\/\/esbozodeportivo.com\/index.php\/2026\/01\/16\/el-laac-regresa-a-mexico-en-2027\/#primaryimage"},"thumbnailUrl":"https:\/\/esbozodeportivo.com\/wp-content\/uploads\/2026\/01\/8aa64227-ff06-49fa-b2a9-00282751255a.jpg","articleSection":["Federaci\u00f3n Mexicana de Golf"],"inLanguage":"es"},{"@type":"WebPage","@id":"https:\/\/esbozodeportivo.com\/index.php\/2026\/01\/16\/el-laac-regresa-a-mexico-en-2027\/","url":"https:\/\/esbozodeportivo.com\/index.php\/2026\/01\/16\/el-laac-regresa-a-mexico-en-2027\/","name":"El LAAC regresa a M\u00e9xico en 2027 - Esbozo Deportivo","isPartOf":{"@id":"https:\/\/esbozodeportivo.com\/#website"},"primaryImageOfPage":{"@id":"https:\/\/esbozodeportivo.com\/index.php\/2026\/01\/16\/el-laac-regresa-a-mexico-en-2027\/#primaryimage"},"image":{"@id":"https:\/\/esbozodeportivo.com\/index.php\/2026\/01\/16\/el-laac-regresa-a-mexico-en-2027\/#primaryimage"},"thumbnailUrl":"https:\/\/esbozodeportivo.com\/wp-content\/uploads\/2026\/01\/8aa64227-ff06-49fa-b2a9-00282751255a.jpg","datePublished":"2026-01-16T06:04:32+00:00","dateModified":"2026-01-16T06:04:33+00:00","description":"El Latin America Amateur Championship (LAAC) regresar\u00e1 a M\u00e9xico en 2027 al Camale\u00f3n en Mayakoba, marcando un nuevo cap\u00edtulo en la historia del golf nacional y consolidando nuestro pa\u00eds como uno de los grandes referentes del deporte en la regi\u00f3n.","breadcrumb":{"@id":"https:\/\/esbozodeportivo.com\/index.php\/2026\/01\/16\/el-laac-regresa-a-mexico-en-2027\/#breadcrumb"},"inLanguage":"es","potentialAction":[{"@type":"ReadAction","target":["https:\/\/esbozodeportivo.com\/index.php\/2026\/01\/16\/el-laac-regresa-a-mexico-en-2027\/"]}]},{"@type":"ImageObject","inLanguage":"es","@id":"https:\/\/esbozodeportivo.com\/index.php\/2026\/01\/16\/el-laac-regresa-a-mexico-en-2027\/#primaryimage","url":"https:\/\/esbozodeportivo.com\/wp-content\/uploads\/2026\/01\/8aa64227-ff06-49fa-b2a9-00282751255a.jpg","contentUrl":"https:\/\/esbozodeportivo.com\/wp-content\/uploads\/2026\/01\/8aa64227-ff06-49fa-b2a9-00282751255a.jpg","width":1600,"height":1066},{"@type":"BreadcrumbList","@id":"https:\/\/esbozodeportivo.com\/index.php\/2026\/01\/16\/el-laac-regresa-a-mexico-en-2027\/#breadcrumb","itemListElement":[{"@type":"ListItem","position":1,"name":"Inicio","item":"https:\/\/esbozodeportivo.com\/"},{"@type":"ListItem","position":2,"name":"El LAAC regresa a M\u00e9xico en 2027"}]},{"@type":"WebSite","@id":"https:\/\/esbozodeportivo.com\/#website","url":"https:\/\/esbozodeportivo.com\/","name":"Esbozo Deportivo","description":"Lo m\u00e1s importante del Deporte","publisher":{"@id":"https:\/\/esbozodeportivo.com\/#organization"},"potentialAction":[{"@type":"SearchAction","target":{"@type":"EntryPoint","urlTemplate":"https:\/\/esbozodeportivo.com\/?s={search_term_string}"},"query-input":{"@type":"PropertyValueSpecification","valueRequired":true,"valueName":"search_term_string"}}],"inLanguage":"es"},{"@type":"Organization","@id":"https:\/\/esbozodeportivo.com\/#organization","name":"Esbozo Deportivo","url":"https:\/\/esbozodeportivo.com\/","logo":{"@type":"ImageObject","inLanguage":"es","@id":"https:\/\/esbozodeportivo.com\/#\/schema\/logo\/image\/","url":"https:\/\/esbozodeportivo.com\/wp-content\/uploads\/2022\/08\/cropped-Logo-Esbozo-Web-2.png","contentUrl":"https:\/\/esbozodeportivo.com\/wp-content\/uploads\/2022\/08\/cropped-Logo-Esbozo-Web-2.png","width":180,"height":50,"caption":"Esbozo Deportivo"},"image":{"@id":"https:\/\/esbozodeportivo.com\/#\/schema\/logo\/image\/"}},{"@type":"Person","@id":"https:\/\/esbozodeportivo.com\/#\/schema\/person\/0f6df9196dfe6740dd0bb31bae50d374","name":"Redacci\u00f3n","image":{"@type":"ImageObject","inLanguage":"es","@id":"https:\/\/esbozodeportivo.com\/#\/schema\/person\/image\/","url":"https:\/\/secure.gravatar.com\/avatar\/f55268a89c3b418f2ef172ff52ab0d09b3e653c58de29539fe329fb93d78ebf3?s=96&d=mm&r=g","contentUrl":"https:\/\/secure.gravatar.com\/avatar\/f55268a89c3b418f2ef172ff52ab0d09b3e653c58de29539fe329fb93d78ebf3?s=96&d=mm&r=g","caption":"Redacci\u00f3n"},"url":"https:\/\/esbozodeportivo.com\/index.php\/author\/redaccion\/"}]}},"jetpack_featured_media_url":"https:\/\/esbozodeportivo.com\/wp-content\/uploads\/2026\/01\/8aa64227-ff06-49fa-b2a9-00282751255a.jpg","jetpack_sharing_enabled":true,"_links":{"self":[{"href":"https:\/\/esbozodeportivo.com\/index.php\/wp-json\/wp\/v2\/posts\/12347","targetHints":{"allow":["GET"]}}],"collection":[{"href":"https:\/\/esbozodeportivo.com\/index.php\/wp-json\/wp\/v2\/posts"}],"about":[{"href":"https:\/\/esbozodeportivo.com\/index.php\/wp-json\/wp\/v2\/types\/post"}],"author":[{"embeddable":true,"href":"https:\/\/esbozodeportivo.com\/index.php\/wp-json\/wp\/v2\/users\/4"}],"replies":[{"embeddable":true,"href":"https:\/\/esbozodeportivo.com\/index.php\/wp-json\/wp\/v2\/comments?post=12347"}],"version-history":[{"count":1,"href":"https:\/\/esbozodeportivo.com\/index.php\/wp-json\/wp\/v2\/posts\/12347\/revisions"}],"predecessor-version":[{"id":12355,"href":"https:\/\/esbozodeportivo.com\/index.php\/wp-json\/wp\/v2\/posts\/12347\/revisions\/12355"}],"wp:featuredmedia":[{"embeddable":true,"href":"https:\/\/esbozodeportivo.com\/index.php\/wp-json\/wp\/v2\/media\/12350"}],"wp:attachment":[{"href":"https:\/\/esbozodeportivo.com\/index.php\/wp-json\/wp\/v2\/media?parent=12347"}],"wp:term":[{"taxonomy":"category","embeddable":true,"href":"https:\/\/esbozodeportivo.com\/index.php\/wp-json\/wp\/v2\/categories?post=12347"},{"taxonomy":"post_tag","embeddable":true,"href":"https:\/\/esbozodeportivo.com\/index.php\/wp-json\/wp\/v2\/tags?post=12347"}],"curies":[{"name":"wp","href":"https:\/\/api.w.org\/{rel}","templated":true}]}}