{"id":12375,"date":"2026-01-17T21:39:42","date_gmt":"2026-01-18T03:39:42","guid":{"rendered":"https:\/\/esbozodeportivo.com\/?p=12375"},"modified":"2026-01-17T21:39:44","modified_gmt":"2026-01-18T03:39:44","slug":"eduardo-derbez-en-la-pelea-por-el-titulo-del-laac-2026","status":"publish","type":"post","link":"https:\/\/esbozodeportivo.com\/index.php\/2026\/01\/17\/eduardo-derbez-en-la-pelea-por-el-titulo-del-laac-2026\/","title":{"rendered":"Eduardo Derbez en la pelea por el t\u00edtulo del LAAC 2026"},"content":{"rendered":"\n<p><strong>Eduardo Derbez <\/strong><\/p>\n\n\n\n<p><strong>Fotos<\/strong>: <strong>(LAAC)<\/strong><\/p>\n\n\n\n<p>Lima, Per\u00fa (17 de enero de 2026).- La tercera ronda del <strong>Latin America Amateur Championship (LAAC) 2026<\/strong> arranc\u00f3 este s\u00e1bado en el desafiante <strong>Lima Golf Club<\/strong>. El campo de la capital peruana se defendi\u00f3 ante los golfistas que superaron el corte de la competencia.<\/p>\n\n\n\n<p>El regiomontano <strong>Eduardo Derbez<\/strong> vino de atr\u00e1s en la ronda para firmar una tarjeta de 66 (-4) y ascender siete posiciones en el tablero. Se encuentra T4 con un total de 207 (-3) y solamente a dos golpes del l\u00edder, el argentino <strong>Segundo Oliva Pinto<\/strong>.<\/p>\n\n\n\n<p><strong>Gerardo G\u00f3mez<\/strong> y <strong>Carlos Astiazar\u00e1n<\/strong> empatan en la posici\u00f3n 12 con 212 (+2), Antonio Safa marcha T26 con 216 (+6) y <strong>H\u00e9ctor Gonz\u00e1lez Cramer<\/strong> cierra en T45 con 220 (-10).<\/p>\n\n\n\n<figure class=\"wp-block-image size-large\"><img loading=\"lazy\" decoding=\"async\" width=\"1024\" height=\"682\" src=\"https:\/\/esbozodeportivo.com\/wp-content\/uploads\/2026\/01\/7fc1a084-7795-447c-ab83-5e95a6f9724f-1024x682.jpg\" alt=\"\" class=\"wp-image-12377\" srcset=\"https:\/\/esbozodeportivo.com\/wp-content\/uploads\/2026\/01\/7fc1a084-7795-447c-ab83-5e95a6f9724f-1024x682.jpg 1024w, https:\/\/esbozodeportivo.com\/wp-content\/uploads\/2026\/01\/7fc1a084-7795-447c-ab83-5e95a6f9724f-300x200.jpg 300w, https:\/\/esbozodeportivo.com\/wp-content\/uploads\/2026\/01\/7fc1a084-7795-447c-ab83-5e95a6f9724f-768x512.jpg 768w, https:\/\/esbozodeportivo.com\/wp-content\/uploads\/2026\/01\/7fc1a084-7795-447c-ab83-5e95a6f9724f-1536x1023.jpg 1536w, https:\/\/esbozodeportivo.com\/wp-content\/uploads\/2026\/01\/7fc1a084-7795-447c-ab83-5e95a6f9724f.jpg 1600w\" sizes=\"auto, (max-width: 1024px) 100vw, 1024px\" \/><\/figure>\n\n\n\n<p><strong>Gerardo G\u00f3mez <\/strong><\/p>\n\n\n\n<p>La ronda final arranca este domingo a las 7:20 am (hora local) y <strong>Eduardo Derbez<\/strong> intentar\u00e1 conseguir la tercera victoria para un mexicano en este importante campeonato que regresar\u00e1 a nuestro pa\u00eds en 2027 con El Camale\u00f3n en Mayakoba como sede.<\/p>\n\n\n\n<p>Los dos mexicanos que han conquistado este torneo que otorga como premio al ganador una invitaci\u00f3n para el <strong>Masters Tournament <\/strong>y exenciones para jugar <strong>The Open <\/strong>y el <strong>U.S. Open<\/strong>. Estos fueron; <strong>\u00c1lvaro<\/strong> <strong>Ortiz<\/strong> que lo consigui\u00f3 en 2019 y <strong>Santiago<\/strong> <strong>de<\/strong> <strong>la<\/strong> <strong>Fuente<\/strong> en 2024.<\/p>\n\n\n\n<p><strong>Resultados:<\/strong><\/p>\n\n\n\n<p><a href=\"https:\/\/www.laacgolf.com\/es\/clasificacion\/2026\">https:\/\/www.laacgolf.com\/es\/clasificacion\/2026<\/a><\/p>\n\n\n\n<figure class=\"wp-block-image size-large\"><img loading=\"lazy\" decoding=\"async\" width=\"1024\" height=\"682\" src=\"https:\/\/esbozodeportivo.com\/wp-content\/uploads\/2026\/01\/9c9460e8-1734-4ade-9198-acccc676c61e-1024x682.jpg\" alt=\"\" class=\"wp-image-12378\" srcset=\"https:\/\/esbozodeportivo.com\/wp-content\/uploads\/2026\/01\/9c9460e8-1734-4ade-9198-acccc676c61e-1024x682.jpg 1024w, https:\/\/esbozodeportivo.com\/wp-content\/uploads\/2026\/01\/9c9460e8-1734-4ade-9198-acccc676c61e-300x200.jpg 300w, https:\/\/esbozodeportivo.com\/wp-content\/uploads\/2026\/01\/9c9460e8-1734-4ade-9198-acccc676c61e-768x512.jpg 768w, https:\/\/esbozodeportivo.com\/wp-content\/uploads\/2026\/01\/9c9460e8-1734-4ade-9198-acccc676c61e-1536x1023.jpg 1536w, https:\/\/esbozodeportivo.com\/wp-content\/uploads\/2026\/01\/9c9460e8-1734-4ade-9198-acccc676c61e.jpg 1600w\" sizes=\"auto, (max-width: 1024px) 100vw, 1024px\" \/><\/figure>\n\n\n\n<p><strong>Carlos Astiazar\u00e1n <\/strong><\/p>\n\n\n\n<p><strong>Sobre la Federaci\u00f3n Mexicana de Golf \u2013 Centenario FMG<\/strong><\/p>\n\n\n\n<p>La <strong>Federaci\u00f3n Mexicana de Golf (FMG)<\/strong> celebra 100 a\u00f1os de historia como el organismo rector del golf en M\u00e9xico. Desde su fundaci\u00f3n en 1926, la FMG ha trabajado de manera constante en el desarrollo, organizaci\u00f3n y promoci\u00f3n del golf amateur en el pa\u00eds, impulsando el crecimiento del deporte en todas sus categor\u00edas y fortaleciendo la formaci\u00f3n de jugadores, entrenadores y clubes afiliados.<\/p>\n\n\n\n<p>A lo largo de un siglo, la FMG ha sido pieza clave en la construcci\u00f3n de iniciativas, instituciones, estructuras competitivas, la creaci\u00f3n de Campeonatos Nacionales e internacionales, y el acompa\u00f1amiento de generaciones de golfistas que han representado con orgullo a M\u00e9xico en los escenarios m\u00e1s importantes del mundo.<\/p>\n\n\n\n<p>El <strong>Centenario de la Federaci\u00f3n Mexicana de Golf<\/strong> no solo conmemora su legado, sino que reafirma su compromiso con el futuro del golf mexicano: formar personas, impulsar talento y seguir construyendo oportunidades para las pr\u00f3ximas generaciones. Durante el 2026, se tendr\u00e1n eventos emblem\u00e1ticos, museos itinerantes y una gran celebraci\u00f3n durante todo el a\u00f1o.<\/p>\n\n\n\n<figure class=\"wp-block-image size-large\"><img loading=\"lazy\" decoding=\"async\" width=\"1024\" height=\"682\" src=\"https:\/\/esbozodeportivo.com\/wp-content\/uploads\/2026\/01\/7a6075da-5fea-4001-9089-a311455e997b-1024x682.jpg\" alt=\"\" class=\"wp-image-12376\" srcset=\"https:\/\/esbozodeportivo.com\/wp-content\/uploads\/2026\/01\/7a6075da-5fea-4001-9089-a311455e997b-1024x682.jpg 1024w, https:\/\/esbozodeportivo.com\/wp-content\/uploads\/2026\/01\/7a6075da-5fea-4001-9089-a311455e997b-300x200.jpg 300w, https:\/\/esbozodeportivo.com\/wp-content\/uploads\/2026\/01\/7a6075da-5fea-4001-9089-a311455e997b-768x512.jpg 768w, https:\/\/esbozodeportivo.com\/wp-content\/uploads\/2026\/01\/7a6075da-5fea-4001-9089-a311455e997b-1536x1023.jpg 1536w, https:\/\/esbozodeportivo.com\/wp-content\/uploads\/2026\/01\/7a6075da-5fea-4001-9089-a311455e997b.jpg 1600w\" sizes=\"auto, (max-width: 1024px) 100vw, 1024px\" \/><\/figure>\n\n\n\n<p><strong>Antonio Safa <\/strong><\/p>\n\n\n\n<p><\/p>\n","protected":false},"excerpt":{"rendered":"<p>Eduardo Derbez Fotos: (LAAC) Lima, Per\u00fa (17 de enero de 2026).- La tercera ronda del<\/p>\n","protected":false},"author":4,"featured_media":12379,"comment_status":"closed","ping_status":"open","sticky":false,"template":"","format":"standard","meta":{"_jetpack_memberships_contains_paid_content":false,"footnotes":""},"categories":[83],"tags":[],"class_list":["post-12375","post","type-post","status-publish","format-standard","has-post-thumbnail","hentry","category-federacion-mexicana-de-golf"],"yoast_head":"<!-- This site is optimized with the Yoast SEO plugin v25.7 - https:\/\/yoast.com\/wordpress\/plugins\/seo\/ -->\n<title>Eduardo Derbez en la pelea por el t\u00edtulo del LAAC 2026 - Esbozo Deportivo<\/title>\n<meta name=\"description\" content=\"Lima, Per\u00fa (17 de enero de 2026).- La tercera ronda del Latin America Amateur Championship (LAAC) 2026 arranc\u00f3 este s\u00e1bado en el desafiante Lima Golf Club. El campo de la capital peruana se defendi\u00f3 ante los golfistas que superaron el corte de la competencia.\" \/>\n<meta name=\"robots\" content=\"index, follow, max-snippet:-1, max-image-preview:large, max-video-preview:-1\" \/>\n<link rel=\"canonical\" href=\"https:\/\/esbozodeportivo.com\/index.php\/2026\/01\/17\/eduardo-derbez-en-la-pelea-por-el-titulo-del-laac-2026\/\" \/>\n<meta property=\"og:locale\" content=\"es_MX\" \/>\n<meta property=\"og:type\" content=\"article\" \/>\n<meta property=\"og:title\" content=\"Eduardo Derbez en la pelea por el t\u00edtulo del LAAC 2026 - Esbozo Deportivo\" \/>\n<meta property=\"og:description\" content=\"Lima, Per\u00fa (17 de enero de 2026).- La tercera ronda del Latin America Amateur Championship (LAAC) 2026 arranc\u00f3 este s\u00e1bado en el desafiante Lima Golf Club. El campo de la capital peruana se defendi\u00f3 ante los golfistas que superaron el corte de la competencia.\" \/>\n<meta property=\"og:url\" content=\"https:\/\/esbozodeportivo.com\/index.php\/2026\/01\/17\/eduardo-derbez-en-la-pelea-por-el-titulo-del-laac-2026\/\" \/>\n<meta property=\"og:site_name\" content=\"Esbozo Deportivo\" \/>\n<meta property=\"article:published_time\" content=\"2026-01-18T03:39:42+00:00\" \/>\n<meta property=\"article:modified_time\" content=\"2026-01-18T03:39:44+00:00\" \/>\n<meta property=\"og:image\" content=\"https:\/\/esbozodeportivo.com\/wp-content\/uploads\/2026\/01\/23238afd-64b9-4999-b629-76c89942a9dd.jpg\" \/>\n\t<meta property=\"og:image:width\" content=\"1600\" \/>\n\t<meta property=\"og:image:height\" content=\"1066\" \/>\n\t<meta property=\"og:image:type\" content=\"image\/jpeg\" \/>\n<meta name=\"author\" content=\"Redacci\u00f3n\" \/>\n<meta name=\"twitter:card\" content=\"summary_large_image\" \/>\n<meta name=\"twitter:label1\" content=\"Escrito por\" \/>\n\t<meta name=\"twitter:data1\" content=\"Redacci\u00f3n\" \/>\n\t<meta name=\"twitter:label2\" content=\"Tiempo de lectura\" \/>\n\t<meta name=\"twitter:data2\" content=\"3 minutos\" \/>\n<script type=\"application\/ld+json\" class=\"yoast-schema-graph\">{\"@context\":\"https:\/\/schema.org\",\"@graph\":[{\"@type\":\"Article\",\"@id\":\"https:\/\/esbozodeportivo.com\/index.php\/2026\/01\/17\/eduardo-derbez-en-la-pelea-por-el-titulo-del-laac-2026\/#article\",\"isPartOf\":{\"@id\":\"https:\/\/esbozodeportivo.com\/index.php\/2026\/01\/17\/eduardo-derbez-en-la-pelea-por-el-titulo-del-laac-2026\/\"},\"author\":{\"name\":\"Redacci\u00f3n\",\"@id\":\"https:\/\/esbozodeportivo.com\/#\/schema\/person\/0f6df9196dfe6740dd0bb31bae50d374\"},\"headline\":\"Eduardo Derbez en la pelea por el t\u00edtulo del LAAC 2026\",\"datePublished\":\"2026-01-18T03:39:42+00:00\",\"dateModified\":\"2026-01-18T03:39:44+00:00\",\"mainEntityOfPage\":{\"@id\":\"https:\/\/esbozodeportivo.com\/index.php\/2026\/01\/17\/eduardo-derbez-en-la-pelea-por-el-titulo-del-laac-2026\/\"},\"wordCount\":423,\"publisher\":{\"@id\":\"https:\/\/esbozodeportivo.com\/#organization\"},\"image\":{\"@id\":\"https:\/\/esbozodeportivo.com\/index.php\/2026\/01\/17\/eduardo-derbez-en-la-pelea-por-el-titulo-del-laac-2026\/#primaryimage\"},\"thumbnailUrl\":\"https:\/\/esbozodeportivo.com\/wp-content\/uploads\/2026\/01\/23238afd-64b9-4999-b629-76c89942a9dd.jpg\",\"articleSection\":[\"Federaci\u00f3n Mexicana de Golf\"],\"inLanguage\":\"es\"},{\"@type\":\"WebPage\",\"@id\":\"https:\/\/esbozodeportivo.com\/index.php\/2026\/01\/17\/eduardo-derbez-en-la-pelea-por-el-titulo-del-laac-2026\/\",\"url\":\"https:\/\/esbozodeportivo.com\/index.php\/2026\/01\/17\/eduardo-derbez-en-la-pelea-por-el-titulo-del-laac-2026\/\",\"name\":\"Eduardo Derbez en la pelea por el t\u00edtulo del LAAC 2026 - Esbozo Deportivo\",\"isPartOf\":{\"@id\":\"https:\/\/esbozodeportivo.com\/#website\"},\"primaryImageOfPage\":{\"@id\":\"https:\/\/esbozodeportivo.com\/index.php\/2026\/01\/17\/eduardo-derbez-en-la-pelea-por-el-titulo-del-laac-2026\/#primaryimage\"},\"image\":{\"@id\":\"https:\/\/esbozodeportivo.com\/index.php\/2026\/01\/17\/eduardo-derbez-en-la-pelea-por-el-titulo-del-laac-2026\/#primaryimage\"},\"thumbnailUrl\":\"https:\/\/esbozodeportivo.com\/wp-content\/uploads\/2026\/01\/23238afd-64b9-4999-b629-76c89942a9dd.jpg\",\"datePublished\":\"2026-01-18T03:39:42+00:00\",\"dateModified\":\"2026-01-18T03:39:44+00:00\",\"description\":\"Lima, Per\u00fa (17 de enero de 2026).- La tercera ronda del Latin America Amateur Championship (LAAC) 2026 arranc\u00f3 este s\u00e1bado en el desafiante Lima Golf Club. El campo de la capital peruana se defendi\u00f3 ante los golfistas que superaron el corte de la competencia.\",\"breadcrumb\":{\"@id\":\"https:\/\/esbozodeportivo.com\/index.php\/2026\/01\/17\/eduardo-derbez-en-la-pelea-por-el-titulo-del-laac-2026\/#breadcrumb\"},\"inLanguage\":\"es\",\"potentialAction\":[{\"@type\":\"ReadAction\",\"target\":[\"https:\/\/esbozodeportivo.com\/index.php\/2026\/01\/17\/eduardo-derbez-en-la-pelea-por-el-titulo-del-laac-2026\/\"]}]},{\"@type\":\"ImageObject\",\"inLanguage\":\"es\",\"@id\":\"https:\/\/esbozodeportivo.com\/index.php\/2026\/01\/17\/eduardo-derbez-en-la-pelea-por-el-titulo-del-laac-2026\/#primaryimage\",\"url\":\"https:\/\/esbozodeportivo.com\/wp-content\/uploads\/2026\/01\/23238afd-64b9-4999-b629-76c89942a9dd.jpg\",\"contentUrl\":\"https:\/\/esbozodeportivo.com\/wp-content\/uploads\/2026\/01\/23238afd-64b9-4999-b629-76c89942a9dd.jpg\",\"width\":1600,\"height\":1066},{\"@type\":\"BreadcrumbList\",\"@id\":\"https:\/\/esbozodeportivo.com\/index.php\/2026\/01\/17\/eduardo-derbez-en-la-pelea-por-el-titulo-del-laac-2026\/#breadcrumb\",\"itemListElement\":[{\"@type\":\"ListItem\",\"position\":1,\"name\":\"Inicio\",\"item\":\"https:\/\/esbozodeportivo.com\/\"},{\"@type\":\"ListItem\",\"position\":2,\"name\":\"Eduardo Derbez en la pelea por el t\u00edtulo del LAAC 2026\"}]},{\"@type\":\"WebSite\",\"@id\":\"https:\/\/esbozodeportivo.com\/#website\",\"url\":\"https:\/\/esbozodeportivo.com\/\",\"name\":\"Esbozo Deportivo\",\"description\":\"Lo m\u00e1s importante del Deporte\",\"publisher\":{\"@id\":\"https:\/\/esbozodeportivo.com\/#organization\"},\"potentialAction\":[{\"@type\":\"SearchAction\",\"target\":{\"@type\":\"EntryPoint\",\"urlTemplate\":\"https:\/\/esbozodeportivo.com\/?s={search_term_string}\"},\"query-input\":{\"@type\":\"PropertyValueSpecification\",\"valueRequired\":true,\"valueName\":\"search_term_string\"}}],\"inLanguage\":\"es\"},{\"@type\":\"Organization\",\"@id\":\"https:\/\/esbozodeportivo.com\/#organization\",\"name\":\"Esbozo Deportivo\",\"url\":\"https:\/\/esbozodeportivo.com\/\",\"logo\":{\"@type\":\"ImageObject\",\"inLanguage\":\"es\",\"@id\":\"https:\/\/esbozodeportivo.com\/#\/schema\/logo\/image\/\",\"url\":\"https:\/\/esbozodeportivo.com\/wp-content\/uploads\/2022\/08\/cropped-Logo-Esbozo-Web-2.png\",\"contentUrl\":\"https:\/\/esbozodeportivo.com\/wp-content\/uploads\/2022\/08\/cropped-Logo-Esbozo-Web-2.png\",\"width\":180,\"height\":50,\"caption\":\"Esbozo Deportivo\"},\"image\":{\"@id\":\"https:\/\/esbozodeportivo.com\/#\/schema\/logo\/image\/\"}},{\"@type\":\"Person\",\"@id\":\"https:\/\/esbozodeportivo.com\/#\/schema\/person\/0f6df9196dfe6740dd0bb31bae50d374\",\"name\":\"Redacci\u00f3n\",\"image\":{\"@type\":\"ImageObject\",\"inLanguage\":\"es\",\"@id\":\"https:\/\/esbozodeportivo.com\/#\/schema\/person\/image\/\",\"url\":\"https:\/\/secure.gravatar.com\/avatar\/f55268a89c3b418f2ef172ff52ab0d09b3e653c58de29539fe329fb93d78ebf3?s=96&d=mm&r=g\",\"contentUrl\":\"https:\/\/secure.gravatar.com\/avatar\/f55268a89c3b418f2ef172ff52ab0d09b3e653c58de29539fe329fb93d78ebf3?s=96&d=mm&r=g\",\"caption\":\"Redacci\u00f3n\"},\"url\":\"https:\/\/esbozodeportivo.com\/index.php\/author\/redaccion\/\"}]}<\/script>\n<!-- \/ Yoast SEO plugin. -->","yoast_head_json":{"title":"Eduardo Derbez en la pelea por el t\u00edtulo del LAAC 2026 - Esbozo Deportivo","description":"Lima, Per\u00fa (17 de enero de 2026).- La tercera ronda del Latin America Amateur Championship (LAAC) 2026 arranc\u00f3 este s\u00e1bado en el desafiante Lima Golf Club. El campo de la capital peruana se defendi\u00f3 ante los golfistas que superaron el corte de la competencia.","robots":{"index":"index","follow":"follow","max-snippet":"max-snippet:-1","max-image-preview":"max-image-preview:large","max-video-preview":"max-video-preview:-1"},"canonical":"https:\/\/esbozodeportivo.com\/index.php\/2026\/01\/17\/eduardo-derbez-en-la-pelea-por-el-titulo-del-laac-2026\/","og_locale":"es_MX","og_type":"article","og_title":"Eduardo Derbez en la pelea por el t\u00edtulo del LAAC 2026 - Esbozo Deportivo","og_description":"Lima, Per\u00fa (17 de enero de 2026).- La tercera ronda del Latin America Amateur Championship (LAAC) 2026 arranc\u00f3 este s\u00e1bado en el desafiante Lima Golf Club. El campo de la capital peruana se defendi\u00f3 ante los golfistas que superaron el corte de la competencia.","og_url":"https:\/\/esbozodeportivo.com\/index.php\/2026\/01\/17\/eduardo-derbez-en-la-pelea-por-el-titulo-del-laac-2026\/","og_site_name":"Esbozo Deportivo","article_published_time":"2026-01-18T03:39:42+00:00","article_modified_time":"2026-01-18T03:39:44+00:00","og_image":[{"width":1600,"height":1066,"url":"https:\/\/esbozodeportivo.com\/wp-content\/uploads\/2026\/01\/23238afd-64b9-4999-b629-76c89942a9dd.jpg","type":"image\/jpeg"}],"author":"Redacci\u00f3n","twitter_card":"summary_large_image","twitter_misc":{"Escrito por":"Redacci\u00f3n","Tiempo de lectura":"3 minutos"},"schema":{"@context":"https:\/\/schema.org","@graph":[{"@type":"Article","@id":"https:\/\/esbozodeportivo.com\/index.php\/2026\/01\/17\/eduardo-derbez-en-la-pelea-por-el-titulo-del-laac-2026\/#article","isPartOf":{"@id":"https:\/\/esbozodeportivo.com\/index.php\/2026\/01\/17\/eduardo-derbez-en-la-pelea-por-el-titulo-del-laac-2026\/"},"author":{"name":"Redacci\u00f3n","@id":"https:\/\/esbozodeportivo.com\/#\/schema\/person\/0f6df9196dfe6740dd0bb31bae50d374"},"headline":"Eduardo Derbez en la pelea por el t\u00edtulo del LAAC 2026","datePublished":"2026-01-18T03:39:42+00:00","dateModified":"2026-01-18T03:39:44+00:00","mainEntityOfPage":{"@id":"https:\/\/esbozodeportivo.com\/index.php\/2026\/01\/17\/eduardo-derbez-en-la-pelea-por-el-titulo-del-laac-2026\/"},"wordCount":423,"publisher":{"@id":"https:\/\/esbozodeportivo.com\/#organization"},"image":{"@id":"https:\/\/esbozodeportivo.com\/index.php\/2026\/01\/17\/eduardo-derbez-en-la-pelea-por-el-titulo-del-laac-2026\/#primaryimage"},"thumbnailUrl":"https:\/\/esbozodeportivo.com\/wp-content\/uploads\/2026\/01\/23238afd-64b9-4999-b629-76c89942a9dd.jpg","articleSection":["Federaci\u00f3n Mexicana de Golf"],"inLanguage":"es"},{"@type":"WebPage","@id":"https:\/\/esbozodeportivo.com\/index.php\/2026\/01\/17\/eduardo-derbez-en-la-pelea-por-el-titulo-del-laac-2026\/","url":"https:\/\/esbozodeportivo.com\/index.php\/2026\/01\/17\/eduardo-derbez-en-la-pelea-por-el-titulo-del-laac-2026\/","name":"Eduardo Derbez en la pelea por el t\u00edtulo del LAAC 2026 - Esbozo Deportivo","isPartOf":{"@id":"https:\/\/esbozodeportivo.com\/#website"},"primaryImageOfPage":{"@id":"https:\/\/esbozodeportivo.com\/index.php\/2026\/01\/17\/eduardo-derbez-en-la-pelea-por-el-titulo-del-laac-2026\/#primaryimage"},"image":{"@id":"https:\/\/esbozodeportivo.com\/index.php\/2026\/01\/17\/eduardo-derbez-en-la-pelea-por-el-titulo-del-laac-2026\/#primaryimage"},"thumbnailUrl":"https:\/\/esbozodeportivo.com\/wp-content\/uploads\/2026\/01\/23238afd-64b9-4999-b629-76c89942a9dd.jpg","datePublished":"2026-01-18T03:39:42+00:00","dateModified":"2026-01-18T03:39:44+00:00","description":"Lima, Per\u00fa (17 de enero de 2026).- La tercera ronda del Latin America Amateur Championship (LAAC) 2026 arranc\u00f3 este s\u00e1bado en el desafiante Lima Golf Club. El campo de la capital peruana se defendi\u00f3 ante los golfistas que superaron el corte de la competencia.","breadcrumb":{"@id":"https:\/\/esbozodeportivo.com\/index.php\/2026\/01\/17\/eduardo-derbez-en-la-pelea-por-el-titulo-del-laac-2026\/#breadcrumb"},"inLanguage":"es","potentialAction":[{"@type":"ReadAction","target":["https:\/\/esbozodeportivo.com\/index.php\/2026\/01\/17\/eduardo-derbez-en-la-pelea-por-el-titulo-del-laac-2026\/"]}]},{"@type":"ImageObject","inLanguage":"es","@id":"https:\/\/esbozodeportivo.com\/index.php\/2026\/01\/17\/eduardo-derbez-en-la-pelea-por-el-titulo-del-laac-2026\/#primaryimage","url":"https:\/\/esbozodeportivo.com\/wp-content\/uploads\/2026\/01\/23238afd-64b9-4999-b629-76c89942a9dd.jpg","contentUrl":"https:\/\/esbozodeportivo.com\/wp-content\/uploads\/2026\/01\/23238afd-64b9-4999-b629-76c89942a9dd.jpg","width":1600,"height":1066},{"@type":"BreadcrumbList","@id":"https:\/\/esbozodeportivo.com\/index.php\/2026\/01\/17\/eduardo-derbez-en-la-pelea-por-el-titulo-del-laac-2026\/#breadcrumb","itemListElement":[{"@type":"ListItem","position":1,"name":"Inicio","item":"https:\/\/esbozodeportivo.com\/"},{"@type":"ListItem","position":2,"name":"Eduardo Derbez en la pelea por el t\u00edtulo del LAAC 2026"}]},{"@type":"WebSite","@id":"https:\/\/esbozodeportivo.com\/#website","url":"https:\/\/esbozodeportivo.com\/","name":"Esbozo Deportivo","description":"Lo m\u00e1s importante del Deporte","publisher":{"@id":"https:\/\/esbozodeportivo.com\/#organization"},"potentialAction":[{"@type":"SearchAction","target":{"@type":"EntryPoint","urlTemplate":"https:\/\/esbozodeportivo.com\/?s={search_term_string}"},"query-input":{"@type":"PropertyValueSpecification","valueRequired":true,"valueName":"search_term_string"}}],"inLanguage":"es"},{"@type":"Organization","@id":"https:\/\/esbozodeportivo.com\/#organization","name":"Esbozo Deportivo","url":"https:\/\/esbozodeportivo.com\/","logo":{"@type":"ImageObject","inLanguage":"es","@id":"https:\/\/esbozodeportivo.com\/#\/schema\/logo\/image\/","url":"https:\/\/esbozodeportivo.com\/wp-content\/uploads\/2022\/08\/cropped-Logo-Esbozo-Web-2.png","contentUrl":"https:\/\/esbozodeportivo.com\/wp-content\/uploads\/2022\/08\/cropped-Logo-Esbozo-Web-2.png","width":180,"height":50,"caption":"Esbozo Deportivo"},"image":{"@id":"https:\/\/esbozodeportivo.com\/#\/schema\/logo\/image\/"}},{"@type":"Person","@id":"https:\/\/esbozodeportivo.com\/#\/schema\/person\/0f6df9196dfe6740dd0bb31bae50d374","name":"Redacci\u00f3n","image":{"@type":"ImageObject","inLanguage":"es","@id":"https:\/\/esbozodeportivo.com\/#\/schema\/person\/image\/","url":"https:\/\/secure.gravatar.com\/avatar\/f55268a89c3b418f2ef172ff52ab0d09b3e653c58de29539fe329fb93d78ebf3?s=96&d=mm&r=g","contentUrl":"https:\/\/secure.gravatar.com\/avatar\/f55268a89c3b418f2ef172ff52ab0d09b3e653c58de29539fe329fb93d78ebf3?s=96&d=mm&r=g","caption":"Redacci\u00f3n"},"url":"https:\/\/esbozodeportivo.com\/index.php\/author\/redaccion\/"}]}},"jetpack_featured_media_url":"https:\/\/esbozodeportivo.com\/wp-content\/uploads\/2026\/01\/23238afd-64b9-4999-b629-76c89942a9dd.jpg","jetpack_sharing_enabled":true,"_links":{"self":[{"href":"https:\/\/esbozodeportivo.com\/index.php\/wp-json\/wp\/v2\/posts\/12375","targetHints":{"allow":["GET"]}}],"collection":[{"href":"https:\/\/esbozodeportivo.com\/index.php\/wp-json\/wp\/v2\/posts"}],"about":[{"href":"https:\/\/esbozodeportivo.com\/index.php\/wp-json\/wp\/v2\/types\/post"}],"author":[{"embeddable":true,"href":"https:\/\/esbozodeportivo.com\/index.php\/wp-json\/wp\/v2\/users\/4"}],"replies":[{"embeddable":true,"href":"https:\/\/esbozodeportivo.com\/index.php\/wp-json\/wp\/v2\/comments?post=12375"}],"version-history":[{"count":1,"href":"https:\/\/esbozodeportivo.com\/index.php\/wp-json\/wp\/v2\/posts\/12375\/revisions"}],"predecessor-version":[{"id":12380,"href":"https:\/\/esbozodeportivo.com\/index.php\/wp-json\/wp\/v2\/posts\/12375\/revisions\/12380"}],"wp:featuredmedia":[{"embeddable":true,"href":"https:\/\/esbozodeportivo.com\/index.php\/wp-json\/wp\/v2\/media\/12379"}],"wp:attachment":[{"href":"https:\/\/esbozodeportivo.com\/index.php\/wp-json\/wp\/v2\/media?parent=12375"}],"wp:term":[{"taxonomy":"category","embeddable":true,"href":"https:\/\/esbozodeportivo.com\/index.php\/wp-json\/wp\/v2\/categories?post=12375"},{"taxonomy":"post_tag","embeddable":true,"href":"https:\/\/esbozodeportivo.com\/index.php\/wp-json\/wp\/v2\/tags?post=12375"}],"curies":[{"name":"wp","href":"https:\/\/api.w.org\/{rel}","templated":true}]}}