{"id":12419,"date":"2026-01-18T00:36:21","date_gmt":"2026-01-18T06:36:21","guid":{"rendered":"https:\/\/esbozodeportivo.com\/?p=12419"},"modified":"2026-01-18T00:36:22","modified_gmt":"2026-01-18T06:36:22","slug":"denver-pierde-del-quarterback-nix","status":"publish","type":"post","link":"https:\/\/esbozodeportivo.com\/index.php\/2026\/01\/18\/denver-pierde-del-quarterback-nix\/","title":{"rendered":"Denver pierde del quarterback Nix"},"content":{"rendered":"\n<p>(Foto: Agencias) <\/p>\n\n\n\n<p>Bo Nix se fractur\u00f3 el tobillo derecho el s\u00e1bado, al final del tiempo extra en la victoria de los Broncos de Denver sobre los Bills de Buffalo en la ronda divisional, y se someter\u00e1 a una cirug\u00eda que lo dejar\u00e1 fuera por el resto de los playoffs.<\/p>\n\n\n\n<p>El entrenador Sean Payton dio la noticia infortunada sobre su mariscal de campo de segundo a\u00f1o tras la mayor victoria de Denver en una d\u00e9cada. El mariscal de campo suplente Jarrett Stidham comenzar\u00e1 la final de la Conferencia Americana el pr\u00f3ximo fin de semana.<\/p>\n\n\n\n<p>\u201cStiddy est\u00e1 listo\u201d, afirm\u00f3 Payton despu\u00e9s de regresar al podio para hablar sobre la lesi\u00f3n sufrida tras la victoria de Denver por 33-30.<\/p>\n\n\n\n<p>Payton explic\u00f3 que Nix se lesion\u00f3 en un acarreo donde perdi\u00f3 dos yardas y fue tacleado por el safety Cole Bishop. Nix cojeaba despu\u00e9s de la jugada, pero no hab\u00eda indicios de que hubiera sufrido una lesi\u00f3n tan grave.<\/p>\n\n\n\n<p>En la siguiente jugada, Nix lanz\u00f3 un pase profundo a Marvin Mims Jr. que provoc\u00f3 una penalizaci\u00f3n de interferencia de pase de 30 yardas y llev\u00f3 a los Broncos a una buena posici\u00f3n para un gol de campo. Nix luego se arrodill\u00f3 para centrar el bal\u00f3n para el gol de campo de 23 yardas de Wil Lutz que puso fin al duelo.<\/p>\n\n\n\n<p>Payton dijo que Nix se someter\u00e1 a cirug\u00eda el martes en Birmingham, Alabama.<\/p>\n\n\n\n<p>\u201cEs un tipo muy fuerte y con mucha fe\u201d, dijo Payton. \u201cEst\u00e1 sentado en el pasillo con su familia y se acerca y todos estamos hablando con \u00e9l. Sabe que Dios tiene un plan para \u00e9l y dijo que lo sufri\u00f3 (un tobillo roto) en la escuela secundaria y luego dijo que tambi\u00e9n le pas\u00f3 en Auburn.<\/p>\n\n\n\n<p>\u201cY le dije que no me hab\u00eda dado cuenta de eso. Le dije: \u2018si lo hubiera sabido, no te habr\u00eda reclutado\u2019\u201d, brome\u00f3 Payton.<\/p>\n\n\n\n<p>El vestuario se hab\u00eda vaciado y los reporteros estaban esperando en una sala de entrevistas a Nix cuando Payton regres\u00f3 y dio la noticia.<\/p>\n\n\n\n<p>Nix, procedente de Oregon y la 12\u00aa selecci\u00f3n general en el draft de la NFL de 2024, igual\u00f3 el r\u00e9cord de la NFL de Russell Wilson con dos docenas de victorias en sus dos primeras temporadas .<\/p>\n\n\n\n<p>La victoria del s\u00e1bado fue su primera en los playoffs. Los Broncos perdieron el a\u00f1o pasado en Buffalo, pero Nix llev\u00f3 a Denver al primer puesto de la Conferencia Americana esta temporada.<\/p>\n\n\n\n<p>\u201cEs un tipo duro\u201d, dijo Payton. \u201cY este equipo ha perdido jugadores clave durante todo el a\u00f1o y se levantar\u00e1 para el pr\u00f3ximo desaf\u00edo.\u201d<\/p>\n\n\n\n<p><\/p>\n","protected":false},"excerpt":{"rendered":"<p>(Foto: Agencias) Bo Nix se fractur\u00f3 el tobillo derecho el s\u00e1bado, al final del tiempo<\/p>\n","protected":false},"author":4,"featured_media":12386,"comment_status":"closed","ping_status":"open","sticky":false,"template":"","format":"standard","meta":{"_jetpack_memberships_contains_paid_content":false,"footnotes":""},"categories":[6],"tags":[],"class_list":["post-12419","post","type-post","status-publish","format-standard","has-post-thumbnail","hentry","category-nfl"],"yoast_head":"<!-- This site is optimized with the Yoast SEO plugin v25.7 - https:\/\/yoast.com\/wordpress\/plugins\/seo\/ -->\n<title>Denver pierde del quarterback Nix - Esbozo Deportivo<\/title>\n<meta name=\"description\" content=\"Bo Nix se fractur\u00f3 el tobillo derecho el s\u00e1bado, al final del tiempo extra en la victoria de los Broncos de Denver sobre los Bills de Buffalo en la ronda divisional, y se someter\u00e1 a una cirug\u00eda que lo dejar\u00e1 fuera por el resto de los playoffs.\" \/>\n<meta name=\"robots\" content=\"index, follow, max-snippet:-1, max-image-preview:large, max-video-preview:-1\" \/>\n<link rel=\"canonical\" href=\"https:\/\/esbozodeportivo.com\/index.php\/2026\/01\/18\/denver-pierde-del-quarterback-nix\/\" \/>\n<meta property=\"og:locale\" content=\"es_MX\" \/>\n<meta property=\"og:type\" content=\"article\" \/>\n<meta property=\"og:title\" content=\"Denver pierde del quarterback Nix - Esbozo Deportivo\" \/>\n<meta property=\"og:description\" content=\"Bo Nix se fractur\u00f3 el tobillo derecho el s\u00e1bado, al final del tiempo extra en la victoria de los Broncos de Denver sobre los Bills de Buffalo en la ronda divisional, y se someter\u00e1 a una cirug\u00eda que lo dejar\u00e1 fuera por el resto de los playoffs.\" \/>\n<meta property=\"og:url\" content=\"https:\/\/esbozodeportivo.com\/index.php\/2026\/01\/18\/denver-pierde-del-quarterback-nix\/\" \/>\n<meta property=\"og:site_name\" content=\"Esbozo Deportivo\" \/>\n<meta property=\"article:published_time\" content=\"2026-01-18T06:36:21+00:00\" \/>\n<meta property=\"article:modified_time\" content=\"2026-01-18T06:36:22+00:00\" \/>\n<meta property=\"og:image\" content=\"https:\/\/esbozodeportivo.com\/wp-content\/uploads\/2026\/01\/8b35e609-b767-4adf-8e3e-fc0b95dd8111.jpg\" \/>\n\t<meta property=\"og:image:width\" content=\"980\" \/>\n\t<meta property=\"og:image:height\" content=\"653\" \/>\n\t<meta property=\"og:image:type\" content=\"image\/jpeg\" \/>\n<meta name=\"author\" content=\"Redacci\u00f3n\" \/>\n<meta name=\"twitter:card\" content=\"summary_large_image\" \/>\n<meta name=\"twitter:label1\" content=\"Escrito por\" \/>\n\t<meta name=\"twitter:data1\" content=\"Redacci\u00f3n\" \/>\n\t<meta name=\"twitter:label2\" content=\"Tiempo de lectura\" \/>\n\t<meta name=\"twitter:data2\" content=\"3 minutos\" \/>\n<script type=\"application\/ld+json\" class=\"yoast-schema-graph\">{\"@context\":\"https:\/\/schema.org\",\"@graph\":[{\"@type\":\"Article\",\"@id\":\"https:\/\/esbozodeportivo.com\/index.php\/2026\/01\/18\/denver-pierde-del-quarterback-nix\/#article\",\"isPartOf\":{\"@id\":\"https:\/\/esbozodeportivo.com\/index.php\/2026\/01\/18\/denver-pierde-del-quarterback-nix\/\"},\"author\":{\"name\":\"Redacci\u00f3n\",\"@id\":\"https:\/\/esbozodeportivo.com\/#\/schema\/person\/0f6df9196dfe6740dd0bb31bae50d374\"},\"headline\":\"Denver pierde del quarterback Nix\",\"datePublished\":\"2026-01-18T06:36:21+00:00\",\"dateModified\":\"2026-01-18T06:36:22+00:00\",\"mainEntityOfPage\":{\"@id\":\"https:\/\/esbozodeportivo.com\/index.php\/2026\/01\/18\/denver-pierde-del-quarterback-nix\/\"},\"wordCount\":452,\"publisher\":{\"@id\":\"https:\/\/esbozodeportivo.com\/#organization\"},\"image\":{\"@id\":\"https:\/\/esbozodeportivo.com\/index.php\/2026\/01\/18\/denver-pierde-del-quarterback-nix\/#primaryimage\"},\"thumbnailUrl\":\"https:\/\/esbozodeportivo.com\/wp-content\/uploads\/2026\/01\/8b35e609-b767-4adf-8e3e-fc0b95dd8111.jpg\",\"articleSection\":[\"NFL\"],\"inLanguage\":\"es\"},{\"@type\":\"WebPage\",\"@id\":\"https:\/\/esbozodeportivo.com\/index.php\/2026\/01\/18\/denver-pierde-del-quarterback-nix\/\",\"url\":\"https:\/\/esbozodeportivo.com\/index.php\/2026\/01\/18\/denver-pierde-del-quarterback-nix\/\",\"name\":\"Denver pierde del quarterback Nix - Esbozo Deportivo\",\"isPartOf\":{\"@id\":\"https:\/\/esbozodeportivo.com\/#website\"},\"primaryImageOfPage\":{\"@id\":\"https:\/\/esbozodeportivo.com\/index.php\/2026\/01\/18\/denver-pierde-del-quarterback-nix\/#primaryimage\"},\"image\":{\"@id\":\"https:\/\/esbozodeportivo.com\/index.php\/2026\/01\/18\/denver-pierde-del-quarterback-nix\/#primaryimage\"},\"thumbnailUrl\":\"https:\/\/esbozodeportivo.com\/wp-content\/uploads\/2026\/01\/8b35e609-b767-4adf-8e3e-fc0b95dd8111.jpg\",\"datePublished\":\"2026-01-18T06:36:21+00:00\",\"dateModified\":\"2026-01-18T06:36:22+00:00\",\"description\":\"Bo Nix se fractur\u00f3 el tobillo derecho el s\u00e1bado, al final del tiempo extra en la victoria de los Broncos de Denver sobre los Bills de Buffalo en la ronda divisional, y se someter\u00e1 a una cirug\u00eda que lo dejar\u00e1 fuera por el resto de los playoffs.\",\"breadcrumb\":{\"@id\":\"https:\/\/esbozodeportivo.com\/index.php\/2026\/01\/18\/denver-pierde-del-quarterback-nix\/#breadcrumb\"},\"inLanguage\":\"es\",\"potentialAction\":[{\"@type\":\"ReadAction\",\"target\":[\"https:\/\/esbozodeportivo.com\/index.php\/2026\/01\/18\/denver-pierde-del-quarterback-nix\/\"]}]},{\"@type\":\"ImageObject\",\"inLanguage\":\"es\",\"@id\":\"https:\/\/esbozodeportivo.com\/index.php\/2026\/01\/18\/denver-pierde-del-quarterback-nix\/#primaryimage\",\"url\":\"https:\/\/esbozodeportivo.com\/wp-content\/uploads\/2026\/01\/8b35e609-b767-4adf-8e3e-fc0b95dd8111.jpg\",\"contentUrl\":\"https:\/\/esbozodeportivo.com\/wp-content\/uploads\/2026\/01\/8b35e609-b767-4adf-8e3e-fc0b95dd8111.jpg\",\"width\":980,\"height\":653},{\"@type\":\"BreadcrumbList\",\"@id\":\"https:\/\/esbozodeportivo.com\/index.php\/2026\/01\/18\/denver-pierde-del-quarterback-nix\/#breadcrumb\",\"itemListElement\":[{\"@type\":\"ListItem\",\"position\":1,\"name\":\"Inicio\",\"item\":\"https:\/\/esbozodeportivo.com\/\"},{\"@type\":\"ListItem\",\"position\":2,\"name\":\"Denver pierde del quarterback Nix\"}]},{\"@type\":\"WebSite\",\"@id\":\"https:\/\/esbozodeportivo.com\/#website\",\"url\":\"https:\/\/esbozodeportivo.com\/\",\"name\":\"Esbozo Deportivo\",\"description\":\"Lo m\u00e1s importante del Deporte\",\"publisher\":{\"@id\":\"https:\/\/esbozodeportivo.com\/#organization\"},\"potentialAction\":[{\"@type\":\"SearchAction\",\"target\":{\"@type\":\"EntryPoint\",\"urlTemplate\":\"https:\/\/esbozodeportivo.com\/?s={search_term_string}\"},\"query-input\":{\"@type\":\"PropertyValueSpecification\",\"valueRequired\":true,\"valueName\":\"search_term_string\"}}],\"inLanguage\":\"es\"},{\"@type\":\"Organization\",\"@id\":\"https:\/\/esbozodeportivo.com\/#organization\",\"name\":\"Esbozo Deportivo\",\"url\":\"https:\/\/esbozodeportivo.com\/\",\"logo\":{\"@type\":\"ImageObject\",\"inLanguage\":\"es\",\"@id\":\"https:\/\/esbozodeportivo.com\/#\/schema\/logo\/image\/\",\"url\":\"https:\/\/esbozodeportivo.com\/wp-content\/uploads\/2022\/08\/cropped-Logo-Esbozo-Web-2.png\",\"contentUrl\":\"https:\/\/esbozodeportivo.com\/wp-content\/uploads\/2022\/08\/cropped-Logo-Esbozo-Web-2.png\",\"width\":180,\"height\":50,\"caption\":\"Esbozo Deportivo\"},\"image\":{\"@id\":\"https:\/\/esbozodeportivo.com\/#\/schema\/logo\/image\/\"}},{\"@type\":\"Person\",\"@id\":\"https:\/\/esbozodeportivo.com\/#\/schema\/person\/0f6df9196dfe6740dd0bb31bae50d374\",\"name\":\"Redacci\u00f3n\",\"image\":{\"@type\":\"ImageObject\",\"inLanguage\":\"es\",\"@id\":\"https:\/\/esbozodeportivo.com\/#\/schema\/person\/image\/\",\"url\":\"https:\/\/secure.gravatar.com\/avatar\/f55268a89c3b418f2ef172ff52ab0d09b3e653c58de29539fe329fb93d78ebf3?s=96&d=mm&r=g\",\"contentUrl\":\"https:\/\/secure.gravatar.com\/avatar\/f55268a89c3b418f2ef172ff52ab0d09b3e653c58de29539fe329fb93d78ebf3?s=96&d=mm&r=g\",\"caption\":\"Redacci\u00f3n\"},\"url\":\"https:\/\/esbozodeportivo.com\/index.php\/author\/redaccion\/\"}]}<\/script>\n<!-- \/ Yoast SEO plugin. -->","yoast_head_json":{"title":"Denver pierde del quarterback Nix - Esbozo Deportivo","description":"Bo Nix se fractur\u00f3 el tobillo derecho el s\u00e1bado, al final del tiempo extra en la victoria de los Broncos de Denver sobre los Bills de Buffalo en la ronda divisional, y se someter\u00e1 a una cirug\u00eda que lo dejar\u00e1 fuera por el resto de los playoffs.","robots":{"index":"index","follow":"follow","max-snippet":"max-snippet:-1","max-image-preview":"max-image-preview:large","max-video-preview":"max-video-preview:-1"},"canonical":"https:\/\/esbozodeportivo.com\/index.php\/2026\/01\/18\/denver-pierde-del-quarterback-nix\/","og_locale":"es_MX","og_type":"article","og_title":"Denver pierde del quarterback Nix - Esbozo Deportivo","og_description":"Bo Nix se fractur\u00f3 el tobillo derecho el s\u00e1bado, al final del tiempo extra en la victoria de los Broncos de Denver sobre los Bills de Buffalo en la ronda divisional, y se someter\u00e1 a una cirug\u00eda que lo dejar\u00e1 fuera por el resto de los playoffs.","og_url":"https:\/\/esbozodeportivo.com\/index.php\/2026\/01\/18\/denver-pierde-del-quarterback-nix\/","og_site_name":"Esbozo Deportivo","article_published_time":"2026-01-18T06:36:21+00:00","article_modified_time":"2026-01-18T06:36:22+00:00","og_image":[{"width":980,"height":653,"url":"https:\/\/esbozodeportivo.com\/wp-content\/uploads\/2026\/01\/8b35e609-b767-4adf-8e3e-fc0b95dd8111.jpg","type":"image\/jpeg"}],"author":"Redacci\u00f3n","twitter_card":"summary_large_image","twitter_misc":{"Escrito por":"Redacci\u00f3n","Tiempo de lectura":"3 minutos"},"schema":{"@context":"https:\/\/schema.org","@graph":[{"@type":"Article","@id":"https:\/\/esbozodeportivo.com\/index.php\/2026\/01\/18\/denver-pierde-del-quarterback-nix\/#article","isPartOf":{"@id":"https:\/\/esbozodeportivo.com\/index.php\/2026\/01\/18\/denver-pierde-del-quarterback-nix\/"},"author":{"name":"Redacci\u00f3n","@id":"https:\/\/esbozodeportivo.com\/#\/schema\/person\/0f6df9196dfe6740dd0bb31bae50d374"},"headline":"Denver pierde del quarterback Nix","datePublished":"2026-01-18T06:36:21+00:00","dateModified":"2026-01-18T06:36:22+00:00","mainEntityOfPage":{"@id":"https:\/\/esbozodeportivo.com\/index.php\/2026\/01\/18\/denver-pierde-del-quarterback-nix\/"},"wordCount":452,"publisher":{"@id":"https:\/\/esbozodeportivo.com\/#organization"},"image":{"@id":"https:\/\/esbozodeportivo.com\/index.php\/2026\/01\/18\/denver-pierde-del-quarterback-nix\/#primaryimage"},"thumbnailUrl":"https:\/\/esbozodeportivo.com\/wp-content\/uploads\/2026\/01\/8b35e609-b767-4adf-8e3e-fc0b95dd8111.jpg","articleSection":["NFL"],"inLanguage":"es"},{"@type":"WebPage","@id":"https:\/\/esbozodeportivo.com\/index.php\/2026\/01\/18\/denver-pierde-del-quarterback-nix\/","url":"https:\/\/esbozodeportivo.com\/index.php\/2026\/01\/18\/denver-pierde-del-quarterback-nix\/","name":"Denver pierde del quarterback Nix - Esbozo Deportivo","isPartOf":{"@id":"https:\/\/esbozodeportivo.com\/#website"},"primaryImageOfPage":{"@id":"https:\/\/esbozodeportivo.com\/index.php\/2026\/01\/18\/denver-pierde-del-quarterback-nix\/#primaryimage"},"image":{"@id":"https:\/\/esbozodeportivo.com\/index.php\/2026\/01\/18\/denver-pierde-del-quarterback-nix\/#primaryimage"},"thumbnailUrl":"https:\/\/esbozodeportivo.com\/wp-content\/uploads\/2026\/01\/8b35e609-b767-4adf-8e3e-fc0b95dd8111.jpg","datePublished":"2026-01-18T06:36:21+00:00","dateModified":"2026-01-18T06:36:22+00:00","description":"Bo Nix se fractur\u00f3 el tobillo derecho el s\u00e1bado, al final del tiempo extra en la victoria de los Broncos de Denver sobre los Bills de Buffalo en la ronda divisional, y se someter\u00e1 a una cirug\u00eda que lo dejar\u00e1 fuera por el resto de los playoffs.","breadcrumb":{"@id":"https:\/\/esbozodeportivo.com\/index.php\/2026\/01\/18\/denver-pierde-del-quarterback-nix\/#breadcrumb"},"inLanguage":"es","potentialAction":[{"@type":"ReadAction","target":["https:\/\/esbozodeportivo.com\/index.php\/2026\/01\/18\/denver-pierde-del-quarterback-nix\/"]}]},{"@type":"ImageObject","inLanguage":"es","@id":"https:\/\/esbozodeportivo.com\/index.php\/2026\/01\/18\/denver-pierde-del-quarterback-nix\/#primaryimage","url":"https:\/\/esbozodeportivo.com\/wp-content\/uploads\/2026\/01\/8b35e609-b767-4adf-8e3e-fc0b95dd8111.jpg","contentUrl":"https:\/\/esbozodeportivo.com\/wp-content\/uploads\/2026\/01\/8b35e609-b767-4adf-8e3e-fc0b95dd8111.jpg","width":980,"height":653},{"@type":"BreadcrumbList","@id":"https:\/\/esbozodeportivo.com\/index.php\/2026\/01\/18\/denver-pierde-del-quarterback-nix\/#breadcrumb","itemListElement":[{"@type":"ListItem","position":1,"name":"Inicio","item":"https:\/\/esbozodeportivo.com\/"},{"@type":"ListItem","position":2,"name":"Denver pierde del quarterback Nix"}]},{"@type":"WebSite","@id":"https:\/\/esbozodeportivo.com\/#website","url":"https:\/\/esbozodeportivo.com\/","name":"Esbozo Deportivo","description":"Lo m\u00e1s importante del Deporte","publisher":{"@id":"https:\/\/esbozodeportivo.com\/#organization"},"potentialAction":[{"@type":"SearchAction","target":{"@type":"EntryPoint","urlTemplate":"https:\/\/esbozodeportivo.com\/?s={search_term_string}"},"query-input":{"@type":"PropertyValueSpecification","valueRequired":true,"valueName":"search_term_string"}}],"inLanguage":"es"},{"@type":"Organization","@id":"https:\/\/esbozodeportivo.com\/#organization","name":"Esbozo Deportivo","url":"https:\/\/esbozodeportivo.com\/","logo":{"@type":"ImageObject","inLanguage":"es","@id":"https:\/\/esbozodeportivo.com\/#\/schema\/logo\/image\/","url":"https:\/\/esbozodeportivo.com\/wp-content\/uploads\/2022\/08\/cropped-Logo-Esbozo-Web-2.png","contentUrl":"https:\/\/esbozodeportivo.com\/wp-content\/uploads\/2022\/08\/cropped-Logo-Esbozo-Web-2.png","width":180,"height":50,"caption":"Esbozo Deportivo"},"image":{"@id":"https:\/\/esbozodeportivo.com\/#\/schema\/logo\/image\/"}},{"@type":"Person","@id":"https:\/\/esbozodeportivo.com\/#\/schema\/person\/0f6df9196dfe6740dd0bb31bae50d374","name":"Redacci\u00f3n","image":{"@type":"ImageObject","inLanguage":"es","@id":"https:\/\/esbozodeportivo.com\/#\/schema\/person\/image\/","url":"https:\/\/secure.gravatar.com\/avatar\/f55268a89c3b418f2ef172ff52ab0d09b3e653c58de29539fe329fb93d78ebf3?s=96&d=mm&r=g","contentUrl":"https:\/\/secure.gravatar.com\/avatar\/f55268a89c3b418f2ef172ff52ab0d09b3e653c58de29539fe329fb93d78ebf3?s=96&d=mm&r=g","caption":"Redacci\u00f3n"},"url":"https:\/\/esbozodeportivo.com\/index.php\/author\/redaccion\/"}]}},"jetpack_featured_media_url":"https:\/\/esbozodeportivo.com\/wp-content\/uploads\/2026\/01\/8b35e609-b767-4adf-8e3e-fc0b95dd8111.jpg","jetpack_sharing_enabled":true,"_links":{"self":[{"href":"https:\/\/esbozodeportivo.com\/index.php\/wp-json\/wp\/v2\/posts\/12419","targetHints":{"allow":["GET"]}}],"collection":[{"href":"https:\/\/esbozodeportivo.com\/index.php\/wp-json\/wp\/v2\/posts"}],"about":[{"href":"https:\/\/esbozodeportivo.com\/index.php\/wp-json\/wp\/v2\/types\/post"}],"author":[{"embeddable":true,"href":"https:\/\/esbozodeportivo.com\/index.php\/wp-json\/wp\/v2\/users\/4"}],"replies":[{"embeddable":true,"href":"https:\/\/esbozodeportivo.com\/index.php\/wp-json\/wp\/v2\/comments?post=12419"}],"version-history":[{"count":1,"href":"https:\/\/esbozodeportivo.com\/index.php\/wp-json\/wp\/v2\/posts\/12419\/revisions"}],"predecessor-version":[{"id":12420,"href":"https:\/\/esbozodeportivo.com\/index.php\/wp-json\/wp\/v2\/posts\/12419\/revisions\/12420"}],"wp:featuredmedia":[{"embeddable":true,"href":"https:\/\/esbozodeportivo.com\/index.php\/wp-json\/wp\/v2\/media\/12386"}],"wp:attachment":[{"href":"https:\/\/esbozodeportivo.com\/index.php\/wp-json\/wp\/v2\/media?parent=12419"}],"wp:term":[{"taxonomy":"category","embeddable":true,"href":"https:\/\/esbozodeportivo.com\/index.php\/wp-json\/wp\/v2\/categories?post=12419"},{"taxonomy":"post_tag","embeddable":true,"href":"https:\/\/esbozodeportivo.com\/index.php\/wp-json\/wp\/v2\/tags?post=12419"}],"curies":[{"name":"wp","href":"https:\/\/api.w.org\/{rel}","templated":true}]}}