{"id":12468,"date":"2026-01-19T19:26:29","date_gmt":"2026-01-20T01:26:29","guid":{"rendered":"https:\/\/esbozodeportivo.com\/?p=12468"},"modified":"2026-01-19T19:26:30","modified_gmt":"2026-01-20T01:26:30","slug":"green-day-abrira-el-super-bowl","status":"publish","type":"post","link":"https:\/\/esbozodeportivo.com\/index.php\/2026\/01\/19\/green-day-abrira-el-super-bowl\/","title":{"rendered":"Green Day abrir\u00e1 el Super Bowl"},"content":{"rendered":"\n<p>(Foto: Agencias) <\/p>\n\n\n\n<p>Green Day dar\u00e1 inicio al gran juego con una ceremonia inaugural el 8 de febrero en el Levi\u2019s Stadium en Santa Clara, California, anunci\u00f3 la liga el domingo. La actuaci\u00f3n celebrar\u00e1 seis d\u00e9cadas de la historia del campeonato, y la banda ayudar\u00e1 a dar la bienvenida a generaciones de MVP (jugadores m\u00e1s valiosos) del Super Bowl al campo.<\/p>\n\n\n\n<p>Se espera que el tr\u00edo, formado en la Bah\u00eda de San Francisco e integrado por Billie Joe Armstrong, Mike Dirnt y Tr\u00e9 Cool, interprete una selecci\u00f3n de sus himnos m\u00e1s conocidos como parte del tributo.<\/p>\n\n\n\n<p>\u201c\u00a1Estamos superemocionados de abrir el Super Bowl 60 justo en nuestro patio trasero!\u201d, dijo el vocalista Armstrong. \u201cNos sentimos honrados de dar la bienvenida a los MVP que han dado forma al juego y de abrir la noche para los fans de todo el mundo. \u00a1Divirt\u00e1monos! \u00a1Hagamos ruido!\u201d.<\/p>\n\n\n\n<p>La ceremonia se transmitir\u00e1 en vivo a las 3:00 p.m. (2300 GMT) hora del Pac\u00edfico por NBC, Telemundo, Peacock y Universo.<\/p>\n\n\n\n<p>\u201cCelebrar 60 a\u00f1os de historia del Super Bowl con Green Day como una banda local, al tiempo que honramos a las leyendas de la NFL que han ayudado a definir este deporte, es una manera incre\u00edblemente poderosa de iniciar el Super Bowl LX\u201d, dijo Tim Tubito, el director senior de presentaci\u00f3n de eventos y juegos de la liga. \u201cAl trabajar junto a NBC Sports para esta ceremonia de apertura, esperamos crear una celebraci\u00f3n colectiva para los fan\u00e1ticos en el estadio y alrededor del mundo\u201d.<\/p>\n\n\n\n<p>La ceremonia de apertura tendr\u00e1 lugar antes del entretenimiento previo al juego, en el cual Charlie Puth interpretar\u00e1 el himno nacional, Brandi Carlile cantar\u00e1 \u201cAmerica the Beautiful\u201d y Coco Jones ofrecer\u00e1 \u201cLift Every Voice and Sing\u201d.<\/p>\n\n\n\n<p>M\u00e1s adelante Bad Bunny se encargar\u00e1 del espect\u00e1culo de medio tiempo.<\/p>\n\n\n\n<p><\/p>\n","protected":false},"excerpt":{"rendered":"<p>(Foto: Agencias) Green Day dar\u00e1 inicio al gran juego con una ceremonia inaugural el 8<\/p>\n","protected":false},"author":4,"featured_media":12472,"comment_status":"closed","ping_status":"open","sticky":false,"template":"","format":"standard","meta":{"_jetpack_memberships_contains_paid_content":false,"footnotes":""},"categories":[51],"tags":[],"class_list":["post-12468","post","type-post","status-publish","format-standard","has-post-thumbnail","hentry","category-super-bowl"],"yoast_head":"<!-- This site is optimized with the Yoast SEO plugin v25.7 - https:\/\/yoast.com\/wordpress\/plugins\/seo\/ -->\n<title>Green Day abrir\u00e1 el Super Bowl - Esbozo Deportivo<\/title>\n<meta name=\"description\" content=\"Green Day dar\u00e1 inicio al gran juego con una ceremonia inaugural el 8 de febrero en el Levi\u2019s Stadium en Santa Clara, California, anunci\u00f3 la liga el domingo. La actuaci\u00f3n celebrar\u00e1 seis d\u00e9cadas de la historia del campeonato, y la banda ayudar\u00e1 a dar la bienvenida a generaciones de MVP (jugadores m\u00e1s valiosos) del Super Bowl al campo.\" \/>\n<meta name=\"robots\" content=\"index, follow, max-snippet:-1, max-image-preview:large, max-video-preview:-1\" \/>\n<link rel=\"canonical\" href=\"https:\/\/esbozodeportivo.com\/index.php\/2026\/01\/19\/green-day-abrira-el-super-bowl\/\" \/>\n<meta property=\"og:locale\" content=\"es_MX\" \/>\n<meta property=\"og:type\" content=\"article\" \/>\n<meta property=\"og:title\" content=\"Green Day abrir\u00e1 el Super Bowl - Esbozo Deportivo\" \/>\n<meta property=\"og:description\" content=\"Green Day dar\u00e1 inicio al gran juego con una ceremonia inaugural el 8 de febrero en el Levi\u2019s Stadium en Santa Clara, California, anunci\u00f3 la liga el domingo. La actuaci\u00f3n celebrar\u00e1 seis d\u00e9cadas de la historia del campeonato, y la banda ayudar\u00e1 a dar la bienvenida a generaciones de MVP (jugadores m\u00e1s valiosos) del Super Bowl al campo.\" \/>\n<meta property=\"og:url\" content=\"https:\/\/esbozodeportivo.com\/index.php\/2026\/01\/19\/green-day-abrira-el-super-bowl\/\" \/>\n<meta property=\"og:site_name\" content=\"Esbozo Deportivo\" \/>\n<meta property=\"article:published_time\" content=\"2026-01-20T01:26:29+00:00\" \/>\n<meta property=\"article:modified_time\" content=\"2026-01-20T01:26:30+00:00\" \/>\n<meta property=\"og:image\" content=\"https:\/\/esbozodeportivo.com\/wp-content\/uploads\/2026\/01\/d40c54b8-6046-4546-970c-660f37404264.jpg\" \/>\n\t<meta property=\"og:image:width\" content=\"980\" \/>\n\t<meta property=\"og:image:height\" content=\"653\" \/>\n\t<meta property=\"og:image:type\" content=\"image\/jpeg\" \/>\n<meta name=\"author\" content=\"Redacci\u00f3n\" \/>\n<meta name=\"twitter:card\" content=\"summary_large_image\" \/>\n<meta name=\"twitter:label1\" content=\"Escrito por\" \/>\n\t<meta name=\"twitter:data1\" content=\"Redacci\u00f3n\" \/>\n\t<meta name=\"twitter:label2\" content=\"Tiempo de lectura\" \/>\n\t<meta name=\"twitter:data2\" content=\"2 minutos\" \/>\n<script type=\"application\/ld+json\" class=\"yoast-schema-graph\">{\"@context\":\"https:\/\/schema.org\",\"@graph\":[{\"@type\":\"Article\",\"@id\":\"https:\/\/esbozodeportivo.com\/index.php\/2026\/01\/19\/green-day-abrira-el-super-bowl\/#article\",\"isPartOf\":{\"@id\":\"https:\/\/esbozodeportivo.com\/index.php\/2026\/01\/19\/green-day-abrira-el-super-bowl\/\"},\"author\":{\"name\":\"Redacci\u00f3n\",\"@id\":\"https:\/\/esbozodeportivo.com\/#\/schema\/person\/0f6df9196dfe6740dd0bb31bae50d374\"},\"headline\":\"Green Day abrir\u00e1 el Super Bowl\",\"datePublished\":\"2026-01-20T01:26:29+00:00\",\"dateModified\":\"2026-01-20T01:26:30+00:00\",\"mainEntityOfPage\":{\"@id\":\"https:\/\/esbozodeportivo.com\/index.php\/2026\/01\/19\/green-day-abrira-el-super-bowl\/\"},\"wordCount\":314,\"publisher\":{\"@id\":\"https:\/\/esbozodeportivo.com\/#organization\"},\"image\":{\"@id\":\"https:\/\/esbozodeportivo.com\/index.php\/2026\/01\/19\/green-day-abrira-el-super-bowl\/#primaryimage\"},\"thumbnailUrl\":\"https:\/\/esbozodeportivo.com\/wp-content\/uploads\/2026\/01\/d40c54b8-6046-4546-970c-660f37404264.jpg\",\"articleSection\":[\"Super Bowl\"],\"inLanguage\":\"es\"},{\"@type\":\"WebPage\",\"@id\":\"https:\/\/esbozodeportivo.com\/index.php\/2026\/01\/19\/green-day-abrira-el-super-bowl\/\",\"url\":\"https:\/\/esbozodeportivo.com\/index.php\/2026\/01\/19\/green-day-abrira-el-super-bowl\/\",\"name\":\"Green Day abrir\u00e1 el Super Bowl - Esbozo Deportivo\",\"isPartOf\":{\"@id\":\"https:\/\/esbozodeportivo.com\/#website\"},\"primaryImageOfPage\":{\"@id\":\"https:\/\/esbozodeportivo.com\/index.php\/2026\/01\/19\/green-day-abrira-el-super-bowl\/#primaryimage\"},\"image\":{\"@id\":\"https:\/\/esbozodeportivo.com\/index.php\/2026\/01\/19\/green-day-abrira-el-super-bowl\/#primaryimage\"},\"thumbnailUrl\":\"https:\/\/esbozodeportivo.com\/wp-content\/uploads\/2026\/01\/d40c54b8-6046-4546-970c-660f37404264.jpg\",\"datePublished\":\"2026-01-20T01:26:29+00:00\",\"dateModified\":\"2026-01-20T01:26:30+00:00\",\"description\":\"Green Day dar\u00e1 inicio al gran juego con una ceremonia inaugural el 8 de febrero en el Levi\u2019s Stadium en Santa Clara, California, anunci\u00f3 la liga el domingo. La actuaci\u00f3n celebrar\u00e1 seis d\u00e9cadas de la historia del campeonato, y la banda ayudar\u00e1 a dar la bienvenida a generaciones de MVP (jugadores m\u00e1s valiosos) del Super Bowl al campo.\",\"breadcrumb\":{\"@id\":\"https:\/\/esbozodeportivo.com\/index.php\/2026\/01\/19\/green-day-abrira-el-super-bowl\/#breadcrumb\"},\"inLanguage\":\"es\",\"potentialAction\":[{\"@type\":\"ReadAction\",\"target\":[\"https:\/\/esbozodeportivo.com\/index.php\/2026\/01\/19\/green-day-abrira-el-super-bowl\/\"]}]},{\"@type\":\"ImageObject\",\"inLanguage\":\"es\",\"@id\":\"https:\/\/esbozodeportivo.com\/index.php\/2026\/01\/19\/green-day-abrira-el-super-bowl\/#primaryimage\",\"url\":\"https:\/\/esbozodeportivo.com\/wp-content\/uploads\/2026\/01\/d40c54b8-6046-4546-970c-660f37404264.jpg\",\"contentUrl\":\"https:\/\/esbozodeportivo.com\/wp-content\/uploads\/2026\/01\/d40c54b8-6046-4546-970c-660f37404264.jpg\",\"width\":980,\"height\":653},{\"@type\":\"BreadcrumbList\",\"@id\":\"https:\/\/esbozodeportivo.com\/index.php\/2026\/01\/19\/green-day-abrira-el-super-bowl\/#breadcrumb\",\"itemListElement\":[{\"@type\":\"ListItem\",\"position\":1,\"name\":\"Inicio\",\"item\":\"https:\/\/esbozodeportivo.com\/\"},{\"@type\":\"ListItem\",\"position\":2,\"name\":\"Green Day abrir\u00e1 el Super Bowl\"}]},{\"@type\":\"WebSite\",\"@id\":\"https:\/\/esbozodeportivo.com\/#website\",\"url\":\"https:\/\/esbozodeportivo.com\/\",\"name\":\"Esbozo Deportivo\",\"description\":\"Lo m\u00e1s importante del Deporte\",\"publisher\":{\"@id\":\"https:\/\/esbozodeportivo.com\/#organization\"},\"potentialAction\":[{\"@type\":\"SearchAction\",\"target\":{\"@type\":\"EntryPoint\",\"urlTemplate\":\"https:\/\/esbozodeportivo.com\/?s={search_term_string}\"},\"query-input\":{\"@type\":\"PropertyValueSpecification\",\"valueRequired\":true,\"valueName\":\"search_term_string\"}}],\"inLanguage\":\"es\"},{\"@type\":\"Organization\",\"@id\":\"https:\/\/esbozodeportivo.com\/#organization\",\"name\":\"Esbozo Deportivo\",\"url\":\"https:\/\/esbozodeportivo.com\/\",\"logo\":{\"@type\":\"ImageObject\",\"inLanguage\":\"es\",\"@id\":\"https:\/\/esbozodeportivo.com\/#\/schema\/logo\/image\/\",\"url\":\"https:\/\/esbozodeportivo.com\/wp-content\/uploads\/2022\/08\/cropped-Logo-Esbozo-Web-2.png\",\"contentUrl\":\"https:\/\/esbozodeportivo.com\/wp-content\/uploads\/2022\/08\/cropped-Logo-Esbozo-Web-2.png\",\"width\":180,\"height\":50,\"caption\":\"Esbozo Deportivo\"},\"image\":{\"@id\":\"https:\/\/esbozodeportivo.com\/#\/schema\/logo\/image\/\"}},{\"@type\":\"Person\",\"@id\":\"https:\/\/esbozodeportivo.com\/#\/schema\/person\/0f6df9196dfe6740dd0bb31bae50d374\",\"name\":\"Redacci\u00f3n\",\"image\":{\"@type\":\"ImageObject\",\"inLanguage\":\"es\",\"@id\":\"https:\/\/esbozodeportivo.com\/#\/schema\/person\/image\/\",\"url\":\"https:\/\/secure.gravatar.com\/avatar\/f55268a89c3b418f2ef172ff52ab0d09b3e653c58de29539fe329fb93d78ebf3?s=96&d=mm&r=g\",\"contentUrl\":\"https:\/\/secure.gravatar.com\/avatar\/f55268a89c3b418f2ef172ff52ab0d09b3e653c58de29539fe329fb93d78ebf3?s=96&d=mm&r=g\",\"caption\":\"Redacci\u00f3n\"},\"url\":\"https:\/\/esbozodeportivo.com\/index.php\/author\/redaccion\/\"}]}<\/script>\n<!-- \/ Yoast SEO plugin. -->","yoast_head_json":{"title":"Green Day abrir\u00e1 el Super Bowl - Esbozo Deportivo","description":"Green Day dar\u00e1 inicio al gran juego con una ceremonia inaugural el 8 de febrero en el Levi\u2019s Stadium en Santa Clara, California, anunci\u00f3 la liga el domingo. La actuaci\u00f3n celebrar\u00e1 seis d\u00e9cadas de la historia del campeonato, y la banda ayudar\u00e1 a dar la bienvenida a generaciones de MVP (jugadores m\u00e1s valiosos) del Super Bowl al campo.","robots":{"index":"index","follow":"follow","max-snippet":"max-snippet:-1","max-image-preview":"max-image-preview:large","max-video-preview":"max-video-preview:-1"},"canonical":"https:\/\/esbozodeportivo.com\/index.php\/2026\/01\/19\/green-day-abrira-el-super-bowl\/","og_locale":"es_MX","og_type":"article","og_title":"Green Day abrir\u00e1 el Super Bowl - Esbozo Deportivo","og_description":"Green Day dar\u00e1 inicio al gran juego con una ceremonia inaugural el 8 de febrero en el Levi\u2019s Stadium en Santa Clara, California, anunci\u00f3 la liga el domingo. La actuaci\u00f3n celebrar\u00e1 seis d\u00e9cadas de la historia del campeonato, y la banda ayudar\u00e1 a dar la bienvenida a generaciones de MVP (jugadores m\u00e1s valiosos) del Super Bowl al campo.","og_url":"https:\/\/esbozodeportivo.com\/index.php\/2026\/01\/19\/green-day-abrira-el-super-bowl\/","og_site_name":"Esbozo Deportivo","article_published_time":"2026-01-20T01:26:29+00:00","article_modified_time":"2026-01-20T01:26:30+00:00","og_image":[{"width":980,"height":653,"url":"https:\/\/esbozodeportivo.com\/wp-content\/uploads\/2026\/01\/d40c54b8-6046-4546-970c-660f37404264.jpg","type":"image\/jpeg"}],"author":"Redacci\u00f3n","twitter_card":"summary_large_image","twitter_misc":{"Escrito por":"Redacci\u00f3n","Tiempo de lectura":"2 minutos"},"schema":{"@context":"https:\/\/schema.org","@graph":[{"@type":"Article","@id":"https:\/\/esbozodeportivo.com\/index.php\/2026\/01\/19\/green-day-abrira-el-super-bowl\/#article","isPartOf":{"@id":"https:\/\/esbozodeportivo.com\/index.php\/2026\/01\/19\/green-day-abrira-el-super-bowl\/"},"author":{"name":"Redacci\u00f3n","@id":"https:\/\/esbozodeportivo.com\/#\/schema\/person\/0f6df9196dfe6740dd0bb31bae50d374"},"headline":"Green Day abrir\u00e1 el Super Bowl","datePublished":"2026-01-20T01:26:29+00:00","dateModified":"2026-01-20T01:26:30+00:00","mainEntityOfPage":{"@id":"https:\/\/esbozodeportivo.com\/index.php\/2026\/01\/19\/green-day-abrira-el-super-bowl\/"},"wordCount":314,"publisher":{"@id":"https:\/\/esbozodeportivo.com\/#organization"},"image":{"@id":"https:\/\/esbozodeportivo.com\/index.php\/2026\/01\/19\/green-day-abrira-el-super-bowl\/#primaryimage"},"thumbnailUrl":"https:\/\/esbozodeportivo.com\/wp-content\/uploads\/2026\/01\/d40c54b8-6046-4546-970c-660f37404264.jpg","articleSection":["Super Bowl"],"inLanguage":"es"},{"@type":"WebPage","@id":"https:\/\/esbozodeportivo.com\/index.php\/2026\/01\/19\/green-day-abrira-el-super-bowl\/","url":"https:\/\/esbozodeportivo.com\/index.php\/2026\/01\/19\/green-day-abrira-el-super-bowl\/","name":"Green Day abrir\u00e1 el Super Bowl - Esbozo Deportivo","isPartOf":{"@id":"https:\/\/esbozodeportivo.com\/#website"},"primaryImageOfPage":{"@id":"https:\/\/esbozodeportivo.com\/index.php\/2026\/01\/19\/green-day-abrira-el-super-bowl\/#primaryimage"},"image":{"@id":"https:\/\/esbozodeportivo.com\/index.php\/2026\/01\/19\/green-day-abrira-el-super-bowl\/#primaryimage"},"thumbnailUrl":"https:\/\/esbozodeportivo.com\/wp-content\/uploads\/2026\/01\/d40c54b8-6046-4546-970c-660f37404264.jpg","datePublished":"2026-01-20T01:26:29+00:00","dateModified":"2026-01-20T01:26:30+00:00","description":"Green Day dar\u00e1 inicio al gran juego con una ceremonia inaugural el 8 de febrero en el Levi\u2019s Stadium en Santa Clara, California, anunci\u00f3 la liga el domingo. La actuaci\u00f3n celebrar\u00e1 seis d\u00e9cadas de la historia del campeonato, y la banda ayudar\u00e1 a dar la bienvenida a generaciones de MVP (jugadores m\u00e1s valiosos) del Super Bowl al campo.","breadcrumb":{"@id":"https:\/\/esbozodeportivo.com\/index.php\/2026\/01\/19\/green-day-abrira-el-super-bowl\/#breadcrumb"},"inLanguage":"es","potentialAction":[{"@type":"ReadAction","target":["https:\/\/esbozodeportivo.com\/index.php\/2026\/01\/19\/green-day-abrira-el-super-bowl\/"]}]},{"@type":"ImageObject","inLanguage":"es","@id":"https:\/\/esbozodeportivo.com\/index.php\/2026\/01\/19\/green-day-abrira-el-super-bowl\/#primaryimage","url":"https:\/\/esbozodeportivo.com\/wp-content\/uploads\/2026\/01\/d40c54b8-6046-4546-970c-660f37404264.jpg","contentUrl":"https:\/\/esbozodeportivo.com\/wp-content\/uploads\/2026\/01\/d40c54b8-6046-4546-970c-660f37404264.jpg","width":980,"height":653},{"@type":"BreadcrumbList","@id":"https:\/\/esbozodeportivo.com\/index.php\/2026\/01\/19\/green-day-abrira-el-super-bowl\/#breadcrumb","itemListElement":[{"@type":"ListItem","position":1,"name":"Inicio","item":"https:\/\/esbozodeportivo.com\/"},{"@type":"ListItem","position":2,"name":"Green Day abrir\u00e1 el Super Bowl"}]},{"@type":"WebSite","@id":"https:\/\/esbozodeportivo.com\/#website","url":"https:\/\/esbozodeportivo.com\/","name":"Esbozo Deportivo","description":"Lo m\u00e1s importante del Deporte","publisher":{"@id":"https:\/\/esbozodeportivo.com\/#organization"},"potentialAction":[{"@type":"SearchAction","target":{"@type":"EntryPoint","urlTemplate":"https:\/\/esbozodeportivo.com\/?s={search_term_string}"},"query-input":{"@type":"PropertyValueSpecification","valueRequired":true,"valueName":"search_term_string"}}],"inLanguage":"es"},{"@type":"Organization","@id":"https:\/\/esbozodeportivo.com\/#organization","name":"Esbozo Deportivo","url":"https:\/\/esbozodeportivo.com\/","logo":{"@type":"ImageObject","inLanguage":"es","@id":"https:\/\/esbozodeportivo.com\/#\/schema\/logo\/image\/","url":"https:\/\/esbozodeportivo.com\/wp-content\/uploads\/2022\/08\/cropped-Logo-Esbozo-Web-2.png","contentUrl":"https:\/\/esbozodeportivo.com\/wp-content\/uploads\/2022\/08\/cropped-Logo-Esbozo-Web-2.png","width":180,"height":50,"caption":"Esbozo Deportivo"},"image":{"@id":"https:\/\/esbozodeportivo.com\/#\/schema\/logo\/image\/"}},{"@type":"Person","@id":"https:\/\/esbozodeportivo.com\/#\/schema\/person\/0f6df9196dfe6740dd0bb31bae50d374","name":"Redacci\u00f3n","image":{"@type":"ImageObject","inLanguage":"es","@id":"https:\/\/esbozodeportivo.com\/#\/schema\/person\/image\/","url":"https:\/\/secure.gravatar.com\/avatar\/f55268a89c3b418f2ef172ff52ab0d09b3e653c58de29539fe329fb93d78ebf3?s=96&d=mm&r=g","contentUrl":"https:\/\/secure.gravatar.com\/avatar\/f55268a89c3b418f2ef172ff52ab0d09b3e653c58de29539fe329fb93d78ebf3?s=96&d=mm&r=g","caption":"Redacci\u00f3n"},"url":"https:\/\/esbozodeportivo.com\/index.php\/author\/redaccion\/"}]}},"jetpack_featured_media_url":"https:\/\/esbozodeportivo.com\/wp-content\/uploads\/2026\/01\/d40c54b8-6046-4546-970c-660f37404264.jpg","jetpack_sharing_enabled":true,"_links":{"self":[{"href":"https:\/\/esbozodeportivo.com\/index.php\/wp-json\/wp\/v2\/posts\/12468","targetHints":{"allow":["GET"]}}],"collection":[{"href":"https:\/\/esbozodeportivo.com\/index.php\/wp-json\/wp\/v2\/posts"}],"about":[{"href":"https:\/\/esbozodeportivo.com\/index.php\/wp-json\/wp\/v2\/types\/post"}],"author":[{"embeddable":true,"href":"https:\/\/esbozodeportivo.com\/index.php\/wp-json\/wp\/v2\/users\/4"}],"replies":[{"embeddable":true,"href":"https:\/\/esbozodeportivo.com\/index.php\/wp-json\/wp\/v2\/comments?post=12468"}],"version-history":[{"count":1,"href":"https:\/\/esbozodeportivo.com\/index.php\/wp-json\/wp\/v2\/posts\/12468\/revisions"}],"predecessor-version":[{"id":12474,"href":"https:\/\/esbozodeportivo.com\/index.php\/wp-json\/wp\/v2\/posts\/12468\/revisions\/12474"}],"wp:featuredmedia":[{"embeddable":true,"href":"https:\/\/esbozodeportivo.com\/index.php\/wp-json\/wp\/v2\/media\/12472"}],"wp:attachment":[{"href":"https:\/\/esbozodeportivo.com\/index.php\/wp-json\/wp\/v2\/media?parent=12468"}],"wp:term":[{"taxonomy":"category","embeddable":true,"href":"https:\/\/esbozodeportivo.com\/index.php\/wp-json\/wp\/v2\/categories?post=12468"},{"taxonomy":"post_tag","embeddable":true,"href":"https:\/\/esbozodeportivo.com\/index.php\/wp-json\/wp\/v2\/tags?post=12468"}],"curies":[{"name":"wp","href":"https:\/\/api.w.org\/{rel}","templated":true}]}}