{"id":12477,"date":"2026-01-19T19:29:35","date_gmt":"2026-01-20T01:29:35","guid":{"rendered":"https:\/\/esbozodeportivo.com\/?p=12477"},"modified":"2026-01-19T19:29:37","modified_gmt":"2026-01-20T01:29:37","slug":"madrid-y-chelsea-estrenan-tecnicos","status":"publish","type":"post","link":"https:\/\/esbozodeportivo.com\/index.php\/2026\/01\/19\/madrid-y-chelsea-estrenan-tecnicos\/","title":{"rendered":"Madrid y Chelsea estrenan t\u00e9cnicos"},"content":{"rendered":"\n<p>(Foto: Agencias) <\/p>\n\n\n\n<p>Real Madrid y Chelsea reanudan su participaci\u00f3n en la Liga de Campeones esta semana despu\u00e9s del par\u00f3n invernal con nuevos t\u00e9cnicos que dirigir\u00e1n en la competici\u00f3n por primera vez.<\/p>\n\n\n\n<p>Los ceses en los banquillos es un tema fuerte en una temporada donde la paciencia se ha agotado en la sala de juntas y 11 de los 36 clubes de la Liga de Campeones han cambiado de entrenador.<\/p>\n\n\n\n<p>Nueve de los 11 fueron despedidos. El \u00faltimo fue Xabi Alonso hace una semana cuando el Madrid lo removi\u00f3 despu\u00e9s de apenas siete meses y bien posicionado \u2014 en el s\u00e9ptimo lugar \u2014 en la clasificaci\u00f3n de la Liga de Campeones.<\/p>\n\n\n\n<p>\u00c1lvaro Arbeloa, el nuevo timonel, dirigir\u00e1 apenas el tercer partido de su carrera al recibir a M\u00f3naco el mi\u00e9rcoles. La \u00faltima vez que el Madrid present\u00f3 a un estratega novato a mitad de temporada result\u00f3 en atino: el nombramiento de Zinedine Zidane en enero de 2016 llev\u00f3 a tres t\u00edtulos consecutivos de la Liga de Campeones.<\/p>\n\n\n\n<p>Chelsea reemplaz\u00f3 a Enzo Maresca, el t\u00e9cnico que les sac\u00f3 campeones del Mundial de Clubes, con Liam Rosenior, quien hab\u00eda llevado al club hermano Estrasburgo a liderar la clasificaci\u00f3n de la Conference League de tercera categor\u00eda, y recibir\u00e1 a Pafos el mi\u00e9rcoles.<\/p>\n\n\n\n<p>M\u00f3naco y Pafos tambi\u00e9n han cambiado de entrenadores. M\u00f3naco despidi\u00f3 a Adi H\u00fctter en octubre y acudi\u00f3 a otro equipo de la Liga de Campeones, Union Saint-Gilloise, para atraer a su t\u00e9cnico campe\u00f3n de la liga belga, S\u00e9bastien Pocognoli.<\/p>\n\n\n\n<p>Juan Carlos Carcedo, el espa\u00f1ol que inici\u00f3 la campa\u00f1a al mando Pafos, arregl\u00f3 su salida este mes para regresar al Spartak de Mosc\u00fa. Pafos contrat\u00f3 a Albert Celades, otro espa\u00f1ol, que fue parte del Real Madrid que gan\u00f3 la Liga de Campeones en 2002 y m\u00e1s tarde jug\u00f3 en los New York Red Bulls.<\/p>\n\n\n\n<p>Ajax, Atalanta (quinto en la clasificaci\u00f3n) Benfica, Club Brujas, Juventus y Bayer Leverkusen tambi\u00e9n despidieron a sus t\u00e9cnicos. El Leverkusen ech\u00f3 a Erik Ten Hag antes de que comenzara la Liga de Campeones.<\/p>\n\n\n\n<p>Benfica despidi\u00f3 a Bruno Lage un d\u00eda despu\u00e9s de una derrota en casa en el partido inaugural contra Qarabag y contrat\u00f3 a Jos\u00e9 Mourinho. El dos veces campe\u00f3n de Europa fue despedido en Fenerbahce por perder en los playoffs de clasificaci\u00f3n ante Benfica.<\/p>\n\n\n\n<p>Pocos se sorprender\u00edan si Tottenham se une a la lista antes de la ronda final de partidos de la fase de apertura de la Liga de Campeones la pr\u00f3xima semana.<\/p>\n\n\n\n<p>Inter-Arsenal<\/p>\n\n\n\n<p>La estabilidad impera en Arsenal y el Inter de Mil\u00e1n, los l\u00edderes de la Liga Premier y la Serie A que se enfrentan en el partido de mayor perfil de la semana, uno que enfrenta al primero de la tabla contra el sexto.<\/p>\n\n\n\n<p>El Arsenal de Mikel Arteta es el \u00fanico equipo con el pleno de seis victorias y ahora regresa al escenario de su \u00fanica derrota en la fase de liga de la temporada pasada. Entonces, un penal de Hakan \u00c7alhano\u011flu fue decisivo en San Siro.<\/p>\n\n\n\n<p>El Inter estuvo a la par de Arsenal durante cuatro rondas en su primera temporada dirigido por Cristian Chivu, pero luego perdi\u00f3 partidos consecutivos contra el Atl\u00e9tico de Madrid y Liverpool.<\/p>\n\n\n\n<p>El Inter probablemente necesita evitar una tercera derrota para mantenerse en camino hacia los octavos de final. La temporada pasada se necesitaron 16 puntos para asegurar un lugar entre los ocho primeros y evitar la ronda de playoffs en febrero.<\/p>\n\n\n\n<p>Man City en el C\u00edrculo \u00c1rtico<\/p>\n\n\n\n<p>Cuando la UEFA confeccion\u00f3 el calendario de partidos en el caluroso y h\u00famedo M\u00f3naco en agosto, una pregunta clave era qui\u00e9n tendr\u00eda que visitar el C\u00edrculo \u00c1rtico en enero.<\/p>\n\n\n\n<p>La respuesta fue el Manchester City, que jugar\u00e1 en Bod\u00f8\/Glimt el martes.<\/p>\n\n\n\n<p>Aun as\u00ed, las temperaturas pronosticadas a la hora del partido est\u00e1n apenas por debajo del punto de congelaci\u00f3n en la tarde temprana en la natal Noruega del delantero Erling Haaland.<\/p>\n\n\n\n<p>El Man City, campe\u00f3n europeo de 2023, ya tiene 13 puntos en el cuarto lugar, a diferencia del drama del \u00faltimo d\u00eda en enero pasado, cuando necesitaron ganar para entrar en los playoffs de eliminaci\u00f3n directa en el puesto 22 de la clasificaci\u00f3n.<\/p>\n\n\n\n<p>Lejano oriente<\/p>\n\n\n\n<p>Dos equipos en el lejano oriente de Europa \u2014Qarabag y Kairat Almaty\u2014 tienen ambos partidos en casa esta semana porque sus zonas horarias distantes significan que no ser\u00e1n anfitriones en la decisiva \u00faltima ronda.<\/p>\n\n\n\n<p>Los 18 partidos del 29 de enero deben comenzar simult\u00e1neamente para garantizar el juego limpio, a las 9 de la noche en Europa Central, cuando ser\u00edan la 1 de la ma\u00f1ana en Almaty, Kazajist\u00e1n.<\/p>\n\n\n\n<p>Aun as\u00ed, ser\u00e1 temprano, a las 4:30 de la tarde en Europa Central cuando Kairat inicie contra Club Brujas a las 8:30 de la tarde hora local el martes. Qarabag recibe al Eintracht Frankfurt en un partido temprano el mi\u00e9rcoles.<\/p>\n\n\n\n<p><\/p>\n","protected":false},"excerpt":{"rendered":"<p>(Foto: Agencias) Real Madrid y Chelsea reanudan su participaci\u00f3n en la Liga de Campeones esta<\/p>\n","protected":false},"author":4,"featured_media":12469,"comment_status":"closed","ping_status":"open","sticky":false,"template":"","format":"standard","meta":{"_jetpack_memberships_contains_paid_content":false,"footnotes":""},"categories":[24],"tags":[],"class_list":["post-12477","post","type-post","status-publish","format-standard","has-post-thumbnail","hentry","category-futbol-2"],"yoast_head":"<!-- This site is optimized with the Yoast SEO plugin v25.7 - https:\/\/yoast.com\/wordpress\/plugins\/seo\/ -->\n<title>Madrid y Chelsea estrenan t\u00e9cnicos - Esbozo Deportivo<\/title>\n<meta name=\"description\" content=\"Real Madrid y Chelsea reanudan su participaci\u00f3n en la Liga de Campeones esta semana despu\u00e9s del par\u00f3n invernal con nuevos t\u00e9cnicos que dirigir\u00e1n en la competici\u00f3n por primera vez.\" \/>\n<meta name=\"robots\" content=\"index, follow, max-snippet:-1, max-image-preview:large, max-video-preview:-1\" \/>\n<link rel=\"canonical\" href=\"https:\/\/esbozodeportivo.com\/index.php\/2026\/01\/19\/madrid-y-chelsea-estrenan-tecnicos\/\" \/>\n<meta property=\"og:locale\" content=\"es_MX\" \/>\n<meta property=\"og:type\" content=\"article\" \/>\n<meta property=\"og:title\" content=\"Madrid y Chelsea estrenan t\u00e9cnicos - Esbozo Deportivo\" \/>\n<meta property=\"og:description\" content=\"Real Madrid y Chelsea reanudan su participaci\u00f3n en la Liga de Campeones esta semana despu\u00e9s del par\u00f3n invernal con nuevos t\u00e9cnicos que dirigir\u00e1n en la competici\u00f3n por primera vez.\" \/>\n<meta property=\"og:url\" content=\"https:\/\/esbozodeportivo.com\/index.php\/2026\/01\/19\/madrid-y-chelsea-estrenan-tecnicos\/\" \/>\n<meta property=\"og:site_name\" content=\"Esbozo Deportivo\" \/>\n<meta property=\"article:published_time\" content=\"2026-01-20T01:29:35+00:00\" \/>\n<meta property=\"article:modified_time\" content=\"2026-01-20T01:29:37+00:00\" \/>\n<meta property=\"og:image\" content=\"https:\/\/esbozodeportivo.com\/wp-content\/uploads\/2026\/01\/62f8e5ff-777b-44b3-9bb2-0778125c8e47.jpg\" \/>\n\t<meta property=\"og:image:width\" content=\"1440\" \/>\n\t<meta property=\"og:image:height\" content=\"960\" \/>\n\t<meta property=\"og:image:type\" content=\"image\/jpeg\" \/>\n<meta name=\"author\" content=\"Redacci\u00f3n\" \/>\n<meta name=\"twitter:card\" content=\"summary_large_image\" \/>\n<meta name=\"twitter:label1\" content=\"Escrito por\" \/>\n\t<meta name=\"twitter:data1\" content=\"Redacci\u00f3n\" \/>\n\t<meta name=\"twitter:label2\" content=\"Tiempo de lectura\" \/>\n\t<meta name=\"twitter:data2\" content=\"4 minutos\" \/>\n<script type=\"application\/ld+json\" class=\"yoast-schema-graph\">{\"@context\":\"https:\/\/schema.org\",\"@graph\":[{\"@type\":\"Article\",\"@id\":\"https:\/\/esbozodeportivo.com\/index.php\/2026\/01\/19\/madrid-y-chelsea-estrenan-tecnicos\/#article\",\"isPartOf\":{\"@id\":\"https:\/\/esbozodeportivo.com\/index.php\/2026\/01\/19\/madrid-y-chelsea-estrenan-tecnicos\/\"},\"author\":{\"name\":\"Redacci\u00f3n\",\"@id\":\"https:\/\/esbozodeportivo.com\/#\/schema\/person\/0f6df9196dfe6740dd0bb31bae50d374\"},\"headline\":\"Madrid y Chelsea estrenan t\u00e9cnicos\",\"datePublished\":\"2026-01-20T01:29:35+00:00\",\"dateModified\":\"2026-01-20T01:29:37+00:00\",\"mainEntityOfPage\":{\"@id\":\"https:\/\/esbozodeportivo.com\/index.php\/2026\/01\/19\/madrid-y-chelsea-estrenan-tecnicos\/\"},\"wordCount\":845,\"publisher\":{\"@id\":\"https:\/\/esbozodeportivo.com\/#organization\"},\"image\":{\"@id\":\"https:\/\/esbozodeportivo.com\/index.php\/2026\/01\/19\/madrid-y-chelsea-estrenan-tecnicos\/#primaryimage\"},\"thumbnailUrl\":\"https:\/\/esbozodeportivo.com\/wp-content\/uploads\/2026\/01\/62f8e5ff-777b-44b3-9bb2-0778125c8e47.jpg\",\"articleSection\":[\"Champions League\"],\"inLanguage\":\"es\"},{\"@type\":\"WebPage\",\"@id\":\"https:\/\/esbozodeportivo.com\/index.php\/2026\/01\/19\/madrid-y-chelsea-estrenan-tecnicos\/\",\"url\":\"https:\/\/esbozodeportivo.com\/index.php\/2026\/01\/19\/madrid-y-chelsea-estrenan-tecnicos\/\",\"name\":\"Madrid y Chelsea estrenan t\u00e9cnicos - Esbozo Deportivo\",\"isPartOf\":{\"@id\":\"https:\/\/esbozodeportivo.com\/#website\"},\"primaryImageOfPage\":{\"@id\":\"https:\/\/esbozodeportivo.com\/index.php\/2026\/01\/19\/madrid-y-chelsea-estrenan-tecnicos\/#primaryimage\"},\"image\":{\"@id\":\"https:\/\/esbozodeportivo.com\/index.php\/2026\/01\/19\/madrid-y-chelsea-estrenan-tecnicos\/#primaryimage\"},\"thumbnailUrl\":\"https:\/\/esbozodeportivo.com\/wp-content\/uploads\/2026\/01\/62f8e5ff-777b-44b3-9bb2-0778125c8e47.jpg\",\"datePublished\":\"2026-01-20T01:29:35+00:00\",\"dateModified\":\"2026-01-20T01:29:37+00:00\",\"description\":\"Real Madrid y Chelsea reanudan su participaci\u00f3n en la Liga de Campeones esta semana despu\u00e9s del par\u00f3n invernal con nuevos t\u00e9cnicos que dirigir\u00e1n en la competici\u00f3n por primera vez.\",\"breadcrumb\":{\"@id\":\"https:\/\/esbozodeportivo.com\/index.php\/2026\/01\/19\/madrid-y-chelsea-estrenan-tecnicos\/#breadcrumb\"},\"inLanguage\":\"es\",\"potentialAction\":[{\"@type\":\"ReadAction\",\"target\":[\"https:\/\/esbozodeportivo.com\/index.php\/2026\/01\/19\/madrid-y-chelsea-estrenan-tecnicos\/\"]}]},{\"@type\":\"ImageObject\",\"inLanguage\":\"es\",\"@id\":\"https:\/\/esbozodeportivo.com\/index.php\/2026\/01\/19\/madrid-y-chelsea-estrenan-tecnicos\/#primaryimage\",\"url\":\"https:\/\/esbozodeportivo.com\/wp-content\/uploads\/2026\/01\/62f8e5ff-777b-44b3-9bb2-0778125c8e47.jpg\",\"contentUrl\":\"https:\/\/esbozodeportivo.com\/wp-content\/uploads\/2026\/01\/62f8e5ff-777b-44b3-9bb2-0778125c8e47.jpg\",\"width\":1440,\"height\":960},{\"@type\":\"BreadcrumbList\",\"@id\":\"https:\/\/esbozodeportivo.com\/index.php\/2026\/01\/19\/madrid-y-chelsea-estrenan-tecnicos\/#breadcrumb\",\"itemListElement\":[{\"@type\":\"ListItem\",\"position\":1,\"name\":\"Inicio\",\"item\":\"https:\/\/esbozodeportivo.com\/\"},{\"@type\":\"ListItem\",\"position\":2,\"name\":\"Madrid y Chelsea estrenan t\u00e9cnicos\"}]},{\"@type\":\"WebSite\",\"@id\":\"https:\/\/esbozodeportivo.com\/#website\",\"url\":\"https:\/\/esbozodeportivo.com\/\",\"name\":\"Esbozo Deportivo\",\"description\":\"Lo m\u00e1s importante del Deporte\",\"publisher\":{\"@id\":\"https:\/\/esbozodeportivo.com\/#organization\"},\"potentialAction\":[{\"@type\":\"SearchAction\",\"target\":{\"@type\":\"EntryPoint\",\"urlTemplate\":\"https:\/\/esbozodeportivo.com\/?s={search_term_string}\"},\"query-input\":{\"@type\":\"PropertyValueSpecification\",\"valueRequired\":true,\"valueName\":\"search_term_string\"}}],\"inLanguage\":\"es\"},{\"@type\":\"Organization\",\"@id\":\"https:\/\/esbozodeportivo.com\/#organization\",\"name\":\"Esbozo Deportivo\",\"url\":\"https:\/\/esbozodeportivo.com\/\",\"logo\":{\"@type\":\"ImageObject\",\"inLanguage\":\"es\",\"@id\":\"https:\/\/esbozodeportivo.com\/#\/schema\/logo\/image\/\",\"url\":\"https:\/\/esbozodeportivo.com\/wp-content\/uploads\/2022\/08\/cropped-Logo-Esbozo-Web-2.png\",\"contentUrl\":\"https:\/\/esbozodeportivo.com\/wp-content\/uploads\/2022\/08\/cropped-Logo-Esbozo-Web-2.png\",\"width\":180,\"height\":50,\"caption\":\"Esbozo Deportivo\"},\"image\":{\"@id\":\"https:\/\/esbozodeportivo.com\/#\/schema\/logo\/image\/\"}},{\"@type\":\"Person\",\"@id\":\"https:\/\/esbozodeportivo.com\/#\/schema\/person\/0f6df9196dfe6740dd0bb31bae50d374\",\"name\":\"Redacci\u00f3n\",\"image\":{\"@type\":\"ImageObject\",\"inLanguage\":\"es\",\"@id\":\"https:\/\/esbozodeportivo.com\/#\/schema\/person\/image\/\",\"url\":\"https:\/\/secure.gravatar.com\/avatar\/f55268a89c3b418f2ef172ff52ab0d09b3e653c58de29539fe329fb93d78ebf3?s=96&d=mm&r=g\",\"contentUrl\":\"https:\/\/secure.gravatar.com\/avatar\/f55268a89c3b418f2ef172ff52ab0d09b3e653c58de29539fe329fb93d78ebf3?s=96&d=mm&r=g\",\"caption\":\"Redacci\u00f3n\"},\"url\":\"https:\/\/esbozodeportivo.com\/index.php\/author\/redaccion\/\"}]}<\/script>\n<!-- \/ Yoast SEO plugin. -->","yoast_head_json":{"title":"Madrid y Chelsea estrenan t\u00e9cnicos - Esbozo Deportivo","description":"Real Madrid y Chelsea reanudan su participaci\u00f3n en la Liga de Campeones esta semana despu\u00e9s del par\u00f3n invernal con nuevos t\u00e9cnicos que dirigir\u00e1n en la competici\u00f3n por primera vez.","robots":{"index":"index","follow":"follow","max-snippet":"max-snippet:-1","max-image-preview":"max-image-preview:large","max-video-preview":"max-video-preview:-1"},"canonical":"https:\/\/esbozodeportivo.com\/index.php\/2026\/01\/19\/madrid-y-chelsea-estrenan-tecnicos\/","og_locale":"es_MX","og_type":"article","og_title":"Madrid y Chelsea estrenan t\u00e9cnicos - Esbozo Deportivo","og_description":"Real Madrid y Chelsea reanudan su participaci\u00f3n en la Liga de Campeones esta semana despu\u00e9s del par\u00f3n invernal con nuevos t\u00e9cnicos que dirigir\u00e1n en la competici\u00f3n por primera vez.","og_url":"https:\/\/esbozodeportivo.com\/index.php\/2026\/01\/19\/madrid-y-chelsea-estrenan-tecnicos\/","og_site_name":"Esbozo Deportivo","article_published_time":"2026-01-20T01:29:35+00:00","article_modified_time":"2026-01-20T01:29:37+00:00","og_image":[{"width":1440,"height":960,"url":"https:\/\/esbozodeportivo.com\/wp-content\/uploads\/2026\/01\/62f8e5ff-777b-44b3-9bb2-0778125c8e47.jpg","type":"image\/jpeg"}],"author":"Redacci\u00f3n","twitter_card":"summary_large_image","twitter_misc":{"Escrito por":"Redacci\u00f3n","Tiempo de lectura":"4 minutos"},"schema":{"@context":"https:\/\/schema.org","@graph":[{"@type":"Article","@id":"https:\/\/esbozodeportivo.com\/index.php\/2026\/01\/19\/madrid-y-chelsea-estrenan-tecnicos\/#article","isPartOf":{"@id":"https:\/\/esbozodeportivo.com\/index.php\/2026\/01\/19\/madrid-y-chelsea-estrenan-tecnicos\/"},"author":{"name":"Redacci\u00f3n","@id":"https:\/\/esbozodeportivo.com\/#\/schema\/person\/0f6df9196dfe6740dd0bb31bae50d374"},"headline":"Madrid y Chelsea estrenan t\u00e9cnicos","datePublished":"2026-01-20T01:29:35+00:00","dateModified":"2026-01-20T01:29:37+00:00","mainEntityOfPage":{"@id":"https:\/\/esbozodeportivo.com\/index.php\/2026\/01\/19\/madrid-y-chelsea-estrenan-tecnicos\/"},"wordCount":845,"publisher":{"@id":"https:\/\/esbozodeportivo.com\/#organization"},"image":{"@id":"https:\/\/esbozodeportivo.com\/index.php\/2026\/01\/19\/madrid-y-chelsea-estrenan-tecnicos\/#primaryimage"},"thumbnailUrl":"https:\/\/esbozodeportivo.com\/wp-content\/uploads\/2026\/01\/62f8e5ff-777b-44b3-9bb2-0778125c8e47.jpg","articleSection":["Champions League"],"inLanguage":"es"},{"@type":"WebPage","@id":"https:\/\/esbozodeportivo.com\/index.php\/2026\/01\/19\/madrid-y-chelsea-estrenan-tecnicos\/","url":"https:\/\/esbozodeportivo.com\/index.php\/2026\/01\/19\/madrid-y-chelsea-estrenan-tecnicos\/","name":"Madrid y Chelsea estrenan t\u00e9cnicos - Esbozo Deportivo","isPartOf":{"@id":"https:\/\/esbozodeportivo.com\/#website"},"primaryImageOfPage":{"@id":"https:\/\/esbozodeportivo.com\/index.php\/2026\/01\/19\/madrid-y-chelsea-estrenan-tecnicos\/#primaryimage"},"image":{"@id":"https:\/\/esbozodeportivo.com\/index.php\/2026\/01\/19\/madrid-y-chelsea-estrenan-tecnicos\/#primaryimage"},"thumbnailUrl":"https:\/\/esbozodeportivo.com\/wp-content\/uploads\/2026\/01\/62f8e5ff-777b-44b3-9bb2-0778125c8e47.jpg","datePublished":"2026-01-20T01:29:35+00:00","dateModified":"2026-01-20T01:29:37+00:00","description":"Real Madrid y Chelsea reanudan su participaci\u00f3n en la Liga de Campeones esta semana despu\u00e9s del par\u00f3n invernal con nuevos t\u00e9cnicos que dirigir\u00e1n en la competici\u00f3n por primera vez.","breadcrumb":{"@id":"https:\/\/esbozodeportivo.com\/index.php\/2026\/01\/19\/madrid-y-chelsea-estrenan-tecnicos\/#breadcrumb"},"inLanguage":"es","potentialAction":[{"@type":"ReadAction","target":["https:\/\/esbozodeportivo.com\/index.php\/2026\/01\/19\/madrid-y-chelsea-estrenan-tecnicos\/"]}]},{"@type":"ImageObject","inLanguage":"es","@id":"https:\/\/esbozodeportivo.com\/index.php\/2026\/01\/19\/madrid-y-chelsea-estrenan-tecnicos\/#primaryimage","url":"https:\/\/esbozodeportivo.com\/wp-content\/uploads\/2026\/01\/62f8e5ff-777b-44b3-9bb2-0778125c8e47.jpg","contentUrl":"https:\/\/esbozodeportivo.com\/wp-content\/uploads\/2026\/01\/62f8e5ff-777b-44b3-9bb2-0778125c8e47.jpg","width":1440,"height":960},{"@type":"BreadcrumbList","@id":"https:\/\/esbozodeportivo.com\/index.php\/2026\/01\/19\/madrid-y-chelsea-estrenan-tecnicos\/#breadcrumb","itemListElement":[{"@type":"ListItem","position":1,"name":"Inicio","item":"https:\/\/esbozodeportivo.com\/"},{"@type":"ListItem","position":2,"name":"Madrid y Chelsea estrenan t\u00e9cnicos"}]},{"@type":"WebSite","@id":"https:\/\/esbozodeportivo.com\/#website","url":"https:\/\/esbozodeportivo.com\/","name":"Esbozo Deportivo","description":"Lo m\u00e1s importante del Deporte","publisher":{"@id":"https:\/\/esbozodeportivo.com\/#organization"},"potentialAction":[{"@type":"SearchAction","target":{"@type":"EntryPoint","urlTemplate":"https:\/\/esbozodeportivo.com\/?s={search_term_string}"},"query-input":{"@type":"PropertyValueSpecification","valueRequired":true,"valueName":"search_term_string"}}],"inLanguage":"es"},{"@type":"Organization","@id":"https:\/\/esbozodeportivo.com\/#organization","name":"Esbozo Deportivo","url":"https:\/\/esbozodeportivo.com\/","logo":{"@type":"ImageObject","inLanguage":"es","@id":"https:\/\/esbozodeportivo.com\/#\/schema\/logo\/image\/","url":"https:\/\/esbozodeportivo.com\/wp-content\/uploads\/2022\/08\/cropped-Logo-Esbozo-Web-2.png","contentUrl":"https:\/\/esbozodeportivo.com\/wp-content\/uploads\/2022\/08\/cropped-Logo-Esbozo-Web-2.png","width":180,"height":50,"caption":"Esbozo Deportivo"},"image":{"@id":"https:\/\/esbozodeportivo.com\/#\/schema\/logo\/image\/"}},{"@type":"Person","@id":"https:\/\/esbozodeportivo.com\/#\/schema\/person\/0f6df9196dfe6740dd0bb31bae50d374","name":"Redacci\u00f3n","image":{"@type":"ImageObject","inLanguage":"es","@id":"https:\/\/esbozodeportivo.com\/#\/schema\/person\/image\/","url":"https:\/\/secure.gravatar.com\/avatar\/f55268a89c3b418f2ef172ff52ab0d09b3e653c58de29539fe329fb93d78ebf3?s=96&d=mm&r=g","contentUrl":"https:\/\/secure.gravatar.com\/avatar\/f55268a89c3b418f2ef172ff52ab0d09b3e653c58de29539fe329fb93d78ebf3?s=96&d=mm&r=g","caption":"Redacci\u00f3n"},"url":"https:\/\/esbozodeportivo.com\/index.php\/author\/redaccion\/"}]}},"jetpack_featured_media_url":"https:\/\/esbozodeportivo.com\/wp-content\/uploads\/2026\/01\/62f8e5ff-777b-44b3-9bb2-0778125c8e47.jpg","jetpack_sharing_enabled":true,"_links":{"self":[{"href":"https:\/\/esbozodeportivo.com\/index.php\/wp-json\/wp\/v2\/posts\/12477","targetHints":{"allow":["GET"]}}],"collection":[{"href":"https:\/\/esbozodeportivo.com\/index.php\/wp-json\/wp\/v2\/posts"}],"about":[{"href":"https:\/\/esbozodeportivo.com\/index.php\/wp-json\/wp\/v2\/types\/post"}],"author":[{"embeddable":true,"href":"https:\/\/esbozodeportivo.com\/index.php\/wp-json\/wp\/v2\/users\/4"}],"replies":[{"embeddable":true,"href":"https:\/\/esbozodeportivo.com\/index.php\/wp-json\/wp\/v2\/comments?post=12477"}],"version-history":[{"count":1,"href":"https:\/\/esbozodeportivo.com\/index.php\/wp-json\/wp\/v2\/posts\/12477\/revisions"}],"predecessor-version":[{"id":12478,"href":"https:\/\/esbozodeportivo.com\/index.php\/wp-json\/wp\/v2\/posts\/12477\/revisions\/12478"}],"wp:featuredmedia":[{"embeddable":true,"href":"https:\/\/esbozodeportivo.com\/index.php\/wp-json\/wp\/v2\/media\/12469"}],"wp:attachment":[{"href":"https:\/\/esbozodeportivo.com\/index.php\/wp-json\/wp\/v2\/media?parent=12477"}],"wp:term":[{"taxonomy":"category","embeddable":true,"href":"https:\/\/esbozodeportivo.com\/index.php\/wp-json\/wp\/v2\/categories?post=12477"},{"taxonomy":"post_tag","embeddable":true,"href":"https:\/\/esbozodeportivo.com\/index.php\/wp-json\/wp\/v2\/tags?post=12477"}],"curies":[{"name":"wp","href":"https:\/\/api.w.org\/{rel}","templated":true}]}}