{"id":12486,"date":"2026-01-20T20:27:29","date_gmt":"2026-01-21T02:27:29","guid":{"rendered":"https:\/\/esbozodeportivo.com\/?p=12486"},"modified":"2026-01-21T00:40:21","modified_gmt":"2026-01-21T06:40:21","slug":"ciudadania-clave-para-fortalecer-el-etiquetado-de-alimentos-en-mexico","status":"publish","type":"post","link":"https:\/\/esbozodeportivo.com\/index.php\/2026\/01\/20\/ciudadania-clave-para-fortalecer-el-etiquetado-de-alimentos-en-mexico\/","title":{"rendered":"Ciudadan\u00eda, clave para fortalecer el etiquetado de alimentos en M\u00e9xico"},"content":{"rendered":"\n<p><strong>(Fotos: esbozodeportivo) <\/strong><\/p>\n\n\n\n<p><em><strong>Organizaciones llaman a participar en la consulta p\u00fablica para modificar la NOM-051<\/strong><\/em><\/p>\n\n\n\n<p>La participaci\u00f3n activa de la ciudadan\u00eda ser\u00e1 determinante para fortalecer el etiquetado frontal de alimentos en M\u00e9xico, coincidieron especialistas durante una conferencia en la que se anunci\u00f3 la apertura del periodo de consulta p\u00fablica del <strong>Proyecto de Modificaci\u00f3n de la Norma Oficial Mexicana NOM-051<\/strong>, impulsada por la <strong>Alianza por la Salud Alimentaria.<\/strong><\/p>\n\n\n\n<p>En el panel participaron <strong>Ana Larra\u00f1aga, de El Poder del Consumidor; Javier Z\u00fa\u00f1iga, abogado de la misma organizaci\u00f3n, y Dor\u00e9 Castillo, directora general de Salud Cr\u00edtica<\/strong>, quienes destacaron la importancia de actualizar la normatividad para garantizar el derecho de las personas consumidoras a contar con informaci\u00f3n clara, veraz y accesible sobre los productos que adquieren.<\/p>\n\n\n\n<p>Durante su intervenci\u00f3n, <strong>Ana Larra\u00f1aga<\/strong> advirti\u00f3 que existen pr\u00e1cticas de la industria alimentaria que actualmente no est\u00e1n contempladas en la regulaci\u00f3n vigente. \u201cEstas pr\u00e1cticas no est\u00e1n adecuadamente cubiertas por la normatividad vigente y limitan el derecho de las personas consumidoras a recibir informaci\u00f3n clara en el punto de venta\u201d, se\u00f1al\u00f3.<\/p>\n\n\n\n<figure class=\"wp-block-image size-large\"><img loading=\"lazy\" decoding=\"async\" width=\"1024\" height=\"682\" src=\"https:\/\/esbozodeportivo.com\/wp-content\/uploads\/2026\/01\/DSC04775-1024x682.jpg\" alt=\"\" class=\"wp-image-12488\" srcset=\"https:\/\/esbozodeportivo.com\/wp-content\/uploads\/2026\/01\/DSC04775-1024x682.jpg 1024w, https:\/\/esbozodeportivo.com\/wp-content\/uploads\/2026\/01\/DSC04775-300x200.jpg 300w, https:\/\/esbozodeportivo.com\/wp-content\/uploads\/2026\/01\/DSC04775-768x511.jpg 768w, https:\/\/esbozodeportivo.com\/wp-content\/uploads\/2026\/01\/DSC04775-1536x1022.jpg 1536w, https:\/\/esbozodeportivo.com\/wp-content\/uploads\/2026\/01\/DSC04775-2048x1363.jpg 2048w\" sizes=\"auto, (max-width: 1024px) 100vw, 1024px\" \/><\/figure>\n\n\n\n<p>Por su parte, <strong>Javier Z\u00fa\u00f1iga<\/strong> explic\u00f3 que, a trav\u00e9s del sitio web <strong>etiquetadosclaros.org\/consulta<\/strong>, se facilita el env\u00edo de comentarios por parte de la ciudadan\u00eda, adem\u00e1s de hacer un llamado directo a las autoridades para fortalecer la <strong>NOM-051<\/strong> y poner fin al ocultamiento de informaci\u00f3n en los productos. Subray\u00f3 que la participaci\u00f3n social es fundamental para que las mejoras sean consideradas dentro de este periodo de modificaci\u00f3n o, en su caso, en el <strong>Programa Nacional de Infraestructura 2026.<\/strong><\/p>\n\n\n\n<p>Los especialistas tambi\u00e9n alertaron sobre los riesgos que enfrenta la norma ante la presi\u00f3n ejercida por el sector industrial, el cual busca debilitar algunos de sus componentes. En ese sentido, <strong>Dor\u00e9 Castillo<\/strong> enfatiz\u00f3 que el contexto actual exige mayor vigilancia social frente al cabildeo de las grandes industrias.<\/p>\n\n\n\n<p>\u201cLa participaci\u00f3n y la vigilancia de la ciudadan\u00eda ser\u00e1n clave para que el etiquetado se mantenga de manera s\u00f3lida, pero tambi\u00e9n para ir m\u00e1s all\u00e1 y mejorarlo, colocando en el centro el derecho a la informaci\u00f3n, la salud p\u00fablica y el inter\u00e9s superior de ni\u00f1as, ni\u00f1os y adolescentes, especialmente en un contexto en el que el enorme cabildeo de las industrias amenaza con debilitar la regulaci\u00f3n\u201d, afirm\u00f3.<\/p>\n\n\n\n<figure class=\"wp-block-image size-large\"><img loading=\"lazy\" decoding=\"async\" width=\"1024\" height=\"682\" src=\"https:\/\/esbozodeportivo.com\/wp-content\/uploads\/2026\/01\/DSC04778-1024x682.jpg\" alt=\"\" class=\"wp-image-12489\" srcset=\"https:\/\/esbozodeportivo.com\/wp-content\/uploads\/2026\/01\/DSC04778-1024x682.jpg 1024w, https:\/\/esbozodeportivo.com\/wp-content\/uploads\/2026\/01\/DSC04778-300x200.jpg 300w, https:\/\/esbozodeportivo.com\/wp-content\/uploads\/2026\/01\/DSC04778-768x511.jpg 768w, https:\/\/esbozodeportivo.com\/wp-content\/uploads\/2026\/01\/DSC04778-1536x1022.jpg 1536w, https:\/\/esbozodeportivo.com\/wp-content\/uploads\/2026\/01\/DSC04778-2048x1363.jpg 2048w\" sizes=\"auto, (max-width: 1024px) 100vw, 1024px\" \/><\/figure>\n\n\n\n<p>Finalmente, las organizaciones reiteraron la invitaci\u00f3n a las y los consumidores a participar activamente en la consulta p\u00fablica enviando sus comentarios a trav\u00e9s de la plataforma <strong>etiquetadosclaros.org\/consulta<\/strong>, como una herramienta para incidir en pol\u00edticas p\u00fablicas que protejan la salud de la poblaci\u00f3n.<\/p>\n\n\n\n<p><\/p>\n","protected":false},"excerpt":{"rendered":"<p>(Fotos: esbozodeportivo) Organizaciones llaman a participar en la consulta p\u00fablica para modificar la NOM-051 La<\/p>\n","protected":false},"author":4,"featured_media":12487,"comment_status":"closed","ping_status":"open","sticky":false,"template":"","format":"standard","meta":{"_jetpack_memberships_contains_paid_content":false,"footnotes":""},"categories":[105],"tags":[],"class_list":["post-12486","post","type-post","status-publish","format-standard","has-post-thumbnail","hentry","category-salud"],"yoast_head":"<!-- This site is optimized with the Yoast SEO plugin v25.7 - https:\/\/yoast.com\/wordpress\/plugins\/seo\/ -->\n<title>Ciudadan\u00eda, clave para fortalecer el etiquetado de alimentos en M\u00e9xico - Esbozo Deportivo<\/title>\n<meta name=\"description\" content=\"La participaci\u00f3n activa de la ciudadan\u00eda ser\u00e1 determinante para fortalecer el etiquetado frontal de alimentos en M\u00e9xico, coincidieron especialistas durante una conferencia en la que se anunci\u00f3 la apertura del periodo de consulta p\u00fablica del Proyecto de Modificaci\u00f3n de la Norma Oficial Mexicana NOM-051, impulsada por la Alianza por la Salud Alimentaria.\" \/>\n<meta name=\"robots\" content=\"index, follow, max-snippet:-1, max-image-preview:large, max-video-preview:-1\" \/>\n<link rel=\"canonical\" href=\"https:\/\/esbozodeportivo.com\/index.php\/2026\/01\/20\/ciudadania-clave-para-fortalecer-el-etiquetado-de-alimentos-en-mexico\/\" \/>\n<meta property=\"og:locale\" content=\"es_MX\" \/>\n<meta property=\"og:type\" content=\"article\" \/>\n<meta property=\"og:title\" content=\"Ciudadan\u00eda, clave para fortalecer el etiquetado de alimentos en M\u00e9xico - Esbozo Deportivo\" \/>\n<meta property=\"og:description\" content=\"La participaci\u00f3n activa de la ciudadan\u00eda ser\u00e1 determinante para fortalecer el etiquetado frontal de alimentos en M\u00e9xico, coincidieron especialistas durante una conferencia en la que se anunci\u00f3 la apertura del periodo de consulta p\u00fablica del Proyecto de Modificaci\u00f3n de la Norma Oficial Mexicana NOM-051, impulsada por la Alianza por la Salud Alimentaria.\" \/>\n<meta property=\"og:url\" content=\"https:\/\/esbozodeportivo.com\/index.php\/2026\/01\/20\/ciudadania-clave-para-fortalecer-el-etiquetado-de-alimentos-en-mexico\/\" \/>\n<meta property=\"og:site_name\" content=\"Esbozo Deportivo\" \/>\n<meta property=\"article:published_time\" content=\"2026-01-21T02:27:29+00:00\" \/>\n<meta property=\"article:modified_time\" content=\"2026-01-21T06:40:21+00:00\" \/>\n<meta property=\"og:image\" content=\"https:\/\/esbozodeportivo.com\/wp-content\/uploads\/2026\/01\/DSC04768-scaled.jpg\" \/>\n\t<meta property=\"og:image:width\" content=\"2560\" \/>\n\t<meta property=\"og:image:height\" content=\"1704\" \/>\n\t<meta property=\"og:image:type\" content=\"image\/jpeg\" \/>\n<meta name=\"author\" content=\"Redacci\u00f3n\" \/>\n<meta name=\"twitter:card\" content=\"summary_large_image\" \/>\n<meta name=\"twitter:label1\" content=\"Escrito por\" \/>\n\t<meta name=\"twitter:data1\" content=\"Redacci\u00f3n\" \/>\n\t<meta name=\"twitter:label2\" content=\"Tiempo de lectura\" \/>\n\t<meta name=\"twitter:data2\" content=\"3 minutos\" \/>\n<script type=\"application\/ld+json\" class=\"yoast-schema-graph\">{\"@context\":\"https:\/\/schema.org\",\"@graph\":[{\"@type\":\"Article\",\"@id\":\"https:\/\/esbozodeportivo.com\/index.php\/2026\/01\/20\/ciudadania-clave-para-fortalecer-el-etiquetado-de-alimentos-en-mexico\/#article\",\"isPartOf\":{\"@id\":\"https:\/\/esbozodeportivo.com\/index.php\/2026\/01\/20\/ciudadania-clave-para-fortalecer-el-etiquetado-de-alimentos-en-mexico\/\"},\"author\":{\"name\":\"Redacci\u00f3n\",\"@id\":\"https:\/\/esbozodeportivo.com\/#\/schema\/person\/0f6df9196dfe6740dd0bb31bae50d374\"},\"headline\":\"Ciudadan\u00eda, clave para fortalecer el etiquetado de alimentos en M\u00e9xico\",\"datePublished\":\"2026-01-21T02:27:29+00:00\",\"dateModified\":\"2026-01-21T06:40:21+00:00\",\"mainEntityOfPage\":{\"@id\":\"https:\/\/esbozodeportivo.com\/index.php\/2026\/01\/20\/ciudadania-clave-para-fortalecer-el-etiquetado-de-alimentos-en-mexico\/\"},\"wordCount\":468,\"publisher\":{\"@id\":\"https:\/\/esbozodeportivo.com\/#organization\"},\"image\":{\"@id\":\"https:\/\/esbozodeportivo.com\/index.php\/2026\/01\/20\/ciudadania-clave-para-fortalecer-el-etiquetado-de-alimentos-en-mexico\/#primaryimage\"},\"thumbnailUrl\":\"https:\/\/esbozodeportivo.com\/wp-content\/uploads\/2026\/01\/DSC04768-scaled.jpg\",\"articleSection\":[\"SALUD\"],\"inLanguage\":\"es\"},{\"@type\":\"WebPage\",\"@id\":\"https:\/\/esbozodeportivo.com\/index.php\/2026\/01\/20\/ciudadania-clave-para-fortalecer-el-etiquetado-de-alimentos-en-mexico\/\",\"url\":\"https:\/\/esbozodeportivo.com\/index.php\/2026\/01\/20\/ciudadania-clave-para-fortalecer-el-etiquetado-de-alimentos-en-mexico\/\",\"name\":\"Ciudadan\u00eda, clave para fortalecer el etiquetado de alimentos en M\u00e9xico - Esbozo Deportivo\",\"isPartOf\":{\"@id\":\"https:\/\/esbozodeportivo.com\/#website\"},\"primaryImageOfPage\":{\"@id\":\"https:\/\/esbozodeportivo.com\/index.php\/2026\/01\/20\/ciudadania-clave-para-fortalecer-el-etiquetado-de-alimentos-en-mexico\/#primaryimage\"},\"image\":{\"@id\":\"https:\/\/esbozodeportivo.com\/index.php\/2026\/01\/20\/ciudadania-clave-para-fortalecer-el-etiquetado-de-alimentos-en-mexico\/#primaryimage\"},\"thumbnailUrl\":\"https:\/\/esbozodeportivo.com\/wp-content\/uploads\/2026\/01\/DSC04768-scaled.jpg\",\"datePublished\":\"2026-01-21T02:27:29+00:00\",\"dateModified\":\"2026-01-21T06:40:21+00:00\",\"description\":\"La participaci\u00f3n activa de la ciudadan\u00eda ser\u00e1 determinante para fortalecer el etiquetado frontal de alimentos en M\u00e9xico, coincidieron especialistas durante una conferencia en la que se anunci\u00f3 la apertura del periodo de consulta p\u00fablica del Proyecto de Modificaci\u00f3n de la Norma Oficial Mexicana NOM-051, impulsada por la Alianza por la Salud Alimentaria.\",\"breadcrumb\":{\"@id\":\"https:\/\/esbozodeportivo.com\/index.php\/2026\/01\/20\/ciudadania-clave-para-fortalecer-el-etiquetado-de-alimentos-en-mexico\/#breadcrumb\"},\"inLanguage\":\"es\",\"potentialAction\":[{\"@type\":\"ReadAction\",\"target\":[\"https:\/\/esbozodeportivo.com\/index.php\/2026\/01\/20\/ciudadania-clave-para-fortalecer-el-etiquetado-de-alimentos-en-mexico\/\"]}]},{\"@type\":\"ImageObject\",\"inLanguage\":\"es\",\"@id\":\"https:\/\/esbozodeportivo.com\/index.php\/2026\/01\/20\/ciudadania-clave-para-fortalecer-el-etiquetado-de-alimentos-en-mexico\/#primaryimage\",\"url\":\"https:\/\/esbozodeportivo.com\/wp-content\/uploads\/2026\/01\/DSC04768-scaled.jpg\",\"contentUrl\":\"https:\/\/esbozodeportivo.com\/wp-content\/uploads\/2026\/01\/DSC04768-scaled.jpg\",\"width\":2560,\"height\":1704},{\"@type\":\"BreadcrumbList\",\"@id\":\"https:\/\/esbozodeportivo.com\/index.php\/2026\/01\/20\/ciudadania-clave-para-fortalecer-el-etiquetado-de-alimentos-en-mexico\/#breadcrumb\",\"itemListElement\":[{\"@type\":\"ListItem\",\"position\":1,\"name\":\"Inicio\",\"item\":\"https:\/\/esbozodeportivo.com\/\"},{\"@type\":\"ListItem\",\"position\":2,\"name\":\"Ciudadan\u00eda, clave para fortalecer el etiquetado de alimentos en M\u00e9xico\"}]},{\"@type\":\"WebSite\",\"@id\":\"https:\/\/esbozodeportivo.com\/#website\",\"url\":\"https:\/\/esbozodeportivo.com\/\",\"name\":\"Esbozo Deportivo\",\"description\":\"Lo m\u00e1s importante del Deporte\",\"publisher\":{\"@id\":\"https:\/\/esbozodeportivo.com\/#organization\"},\"potentialAction\":[{\"@type\":\"SearchAction\",\"target\":{\"@type\":\"EntryPoint\",\"urlTemplate\":\"https:\/\/esbozodeportivo.com\/?s={search_term_string}\"},\"query-input\":{\"@type\":\"PropertyValueSpecification\",\"valueRequired\":true,\"valueName\":\"search_term_string\"}}],\"inLanguage\":\"es\"},{\"@type\":\"Organization\",\"@id\":\"https:\/\/esbozodeportivo.com\/#organization\",\"name\":\"Esbozo Deportivo\",\"url\":\"https:\/\/esbozodeportivo.com\/\",\"logo\":{\"@type\":\"ImageObject\",\"inLanguage\":\"es\",\"@id\":\"https:\/\/esbozodeportivo.com\/#\/schema\/logo\/image\/\",\"url\":\"https:\/\/esbozodeportivo.com\/wp-content\/uploads\/2022\/08\/cropped-Logo-Esbozo-Web-2.png\",\"contentUrl\":\"https:\/\/esbozodeportivo.com\/wp-content\/uploads\/2022\/08\/cropped-Logo-Esbozo-Web-2.png\",\"width\":180,\"height\":50,\"caption\":\"Esbozo Deportivo\"},\"image\":{\"@id\":\"https:\/\/esbozodeportivo.com\/#\/schema\/logo\/image\/\"}},{\"@type\":\"Person\",\"@id\":\"https:\/\/esbozodeportivo.com\/#\/schema\/person\/0f6df9196dfe6740dd0bb31bae50d374\",\"name\":\"Redacci\u00f3n\",\"image\":{\"@type\":\"ImageObject\",\"inLanguage\":\"es\",\"@id\":\"https:\/\/esbozodeportivo.com\/#\/schema\/person\/image\/\",\"url\":\"https:\/\/secure.gravatar.com\/avatar\/f55268a89c3b418f2ef172ff52ab0d09b3e653c58de29539fe329fb93d78ebf3?s=96&d=mm&r=g\",\"contentUrl\":\"https:\/\/secure.gravatar.com\/avatar\/f55268a89c3b418f2ef172ff52ab0d09b3e653c58de29539fe329fb93d78ebf3?s=96&d=mm&r=g\",\"caption\":\"Redacci\u00f3n\"},\"url\":\"https:\/\/esbozodeportivo.com\/index.php\/author\/redaccion\/\"}]}<\/script>\n<!-- \/ Yoast SEO plugin. -->","yoast_head_json":{"title":"Ciudadan\u00eda, clave para fortalecer el etiquetado de alimentos en M\u00e9xico - Esbozo Deportivo","description":"La participaci\u00f3n activa de la ciudadan\u00eda ser\u00e1 determinante para fortalecer el etiquetado frontal de alimentos en M\u00e9xico, coincidieron especialistas durante una conferencia en la que se anunci\u00f3 la apertura del periodo de consulta p\u00fablica del Proyecto de Modificaci\u00f3n de la Norma Oficial Mexicana NOM-051, impulsada por la Alianza por la Salud Alimentaria.","robots":{"index":"index","follow":"follow","max-snippet":"max-snippet:-1","max-image-preview":"max-image-preview:large","max-video-preview":"max-video-preview:-1"},"canonical":"https:\/\/esbozodeportivo.com\/index.php\/2026\/01\/20\/ciudadania-clave-para-fortalecer-el-etiquetado-de-alimentos-en-mexico\/","og_locale":"es_MX","og_type":"article","og_title":"Ciudadan\u00eda, clave para fortalecer el etiquetado de alimentos en M\u00e9xico - Esbozo Deportivo","og_description":"La participaci\u00f3n activa de la ciudadan\u00eda ser\u00e1 determinante para fortalecer el etiquetado frontal de alimentos en M\u00e9xico, coincidieron especialistas durante una conferencia en la que se anunci\u00f3 la apertura del periodo de consulta p\u00fablica del Proyecto de Modificaci\u00f3n de la Norma Oficial Mexicana NOM-051, impulsada por la Alianza por la Salud Alimentaria.","og_url":"https:\/\/esbozodeportivo.com\/index.php\/2026\/01\/20\/ciudadania-clave-para-fortalecer-el-etiquetado-de-alimentos-en-mexico\/","og_site_name":"Esbozo Deportivo","article_published_time":"2026-01-21T02:27:29+00:00","article_modified_time":"2026-01-21T06:40:21+00:00","og_image":[{"width":2560,"height":1704,"url":"https:\/\/esbozodeportivo.com\/wp-content\/uploads\/2026\/01\/DSC04768-scaled.jpg","type":"image\/jpeg"}],"author":"Redacci\u00f3n","twitter_card":"summary_large_image","twitter_misc":{"Escrito por":"Redacci\u00f3n","Tiempo de lectura":"3 minutos"},"schema":{"@context":"https:\/\/schema.org","@graph":[{"@type":"Article","@id":"https:\/\/esbozodeportivo.com\/index.php\/2026\/01\/20\/ciudadania-clave-para-fortalecer-el-etiquetado-de-alimentos-en-mexico\/#article","isPartOf":{"@id":"https:\/\/esbozodeportivo.com\/index.php\/2026\/01\/20\/ciudadania-clave-para-fortalecer-el-etiquetado-de-alimentos-en-mexico\/"},"author":{"name":"Redacci\u00f3n","@id":"https:\/\/esbozodeportivo.com\/#\/schema\/person\/0f6df9196dfe6740dd0bb31bae50d374"},"headline":"Ciudadan\u00eda, clave para fortalecer el etiquetado de alimentos en M\u00e9xico","datePublished":"2026-01-21T02:27:29+00:00","dateModified":"2026-01-21T06:40:21+00:00","mainEntityOfPage":{"@id":"https:\/\/esbozodeportivo.com\/index.php\/2026\/01\/20\/ciudadania-clave-para-fortalecer-el-etiquetado-de-alimentos-en-mexico\/"},"wordCount":468,"publisher":{"@id":"https:\/\/esbozodeportivo.com\/#organization"},"image":{"@id":"https:\/\/esbozodeportivo.com\/index.php\/2026\/01\/20\/ciudadania-clave-para-fortalecer-el-etiquetado-de-alimentos-en-mexico\/#primaryimage"},"thumbnailUrl":"https:\/\/esbozodeportivo.com\/wp-content\/uploads\/2026\/01\/DSC04768-scaled.jpg","articleSection":["SALUD"],"inLanguage":"es"},{"@type":"WebPage","@id":"https:\/\/esbozodeportivo.com\/index.php\/2026\/01\/20\/ciudadania-clave-para-fortalecer-el-etiquetado-de-alimentos-en-mexico\/","url":"https:\/\/esbozodeportivo.com\/index.php\/2026\/01\/20\/ciudadania-clave-para-fortalecer-el-etiquetado-de-alimentos-en-mexico\/","name":"Ciudadan\u00eda, clave para fortalecer el etiquetado de alimentos en M\u00e9xico - Esbozo Deportivo","isPartOf":{"@id":"https:\/\/esbozodeportivo.com\/#website"},"primaryImageOfPage":{"@id":"https:\/\/esbozodeportivo.com\/index.php\/2026\/01\/20\/ciudadania-clave-para-fortalecer-el-etiquetado-de-alimentos-en-mexico\/#primaryimage"},"image":{"@id":"https:\/\/esbozodeportivo.com\/index.php\/2026\/01\/20\/ciudadania-clave-para-fortalecer-el-etiquetado-de-alimentos-en-mexico\/#primaryimage"},"thumbnailUrl":"https:\/\/esbozodeportivo.com\/wp-content\/uploads\/2026\/01\/DSC04768-scaled.jpg","datePublished":"2026-01-21T02:27:29+00:00","dateModified":"2026-01-21T06:40:21+00:00","description":"La participaci\u00f3n activa de la ciudadan\u00eda ser\u00e1 determinante para fortalecer el etiquetado frontal de alimentos en M\u00e9xico, coincidieron especialistas durante una conferencia en la que se anunci\u00f3 la apertura del periodo de consulta p\u00fablica del Proyecto de Modificaci\u00f3n de la Norma Oficial Mexicana NOM-051, impulsada por la Alianza por la Salud Alimentaria.","breadcrumb":{"@id":"https:\/\/esbozodeportivo.com\/index.php\/2026\/01\/20\/ciudadania-clave-para-fortalecer-el-etiquetado-de-alimentos-en-mexico\/#breadcrumb"},"inLanguage":"es","potentialAction":[{"@type":"ReadAction","target":["https:\/\/esbozodeportivo.com\/index.php\/2026\/01\/20\/ciudadania-clave-para-fortalecer-el-etiquetado-de-alimentos-en-mexico\/"]}]},{"@type":"ImageObject","inLanguage":"es","@id":"https:\/\/esbozodeportivo.com\/index.php\/2026\/01\/20\/ciudadania-clave-para-fortalecer-el-etiquetado-de-alimentos-en-mexico\/#primaryimage","url":"https:\/\/esbozodeportivo.com\/wp-content\/uploads\/2026\/01\/DSC04768-scaled.jpg","contentUrl":"https:\/\/esbozodeportivo.com\/wp-content\/uploads\/2026\/01\/DSC04768-scaled.jpg","width":2560,"height":1704},{"@type":"BreadcrumbList","@id":"https:\/\/esbozodeportivo.com\/index.php\/2026\/01\/20\/ciudadania-clave-para-fortalecer-el-etiquetado-de-alimentos-en-mexico\/#breadcrumb","itemListElement":[{"@type":"ListItem","position":1,"name":"Inicio","item":"https:\/\/esbozodeportivo.com\/"},{"@type":"ListItem","position":2,"name":"Ciudadan\u00eda, clave para fortalecer el etiquetado de alimentos en M\u00e9xico"}]},{"@type":"WebSite","@id":"https:\/\/esbozodeportivo.com\/#website","url":"https:\/\/esbozodeportivo.com\/","name":"Esbozo Deportivo","description":"Lo m\u00e1s importante del Deporte","publisher":{"@id":"https:\/\/esbozodeportivo.com\/#organization"},"potentialAction":[{"@type":"SearchAction","target":{"@type":"EntryPoint","urlTemplate":"https:\/\/esbozodeportivo.com\/?s={search_term_string}"},"query-input":{"@type":"PropertyValueSpecification","valueRequired":true,"valueName":"search_term_string"}}],"inLanguage":"es"},{"@type":"Organization","@id":"https:\/\/esbozodeportivo.com\/#organization","name":"Esbozo Deportivo","url":"https:\/\/esbozodeportivo.com\/","logo":{"@type":"ImageObject","inLanguage":"es","@id":"https:\/\/esbozodeportivo.com\/#\/schema\/logo\/image\/","url":"https:\/\/esbozodeportivo.com\/wp-content\/uploads\/2022\/08\/cropped-Logo-Esbozo-Web-2.png","contentUrl":"https:\/\/esbozodeportivo.com\/wp-content\/uploads\/2022\/08\/cropped-Logo-Esbozo-Web-2.png","width":180,"height":50,"caption":"Esbozo Deportivo"},"image":{"@id":"https:\/\/esbozodeportivo.com\/#\/schema\/logo\/image\/"}},{"@type":"Person","@id":"https:\/\/esbozodeportivo.com\/#\/schema\/person\/0f6df9196dfe6740dd0bb31bae50d374","name":"Redacci\u00f3n","image":{"@type":"ImageObject","inLanguage":"es","@id":"https:\/\/esbozodeportivo.com\/#\/schema\/person\/image\/","url":"https:\/\/secure.gravatar.com\/avatar\/f55268a89c3b418f2ef172ff52ab0d09b3e653c58de29539fe329fb93d78ebf3?s=96&d=mm&r=g","contentUrl":"https:\/\/secure.gravatar.com\/avatar\/f55268a89c3b418f2ef172ff52ab0d09b3e653c58de29539fe329fb93d78ebf3?s=96&d=mm&r=g","caption":"Redacci\u00f3n"},"url":"https:\/\/esbozodeportivo.com\/index.php\/author\/redaccion\/"}]}},"jetpack_featured_media_url":"https:\/\/esbozodeportivo.com\/wp-content\/uploads\/2026\/01\/DSC04768-scaled.jpg","jetpack_sharing_enabled":true,"_links":{"self":[{"href":"https:\/\/esbozodeportivo.com\/index.php\/wp-json\/wp\/v2\/posts\/12486","targetHints":{"allow":["GET"]}}],"collection":[{"href":"https:\/\/esbozodeportivo.com\/index.php\/wp-json\/wp\/v2\/posts"}],"about":[{"href":"https:\/\/esbozodeportivo.com\/index.php\/wp-json\/wp\/v2\/types\/post"}],"author":[{"embeddable":true,"href":"https:\/\/esbozodeportivo.com\/index.php\/wp-json\/wp\/v2\/users\/4"}],"replies":[{"embeddable":true,"href":"https:\/\/esbozodeportivo.com\/index.php\/wp-json\/wp\/v2\/comments?post=12486"}],"version-history":[{"count":2,"href":"https:\/\/esbozodeportivo.com\/index.php\/wp-json\/wp\/v2\/posts\/12486\/revisions"}],"predecessor-version":[{"id":12511,"href":"https:\/\/esbozodeportivo.com\/index.php\/wp-json\/wp\/v2\/posts\/12486\/revisions\/12511"}],"wp:featuredmedia":[{"embeddable":true,"href":"https:\/\/esbozodeportivo.com\/index.php\/wp-json\/wp\/v2\/media\/12487"}],"wp:attachment":[{"href":"https:\/\/esbozodeportivo.com\/index.php\/wp-json\/wp\/v2\/media?parent=12486"}],"wp:term":[{"taxonomy":"category","embeddable":true,"href":"https:\/\/esbozodeportivo.com\/index.php\/wp-json\/wp\/v2\/categories?post=12486"},{"taxonomy":"post_tag","embeddable":true,"href":"https:\/\/esbozodeportivo.com\/index.php\/wp-json\/wp\/v2\/tags?post=12486"}],"curies":[{"name":"wp","href":"https:\/\/api.w.org\/{rel}","templated":true}]}}