{"id":1249,"date":"2023-02-14T05:28:00","date_gmt":"2023-02-14T05:28:00","guid":{"rendered":"https:\/\/esbozodeportivo.com\/?p=1249"},"modified":"2023-02-14T05:31:51","modified_gmt":"2023-02-14T05:31:51","slug":"daniela-campuzano-comienza-con-el-pie-derecho-el-nacional-de-ciclismo-de-montana","status":"publish","type":"post","link":"https:\/\/esbozodeportivo.com\/index.php\/2023\/02\/14\/daniela-campuzano-comienza-con-el-pie-derecho-el-nacional-de-ciclismo-de-montana\/","title":{"rendered":"Daniela Campuzano comienza con el pie derecho el Nacional de Ciclismo de Monta\u00f1a"},"content":{"rendered":"<style>\/*! elementor - v3.11.0 - 13-02-2023 *\/\n.elementor-widget-image{text-align:center}.elementor-widget-image a{display:inline-block}.elementor-widget-image a img[src$=\".svg\"]{width:48px}.elementor-widget-image img{vertical-align:middle;display:inline-block}<\/style>\n<p>\t\t\t\t\t\t\t\t\t\t\t\t<img decoding=\"async\" width=\"640\" height=\"374\" src=\"https:\/\/esbozodeportivo.com\/wp-content\/uploads\/2023\/02\/Campuzano-1.jpeg\" alt=\"\" loading=\"lazy\" srcset=\"https:\/\/esbozodeportivo.com\/wp-content\/uploads\/2023\/02\/Campuzano-1.jpeg 650w, https:\/\/esbozodeportivo.com\/wp-content\/uploads\/2023\/02\/Campuzano-1-300x175.jpeg 300w\" sizes=\"auto, (max-width: 640px) 100vw, 640px\" \/>\t\t\t\t\t\t\t\t\t\t\t\t\t\t\t<\/p>\n<p>(Foto: CONADE)<\/p>\n<p>(CONADE).- Luego de un comp\u00e1s de espera, la ol\u00edmpica de Tokio 2020, Daniela Campuzano Ch\u00e1vez Pe\u00f3n, impuso condiciones en la primera etapa de la Copa Nacional de Ciclismo de Monta\u00f1a, que tuvo lugar en Taxco, Guerrero; de esta manera comenz\u00f3 su proceso para ganarse un lugar al clasificatorio continental a los Juegos Ol\u00edmpicos Par\u00eds 2024.<\/p>\n<p>En los eventos de la Uni\u00f3n Ciclista Internacional (UCI), como en Puerto Rico, el pr\u00f3ximo mes de marzo y al Campeonato Panamericano de Ciclismo de Monta\u00f1a programado en Brasil, en abril, se dar\u00e1n los primeros lugares directos a Par\u00eds 2024, justas en las que se visualiza la pedalista mexicana.<\/p>\n<p>\u00a0\u00a0<\/p>\n<p>\t\t\t\t\t\t\t\t\t\t\t\t\t\t\t<img decoding=\"async\" width=\"640\" height=\"640\" src=\"https:\/\/esbozodeportivo.com\/wp-content\/uploads\/2023\/02\/Campuzano-4.jpeg\" alt=\"\" loading=\"lazy\" srcset=\"https:\/\/esbozodeportivo.com\/wp-content\/uploads\/2023\/02\/Campuzano-4.jpeg 960w, https:\/\/esbozodeportivo.com\/wp-content\/uploads\/2023\/02\/Campuzano-4-300x300.jpeg 300w, https:\/\/esbozodeportivo.com\/wp-content\/uploads\/2023\/02\/Campuzano-4-150x150.jpeg 150w, https:\/\/esbozodeportivo.com\/wp-content\/uploads\/2023\/02\/Campuzano-4-768x768.jpeg 768w\" sizes=\"auto, (max-width: 640px) 100vw, 640px\" \/>\t\t\t\t\t\t\t\t\t\t\t\t\t\t\t<\/p>\n<p>(Foto: CONADE)<\/p>\n<p>La Federaci\u00f3n Mexicana de Ciclismo (FMC) inform\u00f3 que tanto la hidalguense Daniela Campuzano, como el leon\u00e9s Jaime Miranda, quien tambi\u00e9n se agenci\u00f3 el sitio de honor en la justa de Taxco, son parte de los competidores que forman parte de proceso para los Juegos Centroamericanos y del Caribe San Salvador y Panamericanos Santiago 2023.<\/p>\n<p>Dio a conocer que la tambi\u00e9n monarca de Lima 2019 logr\u00f3 un buen paso en esta primera justa del a\u00f1o para arrancar su proceso centroamericano luego de terminar en el primer sitio con un crono de 1:21.38 horas, en la modalidad de Cross Country, esto \u00a0en una cerrada lucha con la jalisciense Ana Ruth Clark, quien ha dado un salto a la categor\u00eda elite, con un tiempo de 1:28.35.<\/p>\n<p>\t\t\t\t\t\t\t\t\t\t\t\t\t\t\t<img decoding=\"async\" width=\"640\" height=\"427\" src=\"https:\/\/esbozodeportivo.com\/wp-content\/uploads\/2023\/02\/Campuzano-3-1024x683.jpeg\" alt=\"\" loading=\"lazy\" srcset=\"https:\/\/esbozodeportivo.com\/wp-content\/uploads\/2023\/02\/Campuzano-3-1024x683.jpeg 1024w, https:\/\/esbozodeportivo.com\/wp-content\/uploads\/2023\/02\/Campuzano-3-300x200.jpeg 300w, https:\/\/esbozodeportivo.com\/wp-content\/uploads\/2023\/02\/Campuzano-3-768x512.jpeg 768w, https:\/\/esbozodeportivo.com\/wp-content\/uploads\/2023\/02\/Campuzano-3.jpeg 1440w\" sizes=\"auto, (max-width: 640px) 100vw, 640px\" \/>\t\t\t\t\t\t\t\t\t\t\t\t\t\t\t<\/p>\n<p>(Foto: CONADE)<\/p>\n<p>El tercer puesto correspondi\u00f3 a la chihuahuense, Elizabeth Dom\u00ednguez, con 1:34.04 horas; es una de las ciclistas que ha marcado un buen paso en el ciclo-monta\u00f1ismo del pa\u00eds y ha tomado parte en cert\u00e1menes continentales como en el Panamericano de a\u00f1o pasado en Argentina.<\/p>\n<p>En cuanto a la categor\u00eda Sub-23, la jalisciense Carolina Flores, quien en la Copa de Mundo MTB en Brasil, del a\u00f1o pasado, fue la ganadora al entrar a la meta con un crono de 1:27.29 horas, seguida de la queretana Citlalli Astrid Pe\u00f1a con 1:28.22 y de la tambi\u00e9n jalisciense Andrea Cerda con 1:30.41.<\/p>\n<p>\t\t\t\t\t\t\t\t\t\t\t\t\t\t\t<img decoding=\"async\" width=\"640\" height=\"480\" src=\"https:\/\/esbozodeportivo.com\/wp-content\/uploads\/2023\/02\/Campuzano-2-1024x768.jpeg\" alt=\"\" loading=\"lazy\" srcset=\"https:\/\/esbozodeportivo.com\/wp-content\/uploads\/2023\/02\/Campuzano-2-1024x768.jpeg 1024w, https:\/\/esbozodeportivo.com\/wp-content\/uploads\/2023\/02\/Campuzano-2-300x225.jpeg 300w, https:\/\/esbozodeportivo.com\/wp-content\/uploads\/2023\/02\/Campuzano-2-768x576.jpeg 768w, https:\/\/esbozodeportivo.com\/wp-content\/uploads\/2023\/02\/Campuzano-2-1536x1152.jpeg 1536w, https:\/\/esbozodeportivo.com\/wp-content\/uploads\/2023\/02\/Campuzano-2.jpeg 1600w\" sizes=\"auto, (max-width: 640px) 100vw, 640px\" \/>\t\t\t\t\t\t\t\t\t\t\t\t\t\t\t<\/p>\n<p>(Foto: CONADE)<\/p>\n<p style=\"background: white; margin: 12.0pt 0cm .0001pt 0cm;\">Mientras que en el sector masculino Elite, el ganador fue el guanajuatense Jaime Miranda, con un crono de 1:28.20 horas; en segundo entr\u00f3 el jalisciense, Ricardo Estrada, con 1:28.48; en tercero lo hizo el duranguense Miguel \u00c1ngel Guti\u00e9rrez con 1:29.02.<\/p>\n<p style=\"background: white; margin: 12.0pt 0cm .0001pt 0cm;\">Y en la Sub-23, el sitio de honor fue para Iv\u00e1n Aguilar, con 1:25.50 horas, con lo que dej\u00f3 en segundo al jalisciense, Emiliano Berumen, con 1:28.00; en tercero y cuarto quedaron los hermanos originarios de Aguascalientes, Jos\u00e9 Juan y Jos\u00e9 Antonio Prieto de Luna, con 1:33.36 y 1:34.45 de manera respectiva.<\/p>\n","protected":false},"excerpt":{"rendered":"<p>(Foto: CONADE) (CONADE).- Luego de un comp\u00e1s de espera, la ol\u00edmpica de Tokio 2020, Daniela<\/p>\n","protected":false},"author":2,"featured_media":0,"comment_status":"open","ping_status":"open","sticky":false,"template":"","format":"standard","meta":{"_jetpack_memberships_contains_paid_content":false,"footnotes":""},"categories":[5],"tags":[],"class_list":["post-1249","post","type-post","status-publish","format-standard","hentry","category-amateur"],"yoast_head":"<!-- This site is optimized with the Yoast SEO plugin v25.7 - https:\/\/yoast.com\/wordpress\/plugins\/seo\/ -->\n<title>Daniela Campuzano comienza con el pie derecho el Nacional de Ciclismo de Monta\u00f1a - Esbozo Deportivo<\/title>\n<meta name=\"robots\" content=\"index, follow, max-snippet:-1, max-image-preview:large, max-video-preview:-1\" \/>\n<link rel=\"canonical\" href=\"https:\/\/esbozodeportivo.com\/index.php\/2023\/02\/14\/daniela-campuzano-comienza-con-el-pie-derecho-el-nacional-de-ciclismo-de-montana\/\" \/>\n<meta property=\"og:locale\" content=\"es_MX\" \/>\n<meta property=\"og:type\" content=\"article\" \/>\n<meta property=\"og:title\" content=\"Daniela Campuzano comienza con el pie derecho el Nacional de Ciclismo de Monta\u00f1a - Esbozo Deportivo\" \/>\n<meta property=\"og:description\" content=\"(Foto: CONADE) (CONADE).- Luego de un comp\u00e1s de espera, la ol\u00edmpica de Tokio 2020, Daniela\" \/>\n<meta property=\"og:url\" content=\"https:\/\/esbozodeportivo.com\/index.php\/2023\/02\/14\/daniela-campuzano-comienza-con-el-pie-derecho-el-nacional-de-ciclismo-de-montana\/\" \/>\n<meta property=\"og:site_name\" content=\"Esbozo Deportivo\" \/>\n<meta property=\"article:published_time\" content=\"2023-02-14T05:28:00+00:00\" \/>\n<meta property=\"article:modified_time\" content=\"2023-02-14T05:31:51+00:00\" \/>\n<meta property=\"og:image\" content=\"https:\/\/esbozodeportivo.com\/wp-content\/uploads\/2023\/02\/Campuzano-1.jpeg\" \/>\n<meta name=\"author\" content=\"Javier De La Cruz\" \/>\n<meta name=\"twitter:card\" content=\"summary_large_image\" \/>\n<meta name=\"twitter:label1\" content=\"Escrito por\" \/>\n\t<meta name=\"twitter:data1\" content=\"Javier De La Cruz\" \/>\n\t<meta name=\"twitter:label2\" content=\"Tiempo de lectura\" \/>\n\t<meta name=\"twitter:data2\" content=\"2 minutos\" \/>\n<script type=\"application\/ld+json\" class=\"yoast-schema-graph\">{\"@context\":\"https:\/\/schema.org\",\"@graph\":[{\"@type\":\"Article\",\"@id\":\"https:\/\/esbozodeportivo.com\/index.php\/2023\/02\/14\/daniela-campuzano-comienza-con-el-pie-derecho-el-nacional-de-ciclismo-de-montana\/#article\",\"isPartOf\":{\"@id\":\"https:\/\/esbozodeportivo.com\/index.php\/2023\/02\/14\/daniela-campuzano-comienza-con-el-pie-derecho-el-nacional-de-ciclismo-de-montana\/\"},\"author\":{\"name\":\"Javier De La Cruz\",\"@id\":\"https:\/\/esbozodeportivo.com\/#\/schema\/person\/7277119c98823aec37bbb84e125efd44\"},\"headline\":\"Daniela Campuzano comienza con el pie derecho el Nacional de Ciclismo de Monta\u00f1a\",\"datePublished\":\"2023-02-14T05:28:00+00:00\",\"dateModified\":\"2023-02-14T05:31:51+00:00\",\"mainEntityOfPage\":{\"@id\":\"https:\/\/esbozodeportivo.com\/index.php\/2023\/02\/14\/daniela-campuzano-comienza-con-el-pie-derecho-el-nacional-de-ciclismo-de-montana\/\"},\"wordCount\":451,\"commentCount\":0,\"publisher\":{\"@id\":\"https:\/\/esbozodeportivo.com\/#organization\"},\"image\":{\"@id\":\"https:\/\/esbozodeportivo.com\/index.php\/2023\/02\/14\/daniela-campuzano-comienza-con-el-pie-derecho-el-nacional-de-ciclismo-de-montana\/#primaryimage\"},\"thumbnailUrl\":\"https:\/\/esbozodeportivo.com\/wp-content\/uploads\/2023\/02\/Campuzano-1.jpeg\",\"articleSection\":[\"Amateur\"],\"inLanguage\":\"es\",\"potentialAction\":[{\"@type\":\"CommentAction\",\"name\":\"Comment\",\"target\":[\"https:\/\/esbozodeportivo.com\/index.php\/2023\/02\/14\/daniela-campuzano-comienza-con-el-pie-derecho-el-nacional-de-ciclismo-de-montana\/#respond\"]}]},{\"@type\":\"WebPage\",\"@id\":\"https:\/\/esbozodeportivo.com\/index.php\/2023\/02\/14\/daniela-campuzano-comienza-con-el-pie-derecho-el-nacional-de-ciclismo-de-montana\/\",\"url\":\"https:\/\/esbozodeportivo.com\/index.php\/2023\/02\/14\/daniela-campuzano-comienza-con-el-pie-derecho-el-nacional-de-ciclismo-de-montana\/\",\"name\":\"Daniela Campuzano comienza con el pie derecho el Nacional de Ciclismo de Monta\u00f1a - Esbozo Deportivo\",\"isPartOf\":{\"@id\":\"https:\/\/esbozodeportivo.com\/#website\"},\"primaryImageOfPage\":{\"@id\":\"https:\/\/esbozodeportivo.com\/index.php\/2023\/02\/14\/daniela-campuzano-comienza-con-el-pie-derecho-el-nacional-de-ciclismo-de-montana\/#primaryimage\"},\"image\":{\"@id\":\"https:\/\/esbozodeportivo.com\/index.php\/2023\/02\/14\/daniela-campuzano-comienza-con-el-pie-derecho-el-nacional-de-ciclismo-de-montana\/#primaryimage\"},\"thumbnailUrl\":\"https:\/\/esbozodeportivo.com\/wp-content\/uploads\/2023\/02\/Campuzano-1.jpeg\",\"datePublished\":\"2023-02-14T05:28:00+00:00\",\"dateModified\":\"2023-02-14T05:31:51+00:00\",\"breadcrumb\":{\"@id\":\"https:\/\/esbozodeportivo.com\/index.php\/2023\/02\/14\/daniela-campuzano-comienza-con-el-pie-derecho-el-nacional-de-ciclismo-de-montana\/#breadcrumb\"},\"inLanguage\":\"es\",\"potentialAction\":[{\"@type\":\"ReadAction\",\"target\":[\"https:\/\/esbozodeportivo.com\/index.php\/2023\/02\/14\/daniela-campuzano-comienza-con-el-pie-derecho-el-nacional-de-ciclismo-de-montana\/\"]}]},{\"@type\":\"ImageObject\",\"inLanguage\":\"es\",\"@id\":\"https:\/\/esbozodeportivo.com\/index.php\/2023\/02\/14\/daniela-campuzano-comienza-con-el-pie-derecho-el-nacional-de-ciclismo-de-montana\/#primaryimage\",\"url\":\"https:\/\/esbozodeportivo.com\/wp-content\/uploads\/2023\/02\/Campuzano-1.jpeg\",\"contentUrl\":\"https:\/\/esbozodeportivo.com\/wp-content\/uploads\/2023\/02\/Campuzano-1.jpeg\",\"width\":650,\"height\":380},{\"@type\":\"BreadcrumbList\",\"@id\":\"https:\/\/esbozodeportivo.com\/index.php\/2023\/02\/14\/daniela-campuzano-comienza-con-el-pie-derecho-el-nacional-de-ciclismo-de-montana\/#breadcrumb\",\"itemListElement\":[{\"@type\":\"ListItem\",\"position\":1,\"name\":\"Inicio\",\"item\":\"https:\/\/esbozodeportivo.com\/\"},{\"@type\":\"ListItem\",\"position\":2,\"name\":\"Daniela Campuzano comienza con el pie derecho el Nacional de Ciclismo de Monta\u00f1a\"}]},{\"@type\":\"WebSite\",\"@id\":\"https:\/\/esbozodeportivo.com\/#website\",\"url\":\"https:\/\/esbozodeportivo.com\/\",\"name\":\"Esbozo Deportivo\",\"description\":\"Lo m\u00e1s importante del Deporte\",\"publisher\":{\"@id\":\"https:\/\/esbozodeportivo.com\/#organization\"},\"potentialAction\":[{\"@type\":\"SearchAction\",\"target\":{\"@type\":\"EntryPoint\",\"urlTemplate\":\"https:\/\/esbozodeportivo.com\/?s={search_term_string}\"},\"query-input\":{\"@type\":\"PropertyValueSpecification\",\"valueRequired\":true,\"valueName\":\"search_term_string\"}}],\"inLanguage\":\"es\"},{\"@type\":\"Organization\",\"@id\":\"https:\/\/esbozodeportivo.com\/#organization\",\"name\":\"Esbozo Deportivo\",\"url\":\"https:\/\/esbozodeportivo.com\/\",\"logo\":{\"@type\":\"ImageObject\",\"inLanguage\":\"es\",\"@id\":\"https:\/\/esbozodeportivo.com\/#\/schema\/logo\/image\/\",\"url\":\"https:\/\/esbozodeportivo.com\/wp-content\/uploads\/2022\/08\/cropped-Logo-Esbozo-Web-2.png\",\"contentUrl\":\"https:\/\/esbozodeportivo.com\/wp-content\/uploads\/2022\/08\/cropped-Logo-Esbozo-Web-2.png\",\"width\":180,\"height\":50,\"caption\":\"Esbozo Deportivo\"},\"image\":{\"@id\":\"https:\/\/esbozodeportivo.com\/#\/schema\/logo\/image\/\"}},{\"@type\":\"Person\",\"@id\":\"https:\/\/esbozodeportivo.com\/#\/schema\/person\/7277119c98823aec37bbb84e125efd44\",\"name\":\"Javier De La Cruz\",\"image\":{\"@type\":\"ImageObject\",\"inLanguage\":\"es\",\"@id\":\"https:\/\/esbozodeportivo.com\/#\/schema\/person\/image\/\",\"url\":\"https:\/\/secure.gravatar.com\/avatar\/366235a56d20f1a6e8e3d0b295897639357bea880470ddf261d17bb0bc052eb1?s=96&d=mm&r=g\",\"contentUrl\":\"https:\/\/secure.gravatar.com\/avatar\/366235a56d20f1a6e8e3d0b295897639357bea880470ddf261d17bb0bc052eb1?s=96&d=mm&r=g\",\"caption\":\"Javier De La Cruz\"},\"url\":\"https:\/\/esbozodeportivo.com\/index.php\/author\/javier-de-la-cruz-de-la-cruz\/\"}]}<\/script>\n<!-- \/ Yoast SEO plugin. -->","yoast_head_json":{"title":"Daniela Campuzano comienza con el pie derecho el Nacional de Ciclismo de Monta\u00f1a - Esbozo Deportivo","robots":{"index":"index","follow":"follow","max-snippet":"max-snippet:-1","max-image-preview":"max-image-preview:large","max-video-preview":"max-video-preview:-1"},"canonical":"https:\/\/esbozodeportivo.com\/index.php\/2023\/02\/14\/daniela-campuzano-comienza-con-el-pie-derecho-el-nacional-de-ciclismo-de-montana\/","og_locale":"es_MX","og_type":"article","og_title":"Daniela Campuzano comienza con el pie derecho el Nacional de Ciclismo de Monta\u00f1a - Esbozo Deportivo","og_description":"(Foto: CONADE) (CONADE).- Luego de un comp\u00e1s de espera, la ol\u00edmpica de Tokio 2020, Daniela","og_url":"https:\/\/esbozodeportivo.com\/index.php\/2023\/02\/14\/daniela-campuzano-comienza-con-el-pie-derecho-el-nacional-de-ciclismo-de-montana\/","og_site_name":"Esbozo Deportivo","article_published_time":"2023-02-14T05:28:00+00:00","article_modified_time":"2023-02-14T05:31:51+00:00","og_image":[{"url":"https:\/\/esbozodeportivo.com\/wp-content\/uploads\/2023\/02\/Campuzano-1.jpeg","type":"","width":"","height":""}],"author":"Javier De La Cruz","twitter_card":"summary_large_image","twitter_misc":{"Escrito por":"Javier De La Cruz","Tiempo de lectura":"2 minutos"},"schema":{"@context":"https:\/\/schema.org","@graph":[{"@type":"Article","@id":"https:\/\/esbozodeportivo.com\/index.php\/2023\/02\/14\/daniela-campuzano-comienza-con-el-pie-derecho-el-nacional-de-ciclismo-de-montana\/#article","isPartOf":{"@id":"https:\/\/esbozodeportivo.com\/index.php\/2023\/02\/14\/daniela-campuzano-comienza-con-el-pie-derecho-el-nacional-de-ciclismo-de-montana\/"},"author":{"name":"Javier De La Cruz","@id":"https:\/\/esbozodeportivo.com\/#\/schema\/person\/7277119c98823aec37bbb84e125efd44"},"headline":"Daniela Campuzano comienza con el pie derecho el Nacional de Ciclismo de Monta\u00f1a","datePublished":"2023-02-14T05:28:00+00:00","dateModified":"2023-02-14T05:31:51+00:00","mainEntityOfPage":{"@id":"https:\/\/esbozodeportivo.com\/index.php\/2023\/02\/14\/daniela-campuzano-comienza-con-el-pie-derecho-el-nacional-de-ciclismo-de-montana\/"},"wordCount":451,"commentCount":0,"publisher":{"@id":"https:\/\/esbozodeportivo.com\/#organization"},"image":{"@id":"https:\/\/esbozodeportivo.com\/index.php\/2023\/02\/14\/daniela-campuzano-comienza-con-el-pie-derecho-el-nacional-de-ciclismo-de-montana\/#primaryimage"},"thumbnailUrl":"https:\/\/esbozodeportivo.com\/wp-content\/uploads\/2023\/02\/Campuzano-1.jpeg","articleSection":["Amateur"],"inLanguage":"es","potentialAction":[{"@type":"CommentAction","name":"Comment","target":["https:\/\/esbozodeportivo.com\/index.php\/2023\/02\/14\/daniela-campuzano-comienza-con-el-pie-derecho-el-nacional-de-ciclismo-de-montana\/#respond"]}]},{"@type":"WebPage","@id":"https:\/\/esbozodeportivo.com\/index.php\/2023\/02\/14\/daniela-campuzano-comienza-con-el-pie-derecho-el-nacional-de-ciclismo-de-montana\/","url":"https:\/\/esbozodeportivo.com\/index.php\/2023\/02\/14\/daniela-campuzano-comienza-con-el-pie-derecho-el-nacional-de-ciclismo-de-montana\/","name":"Daniela Campuzano comienza con el pie derecho el Nacional de Ciclismo de Monta\u00f1a - Esbozo Deportivo","isPartOf":{"@id":"https:\/\/esbozodeportivo.com\/#website"},"primaryImageOfPage":{"@id":"https:\/\/esbozodeportivo.com\/index.php\/2023\/02\/14\/daniela-campuzano-comienza-con-el-pie-derecho-el-nacional-de-ciclismo-de-montana\/#primaryimage"},"image":{"@id":"https:\/\/esbozodeportivo.com\/index.php\/2023\/02\/14\/daniela-campuzano-comienza-con-el-pie-derecho-el-nacional-de-ciclismo-de-montana\/#primaryimage"},"thumbnailUrl":"https:\/\/esbozodeportivo.com\/wp-content\/uploads\/2023\/02\/Campuzano-1.jpeg","datePublished":"2023-02-14T05:28:00+00:00","dateModified":"2023-02-14T05:31:51+00:00","breadcrumb":{"@id":"https:\/\/esbozodeportivo.com\/index.php\/2023\/02\/14\/daniela-campuzano-comienza-con-el-pie-derecho-el-nacional-de-ciclismo-de-montana\/#breadcrumb"},"inLanguage":"es","potentialAction":[{"@type":"ReadAction","target":["https:\/\/esbozodeportivo.com\/index.php\/2023\/02\/14\/daniela-campuzano-comienza-con-el-pie-derecho-el-nacional-de-ciclismo-de-montana\/"]}]},{"@type":"ImageObject","inLanguage":"es","@id":"https:\/\/esbozodeportivo.com\/index.php\/2023\/02\/14\/daniela-campuzano-comienza-con-el-pie-derecho-el-nacional-de-ciclismo-de-montana\/#primaryimage","url":"https:\/\/esbozodeportivo.com\/wp-content\/uploads\/2023\/02\/Campuzano-1.jpeg","contentUrl":"https:\/\/esbozodeportivo.com\/wp-content\/uploads\/2023\/02\/Campuzano-1.jpeg","width":650,"height":380},{"@type":"BreadcrumbList","@id":"https:\/\/esbozodeportivo.com\/index.php\/2023\/02\/14\/daniela-campuzano-comienza-con-el-pie-derecho-el-nacional-de-ciclismo-de-montana\/#breadcrumb","itemListElement":[{"@type":"ListItem","position":1,"name":"Inicio","item":"https:\/\/esbozodeportivo.com\/"},{"@type":"ListItem","position":2,"name":"Daniela Campuzano comienza con el pie derecho el Nacional de Ciclismo de Monta\u00f1a"}]},{"@type":"WebSite","@id":"https:\/\/esbozodeportivo.com\/#website","url":"https:\/\/esbozodeportivo.com\/","name":"Esbozo Deportivo","description":"Lo m\u00e1s importante del Deporte","publisher":{"@id":"https:\/\/esbozodeportivo.com\/#organization"},"potentialAction":[{"@type":"SearchAction","target":{"@type":"EntryPoint","urlTemplate":"https:\/\/esbozodeportivo.com\/?s={search_term_string}"},"query-input":{"@type":"PropertyValueSpecification","valueRequired":true,"valueName":"search_term_string"}}],"inLanguage":"es"},{"@type":"Organization","@id":"https:\/\/esbozodeportivo.com\/#organization","name":"Esbozo Deportivo","url":"https:\/\/esbozodeportivo.com\/","logo":{"@type":"ImageObject","inLanguage":"es","@id":"https:\/\/esbozodeportivo.com\/#\/schema\/logo\/image\/","url":"https:\/\/esbozodeportivo.com\/wp-content\/uploads\/2022\/08\/cropped-Logo-Esbozo-Web-2.png","contentUrl":"https:\/\/esbozodeportivo.com\/wp-content\/uploads\/2022\/08\/cropped-Logo-Esbozo-Web-2.png","width":180,"height":50,"caption":"Esbozo Deportivo"},"image":{"@id":"https:\/\/esbozodeportivo.com\/#\/schema\/logo\/image\/"}},{"@type":"Person","@id":"https:\/\/esbozodeportivo.com\/#\/schema\/person\/7277119c98823aec37bbb84e125efd44","name":"Javier De La Cruz","image":{"@type":"ImageObject","inLanguage":"es","@id":"https:\/\/esbozodeportivo.com\/#\/schema\/person\/image\/","url":"https:\/\/secure.gravatar.com\/avatar\/366235a56d20f1a6e8e3d0b295897639357bea880470ddf261d17bb0bc052eb1?s=96&d=mm&r=g","contentUrl":"https:\/\/secure.gravatar.com\/avatar\/366235a56d20f1a6e8e3d0b295897639357bea880470ddf261d17bb0bc052eb1?s=96&d=mm&r=g","caption":"Javier De La Cruz"},"url":"https:\/\/esbozodeportivo.com\/index.php\/author\/javier-de-la-cruz-de-la-cruz\/"}]}},"jetpack_featured_media_url":"","jetpack_sharing_enabled":true,"_links":{"self":[{"href":"https:\/\/esbozodeportivo.com\/index.php\/wp-json\/wp\/v2\/posts\/1249","targetHints":{"allow":["GET"]}}],"collection":[{"href":"https:\/\/esbozodeportivo.com\/index.php\/wp-json\/wp\/v2\/posts"}],"about":[{"href":"https:\/\/esbozodeportivo.com\/index.php\/wp-json\/wp\/v2\/types\/post"}],"author":[{"embeddable":true,"href":"https:\/\/esbozodeportivo.com\/index.php\/wp-json\/wp\/v2\/users\/2"}],"replies":[{"embeddable":true,"href":"https:\/\/esbozodeportivo.com\/index.php\/wp-json\/wp\/v2\/comments?post=1249"}],"version-history":[{"count":4,"href":"https:\/\/esbozodeportivo.com\/index.php\/wp-json\/wp\/v2\/posts\/1249\/revisions"}],"predecessor-version":[{"id":1253,"href":"https:\/\/esbozodeportivo.com\/index.php\/wp-json\/wp\/v2\/posts\/1249\/revisions\/1253"}],"wp:attachment":[{"href":"https:\/\/esbozodeportivo.com\/index.php\/wp-json\/wp\/v2\/media?parent=1249"}],"wp:term":[{"taxonomy":"category","embeddable":true,"href":"https:\/\/esbozodeportivo.com\/index.php\/wp-json\/wp\/v2\/categories?post=1249"},{"taxonomy":"post_tag","embeddable":true,"href":"https:\/\/esbozodeportivo.com\/index.php\/wp-json\/wp\/v2\/tags?post=1249"}],"curies":[{"name":"wp","href":"https:\/\/api.w.org\/{rel}","templated":true}]}}