{"id":12506,"date":"2026-01-21T00:33:18","date_gmt":"2026-01-21T06:33:18","guid":{"rendered":"https:\/\/esbozodeportivo.com\/?p=12506"},"modified":"2026-01-21T00:33:20","modified_gmt":"2026-01-21T06:33:20","slug":"jimmy-butler-se-pierde-la-temporada","status":"publish","type":"post","link":"https:\/\/esbozodeportivo.com\/index.php\/2026\/01\/21\/jimmy-butler-se-pierde-la-temporada\/","title":{"rendered":"Jimmy Butler se pierde la temporada"},"content":{"rendered":"\n<p>Foto: (Agencias)<\/p>\n\n\n\n<p>Jimmy Butler se rompi\u00f3 el ligamento cruzado anterior en su rodilla derecha durante el tercer cuarto de una victoria de los Warriors de Golden por 135-112 contra el Heat de Miami, su antiguo equipo, la noche del lunes, seg\u00fan inform\u00f3 a The Associated Press una persona con conocimiento de la lesi\u00f3n.<\/p>\n\n\n\n<p>La persona habl\u00f3 bajo condici\u00f3n de anonimato porque los Warriors a\u00fan no han divulgado p\u00fablicamente los resultados de un examen de resonancia magn\u00e9tica y no planeaban hacerlo hasta m\u00e1s tarde el martes. ESPN y The Athletic informaron anteriormente el mismo diagn\u00f3stico de rotura del ligamento cruzado anterior.<\/p>\n\n\n\n<p>Butler se lesion\u00f3 momentos despu\u00e9s de recibir un pase en la pintura cuando cay\u00f3 de manera brusca y torpe tras una colisi\u00f3n con Davion Mitchell del Heat, quien fue sancionado con una falta. Despu\u00e9s de la jugada, Butler pidi\u00f3 dos tiros libres, una se\u00f1al positiva para el entrenador Steve Kerr de que su \u00e1nimo estaba bien.<\/p>\n\n\n\n<p>Las noticias no fueron buenas, y ahora Golden State \u2014con aproximadamente dos semanas hasta la fecha l\u00edmite de cambios\u2014 tendr\u00e1 que tomar decisiones sobre c\u00f3mo enfrentar el resto de la temporada sin Butler.<\/p>\n\n\n\n<p>La rodilla de Butler se dobl\u00f3 al aterrizar. Hizo una mueca y se agarr\u00f3 la rodilla mientras permanec\u00eda en el suelo durante un par de minutos. Necesit\u00f3 que sus compa\u00f1eros Gary Payton II y Buddy Hield lo escoltaran fuera de la cancha y al vestuario despu\u00e9s de la ca\u00edda en el lado ofensivo de los Warriors. Cuando finalmente se levant\u00f3 con ayuda, no pudo poner presi\u00f3n sobre su rodilla.<\/p>\n\n\n\n<p>\u201cEs algo que no hab\u00edas visto antes, usualmente esperas que se levante e incluso si no puede terminar el juego, simplemente salga de la l\u00ednea lateral\u201d, dijo su compa\u00f1ero Stephen Curry. \u201cNada m\u00e1s le dije que se tomara su tiempo y averiguara qu\u00e9 necesitaba en ese momento. Es algo gracioso que todav\u00eda estaba haciendo bromas mientras estaba en el suelo, al m\u00e1s puro estilo de Jimmy\u201d.<\/p>\n\n\n\n<p>\u201cSiempre va a pasar un buen rato sin importar la situaci\u00f3n\u201d, agreg\u00f3. \u201cMe encanta esa perspectiva y esa parte de su personalidad, incluso en el peor de los momentos sigue pas\u00e1ndola bien. Estaba tratando de llegar a la l\u00ednea de tiros libres, dijo que eran dos tiros\u201d.<\/p>\n\n\n\n<p>En poco menos de 21 minutos, Butler anot\u00f3 17 puntos con seis de 11 en tiros, cuatro asistencias y tres rebotes. Es el segundo m\u00e1ximo anotador de Golden State detr\u00e1s de Curry, promediando 20,1 puntos, 5,6 rebotes y 4,9 asistencias al comenzar la semana.<\/p>\n\n\n\n<p>\u201cEs un jugador alfa\u201d, dijo Kerr. \u201cTiene esa presencia, pero tambi\u00e9n tiene ese juego donde podemos jugar a trav\u00e9s de \u00e9l posesi\u00f3n tras posesi\u00f3n. As\u00ed que, asumiendo que estaremos sin \u00e9l por un tiempo, lo vamos a extra\u00f1ar, tenemos muchos jugadores que pueden jugar y estamos mostrando nuestra profundidad ahora mismo\u201d.<\/p>\n\n\n\n<p><\/p>\n","protected":false},"excerpt":{"rendered":"<p>Foto: (Agencias) Jimmy Butler se rompi\u00f3 el ligamento cruzado anterior en su rodilla derecha durante<\/p>\n","protected":false},"author":4,"featured_media":12497,"comment_status":"closed","ping_status":"open","sticky":false,"template":"","format":"standard","meta":{"_jetpack_memberships_contains_paid_content":false,"footnotes":""},"categories":[21],"tags":[],"class_list":["post-12506","post","type-post","status-publish","format-standard","has-post-thumbnail","hentry","category-baloncesto"],"yoast_head":"<!-- This site is optimized with the Yoast SEO plugin v25.7 - https:\/\/yoast.com\/wordpress\/plugins\/seo\/ -->\n<title>Jimmy Butler se pierde la temporada - Esbozo Deportivo<\/title>\n<meta name=\"description\" content=\"Jimmy Butler se rompi\u00f3 el ligamento cruzado anterior en su rodilla derecha durante el tercer cuarto de una victoria de los Warriors de Golden por 135-112 contra el Heat de Miami, su antiguo equipo, la noche del lunes, seg\u00fan inform\u00f3 a The Associated Press una persona con conocimiento de la lesi\u00f3n.\" \/>\n<meta name=\"robots\" content=\"index, follow, max-snippet:-1, max-image-preview:large, max-video-preview:-1\" \/>\n<link rel=\"canonical\" href=\"https:\/\/esbozodeportivo.com\/index.php\/2026\/01\/21\/jimmy-butler-se-pierde-la-temporada\/\" \/>\n<meta property=\"og:locale\" content=\"es_MX\" \/>\n<meta property=\"og:type\" content=\"article\" \/>\n<meta property=\"og:title\" content=\"Jimmy Butler se pierde la temporada - Esbozo Deportivo\" \/>\n<meta property=\"og:description\" content=\"Jimmy Butler se rompi\u00f3 el ligamento cruzado anterior en su rodilla derecha durante el tercer cuarto de una victoria de los Warriors de Golden por 135-112 contra el Heat de Miami, su antiguo equipo, la noche del lunes, seg\u00fan inform\u00f3 a The Associated Press una persona con conocimiento de la lesi\u00f3n.\" \/>\n<meta property=\"og:url\" content=\"https:\/\/esbozodeportivo.com\/index.php\/2026\/01\/21\/jimmy-butler-se-pierde-la-temporada\/\" \/>\n<meta property=\"og:site_name\" content=\"Esbozo Deportivo\" \/>\n<meta property=\"article:published_time\" content=\"2026-01-21T06:33:18+00:00\" \/>\n<meta property=\"article:modified_time\" content=\"2026-01-21T06:33:20+00:00\" \/>\n<meta property=\"og:image\" content=\"https:\/\/esbozodeportivo.com\/wp-content\/uploads\/2026\/01\/71962504-2bc4-4fa2-ad4e-bfb606eb598d.jpg\" \/>\n\t<meta property=\"og:image:width\" content=\"980\" \/>\n\t<meta property=\"og:image:height\" content=\"653\" \/>\n\t<meta property=\"og:image:type\" content=\"image\/jpeg\" \/>\n<meta name=\"author\" content=\"Redacci\u00f3n\" \/>\n<meta name=\"twitter:card\" content=\"summary_large_image\" \/>\n<meta name=\"twitter:label1\" content=\"Escrito por\" \/>\n\t<meta name=\"twitter:data1\" content=\"Redacci\u00f3n\" \/>\n\t<meta name=\"twitter:label2\" content=\"Tiempo de lectura\" \/>\n\t<meta name=\"twitter:data2\" content=\"3 minutos\" \/>\n<script type=\"application\/ld+json\" class=\"yoast-schema-graph\">{\"@context\":\"https:\/\/schema.org\",\"@graph\":[{\"@type\":\"Article\",\"@id\":\"https:\/\/esbozodeportivo.com\/index.php\/2026\/01\/21\/jimmy-butler-se-pierde-la-temporada\/#article\",\"isPartOf\":{\"@id\":\"https:\/\/esbozodeportivo.com\/index.php\/2026\/01\/21\/jimmy-butler-se-pierde-la-temporada\/\"},\"author\":{\"name\":\"Redacci\u00f3n\",\"@id\":\"https:\/\/esbozodeportivo.com\/#\/schema\/person\/0f6df9196dfe6740dd0bb31bae50d374\"},\"headline\":\"Jimmy Butler se pierde la temporada\",\"datePublished\":\"2026-01-21T06:33:18+00:00\",\"dateModified\":\"2026-01-21T06:33:20+00:00\",\"mainEntityOfPage\":{\"@id\":\"https:\/\/esbozodeportivo.com\/index.php\/2026\/01\/21\/jimmy-butler-se-pierde-la-temporada\/\"},\"wordCount\":501,\"publisher\":{\"@id\":\"https:\/\/esbozodeportivo.com\/#organization\"},\"image\":{\"@id\":\"https:\/\/esbozodeportivo.com\/index.php\/2026\/01\/21\/jimmy-butler-se-pierde-la-temporada\/#primaryimage\"},\"thumbnailUrl\":\"https:\/\/esbozodeportivo.com\/wp-content\/uploads\/2026\/01\/71962504-2bc4-4fa2-ad4e-bfb606eb598d.jpg\",\"articleSection\":[\"NBA\"],\"inLanguage\":\"es\"},{\"@type\":\"WebPage\",\"@id\":\"https:\/\/esbozodeportivo.com\/index.php\/2026\/01\/21\/jimmy-butler-se-pierde-la-temporada\/\",\"url\":\"https:\/\/esbozodeportivo.com\/index.php\/2026\/01\/21\/jimmy-butler-se-pierde-la-temporada\/\",\"name\":\"Jimmy Butler se pierde la temporada - Esbozo Deportivo\",\"isPartOf\":{\"@id\":\"https:\/\/esbozodeportivo.com\/#website\"},\"primaryImageOfPage\":{\"@id\":\"https:\/\/esbozodeportivo.com\/index.php\/2026\/01\/21\/jimmy-butler-se-pierde-la-temporada\/#primaryimage\"},\"image\":{\"@id\":\"https:\/\/esbozodeportivo.com\/index.php\/2026\/01\/21\/jimmy-butler-se-pierde-la-temporada\/#primaryimage\"},\"thumbnailUrl\":\"https:\/\/esbozodeportivo.com\/wp-content\/uploads\/2026\/01\/71962504-2bc4-4fa2-ad4e-bfb606eb598d.jpg\",\"datePublished\":\"2026-01-21T06:33:18+00:00\",\"dateModified\":\"2026-01-21T06:33:20+00:00\",\"description\":\"Jimmy Butler se rompi\u00f3 el ligamento cruzado anterior en su rodilla derecha durante el tercer cuarto de una victoria de los Warriors de Golden por 135-112 contra el Heat de Miami, su antiguo equipo, la noche del lunes, seg\u00fan inform\u00f3 a The Associated Press una persona con conocimiento de la lesi\u00f3n.\",\"breadcrumb\":{\"@id\":\"https:\/\/esbozodeportivo.com\/index.php\/2026\/01\/21\/jimmy-butler-se-pierde-la-temporada\/#breadcrumb\"},\"inLanguage\":\"es\",\"potentialAction\":[{\"@type\":\"ReadAction\",\"target\":[\"https:\/\/esbozodeportivo.com\/index.php\/2026\/01\/21\/jimmy-butler-se-pierde-la-temporada\/\"]}]},{\"@type\":\"ImageObject\",\"inLanguage\":\"es\",\"@id\":\"https:\/\/esbozodeportivo.com\/index.php\/2026\/01\/21\/jimmy-butler-se-pierde-la-temporada\/#primaryimage\",\"url\":\"https:\/\/esbozodeportivo.com\/wp-content\/uploads\/2026\/01\/71962504-2bc4-4fa2-ad4e-bfb606eb598d.jpg\",\"contentUrl\":\"https:\/\/esbozodeportivo.com\/wp-content\/uploads\/2026\/01\/71962504-2bc4-4fa2-ad4e-bfb606eb598d.jpg\",\"width\":980,\"height\":653},{\"@type\":\"BreadcrumbList\",\"@id\":\"https:\/\/esbozodeportivo.com\/index.php\/2026\/01\/21\/jimmy-butler-se-pierde-la-temporada\/#breadcrumb\",\"itemListElement\":[{\"@type\":\"ListItem\",\"position\":1,\"name\":\"Inicio\",\"item\":\"https:\/\/esbozodeportivo.com\/\"},{\"@type\":\"ListItem\",\"position\":2,\"name\":\"Jimmy Butler se pierde la temporada\"}]},{\"@type\":\"WebSite\",\"@id\":\"https:\/\/esbozodeportivo.com\/#website\",\"url\":\"https:\/\/esbozodeportivo.com\/\",\"name\":\"Esbozo Deportivo\",\"description\":\"Lo m\u00e1s importante del Deporte\",\"publisher\":{\"@id\":\"https:\/\/esbozodeportivo.com\/#organization\"},\"potentialAction\":[{\"@type\":\"SearchAction\",\"target\":{\"@type\":\"EntryPoint\",\"urlTemplate\":\"https:\/\/esbozodeportivo.com\/?s={search_term_string}\"},\"query-input\":{\"@type\":\"PropertyValueSpecification\",\"valueRequired\":true,\"valueName\":\"search_term_string\"}}],\"inLanguage\":\"es\"},{\"@type\":\"Organization\",\"@id\":\"https:\/\/esbozodeportivo.com\/#organization\",\"name\":\"Esbozo Deportivo\",\"url\":\"https:\/\/esbozodeportivo.com\/\",\"logo\":{\"@type\":\"ImageObject\",\"inLanguage\":\"es\",\"@id\":\"https:\/\/esbozodeportivo.com\/#\/schema\/logo\/image\/\",\"url\":\"https:\/\/esbozodeportivo.com\/wp-content\/uploads\/2022\/08\/cropped-Logo-Esbozo-Web-2.png\",\"contentUrl\":\"https:\/\/esbozodeportivo.com\/wp-content\/uploads\/2022\/08\/cropped-Logo-Esbozo-Web-2.png\",\"width\":180,\"height\":50,\"caption\":\"Esbozo Deportivo\"},\"image\":{\"@id\":\"https:\/\/esbozodeportivo.com\/#\/schema\/logo\/image\/\"}},{\"@type\":\"Person\",\"@id\":\"https:\/\/esbozodeportivo.com\/#\/schema\/person\/0f6df9196dfe6740dd0bb31bae50d374\",\"name\":\"Redacci\u00f3n\",\"image\":{\"@type\":\"ImageObject\",\"inLanguage\":\"es\",\"@id\":\"https:\/\/esbozodeportivo.com\/#\/schema\/person\/image\/\",\"url\":\"https:\/\/secure.gravatar.com\/avatar\/f55268a89c3b418f2ef172ff52ab0d09b3e653c58de29539fe329fb93d78ebf3?s=96&d=mm&r=g\",\"contentUrl\":\"https:\/\/secure.gravatar.com\/avatar\/f55268a89c3b418f2ef172ff52ab0d09b3e653c58de29539fe329fb93d78ebf3?s=96&d=mm&r=g\",\"caption\":\"Redacci\u00f3n\"},\"url\":\"https:\/\/esbozodeportivo.com\/index.php\/author\/redaccion\/\"}]}<\/script>\n<!-- \/ Yoast SEO plugin. -->","yoast_head_json":{"title":"Jimmy Butler se pierde la temporada - Esbozo Deportivo","description":"Jimmy Butler se rompi\u00f3 el ligamento cruzado anterior en su rodilla derecha durante el tercer cuarto de una victoria de los Warriors de Golden por 135-112 contra el Heat de Miami, su antiguo equipo, la noche del lunes, seg\u00fan inform\u00f3 a The Associated Press una persona con conocimiento de la lesi\u00f3n.","robots":{"index":"index","follow":"follow","max-snippet":"max-snippet:-1","max-image-preview":"max-image-preview:large","max-video-preview":"max-video-preview:-1"},"canonical":"https:\/\/esbozodeportivo.com\/index.php\/2026\/01\/21\/jimmy-butler-se-pierde-la-temporada\/","og_locale":"es_MX","og_type":"article","og_title":"Jimmy Butler se pierde la temporada - Esbozo Deportivo","og_description":"Jimmy Butler se rompi\u00f3 el ligamento cruzado anterior en su rodilla derecha durante el tercer cuarto de una victoria de los Warriors de Golden por 135-112 contra el Heat de Miami, su antiguo equipo, la noche del lunes, seg\u00fan inform\u00f3 a The Associated Press una persona con conocimiento de la lesi\u00f3n.","og_url":"https:\/\/esbozodeportivo.com\/index.php\/2026\/01\/21\/jimmy-butler-se-pierde-la-temporada\/","og_site_name":"Esbozo Deportivo","article_published_time":"2026-01-21T06:33:18+00:00","article_modified_time":"2026-01-21T06:33:20+00:00","og_image":[{"width":980,"height":653,"url":"https:\/\/esbozodeportivo.com\/wp-content\/uploads\/2026\/01\/71962504-2bc4-4fa2-ad4e-bfb606eb598d.jpg","type":"image\/jpeg"}],"author":"Redacci\u00f3n","twitter_card":"summary_large_image","twitter_misc":{"Escrito por":"Redacci\u00f3n","Tiempo de lectura":"3 minutos"},"schema":{"@context":"https:\/\/schema.org","@graph":[{"@type":"Article","@id":"https:\/\/esbozodeportivo.com\/index.php\/2026\/01\/21\/jimmy-butler-se-pierde-la-temporada\/#article","isPartOf":{"@id":"https:\/\/esbozodeportivo.com\/index.php\/2026\/01\/21\/jimmy-butler-se-pierde-la-temporada\/"},"author":{"name":"Redacci\u00f3n","@id":"https:\/\/esbozodeportivo.com\/#\/schema\/person\/0f6df9196dfe6740dd0bb31bae50d374"},"headline":"Jimmy Butler se pierde la temporada","datePublished":"2026-01-21T06:33:18+00:00","dateModified":"2026-01-21T06:33:20+00:00","mainEntityOfPage":{"@id":"https:\/\/esbozodeportivo.com\/index.php\/2026\/01\/21\/jimmy-butler-se-pierde-la-temporada\/"},"wordCount":501,"publisher":{"@id":"https:\/\/esbozodeportivo.com\/#organization"},"image":{"@id":"https:\/\/esbozodeportivo.com\/index.php\/2026\/01\/21\/jimmy-butler-se-pierde-la-temporada\/#primaryimage"},"thumbnailUrl":"https:\/\/esbozodeportivo.com\/wp-content\/uploads\/2026\/01\/71962504-2bc4-4fa2-ad4e-bfb606eb598d.jpg","articleSection":["NBA"],"inLanguage":"es"},{"@type":"WebPage","@id":"https:\/\/esbozodeportivo.com\/index.php\/2026\/01\/21\/jimmy-butler-se-pierde-la-temporada\/","url":"https:\/\/esbozodeportivo.com\/index.php\/2026\/01\/21\/jimmy-butler-se-pierde-la-temporada\/","name":"Jimmy Butler se pierde la temporada - Esbozo Deportivo","isPartOf":{"@id":"https:\/\/esbozodeportivo.com\/#website"},"primaryImageOfPage":{"@id":"https:\/\/esbozodeportivo.com\/index.php\/2026\/01\/21\/jimmy-butler-se-pierde-la-temporada\/#primaryimage"},"image":{"@id":"https:\/\/esbozodeportivo.com\/index.php\/2026\/01\/21\/jimmy-butler-se-pierde-la-temporada\/#primaryimage"},"thumbnailUrl":"https:\/\/esbozodeportivo.com\/wp-content\/uploads\/2026\/01\/71962504-2bc4-4fa2-ad4e-bfb606eb598d.jpg","datePublished":"2026-01-21T06:33:18+00:00","dateModified":"2026-01-21T06:33:20+00:00","description":"Jimmy Butler se rompi\u00f3 el ligamento cruzado anterior en su rodilla derecha durante el tercer cuarto de una victoria de los Warriors de Golden por 135-112 contra el Heat de Miami, su antiguo equipo, la noche del lunes, seg\u00fan inform\u00f3 a The Associated Press una persona con conocimiento de la lesi\u00f3n.","breadcrumb":{"@id":"https:\/\/esbozodeportivo.com\/index.php\/2026\/01\/21\/jimmy-butler-se-pierde-la-temporada\/#breadcrumb"},"inLanguage":"es","potentialAction":[{"@type":"ReadAction","target":["https:\/\/esbozodeportivo.com\/index.php\/2026\/01\/21\/jimmy-butler-se-pierde-la-temporada\/"]}]},{"@type":"ImageObject","inLanguage":"es","@id":"https:\/\/esbozodeportivo.com\/index.php\/2026\/01\/21\/jimmy-butler-se-pierde-la-temporada\/#primaryimage","url":"https:\/\/esbozodeportivo.com\/wp-content\/uploads\/2026\/01\/71962504-2bc4-4fa2-ad4e-bfb606eb598d.jpg","contentUrl":"https:\/\/esbozodeportivo.com\/wp-content\/uploads\/2026\/01\/71962504-2bc4-4fa2-ad4e-bfb606eb598d.jpg","width":980,"height":653},{"@type":"BreadcrumbList","@id":"https:\/\/esbozodeportivo.com\/index.php\/2026\/01\/21\/jimmy-butler-se-pierde-la-temporada\/#breadcrumb","itemListElement":[{"@type":"ListItem","position":1,"name":"Inicio","item":"https:\/\/esbozodeportivo.com\/"},{"@type":"ListItem","position":2,"name":"Jimmy Butler se pierde la temporada"}]},{"@type":"WebSite","@id":"https:\/\/esbozodeportivo.com\/#website","url":"https:\/\/esbozodeportivo.com\/","name":"Esbozo Deportivo","description":"Lo m\u00e1s importante del Deporte","publisher":{"@id":"https:\/\/esbozodeportivo.com\/#organization"},"potentialAction":[{"@type":"SearchAction","target":{"@type":"EntryPoint","urlTemplate":"https:\/\/esbozodeportivo.com\/?s={search_term_string}"},"query-input":{"@type":"PropertyValueSpecification","valueRequired":true,"valueName":"search_term_string"}}],"inLanguage":"es"},{"@type":"Organization","@id":"https:\/\/esbozodeportivo.com\/#organization","name":"Esbozo Deportivo","url":"https:\/\/esbozodeportivo.com\/","logo":{"@type":"ImageObject","inLanguage":"es","@id":"https:\/\/esbozodeportivo.com\/#\/schema\/logo\/image\/","url":"https:\/\/esbozodeportivo.com\/wp-content\/uploads\/2022\/08\/cropped-Logo-Esbozo-Web-2.png","contentUrl":"https:\/\/esbozodeportivo.com\/wp-content\/uploads\/2022\/08\/cropped-Logo-Esbozo-Web-2.png","width":180,"height":50,"caption":"Esbozo Deportivo"},"image":{"@id":"https:\/\/esbozodeportivo.com\/#\/schema\/logo\/image\/"}},{"@type":"Person","@id":"https:\/\/esbozodeportivo.com\/#\/schema\/person\/0f6df9196dfe6740dd0bb31bae50d374","name":"Redacci\u00f3n","image":{"@type":"ImageObject","inLanguage":"es","@id":"https:\/\/esbozodeportivo.com\/#\/schema\/person\/image\/","url":"https:\/\/secure.gravatar.com\/avatar\/f55268a89c3b418f2ef172ff52ab0d09b3e653c58de29539fe329fb93d78ebf3?s=96&d=mm&r=g","contentUrl":"https:\/\/secure.gravatar.com\/avatar\/f55268a89c3b418f2ef172ff52ab0d09b3e653c58de29539fe329fb93d78ebf3?s=96&d=mm&r=g","caption":"Redacci\u00f3n"},"url":"https:\/\/esbozodeportivo.com\/index.php\/author\/redaccion\/"}]}},"jetpack_featured_media_url":"https:\/\/esbozodeportivo.com\/wp-content\/uploads\/2026\/01\/71962504-2bc4-4fa2-ad4e-bfb606eb598d.jpg","jetpack_sharing_enabled":true,"_links":{"self":[{"href":"https:\/\/esbozodeportivo.com\/index.php\/wp-json\/wp\/v2\/posts\/12506","targetHints":{"allow":["GET"]}}],"collection":[{"href":"https:\/\/esbozodeportivo.com\/index.php\/wp-json\/wp\/v2\/posts"}],"about":[{"href":"https:\/\/esbozodeportivo.com\/index.php\/wp-json\/wp\/v2\/types\/post"}],"author":[{"embeddable":true,"href":"https:\/\/esbozodeportivo.com\/index.php\/wp-json\/wp\/v2\/users\/4"}],"replies":[{"embeddable":true,"href":"https:\/\/esbozodeportivo.com\/index.php\/wp-json\/wp\/v2\/comments?post=12506"}],"version-history":[{"count":1,"href":"https:\/\/esbozodeportivo.com\/index.php\/wp-json\/wp\/v2\/posts\/12506\/revisions"}],"predecessor-version":[{"id":12507,"href":"https:\/\/esbozodeportivo.com\/index.php\/wp-json\/wp\/v2\/posts\/12506\/revisions\/12507"}],"wp:featuredmedia":[{"embeddable":true,"href":"https:\/\/esbozodeportivo.com\/index.php\/wp-json\/wp\/v2\/media\/12497"}],"wp:attachment":[{"href":"https:\/\/esbozodeportivo.com\/index.php\/wp-json\/wp\/v2\/media?parent=12506"}],"wp:term":[{"taxonomy":"category","embeddable":true,"href":"https:\/\/esbozodeportivo.com\/index.php\/wp-json\/wp\/v2\/categories?post=12506"},{"taxonomy":"post_tag","embeddable":true,"href":"https:\/\/esbozodeportivo.com\/index.php\/wp-json\/wp\/v2\/tags?post=12506"}],"curies":[{"name":"wp","href":"https:\/\/api.w.org\/{rel}","templated":true}]}}