{"id":12525,"date":"2026-01-21T23:47:15","date_gmt":"2026-01-22T05:47:15","guid":{"rendered":"https:\/\/esbozodeportivo.com\/?p=12525"},"modified":"2026-01-21T23:47:16","modified_gmt":"2026-01-22T05:47:16","slug":"ledezma-jugara-con-el-tricolor","status":"publish","type":"post","link":"https:\/\/esbozodeportivo.com\/index.php\/2026\/01\/21\/ledezma-jugara-con-el-tricolor\/","title":{"rendered":"Ledezma jugar\u00e1 con el Tricolor"},"content":{"rendered":"\n<p>(Foto: Agencias) <\/p>\n\n\n\n<p>El lateral derecho Richard Ledezma ha cambiado de selecci\u00f3n, dejando a Estados Unidos para jugar con M\u00e9xico.<\/p>\n\n\n\n<p>Ledezma, de 25 a\u00f1os, quien naci\u00f3 en Phoenix de padres mexicanos, jug\u00f3 para Estados Unidos en el Mundial Sub20 en Polonia y tuvo una aparici\u00f3n con la selecci\u00f3n absoluta en un partido amistoso contra Panam\u00e1 el 16 de noviembre de 2020.<\/p>\n\n\n\n<p>La Federaci\u00f3n Mexicana de F\u00fatbol hizo el anuncio. El cambio se realiz\u00f3 en la Plataforma de Cambio de Asociaci\u00f3n de la FIFA.<\/p>\n\n\n\n<p>Ledezma fue incluido en la lista de 27 jugadores de M\u00e9xico que fue convocada por el t\u00e9cnico Javier Aguirre la semana pasada para jugar partidos amistosos contra Panam\u00e1 el jueves y Bolivia el domingo.<\/p>\n\n\n\n<p>Despu\u00e9s de militar seis temporadas con el PSV Eindhoven de la Eredivisie de los Pa\u00edses Bajos, Ledezma fich\u00f3 a principios de este a\u00f1o con el club mexicano Chivas, donde ha sido titular en los primeros tres partidos del torneo Clausura.<\/p>\n\n\n\n<p>Ledezma tiene una oportunidad realista de formar parte del equipo mexicano el Mundial de este a\u00f1o porque Aguirre ha tenido dificultades con la posici\u00f3n de lateral derecho. El entrenador ha probado a media docena de jugadores en esa posici\u00f3n desde que asumi\u00f3 el equipo en agosto de 2024.<\/p>\n\n\n\n<p><\/p>\n","protected":false},"excerpt":{"rendered":"<p>(Foto: Agencias) El lateral derecho Richard Ledezma ha cambiado de selecci\u00f3n, dejando a Estados Unidos<\/p>\n","protected":false},"author":4,"featured_media":12522,"comment_status":"closed","ping_status":"open","sticky":false,"template":"","format":"standard","meta":{"_jetpack_memberships_contains_paid_content":false,"footnotes":""},"categories":[22],"tags":[],"class_list":["post-12525","post","type-post","status-publish","format-standard","has-post-thumbnail","hentry","category-tricolor"],"yoast_head":"<!-- This site is optimized with the Yoast SEO plugin v25.7 - https:\/\/yoast.com\/wordpress\/plugins\/seo\/ -->\n<title>Ledezma jugar\u00e1 con el Tricolor - Esbozo Deportivo<\/title>\n<meta name=\"description\" content=\"El lateral derecho Richard Ledezma ha cambiado de selecci\u00f3n, dejando a Estados Unidos para jugar con M\u00e9xico.\" \/>\n<meta name=\"robots\" content=\"index, follow, max-snippet:-1, max-image-preview:large, max-video-preview:-1\" \/>\n<link rel=\"canonical\" href=\"https:\/\/esbozodeportivo.com\/index.php\/2026\/01\/21\/ledezma-jugara-con-el-tricolor\/\" \/>\n<meta property=\"og:locale\" content=\"es_MX\" \/>\n<meta property=\"og:type\" content=\"article\" \/>\n<meta property=\"og:title\" content=\"Ledezma jugar\u00e1 con el Tricolor - Esbozo Deportivo\" \/>\n<meta property=\"og:description\" content=\"El lateral derecho Richard Ledezma ha cambiado de selecci\u00f3n, dejando a Estados Unidos para jugar con M\u00e9xico.\" \/>\n<meta property=\"og:url\" content=\"https:\/\/esbozodeportivo.com\/index.php\/2026\/01\/21\/ledezma-jugara-con-el-tricolor\/\" \/>\n<meta property=\"og:site_name\" content=\"Esbozo Deportivo\" \/>\n<meta property=\"article:published_time\" content=\"2026-01-22T05:47:15+00:00\" \/>\n<meta property=\"article:modified_time\" content=\"2026-01-22T05:47:16+00:00\" \/>\n<meta property=\"og:image\" content=\"https:\/\/esbozodeportivo.com\/wp-content\/uploads\/2026\/01\/f509df06-3ae2-474e-8068-7e3ff0202d82.jpg\" \/>\n\t<meta property=\"og:image:width\" content=\"980\" \/>\n\t<meta property=\"og:image:height\" content=\"653\" \/>\n\t<meta property=\"og:image:type\" content=\"image\/jpeg\" \/>\n<meta name=\"author\" content=\"Redacci\u00f3n\" \/>\n<meta name=\"twitter:card\" content=\"summary_large_image\" \/>\n<meta name=\"twitter:label1\" content=\"Escrito por\" \/>\n\t<meta name=\"twitter:data1\" content=\"Redacci\u00f3n\" \/>\n\t<meta name=\"twitter:label2\" content=\"Tiempo de lectura\" \/>\n\t<meta name=\"twitter:data2\" content=\"2 minutos\" \/>\n<script type=\"application\/ld+json\" class=\"yoast-schema-graph\">{\"@context\":\"https:\/\/schema.org\",\"@graph\":[{\"@type\":\"Article\",\"@id\":\"https:\/\/esbozodeportivo.com\/index.php\/2026\/01\/21\/ledezma-jugara-con-el-tricolor\/#article\",\"isPartOf\":{\"@id\":\"https:\/\/esbozodeportivo.com\/index.php\/2026\/01\/21\/ledezma-jugara-con-el-tricolor\/\"},\"author\":{\"name\":\"Redacci\u00f3n\",\"@id\":\"https:\/\/esbozodeportivo.com\/#\/schema\/person\/0f6df9196dfe6740dd0bb31bae50d374\"},\"headline\":\"Ledezma jugar\u00e1 con el Tricolor\",\"datePublished\":\"2026-01-22T05:47:15+00:00\",\"dateModified\":\"2026-01-22T05:47:16+00:00\",\"mainEntityOfPage\":{\"@id\":\"https:\/\/esbozodeportivo.com\/index.php\/2026\/01\/21\/ledezma-jugara-con-el-tricolor\/\"},\"wordCount\":220,\"publisher\":{\"@id\":\"https:\/\/esbozodeportivo.com\/#organization\"},\"image\":{\"@id\":\"https:\/\/esbozodeportivo.com\/index.php\/2026\/01\/21\/ledezma-jugara-con-el-tricolor\/#primaryimage\"},\"thumbnailUrl\":\"https:\/\/esbozodeportivo.com\/wp-content\/uploads\/2026\/01\/f509df06-3ae2-474e-8068-7e3ff0202d82.jpg\",\"articleSection\":[\"Selecci\u00f3n Mexicana\"],\"inLanguage\":\"es\"},{\"@type\":\"WebPage\",\"@id\":\"https:\/\/esbozodeportivo.com\/index.php\/2026\/01\/21\/ledezma-jugara-con-el-tricolor\/\",\"url\":\"https:\/\/esbozodeportivo.com\/index.php\/2026\/01\/21\/ledezma-jugara-con-el-tricolor\/\",\"name\":\"Ledezma jugar\u00e1 con el Tricolor - Esbozo Deportivo\",\"isPartOf\":{\"@id\":\"https:\/\/esbozodeportivo.com\/#website\"},\"primaryImageOfPage\":{\"@id\":\"https:\/\/esbozodeportivo.com\/index.php\/2026\/01\/21\/ledezma-jugara-con-el-tricolor\/#primaryimage\"},\"image\":{\"@id\":\"https:\/\/esbozodeportivo.com\/index.php\/2026\/01\/21\/ledezma-jugara-con-el-tricolor\/#primaryimage\"},\"thumbnailUrl\":\"https:\/\/esbozodeportivo.com\/wp-content\/uploads\/2026\/01\/f509df06-3ae2-474e-8068-7e3ff0202d82.jpg\",\"datePublished\":\"2026-01-22T05:47:15+00:00\",\"dateModified\":\"2026-01-22T05:47:16+00:00\",\"description\":\"El lateral derecho Richard Ledezma ha cambiado de selecci\u00f3n, dejando a Estados Unidos para jugar con M\u00e9xico.\",\"breadcrumb\":{\"@id\":\"https:\/\/esbozodeportivo.com\/index.php\/2026\/01\/21\/ledezma-jugara-con-el-tricolor\/#breadcrumb\"},\"inLanguage\":\"es\",\"potentialAction\":[{\"@type\":\"ReadAction\",\"target\":[\"https:\/\/esbozodeportivo.com\/index.php\/2026\/01\/21\/ledezma-jugara-con-el-tricolor\/\"]}]},{\"@type\":\"ImageObject\",\"inLanguage\":\"es\",\"@id\":\"https:\/\/esbozodeportivo.com\/index.php\/2026\/01\/21\/ledezma-jugara-con-el-tricolor\/#primaryimage\",\"url\":\"https:\/\/esbozodeportivo.com\/wp-content\/uploads\/2026\/01\/f509df06-3ae2-474e-8068-7e3ff0202d82.jpg\",\"contentUrl\":\"https:\/\/esbozodeportivo.com\/wp-content\/uploads\/2026\/01\/f509df06-3ae2-474e-8068-7e3ff0202d82.jpg\",\"width\":980,\"height\":653},{\"@type\":\"BreadcrumbList\",\"@id\":\"https:\/\/esbozodeportivo.com\/index.php\/2026\/01\/21\/ledezma-jugara-con-el-tricolor\/#breadcrumb\",\"itemListElement\":[{\"@type\":\"ListItem\",\"position\":1,\"name\":\"Inicio\",\"item\":\"https:\/\/esbozodeportivo.com\/\"},{\"@type\":\"ListItem\",\"position\":2,\"name\":\"Ledezma jugar\u00e1 con el Tricolor\"}]},{\"@type\":\"WebSite\",\"@id\":\"https:\/\/esbozodeportivo.com\/#website\",\"url\":\"https:\/\/esbozodeportivo.com\/\",\"name\":\"Esbozo Deportivo\",\"description\":\"Lo m\u00e1s importante del Deporte\",\"publisher\":{\"@id\":\"https:\/\/esbozodeportivo.com\/#organization\"},\"potentialAction\":[{\"@type\":\"SearchAction\",\"target\":{\"@type\":\"EntryPoint\",\"urlTemplate\":\"https:\/\/esbozodeportivo.com\/?s={search_term_string}\"},\"query-input\":{\"@type\":\"PropertyValueSpecification\",\"valueRequired\":true,\"valueName\":\"search_term_string\"}}],\"inLanguage\":\"es\"},{\"@type\":\"Organization\",\"@id\":\"https:\/\/esbozodeportivo.com\/#organization\",\"name\":\"Esbozo Deportivo\",\"url\":\"https:\/\/esbozodeportivo.com\/\",\"logo\":{\"@type\":\"ImageObject\",\"inLanguage\":\"es\",\"@id\":\"https:\/\/esbozodeportivo.com\/#\/schema\/logo\/image\/\",\"url\":\"https:\/\/esbozodeportivo.com\/wp-content\/uploads\/2022\/08\/cropped-Logo-Esbozo-Web-2.png\",\"contentUrl\":\"https:\/\/esbozodeportivo.com\/wp-content\/uploads\/2022\/08\/cropped-Logo-Esbozo-Web-2.png\",\"width\":180,\"height\":50,\"caption\":\"Esbozo Deportivo\"},\"image\":{\"@id\":\"https:\/\/esbozodeportivo.com\/#\/schema\/logo\/image\/\"}},{\"@type\":\"Person\",\"@id\":\"https:\/\/esbozodeportivo.com\/#\/schema\/person\/0f6df9196dfe6740dd0bb31bae50d374\",\"name\":\"Redacci\u00f3n\",\"image\":{\"@type\":\"ImageObject\",\"inLanguage\":\"es\",\"@id\":\"https:\/\/esbozodeportivo.com\/#\/schema\/person\/image\/\",\"url\":\"https:\/\/secure.gravatar.com\/avatar\/f55268a89c3b418f2ef172ff52ab0d09b3e653c58de29539fe329fb93d78ebf3?s=96&d=mm&r=g\",\"contentUrl\":\"https:\/\/secure.gravatar.com\/avatar\/f55268a89c3b418f2ef172ff52ab0d09b3e653c58de29539fe329fb93d78ebf3?s=96&d=mm&r=g\",\"caption\":\"Redacci\u00f3n\"},\"url\":\"https:\/\/esbozodeportivo.com\/index.php\/author\/redaccion\/\"}]}<\/script>\n<!-- \/ Yoast SEO plugin. -->","yoast_head_json":{"title":"Ledezma jugar\u00e1 con el Tricolor - Esbozo Deportivo","description":"El lateral derecho Richard Ledezma ha cambiado de selecci\u00f3n, dejando a Estados Unidos para jugar con M\u00e9xico.","robots":{"index":"index","follow":"follow","max-snippet":"max-snippet:-1","max-image-preview":"max-image-preview:large","max-video-preview":"max-video-preview:-1"},"canonical":"https:\/\/esbozodeportivo.com\/index.php\/2026\/01\/21\/ledezma-jugara-con-el-tricolor\/","og_locale":"es_MX","og_type":"article","og_title":"Ledezma jugar\u00e1 con el Tricolor - Esbozo Deportivo","og_description":"El lateral derecho Richard Ledezma ha cambiado de selecci\u00f3n, dejando a Estados Unidos para jugar con M\u00e9xico.","og_url":"https:\/\/esbozodeportivo.com\/index.php\/2026\/01\/21\/ledezma-jugara-con-el-tricolor\/","og_site_name":"Esbozo Deportivo","article_published_time":"2026-01-22T05:47:15+00:00","article_modified_time":"2026-01-22T05:47:16+00:00","og_image":[{"width":980,"height":653,"url":"https:\/\/esbozodeportivo.com\/wp-content\/uploads\/2026\/01\/f509df06-3ae2-474e-8068-7e3ff0202d82.jpg","type":"image\/jpeg"}],"author":"Redacci\u00f3n","twitter_card":"summary_large_image","twitter_misc":{"Escrito por":"Redacci\u00f3n","Tiempo de lectura":"2 minutos"},"schema":{"@context":"https:\/\/schema.org","@graph":[{"@type":"Article","@id":"https:\/\/esbozodeportivo.com\/index.php\/2026\/01\/21\/ledezma-jugara-con-el-tricolor\/#article","isPartOf":{"@id":"https:\/\/esbozodeportivo.com\/index.php\/2026\/01\/21\/ledezma-jugara-con-el-tricolor\/"},"author":{"name":"Redacci\u00f3n","@id":"https:\/\/esbozodeportivo.com\/#\/schema\/person\/0f6df9196dfe6740dd0bb31bae50d374"},"headline":"Ledezma jugar\u00e1 con el Tricolor","datePublished":"2026-01-22T05:47:15+00:00","dateModified":"2026-01-22T05:47:16+00:00","mainEntityOfPage":{"@id":"https:\/\/esbozodeportivo.com\/index.php\/2026\/01\/21\/ledezma-jugara-con-el-tricolor\/"},"wordCount":220,"publisher":{"@id":"https:\/\/esbozodeportivo.com\/#organization"},"image":{"@id":"https:\/\/esbozodeportivo.com\/index.php\/2026\/01\/21\/ledezma-jugara-con-el-tricolor\/#primaryimage"},"thumbnailUrl":"https:\/\/esbozodeportivo.com\/wp-content\/uploads\/2026\/01\/f509df06-3ae2-474e-8068-7e3ff0202d82.jpg","articleSection":["Selecci\u00f3n Mexicana"],"inLanguage":"es"},{"@type":"WebPage","@id":"https:\/\/esbozodeportivo.com\/index.php\/2026\/01\/21\/ledezma-jugara-con-el-tricolor\/","url":"https:\/\/esbozodeportivo.com\/index.php\/2026\/01\/21\/ledezma-jugara-con-el-tricolor\/","name":"Ledezma jugar\u00e1 con el Tricolor - Esbozo Deportivo","isPartOf":{"@id":"https:\/\/esbozodeportivo.com\/#website"},"primaryImageOfPage":{"@id":"https:\/\/esbozodeportivo.com\/index.php\/2026\/01\/21\/ledezma-jugara-con-el-tricolor\/#primaryimage"},"image":{"@id":"https:\/\/esbozodeportivo.com\/index.php\/2026\/01\/21\/ledezma-jugara-con-el-tricolor\/#primaryimage"},"thumbnailUrl":"https:\/\/esbozodeportivo.com\/wp-content\/uploads\/2026\/01\/f509df06-3ae2-474e-8068-7e3ff0202d82.jpg","datePublished":"2026-01-22T05:47:15+00:00","dateModified":"2026-01-22T05:47:16+00:00","description":"El lateral derecho Richard Ledezma ha cambiado de selecci\u00f3n, dejando a Estados Unidos para jugar con M\u00e9xico.","breadcrumb":{"@id":"https:\/\/esbozodeportivo.com\/index.php\/2026\/01\/21\/ledezma-jugara-con-el-tricolor\/#breadcrumb"},"inLanguage":"es","potentialAction":[{"@type":"ReadAction","target":["https:\/\/esbozodeportivo.com\/index.php\/2026\/01\/21\/ledezma-jugara-con-el-tricolor\/"]}]},{"@type":"ImageObject","inLanguage":"es","@id":"https:\/\/esbozodeportivo.com\/index.php\/2026\/01\/21\/ledezma-jugara-con-el-tricolor\/#primaryimage","url":"https:\/\/esbozodeportivo.com\/wp-content\/uploads\/2026\/01\/f509df06-3ae2-474e-8068-7e3ff0202d82.jpg","contentUrl":"https:\/\/esbozodeportivo.com\/wp-content\/uploads\/2026\/01\/f509df06-3ae2-474e-8068-7e3ff0202d82.jpg","width":980,"height":653},{"@type":"BreadcrumbList","@id":"https:\/\/esbozodeportivo.com\/index.php\/2026\/01\/21\/ledezma-jugara-con-el-tricolor\/#breadcrumb","itemListElement":[{"@type":"ListItem","position":1,"name":"Inicio","item":"https:\/\/esbozodeportivo.com\/"},{"@type":"ListItem","position":2,"name":"Ledezma jugar\u00e1 con el Tricolor"}]},{"@type":"WebSite","@id":"https:\/\/esbozodeportivo.com\/#website","url":"https:\/\/esbozodeportivo.com\/","name":"Esbozo Deportivo","description":"Lo m\u00e1s importante del Deporte","publisher":{"@id":"https:\/\/esbozodeportivo.com\/#organization"},"potentialAction":[{"@type":"SearchAction","target":{"@type":"EntryPoint","urlTemplate":"https:\/\/esbozodeportivo.com\/?s={search_term_string}"},"query-input":{"@type":"PropertyValueSpecification","valueRequired":true,"valueName":"search_term_string"}}],"inLanguage":"es"},{"@type":"Organization","@id":"https:\/\/esbozodeportivo.com\/#organization","name":"Esbozo Deportivo","url":"https:\/\/esbozodeportivo.com\/","logo":{"@type":"ImageObject","inLanguage":"es","@id":"https:\/\/esbozodeportivo.com\/#\/schema\/logo\/image\/","url":"https:\/\/esbozodeportivo.com\/wp-content\/uploads\/2022\/08\/cropped-Logo-Esbozo-Web-2.png","contentUrl":"https:\/\/esbozodeportivo.com\/wp-content\/uploads\/2022\/08\/cropped-Logo-Esbozo-Web-2.png","width":180,"height":50,"caption":"Esbozo Deportivo"},"image":{"@id":"https:\/\/esbozodeportivo.com\/#\/schema\/logo\/image\/"}},{"@type":"Person","@id":"https:\/\/esbozodeportivo.com\/#\/schema\/person\/0f6df9196dfe6740dd0bb31bae50d374","name":"Redacci\u00f3n","image":{"@type":"ImageObject","inLanguage":"es","@id":"https:\/\/esbozodeportivo.com\/#\/schema\/person\/image\/","url":"https:\/\/secure.gravatar.com\/avatar\/f55268a89c3b418f2ef172ff52ab0d09b3e653c58de29539fe329fb93d78ebf3?s=96&d=mm&r=g","contentUrl":"https:\/\/secure.gravatar.com\/avatar\/f55268a89c3b418f2ef172ff52ab0d09b3e653c58de29539fe329fb93d78ebf3?s=96&d=mm&r=g","caption":"Redacci\u00f3n"},"url":"https:\/\/esbozodeportivo.com\/index.php\/author\/redaccion\/"}]}},"jetpack_featured_media_url":"https:\/\/esbozodeportivo.com\/wp-content\/uploads\/2026\/01\/f509df06-3ae2-474e-8068-7e3ff0202d82.jpg","jetpack_sharing_enabled":true,"_links":{"self":[{"href":"https:\/\/esbozodeportivo.com\/index.php\/wp-json\/wp\/v2\/posts\/12525","targetHints":{"allow":["GET"]}}],"collection":[{"href":"https:\/\/esbozodeportivo.com\/index.php\/wp-json\/wp\/v2\/posts"}],"about":[{"href":"https:\/\/esbozodeportivo.com\/index.php\/wp-json\/wp\/v2\/types\/post"}],"author":[{"embeddable":true,"href":"https:\/\/esbozodeportivo.com\/index.php\/wp-json\/wp\/v2\/users\/4"}],"replies":[{"embeddable":true,"href":"https:\/\/esbozodeportivo.com\/index.php\/wp-json\/wp\/v2\/comments?post=12525"}],"version-history":[{"count":1,"href":"https:\/\/esbozodeportivo.com\/index.php\/wp-json\/wp\/v2\/posts\/12525\/revisions"}],"predecessor-version":[{"id":12526,"href":"https:\/\/esbozodeportivo.com\/index.php\/wp-json\/wp\/v2\/posts\/12525\/revisions\/12526"}],"wp:featuredmedia":[{"embeddable":true,"href":"https:\/\/esbozodeportivo.com\/index.php\/wp-json\/wp\/v2\/media\/12522"}],"wp:attachment":[{"href":"https:\/\/esbozodeportivo.com\/index.php\/wp-json\/wp\/v2\/media?parent=12525"}],"wp:term":[{"taxonomy":"category","embeddable":true,"href":"https:\/\/esbozodeportivo.com\/index.php\/wp-json\/wp\/v2\/categories?post=12525"},{"taxonomy":"post_tag","embeddable":true,"href":"https:\/\/esbozodeportivo.com\/index.php\/wp-json\/wp\/v2\/tags?post=12525"}],"curies":[{"name":"wp","href":"https:\/\/api.w.org\/{rel}","templated":true}]}}