{"id":12529,"date":"2026-01-21T23:50:08","date_gmt":"2026-01-22T05:50:08","guid":{"rendered":"https:\/\/esbozodeportivo.com\/?p=12529"},"modified":"2026-01-21T23:50:10","modified_gmt":"2026-01-22T05:50:10","slug":"francia-no-boicoteaar-el-mundial","status":"publish","type":"post","link":"https:\/\/esbozodeportivo.com\/index.php\/2026\/01\/21\/francia-no-boicoteaar-el-mundial\/","title":{"rendered":"Francia no boicotea\u00e1r el Mundial"},"content":{"rendered":"\n<p>(Foto: Agencias) <\/p>\n\n\n\n<p>La ministra de deportes de Francia asegur\u00f3 que su pa\u00eds no est\u00e1 pensando actualmente en boicotear la Copa Mundial de f\u00fatbol en Estados Unidos en medio de crecientes tensiones relacionadas con el empe\u00f1o de Donald Trump de controlar Groenlandia.<\/p>\n\n\n\n<p>\u201cEn el momento en que estamos hablando, no hay deseo por parte del ministerio de boicotear esta competencia importante y muy esperada\u201d, afirm\u00f3 la ministra de deportes Marina Ferrari a los periodistas el martes por la noche. \u201cDicho esto, no estoy prejuzgando lo que podr\u00eda suceder\u201d.<\/p>\n\n\n\n<p>Ferrari a\u00f1adi\u00f3 que quiere mantener el deporte separado de la pol\u00edtica.<\/p>\n\n\n\n<p>\u201cLa Copa Mundial de 2026 es un momento extremadamente importante para todos los amantes del deporte\u201d, expres\u00f3.<\/p>\n\n\n\n<p>Con un torneo que arrancar\u00e1 en junio en Estados Unidos, Canad\u00e1 y M\u00e9xico, las ambiciones del presidente estadounidense de arrebatar el control de Groenlandia al aliado de la OTAN, Dinamarca, tienen el potencial de desgarrar las relaciones con los aliados europeos.<\/p>\n\n\n\n<p>En Francia, el legislador izquierdista Eric Coquerel dijo que deber\u00eda considerarse la posibilidad de un boicot por parte de Francia, dos veces campeona del mundo.<\/p>\n\n\n\n<p>\u201cEn serio, \u00bfpodemos realmente imaginar ir a jugar la Copa Mundial de f\u00fatbol en un pa\u00eds que ataca a sus \u2018vecinos\u2019, amenaza con invadir Groenlandia, socava el derecho internacional, quiere torpedear la ONU?\u201d, pregunt\u00f3 en un mensaje publicado en las redes sociales.<\/p>\n\n\n\n<p>\u201cLa pregunta surge seriamente, especialmente porque todav\u00eda es posible reenfocar el evento en M\u00e9xico y Canad\u00e1\u201d, escribi\u00f3.<\/p>\n\n\n\n<p>Francia perdi\u00f3 ante Argentina en la final del Mundial 2022.<\/p>\n\n\n\n<p>En el Reino Unido, el l\u00edder del Partido Nacional Escoc\u00e9s en Westminster, Stephen Flynn, dijo que boicotear el Mundial no era la opci\u00f3n correcta para Escocia, que participar\u00e1 en la cita por primera vez desde 1998.<\/p>\n\n\n\n<p>\u201cSin ser fr\u00edvolo, hemos boicoteado la Copa Mundial proactivamente desde 1998 y no estoy completamente seguro de que sea un camino que queramos seguir nuevamente\u201d, manifest\u00f3 Flynn.<\/p>\n\n\n\n<p>\u201cEn cambio, creo que necesitamos un di\u00e1logo internacional serio y comprometido con nuestros aliados en el continente europeo\u201d, a\u00f1adi\u00f3.<\/p>\n\n\n\n<p>Varios parlamentarios brit\u00e1nicos pidieron el martes que las naciones boicotearan el Mundial. Inglaterra y Escocia se han clasificado, mientras que Gales e Irlanda del Norte disputar\u00e1n los playoffs.<\/p>\n\n\n\n<p><\/p>\n","protected":false},"excerpt":{"rendered":"<p>(Foto: Agencias) La ministra de deportes de Francia asegur\u00f3 que su pa\u00eds no est\u00e1 pensando<\/p>\n","protected":false},"author":4,"featured_media":12513,"comment_status":"closed","ping_status":"open","sticky":false,"template":"","format":"standard","meta":{"_jetpack_memberships_contains_paid_content":false,"footnotes":""},"categories":[71],"tags":[],"class_list":["post-12529","post","type-post","status-publish","format-standard","has-post-thumbnail","hentry","category-mundial-2026"],"yoast_head":"<!-- This site is optimized with the Yoast SEO plugin v25.7 - https:\/\/yoast.com\/wordpress\/plugins\/seo\/ -->\n<title>Francia no boicotea\u00e1r el Mundial - Esbozo Deportivo<\/title>\n<meta name=\"description\" content=\"La ministra de deportes de Francia asegur\u00f3 que su pa\u00eds no est\u00e1 pensando actualmente en boicotear la Copa Mundial de f\u00fatbol en Estados Unidos en medio de crecientes tensiones relacionadas con el empe\u00f1o de Donald Trump de controlar Groenlandia.\" \/>\n<meta name=\"robots\" content=\"index, follow, max-snippet:-1, max-image-preview:large, max-video-preview:-1\" \/>\n<link rel=\"canonical\" href=\"https:\/\/esbozodeportivo.com\/index.php\/2026\/01\/21\/francia-no-boicoteaar-el-mundial\/\" \/>\n<meta property=\"og:locale\" content=\"es_MX\" \/>\n<meta property=\"og:type\" content=\"article\" \/>\n<meta property=\"og:title\" content=\"Francia no boicotea\u00e1r el Mundial - Esbozo Deportivo\" \/>\n<meta property=\"og:description\" content=\"La ministra de deportes de Francia asegur\u00f3 que su pa\u00eds no est\u00e1 pensando actualmente en boicotear la Copa Mundial de f\u00fatbol en Estados Unidos en medio de crecientes tensiones relacionadas con el empe\u00f1o de Donald Trump de controlar Groenlandia.\" \/>\n<meta property=\"og:url\" content=\"https:\/\/esbozodeportivo.com\/index.php\/2026\/01\/21\/francia-no-boicoteaar-el-mundial\/\" \/>\n<meta property=\"og:site_name\" content=\"Esbozo Deportivo\" \/>\n<meta property=\"article:published_time\" content=\"2026-01-22T05:50:08+00:00\" \/>\n<meta property=\"article:modified_time\" content=\"2026-01-22T05:50:10+00:00\" \/>\n<meta property=\"og:image\" content=\"https:\/\/esbozodeportivo.com\/wp-content\/uploads\/2026\/01\/1a28ce8d-a2dd-4b43-805d-f346ab332161.jpg\" \/>\n\t<meta property=\"og:image:width\" content=\"980\" \/>\n\t<meta property=\"og:image:height\" content=\"653\" \/>\n\t<meta property=\"og:image:type\" content=\"image\/jpeg\" \/>\n<meta name=\"author\" content=\"Redacci\u00f3n\" \/>\n<meta name=\"twitter:card\" content=\"summary_large_image\" \/>\n<meta name=\"twitter:label1\" content=\"Escrito por\" \/>\n\t<meta name=\"twitter:data1\" content=\"Redacci\u00f3n\" \/>\n\t<meta name=\"twitter:label2\" content=\"Tiempo de lectura\" \/>\n\t<meta name=\"twitter:data2\" content=\"2 minutos\" \/>\n<script type=\"application\/ld+json\" class=\"yoast-schema-graph\">{\"@context\":\"https:\/\/schema.org\",\"@graph\":[{\"@type\":\"Article\",\"@id\":\"https:\/\/esbozodeportivo.com\/index.php\/2026\/01\/21\/francia-no-boicoteaar-el-mundial\/#article\",\"isPartOf\":{\"@id\":\"https:\/\/esbozodeportivo.com\/index.php\/2026\/01\/21\/francia-no-boicoteaar-el-mundial\/\"},\"author\":{\"name\":\"Redacci\u00f3n\",\"@id\":\"https:\/\/esbozodeportivo.com\/#\/schema\/person\/0f6df9196dfe6740dd0bb31bae50d374\"},\"headline\":\"Francia no boicotea\u00e1r el Mundial\",\"datePublished\":\"2026-01-22T05:50:08+00:00\",\"dateModified\":\"2026-01-22T05:50:10+00:00\",\"mainEntityOfPage\":{\"@id\":\"https:\/\/esbozodeportivo.com\/index.php\/2026\/01\/21\/francia-no-boicoteaar-el-mundial\/\"},\"wordCount\":382,\"publisher\":{\"@id\":\"https:\/\/esbozodeportivo.com\/#organization\"},\"image\":{\"@id\":\"https:\/\/esbozodeportivo.com\/index.php\/2026\/01\/21\/francia-no-boicoteaar-el-mundial\/#primaryimage\"},\"thumbnailUrl\":\"https:\/\/esbozodeportivo.com\/wp-content\/uploads\/2026\/01\/1a28ce8d-a2dd-4b43-805d-f346ab332161.jpg\",\"articleSection\":[\"Mundial 2026\"],\"inLanguage\":\"es\"},{\"@type\":\"WebPage\",\"@id\":\"https:\/\/esbozodeportivo.com\/index.php\/2026\/01\/21\/francia-no-boicoteaar-el-mundial\/\",\"url\":\"https:\/\/esbozodeportivo.com\/index.php\/2026\/01\/21\/francia-no-boicoteaar-el-mundial\/\",\"name\":\"Francia no boicotea\u00e1r el Mundial - Esbozo Deportivo\",\"isPartOf\":{\"@id\":\"https:\/\/esbozodeportivo.com\/#website\"},\"primaryImageOfPage\":{\"@id\":\"https:\/\/esbozodeportivo.com\/index.php\/2026\/01\/21\/francia-no-boicoteaar-el-mundial\/#primaryimage\"},\"image\":{\"@id\":\"https:\/\/esbozodeportivo.com\/index.php\/2026\/01\/21\/francia-no-boicoteaar-el-mundial\/#primaryimage\"},\"thumbnailUrl\":\"https:\/\/esbozodeportivo.com\/wp-content\/uploads\/2026\/01\/1a28ce8d-a2dd-4b43-805d-f346ab332161.jpg\",\"datePublished\":\"2026-01-22T05:50:08+00:00\",\"dateModified\":\"2026-01-22T05:50:10+00:00\",\"description\":\"La ministra de deportes de Francia asegur\u00f3 que su pa\u00eds no est\u00e1 pensando actualmente en boicotear la Copa Mundial de f\u00fatbol en Estados Unidos en medio de crecientes tensiones relacionadas con el empe\u00f1o de Donald Trump de controlar Groenlandia.\",\"breadcrumb\":{\"@id\":\"https:\/\/esbozodeportivo.com\/index.php\/2026\/01\/21\/francia-no-boicoteaar-el-mundial\/#breadcrumb\"},\"inLanguage\":\"es\",\"potentialAction\":[{\"@type\":\"ReadAction\",\"target\":[\"https:\/\/esbozodeportivo.com\/index.php\/2026\/01\/21\/francia-no-boicoteaar-el-mundial\/\"]}]},{\"@type\":\"ImageObject\",\"inLanguage\":\"es\",\"@id\":\"https:\/\/esbozodeportivo.com\/index.php\/2026\/01\/21\/francia-no-boicoteaar-el-mundial\/#primaryimage\",\"url\":\"https:\/\/esbozodeportivo.com\/wp-content\/uploads\/2026\/01\/1a28ce8d-a2dd-4b43-805d-f346ab332161.jpg\",\"contentUrl\":\"https:\/\/esbozodeportivo.com\/wp-content\/uploads\/2026\/01\/1a28ce8d-a2dd-4b43-805d-f346ab332161.jpg\",\"width\":980,\"height\":653},{\"@type\":\"BreadcrumbList\",\"@id\":\"https:\/\/esbozodeportivo.com\/index.php\/2026\/01\/21\/francia-no-boicoteaar-el-mundial\/#breadcrumb\",\"itemListElement\":[{\"@type\":\"ListItem\",\"position\":1,\"name\":\"Inicio\",\"item\":\"https:\/\/esbozodeportivo.com\/\"},{\"@type\":\"ListItem\",\"position\":2,\"name\":\"Francia no boicotea\u00e1r el Mundial\"}]},{\"@type\":\"WebSite\",\"@id\":\"https:\/\/esbozodeportivo.com\/#website\",\"url\":\"https:\/\/esbozodeportivo.com\/\",\"name\":\"Esbozo Deportivo\",\"description\":\"Lo m\u00e1s importante del Deporte\",\"publisher\":{\"@id\":\"https:\/\/esbozodeportivo.com\/#organization\"},\"potentialAction\":[{\"@type\":\"SearchAction\",\"target\":{\"@type\":\"EntryPoint\",\"urlTemplate\":\"https:\/\/esbozodeportivo.com\/?s={search_term_string}\"},\"query-input\":{\"@type\":\"PropertyValueSpecification\",\"valueRequired\":true,\"valueName\":\"search_term_string\"}}],\"inLanguage\":\"es\"},{\"@type\":\"Organization\",\"@id\":\"https:\/\/esbozodeportivo.com\/#organization\",\"name\":\"Esbozo Deportivo\",\"url\":\"https:\/\/esbozodeportivo.com\/\",\"logo\":{\"@type\":\"ImageObject\",\"inLanguage\":\"es\",\"@id\":\"https:\/\/esbozodeportivo.com\/#\/schema\/logo\/image\/\",\"url\":\"https:\/\/esbozodeportivo.com\/wp-content\/uploads\/2022\/08\/cropped-Logo-Esbozo-Web-2.png\",\"contentUrl\":\"https:\/\/esbozodeportivo.com\/wp-content\/uploads\/2022\/08\/cropped-Logo-Esbozo-Web-2.png\",\"width\":180,\"height\":50,\"caption\":\"Esbozo Deportivo\"},\"image\":{\"@id\":\"https:\/\/esbozodeportivo.com\/#\/schema\/logo\/image\/\"}},{\"@type\":\"Person\",\"@id\":\"https:\/\/esbozodeportivo.com\/#\/schema\/person\/0f6df9196dfe6740dd0bb31bae50d374\",\"name\":\"Redacci\u00f3n\",\"image\":{\"@type\":\"ImageObject\",\"inLanguage\":\"es\",\"@id\":\"https:\/\/esbozodeportivo.com\/#\/schema\/person\/image\/\",\"url\":\"https:\/\/secure.gravatar.com\/avatar\/f55268a89c3b418f2ef172ff52ab0d09b3e653c58de29539fe329fb93d78ebf3?s=96&d=mm&r=g\",\"contentUrl\":\"https:\/\/secure.gravatar.com\/avatar\/f55268a89c3b418f2ef172ff52ab0d09b3e653c58de29539fe329fb93d78ebf3?s=96&d=mm&r=g\",\"caption\":\"Redacci\u00f3n\"},\"url\":\"https:\/\/esbozodeportivo.com\/index.php\/author\/redaccion\/\"}]}<\/script>\n<!-- \/ Yoast SEO plugin. -->","yoast_head_json":{"title":"Francia no boicotea\u00e1r el Mundial - Esbozo Deportivo","description":"La ministra de deportes de Francia asegur\u00f3 que su pa\u00eds no est\u00e1 pensando actualmente en boicotear la Copa Mundial de f\u00fatbol en Estados Unidos en medio de crecientes tensiones relacionadas con el empe\u00f1o de Donald Trump de controlar Groenlandia.","robots":{"index":"index","follow":"follow","max-snippet":"max-snippet:-1","max-image-preview":"max-image-preview:large","max-video-preview":"max-video-preview:-1"},"canonical":"https:\/\/esbozodeportivo.com\/index.php\/2026\/01\/21\/francia-no-boicoteaar-el-mundial\/","og_locale":"es_MX","og_type":"article","og_title":"Francia no boicotea\u00e1r el Mundial - Esbozo Deportivo","og_description":"La ministra de deportes de Francia asegur\u00f3 que su pa\u00eds no est\u00e1 pensando actualmente en boicotear la Copa Mundial de f\u00fatbol en Estados Unidos en medio de crecientes tensiones relacionadas con el empe\u00f1o de Donald Trump de controlar Groenlandia.","og_url":"https:\/\/esbozodeportivo.com\/index.php\/2026\/01\/21\/francia-no-boicoteaar-el-mundial\/","og_site_name":"Esbozo Deportivo","article_published_time":"2026-01-22T05:50:08+00:00","article_modified_time":"2026-01-22T05:50:10+00:00","og_image":[{"width":980,"height":653,"url":"https:\/\/esbozodeportivo.com\/wp-content\/uploads\/2026\/01\/1a28ce8d-a2dd-4b43-805d-f346ab332161.jpg","type":"image\/jpeg"}],"author":"Redacci\u00f3n","twitter_card":"summary_large_image","twitter_misc":{"Escrito por":"Redacci\u00f3n","Tiempo de lectura":"2 minutos"},"schema":{"@context":"https:\/\/schema.org","@graph":[{"@type":"Article","@id":"https:\/\/esbozodeportivo.com\/index.php\/2026\/01\/21\/francia-no-boicoteaar-el-mundial\/#article","isPartOf":{"@id":"https:\/\/esbozodeportivo.com\/index.php\/2026\/01\/21\/francia-no-boicoteaar-el-mundial\/"},"author":{"name":"Redacci\u00f3n","@id":"https:\/\/esbozodeportivo.com\/#\/schema\/person\/0f6df9196dfe6740dd0bb31bae50d374"},"headline":"Francia no boicotea\u00e1r el Mundial","datePublished":"2026-01-22T05:50:08+00:00","dateModified":"2026-01-22T05:50:10+00:00","mainEntityOfPage":{"@id":"https:\/\/esbozodeportivo.com\/index.php\/2026\/01\/21\/francia-no-boicoteaar-el-mundial\/"},"wordCount":382,"publisher":{"@id":"https:\/\/esbozodeportivo.com\/#organization"},"image":{"@id":"https:\/\/esbozodeportivo.com\/index.php\/2026\/01\/21\/francia-no-boicoteaar-el-mundial\/#primaryimage"},"thumbnailUrl":"https:\/\/esbozodeportivo.com\/wp-content\/uploads\/2026\/01\/1a28ce8d-a2dd-4b43-805d-f346ab332161.jpg","articleSection":["Mundial 2026"],"inLanguage":"es"},{"@type":"WebPage","@id":"https:\/\/esbozodeportivo.com\/index.php\/2026\/01\/21\/francia-no-boicoteaar-el-mundial\/","url":"https:\/\/esbozodeportivo.com\/index.php\/2026\/01\/21\/francia-no-boicoteaar-el-mundial\/","name":"Francia no boicotea\u00e1r el Mundial - Esbozo Deportivo","isPartOf":{"@id":"https:\/\/esbozodeportivo.com\/#website"},"primaryImageOfPage":{"@id":"https:\/\/esbozodeportivo.com\/index.php\/2026\/01\/21\/francia-no-boicoteaar-el-mundial\/#primaryimage"},"image":{"@id":"https:\/\/esbozodeportivo.com\/index.php\/2026\/01\/21\/francia-no-boicoteaar-el-mundial\/#primaryimage"},"thumbnailUrl":"https:\/\/esbozodeportivo.com\/wp-content\/uploads\/2026\/01\/1a28ce8d-a2dd-4b43-805d-f346ab332161.jpg","datePublished":"2026-01-22T05:50:08+00:00","dateModified":"2026-01-22T05:50:10+00:00","description":"La ministra de deportes de Francia asegur\u00f3 que su pa\u00eds no est\u00e1 pensando actualmente en boicotear la Copa Mundial de f\u00fatbol en Estados Unidos en medio de crecientes tensiones relacionadas con el empe\u00f1o de Donald Trump de controlar Groenlandia.","breadcrumb":{"@id":"https:\/\/esbozodeportivo.com\/index.php\/2026\/01\/21\/francia-no-boicoteaar-el-mundial\/#breadcrumb"},"inLanguage":"es","potentialAction":[{"@type":"ReadAction","target":["https:\/\/esbozodeportivo.com\/index.php\/2026\/01\/21\/francia-no-boicoteaar-el-mundial\/"]}]},{"@type":"ImageObject","inLanguage":"es","@id":"https:\/\/esbozodeportivo.com\/index.php\/2026\/01\/21\/francia-no-boicoteaar-el-mundial\/#primaryimage","url":"https:\/\/esbozodeportivo.com\/wp-content\/uploads\/2026\/01\/1a28ce8d-a2dd-4b43-805d-f346ab332161.jpg","contentUrl":"https:\/\/esbozodeportivo.com\/wp-content\/uploads\/2026\/01\/1a28ce8d-a2dd-4b43-805d-f346ab332161.jpg","width":980,"height":653},{"@type":"BreadcrumbList","@id":"https:\/\/esbozodeportivo.com\/index.php\/2026\/01\/21\/francia-no-boicoteaar-el-mundial\/#breadcrumb","itemListElement":[{"@type":"ListItem","position":1,"name":"Inicio","item":"https:\/\/esbozodeportivo.com\/"},{"@type":"ListItem","position":2,"name":"Francia no boicotea\u00e1r el Mundial"}]},{"@type":"WebSite","@id":"https:\/\/esbozodeportivo.com\/#website","url":"https:\/\/esbozodeportivo.com\/","name":"Esbozo Deportivo","description":"Lo m\u00e1s importante del Deporte","publisher":{"@id":"https:\/\/esbozodeportivo.com\/#organization"},"potentialAction":[{"@type":"SearchAction","target":{"@type":"EntryPoint","urlTemplate":"https:\/\/esbozodeportivo.com\/?s={search_term_string}"},"query-input":{"@type":"PropertyValueSpecification","valueRequired":true,"valueName":"search_term_string"}}],"inLanguage":"es"},{"@type":"Organization","@id":"https:\/\/esbozodeportivo.com\/#organization","name":"Esbozo Deportivo","url":"https:\/\/esbozodeportivo.com\/","logo":{"@type":"ImageObject","inLanguage":"es","@id":"https:\/\/esbozodeportivo.com\/#\/schema\/logo\/image\/","url":"https:\/\/esbozodeportivo.com\/wp-content\/uploads\/2022\/08\/cropped-Logo-Esbozo-Web-2.png","contentUrl":"https:\/\/esbozodeportivo.com\/wp-content\/uploads\/2022\/08\/cropped-Logo-Esbozo-Web-2.png","width":180,"height":50,"caption":"Esbozo Deportivo"},"image":{"@id":"https:\/\/esbozodeportivo.com\/#\/schema\/logo\/image\/"}},{"@type":"Person","@id":"https:\/\/esbozodeportivo.com\/#\/schema\/person\/0f6df9196dfe6740dd0bb31bae50d374","name":"Redacci\u00f3n","image":{"@type":"ImageObject","inLanguage":"es","@id":"https:\/\/esbozodeportivo.com\/#\/schema\/person\/image\/","url":"https:\/\/secure.gravatar.com\/avatar\/f55268a89c3b418f2ef172ff52ab0d09b3e653c58de29539fe329fb93d78ebf3?s=96&d=mm&r=g","contentUrl":"https:\/\/secure.gravatar.com\/avatar\/f55268a89c3b418f2ef172ff52ab0d09b3e653c58de29539fe329fb93d78ebf3?s=96&d=mm&r=g","caption":"Redacci\u00f3n"},"url":"https:\/\/esbozodeportivo.com\/index.php\/author\/redaccion\/"}]}},"jetpack_featured_media_url":"https:\/\/esbozodeportivo.com\/wp-content\/uploads\/2026\/01\/1a28ce8d-a2dd-4b43-805d-f346ab332161.jpg","jetpack_sharing_enabled":true,"_links":{"self":[{"href":"https:\/\/esbozodeportivo.com\/index.php\/wp-json\/wp\/v2\/posts\/12529","targetHints":{"allow":["GET"]}}],"collection":[{"href":"https:\/\/esbozodeportivo.com\/index.php\/wp-json\/wp\/v2\/posts"}],"about":[{"href":"https:\/\/esbozodeportivo.com\/index.php\/wp-json\/wp\/v2\/types\/post"}],"author":[{"embeddable":true,"href":"https:\/\/esbozodeportivo.com\/index.php\/wp-json\/wp\/v2\/users\/4"}],"replies":[{"embeddable":true,"href":"https:\/\/esbozodeportivo.com\/index.php\/wp-json\/wp\/v2\/comments?post=12529"}],"version-history":[{"count":1,"href":"https:\/\/esbozodeportivo.com\/index.php\/wp-json\/wp\/v2\/posts\/12529\/revisions"}],"predecessor-version":[{"id":12530,"href":"https:\/\/esbozodeportivo.com\/index.php\/wp-json\/wp\/v2\/posts\/12529\/revisions\/12530"}],"wp:featuredmedia":[{"embeddable":true,"href":"https:\/\/esbozodeportivo.com\/index.php\/wp-json\/wp\/v2\/media\/12513"}],"wp:attachment":[{"href":"https:\/\/esbozodeportivo.com\/index.php\/wp-json\/wp\/v2\/media?parent=12529"}],"wp:term":[{"taxonomy":"category","embeddable":true,"href":"https:\/\/esbozodeportivo.com\/index.php\/wp-json\/wp\/v2\/categories?post=12529"},{"taxonomy":"post_tag","embeddable":true,"href":"https:\/\/esbozodeportivo.com\/index.php\/wp-json\/wp\/v2\/tags?post=12529"}],"curies":[{"name":"wp","href":"https:\/\/api.w.org\/{rel}","templated":true}]}}