{"id":12537,"date":"2026-01-21T23:56:22","date_gmt":"2026-01-22T05:56:22","guid":{"rendered":"https:\/\/esbozodeportivo.com\/?p=12537"},"modified":"2026-01-21T23:56:23","modified_gmt":"2026-01-22T05:56:23","slug":"mexico-inicia-ronda-de-ensayos","status":"publish","type":"post","link":"https:\/\/esbozodeportivo.com\/index.php\/2026\/01\/21\/mexico-inicia-ronda-de-ensayos\/","title":{"rendered":"M\u00e9xico inicia ronda de ensayos"},"content":{"rendered":"\n<p>(Foto: Agencias) <\/p>\n\n\n\n<p>Con jugadores de la liga local y uno de la MLS, la selecci\u00f3n de M\u00e9xico iniciar\u00e1 una ronda de ensayos previos al Mundial del 2026 este jueves, cuando enfrente a Panam\u00e1.<\/p>\n\n\n\n<p>Ser\u00e1 el primero de dos partidos de preparaci\u00f3n que el Tri disputar\u00e1 esta semana.<\/p>\n\n\n\n<p>Coanfitriones del torneo junto con Estados Unidos y Canad\u00e1, los mexicanos tienen a cargo protagonizar el partido inaugural de la Copa del Mundo, pautado para el 11 de junio ante Sud\u00e1frica. Se medir\u00e1n posteriormente contra Corea del Sur y el ganador de un repechaje de Europa.<\/p>\n\n\n\n<p>\u201cTomando en cuenta que, aproximadamente el 60 o 70% (de la selecci\u00f3n) son jugadores de la Liga MX, son importantes estos partidos\u201d, coment\u00f3 el presidente de la Federaci\u00f3n Mexicana, Ivar Sisniega a la cadena Televisa.<\/p>\n\n\n\n<p>Entre los 27 jugadores citados por Javier Aguirre se encuentran el arquero Luis Malag\u00f3n y el lateral Jes\u00fas Gallardo, adem\u00e1s de los volantes Erik Lira y Roberto Alvarado. Los cuatro se perfilan como titulares en el Mundial.<\/p>\n\n\n\n<p>\u201cHay que disipar dudas individuales, b\u00e1sicamente estamos avanzando en la elecci\u00f3n de jugadores, pero ya tenemos una idea de juego\u201d, dijo Aguirre en una rueda de prensa en Panam\u00e1 previo al entrenamiento en el estadio Rommel Fern\u00e1ndez. \u201cHay jugadores con un buen rendimiento en la liga que merecen ser vistos\u201d.<\/p>\n\n\n\n<p>El juvenil volante Gilberto Mora, otro jugador que podr\u00eda ir desde el vamos el 11 de junio, se baj\u00f3 de la convocatoria a \u00faltima hora por lesi\u00f3n.<\/p>\n\n\n\n<p>\u201cEs un jugador que est\u00e1bamos utilizando mucho y que es importante para nosotros, lleg\u00f3 con una molestia y decidimos mandarlo a Tijuana porque no es necesario tenerlo para no afectarlo m\u00e1s\u201d, dijo Aguirre. \u201cS\u00e9 que le est\u00e1n haciendo evaluaciones y estudios, pero no tenemos nada concreto, s\u00f3lo s\u00e9 que tiene molestias\u201d.<\/p>\n\n\n\n<p>El \u00fanico jugador convocado por Aguirre que no est\u00e1 en la Liga MX es el centrocampista Obed Vega, de los Seattle Sounders de la MLS.<\/p>\n\n\n\n<p>Despu\u00e9s de medirse a los paname\u00f1os, M\u00e9xico enfrentar\u00e1 a Bolivia en Santa Cruz de la Sierra el pr\u00f3ximo domingo.<\/p>\n\n\n\n<p>Para Aguirre, los encuentros tendr\u00e1n el objetivo de darle una mirada a jugadores nuevos, especialmente en posiciones que siguen sin un due\u00f1o como el lateral derecho donde ha probado a media decena de jugadores y nadie lo ha convencido.<\/p>\n\n\n\n<p>Quien buscar\u00e1 aprovechar para sumar m\u00e9ritos en ese puesto durante los encuentros es Richard Ledezma. Acaba de recibir el aval de la FIFA para poder jugar con M\u00e9xico.<\/p>\n\n\n\n<p>\u201cEs una preocupaci\u00f3n el lateral derecho y a Richard lo conozco del PSV, le vino bien venirse a M\u00e9xico, yo habl\u00e9 con \u00e9 cuando estaba en Holanda de la posibilidad de venir\u201d, afirm\u00f3 el entrenador. \u201cLo conozco, hay que corregirle aspectos defensivos, pero estoy contento con lo que he visto\u201d.<\/p>\n\n\n\n<p>Ledezma represent\u00f3 a Estados Unidos en categor\u00edas con l\u00edmite de edad, incluyendo el Mundial Sub20 de Polonia en 2019.<\/p>\n\n\n\n<p>\u201cHay posiciones que no tiene definida de manera clara y en estos partidos podr\u00e1 ver con detenimiento a jugadores de la Liga MX donde quiz\u00e1 tenga dudas\u201d, dijo Sisniega.<\/p>\n\n\n\n<p>El estratega, que se apresta a dirigir su tercer Mundial, dijo que para la fecha FIFA de marzo, cuando el Tri enfrentar\u00e1 a Portugal y B\u00e9lgica, el equipo ser\u00e1 pr\u00e1cticamente el mismo que jugar\u00e1 la Copa del Mundo.<\/p>\n\n\n\n<p>\u201cLos que vengan a esa convocatoria (28) ser\u00e1 una aproximaci\u00f3n muy cercana al grupo final\u201d, resalt\u00f3 Sisniega. \u201cPuede haber cambios, pero pr\u00e1cticamente veremos a los jugadores que est\u00e1n contemplados en la lista final\u201d.<\/p>\n\n\n\n<p>Despu\u00e9s de esos dos encuentros de marzo, los dirigentes buscan realizar al menos dos encuentros m\u00e1s antes del Mundial, pero no han cerrado las negociaciones con los probables oponentes.<\/p>\n\n\n\n<p>Panam\u00e1, por su primer triunfo del a\u00f1o<\/p>\n\n\n\n<p>Los canaleros comenzaron su preparaci\u00f3n con un empate 1-1 ante Bolivia el domingo.<\/p>\n\n\n\n<p>El t\u00e9cnico Thomas Christiansen se ausent\u00f3 del entrenamiento del martes por problemas estomacales, pero se espera est\u00e9 en el banquillo ante el Tri.<\/p>\n\n\n\n<p>\u201cPara m\u00ed (estos partidos) no son una peque\u00f1a oportunidad, son una gran oportunidad. Hay jugadores que con estos dos partidos pueden ganarse una nueva convocatoria en marzo y pelear los \u00faltimos puestos\u201d, dijo Christiansen. \u201cNo hay nada cerrado\u201d<\/p>\n\n\n\n<p>Panam\u00e1 qued\u00f3 ubicado en el Grupo L del Mundial junto con Ghana, Croacia e Inglaterra.<\/p>\n\n\n\n<p>Despu\u00e9s de enfrentar a los mexicanos, los paname\u00f1os tendr\u00e1n otros cuatro partidos de preparaci\u00f3n previo a su debut en el Mundial.<\/p>\n\n\n\n<p><\/p>\n","protected":false},"excerpt":{"rendered":"<p>(Foto: Agencias) Con jugadores de la liga local y uno de la MLS, la selecci\u00f3n<\/p>\n","protected":false},"author":4,"featured_media":12523,"comment_status":"closed","ping_status":"open","sticky":false,"template":"","format":"standard","meta":{"_jetpack_memberships_contains_paid_content":false,"footnotes":""},"categories":[71],"tags":[],"class_list":["post-12537","post","type-post","status-publish","format-standard","has-post-thumbnail","hentry","category-mundial-2026"],"yoast_head":"<!-- This site is optimized with the Yoast SEO plugin v25.7 - https:\/\/yoast.com\/wordpress\/plugins\/seo\/ -->\n<title>M\u00e9xico inicia ronda de ensayos - Esbozo Deportivo<\/title>\n<meta name=\"description\" content=\"Con jugadores de la liga local y uno de la MLS, la selecci\u00f3n de M\u00e9xico iniciar\u00e1 una ronda de ensayos previos al Mundial del 2026 este jueves, cuando enfrente a Panam\u00e1.\" \/>\n<meta name=\"robots\" content=\"index, follow, max-snippet:-1, max-image-preview:large, max-video-preview:-1\" \/>\n<link rel=\"canonical\" href=\"https:\/\/esbozodeportivo.com\/index.php\/2026\/01\/21\/mexico-inicia-ronda-de-ensayos\/\" \/>\n<meta property=\"og:locale\" content=\"es_MX\" \/>\n<meta property=\"og:type\" content=\"article\" \/>\n<meta property=\"og:title\" content=\"M\u00e9xico inicia ronda de ensayos - Esbozo Deportivo\" \/>\n<meta property=\"og:description\" content=\"Con jugadores de la liga local y uno de la MLS, la selecci\u00f3n de M\u00e9xico iniciar\u00e1 una ronda de ensayos previos al Mundial del 2026 este jueves, cuando enfrente a Panam\u00e1.\" \/>\n<meta property=\"og:url\" content=\"https:\/\/esbozodeportivo.com\/index.php\/2026\/01\/21\/mexico-inicia-ronda-de-ensayos\/\" \/>\n<meta property=\"og:site_name\" content=\"Esbozo Deportivo\" \/>\n<meta property=\"article:published_time\" content=\"2026-01-22T05:56:22+00:00\" \/>\n<meta property=\"article:modified_time\" content=\"2026-01-22T05:56:23+00:00\" \/>\n<meta property=\"og:image\" content=\"https:\/\/esbozodeportivo.com\/wp-content\/uploads\/2026\/01\/fc987105-38fb-4de7-ac56-2eaf236cbacf.jpg\" \/>\n\t<meta property=\"og:image:width\" content=\"980\" \/>\n\t<meta property=\"og:image:height\" content=\"653\" \/>\n\t<meta property=\"og:image:type\" content=\"image\/jpeg\" \/>\n<meta name=\"author\" content=\"Redacci\u00f3n\" \/>\n<meta name=\"twitter:card\" content=\"summary_large_image\" \/>\n<meta name=\"twitter:label1\" content=\"Escrito por\" \/>\n\t<meta name=\"twitter:data1\" content=\"Redacci\u00f3n\" \/>\n\t<meta name=\"twitter:label2\" content=\"Tiempo de lectura\" \/>\n\t<meta name=\"twitter:data2\" content=\"4 minutos\" \/>\n<script type=\"application\/ld+json\" class=\"yoast-schema-graph\">{\"@context\":\"https:\/\/schema.org\",\"@graph\":[{\"@type\":\"Article\",\"@id\":\"https:\/\/esbozodeportivo.com\/index.php\/2026\/01\/21\/mexico-inicia-ronda-de-ensayos\/#article\",\"isPartOf\":{\"@id\":\"https:\/\/esbozodeportivo.com\/index.php\/2026\/01\/21\/mexico-inicia-ronda-de-ensayos\/\"},\"author\":{\"name\":\"Redacci\u00f3n\",\"@id\":\"https:\/\/esbozodeportivo.com\/#\/schema\/person\/0f6df9196dfe6740dd0bb31bae50d374\"},\"headline\":\"M\u00e9xico inicia ronda de ensayos\",\"datePublished\":\"2026-01-22T05:56:22+00:00\",\"dateModified\":\"2026-01-22T05:56:23+00:00\",\"mainEntityOfPage\":{\"@id\":\"https:\/\/esbozodeportivo.com\/index.php\/2026\/01\/21\/mexico-inicia-ronda-de-ensayos\/\"},\"wordCount\":762,\"publisher\":{\"@id\":\"https:\/\/esbozodeportivo.com\/#organization\"},\"image\":{\"@id\":\"https:\/\/esbozodeportivo.com\/index.php\/2026\/01\/21\/mexico-inicia-ronda-de-ensayos\/#primaryimage\"},\"thumbnailUrl\":\"https:\/\/esbozodeportivo.com\/wp-content\/uploads\/2026\/01\/fc987105-38fb-4de7-ac56-2eaf236cbacf.jpg\",\"articleSection\":[\"Mundial 2026\"],\"inLanguage\":\"es\"},{\"@type\":\"WebPage\",\"@id\":\"https:\/\/esbozodeportivo.com\/index.php\/2026\/01\/21\/mexico-inicia-ronda-de-ensayos\/\",\"url\":\"https:\/\/esbozodeportivo.com\/index.php\/2026\/01\/21\/mexico-inicia-ronda-de-ensayos\/\",\"name\":\"M\u00e9xico inicia ronda de ensayos - Esbozo Deportivo\",\"isPartOf\":{\"@id\":\"https:\/\/esbozodeportivo.com\/#website\"},\"primaryImageOfPage\":{\"@id\":\"https:\/\/esbozodeportivo.com\/index.php\/2026\/01\/21\/mexico-inicia-ronda-de-ensayos\/#primaryimage\"},\"image\":{\"@id\":\"https:\/\/esbozodeportivo.com\/index.php\/2026\/01\/21\/mexico-inicia-ronda-de-ensayos\/#primaryimage\"},\"thumbnailUrl\":\"https:\/\/esbozodeportivo.com\/wp-content\/uploads\/2026\/01\/fc987105-38fb-4de7-ac56-2eaf236cbacf.jpg\",\"datePublished\":\"2026-01-22T05:56:22+00:00\",\"dateModified\":\"2026-01-22T05:56:23+00:00\",\"description\":\"Con jugadores de la liga local y uno de la MLS, la selecci\u00f3n de M\u00e9xico iniciar\u00e1 una ronda de ensayos previos al Mundial del 2026 este jueves, cuando enfrente a Panam\u00e1.\",\"breadcrumb\":{\"@id\":\"https:\/\/esbozodeportivo.com\/index.php\/2026\/01\/21\/mexico-inicia-ronda-de-ensayos\/#breadcrumb\"},\"inLanguage\":\"es\",\"potentialAction\":[{\"@type\":\"ReadAction\",\"target\":[\"https:\/\/esbozodeportivo.com\/index.php\/2026\/01\/21\/mexico-inicia-ronda-de-ensayos\/\"]}]},{\"@type\":\"ImageObject\",\"inLanguage\":\"es\",\"@id\":\"https:\/\/esbozodeportivo.com\/index.php\/2026\/01\/21\/mexico-inicia-ronda-de-ensayos\/#primaryimage\",\"url\":\"https:\/\/esbozodeportivo.com\/wp-content\/uploads\/2026\/01\/fc987105-38fb-4de7-ac56-2eaf236cbacf.jpg\",\"contentUrl\":\"https:\/\/esbozodeportivo.com\/wp-content\/uploads\/2026\/01\/fc987105-38fb-4de7-ac56-2eaf236cbacf.jpg\",\"width\":980,\"height\":653},{\"@type\":\"BreadcrumbList\",\"@id\":\"https:\/\/esbozodeportivo.com\/index.php\/2026\/01\/21\/mexico-inicia-ronda-de-ensayos\/#breadcrumb\",\"itemListElement\":[{\"@type\":\"ListItem\",\"position\":1,\"name\":\"Inicio\",\"item\":\"https:\/\/esbozodeportivo.com\/\"},{\"@type\":\"ListItem\",\"position\":2,\"name\":\"M\u00e9xico inicia ronda de ensayos\"}]},{\"@type\":\"WebSite\",\"@id\":\"https:\/\/esbozodeportivo.com\/#website\",\"url\":\"https:\/\/esbozodeportivo.com\/\",\"name\":\"Esbozo Deportivo\",\"description\":\"Lo m\u00e1s importante del Deporte\",\"publisher\":{\"@id\":\"https:\/\/esbozodeportivo.com\/#organization\"},\"potentialAction\":[{\"@type\":\"SearchAction\",\"target\":{\"@type\":\"EntryPoint\",\"urlTemplate\":\"https:\/\/esbozodeportivo.com\/?s={search_term_string}\"},\"query-input\":{\"@type\":\"PropertyValueSpecification\",\"valueRequired\":true,\"valueName\":\"search_term_string\"}}],\"inLanguage\":\"es\"},{\"@type\":\"Organization\",\"@id\":\"https:\/\/esbozodeportivo.com\/#organization\",\"name\":\"Esbozo Deportivo\",\"url\":\"https:\/\/esbozodeportivo.com\/\",\"logo\":{\"@type\":\"ImageObject\",\"inLanguage\":\"es\",\"@id\":\"https:\/\/esbozodeportivo.com\/#\/schema\/logo\/image\/\",\"url\":\"https:\/\/esbozodeportivo.com\/wp-content\/uploads\/2022\/08\/cropped-Logo-Esbozo-Web-2.png\",\"contentUrl\":\"https:\/\/esbozodeportivo.com\/wp-content\/uploads\/2022\/08\/cropped-Logo-Esbozo-Web-2.png\",\"width\":180,\"height\":50,\"caption\":\"Esbozo Deportivo\"},\"image\":{\"@id\":\"https:\/\/esbozodeportivo.com\/#\/schema\/logo\/image\/\"}},{\"@type\":\"Person\",\"@id\":\"https:\/\/esbozodeportivo.com\/#\/schema\/person\/0f6df9196dfe6740dd0bb31bae50d374\",\"name\":\"Redacci\u00f3n\",\"image\":{\"@type\":\"ImageObject\",\"inLanguage\":\"es\",\"@id\":\"https:\/\/esbozodeportivo.com\/#\/schema\/person\/image\/\",\"url\":\"https:\/\/secure.gravatar.com\/avatar\/f55268a89c3b418f2ef172ff52ab0d09b3e653c58de29539fe329fb93d78ebf3?s=96&d=mm&r=g\",\"contentUrl\":\"https:\/\/secure.gravatar.com\/avatar\/f55268a89c3b418f2ef172ff52ab0d09b3e653c58de29539fe329fb93d78ebf3?s=96&d=mm&r=g\",\"caption\":\"Redacci\u00f3n\"},\"url\":\"https:\/\/esbozodeportivo.com\/index.php\/author\/redaccion\/\"}]}<\/script>\n<!-- \/ Yoast SEO plugin. -->","yoast_head_json":{"title":"M\u00e9xico inicia ronda de ensayos - Esbozo Deportivo","description":"Con jugadores de la liga local y uno de la MLS, la selecci\u00f3n de M\u00e9xico iniciar\u00e1 una ronda de ensayos previos al Mundial del 2026 este jueves, cuando enfrente a Panam\u00e1.","robots":{"index":"index","follow":"follow","max-snippet":"max-snippet:-1","max-image-preview":"max-image-preview:large","max-video-preview":"max-video-preview:-1"},"canonical":"https:\/\/esbozodeportivo.com\/index.php\/2026\/01\/21\/mexico-inicia-ronda-de-ensayos\/","og_locale":"es_MX","og_type":"article","og_title":"M\u00e9xico inicia ronda de ensayos - Esbozo Deportivo","og_description":"Con jugadores de la liga local y uno de la MLS, la selecci\u00f3n de M\u00e9xico iniciar\u00e1 una ronda de ensayos previos al Mundial del 2026 este jueves, cuando enfrente a Panam\u00e1.","og_url":"https:\/\/esbozodeportivo.com\/index.php\/2026\/01\/21\/mexico-inicia-ronda-de-ensayos\/","og_site_name":"Esbozo Deportivo","article_published_time":"2026-01-22T05:56:22+00:00","article_modified_time":"2026-01-22T05:56:23+00:00","og_image":[{"width":980,"height":653,"url":"https:\/\/esbozodeportivo.com\/wp-content\/uploads\/2026\/01\/fc987105-38fb-4de7-ac56-2eaf236cbacf.jpg","type":"image\/jpeg"}],"author":"Redacci\u00f3n","twitter_card":"summary_large_image","twitter_misc":{"Escrito por":"Redacci\u00f3n","Tiempo de lectura":"4 minutos"},"schema":{"@context":"https:\/\/schema.org","@graph":[{"@type":"Article","@id":"https:\/\/esbozodeportivo.com\/index.php\/2026\/01\/21\/mexico-inicia-ronda-de-ensayos\/#article","isPartOf":{"@id":"https:\/\/esbozodeportivo.com\/index.php\/2026\/01\/21\/mexico-inicia-ronda-de-ensayos\/"},"author":{"name":"Redacci\u00f3n","@id":"https:\/\/esbozodeportivo.com\/#\/schema\/person\/0f6df9196dfe6740dd0bb31bae50d374"},"headline":"M\u00e9xico inicia ronda de ensayos","datePublished":"2026-01-22T05:56:22+00:00","dateModified":"2026-01-22T05:56:23+00:00","mainEntityOfPage":{"@id":"https:\/\/esbozodeportivo.com\/index.php\/2026\/01\/21\/mexico-inicia-ronda-de-ensayos\/"},"wordCount":762,"publisher":{"@id":"https:\/\/esbozodeportivo.com\/#organization"},"image":{"@id":"https:\/\/esbozodeportivo.com\/index.php\/2026\/01\/21\/mexico-inicia-ronda-de-ensayos\/#primaryimage"},"thumbnailUrl":"https:\/\/esbozodeportivo.com\/wp-content\/uploads\/2026\/01\/fc987105-38fb-4de7-ac56-2eaf236cbacf.jpg","articleSection":["Mundial 2026"],"inLanguage":"es"},{"@type":"WebPage","@id":"https:\/\/esbozodeportivo.com\/index.php\/2026\/01\/21\/mexico-inicia-ronda-de-ensayos\/","url":"https:\/\/esbozodeportivo.com\/index.php\/2026\/01\/21\/mexico-inicia-ronda-de-ensayos\/","name":"M\u00e9xico inicia ronda de ensayos - Esbozo Deportivo","isPartOf":{"@id":"https:\/\/esbozodeportivo.com\/#website"},"primaryImageOfPage":{"@id":"https:\/\/esbozodeportivo.com\/index.php\/2026\/01\/21\/mexico-inicia-ronda-de-ensayos\/#primaryimage"},"image":{"@id":"https:\/\/esbozodeportivo.com\/index.php\/2026\/01\/21\/mexico-inicia-ronda-de-ensayos\/#primaryimage"},"thumbnailUrl":"https:\/\/esbozodeportivo.com\/wp-content\/uploads\/2026\/01\/fc987105-38fb-4de7-ac56-2eaf236cbacf.jpg","datePublished":"2026-01-22T05:56:22+00:00","dateModified":"2026-01-22T05:56:23+00:00","description":"Con jugadores de la liga local y uno de la MLS, la selecci\u00f3n de M\u00e9xico iniciar\u00e1 una ronda de ensayos previos al Mundial del 2026 este jueves, cuando enfrente a Panam\u00e1.","breadcrumb":{"@id":"https:\/\/esbozodeportivo.com\/index.php\/2026\/01\/21\/mexico-inicia-ronda-de-ensayos\/#breadcrumb"},"inLanguage":"es","potentialAction":[{"@type":"ReadAction","target":["https:\/\/esbozodeportivo.com\/index.php\/2026\/01\/21\/mexico-inicia-ronda-de-ensayos\/"]}]},{"@type":"ImageObject","inLanguage":"es","@id":"https:\/\/esbozodeportivo.com\/index.php\/2026\/01\/21\/mexico-inicia-ronda-de-ensayos\/#primaryimage","url":"https:\/\/esbozodeportivo.com\/wp-content\/uploads\/2026\/01\/fc987105-38fb-4de7-ac56-2eaf236cbacf.jpg","contentUrl":"https:\/\/esbozodeportivo.com\/wp-content\/uploads\/2026\/01\/fc987105-38fb-4de7-ac56-2eaf236cbacf.jpg","width":980,"height":653},{"@type":"BreadcrumbList","@id":"https:\/\/esbozodeportivo.com\/index.php\/2026\/01\/21\/mexico-inicia-ronda-de-ensayos\/#breadcrumb","itemListElement":[{"@type":"ListItem","position":1,"name":"Inicio","item":"https:\/\/esbozodeportivo.com\/"},{"@type":"ListItem","position":2,"name":"M\u00e9xico inicia ronda de ensayos"}]},{"@type":"WebSite","@id":"https:\/\/esbozodeportivo.com\/#website","url":"https:\/\/esbozodeportivo.com\/","name":"Esbozo Deportivo","description":"Lo m\u00e1s importante del Deporte","publisher":{"@id":"https:\/\/esbozodeportivo.com\/#organization"},"potentialAction":[{"@type":"SearchAction","target":{"@type":"EntryPoint","urlTemplate":"https:\/\/esbozodeportivo.com\/?s={search_term_string}"},"query-input":{"@type":"PropertyValueSpecification","valueRequired":true,"valueName":"search_term_string"}}],"inLanguage":"es"},{"@type":"Organization","@id":"https:\/\/esbozodeportivo.com\/#organization","name":"Esbozo Deportivo","url":"https:\/\/esbozodeportivo.com\/","logo":{"@type":"ImageObject","inLanguage":"es","@id":"https:\/\/esbozodeportivo.com\/#\/schema\/logo\/image\/","url":"https:\/\/esbozodeportivo.com\/wp-content\/uploads\/2022\/08\/cropped-Logo-Esbozo-Web-2.png","contentUrl":"https:\/\/esbozodeportivo.com\/wp-content\/uploads\/2022\/08\/cropped-Logo-Esbozo-Web-2.png","width":180,"height":50,"caption":"Esbozo Deportivo"},"image":{"@id":"https:\/\/esbozodeportivo.com\/#\/schema\/logo\/image\/"}},{"@type":"Person","@id":"https:\/\/esbozodeportivo.com\/#\/schema\/person\/0f6df9196dfe6740dd0bb31bae50d374","name":"Redacci\u00f3n","image":{"@type":"ImageObject","inLanguage":"es","@id":"https:\/\/esbozodeportivo.com\/#\/schema\/person\/image\/","url":"https:\/\/secure.gravatar.com\/avatar\/f55268a89c3b418f2ef172ff52ab0d09b3e653c58de29539fe329fb93d78ebf3?s=96&d=mm&r=g","contentUrl":"https:\/\/secure.gravatar.com\/avatar\/f55268a89c3b418f2ef172ff52ab0d09b3e653c58de29539fe329fb93d78ebf3?s=96&d=mm&r=g","caption":"Redacci\u00f3n"},"url":"https:\/\/esbozodeportivo.com\/index.php\/author\/redaccion\/"}]}},"jetpack_featured_media_url":"https:\/\/esbozodeportivo.com\/wp-content\/uploads\/2026\/01\/fc987105-38fb-4de7-ac56-2eaf236cbacf.jpg","jetpack_sharing_enabled":true,"_links":{"self":[{"href":"https:\/\/esbozodeportivo.com\/index.php\/wp-json\/wp\/v2\/posts\/12537","targetHints":{"allow":["GET"]}}],"collection":[{"href":"https:\/\/esbozodeportivo.com\/index.php\/wp-json\/wp\/v2\/posts"}],"about":[{"href":"https:\/\/esbozodeportivo.com\/index.php\/wp-json\/wp\/v2\/types\/post"}],"author":[{"embeddable":true,"href":"https:\/\/esbozodeportivo.com\/index.php\/wp-json\/wp\/v2\/users\/4"}],"replies":[{"embeddable":true,"href":"https:\/\/esbozodeportivo.com\/index.php\/wp-json\/wp\/v2\/comments?post=12537"}],"version-history":[{"count":1,"href":"https:\/\/esbozodeportivo.com\/index.php\/wp-json\/wp\/v2\/posts\/12537\/revisions"}],"predecessor-version":[{"id":12538,"href":"https:\/\/esbozodeportivo.com\/index.php\/wp-json\/wp\/v2\/posts\/12537\/revisions\/12538"}],"wp:featuredmedia":[{"embeddable":true,"href":"https:\/\/esbozodeportivo.com\/index.php\/wp-json\/wp\/v2\/media\/12523"}],"wp:attachment":[{"href":"https:\/\/esbozodeportivo.com\/index.php\/wp-json\/wp\/v2\/media?parent=12537"}],"wp:term":[{"taxonomy":"category","embeddable":true,"href":"https:\/\/esbozodeportivo.com\/index.php\/wp-json\/wp\/v2\/categories?post=12537"},{"taxonomy":"post_tag","embeddable":true,"href":"https:\/\/esbozodeportivo.com\/index.php\/wp-json\/wp\/v2\/tags?post=12537"}],"curies":[{"name":"wp","href":"https:\/\/api.w.org\/{rel}","templated":true}]}}