{"id":12558,"date":"2026-01-23T00:11:15","date_gmt":"2026-01-23T06:11:15","guid":{"rendered":"https:\/\/esbozodeportivo.com\/?p=12558"},"modified":"2026-01-23T00:11:16","modified_gmt":"2026-01-23T06:11:16","slug":"minter-nuevo-coach-de-cuervos","status":"publish","type":"post","link":"https:\/\/esbozodeportivo.com\/index.php\/2026\/01\/23\/minter-nuevo-coach-de-cuervos\/","title":{"rendered":"Minter, nuevo coach de Cuervos"},"content":{"rendered":"\n<p>Foto: (Agencias)<\/p>\n\n\n\n<p>Jesse Minter es el nuevo entrenador en jefe de los Ravens de Baltimore.<\/p>\n\n\n\n<p>El club contrat\u00f3 al coordinador defensivo de los Cargadores de Los \u00c1ngeles. Minter reemplaza a John Harbaugh, quien fue despedido a principios de este mes despu\u00e9s de 18 a\u00f1os cuando los Ravens no lograron clasificarse a los playoffs.<\/p>\n\n\n\n<p>Minter, de 42 a\u00f1os, era uno de los nombres m\u00e1s destacados entre los candidatos este invierno. Fue entrevistado virtualmente por varios equipos, incluidos los Steelers de Pittsburgh, que tambi\u00e9n est\u00e1n buscando un entrenador despu\u00e9s de que Mike Tomlin renunciara la semana pasada. Acab\u00f3 en Baltimore, donde su trabajo ser\u00e1 ayudar al quarterback Lamar Jackson, dos veces MVP, a dar el siguiente paso en una carrera que ha sido consistentemente desafortunada en la postemporada.<\/p>\n\n\n\n<p>Minter trabaj\u00f3 con los Chargers durante dos temporadas despu\u00e9s de dos a\u00f1os como coordinador defensivo en la Universidad de Michigan.<\/p>\n\n\n\n<p>El nexo de Minter con Jim Harbaugh en ambos lugares le permiti\u00f3 armar un curr\u00edculum tan s\u00f3lido que lo puso en posici\u00f3n de reemplazar al hermano mayor de Harbaugh.<\/p>\n\n\n\n<p>Los Chargers fueron quintos en la liga en defensa total esta temporada, permitiendo 285,2 yardas por juego. Permitieron un m\u00ednimo de liga de 17,7 puntos por juego en 2024. Los Wolverines lideraron la naci\u00f3n en defensa total en 2023 rumbo a ganar el campeonato nacional universitario.<\/p>\n\n\n\n<p>Minter tambi\u00e9n pas\u00f3 cuatro temporadas en Baltimore (2017-20), ascendiendo de asistente defensivo a entrenador de backs defensivos en su \u00faltimo a\u00f1o. Tambi\u00e9n entrevist\u00f3 para las vacantes de entrenador en jefe en Atlanta y Miami a principios de esta semana. Las Vegas, Pittsburgh y Tennessee tambi\u00e9n han solicitado entrevistas.<\/p>\n\n\n\n<p><\/p>\n","protected":false},"excerpt":{"rendered":"<p>Foto: (Agencias) Jesse Minter es el nuevo entrenador en jefe de los Ravens de Baltimore.<\/p>\n","protected":false},"author":4,"featured_media":12547,"comment_status":"closed","ping_status":"open","sticky":false,"template":"","format":"standard","meta":{"_jetpack_memberships_contains_paid_content":false,"footnotes":""},"categories":[6],"tags":[],"class_list":["post-12558","post","type-post","status-publish","format-standard","has-post-thumbnail","hentry","category-nfl"],"yoast_head":"<!-- This site is optimized with the Yoast SEO plugin v25.7 - https:\/\/yoast.com\/wordpress\/plugins\/seo\/ -->\n<title>Minter, nuevo coach de Cuervos - Esbozo Deportivo<\/title>\n<meta name=\"description\" content=\"El club contrat\u00f3 al coordinador defensivo de los Cargadores de Los \u00c1ngeles. Minter reemplaza a John Harbaugh, quien fue despedido a principios de este mes despu\u00e9s de 18 a\u00f1os cuando los Ravens no lograron clasificarse a los playoffs.\" \/>\n<meta name=\"robots\" content=\"index, follow, max-snippet:-1, max-image-preview:large, max-video-preview:-1\" \/>\n<link rel=\"canonical\" href=\"https:\/\/esbozodeportivo.com\/index.php\/2026\/01\/23\/minter-nuevo-coach-de-cuervos\/\" \/>\n<meta property=\"og:locale\" content=\"es_MX\" \/>\n<meta property=\"og:type\" content=\"article\" \/>\n<meta property=\"og:title\" content=\"Minter, nuevo coach de Cuervos - Esbozo Deportivo\" \/>\n<meta property=\"og:description\" content=\"El club contrat\u00f3 al coordinador defensivo de los Cargadores de Los \u00c1ngeles. Minter reemplaza a John Harbaugh, quien fue despedido a principios de este mes despu\u00e9s de 18 a\u00f1os cuando los Ravens no lograron clasificarse a los playoffs.\" \/>\n<meta property=\"og:url\" content=\"https:\/\/esbozodeportivo.com\/index.php\/2026\/01\/23\/minter-nuevo-coach-de-cuervos\/\" \/>\n<meta property=\"og:site_name\" content=\"Esbozo Deportivo\" \/>\n<meta property=\"article:published_time\" content=\"2026-01-23T06:11:15+00:00\" \/>\n<meta property=\"article:modified_time\" content=\"2026-01-23T06:11:16+00:00\" \/>\n<meta property=\"og:image\" content=\"https:\/\/esbozodeportivo.com\/wp-content\/uploads\/2026\/01\/c6f83c2a-33f7-4d2d-aba0-e1b50a3ecb58.jpg\" \/>\n\t<meta property=\"og:image:width\" content=\"980\" \/>\n\t<meta property=\"og:image:height\" content=\"653\" \/>\n\t<meta property=\"og:image:type\" content=\"image\/jpeg\" \/>\n<meta name=\"author\" content=\"Redacci\u00f3n\" \/>\n<meta name=\"twitter:card\" content=\"summary_large_image\" \/>\n<meta name=\"twitter:label1\" content=\"Escrito por\" \/>\n\t<meta name=\"twitter:data1\" content=\"Redacci\u00f3n\" \/>\n\t<meta name=\"twitter:label2\" content=\"Tiempo de lectura\" \/>\n\t<meta name=\"twitter:data2\" content=\"2 minutos\" \/>\n<script type=\"application\/ld+json\" class=\"yoast-schema-graph\">{\"@context\":\"https:\/\/schema.org\",\"@graph\":[{\"@type\":\"Article\",\"@id\":\"https:\/\/esbozodeportivo.com\/index.php\/2026\/01\/23\/minter-nuevo-coach-de-cuervos\/#article\",\"isPartOf\":{\"@id\":\"https:\/\/esbozodeportivo.com\/index.php\/2026\/01\/23\/minter-nuevo-coach-de-cuervos\/\"},\"author\":{\"name\":\"Redacci\u00f3n\",\"@id\":\"https:\/\/esbozodeportivo.com\/#\/schema\/person\/0f6df9196dfe6740dd0bb31bae50d374\"},\"headline\":\"Minter, nuevo coach de Cuervos\",\"datePublished\":\"2026-01-23T06:11:15+00:00\",\"dateModified\":\"2026-01-23T06:11:16+00:00\",\"mainEntityOfPage\":{\"@id\":\"https:\/\/esbozodeportivo.com\/index.php\/2026\/01\/23\/minter-nuevo-coach-de-cuervos\/\"},\"wordCount\":286,\"publisher\":{\"@id\":\"https:\/\/esbozodeportivo.com\/#organization\"},\"image\":{\"@id\":\"https:\/\/esbozodeportivo.com\/index.php\/2026\/01\/23\/minter-nuevo-coach-de-cuervos\/#primaryimage\"},\"thumbnailUrl\":\"https:\/\/esbozodeportivo.com\/wp-content\/uploads\/2026\/01\/c6f83c2a-33f7-4d2d-aba0-e1b50a3ecb58.jpg\",\"articleSection\":[\"NFL\"],\"inLanguage\":\"es\"},{\"@type\":\"WebPage\",\"@id\":\"https:\/\/esbozodeportivo.com\/index.php\/2026\/01\/23\/minter-nuevo-coach-de-cuervos\/\",\"url\":\"https:\/\/esbozodeportivo.com\/index.php\/2026\/01\/23\/minter-nuevo-coach-de-cuervos\/\",\"name\":\"Minter, nuevo coach de Cuervos - Esbozo Deportivo\",\"isPartOf\":{\"@id\":\"https:\/\/esbozodeportivo.com\/#website\"},\"primaryImageOfPage\":{\"@id\":\"https:\/\/esbozodeportivo.com\/index.php\/2026\/01\/23\/minter-nuevo-coach-de-cuervos\/#primaryimage\"},\"image\":{\"@id\":\"https:\/\/esbozodeportivo.com\/index.php\/2026\/01\/23\/minter-nuevo-coach-de-cuervos\/#primaryimage\"},\"thumbnailUrl\":\"https:\/\/esbozodeportivo.com\/wp-content\/uploads\/2026\/01\/c6f83c2a-33f7-4d2d-aba0-e1b50a3ecb58.jpg\",\"datePublished\":\"2026-01-23T06:11:15+00:00\",\"dateModified\":\"2026-01-23T06:11:16+00:00\",\"description\":\"El club contrat\u00f3 al coordinador defensivo de los Cargadores de Los \u00c1ngeles. Minter reemplaza a John Harbaugh, quien fue despedido a principios de este mes despu\u00e9s de 18 a\u00f1os cuando los Ravens no lograron clasificarse a los playoffs.\",\"breadcrumb\":{\"@id\":\"https:\/\/esbozodeportivo.com\/index.php\/2026\/01\/23\/minter-nuevo-coach-de-cuervos\/#breadcrumb\"},\"inLanguage\":\"es\",\"potentialAction\":[{\"@type\":\"ReadAction\",\"target\":[\"https:\/\/esbozodeportivo.com\/index.php\/2026\/01\/23\/minter-nuevo-coach-de-cuervos\/\"]}]},{\"@type\":\"ImageObject\",\"inLanguage\":\"es\",\"@id\":\"https:\/\/esbozodeportivo.com\/index.php\/2026\/01\/23\/minter-nuevo-coach-de-cuervos\/#primaryimage\",\"url\":\"https:\/\/esbozodeportivo.com\/wp-content\/uploads\/2026\/01\/c6f83c2a-33f7-4d2d-aba0-e1b50a3ecb58.jpg\",\"contentUrl\":\"https:\/\/esbozodeportivo.com\/wp-content\/uploads\/2026\/01\/c6f83c2a-33f7-4d2d-aba0-e1b50a3ecb58.jpg\",\"width\":980,\"height\":653},{\"@type\":\"BreadcrumbList\",\"@id\":\"https:\/\/esbozodeportivo.com\/index.php\/2026\/01\/23\/minter-nuevo-coach-de-cuervos\/#breadcrumb\",\"itemListElement\":[{\"@type\":\"ListItem\",\"position\":1,\"name\":\"Inicio\",\"item\":\"https:\/\/esbozodeportivo.com\/\"},{\"@type\":\"ListItem\",\"position\":2,\"name\":\"Minter, nuevo coach de Cuervos\"}]},{\"@type\":\"WebSite\",\"@id\":\"https:\/\/esbozodeportivo.com\/#website\",\"url\":\"https:\/\/esbozodeportivo.com\/\",\"name\":\"Esbozo Deportivo\",\"description\":\"Lo m\u00e1s importante del Deporte\",\"publisher\":{\"@id\":\"https:\/\/esbozodeportivo.com\/#organization\"},\"potentialAction\":[{\"@type\":\"SearchAction\",\"target\":{\"@type\":\"EntryPoint\",\"urlTemplate\":\"https:\/\/esbozodeportivo.com\/?s={search_term_string}\"},\"query-input\":{\"@type\":\"PropertyValueSpecification\",\"valueRequired\":true,\"valueName\":\"search_term_string\"}}],\"inLanguage\":\"es\"},{\"@type\":\"Organization\",\"@id\":\"https:\/\/esbozodeportivo.com\/#organization\",\"name\":\"Esbozo Deportivo\",\"url\":\"https:\/\/esbozodeportivo.com\/\",\"logo\":{\"@type\":\"ImageObject\",\"inLanguage\":\"es\",\"@id\":\"https:\/\/esbozodeportivo.com\/#\/schema\/logo\/image\/\",\"url\":\"https:\/\/esbozodeportivo.com\/wp-content\/uploads\/2022\/08\/cropped-Logo-Esbozo-Web-2.png\",\"contentUrl\":\"https:\/\/esbozodeportivo.com\/wp-content\/uploads\/2022\/08\/cropped-Logo-Esbozo-Web-2.png\",\"width\":180,\"height\":50,\"caption\":\"Esbozo Deportivo\"},\"image\":{\"@id\":\"https:\/\/esbozodeportivo.com\/#\/schema\/logo\/image\/\"}},{\"@type\":\"Person\",\"@id\":\"https:\/\/esbozodeportivo.com\/#\/schema\/person\/0f6df9196dfe6740dd0bb31bae50d374\",\"name\":\"Redacci\u00f3n\",\"image\":{\"@type\":\"ImageObject\",\"inLanguage\":\"es\",\"@id\":\"https:\/\/esbozodeportivo.com\/#\/schema\/person\/image\/\",\"url\":\"https:\/\/secure.gravatar.com\/avatar\/f55268a89c3b418f2ef172ff52ab0d09b3e653c58de29539fe329fb93d78ebf3?s=96&d=mm&r=g\",\"contentUrl\":\"https:\/\/secure.gravatar.com\/avatar\/f55268a89c3b418f2ef172ff52ab0d09b3e653c58de29539fe329fb93d78ebf3?s=96&d=mm&r=g\",\"caption\":\"Redacci\u00f3n\"},\"url\":\"https:\/\/esbozodeportivo.com\/index.php\/author\/redaccion\/\"}]}<\/script>\n<!-- \/ Yoast SEO plugin. -->","yoast_head_json":{"title":"Minter, nuevo coach de Cuervos - Esbozo Deportivo","description":"El club contrat\u00f3 al coordinador defensivo de los Cargadores de Los \u00c1ngeles. Minter reemplaza a John Harbaugh, quien fue despedido a principios de este mes despu\u00e9s de 18 a\u00f1os cuando los Ravens no lograron clasificarse a los playoffs.","robots":{"index":"index","follow":"follow","max-snippet":"max-snippet:-1","max-image-preview":"max-image-preview:large","max-video-preview":"max-video-preview:-1"},"canonical":"https:\/\/esbozodeportivo.com\/index.php\/2026\/01\/23\/minter-nuevo-coach-de-cuervos\/","og_locale":"es_MX","og_type":"article","og_title":"Minter, nuevo coach de Cuervos - Esbozo Deportivo","og_description":"El club contrat\u00f3 al coordinador defensivo de los Cargadores de Los \u00c1ngeles. Minter reemplaza a John Harbaugh, quien fue despedido a principios de este mes despu\u00e9s de 18 a\u00f1os cuando los Ravens no lograron clasificarse a los playoffs.","og_url":"https:\/\/esbozodeportivo.com\/index.php\/2026\/01\/23\/minter-nuevo-coach-de-cuervos\/","og_site_name":"Esbozo Deportivo","article_published_time":"2026-01-23T06:11:15+00:00","article_modified_time":"2026-01-23T06:11:16+00:00","og_image":[{"width":980,"height":653,"url":"https:\/\/esbozodeportivo.com\/wp-content\/uploads\/2026\/01\/c6f83c2a-33f7-4d2d-aba0-e1b50a3ecb58.jpg","type":"image\/jpeg"}],"author":"Redacci\u00f3n","twitter_card":"summary_large_image","twitter_misc":{"Escrito por":"Redacci\u00f3n","Tiempo de lectura":"2 minutos"},"schema":{"@context":"https:\/\/schema.org","@graph":[{"@type":"Article","@id":"https:\/\/esbozodeportivo.com\/index.php\/2026\/01\/23\/minter-nuevo-coach-de-cuervos\/#article","isPartOf":{"@id":"https:\/\/esbozodeportivo.com\/index.php\/2026\/01\/23\/minter-nuevo-coach-de-cuervos\/"},"author":{"name":"Redacci\u00f3n","@id":"https:\/\/esbozodeportivo.com\/#\/schema\/person\/0f6df9196dfe6740dd0bb31bae50d374"},"headline":"Minter, nuevo coach de Cuervos","datePublished":"2026-01-23T06:11:15+00:00","dateModified":"2026-01-23T06:11:16+00:00","mainEntityOfPage":{"@id":"https:\/\/esbozodeportivo.com\/index.php\/2026\/01\/23\/minter-nuevo-coach-de-cuervos\/"},"wordCount":286,"publisher":{"@id":"https:\/\/esbozodeportivo.com\/#organization"},"image":{"@id":"https:\/\/esbozodeportivo.com\/index.php\/2026\/01\/23\/minter-nuevo-coach-de-cuervos\/#primaryimage"},"thumbnailUrl":"https:\/\/esbozodeportivo.com\/wp-content\/uploads\/2026\/01\/c6f83c2a-33f7-4d2d-aba0-e1b50a3ecb58.jpg","articleSection":["NFL"],"inLanguage":"es"},{"@type":"WebPage","@id":"https:\/\/esbozodeportivo.com\/index.php\/2026\/01\/23\/minter-nuevo-coach-de-cuervos\/","url":"https:\/\/esbozodeportivo.com\/index.php\/2026\/01\/23\/minter-nuevo-coach-de-cuervos\/","name":"Minter, nuevo coach de Cuervos - Esbozo Deportivo","isPartOf":{"@id":"https:\/\/esbozodeportivo.com\/#website"},"primaryImageOfPage":{"@id":"https:\/\/esbozodeportivo.com\/index.php\/2026\/01\/23\/minter-nuevo-coach-de-cuervos\/#primaryimage"},"image":{"@id":"https:\/\/esbozodeportivo.com\/index.php\/2026\/01\/23\/minter-nuevo-coach-de-cuervos\/#primaryimage"},"thumbnailUrl":"https:\/\/esbozodeportivo.com\/wp-content\/uploads\/2026\/01\/c6f83c2a-33f7-4d2d-aba0-e1b50a3ecb58.jpg","datePublished":"2026-01-23T06:11:15+00:00","dateModified":"2026-01-23T06:11:16+00:00","description":"El club contrat\u00f3 al coordinador defensivo de los Cargadores de Los \u00c1ngeles. Minter reemplaza a John Harbaugh, quien fue despedido a principios de este mes despu\u00e9s de 18 a\u00f1os cuando los Ravens no lograron clasificarse a los playoffs.","breadcrumb":{"@id":"https:\/\/esbozodeportivo.com\/index.php\/2026\/01\/23\/minter-nuevo-coach-de-cuervos\/#breadcrumb"},"inLanguage":"es","potentialAction":[{"@type":"ReadAction","target":["https:\/\/esbozodeportivo.com\/index.php\/2026\/01\/23\/minter-nuevo-coach-de-cuervos\/"]}]},{"@type":"ImageObject","inLanguage":"es","@id":"https:\/\/esbozodeportivo.com\/index.php\/2026\/01\/23\/minter-nuevo-coach-de-cuervos\/#primaryimage","url":"https:\/\/esbozodeportivo.com\/wp-content\/uploads\/2026\/01\/c6f83c2a-33f7-4d2d-aba0-e1b50a3ecb58.jpg","contentUrl":"https:\/\/esbozodeportivo.com\/wp-content\/uploads\/2026\/01\/c6f83c2a-33f7-4d2d-aba0-e1b50a3ecb58.jpg","width":980,"height":653},{"@type":"BreadcrumbList","@id":"https:\/\/esbozodeportivo.com\/index.php\/2026\/01\/23\/minter-nuevo-coach-de-cuervos\/#breadcrumb","itemListElement":[{"@type":"ListItem","position":1,"name":"Inicio","item":"https:\/\/esbozodeportivo.com\/"},{"@type":"ListItem","position":2,"name":"Minter, nuevo coach de Cuervos"}]},{"@type":"WebSite","@id":"https:\/\/esbozodeportivo.com\/#website","url":"https:\/\/esbozodeportivo.com\/","name":"Esbozo Deportivo","description":"Lo m\u00e1s importante del Deporte","publisher":{"@id":"https:\/\/esbozodeportivo.com\/#organization"},"potentialAction":[{"@type":"SearchAction","target":{"@type":"EntryPoint","urlTemplate":"https:\/\/esbozodeportivo.com\/?s={search_term_string}"},"query-input":{"@type":"PropertyValueSpecification","valueRequired":true,"valueName":"search_term_string"}}],"inLanguage":"es"},{"@type":"Organization","@id":"https:\/\/esbozodeportivo.com\/#organization","name":"Esbozo Deportivo","url":"https:\/\/esbozodeportivo.com\/","logo":{"@type":"ImageObject","inLanguage":"es","@id":"https:\/\/esbozodeportivo.com\/#\/schema\/logo\/image\/","url":"https:\/\/esbozodeportivo.com\/wp-content\/uploads\/2022\/08\/cropped-Logo-Esbozo-Web-2.png","contentUrl":"https:\/\/esbozodeportivo.com\/wp-content\/uploads\/2022\/08\/cropped-Logo-Esbozo-Web-2.png","width":180,"height":50,"caption":"Esbozo Deportivo"},"image":{"@id":"https:\/\/esbozodeportivo.com\/#\/schema\/logo\/image\/"}},{"@type":"Person","@id":"https:\/\/esbozodeportivo.com\/#\/schema\/person\/0f6df9196dfe6740dd0bb31bae50d374","name":"Redacci\u00f3n","image":{"@type":"ImageObject","inLanguage":"es","@id":"https:\/\/esbozodeportivo.com\/#\/schema\/person\/image\/","url":"https:\/\/secure.gravatar.com\/avatar\/f55268a89c3b418f2ef172ff52ab0d09b3e653c58de29539fe329fb93d78ebf3?s=96&d=mm&r=g","contentUrl":"https:\/\/secure.gravatar.com\/avatar\/f55268a89c3b418f2ef172ff52ab0d09b3e653c58de29539fe329fb93d78ebf3?s=96&d=mm&r=g","caption":"Redacci\u00f3n"},"url":"https:\/\/esbozodeportivo.com\/index.php\/author\/redaccion\/"}]}},"jetpack_featured_media_url":"https:\/\/esbozodeportivo.com\/wp-content\/uploads\/2026\/01\/c6f83c2a-33f7-4d2d-aba0-e1b50a3ecb58.jpg","jetpack_sharing_enabled":true,"_links":{"self":[{"href":"https:\/\/esbozodeportivo.com\/index.php\/wp-json\/wp\/v2\/posts\/12558","targetHints":{"allow":["GET"]}}],"collection":[{"href":"https:\/\/esbozodeportivo.com\/index.php\/wp-json\/wp\/v2\/posts"}],"about":[{"href":"https:\/\/esbozodeportivo.com\/index.php\/wp-json\/wp\/v2\/types\/post"}],"author":[{"embeddable":true,"href":"https:\/\/esbozodeportivo.com\/index.php\/wp-json\/wp\/v2\/users\/4"}],"replies":[{"embeddable":true,"href":"https:\/\/esbozodeportivo.com\/index.php\/wp-json\/wp\/v2\/comments?post=12558"}],"version-history":[{"count":1,"href":"https:\/\/esbozodeportivo.com\/index.php\/wp-json\/wp\/v2\/posts\/12558\/revisions"}],"predecessor-version":[{"id":12559,"href":"https:\/\/esbozodeportivo.com\/index.php\/wp-json\/wp\/v2\/posts\/12558\/revisions\/12559"}],"wp:featuredmedia":[{"embeddable":true,"href":"https:\/\/esbozodeportivo.com\/index.php\/wp-json\/wp\/v2\/media\/12547"}],"wp:attachment":[{"href":"https:\/\/esbozodeportivo.com\/index.php\/wp-json\/wp\/v2\/media?parent=12558"}],"wp:term":[{"taxonomy":"category","embeddable":true,"href":"https:\/\/esbozodeportivo.com\/index.php\/wp-json\/wp\/v2\/categories?post=12558"},{"taxonomy":"post_tag","embeddable":true,"href":"https:\/\/esbozodeportivo.com\/index.php\/wp-json\/wp\/v2\/tags?post=12558"}],"curies":[{"name":"wp","href":"https:\/\/api.w.org\/{rel}","templated":true}]}}