{"id":1256,"date":"2023-02-22T01:52:29","date_gmt":"2023-02-22T01:52:29","guid":{"rendered":"https:\/\/esbozodeportivo.com\/?p=1256"},"modified":"2023-02-22T01:57:38","modified_gmt":"2023-02-22T01:57:38","slug":"fabiola-villegas-busca-su-pase-a-centroamericanos","status":"publish","type":"post","link":"https:\/\/esbozodeportivo.com\/index.php\/2023\/02\/22\/fabiola-villegas-busca-su-pase-a-centroamericanos\/","title":{"rendered":"Fabiola Villegas busca su pase a Centroamericanos"},"content":{"rendered":"<style>\/*! elementor - v3.11.1 - 15-02-2023 *\/\n.elementor-widget-image{text-align:center}.elementor-widget-image a{display:inline-block}.elementor-widget-image a img[src$=\".svg\"]{width:48px}.elementor-widget-image img{vertical-align:middle;display:inline-block}<\/style>\n<p>\t\t\t\t\t\t\t\t\t\t\t\t<img decoding=\"async\" width=\"640\" height=\"459\" src=\"https:\/\/esbozodeportivo.com\/wp-content\/uploads\/2023\/02\/Taekwondo-1-1024x734.jpeg\" alt=\"\" loading=\"lazy\" srcset=\"https:\/\/esbozodeportivo.com\/wp-content\/uploads\/2023\/02\/Taekwondo-1-1024x734.jpeg 1024w, https:\/\/esbozodeportivo.com\/wp-content\/uploads\/2023\/02\/Taekwondo-1-300x215.jpeg 300w, https:\/\/esbozodeportivo.com\/wp-content\/uploads\/2023\/02\/Taekwondo-1-768x550.jpeg 768w, https:\/\/esbozodeportivo.com\/wp-content\/uploads\/2023\/02\/Taekwondo-1.jpeg 1400w\" sizes=\"auto, (max-width: 640px) 100vw, 640px\" \/>\t\t\t\t\t\t\t\t\t\t\t\t\t\t\t<\/p>\n<p>(Foto: CONADE)<\/p>\n<p style=\"background: white; margin: 12.0pt 0cm .0001pt 0cm;\">(CONADE).- La multimedallista internacional de taekwondo, Fabiola Guadalupe Villegas Machorro, se encuentra en Costa Rica, con la selecci\u00f3n nacional, lista para iniciar sus competencias en el Torneo de Clasificaci\u00f3n para los Juegos Centroamericanos y del Caribe, que se realizar\u00e1 este mi\u00e9rcoles, en la ciudad de Heredia.<\/p>\n<p style=\"background: white; margin: 12.0pt 0cm .0001pt 0cm;\">\u201cViajamos a Costa Rica para nuestro primer objetivo del a\u00f1o, que es el clasificatorio para los Juegos Centroamericanos, donde estar\u00e9 compitiendo en la categor\u00eda de -57 kilos\u201d, se\u00f1al\u00f3 la seleccionada nacional en entrevista con la Comisi\u00f3n Nacional de Cultura F\u00edsica y Deporte (CONADE).<\/p>\n<p style=\"background: white; margin: 12.0pt 0cm .0001pt 0cm;\">La representante del Instituto Polit\u00e9cnico Nacional (IPN), obtuvo el quinto lugar en la categor\u00eda -53 kilogramos, en el Campeonato Mundial Guadalajara 2022 y actualmente se ubica entre las mejores 10 del mundo, en el ranking ol\u00edmpico a Par\u00eds 2024.<\/p>\n<p>\t\t\t\t\t\t\t\t\t\t\t\t\t\t\t<img decoding=\"async\" width=\"640\" height=\"765\" src=\"https:\/\/esbozodeportivo.com\/wp-content\/uploads\/2023\/02\/Taekwondo-4-857x1024.jpeg\" alt=\"\" loading=\"lazy\" srcset=\"https:\/\/esbozodeportivo.com\/wp-content\/uploads\/2023\/02\/Taekwondo-4-857x1024.jpeg 857w, https:\/\/esbozodeportivo.com\/wp-content\/uploads\/2023\/02\/Taekwondo-4-251x300.jpeg 251w, https:\/\/esbozodeportivo.com\/wp-content\/uploads\/2023\/02\/Taekwondo-4-768x918.jpeg 768w, https:\/\/esbozodeportivo.com\/wp-content\/uploads\/2023\/02\/Taekwondo-4-1285x1536.jpeg 1285w, https:\/\/esbozodeportivo.com\/wp-content\/uploads\/2023\/02\/Taekwondo-4-1024x1224.jpeg 1024w, https:\/\/esbozodeportivo.com\/wp-content\/uploads\/2023\/02\/Taekwondo-4.jpeg 1339w\" sizes=\"auto, (max-width: 640px) 100vw, 640px\" \/>\t\t\t\t\t\t\t\t\t\t\t\t\t\t\t<\/p>\n<p>(Foto: CONADE)<\/p>\n<p style=\"background: white; margin: 12.0pt 0cm .0001pt 0cm;\">\u201c(Estoy) muy motivada porque es la primera competencia del a\u00f1o y la primera rumbo al sue\u00f1o ol\u00edmpico, entonces muy contenta y motivada para conseguir esa plaza, despu\u00e9s de Costa Rica estaremos compitiendo en el US Open, el 4\u00a0de marzo en Las Vegas\u201d, agreg\u00f3 la atleta quien entrena regularmente bajo las \u00f3rdenes de Alfonso Victoria y David Davis.<\/p>\n<p style=\"background: white; margin: 12.0pt 0cm .0001pt 0cm;\">Fabiola Villegas resalt\u00f3 que este a\u00f1o su meta principal es conseguir su clasificaci\u00f3n directa a los Juegos Ol\u00edmpicos Par\u00eds 2024, para lo cual debe aprovechar cada competencia internacional para sumar puntos en el ranking.<\/p>\n<p style=\"background: white; margin: 12.0pt 0cm .0001pt 0cm;\">\u201cMuy motivada y contenta de que a\u00fan est\u00e9 abierta la puerta para los Juegos Ol\u00edmpicos de Par\u00eds 2024. Mi objetivo es buscar mi clasificaci\u00f3n v\u00eda ranking y eso lo podr\u00e9 conseguir con los eventos que se presenten a lo largo del a\u00f1o, como son Juegos Centroamericanos, Juegos Panamericanos, los Abiertos Internacionales y el Campeonato Mundial que est\u00e1 en puerta\u201d, detall\u00f3 la capitalina.<\/p>\n<p style=\"background: white; margin: 12.0pt 0cm .0001pt 0cm;\">Destac\u00f3 que otro objetivo personal es acceder al podio en el pr\u00f3ximo Campeonato Mundial Bak\u00fa 2023, que se realizar\u00e1 del 29 de mayo al 4 de junio, en Azerbaiy\u00e1n, ya que en Guadalajara 2022 se qued\u00f3 a un paso de lograrlo.<\/p>\n<p>\t\t\t\t\t\t\t\t\t\t\t\t\t\t\t<img decoding=\"async\" width=\"640\" height=\"506\" src=\"https:\/\/esbozodeportivo.com\/wp-content\/uploads\/2023\/02\/Taekwondo-2-1024x810.jpeg\" alt=\"\" loading=\"lazy\" srcset=\"https:\/\/esbozodeportivo.com\/wp-content\/uploads\/2023\/02\/Taekwondo-2-1024x810.jpeg 1024w, https:\/\/esbozodeportivo.com\/wp-content\/uploads\/2023\/02\/Taekwondo-2-300x237.jpeg 300w, https:\/\/esbozodeportivo.com\/wp-content\/uploads\/2023\/02\/Taekwondo-2-768x608.jpeg 768w, https:\/\/esbozodeportivo.com\/wp-content\/uploads\/2023\/02\/Taekwondo-2.jpeg 1400w\" sizes=\"auto, (max-width: 640px) 100vw, 640px\" \/>\t\t\t\t\t\t\t\t\t\t\t\t\t\t\t<\/p>\n<p>(Foto: CONADE)<\/p>\n<p style=\"background: white; margin: 12.0pt 0cm .0001pt 0cm;\">\u201cNunca hab\u00eda pasado que fuera tan cercano el pr\u00f3ximo Mundial, pero ya traemos el ritmo, es lo bueno y claro con ganas, con hambre de poder quitarme esa espinita que se qued\u00f3 ah\u00ed en Guadalajara y vamos a dar lo m\u00e1ximo en Azerbaiy\u00e1n\u201d.<\/p>\n<p style=\"background: white; margin: 12.0pt 0cm .0001pt 0cm;\">Por \u00faltimo, Fabiola Villegas comparti\u00f3 su frase favorita: \u201cHay tantas cosas que se pueden complicar, pero antes muerto que dejar de so\u00f1ar\u201d.<\/p>\n<p style=\"margin: 0cm; margin-bottom: .0001pt; background: white;\"><strong>Itzel Vel\u00e1zquez formar\u00e1 parte del equipo TK3<\/strong><\/p>\n<p style=\"background: white; margin: 12.0pt 0cm .0001pt 0cm;\">En el Torneo de Clasificaci\u00f3n para los Juegos Centroamericanos y del Caribe San Salvador 2023, M\u00e9xico se presentar\u00e1 en una nueva modalidad, el TK3, en el que compiten equipos de tres integrantes. Una de las seleccionadas en este formato es Itzel Carolina Vel\u00e1zquez Ceciliano.<\/p>\n<p style=\"background: white; margin: 12.0pt 0cm .0001pt 0cm;\">\u201cEstoy muy contenta, emocionada porque quiero cumplir nuevas metas, nuevos logros, me gustar\u00eda poder ir a los Grand Prix, ahorita vamos a presentarnos en el selectivo de Costa Rica en TK3, voy a pelear en TK3 y nos vamos a quedar al Abierto tambi\u00e9n, posteriormente vamos a ir al Abierto de Las Vegas y a ver c\u00f3mo nos va\u201d, comparti\u00f3 la capitalina, en entrevista con la CONADE.<\/p>\n<p style=\"background: white; margin: 12.0pt 0cm .0001pt 0cm;\">El formato TK3 se presentar\u00e1 en las competencias de los Juegos Centroamericanos y del Caribe San Salvador 2023 y tambi\u00e9n en los Juegos Panamericanos Santiago 2023.<\/p>\n<p>\t\t\t\t\t\t\t\t\t\t\t\t\t\t\t<img decoding=\"async\" width=\"640\" height=\"694\" src=\"https:\/\/esbozodeportivo.com\/wp-content\/uploads\/2023\/02\/Taekwondo-3-945x1024.jpeg\" alt=\"\" loading=\"lazy\" srcset=\"https:\/\/esbozodeportivo.com\/wp-content\/uploads\/2023\/02\/Taekwondo-3-945x1024.jpeg 945w, https:\/\/esbozodeportivo.com\/wp-content\/uploads\/2023\/02\/Taekwondo-3-277x300.jpeg 277w, https:\/\/esbozodeportivo.com\/wp-content\/uploads\/2023\/02\/Taekwondo-3-768x832.jpeg 768w, https:\/\/esbozodeportivo.com\/wp-content\/uploads\/2023\/02\/Taekwondo-3-1024x1110.jpeg 1024w, https:\/\/esbozodeportivo.com\/wp-content\/uploads\/2023\/02\/Taekwondo-3.jpeg 1400w\" sizes=\"auto, (max-width: 640px) 100vw, 640px\" \/>\t\t\t\t\t\t\t\t\t\t\t\t\t\t\t<\/p>\n<p>(Foto: CONADE)\u00a0<\/p>\n<p>\u201cEs mi primer torneo en TK3, estoy emocionada porque es muy diferente a una pelea normal, aqu\u00ed ya tenemos que entrar m\u00e1s aguerridas, a buscar puntos, ya no es tanto como de cuidarnos a que no nos pateen, entonces estoy muy emocionada y contenta\u201d, detall\u00f3 la seleccionada de 23 a\u00f1os, quien inici\u00f3 a los cuatro en el taekwondo, motivada por sus padres, quienes son profesores de la disciplina.<\/p>\n<p>La originaria de la Ciudad de M\u00e9xico ingres\u00f3 el a\u00f1o pasado a la selecci\u00f3n nacional y en noviembre tuvo su debut en justas mundialistas, en Guadalajara 2022, donde logr\u00f3 el quinto lugar en la categor\u00eda de -62 Kg.<\/p>\n<p>\u201cEstuve muy emocionada porque es una experiencia incre\u00edble y m\u00e1s que fue aqu\u00ed en M\u00e9xico, as\u00ed que tuve a toda mi familia apoy\u00e1ndome, la verdad me sent\u00ed s\u00faper bien y no se logr\u00f3 ganar medalla, pero estoy muy contenta con el resultado en mi primer Mundial, para el siguiente Mundial espero poder entrar al medallero, ahora s\u00ed, me gustar\u00eda mucho y para eso estamos trabajando\u201d.<\/p>\n<p>Agradeci\u00f3 la oportunidad de entrenar en el Centro Nacional de Desarrollo de Talentos Deportivos y Alto Rendimiento (CNAR), como parte de la selecci\u00f3n.<\/p>\n<p>\u201cEs incre\u00edble porque aprendes de cada persona, cada uno es diferente, cada uno te ense\u00f1a algo nuevo y estando con los mejores aprendes muchas cosas, igual los profesores nos ense\u00f1an muchas cosas, estoy contenta, la verdad se me hac\u00eda imposible llegar aqu\u00ed, pero ahora que estoy, lo estoy disfrutando al cien por ciento, estoy feliz, contenta, me gusta entrenar, me gusta estar aqu\u00ed con los mejores\u201d, concluy\u00f3.<\/p>\n<p>\u00a0<\/p>\n","protected":false},"excerpt":{"rendered":"<p>(Foto: CONADE) (CONADE).- La multimedallista internacional de taekwondo, Fabiola Guadalupe Villegas Machorro, se encuentra en<\/p>\n","protected":false},"author":2,"featured_media":0,"comment_status":"open","ping_status":"open","sticky":false,"template":"","format":"standard","meta":{"_jetpack_memberships_contains_paid_content":false,"footnotes":""},"categories":[5],"tags":[],"class_list":["post-1256","post","type-post","status-publish","format-standard","hentry","category-amateur"],"yoast_head":"<!-- This site is optimized with the Yoast SEO plugin v25.7 - https:\/\/yoast.com\/wordpress\/plugins\/seo\/ -->\n<title>Fabiola Villegas busca su pase a Centroamericanos - Esbozo Deportivo<\/title>\n<meta name=\"robots\" content=\"index, follow, max-snippet:-1, max-image-preview:large, max-video-preview:-1\" \/>\n<link rel=\"canonical\" href=\"https:\/\/esbozodeportivo.com\/index.php\/2023\/02\/22\/fabiola-villegas-busca-su-pase-a-centroamericanos\/\" \/>\n<meta property=\"og:locale\" content=\"es_MX\" \/>\n<meta property=\"og:type\" content=\"article\" \/>\n<meta property=\"og:title\" content=\"Fabiola Villegas busca su pase a Centroamericanos - Esbozo Deportivo\" \/>\n<meta property=\"og:description\" content=\"(Foto: CONADE) (CONADE).- La multimedallista internacional de taekwondo, Fabiola Guadalupe Villegas Machorro, se encuentra en\" \/>\n<meta property=\"og:url\" content=\"https:\/\/esbozodeportivo.com\/index.php\/2023\/02\/22\/fabiola-villegas-busca-su-pase-a-centroamericanos\/\" \/>\n<meta property=\"og:site_name\" content=\"Esbozo Deportivo\" \/>\n<meta property=\"article:published_time\" content=\"2023-02-22T01:52:29+00:00\" \/>\n<meta property=\"article:modified_time\" content=\"2023-02-22T01:57:38+00:00\" \/>\n<meta property=\"og:image\" content=\"https:\/\/esbozodeportivo.com\/wp-content\/uploads\/2023\/02\/Taekwondo-1-1024x734.jpeg\" \/>\n<meta name=\"author\" content=\"Javier De La Cruz\" \/>\n<meta name=\"twitter:card\" content=\"summary_large_image\" \/>\n<meta name=\"twitter:label1\" content=\"Escrito por\" \/>\n\t<meta name=\"twitter:data1\" content=\"Javier De La Cruz\" \/>\n\t<meta name=\"twitter:label2\" content=\"Tiempo de lectura\" \/>\n\t<meta name=\"twitter:data2\" content=\"4 minutos\" \/>\n<script type=\"application\/ld+json\" class=\"yoast-schema-graph\">{\"@context\":\"https:\/\/schema.org\",\"@graph\":[{\"@type\":\"Article\",\"@id\":\"https:\/\/esbozodeportivo.com\/index.php\/2023\/02\/22\/fabiola-villegas-busca-su-pase-a-centroamericanos\/#article\",\"isPartOf\":{\"@id\":\"https:\/\/esbozodeportivo.com\/index.php\/2023\/02\/22\/fabiola-villegas-busca-su-pase-a-centroamericanos\/\"},\"author\":{\"name\":\"Javier De La Cruz\",\"@id\":\"https:\/\/esbozodeportivo.com\/#\/schema\/person\/7277119c98823aec37bbb84e125efd44\"},\"headline\":\"Fabiola Villegas busca su pase a Centroamericanos\",\"datePublished\":\"2023-02-22T01:52:29+00:00\",\"dateModified\":\"2023-02-22T01:57:38+00:00\",\"mainEntityOfPage\":{\"@id\":\"https:\/\/esbozodeportivo.com\/index.php\/2023\/02\/22\/fabiola-villegas-busca-su-pase-a-centroamericanos\/\"},\"wordCount\":852,\"commentCount\":0,\"publisher\":{\"@id\":\"https:\/\/esbozodeportivo.com\/#organization\"},\"image\":{\"@id\":\"https:\/\/esbozodeportivo.com\/index.php\/2023\/02\/22\/fabiola-villegas-busca-su-pase-a-centroamericanos\/#primaryimage\"},\"thumbnailUrl\":\"https:\/\/esbozodeportivo.com\/wp-content\/uploads\/2023\/02\/Taekwondo-1-1024x734.jpeg\",\"articleSection\":[\"Amateur\"],\"inLanguage\":\"es\",\"potentialAction\":[{\"@type\":\"CommentAction\",\"name\":\"Comment\",\"target\":[\"https:\/\/esbozodeportivo.com\/index.php\/2023\/02\/22\/fabiola-villegas-busca-su-pase-a-centroamericanos\/#respond\"]}]},{\"@type\":\"WebPage\",\"@id\":\"https:\/\/esbozodeportivo.com\/index.php\/2023\/02\/22\/fabiola-villegas-busca-su-pase-a-centroamericanos\/\",\"url\":\"https:\/\/esbozodeportivo.com\/index.php\/2023\/02\/22\/fabiola-villegas-busca-su-pase-a-centroamericanos\/\",\"name\":\"Fabiola Villegas busca su pase a Centroamericanos - Esbozo Deportivo\",\"isPartOf\":{\"@id\":\"https:\/\/esbozodeportivo.com\/#website\"},\"primaryImageOfPage\":{\"@id\":\"https:\/\/esbozodeportivo.com\/index.php\/2023\/02\/22\/fabiola-villegas-busca-su-pase-a-centroamericanos\/#primaryimage\"},\"image\":{\"@id\":\"https:\/\/esbozodeportivo.com\/index.php\/2023\/02\/22\/fabiola-villegas-busca-su-pase-a-centroamericanos\/#primaryimage\"},\"thumbnailUrl\":\"https:\/\/esbozodeportivo.com\/wp-content\/uploads\/2023\/02\/Taekwondo-1-1024x734.jpeg\",\"datePublished\":\"2023-02-22T01:52:29+00:00\",\"dateModified\":\"2023-02-22T01:57:38+00:00\",\"breadcrumb\":{\"@id\":\"https:\/\/esbozodeportivo.com\/index.php\/2023\/02\/22\/fabiola-villegas-busca-su-pase-a-centroamericanos\/#breadcrumb\"},\"inLanguage\":\"es\",\"potentialAction\":[{\"@type\":\"ReadAction\",\"target\":[\"https:\/\/esbozodeportivo.com\/index.php\/2023\/02\/22\/fabiola-villegas-busca-su-pase-a-centroamericanos\/\"]}]},{\"@type\":\"ImageObject\",\"inLanguage\":\"es\",\"@id\":\"https:\/\/esbozodeportivo.com\/index.php\/2023\/02\/22\/fabiola-villegas-busca-su-pase-a-centroamericanos\/#primaryimage\",\"url\":\"https:\/\/esbozodeportivo.com\/wp-content\/uploads\/2023\/02\/Taekwondo-1-1024x734.jpeg\",\"contentUrl\":\"https:\/\/esbozodeportivo.com\/wp-content\/uploads\/2023\/02\/Taekwondo-1-1024x734.jpeg\"},{\"@type\":\"BreadcrumbList\",\"@id\":\"https:\/\/esbozodeportivo.com\/index.php\/2023\/02\/22\/fabiola-villegas-busca-su-pase-a-centroamericanos\/#breadcrumb\",\"itemListElement\":[{\"@type\":\"ListItem\",\"position\":1,\"name\":\"Inicio\",\"item\":\"https:\/\/esbozodeportivo.com\/\"},{\"@type\":\"ListItem\",\"position\":2,\"name\":\"Fabiola Villegas busca su pase a Centroamericanos\"}]},{\"@type\":\"WebSite\",\"@id\":\"https:\/\/esbozodeportivo.com\/#website\",\"url\":\"https:\/\/esbozodeportivo.com\/\",\"name\":\"Esbozo Deportivo\",\"description\":\"Lo m\u00e1s importante del Deporte\",\"publisher\":{\"@id\":\"https:\/\/esbozodeportivo.com\/#organization\"},\"potentialAction\":[{\"@type\":\"SearchAction\",\"target\":{\"@type\":\"EntryPoint\",\"urlTemplate\":\"https:\/\/esbozodeportivo.com\/?s={search_term_string}\"},\"query-input\":{\"@type\":\"PropertyValueSpecification\",\"valueRequired\":true,\"valueName\":\"search_term_string\"}}],\"inLanguage\":\"es\"},{\"@type\":\"Organization\",\"@id\":\"https:\/\/esbozodeportivo.com\/#organization\",\"name\":\"Esbozo Deportivo\",\"url\":\"https:\/\/esbozodeportivo.com\/\",\"logo\":{\"@type\":\"ImageObject\",\"inLanguage\":\"es\",\"@id\":\"https:\/\/esbozodeportivo.com\/#\/schema\/logo\/image\/\",\"url\":\"https:\/\/esbozodeportivo.com\/wp-content\/uploads\/2022\/08\/cropped-Logo-Esbozo-Web-2.png\",\"contentUrl\":\"https:\/\/esbozodeportivo.com\/wp-content\/uploads\/2022\/08\/cropped-Logo-Esbozo-Web-2.png\",\"width\":180,\"height\":50,\"caption\":\"Esbozo Deportivo\"},\"image\":{\"@id\":\"https:\/\/esbozodeportivo.com\/#\/schema\/logo\/image\/\"}},{\"@type\":\"Person\",\"@id\":\"https:\/\/esbozodeportivo.com\/#\/schema\/person\/7277119c98823aec37bbb84e125efd44\",\"name\":\"Javier De La Cruz\",\"image\":{\"@type\":\"ImageObject\",\"inLanguage\":\"es\",\"@id\":\"https:\/\/esbozodeportivo.com\/#\/schema\/person\/image\/\",\"url\":\"https:\/\/secure.gravatar.com\/avatar\/366235a56d20f1a6e8e3d0b295897639357bea880470ddf261d17bb0bc052eb1?s=96&d=mm&r=g\",\"contentUrl\":\"https:\/\/secure.gravatar.com\/avatar\/366235a56d20f1a6e8e3d0b295897639357bea880470ddf261d17bb0bc052eb1?s=96&d=mm&r=g\",\"caption\":\"Javier De La Cruz\"},\"url\":\"https:\/\/esbozodeportivo.com\/index.php\/author\/javier-de-la-cruz-de-la-cruz\/\"}]}<\/script>\n<!-- \/ Yoast SEO plugin. -->","yoast_head_json":{"title":"Fabiola Villegas busca su pase a Centroamericanos - Esbozo Deportivo","robots":{"index":"index","follow":"follow","max-snippet":"max-snippet:-1","max-image-preview":"max-image-preview:large","max-video-preview":"max-video-preview:-1"},"canonical":"https:\/\/esbozodeportivo.com\/index.php\/2023\/02\/22\/fabiola-villegas-busca-su-pase-a-centroamericanos\/","og_locale":"es_MX","og_type":"article","og_title":"Fabiola Villegas busca su pase a Centroamericanos - Esbozo Deportivo","og_description":"(Foto: CONADE) (CONADE).- La multimedallista internacional de taekwondo, Fabiola Guadalupe Villegas Machorro, se encuentra en","og_url":"https:\/\/esbozodeportivo.com\/index.php\/2023\/02\/22\/fabiola-villegas-busca-su-pase-a-centroamericanos\/","og_site_name":"Esbozo Deportivo","article_published_time":"2023-02-22T01:52:29+00:00","article_modified_time":"2023-02-22T01:57:38+00:00","og_image":[{"url":"https:\/\/esbozodeportivo.com\/wp-content\/uploads\/2023\/02\/Taekwondo-1-1024x734.jpeg","type":"","width":"","height":""}],"author":"Javier De La Cruz","twitter_card":"summary_large_image","twitter_misc":{"Escrito por":"Javier De La Cruz","Tiempo de lectura":"4 minutos"},"schema":{"@context":"https:\/\/schema.org","@graph":[{"@type":"Article","@id":"https:\/\/esbozodeportivo.com\/index.php\/2023\/02\/22\/fabiola-villegas-busca-su-pase-a-centroamericanos\/#article","isPartOf":{"@id":"https:\/\/esbozodeportivo.com\/index.php\/2023\/02\/22\/fabiola-villegas-busca-su-pase-a-centroamericanos\/"},"author":{"name":"Javier De La Cruz","@id":"https:\/\/esbozodeportivo.com\/#\/schema\/person\/7277119c98823aec37bbb84e125efd44"},"headline":"Fabiola Villegas busca su pase a Centroamericanos","datePublished":"2023-02-22T01:52:29+00:00","dateModified":"2023-02-22T01:57:38+00:00","mainEntityOfPage":{"@id":"https:\/\/esbozodeportivo.com\/index.php\/2023\/02\/22\/fabiola-villegas-busca-su-pase-a-centroamericanos\/"},"wordCount":852,"commentCount":0,"publisher":{"@id":"https:\/\/esbozodeportivo.com\/#organization"},"image":{"@id":"https:\/\/esbozodeportivo.com\/index.php\/2023\/02\/22\/fabiola-villegas-busca-su-pase-a-centroamericanos\/#primaryimage"},"thumbnailUrl":"https:\/\/esbozodeportivo.com\/wp-content\/uploads\/2023\/02\/Taekwondo-1-1024x734.jpeg","articleSection":["Amateur"],"inLanguage":"es","potentialAction":[{"@type":"CommentAction","name":"Comment","target":["https:\/\/esbozodeportivo.com\/index.php\/2023\/02\/22\/fabiola-villegas-busca-su-pase-a-centroamericanos\/#respond"]}]},{"@type":"WebPage","@id":"https:\/\/esbozodeportivo.com\/index.php\/2023\/02\/22\/fabiola-villegas-busca-su-pase-a-centroamericanos\/","url":"https:\/\/esbozodeportivo.com\/index.php\/2023\/02\/22\/fabiola-villegas-busca-su-pase-a-centroamericanos\/","name":"Fabiola Villegas busca su pase a Centroamericanos - Esbozo Deportivo","isPartOf":{"@id":"https:\/\/esbozodeportivo.com\/#website"},"primaryImageOfPage":{"@id":"https:\/\/esbozodeportivo.com\/index.php\/2023\/02\/22\/fabiola-villegas-busca-su-pase-a-centroamericanos\/#primaryimage"},"image":{"@id":"https:\/\/esbozodeportivo.com\/index.php\/2023\/02\/22\/fabiola-villegas-busca-su-pase-a-centroamericanos\/#primaryimage"},"thumbnailUrl":"https:\/\/esbozodeportivo.com\/wp-content\/uploads\/2023\/02\/Taekwondo-1-1024x734.jpeg","datePublished":"2023-02-22T01:52:29+00:00","dateModified":"2023-02-22T01:57:38+00:00","breadcrumb":{"@id":"https:\/\/esbozodeportivo.com\/index.php\/2023\/02\/22\/fabiola-villegas-busca-su-pase-a-centroamericanos\/#breadcrumb"},"inLanguage":"es","potentialAction":[{"@type":"ReadAction","target":["https:\/\/esbozodeportivo.com\/index.php\/2023\/02\/22\/fabiola-villegas-busca-su-pase-a-centroamericanos\/"]}]},{"@type":"ImageObject","inLanguage":"es","@id":"https:\/\/esbozodeportivo.com\/index.php\/2023\/02\/22\/fabiola-villegas-busca-su-pase-a-centroamericanos\/#primaryimage","url":"https:\/\/esbozodeportivo.com\/wp-content\/uploads\/2023\/02\/Taekwondo-1-1024x734.jpeg","contentUrl":"https:\/\/esbozodeportivo.com\/wp-content\/uploads\/2023\/02\/Taekwondo-1-1024x734.jpeg"},{"@type":"BreadcrumbList","@id":"https:\/\/esbozodeportivo.com\/index.php\/2023\/02\/22\/fabiola-villegas-busca-su-pase-a-centroamericanos\/#breadcrumb","itemListElement":[{"@type":"ListItem","position":1,"name":"Inicio","item":"https:\/\/esbozodeportivo.com\/"},{"@type":"ListItem","position":2,"name":"Fabiola Villegas busca su pase a Centroamericanos"}]},{"@type":"WebSite","@id":"https:\/\/esbozodeportivo.com\/#website","url":"https:\/\/esbozodeportivo.com\/","name":"Esbozo Deportivo","description":"Lo m\u00e1s importante del Deporte","publisher":{"@id":"https:\/\/esbozodeportivo.com\/#organization"},"potentialAction":[{"@type":"SearchAction","target":{"@type":"EntryPoint","urlTemplate":"https:\/\/esbozodeportivo.com\/?s={search_term_string}"},"query-input":{"@type":"PropertyValueSpecification","valueRequired":true,"valueName":"search_term_string"}}],"inLanguage":"es"},{"@type":"Organization","@id":"https:\/\/esbozodeportivo.com\/#organization","name":"Esbozo Deportivo","url":"https:\/\/esbozodeportivo.com\/","logo":{"@type":"ImageObject","inLanguage":"es","@id":"https:\/\/esbozodeportivo.com\/#\/schema\/logo\/image\/","url":"https:\/\/esbozodeportivo.com\/wp-content\/uploads\/2022\/08\/cropped-Logo-Esbozo-Web-2.png","contentUrl":"https:\/\/esbozodeportivo.com\/wp-content\/uploads\/2022\/08\/cropped-Logo-Esbozo-Web-2.png","width":180,"height":50,"caption":"Esbozo Deportivo"},"image":{"@id":"https:\/\/esbozodeportivo.com\/#\/schema\/logo\/image\/"}},{"@type":"Person","@id":"https:\/\/esbozodeportivo.com\/#\/schema\/person\/7277119c98823aec37bbb84e125efd44","name":"Javier De La Cruz","image":{"@type":"ImageObject","inLanguage":"es","@id":"https:\/\/esbozodeportivo.com\/#\/schema\/person\/image\/","url":"https:\/\/secure.gravatar.com\/avatar\/366235a56d20f1a6e8e3d0b295897639357bea880470ddf261d17bb0bc052eb1?s=96&d=mm&r=g","contentUrl":"https:\/\/secure.gravatar.com\/avatar\/366235a56d20f1a6e8e3d0b295897639357bea880470ddf261d17bb0bc052eb1?s=96&d=mm&r=g","caption":"Javier De La Cruz"},"url":"https:\/\/esbozodeportivo.com\/index.php\/author\/javier-de-la-cruz-de-la-cruz\/"}]}},"jetpack_featured_media_url":"","jetpack_sharing_enabled":true,"_links":{"self":[{"href":"https:\/\/esbozodeportivo.com\/index.php\/wp-json\/wp\/v2\/posts\/1256","targetHints":{"allow":["GET"]}}],"collection":[{"href":"https:\/\/esbozodeportivo.com\/index.php\/wp-json\/wp\/v2\/posts"}],"about":[{"href":"https:\/\/esbozodeportivo.com\/index.php\/wp-json\/wp\/v2\/types\/post"}],"author":[{"embeddable":true,"href":"https:\/\/esbozodeportivo.com\/index.php\/wp-json\/wp\/v2\/users\/2"}],"replies":[{"embeddable":true,"href":"https:\/\/esbozodeportivo.com\/index.php\/wp-json\/wp\/v2\/comments?post=1256"}],"version-history":[{"count":4,"href":"https:\/\/esbozodeportivo.com\/index.php\/wp-json\/wp\/v2\/posts\/1256\/revisions"}],"predecessor-version":[{"id":1264,"href":"https:\/\/esbozodeportivo.com\/index.php\/wp-json\/wp\/v2\/posts\/1256\/revisions\/1264"}],"wp:attachment":[{"href":"https:\/\/esbozodeportivo.com\/index.php\/wp-json\/wp\/v2\/media?parent=1256"}],"wp:term":[{"taxonomy":"category","embeddable":true,"href":"https:\/\/esbozodeportivo.com\/index.php\/wp-json\/wp\/v2\/categories?post=1256"},{"taxonomy":"post_tag","embeddable":true,"href":"https:\/\/esbozodeportivo.com\/index.php\/wp-json\/wp\/v2\/tags?post=1256"}],"curies":[{"name":"wp","href":"https:\/\/api.w.org\/{rel}","templated":true}]}}