{"id":12565,"date":"2026-01-26T21:13:20","date_gmt":"2026-01-27T03:13:20","guid":{"rendered":"https:\/\/esbozodeportivo.com\/?p=12565"},"modified":"2026-01-26T21:13:22","modified_gmt":"2026-01-27T03:13:22","slug":"granvita-pone-su-granito-de-avena-y-se-suma-al-educational-football-program-jalisco","status":"publish","type":"post","link":"https:\/\/esbozodeportivo.com\/index.php\/2026\/01\/26\/granvita-pone-su-granito-de-avena-y-se-suma-al-educational-football-program-jalisco\/","title":{"rendered":"GRANVITA PONE \u201cSU GRANITO DE AVENA\u201d Y SE SUMA AL EDUCATIONAL FOOTBALL PROGRAM JALISCO"},"content":{"rendered":"\n<p><strong>(Foto: Cortes\u00eda) <\/strong><\/p>\n\n\n\n<p><strong><em>La iniciativa beneficiar\u00e1 a m\u00e1s de 700 ni\u00f1as, ni\u00f1os y j\u00f3venes a trav\u00e9s del f\u00fatbol como<\/em><\/strong><\/p>\n\n\n\n<p><strong><em>herramienta educativa y de formaci\u00f3n en valores.<\/em><\/strong><\/p>\n\n\n\n<p><strong>Madrid, Espa\u00f1a, 20 de enero de 2026.<\/strong>La decisi\u00f3n de involucrarse en proyectos sociales suele definirse lejos de los reflectores y m\u00e1s cerca de una convicci\u00f3n. Ese fue el punto de partida para que <strong>Granvita<\/strong>, empresa jalisciense vinculada al bienestar y la nutrici\u00f3n, se sumara al <em>Educational Football Program Jalisco<\/em>, una iniciativa que utiliza el f\u00fatbol como herramienta educativa para acompa\u00f1ar el desarrollo integral de m\u00e1s de 700 ni\u00f1as, ni\u00f1os y j\u00f3venes en el estado.<\/p>\n\n\n\n<p>El programa es impulsado por la Fundaci\u00f3n Real Madrid y ser\u00e1 implementado en M\u00e9xico por True Sports, con el acompa\u00f1amiento de autoridades estatales y organizaciones que coinciden en una misma visi\u00f3n: la educaci\u00f3n, el movimiento y los h\u00e1bitos saludables como ejes de transformaci\u00f3n social. En ese marco, la participaci\u00f3n de Granvita responde a una lectura clara sobre el impacto que pueden tener las alianzas cuando se construyen desde objetivos compartidos.<\/p>\n\n\n\n<p>La presentaci\u00f3n oficial del <em>Educational Football Program Jalisco<\/em> se llev\u00f3 a cabo en Madrid, donde se compartieron los alcances de una iniciativa que iniciar\u00e1 operaciones el pr\u00f3ximo 9 de febrero en las instalaciones del CODE Paradero, en Guadalajara. Durante el encuentro se subray\u00f3 que el programa no tiene como finalidad la detecci\u00f3n de talento deportivo, sino la creaci\u00f3n de espacios formativos que fortalezcan el desarrollo f\u00edsico, emocional y social de la ni\u00f1ez y juventud jalisciense.<\/p>\n\n\n\n<p>Uno de los momentos centrales fue el mensaje enviado por Roberto Carlos, embajador de la Fundaci\u00f3n Real Madrid, quien destac\u00f3 el valor del deporte como una plataforma educativa capaz de transmitir disciplina, respeto y trabajo en equipo. Valores que, en palabras de los organizadores, encuentran eco en empresas que entienden el bienestar como un concepto integral y de largo plazo.<\/p>\n\n\n\n<p>Desde la perspectiva de Granvita, su integraci\u00f3n al programa se concibe como una forma de participar activamente en la construcci\u00f3n de entornos que favorezcan el crecimiento saludable de las nuevas generaciones. M\u00e1s que una presencia institucional, su involucramiento se plantea como un acompa\u00f1amiento a procesos educativos que trascienden la cancha y se conectan con la vida cotidiana de las comunidades.<\/p>\n\n\n\n<p>El proyecto cuenta con la coordinaci\u00f3n del Gobierno de Jalisco y el Sistema DIF estatal, consolidando un modelo de colaboraci\u00f3n entre organizaciones internacionales, sector p\u00fablico y empresas locales como Granvita, que han decidido sumar esfuerzos a iniciativas con impacto social medible y sostenido.<\/p>\n\n\n\n<p>As\u00ed, el <em>Educational Football Program Jalisco<\/em> se suma a una red de proyectos educativos impulsados por la Fundaci\u00f3n Real Madrid en distintas regiones del pa\u00eds, mientras que para Granvita representa una oportunidad de participar en una conversaci\u00f3n m\u00e1s amplia sobre salud, educaci\u00f3n y responsabilidad social, desde un enfoque que privilegia la acci\u00f3n colectiva sobre el discurso.<\/p>\n\n\n\n<p><strong><em>SIGUE A GRANVITA EN REDES SOCIALES<\/em><\/strong><\/p>\n\n\n\n<p><em>Facebook: Granvita | Instagram: @granvitamx | X: @GranvitaMx | YouTube: @granvitamx<\/em><\/p>\n\n\n\n<figure class=\"wp-block-embed is-type-wp-embed is-provider-granvita wp-block-embed-granvita\"><div class=\"wp-block-embed__wrapper\">\n<blockquote class=\"wp-embedded-content\" data-secret=\"8jAnUdrhv5\"><a href=\"https:\/\/granvita.com\/\">Inicio<\/a><\/blockquote><iframe loading=\"lazy\" class=\"wp-embedded-content\" sandbox=\"allow-scripts\" security=\"restricted\" style=\"position: absolute; visibility: hidden;\" title=\"&#8220;Inicio&#8221; &#8212; Granvita\" src=\"https:\/\/granvita.com\/embed\/#?secret=96tb2fWQYb#?secret=8jAnUdrhv5\" data-secret=\"8jAnUdrhv5\" width=\"600\" height=\"338\" frameborder=\"0\" marginwidth=\"0\" marginheight=\"0\" scrolling=\"no\"><\/iframe>\n<\/div><\/figure>\n\n\n\n<p><\/p>\n","protected":false},"excerpt":{"rendered":"<p>(Foto: Cortes\u00eda) La iniciativa beneficiar\u00e1 a m\u00e1s de 700 ni\u00f1as, ni\u00f1os y j\u00f3venes a trav\u00e9s<\/p>\n","protected":false},"author":4,"featured_media":12566,"comment_status":"closed","ping_status":"open","sticky":false,"template":"","format":"standard","meta":{"_jetpack_memberships_contains_paid_content":false,"footnotes":""},"categories":[125],"tags":[],"class_list":["post-12565","post","type-post","status-publish","format-standard","has-post-thumbnail","hentry","category-real-madrid"],"yoast_head":"<!-- This site is optimized with the Yoast SEO plugin v25.7 - https:\/\/yoast.com\/wordpress\/plugins\/seo\/ -->\n<title>GRANVITA PONE \u201cSU GRANITO DE AVENA\u201d Y SE SUMA AL EDUCATIONAL FOOTBALL PROGRAM JALISCO - Esbozo Deportivo<\/title>\n<meta name=\"description\" content=\"La decisi\u00f3n de involucrarse en proyectos sociales suele definirse lejos de los reflectores y m\u00e1s cerca de una convicci\u00f3n. Ese fue el punto de partida para que Granvita, empresa jalisciense vinculada al bienestar y la nutrici\u00f3n, se sumara al Educational Football Program Jalisco, una iniciativa que utiliza el f\u00fatbol como herramienta educativa para acompa\u00f1ar el desarrollo integral de m\u00e1s de 700 ni\u00f1as, ni\u00f1os y j\u00f3venes en el estado.\" \/>\n<meta name=\"robots\" content=\"index, follow, max-snippet:-1, max-image-preview:large, max-video-preview:-1\" \/>\n<link rel=\"canonical\" href=\"https:\/\/esbozodeportivo.com\/index.php\/2026\/01\/26\/granvita-pone-su-granito-de-avena-y-se-suma-al-educational-football-program-jalisco\/\" \/>\n<meta property=\"og:locale\" content=\"es_MX\" \/>\n<meta property=\"og:type\" content=\"article\" \/>\n<meta property=\"og:title\" content=\"GRANVITA PONE \u201cSU GRANITO DE AVENA\u201d Y SE SUMA AL EDUCATIONAL FOOTBALL PROGRAM JALISCO - Esbozo Deportivo\" \/>\n<meta property=\"og:description\" content=\"La decisi\u00f3n de involucrarse en proyectos sociales suele definirse lejos de los reflectores y m\u00e1s cerca de una convicci\u00f3n. Ese fue el punto de partida para que Granvita, empresa jalisciense vinculada al bienestar y la nutrici\u00f3n, se sumara al Educational Football Program Jalisco, una iniciativa que utiliza el f\u00fatbol como herramienta educativa para acompa\u00f1ar el desarrollo integral de m\u00e1s de 700 ni\u00f1as, ni\u00f1os y j\u00f3venes en el estado.\" \/>\n<meta property=\"og:url\" content=\"https:\/\/esbozodeportivo.com\/index.php\/2026\/01\/26\/granvita-pone-su-granito-de-avena-y-se-suma-al-educational-football-program-jalisco\/\" \/>\n<meta property=\"og:site_name\" content=\"Esbozo Deportivo\" \/>\n<meta property=\"article:published_time\" content=\"2026-01-27T03:13:20+00:00\" \/>\n<meta property=\"article:modified_time\" content=\"2026-01-27T03:13:22+00:00\" \/>\n<meta property=\"og:image\" content=\"https:\/\/esbozodeportivo.com\/wp-content\/uploads\/2026\/01\/abcfae6e-f818-4324-bf9c-4d4f5f49fec1.jpg\" \/>\n\t<meta property=\"og:image:width\" content=\"1600\" \/>\n\t<meta property=\"og:image:height\" content=\"1066\" \/>\n\t<meta property=\"og:image:type\" content=\"image\/jpeg\" \/>\n<meta name=\"author\" content=\"Redacci\u00f3n\" \/>\n<meta name=\"twitter:card\" content=\"summary_large_image\" \/>\n<meta name=\"twitter:label1\" content=\"Escrito por\" \/>\n\t<meta name=\"twitter:data1\" content=\"Redacci\u00f3n\" \/>\n\t<meta name=\"twitter:label2\" content=\"Tiempo de lectura\" \/>\n\t<meta name=\"twitter:data2\" content=\"3 minutos\" \/>\n<script type=\"application\/ld+json\" class=\"yoast-schema-graph\">{\"@context\":\"https:\/\/schema.org\",\"@graph\":[{\"@type\":\"Article\",\"@id\":\"https:\/\/esbozodeportivo.com\/index.php\/2026\/01\/26\/granvita-pone-su-granito-de-avena-y-se-suma-al-educational-football-program-jalisco\/#article\",\"isPartOf\":{\"@id\":\"https:\/\/esbozodeportivo.com\/index.php\/2026\/01\/26\/granvita-pone-su-granito-de-avena-y-se-suma-al-educational-football-program-jalisco\/\"},\"author\":{\"name\":\"Redacci\u00f3n\",\"@id\":\"https:\/\/esbozodeportivo.com\/#\/schema\/person\/0f6df9196dfe6740dd0bb31bae50d374\"},\"headline\":\"GRANVITA PONE \u201cSU GRANITO DE AVENA\u201d Y SE SUMA AL EDUCATIONAL FOOTBALL PROGRAM JALISCO\",\"datePublished\":\"2026-01-27T03:13:20+00:00\",\"dateModified\":\"2026-01-27T03:13:22+00:00\",\"mainEntityOfPage\":{\"@id\":\"https:\/\/esbozodeportivo.com\/index.php\/2026\/01\/26\/granvita-pone-su-granito-de-avena-y-se-suma-al-educational-football-program-jalisco\/\"},\"wordCount\":537,\"publisher\":{\"@id\":\"https:\/\/esbozodeportivo.com\/#organization\"},\"image\":{\"@id\":\"https:\/\/esbozodeportivo.com\/index.php\/2026\/01\/26\/granvita-pone-su-granito-de-avena-y-se-suma-al-educational-football-program-jalisco\/#primaryimage\"},\"thumbnailUrl\":\"https:\/\/esbozodeportivo.com\/wp-content\/uploads\/2026\/01\/abcfae6e-f818-4324-bf9c-4d4f5f49fec1.jpg\",\"articleSection\":[\"Real Madrid\"],\"inLanguage\":\"es\"},{\"@type\":\"WebPage\",\"@id\":\"https:\/\/esbozodeportivo.com\/index.php\/2026\/01\/26\/granvita-pone-su-granito-de-avena-y-se-suma-al-educational-football-program-jalisco\/\",\"url\":\"https:\/\/esbozodeportivo.com\/index.php\/2026\/01\/26\/granvita-pone-su-granito-de-avena-y-se-suma-al-educational-football-program-jalisco\/\",\"name\":\"GRANVITA PONE \u201cSU GRANITO DE AVENA\u201d Y SE SUMA AL EDUCATIONAL FOOTBALL PROGRAM JALISCO - Esbozo Deportivo\",\"isPartOf\":{\"@id\":\"https:\/\/esbozodeportivo.com\/#website\"},\"primaryImageOfPage\":{\"@id\":\"https:\/\/esbozodeportivo.com\/index.php\/2026\/01\/26\/granvita-pone-su-granito-de-avena-y-se-suma-al-educational-football-program-jalisco\/#primaryimage\"},\"image\":{\"@id\":\"https:\/\/esbozodeportivo.com\/index.php\/2026\/01\/26\/granvita-pone-su-granito-de-avena-y-se-suma-al-educational-football-program-jalisco\/#primaryimage\"},\"thumbnailUrl\":\"https:\/\/esbozodeportivo.com\/wp-content\/uploads\/2026\/01\/abcfae6e-f818-4324-bf9c-4d4f5f49fec1.jpg\",\"datePublished\":\"2026-01-27T03:13:20+00:00\",\"dateModified\":\"2026-01-27T03:13:22+00:00\",\"description\":\"La decisi\u00f3n de involucrarse en proyectos sociales suele definirse lejos de los reflectores y m\u00e1s cerca de una convicci\u00f3n. Ese fue el punto de partida para que Granvita, empresa jalisciense vinculada al bienestar y la nutrici\u00f3n, se sumara al Educational Football Program Jalisco, una iniciativa que utiliza el f\u00fatbol como herramienta educativa para acompa\u00f1ar el desarrollo integral de m\u00e1s de 700 ni\u00f1as, ni\u00f1os y j\u00f3venes en el estado.\",\"breadcrumb\":{\"@id\":\"https:\/\/esbozodeportivo.com\/index.php\/2026\/01\/26\/granvita-pone-su-granito-de-avena-y-se-suma-al-educational-football-program-jalisco\/#breadcrumb\"},\"inLanguage\":\"es\",\"potentialAction\":[{\"@type\":\"ReadAction\",\"target\":[\"https:\/\/esbozodeportivo.com\/index.php\/2026\/01\/26\/granvita-pone-su-granito-de-avena-y-se-suma-al-educational-football-program-jalisco\/\"]}]},{\"@type\":\"ImageObject\",\"inLanguage\":\"es\",\"@id\":\"https:\/\/esbozodeportivo.com\/index.php\/2026\/01\/26\/granvita-pone-su-granito-de-avena-y-se-suma-al-educational-football-program-jalisco\/#primaryimage\",\"url\":\"https:\/\/esbozodeportivo.com\/wp-content\/uploads\/2026\/01\/abcfae6e-f818-4324-bf9c-4d4f5f49fec1.jpg\",\"contentUrl\":\"https:\/\/esbozodeportivo.com\/wp-content\/uploads\/2026\/01\/abcfae6e-f818-4324-bf9c-4d4f5f49fec1.jpg\",\"width\":1600,\"height\":1066},{\"@type\":\"BreadcrumbList\",\"@id\":\"https:\/\/esbozodeportivo.com\/index.php\/2026\/01\/26\/granvita-pone-su-granito-de-avena-y-se-suma-al-educational-football-program-jalisco\/#breadcrumb\",\"itemListElement\":[{\"@type\":\"ListItem\",\"position\":1,\"name\":\"Inicio\",\"item\":\"https:\/\/esbozodeportivo.com\/\"},{\"@type\":\"ListItem\",\"position\":2,\"name\":\"GRANVITA PONE \u201cSU GRANITO DE AVENA\u201d Y SE SUMA AL EDUCATIONAL FOOTBALL PROGRAM JALISCO\"}]},{\"@type\":\"WebSite\",\"@id\":\"https:\/\/esbozodeportivo.com\/#website\",\"url\":\"https:\/\/esbozodeportivo.com\/\",\"name\":\"Esbozo Deportivo\",\"description\":\"Lo m\u00e1s importante del Deporte\",\"publisher\":{\"@id\":\"https:\/\/esbozodeportivo.com\/#organization\"},\"potentialAction\":[{\"@type\":\"SearchAction\",\"target\":{\"@type\":\"EntryPoint\",\"urlTemplate\":\"https:\/\/esbozodeportivo.com\/?s={search_term_string}\"},\"query-input\":{\"@type\":\"PropertyValueSpecification\",\"valueRequired\":true,\"valueName\":\"search_term_string\"}}],\"inLanguage\":\"es\"},{\"@type\":\"Organization\",\"@id\":\"https:\/\/esbozodeportivo.com\/#organization\",\"name\":\"Esbozo Deportivo\",\"url\":\"https:\/\/esbozodeportivo.com\/\",\"logo\":{\"@type\":\"ImageObject\",\"inLanguage\":\"es\",\"@id\":\"https:\/\/esbozodeportivo.com\/#\/schema\/logo\/image\/\",\"url\":\"https:\/\/esbozodeportivo.com\/wp-content\/uploads\/2022\/08\/cropped-Logo-Esbozo-Web-2.png\",\"contentUrl\":\"https:\/\/esbozodeportivo.com\/wp-content\/uploads\/2022\/08\/cropped-Logo-Esbozo-Web-2.png\",\"width\":180,\"height\":50,\"caption\":\"Esbozo Deportivo\"},\"image\":{\"@id\":\"https:\/\/esbozodeportivo.com\/#\/schema\/logo\/image\/\"}},{\"@type\":\"Person\",\"@id\":\"https:\/\/esbozodeportivo.com\/#\/schema\/person\/0f6df9196dfe6740dd0bb31bae50d374\",\"name\":\"Redacci\u00f3n\",\"image\":{\"@type\":\"ImageObject\",\"inLanguage\":\"es\",\"@id\":\"https:\/\/esbozodeportivo.com\/#\/schema\/person\/image\/\",\"url\":\"https:\/\/secure.gravatar.com\/avatar\/f55268a89c3b418f2ef172ff52ab0d09b3e653c58de29539fe329fb93d78ebf3?s=96&d=mm&r=g\",\"contentUrl\":\"https:\/\/secure.gravatar.com\/avatar\/f55268a89c3b418f2ef172ff52ab0d09b3e653c58de29539fe329fb93d78ebf3?s=96&d=mm&r=g\",\"caption\":\"Redacci\u00f3n\"},\"url\":\"https:\/\/esbozodeportivo.com\/index.php\/author\/redaccion\/\"}]}<\/script>\n<!-- \/ Yoast SEO plugin. -->","yoast_head_json":{"title":"GRANVITA PONE \u201cSU GRANITO DE AVENA\u201d Y SE SUMA AL EDUCATIONAL FOOTBALL PROGRAM JALISCO - Esbozo Deportivo","description":"La decisi\u00f3n de involucrarse en proyectos sociales suele definirse lejos de los reflectores y m\u00e1s cerca de una convicci\u00f3n. Ese fue el punto de partida para que Granvita, empresa jalisciense vinculada al bienestar y la nutrici\u00f3n, se sumara al Educational Football Program Jalisco, una iniciativa que utiliza el f\u00fatbol como herramienta educativa para acompa\u00f1ar el desarrollo integral de m\u00e1s de 700 ni\u00f1as, ni\u00f1os y j\u00f3venes en el estado.","robots":{"index":"index","follow":"follow","max-snippet":"max-snippet:-1","max-image-preview":"max-image-preview:large","max-video-preview":"max-video-preview:-1"},"canonical":"https:\/\/esbozodeportivo.com\/index.php\/2026\/01\/26\/granvita-pone-su-granito-de-avena-y-se-suma-al-educational-football-program-jalisco\/","og_locale":"es_MX","og_type":"article","og_title":"GRANVITA PONE \u201cSU GRANITO DE AVENA\u201d Y SE SUMA AL EDUCATIONAL FOOTBALL PROGRAM JALISCO - Esbozo Deportivo","og_description":"La decisi\u00f3n de involucrarse en proyectos sociales suele definirse lejos de los reflectores y m\u00e1s cerca de una convicci\u00f3n. Ese fue el punto de partida para que Granvita, empresa jalisciense vinculada al bienestar y la nutrici\u00f3n, se sumara al Educational Football Program Jalisco, una iniciativa que utiliza el f\u00fatbol como herramienta educativa para acompa\u00f1ar el desarrollo integral de m\u00e1s de 700 ni\u00f1as, ni\u00f1os y j\u00f3venes en el estado.","og_url":"https:\/\/esbozodeportivo.com\/index.php\/2026\/01\/26\/granvita-pone-su-granito-de-avena-y-se-suma-al-educational-football-program-jalisco\/","og_site_name":"Esbozo Deportivo","article_published_time":"2026-01-27T03:13:20+00:00","article_modified_time":"2026-01-27T03:13:22+00:00","og_image":[{"width":1600,"height":1066,"url":"https:\/\/esbozodeportivo.com\/wp-content\/uploads\/2026\/01\/abcfae6e-f818-4324-bf9c-4d4f5f49fec1.jpg","type":"image\/jpeg"}],"author":"Redacci\u00f3n","twitter_card":"summary_large_image","twitter_misc":{"Escrito por":"Redacci\u00f3n","Tiempo de lectura":"3 minutos"},"schema":{"@context":"https:\/\/schema.org","@graph":[{"@type":"Article","@id":"https:\/\/esbozodeportivo.com\/index.php\/2026\/01\/26\/granvita-pone-su-granito-de-avena-y-se-suma-al-educational-football-program-jalisco\/#article","isPartOf":{"@id":"https:\/\/esbozodeportivo.com\/index.php\/2026\/01\/26\/granvita-pone-su-granito-de-avena-y-se-suma-al-educational-football-program-jalisco\/"},"author":{"name":"Redacci\u00f3n","@id":"https:\/\/esbozodeportivo.com\/#\/schema\/person\/0f6df9196dfe6740dd0bb31bae50d374"},"headline":"GRANVITA PONE \u201cSU GRANITO DE AVENA\u201d Y SE SUMA AL EDUCATIONAL FOOTBALL PROGRAM JALISCO","datePublished":"2026-01-27T03:13:20+00:00","dateModified":"2026-01-27T03:13:22+00:00","mainEntityOfPage":{"@id":"https:\/\/esbozodeportivo.com\/index.php\/2026\/01\/26\/granvita-pone-su-granito-de-avena-y-se-suma-al-educational-football-program-jalisco\/"},"wordCount":537,"publisher":{"@id":"https:\/\/esbozodeportivo.com\/#organization"},"image":{"@id":"https:\/\/esbozodeportivo.com\/index.php\/2026\/01\/26\/granvita-pone-su-granito-de-avena-y-se-suma-al-educational-football-program-jalisco\/#primaryimage"},"thumbnailUrl":"https:\/\/esbozodeportivo.com\/wp-content\/uploads\/2026\/01\/abcfae6e-f818-4324-bf9c-4d4f5f49fec1.jpg","articleSection":["Real Madrid"],"inLanguage":"es"},{"@type":"WebPage","@id":"https:\/\/esbozodeportivo.com\/index.php\/2026\/01\/26\/granvita-pone-su-granito-de-avena-y-se-suma-al-educational-football-program-jalisco\/","url":"https:\/\/esbozodeportivo.com\/index.php\/2026\/01\/26\/granvita-pone-su-granito-de-avena-y-se-suma-al-educational-football-program-jalisco\/","name":"GRANVITA PONE \u201cSU GRANITO DE AVENA\u201d Y SE SUMA AL EDUCATIONAL FOOTBALL PROGRAM JALISCO - Esbozo Deportivo","isPartOf":{"@id":"https:\/\/esbozodeportivo.com\/#website"},"primaryImageOfPage":{"@id":"https:\/\/esbozodeportivo.com\/index.php\/2026\/01\/26\/granvita-pone-su-granito-de-avena-y-se-suma-al-educational-football-program-jalisco\/#primaryimage"},"image":{"@id":"https:\/\/esbozodeportivo.com\/index.php\/2026\/01\/26\/granvita-pone-su-granito-de-avena-y-se-suma-al-educational-football-program-jalisco\/#primaryimage"},"thumbnailUrl":"https:\/\/esbozodeportivo.com\/wp-content\/uploads\/2026\/01\/abcfae6e-f818-4324-bf9c-4d4f5f49fec1.jpg","datePublished":"2026-01-27T03:13:20+00:00","dateModified":"2026-01-27T03:13:22+00:00","description":"La decisi\u00f3n de involucrarse en proyectos sociales suele definirse lejos de los reflectores y m\u00e1s cerca de una convicci\u00f3n. Ese fue el punto de partida para que Granvita, empresa jalisciense vinculada al bienestar y la nutrici\u00f3n, se sumara al Educational Football Program Jalisco, una iniciativa que utiliza el f\u00fatbol como herramienta educativa para acompa\u00f1ar el desarrollo integral de m\u00e1s de 700 ni\u00f1as, ni\u00f1os y j\u00f3venes en el estado.","breadcrumb":{"@id":"https:\/\/esbozodeportivo.com\/index.php\/2026\/01\/26\/granvita-pone-su-granito-de-avena-y-se-suma-al-educational-football-program-jalisco\/#breadcrumb"},"inLanguage":"es","potentialAction":[{"@type":"ReadAction","target":["https:\/\/esbozodeportivo.com\/index.php\/2026\/01\/26\/granvita-pone-su-granito-de-avena-y-se-suma-al-educational-football-program-jalisco\/"]}]},{"@type":"ImageObject","inLanguage":"es","@id":"https:\/\/esbozodeportivo.com\/index.php\/2026\/01\/26\/granvita-pone-su-granito-de-avena-y-se-suma-al-educational-football-program-jalisco\/#primaryimage","url":"https:\/\/esbozodeportivo.com\/wp-content\/uploads\/2026\/01\/abcfae6e-f818-4324-bf9c-4d4f5f49fec1.jpg","contentUrl":"https:\/\/esbozodeportivo.com\/wp-content\/uploads\/2026\/01\/abcfae6e-f818-4324-bf9c-4d4f5f49fec1.jpg","width":1600,"height":1066},{"@type":"BreadcrumbList","@id":"https:\/\/esbozodeportivo.com\/index.php\/2026\/01\/26\/granvita-pone-su-granito-de-avena-y-se-suma-al-educational-football-program-jalisco\/#breadcrumb","itemListElement":[{"@type":"ListItem","position":1,"name":"Inicio","item":"https:\/\/esbozodeportivo.com\/"},{"@type":"ListItem","position":2,"name":"GRANVITA PONE \u201cSU GRANITO DE AVENA\u201d Y SE SUMA AL EDUCATIONAL FOOTBALL PROGRAM JALISCO"}]},{"@type":"WebSite","@id":"https:\/\/esbozodeportivo.com\/#website","url":"https:\/\/esbozodeportivo.com\/","name":"Esbozo Deportivo","description":"Lo m\u00e1s importante del Deporte","publisher":{"@id":"https:\/\/esbozodeportivo.com\/#organization"},"potentialAction":[{"@type":"SearchAction","target":{"@type":"EntryPoint","urlTemplate":"https:\/\/esbozodeportivo.com\/?s={search_term_string}"},"query-input":{"@type":"PropertyValueSpecification","valueRequired":true,"valueName":"search_term_string"}}],"inLanguage":"es"},{"@type":"Organization","@id":"https:\/\/esbozodeportivo.com\/#organization","name":"Esbozo Deportivo","url":"https:\/\/esbozodeportivo.com\/","logo":{"@type":"ImageObject","inLanguage":"es","@id":"https:\/\/esbozodeportivo.com\/#\/schema\/logo\/image\/","url":"https:\/\/esbozodeportivo.com\/wp-content\/uploads\/2022\/08\/cropped-Logo-Esbozo-Web-2.png","contentUrl":"https:\/\/esbozodeportivo.com\/wp-content\/uploads\/2022\/08\/cropped-Logo-Esbozo-Web-2.png","width":180,"height":50,"caption":"Esbozo Deportivo"},"image":{"@id":"https:\/\/esbozodeportivo.com\/#\/schema\/logo\/image\/"}},{"@type":"Person","@id":"https:\/\/esbozodeportivo.com\/#\/schema\/person\/0f6df9196dfe6740dd0bb31bae50d374","name":"Redacci\u00f3n","image":{"@type":"ImageObject","inLanguage":"es","@id":"https:\/\/esbozodeportivo.com\/#\/schema\/person\/image\/","url":"https:\/\/secure.gravatar.com\/avatar\/f55268a89c3b418f2ef172ff52ab0d09b3e653c58de29539fe329fb93d78ebf3?s=96&d=mm&r=g","contentUrl":"https:\/\/secure.gravatar.com\/avatar\/f55268a89c3b418f2ef172ff52ab0d09b3e653c58de29539fe329fb93d78ebf3?s=96&d=mm&r=g","caption":"Redacci\u00f3n"},"url":"https:\/\/esbozodeportivo.com\/index.php\/author\/redaccion\/"}]}},"jetpack_featured_media_url":"https:\/\/esbozodeportivo.com\/wp-content\/uploads\/2026\/01\/abcfae6e-f818-4324-bf9c-4d4f5f49fec1.jpg","jetpack_sharing_enabled":true,"_links":{"self":[{"href":"https:\/\/esbozodeportivo.com\/index.php\/wp-json\/wp\/v2\/posts\/12565","targetHints":{"allow":["GET"]}}],"collection":[{"href":"https:\/\/esbozodeportivo.com\/index.php\/wp-json\/wp\/v2\/posts"}],"about":[{"href":"https:\/\/esbozodeportivo.com\/index.php\/wp-json\/wp\/v2\/types\/post"}],"author":[{"embeddable":true,"href":"https:\/\/esbozodeportivo.com\/index.php\/wp-json\/wp\/v2\/users\/4"}],"replies":[{"embeddable":true,"href":"https:\/\/esbozodeportivo.com\/index.php\/wp-json\/wp\/v2\/comments?post=12565"}],"version-history":[{"count":1,"href":"https:\/\/esbozodeportivo.com\/index.php\/wp-json\/wp\/v2\/posts\/12565\/revisions"}],"predecessor-version":[{"id":12567,"href":"https:\/\/esbozodeportivo.com\/index.php\/wp-json\/wp\/v2\/posts\/12565\/revisions\/12567"}],"wp:featuredmedia":[{"embeddable":true,"href":"https:\/\/esbozodeportivo.com\/index.php\/wp-json\/wp\/v2\/media\/12566"}],"wp:attachment":[{"href":"https:\/\/esbozodeportivo.com\/index.php\/wp-json\/wp\/v2\/media?parent=12565"}],"wp:term":[{"taxonomy":"category","embeddable":true,"href":"https:\/\/esbozodeportivo.com\/index.php\/wp-json\/wp\/v2\/categories?post=12565"},{"taxonomy":"post_tag","embeddable":true,"href":"https:\/\/esbozodeportivo.com\/index.php\/wp-json\/wp\/v2\/tags?post=12565"}],"curies":[{"name":"wp","href":"https:\/\/api.w.org\/{rel}","templated":true}]}}