{"id":12593,"date":"2026-01-28T00:40:12","date_gmt":"2026-01-28T06:40:12","guid":{"rendered":"https:\/\/esbozodeportivo.com\/?p=12593"},"modified":"2026-01-28T00:40:13","modified_gmt":"2026-01-28T06:40:13","slug":"pide-blatter-boicotear-el-mundial","status":"publish","type":"post","link":"https:\/\/esbozodeportivo.com\/index.php\/2026\/01\/28\/pide-blatter-boicotear-el-mundial\/","title":{"rendered":"Pide Blatter boicotear el Mundial"},"content":{"rendered":"\n<p>(Foto: Agencias) <\/p>\n\n\n\n<p>El expresidente de la FIFA, Joseph Blatter, respald\u00f3 una propuesta de boicot de hinchas a los partidos del Mundial de f\u00fatbol en Estados Unidos debido a la conducta del presidente Donald Trump y su administraci\u00f3n tanto en el pa\u00eds como en el extranjero.<\/p>\n\n\n\n<p>Blatter fue la \u00faltima figura del f\u00fatbol internacional en cuestionar la idoneidad de Estados Unidos como pa\u00eds anfitri\u00f3n. Hizo un llamado al boicot en una publicaci\u00f3n en X que respald\u00f3 los comentarios de Mark Pieth en una entrevista la semana pasada con el peri\u00f3dico suizo Der Bund.<\/p>\n\n\n\n<p>Pieth, un abogado suizo especializado en delitos de cuello blanco y experto en anticorrupci\u00f3n, presidi\u00f3 la supervisi\u00f3n del Comit\u00e9 de Gobernanza Independiente sobre la reforma de la FIFA hace una d\u00e9cada. Blatter fue presidente del organismo rector del f\u00fatbol mundial desde 1998 hasta 2015. Renunci\u00f3 en medio de una investigaci\u00f3n por corrupci\u00f3n.<\/p>\n\n\n\n<p>\u201cSi consideramos todo lo que hemos discutido, solo hay un consejo para los aficionados: \u00a1Mant\u00e9nganse alejados de Estados Unidos! De todos modos, lo ver\u00e1n mejor en la televisi\u00f3n. Y al llegar, los aficionados deben esperar que si no complacen a los oficiales, ser\u00e1n enviados directamente en el pr\u00f3ximo vuelo a casa. Si tienen suerte\u201d, se\u00f1al\u00f3 Pieth en su entrevista con Der Bund.<\/p>\n\n\n\n<p>En su publicaci\u00f3n en X, Blatter cit\u00f3 a Pieth y a\u00f1adi\u00f3: \u201cCreo que Mark Pieth tiene raz\u00f3n al cuestionar esta Copa del Mundo.\u201d<\/p>\n\n\n\n<p>Estados Unidos es coanfitri\u00f3n de la Copa del Mundo con Canad\u00e1 y M\u00e9xico del 11 de junio al 19 de julio.<\/p>\n\n\n\n<p>Las preocupaciones de la comunidad internacional del f\u00fatbol sobre Estados Unidos se derivan de la postura expansionista de Trump sobre Groenlandia, las prohibiciones de viaje y las t\u00e1cticas agresivas en el trato con migrantes y manifestantes contra la aplicaci\u00f3n de la ley de inmigraci\u00f3n en ciudades estadounidenses, particularmente en Minneapolis.<\/p>\n\n\n\n<p>Oke G\u00f6ttlich, uno de los vicepresidentes de la federaci\u00f3n de f\u00fatbol alemana, dijo al peri\u00f3dico Hamburger Morgenpost en una entrevista el viernes que hab\u00eda llegado el momento de considerar seriamente boicotear la Copa del Mundo.<\/p>\n\n\n\n<p><\/p>\n","protected":false},"excerpt":{"rendered":"<p>(Foto: Agencias) El expresidente de la FIFA, Joseph Blatter, respald\u00f3 una propuesta de boicot de<\/p>\n","protected":false},"author":4,"featured_media":12594,"comment_status":"closed","ping_status":"open","sticky":false,"template":"","format":"standard","meta":{"_jetpack_memberships_contains_paid_content":false,"footnotes":""},"categories":[71],"tags":[],"class_list":["post-12593","post","type-post","status-publish","format-standard","has-post-thumbnail","hentry","category-mundial-2026"],"yoast_head":"<!-- This site is optimized with the Yoast SEO plugin v25.7 - https:\/\/yoast.com\/wordpress\/plugins\/seo\/ -->\n<title>Pide Blatter boicotear el Mundial - Esbozo Deportivo<\/title>\n<meta name=\"description\" content=\"El expresidente de la FIFA, Joseph Blatter, respald\u00f3 una propuesta de boicot de hinchas a los partidos del Mundial de f\u00fatbol en Estados Unidos debido a la conducta del presidente Donald Trump y su administraci\u00f3n tanto en el pa\u00eds como en el extranjero.\" \/>\n<meta name=\"robots\" content=\"index, follow, max-snippet:-1, max-image-preview:large, max-video-preview:-1\" \/>\n<link rel=\"canonical\" href=\"https:\/\/esbozodeportivo.com\/index.php\/2026\/01\/28\/pide-blatter-boicotear-el-mundial\/\" \/>\n<meta property=\"og:locale\" content=\"es_MX\" \/>\n<meta property=\"og:type\" content=\"article\" \/>\n<meta property=\"og:title\" content=\"Pide Blatter boicotear el Mundial - Esbozo Deportivo\" \/>\n<meta property=\"og:description\" content=\"El expresidente de la FIFA, Joseph Blatter, respald\u00f3 una propuesta de boicot de hinchas a los partidos del Mundial de f\u00fatbol en Estados Unidos debido a la conducta del presidente Donald Trump y su administraci\u00f3n tanto en el pa\u00eds como en el extranjero.\" \/>\n<meta property=\"og:url\" content=\"https:\/\/esbozodeportivo.com\/index.php\/2026\/01\/28\/pide-blatter-boicotear-el-mundial\/\" \/>\n<meta property=\"og:site_name\" content=\"Esbozo Deportivo\" \/>\n<meta property=\"article:published_time\" content=\"2026-01-28T06:40:12+00:00\" \/>\n<meta property=\"article:modified_time\" content=\"2026-01-28T06:40:13+00:00\" \/>\n<meta property=\"og:image\" content=\"https:\/\/esbozodeportivo.com\/wp-content\/uploads\/2026\/01\/7afdbd5a-6d32-4f9a-9004-c22658d39152.jpg\" \/>\n\t<meta property=\"og:image:width\" content=\"980\" \/>\n\t<meta property=\"og:image:height\" content=\"653\" \/>\n\t<meta property=\"og:image:type\" content=\"image\/jpeg\" \/>\n<meta name=\"author\" content=\"Redacci\u00f3n\" \/>\n<meta name=\"twitter:card\" content=\"summary_large_image\" \/>\n<meta name=\"twitter:label1\" content=\"Escrito por\" \/>\n\t<meta name=\"twitter:data1\" content=\"Redacci\u00f3n\" \/>\n\t<meta name=\"twitter:label2\" content=\"Tiempo de lectura\" \/>\n\t<meta name=\"twitter:data2\" content=\"2 minutos\" \/>\n<script type=\"application\/ld+json\" class=\"yoast-schema-graph\">{\"@context\":\"https:\/\/schema.org\",\"@graph\":[{\"@type\":\"Article\",\"@id\":\"https:\/\/esbozodeportivo.com\/index.php\/2026\/01\/28\/pide-blatter-boicotear-el-mundial\/#article\",\"isPartOf\":{\"@id\":\"https:\/\/esbozodeportivo.com\/index.php\/2026\/01\/28\/pide-blatter-boicotear-el-mundial\/\"},\"author\":{\"name\":\"Redacci\u00f3n\",\"@id\":\"https:\/\/esbozodeportivo.com\/#\/schema\/person\/0f6df9196dfe6740dd0bb31bae50d374\"},\"headline\":\"Pide Blatter boicotear el Mundial\",\"datePublished\":\"2026-01-28T06:40:12+00:00\",\"dateModified\":\"2026-01-28T06:40:13+00:00\",\"mainEntityOfPage\":{\"@id\":\"https:\/\/esbozodeportivo.com\/index.php\/2026\/01\/28\/pide-blatter-boicotear-el-mundial\/\"},\"wordCount\":370,\"publisher\":{\"@id\":\"https:\/\/esbozodeportivo.com\/#organization\"},\"image\":{\"@id\":\"https:\/\/esbozodeportivo.com\/index.php\/2026\/01\/28\/pide-blatter-boicotear-el-mundial\/#primaryimage\"},\"thumbnailUrl\":\"https:\/\/esbozodeportivo.com\/wp-content\/uploads\/2026\/01\/7afdbd5a-6d32-4f9a-9004-c22658d39152.jpg\",\"articleSection\":[\"Mundial 2026\"],\"inLanguage\":\"es\"},{\"@type\":\"WebPage\",\"@id\":\"https:\/\/esbozodeportivo.com\/index.php\/2026\/01\/28\/pide-blatter-boicotear-el-mundial\/\",\"url\":\"https:\/\/esbozodeportivo.com\/index.php\/2026\/01\/28\/pide-blatter-boicotear-el-mundial\/\",\"name\":\"Pide Blatter boicotear el Mundial - Esbozo Deportivo\",\"isPartOf\":{\"@id\":\"https:\/\/esbozodeportivo.com\/#website\"},\"primaryImageOfPage\":{\"@id\":\"https:\/\/esbozodeportivo.com\/index.php\/2026\/01\/28\/pide-blatter-boicotear-el-mundial\/#primaryimage\"},\"image\":{\"@id\":\"https:\/\/esbozodeportivo.com\/index.php\/2026\/01\/28\/pide-blatter-boicotear-el-mundial\/#primaryimage\"},\"thumbnailUrl\":\"https:\/\/esbozodeportivo.com\/wp-content\/uploads\/2026\/01\/7afdbd5a-6d32-4f9a-9004-c22658d39152.jpg\",\"datePublished\":\"2026-01-28T06:40:12+00:00\",\"dateModified\":\"2026-01-28T06:40:13+00:00\",\"description\":\"El expresidente de la FIFA, Joseph Blatter, respald\u00f3 una propuesta de boicot de hinchas a los partidos del Mundial de f\u00fatbol en Estados Unidos debido a la conducta del presidente Donald Trump y su administraci\u00f3n tanto en el pa\u00eds como en el extranjero.\",\"breadcrumb\":{\"@id\":\"https:\/\/esbozodeportivo.com\/index.php\/2026\/01\/28\/pide-blatter-boicotear-el-mundial\/#breadcrumb\"},\"inLanguage\":\"es\",\"potentialAction\":[{\"@type\":\"ReadAction\",\"target\":[\"https:\/\/esbozodeportivo.com\/index.php\/2026\/01\/28\/pide-blatter-boicotear-el-mundial\/\"]}]},{\"@type\":\"ImageObject\",\"inLanguage\":\"es\",\"@id\":\"https:\/\/esbozodeportivo.com\/index.php\/2026\/01\/28\/pide-blatter-boicotear-el-mundial\/#primaryimage\",\"url\":\"https:\/\/esbozodeportivo.com\/wp-content\/uploads\/2026\/01\/7afdbd5a-6d32-4f9a-9004-c22658d39152.jpg\",\"contentUrl\":\"https:\/\/esbozodeportivo.com\/wp-content\/uploads\/2026\/01\/7afdbd5a-6d32-4f9a-9004-c22658d39152.jpg\",\"width\":980,\"height\":653},{\"@type\":\"BreadcrumbList\",\"@id\":\"https:\/\/esbozodeportivo.com\/index.php\/2026\/01\/28\/pide-blatter-boicotear-el-mundial\/#breadcrumb\",\"itemListElement\":[{\"@type\":\"ListItem\",\"position\":1,\"name\":\"Inicio\",\"item\":\"https:\/\/esbozodeportivo.com\/\"},{\"@type\":\"ListItem\",\"position\":2,\"name\":\"Pide Blatter boicotear el Mundial\"}]},{\"@type\":\"WebSite\",\"@id\":\"https:\/\/esbozodeportivo.com\/#website\",\"url\":\"https:\/\/esbozodeportivo.com\/\",\"name\":\"Esbozo Deportivo\",\"description\":\"Lo m\u00e1s importante del Deporte\",\"publisher\":{\"@id\":\"https:\/\/esbozodeportivo.com\/#organization\"},\"potentialAction\":[{\"@type\":\"SearchAction\",\"target\":{\"@type\":\"EntryPoint\",\"urlTemplate\":\"https:\/\/esbozodeportivo.com\/?s={search_term_string}\"},\"query-input\":{\"@type\":\"PropertyValueSpecification\",\"valueRequired\":true,\"valueName\":\"search_term_string\"}}],\"inLanguage\":\"es\"},{\"@type\":\"Organization\",\"@id\":\"https:\/\/esbozodeportivo.com\/#organization\",\"name\":\"Esbozo Deportivo\",\"url\":\"https:\/\/esbozodeportivo.com\/\",\"logo\":{\"@type\":\"ImageObject\",\"inLanguage\":\"es\",\"@id\":\"https:\/\/esbozodeportivo.com\/#\/schema\/logo\/image\/\",\"url\":\"https:\/\/esbozodeportivo.com\/wp-content\/uploads\/2022\/08\/cropped-Logo-Esbozo-Web-2.png\",\"contentUrl\":\"https:\/\/esbozodeportivo.com\/wp-content\/uploads\/2022\/08\/cropped-Logo-Esbozo-Web-2.png\",\"width\":180,\"height\":50,\"caption\":\"Esbozo Deportivo\"},\"image\":{\"@id\":\"https:\/\/esbozodeportivo.com\/#\/schema\/logo\/image\/\"}},{\"@type\":\"Person\",\"@id\":\"https:\/\/esbozodeportivo.com\/#\/schema\/person\/0f6df9196dfe6740dd0bb31bae50d374\",\"name\":\"Redacci\u00f3n\",\"image\":{\"@type\":\"ImageObject\",\"inLanguage\":\"es\",\"@id\":\"https:\/\/esbozodeportivo.com\/#\/schema\/person\/image\/\",\"url\":\"https:\/\/secure.gravatar.com\/avatar\/f55268a89c3b418f2ef172ff52ab0d09b3e653c58de29539fe329fb93d78ebf3?s=96&d=mm&r=g\",\"contentUrl\":\"https:\/\/secure.gravatar.com\/avatar\/f55268a89c3b418f2ef172ff52ab0d09b3e653c58de29539fe329fb93d78ebf3?s=96&d=mm&r=g\",\"caption\":\"Redacci\u00f3n\"},\"url\":\"https:\/\/esbozodeportivo.com\/index.php\/author\/redaccion\/\"}]}<\/script>\n<!-- \/ Yoast SEO plugin. -->","yoast_head_json":{"title":"Pide Blatter boicotear el Mundial - Esbozo Deportivo","description":"El expresidente de la FIFA, Joseph Blatter, respald\u00f3 una propuesta de boicot de hinchas a los partidos del Mundial de f\u00fatbol en Estados Unidos debido a la conducta del presidente Donald Trump y su administraci\u00f3n tanto en el pa\u00eds como en el extranjero.","robots":{"index":"index","follow":"follow","max-snippet":"max-snippet:-1","max-image-preview":"max-image-preview:large","max-video-preview":"max-video-preview:-1"},"canonical":"https:\/\/esbozodeportivo.com\/index.php\/2026\/01\/28\/pide-blatter-boicotear-el-mundial\/","og_locale":"es_MX","og_type":"article","og_title":"Pide Blatter boicotear el Mundial - Esbozo Deportivo","og_description":"El expresidente de la FIFA, Joseph Blatter, respald\u00f3 una propuesta de boicot de hinchas a los partidos del Mundial de f\u00fatbol en Estados Unidos debido a la conducta del presidente Donald Trump y su administraci\u00f3n tanto en el pa\u00eds como en el extranjero.","og_url":"https:\/\/esbozodeportivo.com\/index.php\/2026\/01\/28\/pide-blatter-boicotear-el-mundial\/","og_site_name":"Esbozo Deportivo","article_published_time":"2026-01-28T06:40:12+00:00","article_modified_time":"2026-01-28T06:40:13+00:00","og_image":[{"width":980,"height":653,"url":"https:\/\/esbozodeportivo.com\/wp-content\/uploads\/2026\/01\/7afdbd5a-6d32-4f9a-9004-c22658d39152.jpg","type":"image\/jpeg"}],"author":"Redacci\u00f3n","twitter_card":"summary_large_image","twitter_misc":{"Escrito por":"Redacci\u00f3n","Tiempo de lectura":"2 minutos"},"schema":{"@context":"https:\/\/schema.org","@graph":[{"@type":"Article","@id":"https:\/\/esbozodeportivo.com\/index.php\/2026\/01\/28\/pide-blatter-boicotear-el-mundial\/#article","isPartOf":{"@id":"https:\/\/esbozodeportivo.com\/index.php\/2026\/01\/28\/pide-blatter-boicotear-el-mundial\/"},"author":{"name":"Redacci\u00f3n","@id":"https:\/\/esbozodeportivo.com\/#\/schema\/person\/0f6df9196dfe6740dd0bb31bae50d374"},"headline":"Pide Blatter boicotear el Mundial","datePublished":"2026-01-28T06:40:12+00:00","dateModified":"2026-01-28T06:40:13+00:00","mainEntityOfPage":{"@id":"https:\/\/esbozodeportivo.com\/index.php\/2026\/01\/28\/pide-blatter-boicotear-el-mundial\/"},"wordCount":370,"publisher":{"@id":"https:\/\/esbozodeportivo.com\/#organization"},"image":{"@id":"https:\/\/esbozodeportivo.com\/index.php\/2026\/01\/28\/pide-blatter-boicotear-el-mundial\/#primaryimage"},"thumbnailUrl":"https:\/\/esbozodeportivo.com\/wp-content\/uploads\/2026\/01\/7afdbd5a-6d32-4f9a-9004-c22658d39152.jpg","articleSection":["Mundial 2026"],"inLanguage":"es"},{"@type":"WebPage","@id":"https:\/\/esbozodeportivo.com\/index.php\/2026\/01\/28\/pide-blatter-boicotear-el-mundial\/","url":"https:\/\/esbozodeportivo.com\/index.php\/2026\/01\/28\/pide-blatter-boicotear-el-mundial\/","name":"Pide Blatter boicotear el Mundial - Esbozo Deportivo","isPartOf":{"@id":"https:\/\/esbozodeportivo.com\/#website"},"primaryImageOfPage":{"@id":"https:\/\/esbozodeportivo.com\/index.php\/2026\/01\/28\/pide-blatter-boicotear-el-mundial\/#primaryimage"},"image":{"@id":"https:\/\/esbozodeportivo.com\/index.php\/2026\/01\/28\/pide-blatter-boicotear-el-mundial\/#primaryimage"},"thumbnailUrl":"https:\/\/esbozodeportivo.com\/wp-content\/uploads\/2026\/01\/7afdbd5a-6d32-4f9a-9004-c22658d39152.jpg","datePublished":"2026-01-28T06:40:12+00:00","dateModified":"2026-01-28T06:40:13+00:00","description":"El expresidente de la FIFA, Joseph Blatter, respald\u00f3 una propuesta de boicot de hinchas a los partidos del Mundial de f\u00fatbol en Estados Unidos debido a la conducta del presidente Donald Trump y su administraci\u00f3n tanto en el pa\u00eds como en el extranjero.","breadcrumb":{"@id":"https:\/\/esbozodeportivo.com\/index.php\/2026\/01\/28\/pide-blatter-boicotear-el-mundial\/#breadcrumb"},"inLanguage":"es","potentialAction":[{"@type":"ReadAction","target":["https:\/\/esbozodeportivo.com\/index.php\/2026\/01\/28\/pide-blatter-boicotear-el-mundial\/"]}]},{"@type":"ImageObject","inLanguage":"es","@id":"https:\/\/esbozodeportivo.com\/index.php\/2026\/01\/28\/pide-blatter-boicotear-el-mundial\/#primaryimage","url":"https:\/\/esbozodeportivo.com\/wp-content\/uploads\/2026\/01\/7afdbd5a-6d32-4f9a-9004-c22658d39152.jpg","contentUrl":"https:\/\/esbozodeportivo.com\/wp-content\/uploads\/2026\/01\/7afdbd5a-6d32-4f9a-9004-c22658d39152.jpg","width":980,"height":653},{"@type":"BreadcrumbList","@id":"https:\/\/esbozodeportivo.com\/index.php\/2026\/01\/28\/pide-blatter-boicotear-el-mundial\/#breadcrumb","itemListElement":[{"@type":"ListItem","position":1,"name":"Inicio","item":"https:\/\/esbozodeportivo.com\/"},{"@type":"ListItem","position":2,"name":"Pide Blatter boicotear el Mundial"}]},{"@type":"WebSite","@id":"https:\/\/esbozodeportivo.com\/#website","url":"https:\/\/esbozodeportivo.com\/","name":"Esbozo Deportivo","description":"Lo m\u00e1s importante del Deporte","publisher":{"@id":"https:\/\/esbozodeportivo.com\/#organization"},"potentialAction":[{"@type":"SearchAction","target":{"@type":"EntryPoint","urlTemplate":"https:\/\/esbozodeportivo.com\/?s={search_term_string}"},"query-input":{"@type":"PropertyValueSpecification","valueRequired":true,"valueName":"search_term_string"}}],"inLanguage":"es"},{"@type":"Organization","@id":"https:\/\/esbozodeportivo.com\/#organization","name":"Esbozo Deportivo","url":"https:\/\/esbozodeportivo.com\/","logo":{"@type":"ImageObject","inLanguage":"es","@id":"https:\/\/esbozodeportivo.com\/#\/schema\/logo\/image\/","url":"https:\/\/esbozodeportivo.com\/wp-content\/uploads\/2022\/08\/cropped-Logo-Esbozo-Web-2.png","contentUrl":"https:\/\/esbozodeportivo.com\/wp-content\/uploads\/2022\/08\/cropped-Logo-Esbozo-Web-2.png","width":180,"height":50,"caption":"Esbozo Deportivo"},"image":{"@id":"https:\/\/esbozodeportivo.com\/#\/schema\/logo\/image\/"}},{"@type":"Person","@id":"https:\/\/esbozodeportivo.com\/#\/schema\/person\/0f6df9196dfe6740dd0bb31bae50d374","name":"Redacci\u00f3n","image":{"@type":"ImageObject","inLanguage":"es","@id":"https:\/\/esbozodeportivo.com\/#\/schema\/person\/image\/","url":"https:\/\/secure.gravatar.com\/avatar\/f55268a89c3b418f2ef172ff52ab0d09b3e653c58de29539fe329fb93d78ebf3?s=96&d=mm&r=g","contentUrl":"https:\/\/secure.gravatar.com\/avatar\/f55268a89c3b418f2ef172ff52ab0d09b3e653c58de29539fe329fb93d78ebf3?s=96&d=mm&r=g","caption":"Redacci\u00f3n"},"url":"https:\/\/esbozodeportivo.com\/index.php\/author\/redaccion\/"}]}},"jetpack_featured_media_url":"https:\/\/esbozodeportivo.com\/wp-content\/uploads\/2026\/01\/7afdbd5a-6d32-4f9a-9004-c22658d39152.jpg","jetpack_sharing_enabled":true,"_links":{"self":[{"href":"https:\/\/esbozodeportivo.com\/index.php\/wp-json\/wp\/v2\/posts\/12593","targetHints":{"allow":["GET"]}}],"collection":[{"href":"https:\/\/esbozodeportivo.com\/index.php\/wp-json\/wp\/v2\/posts"}],"about":[{"href":"https:\/\/esbozodeportivo.com\/index.php\/wp-json\/wp\/v2\/types\/post"}],"author":[{"embeddable":true,"href":"https:\/\/esbozodeportivo.com\/index.php\/wp-json\/wp\/v2\/users\/4"}],"replies":[{"embeddable":true,"href":"https:\/\/esbozodeportivo.com\/index.php\/wp-json\/wp\/v2\/comments?post=12593"}],"version-history":[{"count":1,"href":"https:\/\/esbozodeportivo.com\/index.php\/wp-json\/wp\/v2\/posts\/12593\/revisions"}],"predecessor-version":[{"id":12595,"href":"https:\/\/esbozodeportivo.com\/index.php\/wp-json\/wp\/v2\/posts\/12593\/revisions\/12595"}],"wp:featuredmedia":[{"embeddable":true,"href":"https:\/\/esbozodeportivo.com\/index.php\/wp-json\/wp\/v2\/media\/12594"}],"wp:attachment":[{"href":"https:\/\/esbozodeportivo.com\/index.php\/wp-json\/wp\/v2\/media?parent=12593"}],"wp:term":[{"taxonomy":"category","embeddable":true,"href":"https:\/\/esbozodeportivo.com\/index.php\/wp-json\/wp\/v2\/categories?post=12593"},{"taxonomy":"post_tag","embeddable":true,"href":"https:\/\/esbozodeportivo.com\/index.php\/wp-json\/wp\/v2\/tags?post=12593"}],"curies":[{"name":"wp","href":"https:\/\/api.w.org\/{rel}","templated":true}]}}