{"id":12602,"date":"2026-01-28T21:05:38","date_gmt":"2026-01-29T03:05:38","guid":{"rendered":"https:\/\/esbozodeportivo.com\/?p=12602"},"modified":"2026-01-28T21:05:39","modified_gmt":"2026-01-29T03:05:39","slug":"acapulco-vibro-con-la-rodada-por-el-dia-internacional-del-buggy","status":"publish","type":"post","link":"https:\/\/esbozodeportivo.com\/index.php\/2026\/01\/28\/acapulco-vibro-con-la-rodada-por-el-dia-internacional-del-buggy\/","title":{"rendered":"Acapulco vibr\u00f3 con la rodada por el D\u00eda Internacional del Buggy"},"content":{"rendered":"\n<p><strong>(Fotos: esbozodeportivo) <\/strong><\/p>\n\n\n\n<p><strong>Por Javier de la Cruz, enviado<\/strong><\/p>\n\n\n\n<p>El rugir de los motores, las luces encendidas y el ambiente familiar fueron los protagonistas del fin de semana en el puerto de Acapulco, durante la rodada conmemorativa por el <strong>D\u00eda Internacional del Buggy<\/strong>, evento que reuni\u00f3 a m\u00e1s de <strong>35 veh\u00edculos tipo buggy<\/strong> provenientes de distintos estados de la Rep\u00fablica Mexicana y del extranjero. La celebraci\u00f3n fue organizada por <strong>Club Buggy\u2019s M\u00e9xico<\/strong>, presidido por <strong>Adri\u00e1n Carri\u00f3n<\/strong>, junto a <strong>Balu Gabo<\/strong>, quienes encabezaron un encuentro que no solo exalt\u00f3 la pasi\u00f3n por estos veh\u00edculos, sino que tambi\u00e9n consolid\u00f3 a Acapulco como un punto clave para este tipo de eventos automovil\u00edsticos<\/p>\n\n\n\n<figure class=\"wp-block-image size-large\"><img loading=\"lazy\" decoding=\"async\" width=\"1024\" height=\"682\" src=\"https:\/\/esbozodeportivo.com\/wp-content\/uploads\/2026\/01\/DSC05426-1024x682.jpg\" alt=\"\" class=\"wp-image-12608\" srcset=\"https:\/\/esbozodeportivo.com\/wp-content\/uploads\/2026\/01\/DSC05426-1024x682.jpg 1024w, https:\/\/esbozodeportivo.com\/wp-content\/uploads\/2026\/01\/DSC05426-300x200.jpg 300w, https:\/\/esbozodeportivo.com\/wp-content\/uploads\/2026\/01\/DSC05426-768x511.jpg 768w, https:\/\/esbozodeportivo.com\/wp-content\/uploads\/2026\/01\/DSC05426-1536x1022.jpg 1536w, https:\/\/esbozodeportivo.com\/wp-content\/uploads\/2026\/01\/DSC05426-2048x1363.jpg 2048w\" sizes=\"auto, (max-width: 1024px) 100vw, 1024px\" \/><\/figure>\n\n\n\n<p>Las actividades comenzaron el <strong>viernes 23 de enero<\/strong>, cuando varios integrantes del club partieron desde la Ciudad de M\u00e9xico rumbo a Chilpancingo, donde se concentraron para continuar juntos la ruta hacia el puerto. Ya por la noche, se llev\u00f3 a cabo la primera actividad a un costado de <strong>La Quebrada<\/strong>, donde locales y turistas pudieron disfrutar de la exhibici\u00f3n nocturna de los buggys, iluminados y con m\u00fasica a todo volumen, en un ambiente completamente familiar. El p\u00fablico no perdi\u00f3 la oportunidad de tomarse fotograf\u00edas con cada uno de los veh\u00edculos participantes.<\/p>\n\n\n\n<figure class=\"wp-block-image size-large\"><img loading=\"lazy\" decoding=\"async\" width=\"1024\" height=\"544\" src=\"https:\/\/esbozodeportivo.com\/wp-content\/uploads\/2026\/01\/DSC05517-1024x544.jpg\" alt=\"\" class=\"wp-image-12613\" srcset=\"https:\/\/esbozodeportivo.com\/wp-content\/uploads\/2026\/01\/DSC05517-1024x544.jpg 1024w, https:\/\/esbozodeportivo.com\/wp-content\/uploads\/2026\/01\/DSC05517-300x159.jpg 300w, https:\/\/esbozodeportivo.com\/wp-content\/uploads\/2026\/01\/DSC05517-768x408.jpg 768w, https:\/\/esbozodeportivo.com\/wp-content\/uploads\/2026\/01\/DSC05517-1536x816.jpg 1536w, https:\/\/esbozodeportivo.com\/wp-content\/uploads\/2026\/01\/DSC05517-2048x1088.jpg 2048w\" sizes=\"auto, (max-width: 1024px) 100vw, 1024px\" \/><\/figure>\n\n\n\n<p>El <strong>s\u00e1bado<\/strong>, las actividades iniciaron con un desayuno en un restaurante a pie de playa, donde los miembros del club y sus familias compartieron un buffet matutino. En ese marco se realiz\u00f3 la entrega de reconocimientos a integrantes de Buggy\u2019s M\u00e9xico por su destacada participaci\u00f3n, resaltando de manera especial la presencia y liderazgo de las mujeres, particularmente aquellas que condujeron sus propios buggys desde diferentes estados del pa\u00eds.<\/p>\n\n\n\n<p>Cerca de las <strong>6:30 de la tarde<\/strong>, m\u00e1s de 35 buggys provenientes de la Ciudad de M\u00e9xico, Estado de M\u00e9xico, Hidalgo, Tlaxcala, Yucat\u00e1n, Morelos y Guerrero se alinearon para iniciar el recorrido principal conmemorativo. La caravana parti\u00f3 del <strong>Centro Internacional Acapulco<\/strong> con destino al <strong>Parque de la Reina<\/strong>, avanzando por toda la <strong>Costera Miguel Alem\u00e1n<\/strong>.<\/p>\n\n\n\n<figure class=\"wp-block-image size-large\"><img loading=\"lazy\" decoding=\"async\" width=\"1024\" height=\"682\" src=\"https:\/\/esbozodeportivo.com\/wp-content\/uploads\/2026\/01\/DSC05585-1024x682.jpg\" alt=\"\" class=\"wp-image-12616\" srcset=\"https:\/\/esbozodeportivo.com\/wp-content\/uploads\/2026\/01\/DSC05585-1024x682.jpg 1024w, https:\/\/esbozodeportivo.com\/wp-content\/uploads\/2026\/01\/DSC05585-300x200.jpg 300w, https:\/\/esbozodeportivo.com\/wp-content\/uploads\/2026\/01\/DSC05585-768x511.jpg 768w, https:\/\/esbozodeportivo.com\/wp-content\/uploads\/2026\/01\/DSC05585-1536x1022.jpg 1536w, https:\/\/esbozodeportivo.com\/wp-content\/uploads\/2026\/01\/DSC05585-2048x1363.jpg 2048w\" sizes=\"auto, (max-width: 1024px) 100vw, 1024px\" \/><\/figure>\n\n\n\n<p>Cientos de visitantes que disfrutaban del atardecer fueron testigos del desfile motorizado. Personas salieron de restaurantes, comercios, hoteles e incluso de sus casas para aplaudir y alentar a los pilotos y acompa\u00f1antes, quienes ofrecieron un espect\u00e1culo visual y sonoro que se rob\u00f3 la atenci\u00f3n del puerto.<\/p>\n\n\n\n<p>Al llegar al <strong>Parque de la Reina<\/strong>, decenas de personas ya esperaban para subirse a los buggys y tomarse fotograf\u00edas, tanto con los veh\u00edculos como con las edecanes que formaron parte de la exhibici\u00f3n.<\/p>\n\n\n\n<p>Durante el acto protocolario, la <strong>directora de Fomento al Ecoturismo<\/strong>, <strong>Nadia Guti\u00e9rrez Morales<\/strong>, en representaci\u00f3n del <strong>Secretario de Turismo del Estado, No\u00e9 Peralta Herrera<\/strong>, recibi\u00f3 un reconocimiento de manos del presidente de Buggy\u2019s M\u00e9xico, <strong>Adri\u00e1n Carri\u00f3n<\/strong>, y del vicepresidente <strong>Miguel Mart\u00ednez<\/strong>, quienes agradecieron las facilidades brindadas por las autoridades para la realizaci\u00f3n del evento.<\/p>\n\n\n\n<figure class=\"wp-block-image size-large\"><img loading=\"lazy\" decoding=\"async\" width=\"1024\" height=\"615\" src=\"https:\/\/esbozodeportivo.com\/wp-content\/uploads\/2026\/01\/DSC05747-1024x615.jpg\" alt=\"\" class=\"wp-image-12625\" srcset=\"https:\/\/esbozodeportivo.com\/wp-content\/uploads\/2026\/01\/DSC05747-1024x615.jpg 1024w, https:\/\/esbozodeportivo.com\/wp-content\/uploads\/2026\/01\/DSC05747-300x180.jpg 300w, https:\/\/esbozodeportivo.com\/wp-content\/uploads\/2026\/01\/DSC05747-768x462.jpg 768w, https:\/\/esbozodeportivo.com\/wp-content\/uploads\/2026\/01\/DSC05747-1536x923.jpg 1536w, https:\/\/esbozodeportivo.com\/wp-content\/uploads\/2026\/01\/DSC05747-2048x1231.jpg 2048w\" sizes=\"auto, (max-width: 1024px) 100vw, 1024px\" \/><\/figure>\n\n\n\n<p>En ese mismo acto se anunci\u00f3 oficialmente a <strong>Acapulco como sede del D\u00eda Internacional del Buggy 2026<\/strong>, con la intenci\u00f3n de que el puerto albergue esta celebraci\u00f3n de manera permanente, destacando adem\u00e1s la derrama econ\u00f3mica generada por el <strong>FestBuggy\u2019s<\/strong> y su impacto en la promoci\u00f3n tur\u00edstica.<\/p>\n\n\n\n<p>Asimismo, se agradeci\u00f3 el respaldo de la <strong>Secretar\u00eda de Seguridad P\u00fablica Municipal<\/strong>, el <strong>Centro de Atenci\u00f3n y Protecci\u00f3n al Turista de Acapulco<\/strong>, la <strong>Secretar\u00eda de Seguridad P\u00fablica Estatal<\/strong>, as\u00ed como la <strong>Coordinaci\u00f3n General de Protecci\u00f3n Civil y Bomberos<\/strong>.<\/p>\n\n\n\n<figure class=\"wp-block-image size-large\"><img loading=\"lazy\" decoding=\"async\" width=\"1024\" height=\"682\" src=\"https:\/\/esbozodeportivo.com\/wp-content\/uploads\/2026\/01\/DSC05830-1024x682.jpg\" alt=\"\" class=\"wp-image-12629\" srcset=\"https:\/\/esbozodeportivo.com\/wp-content\/uploads\/2026\/01\/DSC05830-1024x682.jpg 1024w, https:\/\/esbozodeportivo.com\/wp-content\/uploads\/2026\/01\/DSC05830-300x200.jpg 300w, https:\/\/esbozodeportivo.com\/wp-content\/uploads\/2026\/01\/DSC05830-768x511.jpg 768w, https:\/\/esbozodeportivo.com\/wp-content\/uploads\/2026\/01\/DSC05830-1536x1022.jpg 1536w, https:\/\/esbozodeportivo.com\/wp-content\/uploads\/2026\/01\/DSC05830-2048x1363.jpg 2048w\" sizes=\"auto, (max-width: 1024px) 100vw, 1024px\" \/><\/figure>\n\n\n\n<p>El <strong>domingo<\/strong>, \u00faltimo d\u00eda de actividades, se realiz\u00f3 un recorrido por la playa de <strong>Pie de la Cuesta<\/strong>, donde los pilotos pusieron a prueba sus veh\u00edculos sobre la arena. Aunque no todos lograron concluir el trayecto sin contratiempos, el compa\u00f1erismo fue clave, ya que los propios participantes se auxiliaron entre s\u00ed.<\/p>\n\n\n\n<p>La jornada finaliz\u00f3 con una gran convivencia a la orilla de la laguna y el mar acompa\u00f1ada de un buffet. Fue <strong>Adri\u00e1n Carri\u00f3n<\/strong> quien se encarg\u00f3 de clausurar oficialmente las actividades, agradeciendo a los integrantes de Buggy\u2019s M\u00e9xico y a sus familias por hacer posible un fin de semana inolvidable, e invit\u00e1ndolos desde ahora a que la edici\u00f3n del pr\u00f3ximo a\u00f1o supere lo vivido en Acapulco.<\/p>\n\n\n\n<figure class=\"wp-block-image size-large\"><img loading=\"lazy\" decoding=\"async\" width=\"1024\" height=\"682\" src=\"https:\/\/esbozodeportivo.com\/wp-content\/uploads\/2026\/01\/DSC05973-1024x682.jpg\" alt=\"\" class=\"wp-image-12633\" srcset=\"https:\/\/esbozodeportivo.com\/wp-content\/uploads\/2026\/01\/DSC05973-1024x682.jpg 1024w, https:\/\/esbozodeportivo.com\/wp-content\/uploads\/2026\/01\/DSC05973-300x200.jpg 300w, https:\/\/esbozodeportivo.com\/wp-content\/uploads\/2026\/01\/DSC05973-768x511.jpg 768w, https:\/\/esbozodeportivo.com\/wp-content\/uploads\/2026\/01\/DSC05973-1536x1022.jpg 1536w, https:\/\/esbozodeportivo.com\/wp-content\/uploads\/2026\/01\/DSC05973-2048x1363.jpg 2048w\" sizes=\"auto, (max-width: 1024px) 100vw, 1024px\" \/><\/figure>\n\n\n\n<p><\/p>\n","protected":false},"excerpt":{"rendered":"<p>(Fotos: esbozodeportivo) Por Javier de la Cruz, enviado El rugir de los motores, las luces<\/p>\n","protected":false},"author":4,"featured_media":12603,"comment_status":"closed","ping_status":"open","sticky":false,"template":"","format":"standard","meta":{"_jetpack_memberships_contains_paid_content":false,"footnotes":""},"categories":[46],"tags":[],"class_list":["post-12602","post","type-post","status-publish","format-standard","has-post-thumbnail","hentry","category-autos-clasicos"],"yoast_head":"<!-- This site is optimized with the Yoast SEO plugin v25.7 - https:\/\/yoast.com\/wordpress\/plugins\/seo\/ -->\n<title>Acapulco vibr\u00f3 con la rodada por el D\u00eda Internacional del Buggy - Esbozo Deportivo<\/title>\n<meta name=\"description\" content=\"El rugir de los motores, las luces encendidas y el ambiente familiar fueron los protagonistas del fin de semana en el puerto de Acapulco, durante la rodada conmemorativa por el D\u00eda Internacional del Buggy, evento que reuni\u00f3 a m\u00e1s de 35 veh\u00edculos tipo buggy provenientes de distintos estados de la Rep\u00fablica Mexicana y del extranjero. La celebraci\u00f3n fue organizada por Club Buggy\u2019s M\u00e9xico, presidido por Adri\u00e1n Carri\u00f3n, junto a Balu Gabo, quienes encabezaron un encuentro que no solo exalt\u00f3 la pasi\u00f3n por estos veh\u00edculos, sino que tambi\u00e9n consolid\u00f3 a Acapulco como un punto clave para este tipo de eventos automovil\u00edsticos\" \/>\n<meta name=\"robots\" content=\"index, follow, max-snippet:-1, max-image-preview:large, max-video-preview:-1\" \/>\n<link rel=\"canonical\" href=\"https:\/\/esbozodeportivo.com\/index.php\/2026\/01\/28\/acapulco-vibro-con-la-rodada-por-el-dia-internacional-del-buggy\/\" \/>\n<meta property=\"og:locale\" content=\"es_MX\" \/>\n<meta property=\"og:type\" content=\"article\" \/>\n<meta property=\"og:title\" content=\"Acapulco vibr\u00f3 con la rodada por el D\u00eda Internacional del Buggy - Esbozo Deportivo\" \/>\n<meta property=\"og:description\" content=\"El rugir de los motores, las luces encendidas y el ambiente familiar fueron los protagonistas del fin de semana en el puerto de Acapulco, durante la rodada conmemorativa por el D\u00eda Internacional del Buggy, evento que reuni\u00f3 a m\u00e1s de 35 veh\u00edculos tipo buggy provenientes de distintos estados de la Rep\u00fablica Mexicana y del extranjero. La celebraci\u00f3n fue organizada por Club Buggy\u2019s M\u00e9xico, presidido por Adri\u00e1n Carri\u00f3n, junto a Balu Gabo, quienes encabezaron un encuentro que no solo exalt\u00f3 la pasi\u00f3n por estos veh\u00edculos, sino que tambi\u00e9n consolid\u00f3 a Acapulco como un punto clave para este tipo de eventos automovil\u00edsticos\" \/>\n<meta property=\"og:url\" content=\"https:\/\/esbozodeportivo.com\/index.php\/2026\/01\/28\/acapulco-vibro-con-la-rodada-por-el-dia-internacional-del-buggy\/\" \/>\n<meta property=\"og:site_name\" content=\"Esbozo Deportivo\" \/>\n<meta property=\"article:published_time\" content=\"2026-01-29T03:05:38+00:00\" \/>\n<meta property=\"article:modified_time\" content=\"2026-01-29T03:05:39+00:00\" \/>\n<meta property=\"og:image\" content=\"https:\/\/esbozodeportivo.com\/wp-content\/uploads\/2026\/01\/DSC05637-scaled.jpg\" \/>\n\t<meta property=\"og:image:width\" content=\"2560\" \/>\n\t<meta property=\"og:image:height\" content=\"1704\" \/>\n\t<meta property=\"og:image:type\" content=\"image\/jpeg\" \/>\n<meta name=\"author\" content=\"Redacci\u00f3n\" \/>\n<meta name=\"twitter:card\" content=\"summary_large_image\" \/>\n<meta name=\"twitter:label1\" content=\"Escrito por\" \/>\n\t<meta name=\"twitter:data1\" content=\"Redacci\u00f3n\" \/>\n\t<meta name=\"twitter:label2\" content=\"Tiempo de lectura\" \/>\n\t<meta name=\"twitter:data2\" content=\"5 minutos\" \/>\n<script type=\"application\/ld+json\" class=\"yoast-schema-graph\">{\"@context\":\"https:\/\/schema.org\",\"@graph\":[{\"@type\":\"Article\",\"@id\":\"https:\/\/esbozodeportivo.com\/index.php\/2026\/01\/28\/acapulco-vibro-con-la-rodada-por-el-dia-internacional-del-buggy\/#article\",\"isPartOf\":{\"@id\":\"https:\/\/esbozodeportivo.com\/index.php\/2026\/01\/28\/acapulco-vibro-con-la-rodada-por-el-dia-internacional-del-buggy\/\"},\"author\":{\"name\":\"Redacci\u00f3n\",\"@id\":\"https:\/\/esbozodeportivo.com\/#\/schema\/person\/0f6df9196dfe6740dd0bb31bae50d374\"},\"headline\":\"Acapulco vibr\u00f3 con la rodada por el D\u00eda Internacional del Buggy\",\"datePublished\":\"2026-01-29T03:05:38+00:00\",\"dateModified\":\"2026-01-29T03:05:39+00:00\",\"mainEntityOfPage\":{\"@id\":\"https:\/\/esbozodeportivo.com\/index.php\/2026\/01\/28\/acapulco-vibro-con-la-rodada-por-el-dia-internacional-del-buggy\/\"},\"wordCount\":735,\"publisher\":{\"@id\":\"https:\/\/esbozodeportivo.com\/#organization\"},\"image\":{\"@id\":\"https:\/\/esbozodeportivo.com\/index.php\/2026\/01\/28\/acapulco-vibro-con-la-rodada-por-el-dia-internacional-del-buggy\/#primaryimage\"},\"thumbnailUrl\":\"https:\/\/esbozodeportivo.com\/wp-content\/uploads\/2026\/01\/DSC05637-scaled.jpg\",\"articleSection\":[\"Autos Cl\u00e1sicos\"],\"inLanguage\":\"es\"},{\"@type\":\"WebPage\",\"@id\":\"https:\/\/esbozodeportivo.com\/index.php\/2026\/01\/28\/acapulco-vibro-con-la-rodada-por-el-dia-internacional-del-buggy\/\",\"url\":\"https:\/\/esbozodeportivo.com\/index.php\/2026\/01\/28\/acapulco-vibro-con-la-rodada-por-el-dia-internacional-del-buggy\/\",\"name\":\"Acapulco vibr\u00f3 con la rodada por el D\u00eda Internacional del Buggy - Esbozo Deportivo\",\"isPartOf\":{\"@id\":\"https:\/\/esbozodeportivo.com\/#website\"},\"primaryImageOfPage\":{\"@id\":\"https:\/\/esbozodeportivo.com\/index.php\/2026\/01\/28\/acapulco-vibro-con-la-rodada-por-el-dia-internacional-del-buggy\/#primaryimage\"},\"image\":{\"@id\":\"https:\/\/esbozodeportivo.com\/index.php\/2026\/01\/28\/acapulco-vibro-con-la-rodada-por-el-dia-internacional-del-buggy\/#primaryimage\"},\"thumbnailUrl\":\"https:\/\/esbozodeportivo.com\/wp-content\/uploads\/2026\/01\/DSC05637-scaled.jpg\",\"datePublished\":\"2026-01-29T03:05:38+00:00\",\"dateModified\":\"2026-01-29T03:05:39+00:00\",\"description\":\"El rugir de los motores, las luces encendidas y el ambiente familiar fueron los protagonistas del fin de semana en el puerto de Acapulco, durante la rodada conmemorativa por el D\u00eda Internacional del Buggy, evento que reuni\u00f3 a m\u00e1s de 35 veh\u00edculos tipo buggy provenientes de distintos estados de la Rep\u00fablica Mexicana y del extranjero. La celebraci\u00f3n fue organizada por Club Buggy\u2019s M\u00e9xico, presidido por Adri\u00e1n Carri\u00f3n, junto a Balu Gabo, quienes encabezaron un encuentro que no solo exalt\u00f3 la pasi\u00f3n por estos veh\u00edculos, sino que tambi\u00e9n consolid\u00f3 a Acapulco como un punto clave para este tipo de eventos automovil\u00edsticos\",\"breadcrumb\":{\"@id\":\"https:\/\/esbozodeportivo.com\/index.php\/2026\/01\/28\/acapulco-vibro-con-la-rodada-por-el-dia-internacional-del-buggy\/#breadcrumb\"},\"inLanguage\":\"es\",\"potentialAction\":[{\"@type\":\"ReadAction\",\"target\":[\"https:\/\/esbozodeportivo.com\/index.php\/2026\/01\/28\/acapulco-vibro-con-la-rodada-por-el-dia-internacional-del-buggy\/\"]}]},{\"@type\":\"ImageObject\",\"inLanguage\":\"es\",\"@id\":\"https:\/\/esbozodeportivo.com\/index.php\/2026\/01\/28\/acapulco-vibro-con-la-rodada-por-el-dia-internacional-del-buggy\/#primaryimage\",\"url\":\"https:\/\/esbozodeportivo.com\/wp-content\/uploads\/2026\/01\/DSC05637-scaled.jpg\",\"contentUrl\":\"https:\/\/esbozodeportivo.com\/wp-content\/uploads\/2026\/01\/DSC05637-scaled.jpg\",\"width\":2560,\"height\":1704},{\"@type\":\"BreadcrumbList\",\"@id\":\"https:\/\/esbozodeportivo.com\/index.php\/2026\/01\/28\/acapulco-vibro-con-la-rodada-por-el-dia-internacional-del-buggy\/#breadcrumb\",\"itemListElement\":[{\"@type\":\"ListItem\",\"position\":1,\"name\":\"Inicio\",\"item\":\"https:\/\/esbozodeportivo.com\/\"},{\"@type\":\"ListItem\",\"position\":2,\"name\":\"Acapulco vibr\u00f3 con la rodada por el D\u00eda Internacional del Buggy\"}]},{\"@type\":\"WebSite\",\"@id\":\"https:\/\/esbozodeportivo.com\/#website\",\"url\":\"https:\/\/esbozodeportivo.com\/\",\"name\":\"Esbozo Deportivo\",\"description\":\"Lo m\u00e1s importante del Deporte\",\"publisher\":{\"@id\":\"https:\/\/esbozodeportivo.com\/#organization\"},\"potentialAction\":[{\"@type\":\"SearchAction\",\"target\":{\"@type\":\"EntryPoint\",\"urlTemplate\":\"https:\/\/esbozodeportivo.com\/?s={search_term_string}\"},\"query-input\":{\"@type\":\"PropertyValueSpecification\",\"valueRequired\":true,\"valueName\":\"search_term_string\"}}],\"inLanguage\":\"es\"},{\"@type\":\"Organization\",\"@id\":\"https:\/\/esbozodeportivo.com\/#organization\",\"name\":\"Esbozo Deportivo\",\"url\":\"https:\/\/esbozodeportivo.com\/\",\"logo\":{\"@type\":\"ImageObject\",\"inLanguage\":\"es\",\"@id\":\"https:\/\/esbozodeportivo.com\/#\/schema\/logo\/image\/\",\"url\":\"https:\/\/esbozodeportivo.com\/wp-content\/uploads\/2022\/08\/cropped-Logo-Esbozo-Web-2.png\",\"contentUrl\":\"https:\/\/esbozodeportivo.com\/wp-content\/uploads\/2022\/08\/cropped-Logo-Esbozo-Web-2.png\",\"width\":180,\"height\":50,\"caption\":\"Esbozo Deportivo\"},\"image\":{\"@id\":\"https:\/\/esbozodeportivo.com\/#\/schema\/logo\/image\/\"}},{\"@type\":\"Person\",\"@id\":\"https:\/\/esbozodeportivo.com\/#\/schema\/person\/0f6df9196dfe6740dd0bb31bae50d374\",\"name\":\"Redacci\u00f3n\",\"image\":{\"@type\":\"ImageObject\",\"inLanguage\":\"es\",\"@id\":\"https:\/\/esbozodeportivo.com\/#\/schema\/person\/image\/\",\"url\":\"https:\/\/secure.gravatar.com\/avatar\/f55268a89c3b418f2ef172ff52ab0d09b3e653c58de29539fe329fb93d78ebf3?s=96&d=mm&r=g\",\"contentUrl\":\"https:\/\/secure.gravatar.com\/avatar\/f55268a89c3b418f2ef172ff52ab0d09b3e653c58de29539fe329fb93d78ebf3?s=96&d=mm&r=g\",\"caption\":\"Redacci\u00f3n\"},\"url\":\"https:\/\/esbozodeportivo.com\/index.php\/author\/redaccion\/\"}]}<\/script>\n<!-- \/ Yoast SEO plugin. -->","yoast_head_json":{"title":"Acapulco vibr\u00f3 con la rodada por el D\u00eda Internacional del Buggy - Esbozo Deportivo","description":"El rugir de los motores, las luces encendidas y el ambiente familiar fueron los protagonistas del fin de semana en el puerto de Acapulco, durante la rodada conmemorativa por el D\u00eda Internacional del Buggy, evento que reuni\u00f3 a m\u00e1s de 35 veh\u00edculos tipo buggy provenientes de distintos estados de la Rep\u00fablica Mexicana y del extranjero. La celebraci\u00f3n fue organizada por Club Buggy\u2019s M\u00e9xico, presidido por Adri\u00e1n Carri\u00f3n, junto a Balu Gabo, quienes encabezaron un encuentro que no solo exalt\u00f3 la pasi\u00f3n por estos veh\u00edculos, sino que tambi\u00e9n consolid\u00f3 a Acapulco como un punto clave para este tipo de eventos automovil\u00edsticos","robots":{"index":"index","follow":"follow","max-snippet":"max-snippet:-1","max-image-preview":"max-image-preview:large","max-video-preview":"max-video-preview:-1"},"canonical":"https:\/\/esbozodeportivo.com\/index.php\/2026\/01\/28\/acapulco-vibro-con-la-rodada-por-el-dia-internacional-del-buggy\/","og_locale":"es_MX","og_type":"article","og_title":"Acapulco vibr\u00f3 con la rodada por el D\u00eda Internacional del Buggy - Esbozo Deportivo","og_description":"El rugir de los motores, las luces encendidas y el ambiente familiar fueron los protagonistas del fin de semana en el puerto de Acapulco, durante la rodada conmemorativa por el D\u00eda Internacional del Buggy, evento que reuni\u00f3 a m\u00e1s de 35 veh\u00edculos tipo buggy provenientes de distintos estados de la Rep\u00fablica Mexicana y del extranjero. La celebraci\u00f3n fue organizada por Club Buggy\u2019s M\u00e9xico, presidido por Adri\u00e1n Carri\u00f3n, junto a Balu Gabo, quienes encabezaron un encuentro que no solo exalt\u00f3 la pasi\u00f3n por estos veh\u00edculos, sino que tambi\u00e9n consolid\u00f3 a Acapulco como un punto clave para este tipo de eventos automovil\u00edsticos","og_url":"https:\/\/esbozodeportivo.com\/index.php\/2026\/01\/28\/acapulco-vibro-con-la-rodada-por-el-dia-internacional-del-buggy\/","og_site_name":"Esbozo Deportivo","article_published_time":"2026-01-29T03:05:38+00:00","article_modified_time":"2026-01-29T03:05:39+00:00","og_image":[{"width":2560,"height":1704,"url":"https:\/\/esbozodeportivo.com\/wp-content\/uploads\/2026\/01\/DSC05637-scaled.jpg","type":"image\/jpeg"}],"author":"Redacci\u00f3n","twitter_card":"summary_large_image","twitter_misc":{"Escrito por":"Redacci\u00f3n","Tiempo de lectura":"5 minutos"},"schema":{"@context":"https:\/\/schema.org","@graph":[{"@type":"Article","@id":"https:\/\/esbozodeportivo.com\/index.php\/2026\/01\/28\/acapulco-vibro-con-la-rodada-por-el-dia-internacional-del-buggy\/#article","isPartOf":{"@id":"https:\/\/esbozodeportivo.com\/index.php\/2026\/01\/28\/acapulco-vibro-con-la-rodada-por-el-dia-internacional-del-buggy\/"},"author":{"name":"Redacci\u00f3n","@id":"https:\/\/esbozodeportivo.com\/#\/schema\/person\/0f6df9196dfe6740dd0bb31bae50d374"},"headline":"Acapulco vibr\u00f3 con la rodada por el D\u00eda Internacional del Buggy","datePublished":"2026-01-29T03:05:38+00:00","dateModified":"2026-01-29T03:05:39+00:00","mainEntityOfPage":{"@id":"https:\/\/esbozodeportivo.com\/index.php\/2026\/01\/28\/acapulco-vibro-con-la-rodada-por-el-dia-internacional-del-buggy\/"},"wordCount":735,"publisher":{"@id":"https:\/\/esbozodeportivo.com\/#organization"},"image":{"@id":"https:\/\/esbozodeportivo.com\/index.php\/2026\/01\/28\/acapulco-vibro-con-la-rodada-por-el-dia-internacional-del-buggy\/#primaryimage"},"thumbnailUrl":"https:\/\/esbozodeportivo.com\/wp-content\/uploads\/2026\/01\/DSC05637-scaled.jpg","articleSection":["Autos Cl\u00e1sicos"],"inLanguage":"es"},{"@type":"WebPage","@id":"https:\/\/esbozodeportivo.com\/index.php\/2026\/01\/28\/acapulco-vibro-con-la-rodada-por-el-dia-internacional-del-buggy\/","url":"https:\/\/esbozodeportivo.com\/index.php\/2026\/01\/28\/acapulco-vibro-con-la-rodada-por-el-dia-internacional-del-buggy\/","name":"Acapulco vibr\u00f3 con la rodada por el D\u00eda Internacional del Buggy - Esbozo Deportivo","isPartOf":{"@id":"https:\/\/esbozodeportivo.com\/#website"},"primaryImageOfPage":{"@id":"https:\/\/esbozodeportivo.com\/index.php\/2026\/01\/28\/acapulco-vibro-con-la-rodada-por-el-dia-internacional-del-buggy\/#primaryimage"},"image":{"@id":"https:\/\/esbozodeportivo.com\/index.php\/2026\/01\/28\/acapulco-vibro-con-la-rodada-por-el-dia-internacional-del-buggy\/#primaryimage"},"thumbnailUrl":"https:\/\/esbozodeportivo.com\/wp-content\/uploads\/2026\/01\/DSC05637-scaled.jpg","datePublished":"2026-01-29T03:05:38+00:00","dateModified":"2026-01-29T03:05:39+00:00","description":"El rugir de los motores, las luces encendidas y el ambiente familiar fueron los protagonistas del fin de semana en el puerto de Acapulco, durante la rodada conmemorativa por el D\u00eda Internacional del Buggy, evento que reuni\u00f3 a m\u00e1s de 35 veh\u00edculos tipo buggy provenientes de distintos estados de la Rep\u00fablica Mexicana y del extranjero. La celebraci\u00f3n fue organizada por Club Buggy\u2019s M\u00e9xico, presidido por Adri\u00e1n Carri\u00f3n, junto a Balu Gabo, quienes encabezaron un encuentro que no solo exalt\u00f3 la pasi\u00f3n por estos veh\u00edculos, sino que tambi\u00e9n consolid\u00f3 a Acapulco como un punto clave para este tipo de eventos automovil\u00edsticos","breadcrumb":{"@id":"https:\/\/esbozodeportivo.com\/index.php\/2026\/01\/28\/acapulco-vibro-con-la-rodada-por-el-dia-internacional-del-buggy\/#breadcrumb"},"inLanguage":"es","potentialAction":[{"@type":"ReadAction","target":["https:\/\/esbozodeportivo.com\/index.php\/2026\/01\/28\/acapulco-vibro-con-la-rodada-por-el-dia-internacional-del-buggy\/"]}]},{"@type":"ImageObject","inLanguage":"es","@id":"https:\/\/esbozodeportivo.com\/index.php\/2026\/01\/28\/acapulco-vibro-con-la-rodada-por-el-dia-internacional-del-buggy\/#primaryimage","url":"https:\/\/esbozodeportivo.com\/wp-content\/uploads\/2026\/01\/DSC05637-scaled.jpg","contentUrl":"https:\/\/esbozodeportivo.com\/wp-content\/uploads\/2026\/01\/DSC05637-scaled.jpg","width":2560,"height":1704},{"@type":"BreadcrumbList","@id":"https:\/\/esbozodeportivo.com\/index.php\/2026\/01\/28\/acapulco-vibro-con-la-rodada-por-el-dia-internacional-del-buggy\/#breadcrumb","itemListElement":[{"@type":"ListItem","position":1,"name":"Inicio","item":"https:\/\/esbozodeportivo.com\/"},{"@type":"ListItem","position":2,"name":"Acapulco vibr\u00f3 con la rodada por el D\u00eda Internacional del Buggy"}]},{"@type":"WebSite","@id":"https:\/\/esbozodeportivo.com\/#website","url":"https:\/\/esbozodeportivo.com\/","name":"Esbozo Deportivo","description":"Lo m\u00e1s importante del Deporte","publisher":{"@id":"https:\/\/esbozodeportivo.com\/#organization"},"potentialAction":[{"@type":"SearchAction","target":{"@type":"EntryPoint","urlTemplate":"https:\/\/esbozodeportivo.com\/?s={search_term_string}"},"query-input":{"@type":"PropertyValueSpecification","valueRequired":true,"valueName":"search_term_string"}}],"inLanguage":"es"},{"@type":"Organization","@id":"https:\/\/esbozodeportivo.com\/#organization","name":"Esbozo Deportivo","url":"https:\/\/esbozodeportivo.com\/","logo":{"@type":"ImageObject","inLanguage":"es","@id":"https:\/\/esbozodeportivo.com\/#\/schema\/logo\/image\/","url":"https:\/\/esbozodeportivo.com\/wp-content\/uploads\/2022\/08\/cropped-Logo-Esbozo-Web-2.png","contentUrl":"https:\/\/esbozodeportivo.com\/wp-content\/uploads\/2022\/08\/cropped-Logo-Esbozo-Web-2.png","width":180,"height":50,"caption":"Esbozo Deportivo"},"image":{"@id":"https:\/\/esbozodeportivo.com\/#\/schema\/logo\/image\/"}},{"@type":"Person","@id":"https:\/\/esbozodeportivo.com\/#\/schema\/person\/0f6df9196dfe6740dd0bb31bae50d374","name":"Redacci\u00f3n","image":{"@type":"ImageObject","inLanguage":"es","@id":"https:\/\/esbozodeportivo.com\/#\/schema\/person\/image\/","url":"https:\/\/secure.gravatar.com\/avatar\/f55268a89c3b418f2ef172ff52ab0d09b3e653c58de29539fe329fb93d78ebf3?s=96&d=mm&r=g","contentUrl":"https:\/\/secure.gravatar.com\/avatar\/f55268a89c3b418f2ef172ff52ab0d09b3e653c58de29539fe329fb93d78ebf3?s=96&d=mm&r=g","caption":"Redacci\u00f3n"},"url":"https:\/\/esbozodeportivo.com\/index.php\/author\/redaccion\/"}]}},"jetpack_featured_media_url":"https:\/\/esbozodeportivo.com\/wp-content\/uploads\/2026\/01\/DSC05637-scaled.jpg","jetpack_sharing_enabled":true,"_links":{"self":[{"href":"https:\/\/esbozodeportivo.com\/index.php\/wp-json\/wp\/v2\/posts\/12602","targetHints":{"allow":["GET"]}}],"collection":[{"href":"https:\/\/esbozodeportivo.com\/index.php\/wp-json\/wp\/v2\/posts"}],"about":[{"href":"https:\/\/esbozodeportivo.com\/index.php\/wp-json\/wp\/v2\/types\/post"}],"author":[{"embeddable":true,"href":"https:\/\/esbozodeportivo.com\/index.php\/wp-json\/wp\/v2\/users\/4"}],"replies":[{"embeddable":true,"href":"https:\/\/esbozodeportivo.com\/index.php\/wp-json\/wp\/v2\/comments?post=12602"}],"version-history":[{"count":1,"href":"https:\/\/esbozodeportivo.com\/index.php\/wp-json\/wp\/v2\/posts\/12602\/revisions"}],"predecessor-version":[{"id":12635,"href":"https:\/\/esbozodeportivo.com\/index.php\/wp-json\/wp\/v2\/posts\/12602\/revisions\/12635"}],"wp:featuredmedia":[{"embeddable":true,"href":"https:\/\/esbozodeportivo.com\/index.php\/wp-json\/wp\/v2\/media\/12603"}],"wp:attachment":[{"href":"https:\/\/esbozodeportivo.com\/index.php\/wp-json\/wp\/v2\/media?parent=12602"}],"wp:term":[{"taxonomy":"category","embeddable":true,"href":"https:\/\/esbozodeportivo.com\/index.php\/wp-json\/wp\/v2\/categories?post=12602"},{"taxonomy":"post_tag","embeddable":true,"href":"https:\/\/esbozodeportivo.com\/index.php\/wp-json\/wp\/v2\/tags?post=12602"}],"curies":[{"name":"wp","href":"https:\/\/api.w.org\/{rel}","templated":true}]}}