{"id":1273,"date":"2023-02-27T02:29:54","date_gmt":"2023-02-27T02:29:54","guid":{"rendered":"https:\/\/esbozodeportivo.com\/?p=1273"},"modified":"2023-02-27T02:35:19","modified_gmt":"2023-02-27T02:35:19","slug":"inician-los-juegos-infantiles-juveniles-y-paralimpicos-2023","status":"publish","type":"post","link":"https:\/\/esbozodeportivo.com\/index.php\/2023\/02\/27\/inician-los-juegos-infantiles-juveniles-y-paralimpicos-2023\/","title":{"rendered":"Inician los Juegos infantiles, juveniles y paral\u00edmpicos 2023"},"content":{"rendered":"<style>\/*! elementor - v3.11.2 - 22-02-2023 *\/\n.elementor-widget-image{text-align:center}.elementor-widget-image a{display:inline-block}.elementor-widget-image a img[src$=\".svg\"]{width:48px}.elementor-widget-image img{vertical-align:middle;display:inline-block}<\/style>\n<p>\t\t\t\t\t\t\t\t\t\t\t\t<img decoding=\"async\" width=\"640\" height=\"445\" src=\"https:\/\/esbozodeportivo.com\/wp-content\/uploads\/2023\/02\/Juegos-infantiles-2.jpeg\" alt=\"\" loading=\"lazy\" srcset=\"https:\/\/esbozodeportivo.com\/wp-content\/uploads\/2023\/02\/Juegos-infantiles-2.jpeg 944w, https:\/\/esbozodeportivo.com\/wp-content\/uploads\/2023\/02\/Juegos-infantiles-2-300x208.jpeg 300w, https:\/\/esbozodeportivo.com\/wp-content\/uploads\/2023\/02\/Juegos-infantiles-2-768x534.jpeg 768w, https:\/\/esbozodeportivo.com\/wp-content\/uploads\/2023\/02\/Juegos-infantiles-2-825x575.jpeg 825w, https:\/\/esbozodeportivo.com\/wp-content\/uploads\/2023\/02\/Juegos-infantiles-2-590x410.jpeg 590w\" sizes=\"auto, (max-width: 640px) 100vw, 640px\" \/>\t\t\t\t\t\t\t\t\t\t\t\t\t\t\t<\/p>\n<p><strong>(Foto: INDEPORTE)<\/strong><\/p>\n<p>(Bolet\u00edn).- Con la presencia de atletas de varias disciplinas este s\u00e1bado se dio el inicio de los Juegos Deportivos infantiles, juveniles y Paral\u00edmpicos de la Ciudad de M\u00e9xico 2023, en el estadio Jes\u00fas Mart\u00ednez \u201cPalillo\u201d.<\/p>\n<p>Cientos de atletas compitieron en pruebas de pista y campo, tales como salto de altura, salto con p\u00e9rtiga, salto de longitud, lanzamiento de bala, lanzamiento de jabalina, lanzamiento de martillo, as\u00ed como carreras de velocidad y con obst\u00e1culos.<\/p>\n<p>\t\t\t\t\t\t\t\t\t\t\t\t\t\t\t<img decoding=\"async\" width=\"640\" height=\"426\" src=\"https:\/\/esbozodeportivo.com\/wp-content\/uploads\/2023\/02\/Juegos-infantiles-1-1024x682.jpeg\" alt=\"\" loading=\"lazy\" srcset=\"https:\/\/esbozodeportivo.com\/wp-content\/uploads\/2023\/02\/Juegos-infantiles-1-1024x682.jpeg 1024w, https:\/\/esbozodeportivo.com\/wp-content\/uploads\/2023\/02\/Juegos-infantiles-1-300x200.jpeg 300w, https:\/\/esbozodeportivo.com\/wp-content\/uploads\/2023\/02\/Juegos-infantiles-1-768x512.jpeg 768w, https:\/\/esbozodeportivo.com\/wp-content\/uploads\/2023\/02\/Juegos-infantiles-1.jpeg 1202w\" sizes=\"auto, (max-width: 640px) 100vw, 640px\" \/>\t\t\t\t\t\t\t\t\t\t\t\t\t\t\t<\/p>\n<p><strong>(Foto: INDEPORTE)<\/strong><\/p>\n<p>Leonardo Garc\u00eda fue el ganador en 100 metros planos sub 20, Leonardo V\u00e1zquez fue segundo e Iv\u00e1n Cruz se ubic\u00f3 en tercer lugar; Valeria Mej\u00eda gan\u00f3 en salto de altura y salto triple femenil sub 20, mientras que Cinthia Galindo hizo lo propio en la categor\u00eda sub 23 de salto triple.<\/p>\n<p>En los 10,000 metros planos sub 23 varonil, Brandon Arenas consigui\u00f3 el primer puesto, el segundo fue para Orlando Arce y Uriel Romero complet\u00f3 el podio; C\u00e9sar Salcedo, Juan Carlos Mart\u00ednez y Juan Fernando Mart\u00ednez fueron primero, segundo y tercero, respectivamente, en 2,000 metros planos sub 16.<\/p>\n<p>\t\t\t\t\t\t\t\t\t\t\t\t\t\t\t<img decoding=\"async\" width=\"640\" height=\"426\" src=\"https:\/\/esbozodeportivo.com\/wp-content\/uploads\/2023\/02\/Juegos-infantiles-4-1024x682.jpeg\" alt=\"\" loading=\"lazy\" srcset=\"https:\/\/esbozodeportivo.com\/wp-content\/uploads\/2023\/02\/Juegos-infantiles-4-1024x682.jpeg 1024w, https:\/\/esbozodeportivo.com\/wp-content\/uploads\/2023\/02\/Juegos-infantiles-4-300x200.jpeg 300w, https:\/\/esbozodeportivo.com\/wp-content\/uploads\/2023\/02\/Juegos-infantiles-4-768x512.jpeg 768w, https:\/\/esbozodeportivo.com\/wp-content\/uploads\/2023\/02\/Juegos-infantiles-4-1536x1023.jpeg 1536w, https:\/\/esbozodeportivo.com\/wp-content\/uploads\/2023\/02\/Juegos-infantiles-4.jpeg 1600w\" sizes=\"auto, (max-width: 640px) 100vw, 640px\" \/>\t\t\t\t\t\t\t\t\t\t\t\t\t\t\t<\/p>\n<p>(Foto: INDEPORTE)\u00a0<\/p>\n<p>Por su parte, Samantha Amador gan\u00f3 en los 100 metros vallas, mientras que Frida Alejo ocup\u00f3 el segundo puesto.<\/p>\n<p>Las competencias continuar\u00e1n este domingo en el \u201cPalillo\u201d y los ganadores avanzar\u00e1n a la etapa macro-regional previa a los Juegos Nacionales CONADE 2023, en donde la capital ser\u00e1 sede en mayo pr\u00f3ximo.\u00a0<\/p>\n<p>\t\t\t\t\t\t\t\t\t\t\t\t\t\t\t<img decoding=\"async\" width=\"640\" height=\"426\" src=\"https:\/\/esbozodeportivo.com\/wp-content\/uploads\/2023\/02\/Juegos-infantiles-5-1024x682.jpeg\" alt=\"\" loading=\"lazy\" srcset=\"https:\/\/esbozodeportivo.com\/wp-content\/uploads\/2023\/02\/Juegos-infantiles-5-1024x682.jpeg 1024w, https:\/\/esbozodeportivo.com\/wp-content\/uploads\/2023\/02\/Juegos-infantiles-5-300x200.jpeg 300w, https:\/\/esbozodeportivo.com\/wp-content\/uploads\/2023\/02\/Juegos-infantiles-5-768x512.jpeg 768w, https:\/\/esbozodeportivo.com\/wp-content\/uploads\/2023\/02\/Juegos-infantiles-5.jpeg 1198w\" sizes=\"auto, (max-width: 640px) 100vw, 640px\" \/>\t\t\t\t\t\t\t\t\t\t\t\t\t\t\t<\/p>\n<p>(Foto: INDEPORTE)\u00a0<\/p>\n<p>El director general del INDEPORTE, Javier Hidalgo Ponce, destac\u00f3 en reuni\u00f3n del Consejo del Deporte de la Ciudad de M\u00e9xico la importancia de fortalecer los Juegos de la capital por parte de las Alcald\u00edas sedes y Asociaciones Deportivas.<\/p>\n<p>Los Juegos Nacionales CONADE se realizar\u00e1n en el estado de Tabasco y esta justa deportiva contar\u00e1 con m\u00e1s de 40 disciplinas, tanto en competencias convencionales como paral\u00edmpicas.<\/p>\n","protected":false},"excerpt":{"rendered":"<p>(Foto: INDEPORTE) (Bolet\u00edn).- Con la presencia de atletas de varias disciplinas este s\u00e1bado se dio<\/p>\n","protected":false},"author":2,"featured_media":0,"comment_status":"open","ping_status":"open","sticky":false,"template":"","format":"standard","meta":{"_jetpack_memberships_contains_paid_content":false,"footnotes":""},"categories":[5],"tags":[],"class_list":["post-1273","post","type-post","status-publish","format-standard","hentry","category-amateur"],"yoast_head":"<!-- This site is optimized with the Yoast SEO plugin v25.7 - https:\/\/yoast.com\/wordpress\/plugins\/seo\/ -->\n<title>Inician los Juegos infantiles, juveniles y paral\u00edmpicos 2023 - Esbozo Deportivo<\/title>\n<meta name=\"robots\" content=\"index, follow, max-snippet:-1, max-image-preview:large, max-video-preview:-1\" \/>\n<link rel=\"canonical\" href=\"https:\/\/esbozodeportivo.com\/index.php\/2023\/02\/27\/inician-los-juegos-infantiles-juveniles-y-paralimpicos-2023\/\" \/>\n<meta property=\"og:locale\" content=\"es_MX\" \/>\n<meta property=\"og:type\" content=\"article\" \/>\n<meta property=\"og:title\" content=\"Inician los Juegos infantiles, juveniles y paral\u00edmpicos 2023 - Esbozo Deportivo\" \/>\n<meta property=\"og:description\" content=\"(Foto: INDEPORTE) (Bolet\u00edn).- Con la presencia de atletas de varias disciplinas este s\u00e1bado se dio\" \/>\n<meta property=\"og:url\" content=\"https:\/\/esbozodeportivo.com\/index.php\/2023\/02\/27\/inician-los-juegos-infantiles-juveniles-y-paralimpicos-2023\/\" \/>\n<meta property=\"og:site_name\" content=\"Esbozo Deportivo\" \/>\n<meta property=\"article:published_time\" content=\"2023-02-27T02:29:54+00:00\" \/>\n<meta property=\"article:modified_time\" content=\"2023-02-27T02:35:19+00:00\" \/>\n<meta property=\"og:image\" content=\"https:\/\/esbozodeportivo.com\/wp-content\/uploads\/2023\/02\/Juegos-infantiles-2.jpeg\" \/>\n<meta name=\"author\" content=\"Javier De La Cruz\" \/>\n<meta name=\"twitter:card\" content=\"summary_large_image\" \/>\n<meta name=\"twitter:label1\" content=\"Escrito por\" \/>\n\t<meta name=\"twitter:data1\" content=\"Javier De La Cruz\" \/>\n\t<meta name=\"twitter:label2\" content=\"Tiempo de lectura\" \/>\n\t<meta name=\"twitter:data2\" content=\"2 minutos\" \/>\n<script type=\"application\/ld+json\" class=\"yoast-schema-graph\">{\"@context\":\"https:\/\/schema.org\",\"@graph\":[{\"@type\":\"Article\",\"@id\":\"https:\/\/esbozodeportivo.com\/index.php\/2023\/02\/27\/inician-los-juegos-infantiles-juveniles-y-paralimpicos-2023\/#article\",\"isPartOf\":{\"@id\":\"https:\/\/esbozodeportivo.com\/index.php\/2023\/02\/27\/inician-los-juegos-infantiles-juveniles-y-paralimpicos-2023\/\"},\"author\":{\"name\":\"Javier De La Cruz\",\"@id\":\"https:\/\/esbozodeportivo.com\/#\/schema\/person\/7277119c98823aec37bbb84e125efd44\"},\"headline\":\"Inician los Juegos infantiles, juveniles y paral\u00edmpicos 2023\",\"datePublished\":\"2023-02-27T02:29:54+00:00\",\"dateModified\":\"2023-02-27T02:35:19+00:00\",\"mainEntityOfPage\":{\"@id\":\"https:\/\/esbozodeportivo.com\/index.php\/2023\/02\/27\/inician-los-juegos-infantiles-juveniles-y-paralimpicos-2023\/\"},\"wordCount\":317,\"commentCount\":0,\"publisher\":{\"@id\":\"https:\/\/esbozodeportivo.com\/#organization\"},\"image\":{\"@id\":\"https:\/\/esbozodeportivo.com\/index.php\/2023\/02\/27\/inician-los-juegos-infantiles-juveniles-y-paralimpicos-2023\/#primaryimage\"},\"thumbnailUrl\":\"https:\/\/esbozodeportivo.com\/wp-content\/uploads\/2023\/02\/Juegos-infantiles-2.jpeg\",\"articleSection\":[\"Amateur\"],\"inLanguage\":\"es\",\"potentialAction\":[{\"@type\":\"CommentAction\",\"name\":\"Comment\",\"target\":[\"https:\/\/esbozodeportivo.com\/index.php\/2023\/02\/27\/inician-los-juegos-infantiles-juveniles-y-paralimpicos-2023\/#respond\"]}]},{\"@type\":\"WebPage\",\"@id\":\"https:\/\/esbozodeportivo.com\/index.php\/2023\/02\/27\/inician-los-juegos-infantiles-juveniles-y-paralimpicos-2023\/\",\"url\":\"https:\/\/esbozodeportivo.com\/index.php\/2023\/02\/27\/inician-los-juegos-infantiles-juveniles-y-paralimpicos-2023\/\",\"name\":\"Inician los Juegos infantiles, juveniles y paral\u00edmpicos 2023 - Esbozo Deportivo\",\"isPartOf\":{\"@id\":\"https:\/\/esbozodeportivo.com\/#website\"},\"primaryImageOfPage\":{\"@id\":\"https:\/\/esbozodeportivo.com\/index.php\/2023\/02\/27\/inician-los-juegos-infantiles-juveniles-y-paralimpicos-2023\/#primaryimage\"},\"image\":{\"@id\":\"https:\/\/esbozodeportivo.com\/index.php\/2023\/02\/27\/inician-los-juegos-infantiles-juveniles-y-paralimpicos-2023\/#primaryimage\"},\"thumbnailUrl\":\"https:\/\/esbozodeportivo.com\/wp-content\/uploads\/2023\/02\/Juegos-infantiles-2.jpeg\",\"datePublished\":\"2023-02-27T02:29:54+00:00\",\"dateModified\":\"2023-02-27T02:35:19+00:00\",\"breadcrumb\":{\"@id\":\"https:\/\/esbozodeportivo.com\/index.php\/2023\/02\/27\/inician-los-juegos-infantiles-juveniles-y-paralimpicos-2023\/#breadcrumb\"},\"inLanguage\":\"es\",\"potentialAction\":[{\"@type\":\"ReadAction\",\"target\":[\"https:\/\/esbozodeportivo.com\/index.php\/2023\/02\/27\/inician-los-juegos-infantiles-juveniles-y-paralimpicos-2023\/\"]}]},{\"@type\":\"ImageObject\",\"inLanguage\":\"es\",\"@id\":\"https:\/\/esbozodeportivo.com\/index.php\/2023\/02\/27\/inician-los-juegos-infantiles-juveniles-y-paralimpicos-2023\/#primaryimage\",\"url\":\"https:\/\/esbozodeportivo.com\/wp-content\/uploads\/2023\/02\/Juegos-infantiles-2.jpeg\",\"contentUrl\":\"https:\/\/esbozodeportivo.com\/wp-content\/uploads\/2023\/02\/Juegos-infantiles-2.jpeg\",\"width\":944,\"height\":656},{\"@type\":\"BreadcrumbList\",\"@id\":\"https:\/\/esbozodeportivo.com\/index.php\/2023\/02\/27\/inician-los-juegos-infantiles-juveniles-y-paralimpicos-2023\/#breadcrumb\",\"itemListElement\":[{\"@type\":\"ListItem\",\"position\":1,\"name\":\"Inicio\",\"item\":\"https:\/\/esbozodeportivo.com\/\"},{\"@type\":\"ListItem\",\"position\":2,\"name\":\"Inician los Juegos infantiles, juveniles y paral\u00edmpicos 2023\"}]},{\"@type\":\"WebSite\",\"@id\":\"https:\/\/esbozodeportivo.com\/#website\",\"url\":\"https:\/\/esbozodeportivo.com\/\",\"name\":\"Esbozo Deportivo\",\"description\":\"Lo m\u00e1s importante del Deporte\",\"publisher\":{\"@id\":\"https:\/\/esbozodeportivo.com\/#organization\"},\"potentialAction\":[{\"@type\":\"SearchAction\",\"target\":{\"@type\":\"EntryPoint\",\"urlTemplate\":\"https:\/\/esbozodeportivo.com\/?s={search_term_string}\"},\"query-input\":{\"@type\":\"PropertyValueSpecification\",\"valueRequired\":true,\"valueName\":\"search_term_string\"}}],\"inLanguage\":\"es\"},{\"@type\":\"Organization\",\"@id\":\"https:\/\/esbozodeportivo.com\/#organization\",\"name\":\"Esbozo Deportivo\",\"url\":\"https:\/\/esbozodeportivo.com\/\",\"logo\":{\"@type\":\"ImageObject\",\"inLanguage\":\"es\",\"@id\":\"https:\/\/esbozodeportivo.com\/#\/schema\/logo\/image\/\",\"url\":\"https:\/\/esbozodeportivo.com\/wp-content\/uploads\/2022\/08\/cropped-Logo-Esbozo-Web-2.png\",\"contentUrl\":\"https:\/\/esbozodeportivo.com\/wp-content\/uploads\/2022\/08\/cropped-Logo-Esbozo-Web-2.png\",\"width\":180,\"height\":50,\"caption\":\"Esbozo Deportivo\"},\"image\":{\"@id\":\"https:\/\/esbozodeportivo.com\/#\/schema\/logo\/image\/\"}},{\"@type\":\"Person\",\"@id\":\"https:\/\/esbozodeportivo.com\/#\/schema\/person\/7277119c98823aec37bbb84e125efd44\",\"name\":\"Javier De La Cruz\",\"image\":{\"@type\":\"ImageObject\",\"inLanguage\":\"es\",\"@id\":\"https:\/\/esbozodeportivo.com\/#\/schema\/person\/image\/\",\"url\":\"https:\/\/secure.gravatar.com\/avatar\/366235a56d20f1a6e8e3d0b295897639357bea880470ddf261d17bb0bc052eb1?s=96&d=mm&r=g\",\"contentUrl\":\"https:\/\/secure.gravatar.com\/avatar\/366235a56d20f1a6e8e3d0b295897639357bea880470ddf261d17bb0bc052eb1?s=96&d=mm&r=g\",\"caption\":\"Javier De La Cruz\"},\"url\":\"https:\/\/esbozodeportivo.com\/index.php\/author\/javier-de-la-cruz-de-la-cruz\/\"}]}<\/script>\n<!-- \/ Yoast SEO plugin. -->","yoast_head_json":{"title":"Inician los Juegos infantiles, juveniles y paral\u00edmpicos 2023 - Esbozo Deportivo","robots":{"index":"index","follow":"follow","max-snippet":"max-snippet:-1","max-image-preview":"max-image-preview:large","max-video-preview":"max-video-preview:-1"},"canonical":"https:\/\/esbozodeportivo.com\/index.php\/2023\/02\/27\/inician-los-juegos-infantiles-juveniles-y-paralimpicos-2023\/","og_locale":"es_MX","og_type":"article","og_title":"Inician los Juegos infantiles, juveniles y paral\u00edmpicos 2023 - Esbozo Deportivo","og_description":"(Foto: INDEPORTE) (Bolet\u00edn).- Con la presencia de atletas de varias disciplinas este s\u00e1bado se dio","og_url":"https:\/\/esbozodeportivo.com\/index.php\/2023\/02\/27\/inician-los-juegos-infantiles-juveniles-y-paralimpicos-2023\/","og_site_name":"Esbozo Deportivo","article_published_time":"2023-02-27T02:29:54+00:00","article_modified_time":"2023-02-27T02:35:19+00:00","og_image":[{"url":"https:\/\/esbozodeportivo.com\/wp-content\/uploads\/2023\/02\/Juegos-infantiles-2.jpeg","type":"","width":"","height":""}],"author":"Javier De La Cruz","twitter_card":"summary_large_image","twitter_misc":{"Escrito por":"Javier De La Cruz","Tiempo de lectura":"2 minutos"},"schema":{"@context":"https:\/\/schema.org","@graph":[{"@type":"Article","@id":"https:\/\/esbozodeportivo.com\/index.php\/2023\/02\/27\/inician-los-juegos-infantiles-juveniles-y-paralimpicos-2023\/#article","isPartOf":{"@id":"https:\/\/esbozodeportivo.com\/index.php\/2023\/02\/27\/inician-los-juegos-infantiles-juveniles-y-paralimpicos-2023\/"},"author":{"name":"Javier De La Cruz","@id":"https:\/\/esbozodeportivo.com\/#\/schema\/person\/7277119c98823aec37bbb84e125efd44"},"headline":"Inician los Juegos infantiles, juveniles y paral\u00edmpicos 2023","datePublished":"2023-02-27T02:29:54+00:00","dateModified":"2023-02-27T02:35:19+00:00","mainEntityOfPage":{"@id":"https:\/\/esbozodeportivo.com\/index.php\/2023\/02\/27\/inician-los-juegos-infantiles-juveniles-y-paralimpicos-2023\/"},"wordCount":317,"commentCount":0,"publisher":{"@id":"https:\/\/esbozodeportivo.com\/#organization"},"image":{"@id":"https:\/\/esbozodeportivo.com\/index.php\/2023\/02\/27\/inician-los-juegos-infantiles-juveniles-y-paralimpicos-2023\/#primaryimage"},"thumbnailUrl":"https:\/\/esbozodeportivo.com\/wp-content\/uploads\/2023\/02\/Juegos-infantiles-2.jpeg","articleSection":["Amateur"],"inLanguage":"es","potentialAction":[{"@type":"CommentAction","name":"Comment","target":["https:\/\/esbozodeportivo.com\/index.php\/2023\/02\/27\/inician-los-juegos-infantiles-juveniles-y-paralimpicos-2023\/#respond"]}]},{"@type":"WebPage","@id":"https:\/\/esbozodeportivo.com\/index.php\/2023\/02\/27\/inician-los-juegos-infantiles-juveniles-y-paralimpicos-2023\/","url":"https:\/\/esbozodeportivo.com\/index.php\/2023\/02\/27\/inician-los-juegos-infantiles-juveniles-y-paralimpicos-2023\/","name":"Inician los Juegos infantiles, juveniles y paral\u00edmpicos 2023 - Esbozo Deportivo","isPartOf":{"@id":"https:\/\/esbozodeportivo.com\/#website"},"primaryImageOfPage":{"@id":"https:\/\/esbozodeportivo.com\/index.php\/2023\/02\/27\/inician-los-juegos-infantiles-juveniles-y-paralimpicos-2023\/#primaryimage"},"image":{"@id":"https:\/\/esbozodeportivo.com\/index.php\/2023\/02\/27\/inician-los-juegos-infantiles-juveniles-y-paralimpicos-2023\/#primaryimage"},"thumbnailUrl":"https:\/\/esbozodeportivo.com\/wp-content\/uploads\/2023\/02\/Juegos-infantiles-2.jpeg","datePublished":"2023-02-27T02:29:54+00:00","dateModified":"2023-02-27T02:35:19+00:00","breadcrumb":{"@id":"https:\/\/esbozodeportivo.com\/index.php\/2023\/02\/27\/inician-los-juegos-infantiles-juveniles-y-paralimpicos-2023\/#breadcrumb"},"inLanguage":"es","potentialAction":[{"@type":"ReadAction","target":["https:\/\/esbozodeportivo.com\/index.php\/2023\/02\/27\/inician-los-juegos-infantiles-juveniles-y-paralimpicos-2023\/"]}]},{"@type":"ImageObject","inLanguage":"es","@id":"https:\/\/esbozodeportivo.com\/index.php\/2023\/02\/27\/inician-los-juegos-infantiles-juveniles-y-paralimpicos-2023\/#primaryimage","url":"https:\/\/esbozodeportivo.com\/wp-content\/uploads\/2023\/02\/Juegos-infantiles-2.jpeg","contentUrl":"https:\/\/esbozodeportivo.com\/wp-content\/uploads\/2023\/02\/Juegos-infantiles-2.jpeg","width":944,"height":656},{"@type":"BreadcrumbList","@id":"https:\/\/esbozodeportivo.com\/index.php\/2023\/02\/27\/inician-los-juegos-infantiles-juveniles-y-paralimpicos-2023\/#breadcrumb","itemListElement":[{"@type":"ListItem","position":1,"name":"Inicio","item":"https:\/\/esbozodeportivo.com\/"},{"@type":"ListItem","position":2,"name":"Inician los Juegos infantiles, juveniles y paral\u00edmpicos 2023"}]},{"@type":"WebSite","@id":"https:\/\/esbozodeportivo.com\/#website","url":"https:\/\/esbozodeportivo.com\/","name":"Esbozo Deportivo","description":"Lo m\u00e1s importante del Deporte","publisher":{"@id":"https:\/\/esbozodeportivo.com\/#organization"},"potentialAction":[{"@type":"SearchAction","target":{"@type":"EntryPoint","urlTemplate":"https:\/\/esbozodeportivo.com\/?s={search_term_string}"},"query-input":{"@type":"PropertyValueSpecification","valueRequired":true,"valueName":"search_term_string"}}],"inLanguage":"es"},{"@type":"Organization","@id":"https:\/\/esbozodeportivo.com\/#organization","name":"Esbozo Deportivo","url":"https:\/\/esbozodeportivo.com\/","logo":{"@type":"ImageObject","inLanguage":"es","@id":"https:\/\/esbozodeportivo.com\/#\/schema\/logo\/image\/","url":"https:\/\/esbozodeportivo.com\/wp-content\/uploads\/2022\/08\/cropped-Logo-Esbozo-Web-2.png","contentUrl":"https:\/\/esbozodeportivo.com\/wp-content\/uploads\/2022\/08\/cropped-Logo-Esbozo-Web-2.png","width":180,"height":50,"caption":"Esbozo Deportivo"},"image":{"@id":"https:\/\/esbozodeportivo.com\/#\/schema\/logo\/image\/"}},{"@type":"Person","@id":"https:\/\/esbozodeportivo.com\/#\/schema\/person\/7277119c98823aec37bbb84e125efd44","name":"Javier De La Cruz","image":{"@type":"ImageObject","inLanguage":"es","@id":"https:\/\/esbozodeportivo.com\/#\/schema\/person\/image\/","url":"https:\/\/secure.gravatar.com\/avatar\/366235a56d20f1a6e8e3d0b295897639357bea880470ddf261d17bb0bc052eb1?s=96&d=mm&r=g","contentUrl":"https:\/\/secure.gravatar.com\/avatar\/366235a56d20f1a6e8e3d0b295897639357bea880470ddf261d17bb0bc052eb1?s=96&d=mm&r=g","caption":"Javier De La Cruz"},"url":"https:\/\/esbozodeportivo.com\/index.php\/author\/javier-de-la-cruz-de-la-cruz\/"}]}},"jetpack_featured_media_url":"","jetpack_sharing_enabled":true,"_links":{"self":[{"href":"https:\/\/esbozodeportivo.com\/index.php\/wp-json\/wp\/v2\/posts\/1273","targetHints":{"allow":["GET"]}}],"collection":[{"href":"https:\/\/esbozodeportivo.com\/index.php\/wp-json\/wp\/v2\/posts"}],"about":[{"href":"https:\/\/esbozodeportivo.com\/index.php\/wp-json\/wp\/v2\/types\/post"}],"author":[{"embeddable":true,"href":"https:\/\/esbozodeportivo.com\/index.php\/wp-json\/wp\/v2\/users\/2"}],"replies":[{"embeddable":true,"href":"https:\/\/esbozodeportivo.com\/index.php\/wp-json\/wp\/v2\/comments?post=1273"}],"version-history":[{"count":4,"href":"https:\/\/esbozodeportivo.com\/index.php\/wp-json\/wp\/v2\/posts\/1273\/revisions"}],"predecessor-version":[{"id":1282,"href":"https:\/\/esbozodeportivo.com\/index.php\/wp-json\/wp\/v2\/posts\/1273\/revisions\/1282"}],"wp:attachment":[{"href":"https:\/\/esbozodeportivo.com\/index.php\/wp-json\/wp\/v2\/media?parent=1273"}],"wp:term":[{"taxonomy":"category","embeddable":true,"href":"https:\/\/esbozodeportivo.com\/index.php\/wp-json\/wp\/v2\/categories?post=1273"},{"taxonomy":"post_tag","embeddable":true,"href":"https:\/\/esbozodeportivo.com\/index.php\/wp-json\/wp\/v2\/tags?post=1273"}],"curies":[{"name":"wp","href":"https:\/\/api.w.org\/{rel}","templated":true}]}}