{"id":1283,"date":"2023-02-27T02:36:23","date_gmt":"2023-02-27T02:36:23","guid":{"rendered":"https:\/\/esbozodeportivo.com\/?p=1283"},"modified":"2023-02-27T02:39:29","modified_gmt":"2023-02-27T02:39:29","slug":"mas-de-60-mil-participaron-en-el-cicloton-del-mes-de-febrero","status":"publish","type":"post","link":"https:\/\/esbozodeportivo.com\/index.php\/2023\/02\/27\/mas-de-60-mil-participaron-en-el-cicloton-del-mes-de-febrero\/","title":{"rendered":"M\u00e1s de 60 mil participaron en el Ciclot\u00f3n del mes de febrero"},"content":{"rendered":"<style>\/*! elementor - v3.11.2 - 22-02-2023 *\/\n.elementor-widget-image{text-align:center}.elementor-widget-image a{display:inline-block}.elementor-widget-image a img[src$=\".svg\"]{width:48px}.elementor-widget-image img{vertical-align:middle;display:inline-block}<\/style>\n<p>\t\t\t\t\t\t\t\t\t\t\t\t<img decoding=\"async\" width=\"640\" height=\"427\" src=\"https:\/\/esbozodeportivo.com\/wp-content\/uploads\/2023\/02\/Cicloton-3-1024x683.jpeg\" alt=\"\" loading=\"lazy\" srcset=\"https:\/\/esbozodeportivo.com\/wp-content\/uploads\/2023\/02\/Cicloton-3-1024x683.jpeg 1024w, https:\/\/esbozodeportivo.com\/wp-content\/uploads\/2023\/02\/Cicloton-3-300x200.jpeg 300w, https:\/\/esbozodeportivo.com\/wp-content\/uploads\/2023\/02\/Cicloton-3-768x512.jpeg 768w, https:\/\/esbozodeportivo.com\/wp-content\/uploads\/2023\/02\/Cicloton-3.jpeg 1411w\" sizes=\"auto, (max-width: 640px) 100vw, 640px\" \/>\t\t\t\t\t\t\t\t\t\t\t\t\t\t\t<\/p>\n<p>(Foto: INDEPORTE)\u00a0<\/p>\n<p>(Bolet\u00edn).- \u00a0M\u00e1s de 60 mil personas asistieron al Ciclot\u00f3n de febrero de la Ciudad de M\u00e9xico, que tuvo un recorrido de 20 kil\u00f3metros por las principales avenidas de la capital mexicana, as\u00ed lo dio a conocer el Instituto del Deporte (INDEPORTE).<\/p>\n<p>Con un recorrido de 20 kil\u00f3metros por avenidas como R\u00edo Churubusco, Patriotismo, Durango, entre otras, este domingo se llev\u00f3 a cabo el Ciclot\u00f3n de la Ciudad de M\u00e9xico correspondiente al mes de febrero en la cual se dieron cita cientos de capitalinos.<\/p>\n<p>\t\t\t\t\t\t\t\t\t\t\t\t\t\t\t<img decoding=\"async\" width=\"640\" height=\"427\" src=\"https:\/\/esbozodeportivo.com\/wp-content\/uploads\/2023\/02\/Cicloton-1-1024x683.jpeg\" alt=\"\" loading=\"lazy\" srcset=\"https:\/\/esbozodeportivo.com\/wp-content\/uploads\/2023\/02\/Cicloton-1-1024x683.jpeg 1024w, https:\/\/esbozodeportivo.com\/wp-content\/uploads\/2023\/02\/Cicloton-1-300x200.jpeg 300w, https:\/\/esbozodeportivo.com\/wp-content\/uploads\/2023\/02\/Cicloton-1-768x512.jpeg 768w, https:\/\/esbozodeportivo.com\/wp-content\/uploads\/2023\/02\/Cicloton-1.jpeg 1408w\" sizes=\"auto, (max-width: 640px) 100vw, 640px\" \/>\t\t\t\t\t\t\t\t\t\t\t\t\t\t\t<\/p>\n<p>(Foto: INDEPORTE)\u00a0<\/p>\n<p>Durante el trayecto los participantes pudieron ver puntos de hidrataci\u00f3n, carpas m\u00e9dicas, servicios mec\u00e1nicos y m\u00e1s. Tambi\u00e9n algunos deportistas tuvieron la oportunidad de entrenar para la Marat\u00f3n de la Ciudad de M\u00e9xico Telcel 2023, justa deportiva que se llevar\u00e1 a cabo el 27 de agosto del presente a\u00f1o.<\/p>\n<p>El Ciclot\u00f3n es un evento que coordina el Instituto del Deporte (INDEPORTE), se lleva a cabo los \u00faltimos domingos de cada mes, y se convoca a ciclistas, patinadores y corredores a realizar actividad f\u00edsica.<\/p>\n<p>\t\t\t\t\t\t\t\t\t\t\t\t\t\t\t<img decoding=\"async\" width=\"640\" height=\"427\" src=\"https:\/\/esbozodeportivo.com\/wp-content\/uploads\/2023\/02\/Cicloton-4-1024x683.jpeg\" alt=\"\" loading=\"lazy\" srcset=\"https:\/\/esbozodeportivo.com\/wp-content\/uploads\/2023\/02\/Cicloton-4-1024x683.jpeg 1024w, https:\/\/esbozodeportivo.com\/wp-content\/uploads\/2023\/02\/Cicloton-4-300x200.jpeg 300w, https:\/\/esbozodeportivo.com\/wp-content\/uploads\/2023\/02\/Cicloton-4-768x512.jpeg 768w, https:\/\/esbozodeportivo.com\/wp-content\/uploads\/2023\/02\/Cicloton-4.jpeg 1376w\" sizes=\"auto, (max-width: 640px) 100vw, 640px\" \/>\t\t\t\t\t\t\t\t\t\t\t\t\t\t\t<\/p>\n<p>(Foto: INDEPORTE)\u00a0<\/p>\n<p>Asimismo, las actividades contaron con el apoyo de diversas Secretar\u00edas y dependencias capitalinas: Secretar\u00eda de Salud (SEDESA), de Seguridad Ciudadana (SSC), de Movilidad (SEMOVI), de Obras y Servicios (SOBSE), de Gobierno (SECGOB), Cruz Roja, as\u00ed como del Centro de Comando, Control, C\u00f3mputo, Comunicaciones y Contacto Ciudadano (C5).<\/p>\n<p>El pr\u00f3ximo Ciclot\u00f3n se llevar\u00e1 a cabo el domingo 26 de marzo.<\/p>\n","protected":false},"excerpt":{"rendered":"<p>(Foto: INDEPORTE)\u00a0 (Bolet\u00edn).- \u00a0M\u00e1s de 60 mil personas asistieron al Ciclot\u00f3n de febrero de la<\/p>\n","protected":false},"author":2,"featured_media":0,"comment_status":"open","ping_status":"open","sticky":false,"template":"","format":"standard","meta":{"_jetpack_memberships_contains_paid_content":false,"footnotes":""},"categories":[5],"tags":[],"class_list":["post-1283","post","type-post","status-publish","format-standard","hentry","category-amateur"],"yoast_head":"<!-- This site is optimized with the Yoast SEO plugin v25.7 - https:\/\/yoast.com\/wordpress\/plugins\/seo\/ -->\n<title>M\u00e1s de 60 mil participaron en el Ciclot\u00f3n del mes de febrero - Esbozo Deportivo<\/title>\n<meta name=\"robots\" content=\"index, follow, max-snippet:-1, max-image-preview:large, max-video-preview:-1\" \/>\n<link rel=\"canonical\" href=\"https:\/\/esbozodeportivo.com\/index.php\/2023\/02\/27\/mas-de-60-mil-participaron-en-el-cicloton-del-mes-de-febrero\/\" \/>\n<meta property=\"og:locale\" content=\"es_MX\" \/>\n<meta property=\"og:type\" content=\"article\" \/>\n<meta property=\"og:title\" content=\"M\u00e1s de 60 mil participaron en el Ciclot\u00f3n del mes de febrero - Esbozo Deportivo\" \/>\n<meta property=\"og:description\" content=\"(Foto: INDEPORTE)\u00a0 (Bolet\u00edn).- \u00a0M\u00e1s de 60 mil personas asistieron al Ciclot\u00f3n de febrero de la\" \/>\n<meta property=\"og:url\" content=\"https:\/\/esbozodeportivo.com\/index.php\/2023\/02\/27\/mas-de-60-mil-participaron-en-el-cicloton-del-mes-de-febrero\/\" \/>\n<meta property=\"og:site_name\" content=\"Esbozo Deportivo\" \/>\n<meta property=\"article:published_time\" content=\"2023-02-27T02:36:23+00:00\" \/>\n<meta property=\"article:modified_time\" content=\"2023-02-27T02:39:29+00:00\" \/>\n<meta property=\"og:image\" content=\"https:\/\/esbozodeportivo.com\/wp-content\/uploads\/2023\/02\/Cicloton-3-1024x683.jpeg\" \/>\n<meta name=\"author\" content=\"Javier De La Cruz\" \/>\n<meta name=\"twitter:card\" content=\"summary_large_image\" \/>\n<meta name=\"twitter:label1\" content=\"Escrito por\" \/>\n\t<meta name=\"twitter:data1\" content=\"Javier De La Cruz\" \/>\n\t<meta name=\"twitter:label2\" content=\"Tiempo de lectura\" \/>\n\t<meta name=\"twitter:data2\" content=\"1 minuto\" \/>\n<script type=\"application\/ld+json\" class=\"yoast-schema-graph\">{\"@context\":\"https:\/\/schema.org\",\"@graph\":[{\"@type\":\"Article\",\"@id\":\"https:\/\/esbozodeportivo.com\/index.php\/2023\/02\/27\/mas-de-60-mil-participaron-en-el-cicloton-del-mes-de-febrero\/#article\",\"isPartOf\":{\"@id\":\"https:\/\/esbozodeportivo.com\/index.php\/2023\/02\/27\/mas-de-60-mil-participaron-en-el-cicloton-del-mes-de-febrero\/\"},\"author\":{\"name\":\"Javier De La Cruz\",\"@id\":\"https:\/\/esbozodeportivo.com\/#\/schema\/person\/7277119c98823aec37bbb84e125efd44\"},\"headline\":\"M\u00e1s de 60 mil participaron en el Ciclot\u00f3n del mes de febrero\",\"datePublished\":\"2023-02-27T02:36:23+00:00\",\"dateModified\":\"2023-02-27T02:39:29+00:00\",\"mainEntityOfPage\":{\"@id\":\"https:\/\/esbozodeportivo.com\/index.php\/2023\/02\/27\/mas-de-60-mil-participaron-en-el-cicloton-del-mes-de-febrero\/\"},\"wordCount\":262,\"commentCount\":0,\"publisher\":{\"@id\":\"https:\/\/esbozodeportivo.com\/#organization\"},\"image\":{\"@id\":\"https:\/\/esbozodeportivo.com\/index.php\/2023\/02\/27\/mas-de-60-mil-participaron-en-el-cicloton-del-mes-de-febrero\/#primaryimage\"},\"thumbnailUrl\":\"https:\/\/esbozodeportivo.com\/wp-content\/uploads\/2023\/02\/Cicloton-3-1024x683.jpeg\",\"articleSection\":[\"Amateur\"],\"inLanguage\":\"es\",\"potentialAction\":[{\"@type\":\"CommentAction\",\"name\":\"Comment\",\"target\":[\"https:\/\/esbozodeportivo.com\/index.php\/2023\/02\/27\/mas-de-60-mil-participaron-en-el-cicloton-del-mes-de-febrero\/#respond\"]}]},{\"@type\":\"WebPage\",\"@id\":\"https:\/\/esbozodeportivo.com\/index.php\/2023\/02\/27\/mas-de-60-mil-participaron-en-el-cicloton-del-mes-de-febrero\/\",\"url\":\"https:\/\/esbozodeportivo.com\/index.php\/2023\/02\/27\/mas-de-60-mil-participaron-en-el-cicloton-del-mes-de-febrero\/\",\"name\":\"M\u00e1s de 60 mil participaron en el Ciclot\u00f3n del mes de febrero - Esbozo Deportivo\",\"isPartOf\":{\"@id\":\"https:\/\/esbozodeportivo.com\/#website\"},\"primaryImageOfPage\":{\"@id\":\"https:\/\/esbozodeportivo.com\/index.php\/2023\/02\/27\/mas-de-60-mil-participaron-en-el-cicloton-del-mes-de-febrero\/#primaryimage\"},\"image\":{\"@id\":\"https:\/\/esbozodeportivo.com\/index.php\/2023\/02\/27\/mas-de-60-mil-participaron-en-el-cicloton-del-mes-de-febrero\/#primaryimage\"},\"thumbnailUrl\":\"https:\/\/esbozodeportivo.com\/wp-content\/uploads\/2023\/02\/Cicloton-3-1024x683.jpeg\",\"datePublished\":\"2023-02-27T02:36:23+00:00\",\"dateModified\":\"2023-02-27T02:39:29+00:00\",\"breadcrumb\":{\"@id\":\"https:\/\/esbozodeportivo.com\/index.php\/2023\/02\/27\/mas-de-60-mil-participaron-en-el-cicloton-del-mes-de-febrero\/#breadcrumb\"},\"inLanguage\":\"es\",\"potentialAction\":[{\"@type\":\"ReadAction\",\"target\":[\"https:\/\/esbozodeportivo.com\/index.php\/2023\/02\/27\/mas-de-60-mil-participaron-en-el-cicloton-del-mes-de-febrero\/\"]}]},{\"@type\":\"ImageObject\",\"inLanguage\":\"es\",\"@id\":\"https:\/\/esbozodeportivo.com\/index.php\/2023\/02\/27\/mas-de-60-mil-participaron-en-el-cicloton-del-mes-de-febrero\/#primaryimage\",\"url\":\"https:\/\/esbozodeportivo.com\/wp-content\/uploads\/2023\/02\/Cicloton-3-1024x683.jpeg\",\"contentUrl\":\"https:\/\/esbozodeportivo.com\/wp-content\/uploads\/2023\/02\/Cicloton-3-1024x683.jpeg\"},{\"@type\":\"BreadcrumbList\",\"@id\":\"https:\/\/esbozodeportivo.com\/index.php\/2023\/02\/27\/mas-de-60-mil-participaron-en-el-cicloton-del-mes-de-febrero\/#breadcrumb\",\"itemListElement\":[{\"@type\":\"ListItem\",\"position\":1,\"name\":\"Inicio\",\"item\":\"https:\/\/esbozodeportivo.com\/\"},{\"@type\":\"ListItem\",\"position\":2,\"name\":\"M\u00e1s de 60 mil participaron en el Ciclot\u00f3n del mes de febrero\"}]},{\"@type\":\"WebSite\",\"@id\":\"https:\/\/esbozodeportivo.com\/#website\",\"url\":\"https:\/\/esbozodeportivo.com\/\",\"name\":\"Esbozo Deportivo\",\"description\":\"Lo m\u00e1s importante del Deporte\",\"publisher\":{\"@id\":\"https:\/\/esbozodeportivo.com\/#organization\"},\"potentialAction\":[{\"@type\":\"SearchAction\",\"target\":{\"@type\":\"EntryPoint\",\"urlTemplate\":\"https:\/\/esbozodeportivo.com\/?s={search_term_string}\"},\"query-input\":{\"@type\":\"PropertyValueSpecification\",\"valueRequired\":true,\"valueName\":\"search_term_string\"}}],\"inLanguage\":\"es\"},{\"@type\":\"Organization\",\"@id\":\"https:\/\/esbozodeportivo.com\/#organization\",\"name\":\"Esbozo Deportivo\",\"url\":\"https:\/\/esbozodeportivo.com\/\",\"logo\":{\"@type\":\"ImageObject\",\"inLanguage\":\"es\",\"@id\":\"https:\/\/esbozodeportivo.com\/#\/schema\/logo\/image\/\",\"url\":\"https:\/\/esbozodeportivo.com\/wp-content\/uploads\/2022\/08\/cropped-Logo-Esbozo-Web-2.png\",\"contentUrl\":\"https:\/\/esbozodeportivo.com\/wp-content\/uploads\/2022\/08\/cropped-Logo-Esbozo-Web-2.png\",\"width\":180,\"height\":50,\"caption\":\"Esbozo Deportivo\"},\"image\":{\"@id\":\"https:\/\/esbozodeportivo.com\/#\/schema\/logo\/image\/\"}},{\"@type\":\"Person\",\"@id\":\"https:\/\/esbozodeportivo.com\/#\/schema\/person\/7277119c98823aec37bbb84e125efd44\",\"name\":\"Javier De La Cruz\",\"image\":{\"@type\":\"ImageObject\",\"inLanguage\":\"es\",\"@id\":\"https:\/\/esbozodeportivo.com\/#\/schema\/person\/image\/\",\"url\":\"https:\/\/secure.gravatar.com\/avatar\/366235a56d20f1a6e8e3d0b295897639357bea880470ddf261d17bb0bc052eb1?s=96&d=mm&r=g\",\"contentUrl\":\"https:\/\/secure.gravatar.com\/avatar\/366235a56d20f1a6e8e3d0b295897639357bea880470ddf261d17bb0bc052eb1?s=96&d=mm&r=g\",\"caption\":\"Javier De La Cruz\"},\"url\":\"https:\/\/esbozodeportivo.com\/index.php\/author\/javier-de-la-cruz-de-la-cruz\/\"}]}<\/script>\n<!-- \/ Yoast SEO plugin. -->","yoast_head_json":{"title":"M\u00e1s de 60 mil participaron en el Ciclot\u00f3n del mes de febrero - Esbozo Deportivo","robots":{"index":"index","follow":"follow","max-snippet":"max-snippet:-1","max-image-preview":"max-image-preview:large","max-video-preview":"max-video-preview:-1"},"canonical":"https:\/\/esbozodeportivo.com\/index.php\/2023\/02\/27\/mas-de-60-mil-participaron-en-el-cicloton-del-mes-de-febrero\/","og_locale":"es_MX","og_type":"article","og_title":"M\u00e1s de 60 mil participaron en el Ciclot\u00f3n del mes de febrero - Esbozo Deportivo","og_description":"(Foto: INDEPORTE)\u00a0 (Bolet\u00edn).- \u00a0M\u00e1s de 60 mil personas asistieron al Ciclot\u00f3n de febrero de la","og_url":"https:\/\/esbozodeportivo.com\/index.php\/2023\/02\/27\/mas-de-60-mil-participaron-en-el-cicloton-del-mes-de-febrero\/","og_site_name":"Esbozo Deportivo","article_published_time":"2023-02-27T02:36:23+00:00","article_modified_time":"2023-02-27T02:39:29+00:00","og_image":[{"url":"https:\/\/esbozodeportivo.com\/wp-content\/uploads\/2023\/02\/Cicloton-3-1024x683.jpeg","type":"","width":"","height":""}],"author":"Javier De La Cruz","twitter_card":"summary_large_image","twitter_misc":{"Escrito por":"Javier De La Cruz","Tiempo de lectura":"1 minuto"},"schema":{"@context":"https:\/\/schema.org","@graph":[{"@type":"Article","@id":"https:\/\/esbozodeportivo.com\/index.php\/2023\/02\/27\/mas-de-60-mil-participaron-en-el-cicloton-del-mes-de-febrero\/#article","isPartOf":{"@id":"https:\/\/esbozodeportivo.com\/index.php\/2023\/02\/27\/mas-de-60-mil-participaron-en-el-cicloton-del-mes-de-febrero\/"},"author":{"name":"Javier De La Cruz","@id":"https:\/\/esbozodeportivo.com\/#\/schema\/person\/7277119c98823aec37bbb84e125efd44"},"headline":"M\u00e1s de 60 mil participaron en el Ciclot\u00f3n del mes de febrero","datePublished":"2023-02-27T02:36:23+00:00","dateModified":"2023-02-27T02:39:29+00:00","mainEntityOfPage":{"@id":"https:\/\/esbozodeportivo.com\/index.php\/2023\/02\/27\/mas-de-60-mil-participaron-en-el-cicloton-del-mes-de-febrero\/"},"wordCount":262,"commentCount":0,"publisher":{"@id":"https:\/\/esbozodeportivo.com\/#organization"},"image":{"@id":"https:\/\/esbozodeportivo.com\/index.php\/2023\/02\/27\/mas-de-60-mil-participaron-en-el-cicloton-del-mes-de-febrero\/#primaryimage"},"thumbnailUrl":"https:\/\/esbozodeportivo.com\/wp-content\/uploads\/2023\/02\/Cicloton-3-1024x683.jpeg","articleSection":["Amateur"],"inLanguage":"es","potentialAction":[{"@type":"CommentAction","name":"Comment","target":["https:\/\/esbozodeportivo.com\/index.php\/2023\/02\/27\/mas-de-60-mil-participaron-en-el-cicloton-del-mes-de-febrero\/#respond"]}]},{"@type":"WebPage","@id":"https:\/\/esbozodeportivo.com\/index.php\/2023\/02\/27\/mas-de-60-mil-participaron-en-el-cicloton-del-mes-de-febrero\/","url":"https:\/\/esbozodeportivo.com\/index.php\/2023\/02\/27\/mas-de-60-mil-participaron-en-el-cicloton-del-mes-de-febrero\/","name":"M\u00e1s de 60 mil participaron en el Ciclot\u00f3n del mes de febrero - Esbozo Deportivo","isPartOf":{"@id":"https:\/\/esbozodeportivo.com\/#website"},"primaryImageOfPage":{"@id":"https:\/\/esbozodeportivo.com\/index.php\/2023\/02\/27\/mas-de-60-mil-participaron-en-el-cicloton-del-mes-de-febrero\/#primaryimage"},"image":{"@id":"https:\/\/esbozodeportivo.com\/index.php\/2023\/02\/27\/mas-de-60-mil-participaron-en-el-cicloton-del-mes-de-febrero\/#primaryimage"},"thumbnailUrl":"https:\/\/esbozodeportivo.com\/wp-content\/uploads\/2023\/02\/Cicloton-3-1024x683.jpeg","datePublished":"2023-02-27T02:36:23+00:00","dateModified":"2023-02-27T02:39:29+00:00","breadcrumb":{"@id":"https:\/\/esbozodeportivo.com\/index.php\/2023\/02\/27\/mas-de-60-mil-participaron-en-el-cicloton-del-mes-de-febrero\/#breadcrumb"},"inLanguage":"es","potentialAction":[{"@type":"ReadAction","target":["https:\/\/esbozodeportivo.com\/index.php\/2023\/02\/27\/mas-de-60-mil-participaron-en-el-cicloton-del-mes-de-febrero\/"]}]},{"@type":"ImageObject","inLanguage":"es","@id":"https:\/\/esbozodeportivo.com\/index.php\/2023\/02\/27\/mas-de-60-mil-participaron-en-el-cicloton-del-mes-de-febrero\/#primaryimage","url":"https:\/\/esbozodeportivo.com\/wp-content\/uploads\/2023\/02\/Cicloton-3-1024x683.jpeg","contentUrl":"https:\/\/esbozodeportivo.com\/wp-content\/uploads\/2023\/02\/Cicloton-3-1024x683.jpeg"},{"@type":"BreadcrumbList","@id":"https:\/\/esbozodeportivo.com\/index.php\/2023\/02\/27\/mas-de-60-mil-participaron-en-el-cicloton-del-mes-de-febrero\/#breadcrumb","itemListElement":[{"@type":"ListItem","position":1,"name":"Inicio","item":"https:\/\/esbozodeportivo.com\/"},{"@type":"ListItem","position":2,"name":"M\u00e1s de 60 mil participaron en el Ciclot\u00f3n del mes de febrero"}]},{"@type":"WebSite","@id":"https:\/\/esbozodeportivo.com\/#website","url":"https:\/\/esbozodeportivo.com\/","name":"Esbozo Deportivo","description":"Lo m\u00e1s importante del Deporte","publisher":{"@id":"https:\/\/esbozodeportivo.com\/#organization"},"potentialAction":[{"@type":"SearchAction","target":{"@type":"EntryPoint","urlTemplate":"https:\/\/esbozodeportivo.com\/?s={search_term_string}"},"query-input":{"@type":"PropertyValueSpecification","valueRequired":true,"valueName":"search_term_string"}}],"inLanguage":"es"},{"@type":"Organization","@id":"https:\/\/esbozodeportivo.com\/#organization","name":"Esbozo Deportivo","url":"https:\/\/esbozodeportivo.com\/","logo":{"@type":"ImageObject","inLanguage":"es","@id":"https:\/\/esbozodeportivo.com\/#\/schema\/logo\/image\/","url":"https:\/\/esbozodeportivo.com\/wp-content\/uploads\/2022\/08\/cropped-Logo-Esbozo-Web-2.png","contentUrl":"https:\/\/esbozodeportivo.com\/wp-content\/uploads\/2022\/08\/cropped-Logo-Esbozo-Web-2.png","width":180,"height":50,"caption":"Esbozo Deportivo"},"image":{"@id":"https:\/\/esbozodeportivo.com\/#\/schema\/logo\/image\/"}},{"@type":"Person","@id":"https:\/\/esbozodeportivo.com\/#\/schema\/person\/7277119c98823aec37bbb84e125efd44","name":"Javier De La Cruz","image":{"@type":"ImageObject","inLanguage":"es","@id":"https:\/\/esbozodeportivo.com\/#\/schema\/person\/image\/","url":"https:\/\/secure.gravatar.com\/avatar\/366235a56d20f1a6e8e3d0b295897639357bea880470ddf261d17bb0bc052eb1?s=96&d=mm&r=g","contentUrl":"https:\/\/secure.gravatar.com\/avatar\/366235a56d20f1a6e8e3d0b295897639357bea880470ddf261d17bb0bc052eb1?s=96&d=mm&r=g","caption":"Javier De La Cruz"},"url":"https:\/\/esbozodeportivo.com\/index.php\/author\/javier-de-la-cruz-de-la-cruz\/"}]}},"jetpack_featured_media_url":"","jetpack_sharing_enabled":true,"_links":{"self":[{"href":"https:\/\/esbozodeportivo.com\/index.php\/wp-json\/wp\/v2\/posts\/1283","targetHints":{"allow":["GET"]}}],"collection":[{"href":"https:\/\/esbozodeportivo.com\/index.php\/wp-json\/wp\/v2\/posts"}],"about":[{"href":"https:\/\/esbozodeportivo.com\/index.php\/wp-json\/wp\/v2\/types\/post"}],"author":[{"embeddable":true,"href":"https:\/\/esbozodeportivo.com\/index.php\/wp-json\/wp\/v2\/users\/2"}],"replies":[{"embeddable":true,"href":"https:\/\/esbozodeportivo.com\/index.php\/wp-json\/wp\/v2\/comments?post=1283"}],"version-history":[{"count":4,"href":"https:\/\/esbozodeportivo.com\/index.php\/wp-json\/wp\/v2\/posts\/1283\/revisions"}],"predecessor-version":[{"id":1291,"href":"https:\/\/esbozodeportivo.com\/index.php\/wp-json\/wp\/v2\/posts\/1283\/revisions\/1291"}],"wp:attachment":[{"href":"https:\/\/esbozodeportivo.com\/index.php\/wp-json\/wp\/v2\/media?parent=1283"}],"wp:term":[{"taxonomy":"category","embeddable":true,"href":"https:\/\/esbozodeportivo.com\/index.php\/wp-json\/wp\/v2\/categories?post=1283"},{"taxonomy":"post_tag","embeddable":true,"href":"https:\/\/esbozodeportivo.com\/index.php\/wp-json\/wp\/v2\/tags?post=1283"}],"curies":[{"name":"wp","href":"https:\/\/api.w.org\/{rel}","templated":true}]}}