{"id":1293,"date":"2023-03-08T05:55:26","date_gmt":"2023-03-08T05:55:26","guid":{"rendered":"https:\/\/esbozodeportivo.com\/?p=1293"},"modified":"2023-03-08T06:00:56","modified_gmt":"2023-03-08T06:00:56","slug":"alex-de-minaur-se-corona-en-el-abierto-mexicano-de-tenis","status":"publish","type":"post","link":"https:\/\/esbozodeportivo.com\/index.php\/2023\/03\/08\/alex-de-minaur-se-corona-en-el-abierto-mexicano-de-tenis\/","title":{"rendered":"Alex de Minaur se corona en el Abierto Mexicano de Tenis"},"content":{"rendered":"<style>\/*! elementor - v3.11.3 - 07-03-2023 *\/\n.elementor-widget-image{text-align:center}.elementor-widget-image a{display:inline-block}.elementor-widget-image a img[src$=\".svg\"]{width:48px}.elementor-widget-image img{vertical-align:middle;display:inline-block}<\/style>\n<p>\t\t\t\t\t\t\t\t\t\t\t\t<img decoding=\"async\" width=\"640\" height=\"800\" src=\"https:\/\/esbozodeportivo.com\/wp-content\/uploads\/2023\/03\/Abierto-mexicano-1-819x1024.jpg\" alt=\"\" loading=\"lazy\" srcset=\"https:\/\/esbozodeportivo.com\/wp-content\/uploads\/2023\/03\/Abierto-mexicano-1-819x1024.jpg 819w, https:\/\/esbozodeportivo.com\/wp-content\/uploads\/2023\/03\/Abierto-mexicano-1-240x300.jpg 240w, https:\/\/esbozodeportivo.com\/wp-content\/uploads\/2023\/03\/Abierto-mexicano-1-768x960.jpg 768w, https:\/\/esbozodeportivo.com\/wp-content\/uploads\/2023\/03\/Abierto-mexicano-1.jpg 1024w\" sizes=\"auto, (max-width: 640px) 100vw, 640px\" \/>\t\t\t\t\t\t\t\t\t\t\t\t\t\t\t<\/p>\n<p>@alexdeminau0072<\/p>\n<p>El Abierto Mexicano de Tenis tiene nuevo Rey: Alex de Minaur. El tenista australiano gan\u00f3 el &#8216;Guaje de Plata&#8217; al derrotar en tres sets a Tommy Paul por 3-6, 6-4, 6-1. Alex de Minaur tuvo que remontar set en contra para conquistar su s\u00e9ptimo t\u00edtulo ATP y primero de nivel ATP 500.<\/p>\n<p>\t\t\t\t\t\t\t\t\t\t\t\t\t\t\t<img decoding=\"async\" width=\"592\" height=\"682\" src=\"https:\/\/esbozodeportivo.com\/wp-content\/uploads\/2023\/03\/Abierto-mexicano-2.jpg\" alt=\"\" loading=\"lazy\" srcset=\"https:\/\/esbozodeportivo.com\/wp-content\/uploads\/2023\/03\/Abierto-mexicano-2.jpg 592w, https:\/\/esbozodeportivo.com\/wp-content\/uploads\/2023\/03\/Abierto-mexicano-2-260x300.jpg 260w\" sizes=\"auto, (max-width: 592px) 100vw, 592px\" \/>\t\t\t\t\t\t\t\t\t\t\t\t\t\t\t<\/p>\n<p>@AbiertoTelcel<\/p>\n<p>El partido comenz\u00f3 con un Tommy Paul muy activo y preciso en sus tiros, quebrando el saque del australiano n\u00famero 22 del mundo temprano en el set para despu\u00e9s no perder la ventaja manteniendo a Alex maniatado con tiros ganadores.<\/p>\n<p>En el segundo set se le vio a Tommy Paul bajar la intensidad, situaci\u00f3n que Alex de Minaur se encarg\u00f3 de capitalizar con jugadas espectaculares cerca de la red para lograr puntos importantes, llev\u00e1ndose el set para descontar la desventaja\u00a0 garantizando un tercer y definitivo set.<\/p>\n<p>\t\t\t\t\t\t\t\t\t\t\t\t\t\t\t<img decoding=\"async\" width=\"640\" height=\"427\" src=\"https:\/\/esbozodeportivo.com\/wp-content\/uploads\/2023\/03\/Abierto-mexicano-3-1024x683.jpg\" alt=\"\" loading=\"lazy\" srcset=\"https:\/\/esbozodeportivo.com\/wp-content\/uploads\/2023\/03\/Abierto-mexicano-3-1024x683.jpg 1024w, https:\/\/esbozodeportivo.com\/wp-content\/uploads\/2023\/03\/Abierto-mexicano-3-300x200.jpg 300w, https:\/\/esbozodeportivo.com\/wp-content\/uploads\/2023\/03\/Abierto-mexicano-3-768x512.jpg 768w, https:\/\/esbozodeportivo.com\/wp-content\/uploads\/2023\/03\/Abierto-mexicano-3-1536x1024.jpg 1536w, https:\/\/esbozodeportivo.com\/wp-content\/uploads\/2023\/03\/Abierto-mexicano-3.jpg 1600w\" sizes=\"auto, (max-width: 640px) 100vw, 640px\" \/>\t\t\t\t\t\t\t\t\t\t\t\t\t\t\t<\/p>\n<p>@AbiertoTelcel<\/p>\n<p>Alex de Minaur logra salir ileso al principio del tercer set donde Tommy Paul amenaz\u00f3 seriamente romper el saque del australiano sin conseguirlo. Frustrado por todo el esfuerzo\u00a0 invertido sin lograr puntos, Paul comienza a caer en errores de concentraci\u00f3n, como el cometer doble falta en su saque permitiendo que Alex tomara ventaja en el set. Despu\u00e9s de<\/p>\n<p>esta situaci\u00f3n, a Tommy Paul se le ve muy molesto consigo mismo y decepcionado por su rendimiento, provocando que bajara todav\u00eda m\u00e1s su nivel de juego, situaci\u00f3n que Alex de Minaur no desaprovech\u00f3 llegando a estar 5-0 en el set definitivo. Paul sac\u00f3 el orgullo para ganar un <em>game <\/em>\u00a0finalizando 6-1 para dejar cifras definitivas y coronar a Alex de Minaur como nuevo monarca del ATP 500 de Acapulco.<\/p>\n<p>\t\t\t\t\t\t\t\t\t\t\t\t\t\t\t<img decoding=\"async\" width=\"640\" height=\"426\" src=\"https:\/\/esbozodeportivo.com\/wp-content\/uploads\/2023\/03\/Abierto-mexicano-4-1024x682.jpg\" alt=\"\" loading=\"lazy\" srcset=\"https:\/\/esbozodeportivo.com\/wp-content\/uploads\/2023\/03\/Abierto-mexicano-4-1024x682.jpg 1024w, https:\/\/esbozodeportivo.com\/wp-content\/uploads\/2023\/03\/Abierto-mexicano-4-300x200.jpg 300w, https:\/\/esbozodeportivo.com\/wp-content\/uploads\/2023\/03\/Abierto-mexicano-4-768x512.jpg 768w, https:\/\/esbozodeportivo.com\/wp-content\/uploads\/2023\/03\/Abierto-mexicano-4.jpg 1280w\" sizes=\"auto, (max-width: 640px) 100vw, 640px\" \/>\t\t\t\t\t\t\t\t\t\t\t\t\t\t\t<\/p>\n<p>@AbiertoTelcel<\/p>\n<p>En la ceremonia de premiaci\u00f3n, el director del AMT, \u00c1lvaro Falla,\u00a0 agradeci\u00f3 a todos los que hicieron posible la realizaci\u00f3n de este torneo. Se le entreg\u00f3 un reconocimiento a la juez de silla. Tommy Paul, tenista derrotado, felicit\u00f3 al ganador, agradeci\u00f3 a todo su equipo as\u00ed como al p\u00fablico que se dio cita en la Arena GNP Seguros. Por su parte, el campe\u00f3n Alex de Minaur, agradeci\u00f3 a su equipo, a los patrocinadores, a los recogepelotas, y mencion\u00f3: &#8220;Este es mi t\u00edtulo m\u00e1s importante y no lo hubiera querido ganar en otro lugar. \u00a1Viva M\u00e9xico!&#8221;.<\/p>\n<p>\t\t\t\t\t\t\t\t\t\t\t\t\t\t\t<img decoding=\"async\" width=\"640\" height=\"474\" src=\"https:\/\/esbozodeportivo.com\/wp-content\/uploads\/2023\/03\/Abierto-mexicano-5-1024x758.jpg\" alt=\"\" loading=\"lazy\" srcset=\"https:\/\/esbozodeportivo.com\/wp-content\/uploads\/2023\/03\/Abierto-mexicano-5-1024x758.jpg 1024w, https:\/\/esbozodeportivo.com\/wp-content\/uploads\/2023\/03\/Abierto-mexicano-5-300x222.jpg 300w, https:\/\/esbozodeportivo.com\/wp-content\/uploads\/2023\/03\/Abierto-mexicano-5-768x568.jpg 768w, https:\/\/esbozodeportivo.com\/wp-content\/uploads\/2023\/03\/Abierto-mexicano-5.jpg 1170w\" sizes=\"auto, (max-width: 640px) 100vw, 640px\" \/>\t\t\t\t\t\t\t\t\t\t\t\t\t\t\t<\/p>\n<p>@AbiertoTelcel<\/p>\n","protected":false},"excerpt":{"rendered":"<p>@alexdeminau0072 El Abierto Mexicano de Tenis tiene nuevo Rey: Alex de Minaur. El tenista australiano<\/p>\n","protected":false},"author":2,"featured_media":0,"comment_status":"open","ping_status":"open","sticky":false,"template":"","format":"standard","meta":{"_jetpack_memberships_contains_paid_content":false,"footnotes":""},"categories":[12],"tags":[],"class_list":["post-1293","post","type-post","status-publish","format-standard","hentry","category-tenis-internacional"],"yoast_head":"<!-- This site is optimized with the Yoast SEO plugin v25.7 - https:\/\/yoast.com\/wordpress\/plugins\/seo\/ -->\n<title>Alex de Minaur se corona en el Abierto Mexicano de Tenis - Esbozo Deportivo<\/title>\n<meta name=\"robots\" content=\"index, follow, max-snippet:-1, max-image-preview:large, max-video-preview:-1\" \/>\n<link rel=\"canonical\" href=\"https:\/\/esbozodeportivo.com\/index.php\/2023\/03\/08\/alex-de-minaur-se-corona-en-el-abierto-mexicano-de-tenis\/\" \/>\n<meta property=\"og:locale\" content=\"es_MX\" \/>\n<meta property=\"og:type\" content=\"article\" \/>\n<meta property=\"og:title\" content=\"Alex de Minaur se corona en el Abierto Mexicano de Tenis - Esbozo Deportivo\" \/>\n<meta property=\"og:description\" content=\"@alexdeminau0072 El Abierto Mexicano de Tenis tiene nuevo Rey: Alex de Minaur. El tenista australiano\" \/>\n<meta property=\"og:url\" content=\"https:\/\/esbozodeportivo.com\/index.php\/2023\/03\/08\/alex-de-minaur-se-corona-en-el-abierto-mexicano-de-tenis\/\" \/>\n<meta property=\"og:site_name\" content=\"Esbozo Deportivo\" \/>\n<meta property=\"article:published_time\" content=\"2023-03-08T05:55:26+00:00\" \/>\n<meta property=\"article:modified_time\" content=\"2023-03-08T06:00:56+00:00\" \/>\n<meta property=\"og:image\" content=\"https:\/\/esbozodeportivo.com\/wp-content\/uploads\/2023\/03\/Abierto-mexicano-1-819x1024.jpg\" \/>\n<meta name=\"author\" content=\"Javier De La Cruz\" \/>\n<meta name=\"twitter:card\" content=\"summary_large_image\" \/>\n<meta name=\"twitter:label1\" content=\"Escrito por\" \/>\n\t<meta name=\"twitter:data1\" content=\"Javier De La Cruz\" \/>\n\t<meta name=\"twitter:label2\" content=\"Tiempo de lectura\" \/>\n\t<meta name=\"twitter:data2\" content=\"2 minutos\" \/>\n<script type=\"application\/ld+json\" class=\"yoast-schema-graph\">{\"@context\":\"https:\/\/schema.org\",\"@graph\":[{\"@type\":\"Article\",\"@id\":\"https:\/\/esbozodeportivo.com\/index.php\/2023\/03\/08\/alex-de-minaur-se-corona-en-el-abierto-mexicano-de-tenis\/#article\",\"isPartOf\":{\"@id\":\"https:\/\/esbozodeportivo.com\/index.php\/2023\/03\/08\/alex-de-minaur-se-corona-en-el-abierto-mexicano-de-tenis\/\"},\"author\":{\"name\":\"Javier De La Cruz\",\"@id\":\"https:\/\/esbozodeportivo.com\/#\/schema\/person\/7277119c98823aec37bbb84e125efd44\"},\"headline\":\"Alex de Minaur se corona en el Abierto Mexicano de Tenis\",\"datePublished\":\"2023-03-08T05:55:26+00:00\",\"dateModified\":\"2023-03-08T06:00:56+00:00\",\"mainEntityOfPage\":{\"@id\":\"https:\/\/esbozodeportivo.com\/index.php\/2023\/03\/08\/alex-de-minaur-se-corona-en-el-abierto-mexicano-de-tenis\/\"},\"wordCount\":392,\"commentCount\":0,\"publisher\":{\"@id\":\"https:\/\/esbozodeportivo.com\/#organization\"},\"image\":{\"@id\":\"https:\/\/esbozodeportivo.com\/index.php\/2023\/03\/08\/alex-de-minaur-se-corona-en-el-abierto-mexicano-de-tenis\/#primaryimage\"},\"thumbnailUrl\":\"https:\/\/esbozodeportivo.com\/wp-content\/uploads\/2023\/03\/Abierto-mexicano-1-819x1024.jpg\",\"articleSection\":[\"Tenis Internacional\"],\"inLanguage\":\"es\",\"potentialAction\":[{\"@type\":\"CommentAction\",\"name\":\"Comment\",\"target\":[\"https:\/\/esbozodeportivo.com\/index.php\/2023\/03\/08\/alex-de-minaur-se-corona-en-el-abierto-mexicano-de-tenis\/#respond\"]}]},{\"@type\":\"WebPage\",\"@id\":\"https:\/\/esbozodeportivo.com\/index.php\/2023\/03\/08\/alex-de-minaur-se-corona-en-el-abierto-mexicano-de-tenis\/\",\"url\":\"https:\/\/esbozodeportivo.com\/index.php\/2023\/03\/08\/alex-de-minaur-se-corona-en-el-abierto-mexicano-de-tenis\/\",\"name\":\"Alex de Minaur se corona en el Abierto Mexicano de Tenis - Esbozo Deportivo\",\"isPartOf\":{\"@id\":\"https:\/\/esbozodeportivo.com\/#website\"},\"primaryImageOfPage\":{\"@id\":\"https:\/\/esbozodeportivo.com\/index.php\/2023\/03\/08\/alex-de-minaur-se-corona-en-el-abierto-mexicano-de-tenis\/#primaryimage\"},\"image\":{\"@id\":\"https:\/\/esbozodeportivo.com\/index.php\/2023\/03\/08\/alex-de-minaur-se-corona-en-el-abierto-mexicano-de-tenis\/#primaryimage\"},\"thumbnailUrl\":\"https:\/\/esbozodeportivo.com\/wp-content\/uploads\/2023\/03\/Abierto-mexicano-1-819x1024.jpg\",\"datePublished\":\"2023-03-08T05:55:26+00:00\",\"dateModified\":\"2023-03-08T06:00:56+00:00\",\"breadcrumb\":{\"@id\":\"https:\/\/esbozodeportivo.com\/index.php\/2023\/03\/08\/alex-de-minaur-se-corona-en-el-abierto-mexicano-de-tenis\/#breadcrumb\"},\"inLanguage\":\"es\",\"potentialAction\":[{\"@type\":\"ReadAction\",\"target\":[\"https:\/\/esbozodeportivo.com\/index.php\/2023\/03\/08\/alex-de-minaur-se-corona-en-el-abierto-mexicano-de-tenis\/\"]}]},{\"@type\":\"ImageObject\",\"inLanguage\":\"es\",\"@id\":\"https:\/\/esbozodeportivo.com\/index.php\/2023\/03\/08\/alex-de-minaur-se-corona-en-el-abierto-mexicano-de-tenis\/#primaryimage\",\"url\":\"https:\/\/esbozodeportivo.com\/wp-content\/uploads\/2023\/03\/Abierto-mexicano-1.jpg\",\"contentUrl\":\"https:\/\/esbozodeportivo.com\/wp-content\/uploads\/2023\/03\/Abierto-mexicano-1.jpg\",\"width\":1024,\"height\":1280},{\"@type\":\"BreadcrumbList\",\"@id\":\"https:\/\/esbozodeportivo.com\/index.php\/2023\/03\/08\/alex-de-minaur-se-corona-en-el-abierto-mexicano-de-tenis\/#breadcrumb\",\"itemListElement\":[{\"@type\":\"ListItem\",\"position\":1,\"name\":\"Inicio\",\"item\":\"https:\/\/esbozodeportivo.com\/\"},{\"@type\":\"ListItem\",\"position\":2,\"name\":\"Alex de Minaur se corona en el Abierto Mexicano de Tenis\"}]},{\"@type\":\"WebSite\",\"@id\":\"https:\/\/esbozodeportivo.com\/#website\",\"url\":\"https:\/\/esbozodeportivo.com\/\",\"name\":\"Esbozo Deportivo\",\"description\":\"Lo m\u00e1s importante del Deporte\",\"publisher\":{\"@id\":\"https:\/\/esbozodeportivo.com\/#organization\"},\"potentialAction\":[{\"@type\":\"SearchAction\",\"target\":{\"@type\":\"EntryPoint\",\"urlTemplate\":\"https:\/\/esbozodeportivo.com\/?s={search_term_string}\"},\"query-input\":{\"@type\":\"PropertyValueSpecification\",\"valueRequired\":true,\"valueName\":\"search_term_string\"}}],\"inLanguage\":\"es\"},{\"@type\":\"Organization\",\"@id\":\"https:\/\/esbozodeportivo.com\/#organization\",\"name\":\"Esbozo Deportivo\",\"url\":\"https:\/\/esbozodeportivo.com\/\",\"logo\":{\"@type\":\"ImageObject\",\"inLanguage\":\"es\",\"@id\":\"https:\/\/esbozodeportivo.com\/#\/schema\/logo\/image\/\",\"url\":\"https:\/\/esbozodeportivo.com\/wp-content\/uploads\/2022\/08\/cropped-Logo-Esbozo-Web-2.png\",\"contentUrl\":\"https:\/\/esbozodeportivo.com\/wp-content\/uploads\/2022\/08\/cropped-Logo-Esbozo-Web-2.png\",\"width\":180,\"height\":50,\"caption\":\"Esbozo Deportivo\"},\"image\":{\"@id\":\"https:\/\/esbozodeportivo.com\/#\/schema\/logo\/image\/\"}},{\"@type\":\"Person\",\"@id\":\"https:\/\/esbozodeportivo.com\/#\/schema\/person\/7277119c98823aec37bbb84e125efd44\",\"name\":\"Javier De La Cruz\",\"image\":{\"@type\":\"ImageObject\",\"inLanguage\":\"es\",\"@id\":\"https:\/\/esbozodeportivo.com\/#\/schema\/person\/image\/\",\"url\":\"https:\/\/secure.gravatar.com\/avatar\/366235a56d20f1a6e8e3d0b295897639357bea880470ddf261d17bb0bc052eb1?s=96&d=mm&r=g\",\"contentUrl\":\"https:\/\/secure.gravatar.com\/avatar\/366235a56d20f1a6e8e3d0b295897639357bea880470ddf261d17bb0bc052eb1?s=96&d=mm&r=g\",\"caption\":\"Javier De La Cruz\"},\"url\":\"https:\/\/esbozodeportivo.com\/index.php\/author\/javier-de-la-cruz-de-la-cruz\/\"}]}<\/script>\n<!-- \/ Yoast SEO plugin. -->","yoast_head_json":{"title":"Alex de Minaur se corona en el Abierto Mexicano de Tenis - Esbozo Deportivo","robots":{"index":"index","follow":"follow","max-snippet":"max-snippet:-1","max-image-preview":"max-image-preview:large","max-video-preview":"max-video-preview:-1"},"canonical":"https:\/\/esbozodeportivo.com\/index.php\/2023\/03\/08\/alex-de-minaur-se-corona-en-el-abierto-mexicano-de-tenis\/","og_locale":"es_MX","og_type":"article","og_title":"Alex de Minaur se corona en el Abierto Mexicano de Tenis - Esbozo Deportivo","og_description":"@alexdeminau0072 El Abierto Mexicano de Tenis tiene nuevo Rey: Alex de Minaur. El tenista australiano","og_url":"https:\/\/esbozodeportivo.com\/index.php\/2023\/03\/08\/alex-de-minaur-se-corona-en-el-abierto-mexicano-de-tenis\/","og_site_name":"Esbozo Deportivo","article_published_time":"2023-03-08T05:55:26+00:00","article_modified_time":"2023-03-08T06:00:56+00:00","og_image":[{"url":"https:\/\/esbozodeportivo.com\/wp-content\/uploads\/2023\/03\/Abierto-mexicano-1-819x1024.jpg","type":"","width":"","height":""}],"author":"Javier De La Cruz","twitter_card":"summary_large_image","twitter_misc":{"Escrito por":"Javier De La Cruz","Tiempo de lectura":"2 minutos"},"schema":{"@context":"https:\/\/schema.org","@graph":[{"@type":"Article","@id":"https:\/\/esbozodeportivo.com\/index.php\/2023\/03\/08\/alex-de-minaur-se-corona-en-el-abierto-mexicano-de-tenis\/#article","isPartOf":{"@id":"https:\/\/esbozodeportivo.com\/index.php\/2023\/03\/08\/alex-de-minaur-se-corona-en-el-abierto-mexicano-de-tenis\/"},"author":{"name":"Javier De La Cruz","@id":"https:\/\/esbozodeportivo.com\/#\/schema\/person\/7277119c98823aec37bbb84e125efd44"},"headline":"Alex de Minaur se corona en el Abierto Mexicano de Tenis","datePublished":"2023-03-08T05:55:26+00:00","dateModified":"2023-03-08T06:00:56+00:00","mainEntityOfPage":{"@id":"https:\/\/esbozodeportivo.com\/index.php\/2023\/03\/08\/alex-de-minaur-se-corona-en-el-abierto-mexicano-de-tenis\/"},"wordCount":392,"commentCount":0,"publisher":{"@id":"https:\/\/esbozodeportivo.com\/#organization"},"image":{"@id":"https:\/\/esbozodeportivo.com\/index.php\/2023\/03\/08\/alex-de-minaur-se-corona-en-el-abierto-mexicano-de-tenis\/#primaryimage"},"thumbnailUrl":"https:\/\/esbozodeportivo.com\/wp-content\/uploads\/2023\/03\/Abierto-mexicano-1-819x1024.jpg","articleSection":["Tenis Internacional"],"inLanguage":"es","potentialAction":[{"@type":"CommentAction","name":"Comment","target":["https:\/\/esbozodeportivo.com\/index.php\/2023\/03\/08\/alex-de-minaur-se-corona-en-el-abierto-mexicano-de-tenis\/#respond"]}]},{"@type":"WebPage","@id":"https:\/\/esbozodeportivo.com\/index.php\/2023\/03\/08\/alex-de-minaur-se-corona-en-el-abierto-mexicano-de-tenis\/","url":"https:\/\/esbozodeportivo.com\/index.php\/2023\/03\/08\/alex-de-minaur-se-corona-en-el-abierto-mexicano-de-tenis\/","name":"Alex de Minaur se corona en el Abierto Mexicano de Tenis - Esbozo Deportivo","isPartOf":{"@id":"https:\/\/esbozodeportivo.com\/#website"},"primaryImageOfPage":{"@id":"https:\/\/esbozodeportivo.com\/index.php\/2023\/03\/08\/alex-de-minaur-se-corona-en-el-abierto-mexicano-de-tenis\/#primaryimage"},"image":{"@id":"https:\/\/esbozodeportivo.com\/index.php\/2023\/03\/08\/alex-de-minaur-se-corona-en-el-abierto-mexicano-de-tenis\/#primaryimage"},"thumbnailUrl":"https:\/\/esbozodeportivo.com\/wp-content\/uploads\/2023\/03\/Abierto-mexicano-1-819x1024.jpg","datePublished":"2023-03-08T05:55:26+00:00","dateModified":"2023-03-08T06:00:56+00:00","breadcrumb":{"@id":"https:\/\/esbozodeportivo.com\/index.php\/2023\/03\/08\/alex-de-minaur-se-corona-en-el-abierto-mexicano-de-tenis\/#breadcrumb"},"inLanguage":"es","potentialAction":[{"@type":"ReadAction","target":["https:\/\/esbozodeportivo.com\/index.php\/2023\/03\/08\/alex-de-minaur-se-corona-en-el-abierto-mexicano-de-tenis\/"]}]},{"@type":"ImageObject","inLanguage":"es","@id":"https:\/\/esbozodeportivo.com\/index.php\/2023\/03\/08\/alex-de-minaur-se-corona-en-el-abierto-mexicano-de-tenis\/#primaryimage","url":"https:\/\/esbozodeportivo.com\/wp-content\/uploads\/2023\/03\/Abierto-mexicano-1.jpg","contentUrl":"https:\/\/esbozodeportivo.com\/wp-content\/uploads\/2023\/03\/Abierto-mexicano-1.jpg","width":1024,"height":1280},{"@type":"BreadcrumbList","@id":"https:\/\/esbozodeportivo.com\/index.php\/2023\/03\/08\/alex-de-minaur-se-corona-en-el-abierto-mexicano-de-tenis\/#breadcrumb","itemListElement":[{"@type":"ListItem","position":1,"name":"Inicio","item":"https:\/\/esbozodeportivo.com\/"},{"@type":"ListItem","position":2,"name":"Alex de Minaur se corona en el Abierto Mexicano de Tenis"}]},{"@type":"WebSite","@id":"https:\/\/esbozodeportivo.com\/#website","url":"https:\/\/esbozodeportivo.com\/","name":"Esbozo Deportivo","description":"Lo m\u00e1s importante del Deporte","publisher":{"@id":"https:\/\/esbozodeportivo.com\/#organization"},"potentialAction":[{"@type":"SearchAction","target":{"@type":"EntryPoint","urlTemplate":"https:\/\/esbozodeportivo.com\/?s={search_term_string}"},"query-input":{"@type":"PropertyValueSpecification","valueRequired":true,"valueName":"search_term_string"}}],"inLanguage":"es"},{"@type":"Organization","@id":"https:\/\/esbozodeportivo.com\/#organization","name":"Esbozo Deportivo","url":"https:\/\/esbozodeportivo.com\/","logo":{"@type":"ImageObject","inLanguage":"es","@id":"https:\/\/esbozodeportivo.com\/#\/schema\/logo\/image\/","url":"https:\/\/esbozodeportivo.com\/wp-content\/uploads\/2022\/08\/cropped-Logo-Esbozo-Web-2.png","contentUrl":"https:\/\/esbozodeportivo.com\/wp-content\/uploads\/2022\/08\/cropped-Logo-Esbozo-Web-2.png","width":180,"height":50,"caption":"Esbozo Deportivo"},"image":{"@id":"https:\/\/esbozodeportivo.com\/#\/schema\/logo\/image\/"}},{"@type":"Person","@id":"https:\/\/esbozodeportivo.com\/#\/schema\/person\/7277119c98823aec37bbb84e125efd44","name":"Javier De La Cruz","image":{"@type":"ImageObject","inLanguage":"es","@id":"https:\/\/esbozodeportivo.com\/#\/schema\/person\/image\/","url":"https:\/\/secure.gravatar.com\/avatar\/366235a56d20f1a6e8e3d0b295897639357bea880470ddf261d17bb0bc052eb1?s=96&d=mm&r=g","contentUrl":"https:\/\/secure.gravatar.com\/avatar\/366235a56d20f1a6e8e3d0b295897639357bea880470ddf261d17bb0bc052eb1?s=96&d=mm&r=g","caption":"Javier De La Cruz"},"url":"https:\/\/esbozodeportivo.com\/index.php\/author\/javier-de-la-cruz-de-la-cruz\/"}]}},"jetpack_featured_media_url":"","jetpack_sharing_enabled":true,"_links":{"self":[{"href":"https:\/\/esbozodeportivo.com\/index.php\/wp-json\/wp\/v2\/posts\/1293","targetHints":{"allow":["GET"]}}],"collection":[{"href":"https:\/\/esbozodeportivo.com\/index.php\/wp-json\/wp\/v2\/posts"}],"about":[{"href":"https:\/\/esbozodeportivo.com\/index.php\/wp-json\/wp\/v2\/types\/post"}],"author":[{"embeddable":true,"href":"https:\/\/esbozodeportivo.com\/index.php\/wp-json\/wp\/v2\/users\/2"}],"replies":[{"embeddable":true,"href":"https:\/\/esbozodeportivo.com\/index.php\/wp-json\/wp\/v2\/comments?post=1293"}],"version-history":[{"count":4,"href":"https:\/\/esbozodeportivo.com\/index.php\/wp-json\/wp\/v2\/posts\/1293\/revisions"}],"predecessor-version":[{"id":1302,"href":"https:\/\/esbozodeportivo.com\/index.php\/wp-json\/wp\/v2\/posts\/1293\/revisions\/1302"}],"wp:attachment":[{"href":"https:\/\/esbozodeportivo.com\/index.php\/wp-json\/wp\/v2\/media?parent=1293"}],"wp:term":[{"taxonomy":"category","embeddable":true,"href":"https:\/\/esbozodeportivo.com\/index.php\/wp-json\/wp\/v2\/categories?post=1293"},{"taxonomy":"post_tag","embeddable":true,"href":"https:\/\/esbozodeportivo.com\/index.php\/wp-json\/wp\/v2\/tags?post=1293"}],"curies":[{"name":"wp","href":"https:\/\/api.w.org\/{rel}","templated":true}]}}