{"id":1303,"date":"2023-03-10T05:32:08","date_gmt":"2023-03-10T05:32:08","guid":{"rendered":"https:\/\/esbozodeportivo.com\/?p=1303"},"modified":"2023-03-10T14:32:39","modified_gmt":"2023-03-10T14:32:39","slug":"santi-gimenez-se-lesiona-en-el-calentamiento-y-andres-guardado-participa-en-la-derrota-del-betis","status":"publish","type":"post","link":"https:\/\/esbozodeportivo.com\/index.php\/2023\/03\/10\/santi-gimenez-se-lesiona-en-el-calentamiento-y-andres-guardado-participa-en-la-derrota-del-betis\/","title":{"rendered":"Santi Gim\u00e9nez se lesiona en el calentamiento y Andr\u00e9s Guardado participa en la derrota del Betis"},"content":{"rendered":"<style>\/*! elementor - v3.11.3 - 07-03-2023 *\/\n.elementor-widget-image{text-align:center}.elementor-widget-image a{display:inline-block}.elementor-widget-image a img[src$=\".svg\"]{width:48px}.elementor-widget-image img{vertical-align:middle;display:inline-block}<\/style>\n<p>\t\t\t\t\t\t\t\t\t\t\t\t<img decoding=\"async\" width=\"640\" height=\"426\" src=\"https:\/\/esbozodeportivo.com\/wp-content\/uploads\/2023\/03\/Mexicanos-en-accion-1-jpg-1024x682.jpg\" alt=\"\" loading=\"lazy\" srcset=\"https:\/\/esbozodeportivo.com\/wp-content\/uploads\/2023\/03\/Mexicanos-en-accion-1-jpg-1024x682.jpg 1024w, https:\/\/esbozodeportivo.com\/wp-content\/uploads\/2023\/03\/Mexicanos-en-accion-1-jpg-300x200.jpg 300w, https:\/\/esbozodeportivo.com\/wp-content\/uploads\/2023\/03\/Mexicanos-en-accion-1-jpg-768x512.jpg 768w, https:\/\/esbozodeportivo.com\/wp-content\/uploads\/2023\/03\/Mexicanos-en-accion-1-jpg-1536x1023.jpg 1536w, https:\/\/esbozodeportivo.com\/wp-content\/uploads\/2023\/03\/Mexicanos-en-accion-1-jpg.jpg 1600w\" sizes=\"auto, (max-width: 640px) 100vw, 640px\" \/>\t\t\t\t\t\t\t\t\t\t\t\t\t\t\t<\/p>\n<p>(Foto: @Feyenoord)<\/p>\n<p>Feyenoord de Rotterdam empata a 1-1 en su visita al Shakhtar Donetsk en los octavos de final de la Europa League sin la participaci\u00f3n del mexicano Santiago Gim\u00e9nez que se lesion\u00f3 en el calentamiento previo al encuentro en el estadio Municipal del Legia de Varsovia y habr\u00e1 que esperar el parte m\u00e9dico del conjunto de Rotterdam para saber con precisi\u00f3n la gravedad de la lesi\u00f3n del delantero mexicano.<\/p>\n<p>\t\t\t\t\t\t\t\t\t\t\t\t\t\t\t<img decoding=\"async\" width=\"640\" height=\"426\" src=\"https:\/\/esbozodeportivo.com\/wp-content\/uploads\/2023\/03\/Mexicanos-en-accion-2-1024x682.jpg\" alt=\"\" loading=\"lazy\" srcset=\"https:\/\/esbozodeportivo.com\/wp-content\/uploads\/2023\/03\/Mexicanos-en-accion-2-1024x682.jpg 1024w, https:\/\/esbozodeportivo.com\/wp-content\/uploads\/2023\/03\/Mexicanos-en-accion-2-300x200.jpg 300w, https:\/\/esbozodeportivo.com\/wp-content\/uploads\/2023\/03\/Mexicanos-en-accion-2-768x512.jpg 768w, https:\/\/esbozodeportivo.com\/wp-content\/uploads\/2023\/03\/Mexicanos-en-accion-2-1536x1023.jpg 1536w, https:\/\/esbozodeportivo.com\/wp-content\/uploads\/2023\/03\/Mexicanos-en-accion-2.jpg 1600w\" sizes=\"auto, (max-width: 640px) 100vw, 640px\" \/>\t\t\t\t\t\t\t\t\t\t\t\t\t\t\t<\/p>\n<p>(Foto: @Feyenoord)<\/p>\n<p>Las acciones del encuentro fueron dominadas por el conjunto neerland\u00e9s que vio como el portero ucraniano Anatolii Trubin salvaba a su equipo en m\u00e1s de una ocasi\u00f3n. En el momento de mayor dominio del Feyenoord vino la anotaci\u00f3n del Shakhtar por medio de Yaroslav Rakitsky en un tiro de esquina rematando pr\u00e1cticamente con la espalda para techar al portero Timon Wellenreuther. Cuando se esperaba que el Shakhtar se quedar\u00eda con la victoria, vino una jugada de Igor Paixao por la banda derecha quit\u00e1ndose a su marcador para sacar un centro a la entrada del argentino Ezequiel Bullaude que remat\u00f3 cruzando al portero para decretar el empate definitivo.<\/p>\n<p>\u00a0<\/p>\n<p>\u00a0<\/p>\n<p>\t\t\t\t\t\t\t\t\t\t\t\t\t\t\t<img decoding=\"async\" width=\"640\" height=\"426\" src=\"https:\/\/esbozodeportivo.com\/wp-content\/uploads\/2023\/03\/Mexicanos-en-accion-3-1024x682.jpg\" alt=\"\" loading=\"lazy\" srcset=\"https:\/\/esbozodeportivo.com\/wp-content\/uploads\/2023\/03\/Mexicanos-en-accion-3-1024x682.jpg 1024w, https:\/\/esbozodeportivo.com\/wp-content\/uploads\/2023\/03\/Mexicanos-en-accion-3-300x200.jpg 300w, https:\/\/esbozodeportivo.com\/wp-content\/uploads\/2023\/03\/Mexicanos-en-accion-3-768x512.jpg 768w, https:\/\/esbozodeportivo.com\/wp-content\/uploads\/2023\/03\/Mexicanos-en-accion-3-1536x1023.jpg 1536w, https:\/\/esbozodeportivo.com\/wp-content\/uploads\/2023\/03\/Mexicanos-en-accion-3.jpg 1600w\" sizes=\"auto, (max-width: 640px) 100vw, 640px\" \/>\t\t\t\t\t\t\t\t\t\t\t\t\t\t\t<\/p>\n<p>(Foto: @Feyenoord)<\/p>\n<p>En lo que fue el partido m\u00e1s interesante de esta jornada de Europa League, el Betis de Sevilla, con Andr\u00e9s Guardado en la cancha desde el minuto 65, cay\u00f3 en su visita al Manchester United por 4-1 en medio de una nevada en el m\u00edtico estadio de Old Trafford. Marcus Rashford puso al frente en el marcador a los locales a los 6 minutos de iniciado el encuentro, aprovech\u00f3 un bal\u00f3n que qued\u00f3 a la deriva en el \u00e1rea del Betis reventando las redes con un tiro potente al \u00e1ngulo izquierdo de la porter\u00eda del chileno Claudio Bravo.<\/p>\n<p>\t\t\t\t\t\t\t\t\t\t\t\t\t\t\t<img decoding=\"async\" width=\"640\" height=\"427\" src=\"https:\/\/esbozodeportivo.com\/wp-content\/uploads\/2023\/03\/Mexicanos-en-accion-4-1024x683.jpg\" alt=\"\" loading=\"lazy\" srcset=\"https:\/\/esbozodeportivo.com\/wp-content\/uploads\/2023\/03\/Mexicanos-en-accion-4-1024x683.jpg 1024w, https:\/\/esbozodeportivo.com\/wp-content\/uploads\/2023\/03\/Mexicanos-en-accion-4-300x200.jpg 300w, https:\/\/esbozodeportivo.com\/wp-content\/uploads\/2023\/03\/Mexicanos-en-accion-4-768x512.jpg 768w, https:\/\/esbozodeportivo.com\/wp-content\/uploads\/2023\/03\/Mexicanos-en-accion-4-1536x1024.jpg 1536w, https:\/\/esbozodeportivo.com\/wp-content\/uploads\/2023\/03\/Mexicanos-en-accion-4.jpg 1600w\" sizes=\"auto, (max-width: 640px) 100vw, 640px\" \/>\t\t\t\t\t\t\t\t\t\t\t\t\t\t\t<\/p>\n<p>(Foto: @ManUtd)<\/p>\n<p>Real Betis emparej\u00f3 el marcador por medio de Ayoze P\u00e9rez en un tiro cruzado hacia el poste derecho de la porter\u00eda de David De Gea.<\/p>\n<p>Al 42 el Betis estuvo cerca de marcar con un tiro que sali\u00f3 al poste debido a un desv\u00edo de la defensa del United.<\/p>\n<p>El brasile\u00f1o Antony se hace presente en el marcador al anotar para el Manchester United el 2-1 con un tiro de pierna zurda desde los linderos del \u00e1rea grande hacia el poste derecho de la porter\u00eda b\u00e9tica.<\/p>\n<p>\t\t\t\t\t\t\t\t\t\t\t\t\t\t\t<img decoding=\"async\" width=\"640\" height=\"427\" src=\"https:\/\/esbozodeportivo.com\/wp-content\/uploads\/2023\/03\/Mexicanos-en-accion-5-1024x683.jpg\" alt=\"\" loading=\"lazy\" srcset=\"https:\/\/esbozodeportivo.com\/wp-content\/uploads\/2023\/03\/Mexicanos-en-accion-5-1024x683.jpg 1024w, https:\/\/esbozodeportivo.com\/wp-content\/uploads\/2023\/03\/Mexicanos-en-accion-5-300x200.jpg 300w, https:\/\/esbozodeportivo.com\/wp-content\/uploads\/2023\/03\/Mexicanos-en-accion-5-768x512.jpg 768w, https:\/\/esbozodeportivo.com\/wp-content\/uploads\/2023\/03\/Mexicanos-en-accion-5-1536x1024.jpg 1536w, https:\/\/esbozodeportivo.com\/wp-content\/uploads\/2023\/03\/Mexicanos-en-accion-5.jpg 1600w\" sizes=\"auto, (max-width: 640px) 100vw, 640px\" \/>\t\t\t\t\t\t\t\t\t\t\t\t\t\t\t<\/p>\n<p>(Foto: @B_Fernandes8)<\/p>\n<p>A los 58 el portugu\u00e9s Bruno Fernandes con un remate de cabeza en un tiro de esquina, ampli\u00f3 el marcador 3-1 para los red devils. Wout Weghorst pone cifras definitivas de 4-1 a los 82 minutos de tiempo corrido, al terminar una buena jugada del reci\u00e9n ingresado Facundo Pellistri que realiz\u00f3 una buena jugada en el borde del \u00e1rea para asistir al gigante neerland\u00e9s. Con este resultado, se espera un partido de vuelta bastante complicado para\u00a0 el Betis donde deber\u00e1 remontar este abultado marcador el pr\u00f3ximo 16 de marzo en el Estadio Benito Villamar\u00edn de Sevilla.<\/p>\n<p>\t\t\t\t\t\t\t\t\t\t\t\t\t\t\t<img decoding=\"async\" width=\"640\" height=\"800\" src=\"https:\/\/esbozodeportivo.com\/wp-content\/uploads\/2023\/03\/Mexicanos-en-accion-6-819x1024.jpg\" alt=\"\" loading=\"lazy\" srcset=\"https:\/\/esbozodeportivo.com\/wp-content\/uploads\/2023\/03\/Mexicanos-en-accion-6-819x1024.jpg 819w, https:\/\/esbozodeportivo.com\/wp-content\/uploads\/2023\/03\/Mexicanos-en-accion-6-240x300.jpg 240w, https:\/\/esbozodeportivo.com\/wp-content\/uploads\/2023\/03\/Mexicanos-en-accion-6-768x961.jpg 768w, https:\/\/esbozodeportivo.com\/wp-content\/uploads\/2023\/03\/Mexicanos-en-accion-6-1228x1536.jpg 1228w, https:\/\/esbozodeportivo.com\/wp-content\/uploads\/2023\/03\/Mexicanos-en-accion-6-1024x1281.jpg 1024w, https:\/\/esbozodeportivo.com\/wp-content\/uploads\/2023\/03\/Mexicanos-en-accion-6.jpg 1279w\" sizes=\"auto, (max-width: 640px) 100vw, 640px\" \/>\t\t\t\t\t\t\t\t\t\t\t\t\t\t\t<\/p>\n<p>(Foto: @ManUtd)<\/p>\n<p><strong>Resultados de los octavos de final de la Europa League:<\/strong><\/p>\n<table width=\"289\">\n<tbody>\n<tr>\n<td width=\"289\">\n<p><strong>FC Uni\u00f3n Berl\u00edn 3 &#8211; 3 Uni\u00f3n Saint-Gilloise<\/strong><\/p>\n<p><strong>B. Leverkusen 2 &#8211; 0 Ferencv\u00e1rosi<\/strong><\/p>\n<p><strong>Sporting CP 2 &#8211; 2 Arsenal<\/strong><\/p>\n<p><strong>Roma 2 &#8211; 0 Real Sociedad<\/strong><\/p>\n<p><strong>Sevilla 2 &#8211; 0 Fenerbah\u00e7e<\/strong><\/p>\n<p><strong>Juventus 1 &#8211; 0 SC Friburgo<\/strong><\/p>\n<\/td>\n<\/tr>\n<\/tbody>\n<\/table>\n","protected":false},"excerpt":{"rendered":"<p>(Foto: @Feyenoord) Feyenoord de Rotterdam empata a 1-1 en su visita al Shakhtar Donetsk en<\/p>\n","protected":false},"author":2,"featured_media":0,"comment_status":"open","ping_status":"open","sticky":false,"template":"","format":"standard","meta":{"_jetpack_memberships_contains_paid_content":false,"footnotes":""},"categories":[14],"tags":[],"class_list":["post-1303","post","type-post","status-publish","format-standard","hentry","category-futbol"],"yoast_head":"<!-- This site is optimized with the Yoast SEO plugin v25.7 - https:\/\/yoast.com\/wordpress\/plugins\/seo\/ -->\n<title>Santi Gim\u00e9nez se lesiona en el calentamiento y Andr\u00e9s Guardado participa en la derrota del Betis - Esbozo Deportivo<\/title>\n<meta name=\"robots\" content=\"index, follow, max-snippet:-1, max-image-preview:large, max-video-preview:-1\" \/>\n<link rel=\"canonical\" href=\"https:\/\/esbozodeportivo.com\/index.php\/2023\/03\/10\/santi-gimenez-se-lesiona-en-el-calentamiento-y-andres-guardado-participa-en-la-derrota-del-betis\/\" \/>\n<meta property=\"og:locale\" content=\"es_MX\" \/>\n<meta property=\"og:type\" content=\"article\" \/>\n<meta property=\"og:title\" content=\"Santi Gim\u00e9nez se lesiona en el calentamiento y Andr\u00e9s Guardado participa en la derrota del Betis - Esbozo Deportivo\" \/>\n<meta property=\"og:description\" content=\"(Foto: @Feyenoord) Feyenoord de Rotterdam empata a 1-1 en su visita al Shakhtar Donetsk en\" \/>\n<meta property=\"og:url\" content=\"https:\/\/esbozodeportivo.com\/index.php\/2023\/03\/10\/santi-gimenez-se-lesiona-en-el-calentamiento-y-andres-guardado-participa-en-la-derrota-del-betis\/\" \/>\n<meta property=\"og:site_name\" content=\"Esbozo Deportivo\" \/>\n<meta property=\"article:published_time\" content=\"2023-03-10T05:32:08+00:00\" \/>\n<meta property=\"article:modified_time\" content=\"2023-03-10T14:32:39+00:00\" \/>\n<meta property=\"og:image\" content=\"https:\/\/esbozodeportivo.com\/wp-content\/uploads\/2023\/03\/Mexicanos-en-accion-1-jpg-1024x682.jpg\" \/>\n<meta name=\"author\" content=\"Javier De La Cruz\" \/>\n<meta name=\"twitter:card\" content=\"summary_large_image\" \/>\n<meta name=\"twitter:label1\" content=\"Escrito por\" \/>\n\t<meta name=\"twitter:data1\" content=\"Javier De La Cruz\" \/>\n\t<meta name=\"twitter:label2\" content=\"Tiempo de lectura\" \/>\n\t<meta name=\"twitter:data2\" content=\"3 minutos\" \/>\n<script type=\"application\/ld+json\" class=\"yoast-schema-graph\">{\"@context\":\"https:\/\/schema.org\",\"@graph\":[{\"@type\":\"Article\",\"@id\":\"https:\/\/esbozodeportivo.com\/index.php\/2023\/03\/10\/santi-gimenez-se-lesiona-en-el-calentamiento-y-andres-guardado-participa-en-la-derrota-del-betis\/#article\",\"isPartOf\":{\"@id\":\"https:\/\/esbozodeportivo.com\/index.php\/2023\/03\/10\/santi-gimenez-se-lesiona-en-el-calentamiento-y-andres-guardado-participa-en-la-derrota-del-betis\/\"},\"author\":{\"name\":\"Javier De La Cruz\",\"@id\":\"https:\/\/esbozodeportivo.com\/#\/schema\/person\/7277119c98823aec37bbb84e125efd44\"},\"headline\":\"Santi Gim\u00e9nez se lesiona en el calentamiento y Andr\u00e9s Guardado participa en la derrota del Betis\",\"datePublished\":\"2023-03-10T05:32:08+00:00\",\"dateModified\":\"2023-03-10T14:32:39+00:00\",\"mainEntityOfPage\":{\"@id\":\"https:\/\/esbozodeportivo.com\/index.php\/2023\/03\/10\/santi-gimenez-se-lesiona-en-el-calentamiento-y-andres-guardado-participa-en-la-derrota-del-betis\/\"},\"wordCount\":548,\"commentCount\":0,\"publisher\":{\"@id\":\"https:\/\/esbozodeportivo.com\/#organization\"},\"image\":{\"@id\":\"https:\/\/esbozodeportivo.com\/index.php\/2023\/03\/10\/santi-gimenez-se-lesiona-en-el-calentamiento-y-andres-guardado-participa-en-la-derrota-del-betis\/#primaryimage\"},\"thumbnailUrl\":\"https:\/\/esbozodeportivo.com\/wp-content\/uploads\/2023\/03\/Mexicanos-en-accion-1-jpg-1024x682.jpg\",\"articleSection\":[\"Futbol Internacional\"],\"inLanguage\":\"es\",\"potentialAction\":[{\"@type\":\"CommentAction\",\"name\":\"Comment\",\"target\":[\"https:\/\/esbozodeportivo.com\/index.php\/2023\/03\/10\/santi-gimenez-se-lesiona-en-el-calentamiento-y-andres-guardado-participa-en-la-derrota-del-betis\/#respond\"]}]},{\"@type\":\"WebPage\",\"@id\":\"https:\/\/esbozodeportivo.com\/index.php\/2023\/03\/10\/santi-gimenez-se-lesiona-en-el-calentamiento-y-andres-guardado-participa-en-la-derrota-del-betis\/\",\"url\":\"https:\/\/esbozodeportivo.com\/index.php\/2023\/03\/10\/santi-gimenez-se-lesiona-en-el-calentamiento-y-andres-guardado-participa-en-la-derrota-del-betis\/\",\"name\":\"Santi Gim\u00e9nez se lesiona en el calentamiento y Andr\u00e9s Guardado participa en la derrota del Betis - Esbozo Deportivo\",\"isPartOf\":{\"@id\":\"https:\/\/esbozodeportivo.com\/#website\"},\"primaryImageOfPage\":{\"@id\":\"https:\/\/esbozodeportivo.com\/index.php\/2023\/03\/10\/santi-gimenez-se-lesiona-en-el-calentamiento-y-andres-guardado-participa-en-la-derrota-del-betis\/#primaryimage\"},\"image\":{\"@id\":\"https:\/\/esbozodeportivo.com\/index.php\/2023\/03\/10\/santi-gimenez-se-lesiona-en-el-calentamiento-y-andres-guardado-participa-en-la-derrota-del-betis\/#primaryimage\"},\"thumbnailUrl\":\"https:\/\/esbozodeportivo.com\/wp-content\/uploads\/2023\/03\/Mexicanos-en-accion-1-jpg-1024x682.jpg\",\"datePublished\":\"2023-03-10T05:32:08+00:00\",\"dateModified\":\"2023-03-10T14:32:39+00:00\",\"breadcrumb\":{\"@id\":\"https:\/\/esbozodeportivo.com\/index.php\/2023\/03\/10\/santi-gimenez-se-lesiona-en-el-calentamiento-y-andres-guardado-participa-en-la-derrota-del-betis\/#breadcrumb\"},\"inLanguage\":\"es\",\"potentialAction\":[{\"@type\":\"ReadAction\",\"target\":[\"https:\/\/esbozodeportivo.com\/index.php\/2023\/03\/10\/santi-gimenez-se-lesiona-en-el-calentamiento-y-andres-guardado-participa-en-la-derrota-del-betis\/\"]}]},{\"@type\":\"ImageObject\",\"inLanguage\":\"es\",\"@id\":\"https:\/\/esbozodeportivo.com\/index.php\/2023\/03\/10\/santi-gimenez-se-lesiona-en-el-calentamiento-y-andres-guardado-participa-en-la-derrota-del-betis\/#primaryimage\",\"url\":\"https:\/\/esbozodeportivo.com\/wp-content\/uploads\/2023\/03\/Mexicanos-en-accion-1-jpg.jpg\",\"contentUrl\":\"https:\/\/esbozodeportivo.com\/wp-content\/uploads\/2023\/03\/Mexicanos-en-accion-1-jpg.jpg\",\"width\":1600,\"height\":1066},{\"@type\":\"BreadcrumbList\",\"@id\":\"https:\/\/esbozodeportivo.com\/index.php\/2023\/03\/10\/santi-gimenez-se-lesiona-en-el-calentamiento-y-andres-guardado-participa-en-la-derrota-del-betis\/#breadcrumb\",\"itemListElement\":[{\"@type\":\"ListItem\",\"position\":1,\"name\":\"Inicio\",\"item\":\"https:\/\/esbozodeportivo.com\/\"},{\"@type\":\"ListItem\",\"position\":2,\"name\":\"Santi Gim\u00e9nez se lesiona en el calentamiento y Andr\u00e9s Guardado participa en la derrota del Betis\"}]},{\"@type\":\"WebSite\",\"@id\":\"https:\/\/esbozodeportivo.com\/#website\",\"url\":\"https:\/\/esbozodeportivo.com\/\",\"name\":\"Esbozo Deportivo\",\"description\":\"Lo m\u00e1s importante del Deporte\",\"publisher\":{\"@id\":\"https:\/\/esbozodeportivo.com\/#organization\"},\"potentialAction\":[{\"@type\":\"SearchAction\",\"target\":{\"@type\":\"EntryPoint\",\"urlTemplate\":\"https:\/\/esbozodeportivo.com\/?s={search_term_string}\"},\"query-input\":{\"@type\":\"PropertyValueSpecification\",\"valueRequired\":true,\"valueName\":\"search_term_string\"}}],\"inLanguage\":\"es\"},{\"@type\":\"Organization\",\"@id\":\"https:\/\/esbozodeportivo.com\/#organization\",\"name\":\"Esbozo Deportivo\",\"url\":\"https:\/\/esbozodeportivo.com\/\",\"logo\":{\"@type\":\"ImageObject\",\"inLanguage\":\"es\",\"@id\":\"https:\/\/esbozodeportivo.com\/#\/schema\/logo\/image\/\",\"url\":\"https:\/\/esbozodeportivo.com\/wp-content\/uploads\/2022\/08\/cropped-Logo-Esbozo-Web-2.png\",\"contentUrl\":\"https:\/\/esbozodeportivo.com\/wp-content\/uploads\/2022\/08\/cropped-Logo-Esbozo-Web-2.png\",\"width\":180,\"height\":50,\"caption\":\"Esbozo Deportivo\"},\"image\":{\"@id\":\"https:\/\/esbozodeportivo.com\/#\/schema\/logo\/image\/\"}},{\"@type\":\"Person\",\"@id\":\"https:\/\/esbozodeportivo.com\/#\/schema\/person\/7277119c98823aec37bbb84e125efd44\",\"name\":\"Javier De La Cruz\",\"image\":{\"@type\":\"ImageObject\",\"inLanguage\":\"es\",\"@id\":\"https:\/\/esbozodeportivo.com\/#\/schema\/person\/image\/\",\"url\":\"https:\/\/secure.gravatar.com\/avatar\/366235a56d20f1a6e8e3d0b295897639357bea880470ddf261d17bb0bc052eb1?s=96&d=mm&r=g\",\"contentUrl\":\"https:\/\/secure.gravatar.com\/avatar\/366235a56d20f1a6e8e3d0b295897639357bea880470ddf261d17bb0bc052eb1?s=96&d=mm&r=g\",\"caption\":\"Javier De La Cruz\"},\"url\":\"https:\/\/esbozodeportivo.com\/index.php\/author\/javier-de-la-cruz-de-la-cruz\/\"}]}<\/script>\n<!-- \/ Yoast SEO plugin. -->","yoast_head_json":{"title":"Santi Gim\u00e9nez se lesiona en el calentamiento y Andr\u00e9s Guardado participa en la derrota del Betis - Esbozo Deportivo","robots":{"index":"index","follow":"follow","max-snippet":"max-snippet:-1","max-image-preview":"max-image-preview:large","max-video-preview":"max-video-preview:-1"},"canonical":"https:\/\/esbozodeportivo.com\/index.php\/2023\/03\/10\/santi-gimenez-se-lesiona-en-el-calentamiento-y-andres-guardado-participa-en-la-derrota-del-betis\/","og_locale":"es_MX","og_type":"article","og_title":"Santi Gim\u00e9nez se lesiona en el calentamiento y Andr\u00e9s Guardado participa en la derrota del Betis - Esbozo Deportivo","og_description":"(Foto: @Feyenoord) Feyenoord de Rotterdam empata a 1-1 en su visita al Shakhtar Donetsk en","og_url":"https:\/\/esbozodeportivo.com\/index.php\/2023\/03\/10\/santi-gimenez-se-lesiona-en-el-calentamiento-y-andres-guardado-participa-en-la-derrota-del-betis\/","og_site_name":"Esbozo Deportivo","article_published_time":"2023-03-10T05:32:08+00:00","article_modified_time":"2023-03-10T14:32:39+00:00","og_image":[{"url":"https:\/\/esbozodeportivo.com\/wp-content\/uploads\/2023\/03\/Mexicanos-en-accion-1-jpg-1024x682.jpg","type":"","width":"","height":""}],"author":"Javier De La Cruz","twitter_card":"summary_large_image","twitter_misc":{"Escrito por":"Javier De La Cruz","Tiempo de lectura":"3 minutos"},"schema":{"@context":"https:\/\/schema.org","@graph":[{"@type":"Article","@id":"https:\/\/esbozodeportivo.com\/index.php\/2023\/03\/10\/santi-gimenez-se-lesiona-en-el-calentamiento-y-andres-guardado-participa-en-la-derrota-del-betis\/#article","isPartOf":{"@id":"https:\/\/esbozodeportivo.com\/index.php\/2023\/03\/10\/santi-gimenez-se-lesiona-en-el-calentamiento-y-andres-guardado-participa-en-la-derrota-del-betis\/"},"author":{"name":"Javier De La Cruz","@id":"https:\/\/esbozodeportivo.com\/#\/schema\/person\/7277119c98823aec37bbb84e125efd44"},"headline":"Santi Gim\u00e9nez se lesiona en el calentamiento y Andr\u00e9s Guardado participa en la derrota del Betis","datePublished":"2023-03-10T05:32:08+00:00","dateModified":"2023-03-10T14:32:39+00:00","mainEntityOfPage":{"@id":"https:\/\/esbozodeportivo.com\/index.php\/2023\/03\/10\/santi-gimenez-se-lesiona-en-el-calentamiento-y-andres-guardado-participa-en-la-derrota-del-betis\/"},"wordCount":548,"commentCount":0,"publisher":{"@id":"https:\/\/esbozodeportivo.com\/#organization"},"image":{"@id":"https:\/\/esbozodeportivo.com\/index.php\/2023\/03\/10\/santi-gimenez-se-lesiona-en-el-calentamiento-y-andres-guardado-participa-en-la-derrota-del-betis\/#primaryimage"},"thumbnailUrl":"https:\/\/esbozodeportivo.com\/wp-content\/uploads\/2023\/03\/Mexicanos-en-accion-1-jpg-1024x682.jpg","articleSection":["Futbol Internacional"],"inLanguage":"es","potentialAction":[{"@type":"CommentAction","name":"Comment","target":["https:\/\/esbozodeportivo.com\/index.php\/2023\/03\/10\/santi-gimenez-se-lesiona-en-el-calentamiento-y-andres-guardado-participa-en-la-derrota-del-betis\/#respond"]}]},{"@type":"WebPage","@id":"https:\/\/esbozodeportivo.com\/index.php\/2023\/03\/10\/santi-gimenez-se-lesiona-en-el-calentamiento-y-andres-guardado-participa-en-la-derrota-del-betis\/","url":"https:\/\/esbozodeportivo.com\/index.php\/2023\/03\/10\/santi-gimenez-se-lesiona-en-el-calentamiento-y-andres-guardado-participa-en-la-derrota-del-betis\/","name":"Santi Gim\u00e9nez se lesiona en el calentamiento y Andr\u00e9s Guardado participa en la derrota del Betis - Esbozo Deportivo","isPartOf":{"@id":"https:\/\/esbozodeportivo.com\/#website"},"primaryImageOfPage":{"@id":"https:\/\/esbozodeportivo.com\/index.php\/2023\/03\/10\/santi-gimenez-se-lesiona-en-el-calentamiento-y-andres-guardado-participa-en-la-derrota-del-betis\/#primaryimage"},"image":{"@id":"https:\/\/esbozodeportivo.com\/index.php\/2023\/03\/10\/santi-gimenez-se-lesiona-en-el-calentamiento-y-andres-guardado-participa-en-la-derrota-del-betis\/#primaryimage"},"thumbnailUrl":"https:\/\/esbozodeportivo.com\/wp-content\/uploads\/2023\/03\/Mexicanos-en-accion-1-jpg-1024x682.jpg","datePublished":"2023-03-10T05:32:08+00:00","dateModified":"2023-03-10T14:32:39+00:00","breadcrumb":{"@id":"https:\/\/esbozodeportivo.com\/index.php\/2023\/03\/10\/santi-gimenez-se-lesiona-en-el-calentamiento-y-andres-guardado-participa-en-la-derrota-del-betis\/#breadcrumb"},"inLanguage":"es","potentialAction":[{"@type":"ReadAction","target":["https:\/\/esbozodeportivo.com\/index.php\/2023\/03\/10\/santi-gimenez-se-lesiona-en-el-calentamiento-y-andres-guardado-participa-en-la-derrota-del-betis\/"]}]},{"@type":"ImageObject","inLanguage":"es","@id":"https:\/\/esbozodeportivo.com\/index.php\/2023\/03\/10\/santi-gimenez-se-lesiona-en-el-calentamiento-y-andres-guardado-participa-en-la-derrota-del-betis\/#primaryimage","url":"https:\/\/esbozodeportivo.com\/wp-content\/uploads\/2023\/03\/Mexicanos-en-accion-1-jpg.jpg","contentUrl":"https:\/\/esbozodeportivo.com\/wp-content\/uploads\/2023\/03\/Mexicanos-en-accion-1-jpg.jpg","width":1600,"height":1066},{"@type":"BreadcrumbList","@id":"https:\/\/esbozodeportivo.com\/index.php\/2023\/03\/10\/santi-gimenez-se-lesiona-en-el-calentamiento-y-andres-guardado-participa-en-la-derrota-del-betis\/#breadcrumb","itemListElement":[{"@type":"ListItem","position":1,"name":"Inicio","item":"https:\/\/esbozodeportivo.com\/"},{"@type":"ListItem","position":2,"name":"Santi Gim\u00e9nez se lesiona en el calentamiento y Andr\u00e9s Guardado participa en la derrota del Betis"}]},{"@type":"WebSite","@id":"https:\/\/esbozodeportivo.com\/#website","url":"https:\/\/esbozodeportivo.com\/","name":"Esbozo Deportivo","description":"Lo m\u00e1s importante del Deporte","publisher":{"@id":"https:\/\/esbozodeportivo.com\/#organization"},"potentialAction":[{"@type":"SearchAction","target":{"@type":"EntryPoint","urlTemplate":"https:\/\/esbozodeportivo.com\/?s={search_term_string}"},"query-input":{"@type":"PropertyValueSpecification","valueRequired":true,"valueName":"search_term_string"}}],"inLanguage":"es"},{"@type":"Organization","@id":"https:\/\/esbozodeportivo.com\/#organization","name":"Esbozo Deportivo","url":"https:\/\/esbozodeportivo.com\/","logo":{"@type":"ImageObject","inLanguage":"es","@id":"https:\/\/esbozodeportivo.com\/#\/schema\/logo\/image\/","url":"https:\/\/esbozodeportivo.com\/wp-content\/uploads\/2022\/08\/cropped-Logo-Esbozo-Web-2.png","contentUrl":"https:\/\/esbozodeportivo.com\/wp-content\/uploads\/2022\/08\/cropped-Logo-Esbozo-Web-2.png","width":180,"height":50,"caption":"Esbozo Deportivo"},"image":{"@id":"https:\/\/esbozodeportivo.com\/#\/schema\/logo\/image\/"}},{"@type":"Person","@id":"https:\/\/esbozodeportivo.com\/#\/schema\/person\/7277119c98823aec37bbb84e125efd44","name":"Javier De La Cruz","image":{"@type":"ImageObject","inLanguage":"es","@id":"https:\/\/esbozodeportivo.com\/#\/schema\/person\/image\/","url":"https:\/\/secure.gravatar.com\/avatar\/366235a56d20f1a6e8e3d0b295897639357bea880470ddf261d17bb0bc052eb1?s=96&d=mm&r=g","contentUrl":"https:\/\/secure.gravatar.com\/avatar\/366235a56d20f1a6e8e3d0b295897639357bea880470ddf261d17bb0bc052eb1?s=96&d=mm&r=g","caption":"Javier De La Cruz"},"url":"https:\/\/esbozodeportivo.com\/index.php\/author\/javier-de-la-cruz-de-la-cruz\/"}]}},"jetpack_featured_media_url":"","jetpack_sharing_enabled":true,"_links":{"self":[{"href":"https:\/\/esbozodeportivo.com\/index.php\/wp-json\/wp\/v2\/posts\/1303","targetHints":{"allow":["GET"]}}],"collection":[{"href":"https:\/\/esbozodeportivo.com\/index.php\/wp-json\/wp\/v2\/posts"}],"about":[{"href":"https:\/\/esbozodeportivo.com\/index.php\/wp-json\/wp\/v2\/types\/post"}],"author":[{"embeddable":true,"href":"https:\/\/esbozodeportivo.com\/index.php\/wp-json\/wp\/v2\/users\/2"}],"replies":[{"embeddable":true,"href":"https:\/\/esbozodeportivo.com\/index.php\/wp-json\/wp\/v2\/comments?post=1303"}],"version-history":[{"count":7,"href":"https:\/\/esbozodeportivo.com\/index.php\/wp-json\/wp\/v2\/posts\/1303\/revisions"}],"predecessor-version":[{"id":1316,"href":"https:\/\/esbozodeportivo.com\/index.php\/wp-json\/wp\/v2\/posts\/1303\/revisions\/1316"}],"wp:attachment":[{"href":"https:\/\/esbozodeportivo.com\/index.php\/wp-json\/wp\/v2\/media?parent=1303"}],"wp:term":[{"taxonomy":"category","embeddable":true,"href":"https:\/\/esbozodeportivo.com\/index.php\/wp-json\/wp\/v2\/categories?post=1303"},{"taxonomy":"post_tag","embeddable":true,"href":"https:\/\/esbozodeportivo.com\/index.php\/wp-json\/wp\/v2\/tags?post=1303"}],"curies":[{"name":"wp","href":"https:\/\/api.w.org\/{rel}","templated":true}]}}