{"id":13499,"date":"2026-03-07T23:38:22","date_gmt":"2026-03-08T05:38:22","guid":{"rendered":"https:\/\/esbozodeportivo.com\/?p=13499"},"modified":"2026-03-07T23:38:24","modified_gmt":"2026-03-08T05:38:24","slug":"isaac-del-toro-sube-al-podio-en-la-prestigiosa-strade-bianche-2026","status":"publish","type":"post","link":"https:\/\/esbozodeportivo.com\/index.php\/2026\/03\/07\/isaac-del-toro-sube-al-podio-en-la-prestigiosa-strade-bianche-2026\/","title":{"rendered":"Isaac del Toro sube al podio en la Prestigiosa Strade Bianche 2026"},"content":{"rendered":"\n<p>(Fotos: Agencias) <\/p>\n\n\n\n<p><strong>El ciclista bajacaliforniano confirma su lugar entre la \u00e9lite mundial tras finalizar en la tercera posici\u00f3n de la cl\u00e1sica italiana.<\/strong><\/p>\n\n\n\n<p>El bajacaliforniano Isaac del Toro volvi\u00f3 a demostrar que pertenece a la \u00e9lite del ciclismo internacional al conquistar el tercer lugar en la prestigiosa Strade Bianche 2026, una de las pruebas m\u00e1s exigentes del calendario mundial.<\/p>\n\n\n\n<p>La carrera fue ganada por el esloveno Tadej Poga\u010dar, quien logr\u00f3 su cuarta victoria en esta cl\u00e1sica y se convirti\u00f3 en el m\u00e1ximo ganador en la historia de la competencia, superando al suizo Fabian Cancellara. El segundo lugar fue para el joven franc\u00e9s Paul Seixas, de 19 a\u00f1os.<\/p>\n\n\n\n<p>Del Toro, integrante del UAE Team Emirates, regres\u00f3 a la competencia internacional tras su reciente victoria en el UAE Tour 2026 en Dub\u00e1i, consolidando un gran momento deportivo.<\/p>\n\n\n\n<figure class=\"wp-block-image size-full\"><img loading=\"lazy\" decoding=\"async\" width=\"768\" height=\"960\" src=\"https:\/\/esbozodeportivo.com\/wp-content\/uploads\/2026\/03\/Del-Toro.jpg\" alt=\"\" class=\"wp-image-13502\" srcset=\"https:\/\/esbozodeportivo.com\/wp-content\/uploads\/2026\/03\/Del-Toro.jpg 768w, https:\/\/esbozodeportivo.com\/wp-content\/uploads\/2026\/03\/Del-Toro-240x300.jpg 240w\" sizes=\"auto, (max-width: 768px) 100vw, 768px\" \/><\/figure>\n\n\n\n<p>Durante gran parte de la prueba, disputada sobre los caracter\u00edsticos caminos de grava \u2014conocidos como sterrato\u2014 en la regi\u00f3n de la Toscana, el mexicano se mantuvo dentro del grupo principal de favoritos tras los primeros 100 kil\u00f3metros. La carrera tom\u00f3 un rumbo definitivo cuando Poga\u010dar lanz\u00f3 su ataque a aproximadamente 78 kil\u00f3metros de la meta, movimiento que terminar\u00eda definiendo la victoria.<\/p>\n\n\n\n<p>En el grupo perseguidor, Del Toro fue el \u00fanico corredor capaz de responder al ataque del franc\u00e9s Paul Seixas cuando restaban 17 kil\u00f3metros para el final, iniciando un intenso duelo por la segunda posici\u00f3n. Ambos ciclistas se mantuvieron juntos hasta el \u00faltimo kil\u00f3metro, cuando el joven franc\u00e9s logr\u00f3 despegarse para asegurar el subcampeonato.<\/p>\n\n\n\n<figure class=\"wp-block-image size-large\"><img loading=\"lazy\" decoding=\"async\" width=\"1024\" height=\"749\" src=\"https:\/\/esbozodeportivo.com\/wp-content\/uploads\/2026\/03\/605ad44c-1746-432a-b72c-741a3d745479-1024x749.jpg\" alt=\"\" class=\"wp-image-13501\" srcset=\"https:\/\/esbozodeportivo.com\/wp-content\/uploads\/2026\/03\/605ad44c-1746-432a-b72c-741a3d745479-1024x749.jpg 1024w, https:\/\/esbozodeportivo.com\/wp-content\/uploads\/2026\/03\/605ad44c-1746-432a-b72c-741a3d745479-300x219.jpg 300w, https:\/\/esbozodeportivo.com\/wp-content\/uploads\/2026\/03\/605ad44c-1746-432a-b72c-741a3d745479-768x562.jpg 768w, https:\/\/esbozodeportivo.com\/wp-content\/uploads\/2026\/03\/605ad44c-1746-432a-b72c-741a3d745479.jpg 1124w\" sizes=\"auto, (max-width: 1024px) 100vw, 1024px\" \/><\/figure>\n\n\n\n<p>El ciclista mexicano de 22 a\u00f1os cruz\u00f3 la meta en tercer lugar, firmando una actuaci\u00f3n hist\u00f3rica y confirmando su consolidaci\u00f3n en la \u00e9lite del ciclismo mundial.<\/p>\n\n\n\n<p>El resultado representa adem\u00e1s un salto notable respecto a su participaci\u00f3n en 2025, cuando finaliz\u00f3 en la posici\u00f3n 33 de la Strade Bianche. Tan solo un a\u00f1o despu\u00e9s, Del Toro se coloca en el podio de una de las cl\u00e1sicas m\u00e1s prestigiosas del pelot\u00f3n internacional, reafirmando su creciente protagonismo dentro del UAE Team Emirates.<\/p>\n\n\n\n<p>Resultados \u2013 Strade Bianche 2026<\/p>\n\n\n\n<p>&nbsp;&nbsp;&nbsp;&nbsp;&nbsp;&nbsp;&nbsp;&nbsp;&nbsp;&nbsp;&nbsp; 1.&nbsp;&nbsp;&nbsp;&nbsp;&nbsp;&nbsp;&nbsp;&nbsp; Tadej Poga\u010dar (UAE Team Emirates) \u2013 4:45:15<\/p>\n\n\n\n<p>&nbsp;&nbsp;&nbsp;&nbsp;&nbsp;&nbsp;&nbsp;&nbsp;&nbsp;&nbsp;&nbsp; 2.&nbsp;&nbsp;&nbsp;&nbsp;&nbsp;&nbsp;&nbsp;&nbsp; Paul Seixas (Decathlon CMA CGM Team) +1:00<\/p>\n\n\n\n<p>&nbsp;&nbsp;&nbsp;&nbsp;&nbsp;&nbsp;&nbsp;&nbsp;&nbsp;&nbsp;&nbsp; 3.&nbsp;&nbsp;&nbsp;&nbsp;&nbsp;&nbsp;&nbsp;&nbsp; Isaac del Toro (UAE Team Emirates)<\/p>\n\n\n\n<p><\/p>\n","protected":false},"excerpt":{"rendered":"<p>(Fotos: Agencias) El ciclista bajacaliforniano confirma su lugar entre la \u00e9lite mundial tras finalizar en<\/p>\n","protected":false},"author":2,"featured_media":13503,"comment_status":"closed","ping_status":"open","sticky":false,"template":"","format":"standard","meta":{"_jetpack_memberships_contains_paid_content":false,"footnotes":""},"categories":[10],"tags":[],"class_list":["post-13499","post","type-post","status-publish","format-standard","has-post-thumbnail","hentry","category-ciclismo"],"yoast_head":"<!-- This site is optimized with the Yoast SEO plugin v25.7 - https:\/\/yoast.com\/wordpress\/plugins\/seo\/ -->\n<title>Isaac del Toro sube al podio en la Prestigiosa Strade Bianche 2026 - Esbozo Deportivo<\/title>\n<meta name=\"description\" content=\"El bajacaliforniano Isaac del Toro volvi\u00f3 a demostrar que pertenece a la \u00e9lite del ciclismo internacional al conquistar el tercer lugar en la prestigiosa Strade Bianche 2026, una de las pruebas m\u00e1s exigentes del calendario mundial.\" \/>\n<meta name=\"robots\" content=\"index, follow, max-snippet:-1, max-image-preview:large, max-video-preview:-1\" \/>\n<link rel=\"canonical\" href=\"https:\/\/esbozodeportivo.com\/index.php\/2026\/03\/07\/isaac-del-toro-sube-al-podio-en-la-prestigiosa-strade-bianche-2026\/\" \/>\n<meta property=\"og:locale\" content=\"es_MX\" \/>\n<meta property=\"og:type\" content=\"article\" \/>\n<meta property=\"og:title\" content=\"Isaac del Toro sube al podio en la Prestigiosa Strade Bianche 2026 - Esbozo Deportivo\" \/>\n<meta property=\"og:description\" content=\"El bajacaliforniano Isaac del Toro volvi\u00f3 a demostrar que pertenece a la \u00e9lite del ciclismo internacional al conquistar el tercer lugar en la prestigiosa Strade Bianche 2026, una de las pruebas m\u00e1s exigentes del calendario mundial.\" \/>\n<meta property=\"og:url\" content=\"https:\/\/esbozodeportivo.com\/index.php\/2026\/03\/07\/isaac-del-toro-sube-al-podio-en-la-prestigiosa-strade-bianche-2026\/\" \/>\n<meta property=\"og:site_name\" content=\"Esbozo Deportivo\" \/>\n<meta property=\"article:published_time\" content=\"2026-03-08T05:38:22+00:00\" \/>\n<meta property=\"article:modified_time\" content=\"2026-03-08T05:38:24+00:00\" \/>\n<meta property=\"og:image\" content=\"https:\/\/esbozodeportivo.com\/wp-content\/uploads\/2026\/03\/b2c99cc7-6577-468f-888c-902b52f2e372.jpg\" \/>\n\t<meta property=\"og:image:width\" content=\"1333\" \/>\n\t<meta property=\"og:image:height\" content=\"888\" \/>\n\t<meta property=\"og:image:type\" content=\"image\/jpeg\" \/>\n<meta name=\"author\" content=\"Javier De La Cruz\" \/>\n<meta name=\"twitter:card\" content=\"summary_large_image\" \/>\n<meta name=\"twitter:label1\" content=\"Escrito por\" \/>\n\t<meta name=\"twitter:data1\" content=\"Javier De La Cruz\" \/>\n\t<meta name=\"twitter:label2\" content=\"Tiempo de lectura\" \/>\n\t<meta name=\"twitter:data2\" content=\"3 minutos\" \/>\n<script type=\"application\/ld+json\" class=\"yoast-schema-graph\">{\"@context\":\"https:\/\/schema.org\",\"@graph\":[{\"@type\":\"Article\",\"@id\":\"https:\/\/esbozodeportivo.com\/index.php\/2026\/03\/07\/isaac-del-toro-sube-al-podio-en-la-prestigiosa-strade-bianche-2026\/#article\",\"isPartOf\":{\"@id\":\"https:\/\/esbozodeportivo.com\/index.php\/2026\/03\/07\/isaac-del-toro-sube-al-podio-en-la-prestigiosa-strade-bianche-2026\/\"},\"author\":{\"name\":\"Javier De La Cruz\",\"@id\":\"https:\/\/esbozodeportivo.com\/#\/schema\/person\/7277119c98823aec37bbb84e125efd44\"},\"headline\":\"Isaac del Toro sube al podio en la Prestigiosa Strade Bianche 2026\",\"datePublished\":\"2026-03-08T05:38:22+00:00\",\"dateModified\":\"2026-03-08T05:38:24+00:00\",\"mainEntityOfPage\":{\"@id\":\"https:\/\/esbozodeportivo.com\/index.php\/2026\/03\/07\/isaac-del-toro-sube-al-podio-en-la-prestigiosa-strade-bianche-2026\/\"},\"wordCount\":440,\"publisher\":{\"@id\":\"https:\/\/esbozodeportivo.com\/#organization\"},\"image\":{\"@id\":\"https:\/\/esbozodeportivo.com\/index.php\/2026\/03\/07\/isaac-del-toro-sube-al-podio-en-la-prestigiosa-strade-bianche-2026\/#primaryimage\"},\"thumbnailUrl\":\"https:\/\/esbozodeportivo.com\/wp-content\/uploads\/2026\/03\/b2c99cc7-6577-468f-888c-902b52f2e372.jpg\",\"articleSection\":[\"Ciclismo\"],\"inLanguage\":\"es\"},{\"@type\":\"WebPage\",\"@id\":\"https:\/\/esbozodeportivo.com\/index.php\/2026\/03\/07\/isaac-del-toro-sube-al-podio-en-la-prestigiosa-strade-bianche-2026\/\",\"url\":\"https:\/\/esbozodeportivo.com\/index.php\/2026\/03\/07\/isaac-del-toro-sube-al-podio-en-la-prestigiosa-strade-bianche-2026\/\",\"name\":\"Isaac del Toro sube al podio en la Prestigiosa Strade Bianche 2026 - Esbozo Deportivo\",\"isPartOf\":{\"@id\":\"https:\/\/esbozodeportivo.com\/#website\"},\"primaryImageOfPage\":{\"@id\":\"https:\/\/esbozodeportivo.com\/index.php\/2026\/03\/07\/isaac-del-toro-sube-al-podio-en-la-prestigiosa-strade-bianche-2026\/#primaryimage\"},\"image\":{\"@id\":\"https:\/\/esbozodeportivo.com\/index.php\/2026\/03\/07\/isaac-del-toro-sube-al-podio-en-la-prestigiosa-strade-bianche-2026\/#primaryimage\"},\"thumbnailUrl\":\"https:\/\/esbozodeportivo.com\/wp-content\/uploads\/2026\/03\/b2c99cc7-6577-468f-888c-902b52f2e372.jpg\",\"datePublished\":\"2026-03-08T05:38:22+00:00\",\"dateModified\":\"2026-03-08T05:38:24+00:00\",\"description\":\"El bajacaliforniano Isaac del Toro volvi\u00f3 a demostrar que pertenece a la \u00e9lite del ciclismo internacional al conquistar el tercer lugar en la prestigiosa Strade Bianche 2026, una de las pruebas m\u00e1s exigentes del calendario mundial.\",\"breadcrumb\":{\"@id\":\"https:\/\/esbozodeportivo.com\/index.php\/2026\/03\/07\/isaac-del-toro-sube-al-podio-en-la-prestigiosa-strade-bianche-2026\/#breadcrumb\"},\"inLanguage\":\"es\",\"potentialAction\":[{\"@type\":\"ReadAction\",\"target\":[\"https:\/\/esbozodeportivo.com\/index.php\/2026\/03\/07\/isaac-del-toro-sube-al-podio-en-la-prestigiosa-strade-bianche-2026\/\"]}]},{\"@type\":\"ImageObject\",\"inLanguage\":\"es\",\"@id\":\"https:\/\/esbozodeportivo.com\/index.php\/2026\/03\/07\/isaac-del-toro-sube-al-podio-en-la-prestigiosa-strade-bianche-2026\/#primaryimage\",\"url\":\"https:\/\/esbozodeportivo.com\/wp-content\/uploads\/2026\/03\/b2c99cc7-6577-468f-888c-902b52f2e372.jpg\",\"contentUrl\":\"https:\/\/esbozodeportivo.com\/wp-content\/uploads\/2026\/03\/b2c99cc7-6577-468f-888c-902b52f2e372.jpg\",\"width\":1333,\"height\":888},{\"@type\":\"BreadcrumbList\",\"@id\":\"https:\/\/esbozodeportivo.com\/index.php\/2026\/03\/07\/isaac-del-toro-sube-al-podio-en-la-prestigiosa-strade-bianche-2026\/#breadcrumb\",\"itemListElement\":[{\"@type\":\"ListItem\",\"position\":1,\"name\":\"Inicio\",\"item\":\"https:\/\/esbozodeportivo.com\/\"},{\"@type\":\"ListItem\",\"position\":2,\"name\":\"Isaac del Toro sube al podio en la Prestigiosa Strade Bianche 2026\"}]},{\"@type\":\"WebSite\",\"@id\":\"https:\/\/esbozodeportivo.com\/#website\",\"url\":\"https:\/\/esbozodeportivo.com\/\",\"name\":\"Esbozo Deportivo\",\"description\":\"Lo m\u00e1s importante del Deporte\",\"publisher\":{\"@id\":\"https:\/\/esbozodeportivo.com\/#organization\"},\"potentialAction\":[{\"@type\":\"SearchAction\",\"target\":{\"@type\":\"EntryPoint\",\"urlTemplate\":\"https:\/\/esbozodeportivo.com\/?s={search_term_string}\"},\"query-input\":{\"@type\":\"PropertyValueSpecification\",\"valueRequired\":true,\"valueName\":\"search_term_string\"}}],\"inLanguage\":\"es\"},{\"@type\":\"Organization\",\"@id\":\"https:\/\/esbozodeportivo.com\/#organization\",\"name\":\"Esbozo Deportivo\",\"url\":\"https:\/\/esbozodeportivo.com\/\",\"logo\":{\"@type\":\"ImageObject\",\"inLanguage\":\"es\",\"@id\":\"https:\/\/esbozodeportivo.com\/#\/schema\/logo\/image\/\",\"url\":\"https:\/\/esbozodeportivo.com\/wp-content\/uploads\/2022\/08\/cropped-Logo-Esbozo-Web-2.png\",\"contentUrl\":\"https:\/\/esbozodeportivo.com\/wp-content\/uploads\/2022\/08\/cropped-Logo-Esbozo-Web-2.png\",\"width\":180,\"height\":50,\"caption\":\"Esbozo Deportivo\"},\"image\":{\"@id\":\"https:\/\/esbozodeportivo.com\/#\/schema\/logo\/image\/\"}},{\"@type\":\"Person\",\"@id\":\"https:\/\/esbozodeportivo.com\/#\/schema\/person\/7277119c98823aec37bbb84e125efd44\",\"name\":\"Javier De La Cruz\",\"image\":{\"@type\":\"ImageObject\",\"inLanguage\":\"es\",\"@id\":\"https:\/\/esbozodeportivo.com\/#\/schema\/person\/image\/\",\"url\":\"https:\/\/secure.gravatar.com\/avatar\/366235a56d20f1a6e8e3d0b295897639357bea880470ddf261d17bb0bc052eb1?s=96&d=mm&r=g\",\"contentUrl\":\"https:\/\/secure.gravatar.com\/avatar\/366235a56d20f1a6e8e3d0b295897639357bea880470ddf261d17bb0bc052eb1?s=96&d=mm&r=g\",\"caption\":\"Javier De La Cruz\"},\"url\":\"https:\/\/esbozodeportivo.com\/index.php\/author\/javier-de-la-cruz-de-la-cruz\/\"}]}<\/script>\n<!-- \/ Yoast SEO plugin. -->","yoast_head_json":{"title":"Isaac del Toro sube al podio en la Prestigiosa Strade Bianche 2026 - Esbozo Deportivo","description":"El bajacaliforniano Isaac del Toro volvi\u00f3 a demostrar que pertenece a la \u00e9lite del ciclismo internacional al conquistar el tercer lugar en la prestigiosa Strade Bianche 2026, una de las pruebas m\u00e1s exigentes del calendario mundial.","robots":{"index":"index","follow":"follow","max-snippet":"max-snippet:-1","max-image-preview":"max-image-preview:large","max-video-preview":"max-video-preview:-1"},"canonical":"https:\/\/esbozodeportivo.com\/index.php\/2026\/03\/07\/isaac-del-toro-sube-al-podio-en-la-prestigiosa-strade-bianche-2026\/","og_locale":"es_MX","og_type":"article","og_title":"Isaac del Toro sube al podio en la Prestigiosa Strade Bianche 2026 - Esbozo Deportivo","og_description":"El bajacaliforniano Isaac del Toro volvi\u00f3 a demostrar que pertenece a la \u00e9lite del ciclismo internacional al conquistar el tercer lugar en la prestigiosa Strade Bianche 2026, una de las pruebas m\u00e1s exigentes del calendario mundial.","og_url":"https:\/\/esbozodeportivo.com\/index.php\/2026\/03\/07\/isaac-del-toro-sube-al-podio-en-la-prestigiosa-strade-bianche-2026\/","og_site_name":"Esbozo Deportivo","article_published_time":"2026-03-08T05:38:22+00:00","article_modified_time":"2026-03-08T05:38:24+00:00","og_image":[{"width":1333,"height":888,"url":"https:\/\/esbozodeportivo.com\/wp-content\/uploads\/2026\/03\/b2c99cc7-6577-468f-888c-902b52f2e372.jpg","type":"image\/jpeg"}],"author":"Javier De La Cruz","twitter_card":"summary_large_image","twitter_misc":{"Escrito por":"Javier De La Cruz","Tiempo de lectura":"3 minutos"},"schema":{"@context":"https:\/\/schema.org","@graph":[{"@type":"Article","@id":"https:\/\/esbozodeportivo.com\/index.php\/2026\/03\/07\/isaac-del-toro-sube-al-podio-en-la-prestigiosa-strade-bianche-2026\/#article","isPartOf":{"@id":"https:\/\/esbozodeportivo.com\/index.php\/2026\/03\/07\/isaac-del-toro-sube-al-podio-en-la-prestigiosa-strade-bianche-2026\/"},"author":{"name":"Javier De La Cruz","@id":"https:\/\/esbozodeportivo.com\/#\/schema\/person\/7277119c98823aec37bbb84e125efd44"},"headline":"Isaac del Toro sube al podio en la Prestigiosa Strade Bianche 2026","datePublished":"2026-03-08T05:38:22+00:00","dateModified":"2026-03-08T05:38:24+00:00","mainEntityOfPage":{"@id":"https:\/\/esbozodeportivo.com\/index.php\/2026\/03\/07\/isaac-del-toro-sube-al-podio-en-la-prestigiosa-strade-bianche-2026\/"},"wordCount":440,"publisher":{"@id":"https:\/\/esbozodeportivo.com\/#organization"},"image":{"@id":"https:\/\/esbozodeportivo.com\/index.php\/2026\/03\/07\/isaac-del-toro-sube-al-podio-en-la-prestigiosa-strade-bianche-2026\/#primaryimage"},"thumbnailUrl":"https:\/\/esbozodeportivo.com\/wp-content\/uploads\/2026\/03\/b2c99cc7-6577-468f-888c-902b52f2e372.jpg","articleSection":["Ciclismo"],"inLanguage":"es"},{"@type":"WebPage","@id":"https:\/\/esbozodeportivo.com\/index.php\/2026\/03\/07\/isaac-del-toro-sube-al-podio-en-la-prestigiosa-strade-bianche-2026\/","url":"https:\/\/esbozodeportivo.com\/index.php\/2026\/03\/07\/isaac-del-toro-sube-al-podio-en-la-prestigiosa-strade-bianche-2026\/","name":"Isaac del Toro sube al podio en la Prestigiosa Strade Bianche 2026 - Esbozo Deportivo","isPartOf":{"@id":"https:\/\/esbozodeportivo.com\/#website"},"primaryImageOfPage":{"@id":"https:\/\/esbozodeportivo.com\/index.php\/2026\/03\/07\/isaac-del-toro-sube-al-podio-en-la-prestigiosa-strade-bianche-2026\/#primaryimage"},"image":{"@id":"https:\/\/esbozodeportivo.com\/index.php\/2026\/03\/07\/isaac-del-toro-sube-al-podio-en-la-prestigiosa-strade-bianche-2026\/#primaryimage"},"thumbnailUrl":"https:\/\/esbozodeportivo.com\/wp-content\/uploads\/2026\/03\/b2c99cc7-6577-468f-888c-902b52f2e372.jpg","datePublished":"2026-03-08T05:38:22+00:00","dateModified":"2026-03-08T05:38:24+00:00","description":"El bajacaliforniano Isaac del Toro volvi\u00f3 a demostrar que pertenece a la \u00e9lite del ciclismo internacional al conquistar el tercer lugar en la prestigiosa Strade Bianche 2026, una de las pruebas m\u00e1s exigentes del calendario mundial.","breadcrumb":{"@id":"https:\/\/esbozodeportivo.com\/index.php\/2026\/03\/07\/isaac-del-toro-sube-al-podio-en-la-prestigiosa-strade-bianche-2026\/#breadcrumb"},"inLanguage":"es","potentialAction":[{"@type":"ReadAction","target":["https:\/\/esbozodeportivo.com\/index.php\/2026\/03\/07\/isaac-del-toro-sube-al-podio-en-la-prestigiosa-strade-bianche-2026\/"]}]},{"@type":"ImageObject","inLanguage":"es","@id":"https:\/\/esbozodeportivo.com\/index.php\/2026\/03\/07\/isaac-del-toro-sube-al-podio-en-la-prestigiosa-strade-bianche-2026\/#primaryimage","url":"https:\/\/esbozodeportivo.com\/wp-content\/uploads\/2026\/03\/b2c99cc7-6577-468f-888c-902b52f2e372.jpg","contentUrl":"https:\/\/esbozodeportivo.com\/wp-content\/uploads\/2026\/03\/b2c99cc7-6577-468f-888c-902b52f2e372.jpg","width":1333,"height":888},{"@type":"BreadcrumbList","@id":"https:\/\/esbozodeportivo.com\/index.php\/2026\/03\/07\/isaac-del-toro-sube-al-podio-en-la-prestigiosa-strade-bianche-2026\/#breadcrumb","itemListElement":[{"@type":"ListItem","position":1,"name":"Inicio","item":"https:\/\/esbozodeportivo.com\/"},{"@type":"ListItem","position":2,"name":"Isaac del Toro sube al podio en la Prestigiosa Strade Bianche 2026"}]},{"@type":"WebSite","@id":"https:\/\/esbozodeportivo.com\/#website","url":"https:\/\/esbozodeportivo.com\/","name":"Esbozo Deportivo","description":"Lo m\u00e1s importante del Deporte","publisher":{"@id":"https:\/\/esbozodeportivo.com\/#organization"},"potentialAction":[{"@type":"SearchAction","target":{"@type":"EntryPoint","urlTemplate":"https:\/\/esbozodeportivo.com\/?s={search_term_string}"},"query-input":{"@type":"PropertyValueSpecification","valueRequired":true,"valueName":"search_term_string"}}],"inLanguage":"es"},{"@type":"Organization","@id":"https:\/\/esbozodeportivo.com\/#organization","name":"Esbozo Deportivo","url":"https:\/\/esbozodeportivo.com\/","logo":{"@type":"ImageObject","inLanguage":"es","@id":"https:\/\/esbozodeportivo.com\/#\/schema\/logo\/image\/","url":"https:\/\/esbozodeportivo.com\/wp-content\/uploads\/2022\/08\/cropped-Logo-Esbozo-Web-2.png","contentUrl":"https:\/\/esbozodeportivo.com\/wp-content\/uploads\/2022\/08\/cropped-Logo-Esbozo-Web-2.png","width":180,"height":50,"caption":"Esbozo Deportivo"},"image":{"@id":"https:\/\/esbozodeportivo.com\/#\/schema\/logo\/image\/"}},{"@type":"Person","@id":"https:\/\/esbozodeportivo.com\/#\/schema\/person\/7277119c98823aec37bbb84e125efd44","name":"Javier De La Cruz","image":{"@type":"ImageObject","inLanguage":"es","@id":"https:\/\/esbozodeportivo.com\/#\/schema\/person\/image\/","url":"https:\/\/secure.gravatar.com\/avatar\/366235a56d20f1a6e8e3d0b295897639357bea880470ddf261d17bb0bc052eb1?s=96&d=mm&r=g","contentUrl":"https:\/\/secure.gravatar.com\/avatar\/366235a56d20f1a6e8e3d0b295897639357bea880470ddf261d17bb0bc052eb1?s=96&d=mm&r=g","caption":"Javier De La Cruz"},"url":"https:\/\/esbozodeportivo.com\/index.php\/author\/javier-de-la-cruz-de-la-cruz\/"}]}},"jetpack_featured_media_url":"https:\/\/esbozodeportivo.com\/wp-content\/uploads\/2026\/03\/b2c99cc7-6577-468f-888c-902b52f2e372.jpg","jetpack_sharing_enabled":true,"_links":{"self":[{"href":"https:\/\/esbozodeportivo.com\/index.php\/wp-json\/wp\/v2\/posts\/13499","targetHints":{"allow":["GET"]}}],"collection":[{"href":"https:\/\/esbozodeportivo.com\/index.php\/wp-json\/wp\/v2\/posts"}],"about":[{"href":"https:\/\/esbozodeportivo.com\/index.php\/wp-json\/wp\/v2\/types\/post"}],"author":[{"embeddable":true,"href":"https:\/\/esbozodeportivo.com\/index.php\/wp-json\/wp\/v2\/users\/2"}],"replies":[{"embeddable":true,"href":"https:\/\/esbozodeportivo.com\/index.php\/wp-json\/wp\/v2\/comments?post=13499"}],"version-history":[{"count":1,"href":"https:\/\/esbozodeportivo.com\/index.php\/wp-json\/wp\/v2\/posts\/13499\/revisions"}],"predecessor-version":[{"id":13504,"href":"https:\/\/esbozodeportivo.com\/index.php\/wp-json\/wp\/v2\/posts\/13499\/revisions\/13504"}],"wp:featuredmedia":[{"embeddable":true,"href":"https:\/\/esbozodeportivo.com\/index.php\/wp-json\/wp\/v2\/media\/13503"}],"wp:attachment":[{"href":"https:\/\/esbozodeportivo.com\/index.php\/wp-json\/wp\/v2\/media?parent=13499"}],"wp:term":[{"taxonomy":"category","embeddable":true,"href":"https:\/\/esbozodeportivo.com\/index.php\/wp-json\/wp\/v2\/categories?post=13499"},{"taxonomy":"post_tag","embeddable":true,"href":"https:\/\/esbozodeportivo.com\/index.php\/wp-json\/wp\/v2\/tags?post=13499"}],"curies":[{"name":"wp","href":"https:\/\/api.w.org\/{rel}","templated":true}]}}