{"id":13555,"date":"2026-03-11T19:51:53","date_gmt":"2026-03-12T01:51:53","guid":{"rendered":"https:\/\/esbozodeportivo.com\/?p=13555"},"modified":"2026-03-11T19:51:55","modified_gmt":"2026-03-12T01:51:55","slug":"los-mexicas-lfa-iniciaron-su-actividad-rumbo-a-la-temporada-2026","status":"publish","type":"post","link":"https:\/\/esbozodeportivo.com\/index.php\/2026\/03\/11\/los-mexicas-lfa-iniciaron-su-actividad-rumbo-a-la-temporada-2026\/","title":{"rendered":"Los Mexicas LFA iniciaron su actividad rumbo a la temporada 2026"},"content":{"rendered":"\n<p><strong>(Fotos: Cortes\u00eda) <\/strong><\/p>\n\n\n\n<p><strong>*El head coach F\u00e9lix Buend\u00eda inform\u00f3 a los jugadores lo que se requiere para consolidar el proyecto Mexicas.<\/strong><\/p>\n\n\n\n<p><strong>Informaci\u00f3n Mexicas<\/strong><\/p>\n\n\n\n<p>Los Mexicas CDMX iniciaron la actividad rumbo a la temporada 2026 de LFA con una reuni\u00f3n privada entre jugadores mexicanos y el staff de coacheo, en la cual se dieron a conocer los objetivos para este a\u00f1o; y en ning\u00fan momento se habl\u00f3 de campeonatos, solo de lo que se quiere mejorar en beneficio del rendimiento del equipo.<\/p>\n\n\n\n<p>Luego de una peque\u00f1a bienvenida del head coach del equipo, F\u00e9lix Buend\u00eda, se proyect\u00f3 en la pantalla un video de la temporada 2025, misma que concluy\u00f3 con la conquista del segundo t\u00edtulo del equipo en LFA.<\/p>\n\n\n\n<p>La clave del mensaje de parte de los coordinadores ofensivo y defensivo, Edgar Zapata y Jes\u00fas \u201cTigrillo\u201d Mu\u00f1oz, fue solicitar a los veteranos y novatos presentes dar lo mejor de cada uno en el proceso de preparaci\u00f3n, que iniciar\u00e1 esta noche, a las 22 horas, en el campo de Guerreros Aztecas, en la glorieta de Vaqueritos.<\/p>\n\n\n\n<figure class=\"wp-block-image size-large\"><img loading=\"lazy\" decoding=\"async\" width=\"1024\" height=\"576\" src=\"https:\/\/esbozodeportivo.com\/wp-content\/uploads\/2026\/03\/4ed4d789-9133-487e-948d-0910d7f93f2d-1024x576.jpg\" alt=\"\" class=\"wp-image-13557\" srcset=\"https:\/\/esbozodeportivo.com\/wp-content\/uploads\/2026\/03\/4ed4d789-9133-487e-948d-0910d7f93f2d-1024x576.jpg 1024w, https:\/\/esbozodeportivo.com\/wp-content\/uploads\/2026\/03\/4ed4d789-9133-487e-948d-0910d7f93f2d-300x169.jpg 300w, https:\/\/esbozodeportivo.com\/wp-content\/uploads\/2026\/03\/4ed4d789-9133-487e-948d-0910d7f93f2d-768x432.jpg 768w, https:\/\/esbozodeportivo.com\/wp-content\/uploads\/2026\/03\/4ed4d789-9133-487e-948d-0910d7f93f2d-1536x864.jpg 1536w, https:\/\/esbozodeportivo.com\/wp-content\/uploads\/2026\/03\/4ed4d789-9133-487e-948d-0910d7f93f2d.jpg 1600w\" sizes=\"auto, (max-width: 1024px) 100vw, 1024px\" \/><\/figure>\n\n\n\n<p>Y dejaron claro que la exigencia ser\u00e1 alta.<\/p>\n\n\n\n<p>Finalmente, F\u00e9lix Buend\u00eda habl\u00f3 del trabajo que a\u00fan hay que realizar para la consolidaci\u00f3n del proyecto Mexicas y se\u00f1al\u00f3 que no hay nada m\u00e1s importante que \u201clos colores, mi equipo es mi familia\u201d.<\/p>\n\n\n\n<p>El equipo entrenar\u00e1 lunes y mi\u00e9rcoles en el campo de Guerreros Aztecas; y los jueves en el campo de la ESEF, tambi\u00e9n a partir de las 22 horas.<\/p>\n\n\n\n<p>Finalmente, se inform\u00f3 al equipo que ya est\u00e1n a la venta los abonos para la temporada 2026, que ahora ser\u00e1n tarjetas coleccionables, con las im\u00e1genes del liniero defensivo Alberto Madriz, l\u00edder en sacks de la liga en el 2025; el back defensivo Brett Reyes, quien implant\u00f3 una marca para LFA, al ser el primer novato en interceptar pases en sus primeros tres juegos del a\u00f1o; el liniero ofensivo Mauricio Romero, integrante de la unidad conocida como los \u201cSiempre Sucios\u201d; el pateador Miguel \u00c1ngel \u201cAchita\u201d Gonz\u00e1lez; y el receptor Edgar Rinc\u00f3n.<\/p>\n\n\n\n<figure class=\"wp-block-image size-large\"><img loading=\"lazy\" decoding=\"async\" width=\"1024\" height=\"576\" src=\"https:\/\/esbozodeportivo.com\/wp-content\/uploads\/2026\/03\/24c2c473-3379-4ade-8dee-0f36f117a794-1024x576.jpg\" alt=\"\" class=\"wp-image-13558\" srcset=\"https:\/\/esbozodeportivo.com\/wp-content\/uploads\/2026\/03\/24c2c473-3379-4ade-8dee-0f36f117a794-1024x576.jpg 1024w, https:\/\/esbozodeportivo.com\/wp-content\/uploads\/2026\/03\/24c2c473-3379-4ade-8dee-0f36f117a794-300x169.jpg 300w, https:\/\/esbozodeportivo.com\/wp-content\/uploads\/2026\/03\/24c2c473-3379-4ade-8dee-0f36f117a794-768x432.jpg 768w, https:\/\/esbozodeportivo.com\/wp-content\/uploads\/2026\/03\/24c2c473-3379-4ade-8dee-0f36f117a794-1536x864.jpg 1536w, https:\/\/esbozodeportivo.com\/wp-content\/uploads\/2026\/03\/24c2c473-3379-4ade-8dee-0f36f117a794.jpg 1600w\" sizes=\"auto, (max-width: 1024px) 100vw, 1024px\" \/><\/figure>\n\n\n\n<p>Los abonos ya est\u00e1n a la venta a trav\u00e9s de la boletera del equipo: passline.<\/p>\n\n\n\n<p>Para finalizar la reuni\u00f3n, todos los jugadores firmaron sus contratos y se les inform\u00f3 sobre las fechas en que recibir\u00e1n sus pagos.<\/p>\n\n\n\n<figure class=\"wp-block-image size-large\"><img loading=\"lazy\" decoding=\"async\" width=\"1024\" height=\"576\" src=\"https:\/\/esbozodeportivo.com\/wp-content\/uploads\/2026\/03\/cfe56ff6-468c-44ef-8e06-6218d80f7f67-1024x576.jpg\" alt=\"\" class=\"wp-image-13559\" srcset=\"https:\/\/esbozodeportivo.com\/wp-content\/uploads\/2026\/03\/cfe56ff6-468c-44ef-8e06-6218d80f7f67-1024x576.jpg 1024w, https:\/\/esbozodeportivo.com\/wp-content\/uploads\/2026\/03\/cfe56ff6-468c-44ef-8e06-6218d80f7f67-300x169.jpg 300w, https:\/\/esbozodeportivo.com\/wp-content\/uploads\/2026\/03\/cfe56ff6-468c-44ef-8e06-6218d80f7f67-768x432.jpg 768w, https:\/\/esbozodeportivo.com\/wp-content\/uploads\/2026\/03\/cfe56ff6-468c-44ef-8e06-6218d80f7f67-1536x864.jpg 1536w, https:\/\/esbozodeportivo.com\/wp-content\/uploads\/2026\/03\/cfe56ff6-468c-44ef-8e06-6218d80f7f67.jpg 1600w\" sizes=\"auto, (max-width: 1024px) 100vw, 1024px\" \/><\/figure>\n","protected":false},"excerpt":{"rendered":"<p>(Fotos: Cortes\u00eda) *El head coach F\u00e9lix Buend\u00eda inform\u00f3 a los jugadores lo que se requiere<\/p>\n","protected":false},"author":4,"featured_media":13556,"comment_status":"closed","ping_status":"open","sticky":false,"template":"","format":"standard","meta":{"_jetpack_memberships_contains_paid_content":false,"footnotes":""},"categories":[67],"tags":[],"class_list":["post-13555","post","type-post","status-publish","format-standard","has-post-thumbnail","hentry","category-futbol-americano"],"yoast_head":"<!-- This site is optimized with the Yoast SEO plugin v25.7 - https:\/\/yoast.com\/wordpress\/plugins\/seo\/ -->\n<title>Los Mexicas LFA iniciaron su actividad rumbo a la temporada 2026 - Esbozo Deportivo<\/title>\n<meta name=\"description\" content=\"Los Mexicas CDMX iniciaron la actividad rumbo a la temporada 2026 de LFA con una reuni\u00f3n privada entre jugadores mexicanos y el staff de coacheo, en la cual se dieron a conocer los objetivos para este a\u00f1o; y en ning\u00fan momento se habl\u00f3 de campeonatos, solo de lo que se quiere mejorar en beneficio del rendimiento del equipo.\" \/>\n<meta name=\"robots\" content=\"index, follow, max-snippet:-1, max-image-preview:large, max-video-preview:-1\" \/>\n<link rel=\"canonical\" href=\"https:\/\/esbozodeportivo.com\/index.php\/2026\/03\/11\/los-mexicas-lfa-iniciaron-su-actividad-rumbo-a-la-temporada-2026\/\" \/>\n<meta property=\"og:locale\" content=\"es_MX\" \/>\n<meta property=\"og:type\" content=\"article\" \/>\n<meta property=\"og:title\" content=\"Los Mexicas LFA iniciaron su actividad rumbo a la temporada 2026 - Esbozo Deportivo\" \/>\n<meta property=\"og:description\" content=\"Los Mexicas CDMX iniciaron la actividad rumbo a la temporada 2026 de LFA con una reuni\u00f3n privada entre jugadores mexicanos y el staff de coacheo, en la cual se dieron a conocer los objetivos para este a\u00f1o; y en ning\u00fan momento se habl\u00f3 de campeonatos, solo de lo que se quiere mejorar en beneficio del rendimiento del equipo.\" \/>\n<meta property=\"og:url\" content=\"https:\/\/esbozodeportivo.com\/index.php\/2026\/03\/11\/los-mexicas-lfa-iniciaron-su-actividad-rumbo-a-la-temporada-2026\/\" \/>\n<meta property=\"og:site_name\" content=\"Esbozo Deportivo\" \/>\n<meta property=\"article:published_time\" content=\"2026-03-12T01:51:53+00:00\" \/>\n<meta property=\"article:modified_time\" content=\"2026-03-12T01:51:55+00:00\" \/>\n<meta property=\"og:image\" content=\"https:\/\/esbozodeportivo.com\/wp-content\/uploads\/2026\/03\/3ec74cd9-3906-48ea-a419-3fe7733f519a.jpg\" \/>\n\t<meta property=\"og:image:width\" content=\"989\" \/>\n\t<meta property=\"og:image:height\" content=\"1280\" \/>\n\t<meta property=\"og:image:type\" content=\"image\/jpeg\" \/>\n<meta name=\"author\" content=\"Redacci\u00f3n\" \/>\n<meta name=\"twitter:card\" content=\"summary_large_image\" \/>\n<meta name=\"twitter:label1\" content=\"Escrito por\" \/>\n\t<meta name=\"twitter:data1\" content=\"Redacci\u00f3n\" \/>\n\t<meta name=\"twitter:label2\" content=\"Tiempo de lectura\" \/>\n\t<meta name=\"twitter:data2\" content=\"3 minutos\" \/>\n<script type=\"application\/ld+json\" class=\"yoast-schema-graph\">{\"@context\":\"https:\/\/schema.org\",\"@graph\":[{\"@type\":\"Article\",\"@id\":\"https:\/\/esbozodeportivo.com\/index.php\/2026\/03\/11\/los-mexicas-lfa-iniciaron-su-actividad-rumbo-a-la-temporada-2026\/#article\",\"isPartOf\":{\"@id\":\"https:\/\/esbozodeportivo.com\/index.php\/2026\/03\/11\/los-mexicas-lfa-iniciaron-su-actividad-rumbo-a-la-temporada-2026\/\"},\"author\":{\"name\":\"Redacci\u00f3n\",\"@id\":\"https:\/\/esbozodeportivo.com\/#\/schema\/person\/0f6df9196dfe6740dd0bb31bae50d374\"},\"headline\":\"Los Mexicas LFA iniciaron su actividad rumbo a la temporada 2026\",\"datePublished\":\"2026-03-12T01:51:53+00:00\",\"dateModified\":\"2026-03-12T01:51:55+00:00\",\"mainEntityOfPage\":{\"@id\":\"https:\/\/esbozodeportivo.com\/index.php\/2026\/03\/11\/los-mexicas-lfa-iniciaron-su-actividad-rumbo-a-la-temporada-2026\/\"},\"wordCount\":405,\"publisher\":{\"@id\":\"https:\/\/esbozodeportivo.com\/#organization\"},\"image\":{\"@id\":\"https:\/\/esbozodeportivo.com\/index.php\/2026\/03\/11\/los-mexicas-lfa-iniciaron-su-actividad-rumbo-a-la-temporada-2026\/#primaryimage\"},\"thumbnailUrl\":\"https:\/\/esbozodeportivo.com\/wp-content\/uploads\/2026\/03\/3ec74cd9-3906-48ea-a419-3fe7733f519a.jpg\",\"articleSection\":[\"Futbol Americano\"],\"inLanguage\":\"es\"},{\"@type\":\"WebPage\",\"@id\":\"https:\/\/esbozodeportivo.com\/index.php\/2026\/03\/11\/los-mexicas-lfa-iniciaron-su-actividad-rumbo-a-la-temporada-2026\/\",\"url\":\"https:\/\/esbozodeportivo.com\/index.php\/2026\/03\/11\/los-mexicas-lfa-iniciaron-su-actividad-rumbo-a-la-temporada-2026\/\",\"name\":\"Los Mexicas LFA iniciaron su actividad rumbo a la temporada 2026 - Esbozo Deportivo\",\"isPartOf\":{\"@id\":\"https:\/\/esbozodeportivo.com\/#website\"},\"primaryImageOfPage\":{\"@id\":\"https:\/\/esbozodeportivo.com\/index.php\/2026\/03\/11\/los-mexicas-lfa-iniciaron-su-actividad-rumbo-a-la-temporada-2026\/#primaryimage\"},\"image\":{\"@id\":\"https:\/\/esbozodeportivo.com\/index.php\/2026\/03\/11\/los-mexicas-lfa-iniciaron-su-actividad-rumbo-a-la-temporada-2026\/#primaryimage\"},\"thumbnailUrl\":\"https:\/\/esbozodeportivo.com\/wp-content\/uploads\/2026\/03\/3ec74cd9-3906-48ea-a419-3fe7733f519a.jpg\",\"datePublished\":\"2026-03-12T01:51:53+00:00\",\"dateModified\":\"2026-03-12T01:51:55+00:00\",\"description\":\"Los Mexicas CDMX iniciaron la actividad rumbo a la temporada 2026 de LFA con una reuni\u00f3n privada entre jugadores mexicanos y el staff de coacheo, en la cual se dieron a conocer los objetivos para este a\u00f1o; y en ning\u00fan momento se habl\u00f3 de campeonatos, solo de lo que se quiere mejorar en beneficio del rendimiento del equipo.\",\"breadcrumb\":{\"@id\":\"https:\/\/esbozodeportivo.com\/index.php\/2026\/03\/11\/los-mexicas-lfa-iniciaron-su-actividad-rumbo-a-la-temporada-2026\/#breadcrumb\"},\"inLanguage\":\"es\",\"potentialAction\":[{\"@type\":\"ReadAction\",\"target\":[\"https:\/\/esbozodeportivo.com\/index.php\/2026\/03\/11\/los-mexicas-lfa-iniciaron-su-actividad-rumbo-a-la-temporada-2026\/\"]}]},{\"@type\":\"ImageObject\",\"inLanguage\":\"es\",\"@id\":\"https:\/\/esbozodeportivo.com\/index.php\/2026\/03\/11\/los-mexicas-lfa-iniciaron-su-actividad-rumbo-a-la-temporada-2026\/#primaryimage\",\"url\":\"https:\/\/esbozodeportivo.com\/wp-content\/uploads\/2026\/03\/3ec74cd9-3906-48ea-a419-3fe7733f519a.jpg\",\"contentUrl\":\"https:\/\/esbozodeportivo.com\/wp-content\/uploads\/2026\/03\/3ec74cd9-3906-48ea-a419-3fe7733f519a.jpg\",\"width\":989,\"height\":1280},{\"@type\":\"BreadcrumbList\",\"@id\":\"https:\/\/esbozodeportivo.com\/index.php\/2026\/03\/11\/los-mexicas-lfa-iniciaron-su-actividad-rumbo-a-la-temporada-2026\/#breadcrumb\",\"itemListElement\":[{\"@type\":\"ListItem\",\"position\":1,\"name\":\"Inicio\",\"item\":\"https:\/\/esbozodeportivo.com\/\"},{\"@type\":\"ListItem\",\"position\":2,\"name\":\"Los Mexicas LFA iniciaron su actividad rumbo a la temporada 2026\"}]},{\"@type\":\"WebSite\",\"@id\":\"https:\/\/esbozodeportivo.com\/#website\",\"url\":\"https:\/\/esbozodeportivo.com\/\",\"name\":\"Esbozo Deportivo\",\"description\":\"Lo m\u00e1s importante del Deporte\",\"publisher\":{\"@id\":\"https:\/\/esbozodeportivo.com\/#organization\"},\"potentialAction\":[{\"@type\":\"SearchAction\",\"target\":{\"@type\":\"EntryPoint\",\"urlTemplate\":\"https:\/\/esbozodeportivo.com\/?s={search_term_string}\"},\"query-input\":{\"@type\":\"PropertyValueSpecification\",\"valueRequired\":true,\"valueName\":\"search_term_string\"}}],\"inLanguage\":\"es\"},{\"@type\":\"Organization\",\"@id\":\"https:\/\/esbozodeportivo.com\/#organization\",\"name\":\"Esbozo Deportivo\",\"url\":\"https:\/\/esbozodeportivo.com\/\",\"logo\":{\"@type\":\"ImageObject\",\"inLanguage\":\"es\",\"@id\":\"https:\/\/esbozodeportivo.com\/#\/schema\/logo\/image\/\",\"url\":\"https:\/\/esbozodeportivo.com\/wp-content\/uploads\/2022\/08\/cropped-Logo-Esbozo-Web-2.png\",\"contentUrl\":\"https:\/\/esbozodeportivo.com\/wp-content\/uploads\/2022\/08\/cropped-Logo-Esbozo-Web-2.png\",\"width\":180,\"height\":50,\"caption\":\"Esbozo Deportivo\"},\"image\":{\"@id\":\"https:\/\/esbozodeportivo.com\/#\/schema\/logo\/image\/\"}},{\"@type\":\"Person\",\"@id\":\"https:\/\/esbozodeportivo.com\/#\/schema\/person\/0f6df9196dfe6740dd0bb31bae50d374\",\"name\":\"Redacci\u00f3n\",\"image\":{\"@type\":\"ImageObject\",\"inLanguage\":\"es\",\"@id\":\"https:\/\/esbozodeportivo.com\/#\/schema\/person\/image\/\",\"url\":\"https:\/\/secure.gravatar.com\/avatar\/f55268a89c3b418f2ef172ff52ab0d09b3e653c58de29539fe329fb93d78ebf3?s=96&d=mm&r=g\",\"contentUrl\":\"https:\/\/secure.gravatar.com\/avatar\/f55268a89c3b418f2ef172ff52ab0d09b3e653c58de29539fe329fb93d78ebf3?s=96&d=mm&r=g\",\"caption\":\"Redacci\u00f3n\"},\"url\":\"https:\/\/esbozodeportivo.com\/index.php\/author\/redaccion\/\"}]}<\/script>\n<!-- \/ Yoast SEO plugin. -->","yoast_head_json":{"title":"Los Mexicas LFA iniciaron su actividad rumbo a la temporada 2026 - Esbozo Deportivo","description":"Los Mexicas CDMX iniciaron la actividad rumbo a la temporada 2026 de LFA con una reuni\u00f3n privada entre jugadores mexicanos y el staff de coacheo, en la cual se dieron a conocer los objetivos para este a\u00f1o; y en ning\u00fan momento se habl\u00f3 de campeonatos, solo de lo que se quiere mejorar en beneficio del rendimiento del equipo.","robots":{"index":"index","follow":"follow","max-snippet":"max-snippet:-1","max-image-preview":"max-image-preview:large","max-video-preview":"max-video-preview:-1"},"canonical":"https:\/\/esbozodeportivo.com\/index.php\/2026\/03\/11\/los-mexicas-lfa-iniciaron-su-actividad-rumbo-a-la-temporada-2026\/","og_locale":"es_MX","og_type":"article","og_title":"Los Mexicas LFA iniciaron su actividad rumbo a la temporada 2026 - Esbozo Deportivo","og_description":"Los Mexicas CDMX iniciaron la actividad rumbo a la temporada 2026 de LFA con una reuni\u00f3n privada entre jugadores mexicanos y el staff de coacheo, en la cual se dieron a conocer los objetivos para este a\u00f1o; y en ning\u00fan momento se habl\u00f3 de campeonatos, solo de lo que se quiere mejorar en beneficio del rendimiento del equipo.","og_url":"https:\/\/esbozodeportivo.com\/index.php\/2026\/03\/11\/los-mexicas-lfa-iniciaron-su-actividad-rumbo-a-la-temporada-2026\/","og_site_name":"Esbozo Deportivo","article_published_time":"2026-03-12T01:51:53+00:00","article_modified_time":"2026-03-12T01:51:55+00:00","og_image":[{"width":989,"height":1280,"url":"https:\/\/esbozodeportivo.com\/wp-content\/uploads\/2026\/03\/3ec74cd9-3906-48ea-a419-3fe7733f519a.jpg","type":"image\/jpeg"}],"author":"Redacci\u00f3n","twitter_card":"summary_large_image","twitter_misc":{"Escrito por":"Redacci\u00f3n","Tiempo de lectura":"3 minutos"},"schema":{"@context":"https:\/\/schema.org","@graph":[{"@type":"Article","@id":"https:\/\/esbozodeportivo.com\/index.php\/2026\/03\/11\/los-mexicas-lfa-iniciaron-su-actividad-rumbo-a-la-temporada-2026\/#article","isPartOf":{"@id":"https:\/\/esbozodeportivo.com\/index.php\/2026\/03\/11\/los-mexicas-lfa-iniciaron-su-actividad-rumbo-a-la-temporada-2026\/"},"author":{"name":"Redacci\u00f3n","@id":"https:\/\/esbozodeportivo.com\/#\/schema\/person\/0f6df9196dfe6740dd0bb31bae50d374"},"headline":"Los Mexicas LFA iniciaron su actividad rumbo a la temporada 2026","datePublished":"2026-03-12T01:51:53+00:00","dateModified":"2026-03-12T01:51:55+00:00","mainEntityOfPage":{"@id":"https:\/\/esbozodeportivo.com\/index.php\/2026\/03\/11\/los-mexicas-lfa-iniciaron-su-actividad-rumbo-a-la-temporada-2026\/"},"wordCount":405,"publisher":{"@id":"https:\/\/esbozodeportivo.com\/#organization"},"image":{"@id":"https:\/\/esbozodeportivo.com\/index.php\/2026\/03\/11\/los-mexicas-lfa-iniciaron-su-actividad-rumbo-a-la-temporada-2026\/#primaryimage"},"thumbnailUrl":"https:\/\/esbozodeportivo.com\/wp-content\/uploads\/2026\/03\/3ec74cd9-3906-48ea-a419-3fe7733f519a.jpg","articleSection":["Futbol Americano"],"inLanguage":"es"},{"@type":"WebPage","@id":"https:\/\/esbozodeportivo.com\/index.php\/2026\/03\/11\/los-mexicas-lfa-iniciaron-su-actividad-rumbo-a-la-temporada-2026\/","url":"https:\/\/esbozodeportivo.com\/index.php\/2026\/03\/11\/los-mexicas-lfa-iniciaron-su-actividad-rumbo-a-la-temporada-2026\/","name":"Los Mexicas LFA iniciaron su actividad rumbo a la temporada 2026 - Esbozo Deportivo","isPartOf":{"@id":"https:\/\/esbozodeportivo.com\/#website"},"primaryImageOfPage":{"@id":"https:\/\/esbozodeportivo.com\/index.php\/2026\/03\/11\/los-mexicas-lfa-iniciaron-su-actividad-rumbo-a-la-temporada-2026\/#primaryimage"},"image":{"@id":"https:\/\/esbozodeportivo.com\/index.php\/2026\/03\/11\/los-mexicas-lfa-iniciaron-su-actividad-rumbo-a-la-temporada-2026\/#primaryimage"},"thumbnailUrl":"https:\/\/esbozodeportivo.com\/wp-content\/uploads\/2026\/03\/3ec74cd9-3906-48ea-a419-3fe7733f519a.jpg","datePublished":"2026-03-12T01:51:53+00:00","dateModified":"2026-03-12T01:51:55+00:00","description":"Los Mexicas CDMX iniciaron la actividad rumbo a la temporada 2026 de LFA con una reuni\u00f3n privada entre jugadores mexicanos y el staff de coacheo, en la cual se dieron a conocer los objetivos para este a\u00f1o; y en ning\u00fan momento se habl\u00f3 de campeonatos, solo de lo que se quiere mejorar en beneficio del rendimiento del equipo.","breadcrumb":{"@id":"https:\/\/esbozodeportivo.com\/index.php\/2026\/03\/11\/los-mexicas-lfa-iniciaron-su-actividad-rumbo-a-la-temporada-2026\/#breadcrumb"},"inLanguage":"es","potentialAction":[{"@type":"ReadAction","target":["https:\/\/esbozodeportivo.com\/index.php\/2026\/03\/11\/los-mexicas-lfa-iniciaron-su-actividad-rumbo-a-la-temporada-2026\/"]}]},{"@type":"ImageObject","inLanguage":"es","@id":"https:\/\/esbozodeportivo.com\/index.php\/2026\/03\/11\/los-mexicas-lfa-iniciaron-su-actividad-rumbo-a-la-temporada-2026\/#primaryimage","url":"https:\/\/esbozodeportivo.com\/wp-content\/uploads\/2026\/03\/3ec74cd9-3906-48ea-a419-3fe7733f519a.jpg","contentUrl":"https:\/\/esbozodeportivo.com\/wp-content\/uploads\/2026\/03\/3ec74cd9-3906-48ea-a419-3fe7733f519a.jpg","width":989,"height":1280},{"@type":"BreadcrumbList","@id":"https:\/\/esbozodeportivo.com\/index.php\/2026\/03\/11\/los-mexicas-lfa-iniciaron-su-actividad-rumbo-a-la-temporada-2026\/#breadcrumb","itemListElement":[{"@type":"ListItem","position":1,"name":"Inicio","item":"https:\/\/esbozodeportivo.com\/"},{"@type":"ListItem","position":2,"name":"Los Mexicas LFA iniciaron su actividad rumbo a la temporada 2026"}]},{"@type":"WebSite","@id":"https:\/\/esbozodeportivo.com\/#website","url":"https:\/\/esbozodeportivo.com\/","name":"Esbozo Deportivo","description":"Lo m\u00e1s importante del Deporte","publisher":{"@id":"https:\/\/esbozodeportivo.com\/#organization"},"potentialAction":[{"@type":"SearchAction","target":{"@type":"EntryPoint","urlTemplate":"https:\/\/esbozodeportivo.com\/?s={search_term_string}"},"query-input":{"@type":"PropertyValueSpecification","valueRequired":true,"valueName":"search_term_string"}}],"inLanguage":"es"},{"@type":"Organization","@id":"https:\/\/esbozodeportivo.com\/#organization","name":"Esbozo Deportivo","url":"https:\/\/esbozodeportivo.com\/","logo":{"@type":"ImageObject","inLanguage":"es","@id":"https:\/\/esbozodeportivo.com\/#\/schema\/logo\/image\/","url":"https:\/\/esbozodeportivo.com\/wp-content\/uploads\/2022\/08\/cropped-Logo-Esbozo-Web-2.png","contentUrl":"https:\/\/esbozodeportivo.com\/wp-content\/uploads\/2022\/08\/cropped-Logo-Esbozo-Web-2.png","width":180,"height":50,"caption":"Esbozo Deportivo"},"image":{"@id":"https:\/\/esbozodeportivo.com\/#\/schema\/logo\/image\/"}},{"@type":"Person","@id":"https:\/\/esbozodeportivo.com\/#\/schema\/person\/0f6df9196dfe6740dd0bb31bae50d374","name":"Redacci\u00f3n","image":{"@type":"ImageObject","inLanguage":"es","@id":"https:\/\/esbozodeportivo.com\/#\/schema\/person\/image\/","url":"https:\/\/secure.gravatar.com\/avatar\/f55268a89c3b418f2ef172ff52ab0d09b3e653c58de29539fe329fb93d78ebf3?s=96&d=mm&r=g","contentUrl":"https:\/\/secure.gravatar.com\/avatar\/f55268a89c3b418f2ef172ff52ab0d09b3e653c58de29539fe329fb93d78ebf3?s=96&d=mm&r=g","caption":"Redacci\u00f3n"},"url":"https:\/\/esbozodeportivo.com\/index.php\/author\/redaccion\/"}]}},"jetpack_featured_media_url":"https:\/\/esbozodeportivo.com\/wp-content\/uploads\/2026\/03\/3ec74cd9-3906-48ea-a419-3fe7733f519a.jpg","jetpack_sharing_enabled":true,"_links":{"self":[{"href":"https:\/\/esbozodeportivo.com\/index.php\/wp-json\/wp\/v2\/posts\/13555","targetHints":{"allow":["GET"]}}],"collection":[{"href":"https:\/\/esbozodeportivo.com\/index.php\/wp-json\/wp\/v2\/posts"}],"about":[{"href":"https:\/\/esbozodeportivo.com\/index.php\/wp-json\/wp\/v2\/types\/post"}],"author":[{"embeddable":true,"href":"https:\/\/esbozodeportivo.com\/index.php\/wp-json\/wp\/v2\/users\/4"}],"replies":[{"embeddable":true,"href":"https:\/\/esbozodeportivo.com\/index.php\/wp-json\/wp\/v2\/comments?post=13555"}],"version-history":[{"count":1,"href":"https:\/\/esbozodeportivo.com\/index.php\/wp-json\/wp\/v2\/posts\/13555\/revisions"}],"predecessor-version":[{"id":13560,"href":"https:\/\/esbozodeportivo.com\/index.php\/wp-json\/wp\/v2\/posts\/13555\/revisions\/13560"}],"wp:featuredmedia":[{"embeddable":true,"href":"https:\/\/esbozodeportivo.com\/index.php\/wp-json\/wp\/v2\/media\/13556"}],"wp:attachment":[{"href":"https:\/\/esbozodeportivo.com\/index.php\/wp-json\/wp\/v2\/media?parent=13555"}],"wp:term":[{"taxonomy":"category","embeddable":true,"href":"https:\/\/esbozodeportivo.com\/index.php\/wp-json\/wp\/v2\/categories?post=13555"},{"taxonomy":"post_tag","embeddable":true,"href":"https:\/\/esbozodeportivo.com\/index.php\/wp-json\/wp\/v2\/tags?post=13555"}],"curies":[{"name":"wp","href":"https:\/\/api.w.org\/{rel}","templated":true}]}}