{"id":13561,"date":"2026-03-11T20:32:38","date_gmt":"2026-03-12T02:32:38","guid":{"rendered":"https:\/\/esbozodeportivo.com\/?p=13561"},"modified":"2026-03-11T20:32:39","modified_gmt":"2026-03-12T02:32:39","slug":"donaran-una-tonelada-de-ropa-a-ninos-de-primaria-bilingue-en-ometepec-por-el-dia-del-nino","status":"publish","type":"post","link":"https:\/\/esbozodeportivo.com\/index.php\/2026\/03\/11\/donaran-una-tonelada-de-ropa-a-ninos-de-primaria-bilingue-en-ometepec-por-el-dia-del-nino\/","title":{"rendered":"Donar\u00e1n una tonelada de ropa a ni\u00f1os de primaria biling\u00fce en Ometepec por el D\u00eda del Ni\u00f1o"},"content":{"rendered":"\n<p><strong>(Fotos: Cortes\u00eda) <\/strong><\/p>\n\n\n\n<p>En el marco del <strong>D\u00eda del Ni\u00f1o,<\/strong> un total de <strong>64 estudiantes de primero y segundo<\/strong> grado de una escuela primaria biling\u00fce ubicada en <strong>Ometepe<\/strong>c ser\u00e1n beneficiados con la entrega de una tonelada de ropa, gracias a una iniciativa solidaria impulsada por diversos donantes.<\/p>\n\n\n\n<p>La entrega se realizar\u00e1 el pr\u00f3ximo <strong>30 de abril<\/strong>, fecha en la que los menores recibir\u00e1n prendas recolectadas con el objetivo de apoyar a familias de esta comunidad de la regi\u00f3n <strong>Costa Chica de Guerrero.<\/strong><\/p>\n\n\n\n<p>La donaci\u00f3n es encabezada por <strong>Mayen Granados<\/strong>, de <strong>Foringas Tepatlalco<\/strong>, quien junto con otros colaboradores se sum\u00f3 a esta causa para brindar apoyo a ni\u00f1as y ni\u00f1os que viven en condiciones de vulnerabilidad.<\/p>\n\n\n\n<figure class=\"wp-block-image size-full\"><img loading=\"lazy\" decoding=\"async\" width=\"929\" height=\"774\" src=\"https:\/\/esbozodeportivo.com\/wp-content\/uploads\/2026\/03\/2924c6ed-9b06-4be5-8dcb-3eab0da0b727-1.jpg\" alt=\"\" class=\"wp-image-13563\" srcset=\"https:\/\/esbozodeportivo.com\/wp-content\/uploads\/2026\/03\/2924c6ed-9b06-4be5-8dcb-3eab0da0b727-1.jpg 929w, https:\/\/esbozodeportivo.com\/wp-content\/uploads\/2026\/03\/2924c6ed-9b06-4be5-8dcb-3eab0da0b727-1-300x250.jpg 300w, https:\/\/esbozodeportivo.com\/wp-content\/uploads\/2026\/03\/2924c6ed-9b06-4be5-8dcb-3eab0da0b727-1-768x640.jpg 768w\" sizes=\"auto, (max-width: 929px) 100vw, 929px\" \/><\/figure>\n\n\n\n<p>En esta acci\u00f3n solidaria tambi\u00e9n participan el <strong>despacho jur\u00eddico REVSA<\/strong>, encabezado por el Lic.<strong>Ra\u00fal Varela<\/strong>, <strong>Ranflas con Stylo<\/strong>, de <strong>H\u00e9ctor Garc\u00e9s<\/strong> <strong>esbozodeportivo<\/strong> y <strong>Erick<\/strong>, quienes se sumaron a la iniciativa para hacer posible la recolecci\u00f3n y entrega de la ropa.<\/p>\n\n\n\n<p>La convocatoria a los donantes fue realizada por <strong>Claudia Res\u00e9ndiz<\/strong>, integrante de la iglesia <strong>Cristiana Cristo Jes\u00fas<\/strong>, quien promovi\u00f3 la participaci\u00f3n de ciudadanos y organizaciones para llevar este apoyo a la ni\u00f1ez de la comunidad. <strong>\u00a1Los Buenos Somos M\u00e1s!<\/strong><\/p>\n\n\n\n<figure class=\"wp-block-image size-large\"><img loading=\"lazy\" decoding=\"async\" width=\"1024\" height=\"576\" src=\"https:\/\/esbozodeportivo.com\/wp-content\/uploads\/2026\/03\/eefde0d2-a2d7-4ef0-bb54-3e8cd48744f2-1024x576.jpg\" alt=\"\" class=\"wp-image-13566\" srcset=\"https:\/\/esbozodeportivo.com\/wp-content\/uploads\/2026\/03\/eefde0d2-a2d7-4ef0-bb54-3e8cd48744f2-1024x576.jpg 1024w, https:\/\/esbozodeportivo.com\/wp-content\/uploads\/2026\/03\/eefde0d2-a2d7-4ef0-bb54-3e8cd48744f2-300x169.jpg 300w, https:\/\/esbozodeportivo.com\/wp-content\/uploads\/2026\/03\/eefde0d2-a2d7-4ef0-bb54-3e8cd48744f2-768x432.jpg 768w, https:\/\/esbozodeportivo.com\/wp-content\/uploads\/2026\/03\/eefde0d2-a2d7-4ef0-bb54-3e8cd48744f2-1536x864.jpg 1536w, https:\/\/esbozodeportivo.com\/wp-content\/uploads\/2026\/03\/eefde0d2-a2d7-4ef0-bb54-3e8cd48744f2.jpg 1599w\" sizes=\"auto, (max-width: 1024px) 100vw, 1024px\" \/><\/figure>\n\n\n\n<p>La comunidad donde se ubica la escuela se caracteriza por contar con <strong>poblaci\u00f3n ind\u00edgena<\/strong>, donde a\u00fan se hablan lenguas originarias como el <strong>amuzgo<\/strong> y el <strong>mixteco<\/strong>, propias de la regi\u00f3n Costa Chica. En el municipio de Ometepec, alrededor del <strong>26% de la poblaci\u00f3n habla alguna lengua ind\u00edgena<\/strong>, de acuerdo con datos oficiales.<\/p>\n\n\n\n<p>Adem\u00e1s, muchas familias enfrentan <strong>condiciones econ\u00f3micas dif\u00edciles<\/strong>, por lo que los padres de familia frecuentemente deben <strong>migrar temporalmente a otros estados del pa\u00eds para trabajar<\/strong>, dejando a los ni\u00f1os bajo el cuidado de familiares mientras buscan sustento para sus hogares.<\/p>\n\n\n\n<figure class=\"wp-block-image size-large\"><img loading=\"lazy\" decoding=\"async\" width=\"768\" height=\"1024\" src=\"https:\/\/esbozodeportivo.com\/wp-content\/uploads\/2026\/03\/e3298cea-6968-46d8-9d27-57ed7f1f473f-768x1024.jpg\" alt=\"\" class=\"wp-image-13565\" srcset=\"https:\/\/esbozodeportivo.com\/wp-content\/uploads\/2026\/03\/e3298cea-6968-46d8-9d27-57ed7f1f473f-768x1024.jpg 768w, https:\/\/esbozodeportivo.com\/wp-content\/uploads\/2026\/03\/e3298cea-6968-46d8-9d27-57ed7f1f473f-225x300.jpg 225w, https:\/\/esbozodeportivo.com\/wp-content\/uploads\/2026\/03\/e3298cea-6968-46d8-9d27-57ed7f1f473f-1152x1536.jpg 1152w, https:\/\/esbozodeportivo.com\/wp-content\/uploads\/2026\/03\/e3298cea-6968-46d8-9d27-57ed7f1f473f-1024x1365.jpg 1024w, https:\/\/esbozodeportivo.com\/wp-content\/uploads\/2026\/03\/e3298cea-6968-46d8-9d27-57ed7f1f473f.jpg 1200w\" sizes=\"auto, (max-width: 768px) 100vw, 768px\" \/><\/figure>\n\n\n\n<p>Ante esta realidad, iniciativas ciudadanas como esta buscan <strong>generar apoyo directo a la ni\u00f1ez<\/strong>, especialmente en fechas significativas como el D\u00eda del Ni\u00f1o, fomentando tambi\u00e9n valores de solidaridad y apoyo comunitario.<\/p>\n\n\n\n<p>Los organizadores se\u00f1alaron que este tipo de acciones buscan <strong>llevar alegr\u00eda a los menores<\/strong>, pero tambi\u00e9n contribuir a mejorar sus condiciones b\u00e1sicas, reiterando la importancia de sumar esfuerzos entre sociedad civil, organizaciones y ciudadanos para apoyar a las comunidades con mayores necesidades.<\/p>\n\n\n\n<figure class=\"wp-block-image size-large\"><img loading=\"lazy\" decoding=\"async\" width=\"471\" height=\"1024\" src=\"https:\/\/esbozodeportivo.com\/wp-content\/uploads\/2026\/03\/4201e5d0-354b-47a0-8422-ebc10073a8b6-471x1024.jpg\" alt=\"\" class=\"wp-image-13564\" srcset=\"https:\/\/esbozodeportivo.com\/wp-content\/uploads\/2026\/03\/4201e5d0-354b-47a0-8422-ebc10073a8b6-471x1024.jpg 471w, https:\/\/esbozodeportivo.com\/wp-content\/uploads\/2026\/03\/4201e5d0-354b-47a0-8422-ebc10073a8b6-138x300.jpg 138w, https:\/\/esbozodeportivo.com\/wp-content\/uploads\/2026\/03\/4201e5d0-354b-47a0-8422-ebc10073a8b6.jpg 589w\" sizes=\"auto, (max-width: 471px) 100vw, 471px\" \/><\/figure>\n\n\n\n<figure class=\"wp-block-image size-large\"><img loading=\"lazy\" decoding=\"async\" width=\"643\" height=\"1024\" src=\"https:\/\/esbozodeportivo.com\/wp-content\/uploads\/2026\/03\/f03c9196-ffd2-4190-956c-7547f2711745-643x1024.jpg\" alt=\"\" class=\"wp-image-13567\" srcset=\"https:\/\/esbozodeportivo.com\/wp-content\/uploads\/2026\/03\/f03c9196-ffd2-4190-956c-7547f2711745-643x1024.jpg 643w, https:\/\/esbozodeportivo.com\/wp-content\/uploads\/2026\/03\/f03c9196-ffd2-4190-956c-7547f2711745-188x300.jpg 188w, https:\/\/esbozodeportivo.com\/wp-content\/uploads\/2026\/03\/f03c9196-ffd2-4190-956c-7547f2711745.jpg 720w\" sizes=\"auto, (max-width: 643px) 100vw, 643px\" \/><\/figure>\n","protected":false},"excerpt":{"rendered":"<p>(Fotos: Cortes\u00eda) En el marco del D\u00eda del Ni\u00f1o, un total de 64 estudiantes de<\/p>\n","protected":false},"author":4,"featured_media":13568,"comment_status":"closed","ping_status":"open","sticky":false,"template":"","format":"standard","meta":{"_jetpack_memberships_contains_paid_content":false,"footnotes":""},"categories":[36],"tags":[],"class_list":["post-13561","post","type-post","status-publish","format-standard","has-post-thumbnail","hentry","category-nacional"],"yoast_head":"<!-- This site is optimized with the Yoast SEO plugin v25.7 - https:\/\/yoast.com\/wordpress\/plugins\/seo\/ -->\n<title>Donar\u00e1n una tonelada de ropa a ni\u00f1os de primaria biling\u00fce en Ometepec por el D\u00eda del Ni\u00f1o - Esbozo Deportivo<\/title>\n<meta name=\"description\" content=\"En el marco del D\u00eda del Ni\u00f1o, un total de 64 estudiantes de primero y segundo grado de una escuela primaria biling\u00fce ubicada en Ometepec ser\u00e1n beneficiados con la entrega de una tonelada de ropa, gracias a una iniciativa solidaria impulsada por diversos donantes.\" \/>\n<meta name=\"robots\" content=\"index, follow, max-snippet:-1, max-image-preview:large, max-video-preview:-1\" \/>\n<link rel=\"canonical\" href=\"https:\/\/esbozodeportivo.com\/index.php\/2026\/03\/11\/donaran-una-tonelada-de-ropa-a-ninos-de-primaria-bilingue-en-ometepec-por-el-dia-del-nino\/\" \/>\n<meta property=\"og:locale\" content=\"es_MX\" \/>\n<meta property=\"og:type\" content=\"article\" \/>\n<meta property=\"og:title\" content=\"Donar\u00e1n una tonelada de ropa a ni\u00f1os de primaria biling\u00fce en Ometepec por el D\u00eda del Ni\u00f1o - Esbozo Deportivo\" \/>\n<meta property=\"og:description\" content=\"En el marco del D\u00eda del Ni\u00f1o, un total de 64 estudiantes de primero y segundo grado de una escuela primaria biling\u00fce ubicada en Ometepec ser\u00e1n beneficiados con la entrega de una tonelada de ropa, gracias a una iniciativa solidaria impulsada por diversos donantes.\" \/>\n<meta property=\"og:url\" content=\"https:\/\/esbozodeportivo.com\/index.php\/2026\/03\/11\/donaran-una-tonelada-de-ropa-a-ninos-de-primaria-bilingue-en-ometepec-por-el-dia-del-nino\/\" \/>\n<meta property=\"og:site_name\" content=\"Esbozo Deportivo\" \/>\n<meta property=\"article:published_time\" content=\"2026-03-12T02:32:38+00:00\" \/>\n<meta property=\"article:modified_time\" content=\"2026-03-12T02:32:39+00:00\" \/>\n<meta property=\"og:image\" content=\"https:\/\/esbozodeportivo.com\/wp-content\/uploads\/2026\/03\/f9c43303-94ee-4a96-b387-dc9efd7207f0.jpg\" \/>\n\t<meta property=\"og:image:width\" content=\"900\" \/>\n\t<meta property=\"og:image:height\" content=\"1600\" \/>\n\t<meta property=\"og:image:type\" content=\"image\/jpeg\" \/>\n<meta name=\"author\" content=\"Redacci\u00f3n\" \/>\n<meta name=\"twitter:card\" content=\"summary_large_image\" \/>\n<meta name=\"twitter:label1\" content=\"Escrito por\" \/>\n\t<meta name=\"twitter:data1\" content=\"Redacci\u00f3n\" \/>\n\t<meta name=\"twitter:label2\" content=\"Tiempo de lectura\" \/>\n\t<meta name=\"twitter:data2\" content=\"3 minutos\" \/>\n<script type=\"application\/ld+json\" class=\"yoast-schema-graph\">{\"@context\":\"https:\/\/schema.org\",\"@graph\":[{\"@type\":\"Article\",\"@id\":\"https:\/\/esbozodeportivo.com\/index.php\/2026\/03\/11\/donaran-una-tonelada-de-ropa-a-ninos-de-primaria-bilingue-en-ometepec-por-el-dia-del-nino\/#article\",\"isPartOf\":{\"@id\":\"https:\/\/esbozodeportivo.com\/index.php\/2026\/03\/11\/donaran-una-tonelada-de-ropa-a-ninos-de-primaria-bilingue-en-ometepec-por-el-dia-del-nino\/\"},\"author\":{\"name\":\"Redacci\u00f3n\",\"@id\":\"https:\/\/esbozodeportivo.com\/#\/schema\/person\/0f6df9196dfe6740dd0bb31bae50d374\"},\"headline\":\"Donar\u00e1n una tonelada de ropa a ni\u00f1os de primaria biling\u00fce en Ometepec por el D\u00eda del Ni\u00f1o\",\"datePublished\":\"2026-03-12T02:32:38+00:00\",\"dateModified\":\"2026-03-12T02:32:39+00:00\",\"mainEntityOfPage\":{\"@id\":\"https:\/\/esbozodeportivo.com\/index.php\/2026\/03\/11\/donaran-una-tonelada-de-ropa-a-ninos-de-primaria-bilingue-en-ometepec-por-el-dia-del-nino\/\"},\"wordCount\":420,\"publisher\":{\"@id\":\"https:\/\/esbozodeportivo.com\/#organization\"},\"image\":{\"@id\":\"https:\/\/esbozodeportivo.com\/index.php\/2026\/03\/11\/donaran-una-tonelada-de-ropa-a-ninos-de-primaria-bilingue-en-ometepec-por-el-dia-del-nino\/#primaryimage\"},\"thumbnailUrl\":\"https:\/\/esbozodeportivo.com\/wp-content\/uploads\/2026\/03\/f9c43303-94ee-4a96-b387-dc9efd7207f0.jpg\",\"articleSection\":[\"Nacional\"],\"inLanguage\":\"es\"},{\"@type\":\"WebPage\",\"@id\":\"https:\/\/esbozodeportivo.com\/index.php\/2026\/03\/11\/donaran-una-tonelada-de-ropa-a-ninos-de-primaria-bilingue-en-ometepec-por-el-dia-del-nino\/\",\"url\":\"https:\/\/esbozodeportivo.com\/index.php\/2026\/03\/11\/donaran-una-tonelada-de-ropa-a-ninos-de-primaria-bilingue-en-ometepec-por-el-dia-del-nino\/\",\"name\":\"Donar\u00e1n una tonelada de ropa a ni\u00f1os de primaria biling\u00fce en Ometepec por el D\u00eda del Ni\u00f1o - Esbozo Deportivo\",\"isPartOf\":{\"@id\":\"https:\/\/esbozodeportivo.com\/#website\"},\"primaryImageOfPage\":{\"@id\":\"https:\/\/esbozodeportivo.com\/index.php\/2026\/03\/11\/donaran-una-tonelada-de-ropa-a-ninos-de-primaria-bilingue-en-ometepec-por-el-dia-del-nino\/#primaryimage\"},\"image\":{\"@id\":\"https:\/\/esbozodeportivo.com\/index.php\/2026\/03\/11\/donaran-una-tonelada-de-ropa-a-ninos-de-primaria-bilingue-en-ometepec-por-el-dia-del-nino\/#primaryimage\"},\"thumbnailUrl\":\"https:\/\/esbozodeportivo.com\/wp-content\/uploads\/2026\/03\/f9c43303-94ee-4a96-b387-dc9efd7207f0.jpg\",\"datePublished\":\"2026-03-12T02:32:38+00:00\",\"dateModified\":\"2026-03-12T02:32:39+00:00\",\"description\":\"En el marco del D\u00eda del Ni\u00f1o, un total de 64 estudiantes de primero y segundo grado de una escuela primaria biling\u00fce ubicada en Ometepec ser\u00e1n beneficiados con la entrega de una tonelada de ropa, gracias a una iniciativa solidaria impulsada por diversos donantes.\",\"breadcrumb\":{\"@id\":\"https:\/\/esbozodeportivo.com\/index.php\/2026\/03\/11\/donaran-una-tonelada-de-ropa-a-ninos-de-primaria-bilingue-en-ometepec-por-el-dia-del-nino\/#breadcrumb\"},\"inLanguage\":\"es\",\"potentialAction\":[{\"@type\":\"ReadAction\",\"target\":[\"https:\/\/esbozodeportivo.com\/index.php\/2026\/03\/11\/donaran-una-tonelada-de-ropa-a-ninos-de-primaria-bilingue-en-ometepec-por-el-dia-del-nino\/\"]}]},{\"@type\":\"ImageObject\",\"inLanguage\":\"es\",\"@id\":\"https:\/\/esbozodeportivo.com\/index.php\/2026\/03\/11\/donaran-una-tonelada-de-ropa-a-ninos-de-primaria-bilingue-en-ometepec-por-el-dia-del-nino\/#primaryimage\",\"url\":\"https:\/\/esbozodeportivo.com\/wp-content\/uploads\/2026\/03\/f9c43303-94ee-4a96-b387-dc9efd7207f0.jpg\",\"contentUrl\":\"https:\/\/esbozodeportivo.com\/wp-content\/uploads\/2026\/03\/f9c43303-94ee-4a96-b387-dc9efd7207f0.jpg\",\"width\":900,\"height\":1600},{\"@type\":\"BreadcrumbList\",\"@id\":\"https:\/\/esbozodeportivo.com\/index.php\/2026\/03\/11\/donaran-una-tonelada-de-ropa-a-ninos-de-primaria-bilingue-en-ometepec-por-el-dia-del-nino\/#breadcrumb\",\"itemListElement\":[{\"@type\":\"ListItem\",\"position\":1,\"name\":\"Inicio\",\"item\":\"https:\/\/esbozodeportivo.com\/\"},{\"@type\":\"ListItem\",\"position\":2,\"name\":\"Donar\u00e1n una tonelada de ropa a ni\u00f1os de primaria biling\u00fce en Ometepec por el D\u00eda del Ni\u00f1o\"}]},{\"@type\":\"WebSite\",\"@id\":\"https:\/\/esbozodeportivo.com\/#website\",\"url\":\"https:\/\/esbozodeportivo.com\/\",\"name\":\"Esbozo Deportivo\",\"description\":\"Lo m\u00e1s importante del Deporte\",\"publisher\":{\"@id\":\"https:\/\/esbozodeportivo.com\/#organization\"},\"potentialAction\":[{\"@type\":\"SearchAction\",\"target\":{\"@type\":\"EntryPoint\",\"urlTemplate\":\"https:\/\/esbozodeportivo.com\/?s={search_term_string}\"},\"query-input\":{\"@type\":\"PropertyValueSpecification\",\"valueRequired\":true,\"valueName\":\"search_term_string\"}}],\"inLanguage\":\"es\"},{\"@type\":\"Organization\",\"@id\":\"https:\/\/esbozodeportivo.com\/#organization\",\"name\":\"Esbozo Deportivo\",\"url\":\"https:\/\/esbozodeportivo.com\/\",\"logo\":{\"@type\":\"ImageObject\",\"inLanguage\":\"es\",\"@id\":\"https:\/\/esbozodeportivo.com\/#\/schema\/logo\/image\/\",\"url\":\"https:\/\/esbozodeportivo.com\/wp-content\/uploads\/2022\/08\/cropped-Logo-Esbozo-Web-2.png\",\"contentUrl\":\"https:\/\/esbozodeportivo.com\/wp-content\/uploads\/2022\/08\/cropped-Logo-Esbozo-Web-2.png\",\"width\":180,\"height\":50,\"caption\":\"Esbozo Deportivo\"},\"image\":{\"@id\":\"https:\/\/esbozodeportivo.com\/#\/schema\/logo\/image\/\"}},{\"@type\":\"Person\",\"@id\":\"https:\/\/esbozodeportivo.com\/#\/schema\/person\/0f6df9196dfe6740dd0bb31bae50d374\",\"name\":\"Redacci\u00f3n\",\"image\":{\"@type\":\"ImageObject\",\"inLanguage\":\"es\",\"@id\":\"https:\/\/esbozodeportivo.com\/#\/schema\/person\/image\/\",\"url\":\"https:\/\/secure.gravatar.com\/avatar\/f55268a89c3b418f2ef172ff52ab0d09b3e653c58de29539fe329fb93d78ebf3?s=96&d=mm&r=g\",\"contentUrl\":\"https:\/\/secure.gravatar.com\/avatar\/f55268a89c3b418f2ef172ff52ab0d09b3e653c58de29539fe329fb93d78ebf3?s=96&d=mm&r=g\",\"caption\":\"Redacci\u00f3n\"},\"url\":\"https:\/\/esbozodeportivo.com\/index.php\/author\/redaccion\/\"}]}<\/script>\n<!-- \/ Yoast SEO plugin. -->","yoast_head_json":{"title":"Donar\u00e1n una tonelada de ropa a ni\u00f1os de primaria biling\u00fce en Ometepec por el D\u00eda del Ni\u00f1o - Esbozo Deportivo","description":"En el marco del D\u00eda del Ni\u00f1o, un total de 64 estudiantes de primero y segundo grado de una escuela primaria biling\u00fce ubicada en Ometepec ser\u00e1n beneficiados con la entrega de una tonelada de ropa, gracias a una iniciativa solidaria impulsada por diversos donantes.","robots":{"index":"index","follow":"follow","max-snippet":"max-snippet:-1","max-image-preview":"max-image-preview:large","max-video-preview":"max-video-preview:-1"},"canonical":"https:\/\/esbozodeportivo.com\/index.php\/2026\/03\/11\/donaran-una-tonelada-de-ropa-a-ninos-de-primaria-bilingue-en-ometepec-por-el-dia-del-nino\/","og_locale":"es_MX","og_type":"article","og_title":"Donar\u00e1n una tonelada de ropa a ni\u00f1os de primaria biling\u00fce en Ometepec por el D\u00eda del Ni\u00f1o - Esbozo Deportivo","og_description":"En el marco del D\u00eda del Ni\u00f1o, un total de 64 estudiantes de primero y segundo grado de una escuela primaria biling\u00fce ubicada en Ometepec ser\u00e1n beneficiados con la entrega de una tonelada de ropa, gracias a una iniciativa solidaria impulsada por diversos donantes.","og_url":"https:\/\/esbozodeportivo.com\/index.php\/2026\/03\/11\/donaran-una-tonelada-de-ropa-a-ninos-de-primaria-bilingue-en-ometepec-por-el-dia-del-nino\/","og_site_name":"Esbozo Deportivo","article_published_time":"2026-03-12T02:32:38+00:00","article_modified_time":"2026-03-12T02:32:39+00:00","og_image":[{"width":900,"height":1600,"url":"https:\/\/esbozodeportivo.com\/wp-content\/uploads\/2026\/03\/f9c43303-94ee-4a96-b387-dc9efd7207f0.jpg","type":"image\/jpeg"}],"author":"Redacci\u00f3n","twitter_card":"summary_large_image","twitter_misc":{"Escrito por":"Redacci\u00f3n","Tiempo de lectura":"3 minutos"},"schema":{"@context":"https:\/\/schema.org","@graph":[{"@type":"Article","@id":"https:\/\/esbozodeportivo.com\/index.php\/2026\/03\/11\/donaran-una-tonelada-de-ropa-a-ninos-de-primaria-bilingue-en-ometepec-por-el-dia-del-nino\/#article","isPartOf":{"@id":"https:\/\/esbozodeportivo.com\/index.php\/2026\/03\/11\/donaran-una-tonelada-de-ropa-a-ninos-de-primaria-bilingue-en-ometepec-por-el-dia-del-nino\/"},"author":{"name":"Redacci\u00f3n","@id":"https:\/\/esbozodeportivo.com\/#\/schema\/person\/0f6df9196dfe6740dd0bb31bae50d374"},"headline":"Donar\u00e1n una tonelada de ropa a ni\u00f1os de primaria biling\u00fce en Ometepec por el D\u00eda del Ni\u00f1o","datePublished":"2026-03-12T02:32:38+00:00","dateModified":"2026-03-12T02:32:39+00:00","mainEntityOfPage":{"@id":"https:\/\/esbozodeportivo.com\/index.php\/2026\/03\/11\/donaran-una-tonelada-de-ropa-a-ninos-de-primaria-bilingue-en-ometepec-por-el-dia-del-nino\/"},"wordCount":420,"publisher":{"@id":"https:\/\/esbozodeportivo.com\/#organization"},"image":{"@id":"https:\/\/esbozodeportivo.com\/index.php\/2026\/03\/11\/donaran-una-tonelada-de-ropa-a-ninos-de-primaria-bilingue-en-ometepec-por-el-dia-del-nino\/#primaryimage"},"thumbnailUrl":"https:\/\/esbozodeportivo.com\/wp-content\/uploads\/2026\/03\/f9c43303-94ee-4a96-b387-dc9efd7207f0.jpg","articleSection":["Nacional"],"inLanguage":"es"},{"@type":"WebPage","@id":"https:\/\/esbozodeportivo.com\/index.php\/2026\/03\/11\/donaran-una-tonelada-de-ropa-a-ninos-de-primaria-bilingue-en-ometepec-por-el-dia-del-nino\/","url":"https:\/\/esbozodeportivo.com\/index.php\/2026\/03\/11\/donaran-una-tonelada-de-ropa-a-ninos-de-primaria-bilingue-en-ometepec-por-el-dia-del-nino\/","name":"Donar\u00e1n una tonelada de ropa a ni\u00f1os de primaria biling\u00fce en Ometepec por el D\u00eda del Ni\u00f1o - Esbozo Deportivo","isPartOf":{"@id":"https:\/\/esbozodeportivo.com\/#website"},"primaryImageOfPage":{"@id":"https:\/\/esbozodeportivo.com\/index.php\/2026\/03\/11\/donaran-una-tonelada-de-ropa-a-ninos-de-primaria-bilingue-en-ometepec-por-el-dia-del-nino\/#primaryimage"},"image":{"@id":"https:\/\/esbozodeportivo.com\/index.php\/2026\/03\/11\/donaran-una-tonelada-de-ropa-a-ninos-de-primaria-bilingue-en-ometepec-por-el-dia-del-nino\/#primaryimage"},"thumbnailUrl":"https:\/\/esbozodeportivo.com\/wp-content\/uploads\/2026\/03\/f9c43303-94ee-4a96-b387-dc9efd7207f0.jpg","datePublished":"2026-03-12T02:32:38+00:00","dateModified":"2026-03-12T02:32:39+00:00","description":"En el marco del D\u00eda del Ni\u00f1o, un total de 64 estudiantes de primero y segundo grado de una escuela primaria biling\u00fce ubicada en Ometepec ser\u00e1n beneficiados con la entrega de una tonelada de ropa, gracias a una iniciativa solidaria impulsada por diversos donantes.","breadcrumb":{"@id":"https:\/\/esbozodeportivo.com\/index.php\/2026\/03\/11\/donaran-una-tonelada-de-ropa-a-ninos-de-primaria-bilingue-en-ometepec-por-el-dia-del-nino\/#breadcrumb"},"inLanguage":"es","potentialAction":[{"@type":"ReadAction","target":["https:\/\/esbozodeportivo.com\/index.php\/2026\/03\/11\/donaran-una-tonelada-de-ropa-a-ninos-de-primaria-bilingue-en-ometepec-por-el-dia-del-nino\/"]}]},{"@type":"ImageObject","inLanguage":"es","@id":"https:\/\/esbozodeportivo.com\/index.php\/2026\/03\/11\/donaran-una-tonelada-de-ropa-a-ninos-de-primaria-bilingue-en-ometepec-por-el-dia-del-nino\/#primaryimage","url":"https:\/\/esbozodeportivo.com\/wp-content\/uploads\/2026\/03\/f9c43303-94ee-4a96-b387-dc9efd7207f0.jpg","contentUrl":"https:\/\/esbozodeportivo.com\/wp-content\/uploads\/2026\/03\/f9c43303-94ee-4a96-b387-dc9efd7207f0.jpg","width":900,"height":1600},{"@type":"BreadcrumbList","@id":"https:\/\/esbozodeportivo.com\/index.php\/2026\/03\/11\/donaran-una-tonelada-de-ropa-a-ninos-de-primaria-bilingue-en-ometepec-por-el-dia-del-nino\/#breadcrumb","itemListElement":[{"@type":"ListItem","position":1,"name":"Inicio","item":"https:\/\/esbozodeportivo.com\/"},{"@type":"ListItem","position":2,"name":"Donar\u00e1n una tonelada de ropa a ni\u00f1os de primaria biling\u00fce en Ometepec por el D\u00eda del Ni\u00f1o"}]},{"@type":"WebSite","@id":"https:\/\/esbozodeportivo.com\/#website","url":"https:\/\/esbozodeportivo.com\/","name":"Esbozo Deportivo","description":"Lo m\u00e1s importante del Deporte","publisher":{"@id":"https:\/\/esbozodeportivo.com\/#organization"},"potentialAction":[{"@type":"SearchAction","target":{"@type":"EntryPoint","urlTemplate":"https:\/\/esbozodeportivo.com\/?s={search_term_string}"},"query-input":{"@type":"PropertyValueSpecification","valueRequired":true,"valueName":"search_term_string"}}],"inLanguage":"es"},{"@type":"Organization","@id":"https:\/\/esbozodeportivo.com\/#organization","name":"Esbozo Deportivo","url":"https:\/\/esbozodeportivo.com\/","logo":{"@type":"ImageObject","inLanguage":"es","@id":"https:\/\/esbozodeportivo.com\/#\/schema\/logo\/image\/","url":"https:\/\/esbozodeportivo.com\/wp-content\/uploads\/2022\/08\/cropped-Logo-Esbozo-Web-2.png","contentUrl":"https:\/\/esbozodeportivo.com\/wp-content\/uploads\/2022\/08\/cropped-Logo-Esbozo-Web-2.png","width":180,"height":50,"caption":"Esbozo Deportivo"},"image":{"@id":"https:\/\/esbozodeportivo.com\/#\/schema\/logo\/image\/"}},{"@type":"Person","@id":"https:\/\/esbozodeportivo.com\/#\/schema\/person\/0f6df9196dfe6740dd0bb31bae50d374","name":"Redacci\u00f3n","image":{"@type":"ImageObject","inLanguage":"es","@id":"https:\/\/esbozodeportivo.com\/#\/schema\/person\/image\/","url":"https:\/\/secure.gravatar.com\/avatar\/f55268a89c3b418f2ef172ff52ab0d09b3e653c58de29539fe329fb93d78ebf3?s=96&d=mm&r=g","contentUrl":"https:\/\/secure.gravatar.com\/avatar\/f55268a89c3b418f2ef172ff52ab0d09b3e653c58de29539fe329fb93d78ebf3?s=96&d=mm&r=g","caption":"Redacci\u00f3n"},"url":"https:\/\/esbozodeportivo.com\/index.php\/author\/redaccion\/"}]}},"jetpack_featured_media_url":"https:\/\/esbozodeportivo.com\/wp-content\/uploads\/2026\/03\/f9c43303-94ee-4a96-b387-dc9efd7207f0.jpg","jetpack_sharing_enabled":true,"_links":{"self":[{"href":"https:\/\/esbozodeportivo.com\/index.php\/wp-json\/wp\/v2\/posts\/13561","targetHints":{"allow":["GET"]}}],"collection":[{"href":"https:\/\/esbozodeportivo.com\/index.php\/wp-json\/wp\/v2\/posts"}],"about":[{"href":"https:\/\/esbozodeportivo.com\/index.php\/wp-json\/wp\/v2\/types\/post"}],"author":[{"embeddable":true,"href":"https:\/\/esbozodeportivo.com\/index.php\/wp-json\/wp\/v2\/users\/4"}],"replies":[{"embeddable":true,"href":"https:\/\/esbozodeportivo.com\/index.php\/wp-json\/wp\/v2\/comments?post=13561"}],"version-history":[{"count":1,"href":"https:\/\/esbozodeportivo.com\/index.php\/wp-json\/wp\/v2\/posts\/13561\/revisions"}],"predecessor-version":[{"id":13569,"href":"https:\/\/esbozodeportivo.com\/index.php\/wp-json\/wp\/v2\/posts\/13561\/revisions\/13569"}],"wp:featuredmedia":[{"embeddable":true,"href":"https:\/\/esbozodeportivo.com\/index.php\/wp-json\/wp\/v2\/media\/13568"}],"wp:attachment":[{"href":"https:\/\/esbozodeportivo.com\/index.php\/wp-json\/wp\/v2\/media?parent=13561"}],"wp:term":[{"taxonomy":"category","embeddable":true,"href":"https:\/\/esbozodeportivo.com\/index.php\/wp-json\/wp\/v2\/categories?post=13561"},{"taxonomy":"post_tag","embeddable":true,"href":"https:\/\/esbozodeportivo.com\/index.php\/wp-json\/wp\/v2\/tags?post=13561"}],"curies":[{"name":"wp","href":"https:\/\/api.w.org\/{rel}","templated":true}]}}